{"id":557,"date":"2022-11-19T20:57:18","date_gmt":"2022-11-19T20:57:18","guid":{"rendered":"https:\/\/lequotidien.mr\/?p=557"},"modified":"2022-11-19T20:57:18","modified_gmt":"2022-11-19T20:57:18","slug":"18eme-edition-de-la-convention-europe-afrique-du-nord-a-nouakchott-echanges-et-investissements-au-menu","status":"publish","type":"post","link":"https:\/\/lequotidien.mr\/?p=557&lang=fr","title":{"rendered":"18\u00e8me \u00e9dition de la Convention Europe Afrique du Nord \u00e0 Nouakchott : Echanges et investissements au menu"},"content":{"rendered":"<p>La D\u00e9p\u00eache &#8211; L\u2019h\u00f4tel \u00abMauricenter\u00bb de Nouakchott abrite, dimanche 20 Novembre 2022, l\u2019ouverture de la 18\u00e8me \u00e9dition de la Convention Europe Afrique du Nord visant \u00e0 promouvoir des projets \u00e9conomiques entre l\u2019Union Europ\u00e9enne et les pays d\u2019Afrique du Nord.<\/p>\n<p>Cette 18\u00e8me \u00e9dition verra la participation d\u2019institutions \u00e9tatiques, de dizaines de promoteurs \u00e9conomiques mauritaniens et \u00e9trangers afin de profiter de cette plateforme d\u2019\u00e9changes \u00e9conomiques et de ressources humaines. La convention s\u2019est illustr\u00e9e depuis 2002 comme la base de r\u00e9seaux d\u2019affaires pour l\u2019innovation dans le ciblage et le montage de projets.<\/p>\n<p>Pour cette pr\u00e9sente \u00e9dition, le menu des d\u00e9bats est bien garni avec des conf\u00e9rences sur les \u00e9nergies, l\u2019investissement en Mauritanie et dans les autres pays du Maghreb.<\/p>\n<p>Des tables-rondes rassembleront \u00e9galement des investisseurs fran\u00e7ais, allemands tout comme elles porteront sur l\u2019agriculture, le tourisme durable, l\u2019\u00e9conomie solidaire, num\u00e9rique, les start-up, les m\u00e9tiers de la Culture\u2026Tout cela sera ponctu\u00e9, le 21 novembre, par un r\u00e9seautage qui a pour ambition de perp\u00e9tuer les relations dans ces diff\u00e9rents secteurs avec le suivi de la CEAN et une remise de troph\u00e9es pour les entreprises distingu\u00e9es.<\/p>\n","protected":false},"excerpt":{"rendered":"<p>La D\u00e9p\u00eache &#8211; L\u2019h\u00f4tel \u00abMauricenter\u00bb de Nouakchott abrite, dimanche 20 Novembre 2022, l\u2019ouverture de la 18\u00e8me \u00e9dition de la Convention Europe Afrique du Nord visant \u00e0 promouvoir des projets \u00e9conomiques entre l\u2019Union Europ\u00e9enne et les pays d\u2019Afrique du Nord. Cette 18\u00e8me \u00e9dition verra la participation d\u2019institutions \u00e9tatiques, de dizaines de promoteurs \u00e9conomiques mauritaniens et \u00e9trangers&#8230;..<\/p>\n","protected":false},"author":5,"featured_media":558,"comment_status":"open","ping_status":"open","sticky":false,"template":"","format":"standard","meta":{"footnotes":""},"categories":[23,49],"tags":[],"class_list":["post-557","post","type-post","status-publish","format-standard","has-post-thumbnail","hentry","category-actualite","category-economie"],"yoast_head":"<!-- This site is optimized with the Yoast SEO plugin v27.5 - https:\/\/yoast.com\/product\/yoast-seo-wordpress\/ -->\n<title>18\u00e8me \u00e9dition de la Convention Europe Afrique du Nord \u00e0 Nouakchott : Echanges et investissements au menu - Le Quotidien de Nouakchott<\/title>\n<meta name=\"robots\" content=\"index, follow, max-snippet:-1, max-image-preview:large, max-video-preview:-1\" \/>\n<link rel=\"canonical\" href=\"https:\/\/lequotidien.mr\/?p=557&lang=fr\" \/>\n<meta property=\"og:locale\" content=\"ar_AR\" \/>\n<meta property=\"og:type\" content=\"article\" \/>\n<meta property=\"og:title\" content=\"18\u00e8me \u00e9dition de la Convention Europe Afrique du Nord \u00e0 Nouakchott : Echanges et investissements au menu - Le Quotidien de Nouakchott\" \/>\n<meta property=\"og:description\" content=\"La D\u00e9p\u00eache &#8211; L\u2019h\u00f4tel \u00abMauricenter\u00bb de Nouakchott abrite, dimanche 20 Novembre 2022, l\u2019ouverture de la 18\u00e8me \u00e9dition de la Convention Europe Afrique du Nord visant \u00e0 promouvoir des projets \u00e9conomiques entre l\u2019Union Europ\u00e9enne et les pays d\u2019Afrique du Nord. Cette 18\u00e8me \u00e9dition verra la participation d\u2019institutions \u00e9tatiques, de dizaines de promoteurs \u00e9conomiques mauritaniens et \u00e9trangers.....\" \/>\n<meta property=\"og:url\" content=\"https:\/\/lequotidien.mr\/?p=557&amp;lang=fr\" \/>\n<meta property=\"og:site_name\" content=\"Le Quotidien de Nouakchott\" \/>\n<meta property=\"article:publisher\" content=\"https:\/\/web.facebook.com\/lequotidienmr\" \/>\n<meta property=\"article:published_time\" content=\"2022-11-19T20:57:18+00:00\" \/>\n<meta property=\"og:image\" content=\"https:\/\/lequotidien.mr\/wp-content\/uploads\/2022\/11\/nouakchott_immeuble0.jpg\" \/>\n\t<meta property=\"og:image:width\" content=\"1280\" \/>\n\t<meta property=\"og:image:height\" content=\"720\" \/>\n\t<meta property=\"og:image:type\" content=\"image\/jpeg\" \/>\n<meta name=\"author\" content=\"Gayi Diawara\" \/>\n<meta name=\"twitter:card\" content=\"summary_large_image\" \/>\n<meta name=\"twitter:creator\" content=\"@lequotidienmr\" \/>\n<meta name=\"twitter:site\" content=\"@lequotidienmr\" \/>\n<meta name=\"twitter:label1\" content=\"\u0643\u064f\u062a\u0628 \u0628\u0648\u0627\u0633\u0637\u0629\" \/>\n\t<meta name=\"twitter:data1\" content=\"Gayi Diawara\" \/>\n\t<meta name=\"twitter:label2\" content=\"\u0648\u0642\u062a \u0627\u0644\u0642\u0631\u0627\u0621\u0629 \u0627\u0644\u0645\u064f\u0642\u062f\u0651\u0631\" \/>\n\t<meta name=\"twitter:data2\" content=\"\u062f\u0642\u064a\u0642\u0629 \u0648\u0627\u062d\u062f\u0629\" \/>\n<script type=\"application\/ld+json\" class=\"yoast-schema-graph\">{\"@context\":\"https:\\\/\\\/schema.org\",\"@graph\":[{\"@type\":\"Article\",\"@id\":\"https:\\\/\\\/lequotidien.mr\\\/?p=557&lang=fr#article\",\"isPartOf\":{\"@id\":\"https:\\\/\\\/lequotidien.mr\\\/?p=557&lang=fr\"},\"author\":{\"name\":\"Gayi Diawara\",\"@id\":\"https:\\\/\\\/lequotidien.mr\\\/#\\\/schema\\\/person\\\/1077c8abd5640a6514b909318d271dee\"},\"headline\":\"18\u00e8me \u00e9dition de la Convention Europe Afrique du Nord \u00e0 Nouakchott : Echanges et investissements au menu\",\"datePublished\":\"2022-11-19T20:57:18+00:00\",\"mainEntityOfPage\":{\"@id\":\"https:\\\/\\\/lequotidien.mr\\\/?p=557&lang=fr\"},\"wordCount\":219,\"commentCount\":0,\"publisher\":{\"@id\":\"https:\\\/\\\/lequotidien.mr\\\/#organization\"},\"image\":{\"@id\":\"https:\\\/\\\/lequotidien.mr\\\/?p=557&lang=fr#primaryimage\"},\"thumbnailUrl\":\"https:\\\/\\\/lequotidien.mr\\\/wp-content\\\/uploads\\\/2022\\\/11\\\/nouakchott_immeuble0.jpg\",\"articleSection\":[\"ACTUALIT\u00c9\",\"Economie\"],\"inLanguage\":\"ar\",\"potentialAction\":[{\"@type\":\"CommentAction\",\"name\":\"Comment\",\"target\":[\"https:\\\/\\\/lequotidien.mr\\\/?p=557&lang=fr#respond\"]}]},{\"@type\":\"WebPage\",\"@id\":\"https:\\\/\\\/lequotidien.mr\\\/?p=557&lang=fr\",\"url\":\"https:\\\/\\\/lequotidien.mr\\\/?p=557&lang=fr\",\"name\":\"18\u00e8me \u00e9dition de la Convention Europe Afrique du Nord \u00e0 Nouakchott : Echanges et investissements au menu - Le Quotidien de Nouakchott\",\"isPartOf\":{\"@id\":\"https:\\\/\\\/lequotidien.mr\\\/#website\"},\"primaryImageOfPage\":{\"@id\":\"https:\\\/\\\/lequotidien.mr\\\/?p=557&lang=fr#primaryimage\"},\"image\":{\"@id\":\"https:\\\/\\\/lequotidien.mr\\\/?p=557&lang=fr#primaryimage\"},\"thumbnailUrl\":\"https:\\\/\\\/lequotidien.mr\\\/wp-content\\\/uploads\\\/2022\\\/11\\\/nouakchott_immeuble0.jpg\",\"datePublished\":\"2022-11-19T20:57:18+00:00\",\"breadcrumb\":{\"@id\":\"https:\\\/\\\/lequotidien.mr\\\/?p=557&lang=fr#breadcrumb\"},\"inLanguage\":\"ar\",\"potentialAction\":[{\"@type\":\"ReadAction\",\"target\":[\"https:\\\/\\\/lequotidien.mr\\\/?p=557&lang=fr\"]}]},{\"@type\":\"ImageObject\",\"inLanguage\":\"ar\",\"@id\":\"https:\\\/\\\/lequotidien.mr\\\/?p=557&lang=fr#primaryimage\",\"url\":\"https:\\\/\\\/lequotidien.mr\\\/wp-content\\\/uploads\\\/2022\\\/11\\\/nouakchott_immeuble0.jpg\",\"contentUrl\":\"https:\\\/\\\/lequotidien.mr\\\/wp-content\\\/uploads\\\/2022\\\/11\\\/nouakchott_immeuble0.jpg\",\"width\":1280,\"height\":720},{\"@type\":\"BreadcrumbList\",\"@id\":\"https:\\\/\\\/lequotidien.mr\\\/?p=557&lang=fr#breadcrumb\",\"itemListElement\":[{\"@type\":\"ListItem\",\"position\":1,\"name\":\"Home\",\"item\":\"https:\\\/\\\/lequotidien.mr\\\/\"},{\"@type\":\"ListItem\",\"position\":2,\"name\":\"18\u00e8me \u00e9dition de la Convention Europe Afrique du Nord \u00e0 Nouakchott : Echanges et investissements au menu\"}]},{\"@type\":\"WebSite\",\"@id\":\"https:\\\/\\\/lequotidien.mr\\\/#website\",\"url\":\"https:\\\/\\\/lequotidien.mr\\\/\",\"name\":\"Le Quotidien de Nouakchott\",\"description\":\"\u0625\u062e\u0628\u0627\u0631\u064a\u0629 \u0645\u0633\u062a\u0642\u0644\u0629 \u0644\u0644\u0623\u0646\u0628\u0627\u0621 \u0627\u0644\u0639\u0627\u0645\u0629\",\"publisher\":{\"@id\":\"https:\\\/\\\/lequotidien.mr\\\/#organization\"},\"potentialAction\":[{\"@type\":\"SearchAction\",\"target\":{\"@type\":\"EntryPoint\",\"urlTemplate\":\"https:\\\/\\\/lequotidien.mr\\\/?s={search_term_string}\"},\"query-input\":{\"@type\":\"PropertyValueSpecification\",\"valueRequired\":true,\"valueName\":\"search_term_string\"}}],\"inLanguage\":\"ar\"},{\"@type\":\"Organization\",\"@id\":\"https:\\\/\\\/lequotidien.mr\\\/#organization\",\"name\":\"Le Quotidien de Nouakchott\",\"url\":\"https:\\\/\\\/lequotidien.mr\\\/\",\"logo\":{\"@type\":\"ImageObject\",\"inLanguage\":\"ar\",\"@id\":\"https:\\\/\\\/lequotidien.mr\\\/#\\\/schema\\\/logo\\\/image\\\/\",\"url\":\"https:\\\/\\\/lequotidien.mr\\\/wp-content\\\/uploads\\\/2022\\\/11\\\/logolequotidien.jpg\",\"contentUrl\":\"https:\\\/\\\/lequotidien.mr\\\/wp-content\\\/uploads\\\/2022\\\/11\\\/logolequotidien.jpg\",\"width\":290,\"height\":65,\"caption\":\"Le Quotidien de Nouakchott\"},\"image\":{\"@id\":\"https:\\\/\\\/lequotidien.mr\\\/#\\\/schema\\\/logo\\\/image\\\/\"},\"sameAs\":[\"https:\\\/\\\/web.facebook.com\\\/lequotidienmr\",\"https:\\\/\\\/x.com\\\/lequotidienmr\"]},{\"@type\":\"Person\",\"@id\":\"https:\\\/\\\/lequotidien.mr\\\/#\\\/schema\\\/person\\\/1077c8abd5640a6514b909318d271dee\",\"name\":\"Gayi Diawara\",\"image\":{\"@type\":\"ImageObject\",\"inLanguage\":\"ar\",\"@id\":\"https:\\\/\\\/secure.gravatar.com\\\/avatar\\\/63ea8db1e19a6d2d608b24c0f78b5f3a7d6e0bc11959fec273410af333e4d0ac?s=96&d=mm&r=g\",\"url\":\"https:\\\/\\\/secure.gravatar.com\\\/avatar\\\/63ea8db1e19a6d2d608b24c0f78b5f3a7d6e0bc11959fec273410af333e4d0ac?s=96&d=mm&r=g\",\"contentUrl\":\"https:\\\/\\\/secure.gravatar.com\\\/avatar\\\/63ea8db1e19a6d2d608b24c0f78b5f3a7d6e0bc11959fec273410af333e4d0ac?s=96&d=mm&r=g\",\"caption\":\"Gayi Diawara\"},\"sameAs\":[\"http:\\\/\\\/lequotidien.mr\"],\"url\":\"https:\\\/\\\/lequotidien.mr\\\/?author=5\"}]}<\/script>\n<!-- \/ Yoast SEO plugin. -->","yoast_head_json":{"title":"18\u00e8me \u00e9dition de la Convention Europe Afrique du Nord \u00e0 Nouakchott : Echanges et investissements au menu - Le Quotidien de Nouakchott","robots":{"index":"index","follow":"follow","max-snippet":"max-snippet:-1","max-image-preview":"max-image-preview:large","max-video-preview":"max-video-preview:-1"},"canonical":"https:\/\/lequotidien.mr\/?p=557&lang=fr","og_locale":"ar_AR","og_type":"article","og_title":"18\u00e8me \u00e9dition de la Convention Europe Afrique du Nord \u00e0 Nouakchott : Echanges et investissements au menu - Le Quotidien de Nouakchott","og_description":"La D\u00e9p\u00eache &#8211; L\u2019h\u00f4tel \u00abMauricenter\u00bb de Nouakchott abrite, dimanche 20 Novembre 2022, l\u2019ouverture de la 18\u00e8me \u00e9dition de la Convention Europe Afrique du Nord visant \u00e0 promouvoir des projets \u00e9conomiques entre l\u2019Union Europ\u00e9enne et les pays d\u2019Afrique du Nord. Cette 18\u00e8me \u00e9dition verra la participation d\u2019institutions \u00e9tatiques, de dizaines de promoteurs \u00e9conomiques mauritaniens et \u00e9trangers.....","og_url":"https:\/\/lequotidien.mr\/?p=557&lang=fr","og_site_name":"Le Quotidien de Nouakchott","article_publisher":"https:\/\/web.facebook.com\/lequotidienmr","article_published_time":"2022-11-19T20:57:18+00:00","og_image":[{"width":1280,"height":720,"url":"https:\/\/lequotidien.mr\/wp-content\/uploads\/2022\/11\/nouakchott_immeuble0.jpg","type":"image\/jpeg"}],"author":"Gayi Diawara","twitter_card":"summary_large_image","twitter_creator":"@lequotidienmr","twitter_site":"@lequotidienmr","twitter_misc":{"\u0643\u064f\u062a\u0628 \u0628\u0648\u0627\u0633\u0637\u0629":"Gayi Diawara","\u0648\u0642\u062a \u0627\u0644\u0642\u0631\u0627\u0621\u0629 \u0627\u0644\u0645\u064f\u0642\u062f\u0651\u0631":"\u062f\u0642\u064a\u0642\u0629 \u0648\u0627\u062d\u062f\u0629"},"schema":{"@context":"https:\/\/schema.org","@graph":[{"@type":"Article","@id":"https:\/\/lequotidien.mr\/?p=557&lang=fr#article","isPartOf":{"@id":"https:\/\/lequotidien.mr\/?p=557&lang=fr"},"author":{"name":"Gayi Diawara","@id":"https:\/\/lequotidien.mr\/#\/schema\/person\/1077c8abd5640a6514b909318d271dee"},"headline":"18\u00e8me \u00e9dition de la Convention Europe Afrique du Nord \u00e0 Nouakchott : Echanges et investissements au menu","datePublished":"2022-11-19T20:57:18+00:00","mainEntityOfPage":{"@id":"https:\/\/lequotidien.mr\/?p=557&lang=fr"},"wordCount":219,"commentCount":0,"publisher":{"@id":"https:\/\/lequotidien.mr\/#organization"},"image":{"@id":"https:\/\/lequotidien.mr\/?p=557&lang=fr#primaryimage"},"thumbnailUrl":"https:\/\/lequotidien.mr\/wp-content\/uploads\/2022\/11\/nouakchott_immeuble0.jpg","articleSection":["ACTUALIT\u00c9","Economie"],"inLanguage":"ar","potentialAction":[{"@type":"CommentAction","name":"Comment","target":["https:\/\/lequotidien.mr\/?p=557&lang=fr#respond"]}]},{"@type":"WebPage","@id":"https:\/\/lequotidien.mr\/?p=557&lang=fr","url":"https:\/\/lequotidien.mr\/?p=557&lang=fr","name":"18\u00e8me \u00e9dition de la Convention Europe Afrique du Nord \u00e0 Nouakchott : Echanges et investissements au menu - Le Quotidien de Nouakchott","isPartOf":{"@id":"https:\/\/lequotidien.mr\/#website"},"primaryImageOfPage":{"@id":"https:\/\/lequotidien.mr\/?p=557&lang=fr#primaryimage"},"image":{"@id":"https:\/\/lequotidien.mr\/?p=557&lang=fr#primaryimage"},"thumbnailUrl":"https:\/\/lequotidien.mr\/wp-content\/uploads\/2022\/11\/nouakchott_immeuble0.jpg","datePublished":"2022-11-19T20:57:18+00:00","breadcrumb":{"@id":"https:\/\/lequotidien.mr\/?p=557&lang=fr#breadcrumb"},"inLanguage":"ar","potentialAction":[{"@type":"ReadAction","target":["https:\/\/lequotidien.mr\/?p=557&lang=fr"]}]},{"@type":"ImageObject","inLanguage":"ar","@id":"https:\/\/lequotidien.mr\/?p=557&lang=fr#primaryimage","url":"https:\/\/lequotidien.mr\/wp-content\/uploads\/2022\/11\/nouakchott_immeuble0.jpg","contentUrl":"https:\/\/lequotidien.mr\/wp-content\/uploads\/2022\/11\/nouakchott_immeuble0.jpg","width":1280,"height":720},{"@type":"BreadcrumbList","@id":"https:\/\/lequotidien.mr\/?p=557&lang=fr#breadcrumb","itemListElement":[{"@type":"ListItem","position":1,"name":"Home","item":"https:\/\/lequotidien.mr\/"},{"@type":"ListItem","position":2,"name":"18\u00e8me \u00e9dition de la Convention Europe Afrique du Nord \u00e0 Nouakchott : Echanges et investissements au menu"}]},{"@type":"WebSite","@id":"https:\/\/lequotidien.mr\/#website","url":"https:\/\/lequotidien.mr\/","name":"Le Quotidien de Nouakchott","description":"\u0625\u062e\u0628\u0627\u0631\u064a\u0629 \u0645\u0633\u062a\u0642\u0644\u0629 \u0644\u0644\u0623\u0646\u0628\u0627\u0621 \u0627\u0644\u0639\u0627\u0645\u0629","publisher":{"@id":"https:\/\/lequotidien.mr\/#organization"},"potentialAction":[{"@type":"SearchAction","target":{"@type":"EntryPoint","urlTemplate":"https:\/\/lequotidien.mr\/?s={search_term_string}"},"query-input":{"@type":"PropertyValueSpecification","valueRequired":true,"valueName":"search_term_string"}}],"inLanguage":"ar"},{"@type":"Organization","@id":"https:\/\/lequotidien.mr\/#organization","name":"Le Quotidien de Nouakchott","url":"https:\/\/lequotidien.mr\/","logo":{"@type":"ImageObject","inLanguage":"ar","@id":"https:\/\/lequotidien.mr\/#\/schema\/logo\/image\/","url":"https:\/\/lequotidien.mr\/wp-content\/uploads\/2022\/11\/logolequotidien.jpg","contentUrl":"https:\/\/lequotidien.mr\/wp-content\/uploads\/2022\/11\/logolequotidien.jpg","width":290,"height":65,"caption":"Le Quotidien de Nouakchott"},"image":{"@id":"https:\/\/lequotidien.mr\/#\/schema\/logo\/image\/"},"sameAs":["https:\/\/web.facebook.com\/lequotidienmr","https:\/\/x.com\/lequotidienmr"]},{"@type":"Person","@id":"https:\/\/lequotidien.mr\/#\/schema\/person\/1077c8abd5640a6514b909318d271dee","name":"Gayi Diawara","image":{"@type":"ImageObject","inLanguage":"ar","@id":"https:\/\/secure.gravatar.com\/avatar\/63ea8db1e19a6d2d608b24c0f78b5f3a7d6e0bc11959fec273410af333e4d0ac?s=96&d=mm&r=g","url":"https:\/\/secure.gravatar.com\/avatar\/63ea8db1e19a6d2d608b24c0f78b5f3a7d6e0bc11959fec273410af333e4d0ac?s=96&d=mm&r=g","contentUrl":"https:\/\/secure.gravatar.com\/avatar\/63ea8db1e19a6d2d608b24c0f78b5f3a7d6e0bc11959fec273410af333e4d0ac?s=96&d=mm&r=g","caption":"Gayi Diawara"},"sameAs":["http:\/\/lequotidien.mr"],"url":"https:\/\/lequotidien.mr\/?author=5"}]}},"_links":{"self":[{"href":"https:\/\/lequotidien.mr\/index.php?rest_route=\/wp\/v2\/posts\/557","targetHints":{"allow":["GET"]}}],"collection":[{"href":"https:\/\/lequotidien.mr\/index.php?rest_route=\/wp\/v2\/posts"}],"about":[{"href":"https:\/\/lequotidien.mr\/index.php?rest_route=\/wp\/v2\/types\/post"}],"author":[{"embeddable":true,"href":"https:\/\/lequotidien.mr\/index.php?rest_route=\/wp\/v2\/users\/5"}],"replies":[{"embeddable":true,"href":"https:\/\/lequotidien.mr\/index.php?rest_route=%2Fwp%2Fv2%2Fcomments&post=557"}],"version-history":[{"count":1,"href":"https:\/\/lequotidien.mr\/index.php?rest_route=\/wp\/v2\/posts\/557\/revisions"}],"predecessor-version":[{"id":559,"href":"https:\/\/lequotidien.mr\/index.php?rest_route=\/wp\/v2\/posts\/557\/revisions\/559"}],"wp:featuredmedia":[{"embeddable":true,"href":"https:\/\/lequotidien.mr\/index.php?rest_route=\/wp\/v2\/media\/558"}],"wp:attachment":[{"href":"https:\/\/lequotidien.mr\/index.php?rest_route=%2Fwp%2Fv2%2Fmedia&parent=557"}],"wp:term":[{"taxonomy":"category","embeddable":true,"href":"https:\/\/lequotidien.mr\/index.php?rest_route=%2Fwp%2Fv2%2Fcategories&post=557"},{"taxonomy":"post_tag","embeddable":true,"href":"https:\/\/lequotidien.mr\/index.php?rest_route=%2Fwp%2Fv2%2Ftags&post=557"}],"curies":[{"name":"wp","href":"https:\/\/api.w.org\/{rel}","templated":true}]}}