{"id":5453,"date":"2023-02-27T11:28:47","date_gmt":"2023-02-27T11:28:47","guid":{"rendered":"https:\/\/lequotidien.mr\/?p=5453"},"modified":"2023-02-27T11:28:47","modified_gmt":"2023-02-27T11:28:47","slug":"abattoir-frigorifique-de-kaedi-un-patrimoine-local-abandonne","status":"publish","type":"post","link":"https:\/\/lequotidien.mr\/?p=5453&lang=fr","title":{"rendered":"Abattoir frigorifique de Ka\u00e9di : Un patrimoine local abandonn\u00e9 !"},"content":{"rendered":"<p>Fleuron \u00e9conomique de la wilaya du Gorgol et cha\u00eenon vital de la ville de Ka\u00e9di, l\u2019abattoir frigorifique n\u2019existe plus que de nom. Construit au d\u00e9but de l\u2019ann\u00e9e 66 et mis en service en mars 1969, il a \u00e9t\u00e9 ferm\u00e9 au d\u00e9but des ann\u00e9es 90. Cet abattoir se trouve aujourd\u2019hui dans l\u2019isolement et l\u2019oubli total. Le commun des Ka\u00e9diens se remet ainsi \u00e0 l\u2019\u00e9vidence, suite \u00e0 l\u2019abandon de son \u2018\u2019sein nourricier\u2019\u2019, laiss\u00e9 \u00e0 la merci des intemp\u00e9ries.<\/p>\n<p>Nagu\u00e8re, il faisait la fiert\u00e9 des Ka\u00e9diens. Il \u00e9tait un fleuron de cette cit\u00e9 multiculturelle et un maillon \u00e9conomique du pays des ann\u00e9es 70, aujourd\u2019hui rang\u00e9 aux oubliettes. Il ravitaillait jadis, la capitale du pays en viande et m\u00eame au-del\u00e0 des fronti\u00e8res du pays.<\/p>\n<p>Nich\u00e9 dans une extr\u00e9mit\u00e9 de la ville, \u00e0 la lisi\u00e8re du fleuve S\u00e9n\u00e9gal, ce gigantesque b\u00e2timent abandonn\u00e9 au milieu d\u2019une broussaille et un d\u2019amas de d\u00e9tritus, avec ses murs l\u00e9zard\u00e9s et son calme olympien, donne l\u2019impression d\u2019\u00eatre en <em>\u2018\u2019retraite forc\u00e9e\u2019\u2019<\/em>. M\u00eame les animaux qui en faisaient leur refuge, semblent maintenant, le d\u00e9serter.<\/p>\n<p style=\"text-align: center\"><img loading=\"lazy\" decoding=\"async\" class=\"alignnone size-medium wp-image-5463\" src=\"https:\/\/lequotidien.mr\/wp-content\/uploads\/2023\/02\/P1-169x300.jpg\" alt=\"\" width=\"169\" height=\"300\" srcset=\"https:\/\/lequotidien.mr\/wp-content\/uploads\/2023\/02\/P1-169x300.jpg 169w, https:\/\/lequotidien.mr\/wp-content\/uploads\/2023\/02\/P1.jpg 450w\" sizes=\"auto, (max-width: 169px) 100vw, 169px\" \/> <img loading=\"lazy\" decoding=\"async\" class=\"alignnone size-medium wp-image-5464\" src=\"https:\/\/lequotidien.mr\/wp-content\/uploads\/2023\/02\/P2-169x300.jpg\" alt=\"\" width=\"169\" height=\"300\" srcset=\"https:\/\/lequotidien.mr\/wp-content\/uploads\/2023\/02\/P2-169x300.jpg 169w, https:\/\/lequotidien.mr\/wp-content\/uploads\/2023\/02\/P2.jpg 450w\" sizes=\"auto, (max-width: 169px) 100vw, 169px\" \/><\/p>\n<p>Avec la m\u00e9tamorphose et la mutation de la ville, \u00e0 quand une pens\u00e9e \u00e0 cet \u00e9tablissement pour lui permettre de jouer son r\u00f4le dans le domaine de la s\u00e9curit\u00e9 alimentaire, de l\u2019hygi\u00e8ne, du d\u00e9veloppement \u00e9conomique, du bien-\u00eatre environnemental et social et pour r\u00e9pondre aux aspirations des populations de cette capitale r\u00e9gionale qui ne demandent pas plus que sa \u2018\u2019r\u00e9habilitation\u2019\u2019.<br \/>\nLa balle \u2018\u2019dort\u2019\u2019 depuis des lustres dans le camp des politiques\u00a0qui ne semblent pas se soucier du lamentable sort qui lui est r\u00e9serv\u00e9!<\/p>\n","protected":false},"excerpt":{"rendered":"<p>Fleuron \u00e9conomique de la wilaya du Gorgol et cha\u00eenon vital de la ville de Ka\u00e9di, l\u2019abattoir frigorifique n\u2019existe plus que de nom. Construit au d\u00e9but de l\u2019ann\u00e9e 66 et mis en service en mars 1969, il a \u00e9t\u00e9 ferm\u00e9 au d\u00e9but des ann\u00e9es 90. Cet abattoir se trouve aujourd\u2019hui dans l\u2019isolement et l\u2019oubli total. Le&#8230;..<\/p>\n","protected":false},"author":7,"featured_media":5462,"comment_status":"open","ping_status":"open","sticky":false,"template":"","format":"standard","meta":{"footnotes":""},"categories":[23,49],"tags":[],"class_list":["post-5453","post","type-post","status-publish","format-standard","has-post-thumbnail","hentry","category-actualite","category-economie"],"yoast_head":"<!-- This site is optimized with the Yoast SEO plugin v27.5 - https:\/\/yoast.com\/product\/yoast-seo-wordpress\/ -->\n<title>Abattoir frigorifique de Ka\u00e9di : Un patrimoine local abandonn\u00e9 ! - Le Quotidien de Nouakchott<\/title>\n<meta name=\"robots\" content=\"index, follow, max-snippet:-1, max-image-preview:large, max-video-preview:-1\" \/>\n<link rel=\"canonical\" href=\"https:\/\/lequotidien.mr\/?p=5453&lang=fr\" \/>\n<meta property=\"og:locale\" content=\"ar_AR\" \/>\n<meta property=\"og:type\" content=\"article\" \/>\n<meta property=\"og:title\" content=\"Abattoir frigorifique de Ka\u00e9di : Un patrimoine local abandonn\u00e9 ! - Le Quotidien de Nouakchott\" \/>\n<meta property=\"og:description\" content=\"Fleuron \u00e9conomique de la wilaya du Gorgol et cha\u00eenon vital de la ville de Ka\u00e9di, l\u2019abattoir frigorifique n\u2019existe plus que de nom. Construit au d\u00e9but de l\u2019ann\u00e9e 66 et mis en service en mars 1969, il a \u00e9t\u00e9 ferm\u00e9 au d\u00e9but des ann\u00e9es 90. Cet abattoir se trouve aujourd\u2019hui dans l\u2019isolement et l\u2019oubli total. Le.....\" \/>\n<meta property=\"og:url\" content=\"https:\/\/lequotidien.mr\/?p=5453&amp;lang=fr\" \/>\n<meta property=\"og:site_name\" content=\"Le Quotidien de Nouakchott\" \/>\n<meta property=\"article:publisher\" content=\"https:\/\/web.facebook.com\/lequotidienmr\" \/>\n<meta property=\"article:published_time\" content=\"2023-02-27T11:28:47+00:00\" \/>\n<meta property=\"og:image\" content=\"https:\/\/lequotidien.mr\/wp-content\/uploads\/2023\/02\/P3.jpg\" \/>\n\t<meta property=\"og:image:width\" content=\"450\" \/>\n\t<meta property=\"og:image:height\" content=\"253\" \/>\n\t<meta property=\"og:image:type\" content=\"image\/jpeg\" \/>\n<meta name=\"author\" content=\"Hachim El Yemani\" \/>\n<meta name=\"twitter:card\" content=\"summary_large_image\" \/>\n<meta name=\"twitter:creator\" content=\"@lequotidienmr\" \/>\n<meta name=\"twitter:site\" content=\"@lequotidienmr\" \/>\n<meta name=\"twitter:label1\" content=\"\u0643\u064f\u062a\u0628 \u0628\u0648\u0627\u0633\u0637\u0629\" \/>\n\t<meta name=\"twitter:data1\" content=\"Hachim El Yemani\" \/>\n\t<meta name=\"twitter:label2\" content=\"\u0648\u0642\u062a \u0627\u0644\u0642\u0631\u0627\u0621\u0629 \u0627\u0644\u0645\u064f\u0642\u062f\u0651\u0631\" \/>\n\t<meta name=\"twitter:data2\" content=\"\u062f\u0642\u064a\u0642\u062a\u0627\u0646\" \/>\n<script type=\"application\/ld+json\" class=\"yoast-schema-graph\">{\"@context\":\"https:\\\/\\\/schema.org\",\"@graph\":[{\"@type\":\"Article\",\"@id\":\"https:\\\/\\\/lequotidien.mr\\\/?p=5453&lang=fr#article\",\"isPartOf\":{\"@id\":\"https:\\\/\\\/lequotidien.mr\\\/?p=5453&lang=fr\"},\"author\":{\"name\":\"Hachim El Yemani\",\"@id\":\"https:\\\/\\\/lequotidien.mr\\\/#\\\/schema\\\/person\\\/084fc8a65780dd82fc2dc1b6606ccd93\"},\"headline\":\"Abattoir frigorifique de Ka\u00e9di : Un patrimoine local abandonn\u00e9 !\",\"datePublished\":\"2023-02-27T11:28:47+00:00\",\"mainEntityOfPage\":{\"@id\":\"https:\\\/\\\/lequotidien.mr\\\/?p=5453&lang=fr\"},\"wordCount\":303,\"commentCount\":0,\"publisher\":{\"@id\":\"https:\\\/\\\/lequotidien.mr\\\/#organization\"},\"image\":{\"@id\":\"https:\\\/\\\/lequotidien.mr\\\/?p=5453&lang=fr#primaryimage\"},\"thumbnailUrl\":\"https:\\\/\\\/lequotidien.mr\\\/wp-content\\\/uploads\\\/2023\\\/02\\\/P3.jpg\",\"articleSection\":[\"ACTUALIT\u00c9\",\"Economie\"],\"inLanguage\":\"ar\",\"potentialAction\":[{\"@type\":\"CommentAction\",\"name\":\"Comment\",\"target\":[\"https:\\\/\\\/lequotidien.mr\\\/?p=5453&lang=fr#respond\"]}]},{\"@type\":\"WebPage\",\"@id\":\"https:\\\/\\\/lequotidien.mr\\\/?p=5453&lang=fr\",\"url\":\"https:\\\/\\\/lequotidien.mr\\\/?p=5453&lang=fr\",\"name\":\"Abattoir frigorifique de Ka\u00e9di : Un patrimoine local abandonn\u00e9 ! - Le Quotidien de Nouakchott\",\"isPartOf\":{\"@id\":\"https:\\\/\\\/lequotidien.mr\\\/#website\"},\"primaryImageOfPage\":{\"@id\":\"https:\\\/\\\/lequotidien.mr\\\/?p=5453&lang=fr#primaryimage\"},\"image\":{\"@id\":\"https:\\\/\\\/lequotidien.mr\\\/?p=5453&lang=fr#primaryimage\"},\"thumbnailUrl\":\"https:\\\/\\\/lequotidien.mr\\\/wp-content\\\/uploads\\\/2023\\\/02\\\/P3.jpg\",\"datePublished\":\"2023-02-27T11:28:47+00:00\",\"breadcrumb\":{\"@id\":\"https:\\\/\\\/lequotidien.mr\\\/?p=5453&lang=fr#breadcrumb\"},\"inLanguage\":\"ar\",\"potentialAction\":[{\"@type\":\"ReadAction\",\"target\":[\"https:\\\/\\\/lequotidien.mr\\\/?p=5453&lang=fr\"]}]},{\"@type\":\"ImageObject\",\"inLanguage\":\"ar\",\"@id\":\"https:\\\/\\\/lequotidien.mr\\\/?p=5453&lang=fr#primaryimage\",\"url\":\"https:\\\/\\\/lequotidien.mr\\\/wp-content\\\/uploads\\\/2023\\\/02\\\/P3.jpg\",\"contentUrl\":\"https:\\\/\\\/lequotidien.mr\\\/wp-content\\\/uploads\\\/2023\\\/02\\\/P3.jpg\",\"width\":450,\"height\":253},{\"@type\":\"BreadcrumbList\",\"@id\":\"https:\\\/\\\/lequotidien.mr\\\/?p=5453&lang=fr#breadcrumb\",\"itemListElement\":[{\"@type\":\"ListItem\",\"position\":1,\"name\":\"Home\",\"item\":\"https:\\\/\\\/lequotidien.mr\\\/\"},{\"@type\":\"ListItem\",\"position\":2,\"name\":\"Abattoir frigorifique de Ka\u00e9di : Un patrimoine local abandonn\u00e9 !\"}]},{\"@type\":\"WebSite\",\"@id\":\"https:\\\/\\\/lequotidien.mr\\\/#website\",\"url\":\"https:\\\/\\\/lequotidien.mr\\\/\",\"name\":\"Le Quotidien de Nouakchott\",\"description\":\"\u0625\u062e\u0628\u0627\u0631\u064a\u0629 \u0645\u0633\u062a\u0642\u0644\u0629 \u0644\u0644\u0623\u0646\u0628\u0627\u0621 \u0627\u0644\u0639\u0627\u0645\u0629\",\"publisher\":{\"@id\":\"https:\\\/\\\/lequotidien.mr\\\/#organization\"},\"potentialAction\":[{\"@type\":\"SearchAction\",\"target\":{\"@type\":\"EntryPoint\",\"urlTemplate\":\"https:\\\/\\\/lequotidien.mr\\\/?s={search_term_string}\"},\"query-input\":{\"@type\":\"PropertyValueSpecification\",\"valueRequired\":true,\"valueName\":\"search_term_string\"}}],\"inLanguage\":\"ar\"},{\"@type\":\"Organization\",\"@id\":\"https:\\\/\\\/lequotidien.mr\\\/#organization\",\"name\":\"Le Quotidien de Nouakchott\",\"url\":\"https:\\\/\\\/lequotidien.mr\\\/\",\"logo\":{\"@type\":\"ImageObject\",\"inLanguage\":\"ar\",\"@id\":\"https:\\\/\\\/lequotidien.mr\\\/#\\\/schema\\\/logo\\\/image\\\/\",\"url\":\"https:\\\/\\\/lequotidien.mr\\\/wp-content\\\/uploads\\\/2022\\\/11\\\/logolequotidien.jpg\",\"contentUrl\":\"https:\\\/\\\/lequotidien.mr\\\/wp-content\\\/uploads\\\/2022\\\/11\\\/logolequotidien.jpg\",\"width\":290,\"height\":65,\"caption\":\"Le Quotidien de Nouakchott\"},\"image\":{\"@id\":\"https:\\\/\\\/lequotidien.mr\\\/#\\\/schema\\\/logo\\\/image\\\/\"},\"sameAs\":[\"https:\\\/\\\/web.facebook.com\\\/lequotidienmr\",\"https:\\\/\\\/x.com\\\/lequotidienmr\"]},{\"@type\":\"Person\",\"@id\":\"https:\\\/\\\/lequotidien.mr\\\/#\\\/schema\\\/person\\\/084fc8a65780dd82fc2dc1b6606ccd93\",\"name\":\"Hachim El Yemani\",\"image\":{\"@type\":\"ImageObject\",\"inLanguage\":\"ar\",\"@id\":\"https:\\\/\\\/secure.gravatar.com\\\/avatar\\\/d26186aaa5bf4c9f95183e2f6e441600872253143ebb24ebf40607e5f0b7ced0?s=96&d=mm&r=g\",\"url\":\"https:\\\/\\\/secure.gravatar.com\\\/avatar\\\/d26186aaa5bf4c9f95183e2f6e441600872253143ebb24ebf40607e5f0b7ced0?s=96&d=mm&r=g\",\"contentUrl\":\"https:\\\/\\\/secure.gravatar.com\\\/avatar\\\/d26186aaa5bf4c9f95183e2f6e441600872253143ebb24ebf40607e5f0b7ced0?s=96&d=mm&r=g\",\"caption\":\"Hachim El Yemani\"},\"sameAs\":[\"https:\\\/\\\/lequotidien.mr\\\/\"],\"url\":\"https:\\\/\\\/lequotidien.mr\\\/?author=7\"}]}<\/script>\n<!-- \/ Yoast SEO plugin. -->","yoast_head_json":{"title":"Abattoir frigorifique de Ka\u00e9di : Un patrimoine local abandonn\u00e9 ! - Le Quotidien de Nouakchott","robots":{"index":"index","follow":"follow","max-snippet":"max-snippet:-1","max-image-preview":"max-image-preview:large","max-video-preview":"max-video-preview:-1"},"canonical":"https:\/\/lequotidien.mr\/?p=5453&lang=fr","og_locale":"ar_AR","og_type":"article","og_title":"Abattoir frigorifique de Ka\u00e9di : Un patrimoine local abandonn\u00e9 ! - Le Quotidien de Nouakchott","og_description":"Fleuron \u00e9conomique de la wilaya du Gorgol et cha\u00eenon vital de la ville de Ka\u00e9di, l\u2019abattoir frigorifique n\u2019existe plus que de nom. Construit au d\u00e9but de l\u2019ann\u00e9e 66 et mis en service en mars 1969, il a \u00e9t\u00e9 ferm\u00e9 au d\u00e9but des ann\u00e9es 90. Cet abattoir se trouve aujourd\u2019hui dans l\u2019isolement et l\u2019oubli total. Le.....","og_url":"https:\/\/lequotidien.mr\/?p=5453&lang=fr","og_site_name":"Le Quotidien de Nouakchott","article_publisher":"https:\/\/web.facebook.com\/lequotidienmr","article_published_time":"2023-02-27T11:28:47+00:00","og_image":[{"width":450,"height":253,"url":"https:\/\/lequotidien.mr\/wp-content\/uploads\/2023\/02\/P3.jpg","type":"image\/jpeg"}],"author":"Hachim El Yemani","twitter_card":"summary_large_image","twitter_creator":"@lequotidienmr","twitter_site":"@lequotidienmr","twitter_misc":{"\u0643\u064f\u062a\u0628 \u0628\u0648\u0627\u0633\u0637\u0629":"Hachim El Yemani","\u0648\u0642\u062a \u0627\u0644\u0642\u0631\u0627\u0621\u0629 \u0627\u0644\u0645\u064f\u0642\u062f\u0651\u0631":"\u062f\u0642\u064a\u0642\u062a\u0627\u0646"},"schema":{"@context":"https:\/\/schema.org","@graph":[{"@type":"Article","@id":"https:\/\/lequotidien.mr\/?p=5453&lang=fr#article","isPartOf":{"@id":"https:\/\/lequotidien.mr\/?p=5453&lang=fr"},"author":{"name":"Hachim El Yemani","@id":"https:\/\/lequotidien.mr\/#\/schema\/person\/084fc8a65780dd82fc2dc1b6606ccd93"},"headline":"Abattoir frigorifique de Ka\u00e9di : Un patrimoine local abandonn\u00e9 !","datePublished":"2023-02-27T11:28:47+00:00","mainEntityOfPage":{"@id":"https:\/\/lequotidien.mr\/?p=5453&lang=fr"},"wordCount":303,"commentCount":0,"publisher":{"@id":"https:\/\/lequotidien.mr\/#organization"},"image":{"@id":"https:\/\/lequotidien.mr\/?p=5453&lang=fr#primaryimage"},"thumbnailUrl":"https:\/\/lequotidien.mr\/wp-content\/uploads\/2023\/02\/P3.jpg","articleSection":["ACTUALIT\u00c9","Economie"],"inLanguage":"ar","potentialAction":[{"@type":"CommentAction","name":"Comment","target":["https:\/\/lequotidien.mr\/?p=5453&lang=fr#respond"]}]},{"@type":"WebPage","@id":"https:\/\/lequotidien.mr\/?p=5453&lang=fr","url":"https:\/\/lequotidien.mr\/?p=5453&lang=fr","name":"Abattoir frigorifique de Ka\u00e9di : Un patrimoine local abandonn\u00e9 ! - Le Quotidien de Nouakchott","isPartOf":{"@id":"https:\/\/lequotidien.mr\/#website"},"primaryImageOfPage":{"@id":"https:\/\/lequotidien.mr\/?p=5453&lang=fr#primaryimage"},"image":{"@id":"https:\/\/lequotidien.mr\/?p=5453&lang=fr#primaryimage"},"thumbnailUrl":"https:\/\/lequotidien.mr\/wp-content\/uploads\/2023\/02\/P3.jpg","datePublished":"2023-02-27T11:28:47+00:00","breadcrumb":{"@id":"https:\/\/lequotidien.mr\/?p=5453&lang=fr#breadcrumb"},"inLanguage":"ar","potentialAction":[{"@type":"ReadAction","target":["https:\/\/lequotidien.mr\/?p=5453&lang=fr"]}]},{"@type":"ImageObject","inLanguage":"ar","@id":"https:\/\/lequotidien.mr\/?p=5453&lang=fr#primaryimage","url":"https:\/\/lequotidien.mr\/wp-content\/uploads\/2023\/02\/P3.jpg","contentUrl":"https:\/\/lequotidien.mr\/wp-content\/uploads\/2023\/02\/P3.jpg","width":450,"height":253},{"@type":"BreadcrumbList","@id":"https:\/\/lequotidien.mr\/?p=5453&lang=fr#breadcrumb","itemListElement":[{"@type":"ListItem","position":1,"name":"Home","item":"https:\/\/lequotidien.mr\/"},{"@type":"ListItem","position":2,"name":"Abattoir frigorifique de Ka\u00e9di : Un patrimoine local abandonn\u00e9 !"}]},{"@type":"WebSite","@id":"https:\/\/lequotidien.mr\/#website","url":"https:\/\/lequotidien.mr\/","name":"Le Quotidien de Nouakchott","description":"\u0625\u062e\u0628\u0627\u0631\u064a\u0629 \u0645\u0633\u062a\u0642\u0644\u0629 \u0644\u0644\u0623\u0646\u0628\u0627\u0621 \u0627\u0644\u0639\u0627\u0645\u0629","publisher":{"@id":"https:\/\/lequotidien.mr\/#organization"},"potentialAction":[{"@type":"SearchAction","target":{"@type":"EntryPoint","urlTemplate":"https:\/\/lequotidien.mr\/?s={search_term_string}"},"query-input":{"@type":"PropertyValueSpecification","valueRequired":true,"valueName":"search_term_string"}}],"inLanguage":"ar"},{"@type":"Organization","@id":"https:\/\/lequotidien.mr\/#organization","name":"Le Quotidien de Nouakchott","url":"https:\/\/lequotidien.mr\/","logo":{"@type":"ImageObject","inLanguage":"ar","@id":"https:\/\/lequotidien.mr\/#\/schema\/logo\/image\/","url":"https:\/\/lequotidien.mr\/wp-content\/uploads\/2022\/11\/logolequotidien.jpg","contentUrl":"https:\/\/lequotidien.mr\/wp-content\/uploads\/2022\/11\/logolequotidien.jpg","width":290,"height":65,"caption":"Le Quotidien de Nouakchott"},"image":{"@id":"https:\/\/lequotidien.mr\/#\/schema\/logo\/image\/"},"sameAs":["https:\/\/web.facebook.com\/lequotidienmr","https:\/\/x.com\/lequotidienmr"]},{"@type":"Person","@id":"https:\/\/lequotidien.mr\/#\/schema\/person\/084fc8a65780dd82fc2dc1b6606ccd93","name":"Hachim El Yemani","image":{"@type":"ImageObject","inLanguage":"ar","@id":"https:\/\/secure.gravatar.com\/avatar\/d26186aaa5bf4c9f95183e2f6e441600872253143ebb24ebf40607e5f0b7ced0?s=96&d=mm&r=g","url":"https:\/\/secure.gravatar.com\/avatar\/d26186aaa5bf4c9f95183e2f6e441600872253143ebb24ebf40607e5f0b7ced0?s=96&d=mm&r=g","contentUrl":"https:\/\/secure.gravatar.com\/avatar\/d26186aaa5bf4c9f95183e2f6e441600872253143ebb24ebf40607e5f0b7ced0?s=96&d=mm&r=g","caption":"Hachim El Yemani"},"sameAs":["https:\/\/lequotidien.mr\/"],"url":"https:\/\/lequotidien.mr\/?author=7"}]}},"_links":{"self":[{"href":"https:\/\/lequotidien.mr\/index.php?rest_route=\/wp\/v2\/posts\/5453","targetHints":{"allow":["GET"]}}],"collection":[{"href":"https:\/\/lequotidien.mr\/index.php?rest_route=\/wp\/v2\/posts"}],"about":[{"href":"https:\/\/lequotidien.mr\/index.php?rest_route=\/wp\/v2\/types\/post"}],"author":[{"embeddable":true,"href":"https:\/\/lequotidien.mr\/index.php?rest_route=\/wp\/v2\/users\/7"}],"replies":[{"embeddable":true,"href":"https:\/\/lequotidien.mr\/index.php?rest_route=%2Fwp%2Fv2%2Fcomments&post=5453"}],"version-history":[{"count":2,"href":"https:\/\/lequotidien.mr\/index.php?rest_route=\/wp\/v2\/posts\/5453\/revisions"}],"predecessor-version":[{"id":5466,"href":"https:\/\/lequotidien.mr\/index.php?rest_route=\/wp\/v2\/posts\/5453\/revisions\/5466"}],"wp:featuredmedia":[{"embeddable":true,"href":"https:\/\/lequotidien.mr\/index.php?rest_route=\/wp\/v2\/media\/5462"}],"wp:attachment":[{"href":"https:\/\/lequotidien.mr\/index.php?rest_route=%2Fwp%2Fv2%2Fmedia&parent=5453"}],"wp:term":[{"taxonomy":"category","embeddable":true,"href":"https:\/\/lequotidien.mr\/index.php?rest_route=%2Fwp%2Fv2%2Fcategories&post=5453"},{"taxonomy":"post_tag","embeddable":true,"href":"https:\/\/lequotidien.mr\/index.php?rest_route=%2Fwp%2Fv2%2Ftags&post=5453"}],"curies":[{"name":"wp","href":"https:\/\/api.w.org\/{rel}","templated":true}]}}