{"id":5409,"date":"2023-02-25T18:18:12","date_gmt":"2023-02-25T18:18:12","guid":{"rendered":"https:\/\/lequotidien.mr\/?p=5409"},"modified":"2023-02-25T18:18:12","modified_gmt":"2023-02-25T18:18:12","slug":"algerie-rezig-inaugure-avec-son-homologue-mauritanien-la-foire-internationale-el-mouggar-a-tindouf","status":"publish","type":"post","link":"https:\/\/lequotidien.mr\/?p=5409&lang=fr","title":{"rendered":"Alg\u00e9rie : Rezig inaugure avec son homologue mauritanien la Foire internationale El-Mouggar \u00e0 Tindouf"},"content":{"rendered":"<p>AL24news &#8211; Le ministre du Commerce et de la Promotion des exportations, Kamel Rezig a inaugur\u00e9, vendredi \u00e0 Tindouf, avec le ministre mauritanien du Commerce, de l\u2019Artisanat et du Tourisme, Lamrabott Ould Bennahi, la 11e \u00e9dition de la Foire internationale El-Mouggar.<\/p>\n<p>S\u2019exprimant \u00e0 l\u2019ouverture de cette manifestation \u00e9conomique, M. Rezig a affirm\u00e9 que la Foire internationale El-Mouggar \u00ab rev\u00eat une grande importance \u00e9tant le portail d\u2019acc\u00e8s de l\u2019Alg\u00e9rie \u00e0 la Mauritanie et aux pays de l\u2019Afrique de l\u2019ouest \u00bb.<\/p>\n<p>Il a soulign\u00e9 que cette \u00e9dition \u00e0 laquelle participe la R\u00e9publique islamique de Mauritanie en tant qu\u2019invit\u00e9e d\u2019honneur, sera une r\u00e9ussite au regard de la participation forte et exceptionnelle du secteur \u00e9conomique toutes fili\u00e8res confondues y compris l\u2019industrie \u00e9conomique militaire.<\/p>\n<p>Selon le ministre, les produits expos\u00e9s \u00e0 l\u2019occasion de cet \u00e9v\u00e8nement \u00e9conomique important \u00ab sont conformes aux normes internationales de qualit\u00e9 avec des taux d\u2019int\u00e9gration tr\u00e8s \u00e9lev\u00e9s \u00bb.<\/p>\n<p>Il a ajout\u00e9 que cette foire \u00ab est une occasion permettant aux op\u00e9rateurs alg\u00e9riens de rencontrer leurs homologues de Mauritanie et des pays d\u2019Afrique de l\u2019ouest afin de renforcer les relations et les \u00e9changes avec les pays d\u2019Afrique de l\u2019ouest, notamment avec la Mauritanie \u00bb.<\/p>\n<p>Le ministre a soulign\u00e9 que l\u2019Alg\u00e9rie est pleinement dispos\u00e9e \u00e0 d\u00e9velopper avec la Mauritanie, pays voisin, dans le cadre de la Zone de libre-\u00e9change continentale africaine (ZLECAf), des relations \u00e9conomiques, commerciales et d\u2019investissement bas\u00e9es sur le principe de la coop\u00e9ration gagnant-gagnant \u00bb.<\/p>\n<p>De son c\u00f4t\u00e9, le ministre mauritanien du Commerce, de l\u2019Artisanat et du Tourisme a indiqu\u00e9 que \u00ab cette foire est d\u2019une grande importance pour la Mauritanie car elle intervient \u00e0 un moment o\u00f9 les deux pays \u0153uvrent au d\u00e9veloppement et au renforcement des relations bilat\u00e9rales \u00bb.<\/p>\n<p>A cet \u00e9gard, il a appel\u00e9 au d\u00e9veloppement des relations \u00e9conomiques et commerciales entre la Mauritanie et l\u2019Alg\u00e9rie pour les hisser au niveau des relations politiques s\u00e9culaires qui lient les deux pays.<\/p>\n<p>Environ 70 exposants activant dans les diff\u00e9rentes fili\u00e8res \u00e9conomiques participent \u00e0 cette foire qui se poursuivra jusqu\u2019au 4 mars prochain, sous le th\u00e8me \u00ab La foire El-Mouggar \u2026 carrefour des exportations et des \u00e9changes commerciaux des pays de l\u2019Afrique de l\u2019ouest \u00bb, ont indiqu\u00e9 les organisateurs.<\/p>\n<p>APS<\/p>\n","protected":false},"excerpt":{"rendered":"<p>AL24news &#8211; Le ministre du Commerce et de la Promotion des exportations, Kamel Rezig a inaugur\u00e9, vendredi \u00e0 Tindouf, avec le ministre mauritanien du Commerce, de l\u2019Artisanat et du Tourisme, Lamrabott Ould Bennahi, la 11e \u00e9dition de la Foire internationale El-Mouggar. S\u2019exprimant \u00e0 l\u2019ouverture de cette manifestation \u00e9conomique, M. Rezig a affirm\u00e9 que la Foire&#8230;..<\/p>\n","protected":false},"author":5,"featured_media":5410,"comment_status":"open","ping_status":"open","sticky":false,"template":"","format":"standard","meta":{"footnotes":""},"categories":[23,49],"tags":[],"class_list":["post-5409","post","type-post","status-publish","format-standard","has-post-thumbnail","hentry","category-actualite","category-economie"],"yoast_head":"<!-- This site is optimized with the Yoast SEO plugin v27.5 - https:\/\/yoast.com\/product\/yoast-seo-wordpress\/ -->\n<title>Alg\u00e9rie : Rezig inaugure avec son homologue mauritanien la Foire internationale El-Mouggar \u00e0 Tindouf - Le Quotidien de Nouakchott<\/title>\n<meta name=\"robots\" content=\"index, follow, max-snippet:-1, max-image-preview:large, max-video-preview:-1\" \/>\n<link rel=\"canonical\" href=\"https:\/\/lequotidien.mr\/?p=5409&lang=fr\" \/>\n<meta property=\"og:locale\" content=\"ar_AR\" \/>\n<meta property=\"og:type\" content=\"article\" \/>\n<meta property=\"og:title\" content=\"Alg\u00e9rie : Rezig inaugure avec son homologue mauritanien la Foire internationale El-Mouggar \u00e0 Tindouf - Le Quotidien de Nouakchott\" \/>\n<meta property=\"og:description\" content=\"AL24news &#8211; Le ministre du Commerce et de la Promotion des exportations, Kamel Rezig a inaugur\u00e9, vendredi \u00e0 Tindouf, avec le ministre mauritanien du Commerce, de l\u2019Artisanat et du Tourisme, Lamrabott Ould Bennahi, la 11e \u00e9dition de la Foire internationale El-Mouggar. S\u2019exprimant \u00e0 l\u2019ouverture de cette manifestation \u00e9conomique, M. Rezig a affirm\u00e9 que la Foire.....\" \/>\n<meta property=\"og:url\" content=\"https:\/\/lequotidien.mr\/?p=5409&amp;lang=fr\" \/>\n<meta property=\"og:site_name\" content=\"Le Quotidien de Nouakchott\" \/>\n<meta property=\"article:publisher\" content=\"https:\/\/web.facebook.com\/lequotidienmr\" \/>\n<meta property=\"article:published_time\" content=\"2023-02-25T18:18:12+00:00\" \/>\n<meta property=\"og:image\" content=\"https:\/\/lequotidien.mr\/wp-content\/uploads\/2023\/02\/foire_alg_rim_tindouf_6.jpg\" \/>\n\t<meta property=\"og:image:width\" content=\"962\" \/>\n\t<meta property=\"og:image:height\" content=\"647\" \/>\n\t<meta property=\"og:image:type\" content=\"image\/jpeg\" \/>\n<meta name=\"author\" content=\"Gayi Diawara\" \/>\n<meta name=\"twitter:card\" content=\"summary_large_image\" \/>\n<meta name=\"twitter:creator\" content=\"@lequotidienmr\" \/>\n<meta name=\"twitter:site\" content=\"@lequotidienmr\" \/>\n<meta name=\"twitter:label1\" content=\"\u0643\u064f\u062a\u0628 \u0628\u0648\u0627\u0633\u0637\u0629\" \/>\n\t<meta name=\"twitter:data1\" content=\"Gayi Diawara\" \/>\n\t<meta name=\"twitter:label2\" content=\"\u0648\u0642\u062a \u0627\u0644\u0642\u0631\u0627\u0621\u0629 \u0627\u0644\u0645\u064f\u0642\u062f\u0651\u0631\" \/>\n\t<meta name=\"twitter:data2\" content=\"\u062f\u0642\u064a\u0642\u062a\u0627\u0646\" \/>\n<script type=\"application\/ld+json\" class=\"yoast-schema-graph\">{\"@context\":\"https:\\\/\\\/schema.org\",\"@graph\":[{\"@type\":\"Article\",\"@id\":\"https:\\\/\\\/lequotidien.mr\\\/?p=5409&lang=fr#article\",\"isPartOf\":{\"@id\":\"https:\\\/\\\/lequotidien.mr\\\/?p=5409&lang=fr\"},\"author\":{\"name\":\"Gayi Diawara\",\"@id\":\"https:\\\/\\\/lequotidien.mr\\\/#\\\/schema\\\/person\\\/1077c8abd5640a6514b909318d271dee\"},\"headline\":\"Alg\u00e9rie : Rezig inaugure avec son homologue mauritanien la Foire internationale El-Mouggar \u00e0 Tindouf\",\"datePublished\":\"2023-02-25T18:18:12+00:00\",\"mainEntityOfPage\":{\"@id\":\"https:\\\/\\\/lequotidien.mr\\\/?p=5409&lang=fr\"},\"wordCount\":404,\"commentCount\":0,\"publisher\":{\"@id\":\"https:\\\/\\\/lequotidien.mr\\\/#organization\"},\"image\":{\"@id\":\"https:\\\/\\\/lequotidien.mr\\\/?p=5409&lang=fr#primaryimage\"},\"thumbnailUrl\":\"https:\\\/\\\/lequotidien.mr\\\/wp-content\\\/uploads\\\/2023\\\/02\\\/foire_alg_rim_tindouf_6.jpg\",\"articleSection\":[\"ACTUALIT\u00c9\",\"Economie\"],\"inLanguage\":\"ar\",\"potentialAction\":[{\"@type\":\"CommentAction\",\"name\":\"Comment\",\"target\":[\"https:\\\/\\\/lequotidien.mr\\\/?p=5409&lang=fr#respond\"]}]},{\"@type\":\"WebPage\",\"@id\":\"https:\\\/\\\/lequotidien.mr\\\/?p=5409&lang=fr\",\"url\":\"https:\\\/\\\/lequotidien.mr\\\/?p=5409&lang=fr\",\"name\":\"Alg\u00e9rie : Rezig inaugure avec son homologue mauritanien la Foire internationale El-Mouggar \u00e0 Tindouf - Le Quotidien de Nouakchott\",\"isPartOf\":{\"@id\":\"https:\\\/\\\/lequotidien.mr\\\/#website\"},\"primaryImageOfPage\":{\"@id\":\"https:\\\/\\\/lequotidien.mr\\\/?p=5409&lang=fr#primaryimage\"},\"image\":{\"@id\":\"https:\\\/\\\/lequotidien.mr\\\/?p=5409&lang=fr#primaryimage\"},\"thumbnailUrl\":\"https:\\\/\\\/lequotidien.mr\\\/wp-content\\\/uploads\\\/2023\\\/02\\\/foire_alg_rim_tindouf_6.jpg\",\"datePublished\":\"2023-02-25T18:18:12+00:00\",\"breadcrumb\":{\"@id\":\"https:\\\/\\\/lequotidien.mr\\\/?p=5409&lang=fr#breadcrumb\"},\"inLanguage\":\"ar\",\"potentialAction\":[{\"@type\":\"ReadAction\",\"target\":[\"https:\\\/\\\/lequotidien.mr\\\/?p=5409&lang=fr\"]}]},{\"@type\":\"ImageObject\",\"inLanguage\":\"ar\",\"@id\":\"https:\\\/\\\/lequotidien.mr\\\/?p=5409&lang=fr#primaryimage\",\"url\":\"https:\\\/\\\/lequotidien.mr\\\/wp-content\\\/uploads\\\/2023\\\/02\\\/foire_alg_rim_tindouf_6.jpg\",\"contentUrl\":\"https:\\\/\\\/lequotidien.mr\\\/wp-content\\\/uploads\\\/2023\\\/02\\\/foire_alg_rim_tindouf_6.jpg\",\"width\":962,\"height\":647},{\"@type\":\"BreadcrumbList\",\"@id\":\"https:\\\/\\\/lequotidien.mr\\\/?p=5409&lang=fr#breadcrumb\",\"itemListElement\":[{\"@type\":\"ListItem\",\"position\":1,\"name\":\"Home\",\"item\":\"https:\\\/\\\/lequotidien.mr\\\/\"},{\"@type\":\"ListItem\",\"position\":2,\"name\":\"Alg\u00e9rie : Rezig inaugure avec son homologue mauritanien la Foire internationale El-Mouggar \u00e0 Tindouf\"}]},{\"@type\":\"WebSite\",\"@id\":\"https:\\\/\\\/lequotidien.mr\\\/#website\",\"url\":\"https:\\\/\\\/lequotidien.mr\\\/\",\"name\":\"Le Quotidien de Nouakchott\",\"description\":\"\u0625\u062e\u0628\u0627\u0631\u064a\u0629 \u0645\u0633\u062a\u0642\u0644\u0629 \u0644\u0644\u0623\u0646\u0628\u0627\u0621 \u0627\u0644\u0639\u0627\u0645\u0629\",\"publisher\":{\"@id\":\"https:\\\/\\\/lequotidien.mr\\\/#organization\"},\"potentialAction\":[{\"@type\":\"SearchAction\",\"target\":{\"@type\":\"EntryPoint\",\"urlTemplate\":\"https:\\\/\\\/lequotidien.mr\\\/?s={search_term_string}\"},\"query-input\":{\"@type\":\"PropertyValueSpecification\",\"valueRequired\":true,\"valueName\":\"search_term_string\"}}],\"inLanguage\":\"ar\"},{\"@type\":\"Organization\",\"@id\":\"https:\\\/\\\/lequotidien.mr\\\/#organization\",\"name\":\"Le Quotidien de Nouakchott\",\"url\":\"https:\\\/\\\/lequotidien.mr\\\/\",\"logo\":{\"@type\":\"ImageObject\",\"inLanguage\":\"ar\",\"@id\":\"https:\\\/\\\/lequotidien.mr\\\/#\\\/schema\\\/logo\\\/image\\\/\",\"url\":\"https:\\\/\\\/lequotidien.mr\\\/wp-content\\\/uploads\\\/2022\\\/11\\\/logolequotidien.jpg\",\"contentUrl\":\"https:\\\/\\\/lequotidien.mr\\\/wp-content\\\/uploads\\\/2022\\\/11\\\/logolequotidien.jpg\",\"width\":290,\"height\":65,\"caption\":\"Le Quotidien de Nouakchott\"},\"image\":{\"@id\":\"https:\\\/\\\/lequotidien.mr\\\/#\\\/schema\\\/logo\\\/image\\\/\"},\"sameAs\":[\"https:\\\/\\\/web.facebook.com\\\/lequotidienmr\",\"https:\\\/\\\/x.com\\\/lequotidienmr\"]},{\"@type\":\"Person\",\"@id\":\"https:\\\/\\\/lequotidien.mr\\\/#\\\/schema\\\/person\\\/1077c8abd5640a6514b909318d271dee\",\"name\":\"Gayi Diawara\",\"image\":{\"@type\":\"ImageObject\",\"inLanguage\":\"ar\",\"@id\":\"https:\\\/\\\/secure.gravatar.com\\\/avatar\\\/63ea8db1e19a6d2d608b24c0f78b5f3a7d6e0bc11959fec273410af333e4d0ac?s=96&d=mm&r=g\",\"url\":\"https:\\\/\\\/secure.gravatar.com\\\/avatar\\\/63ea8db1e19a6d2d608b24c0f78b5f3a7d6e0bc11959fec273410af333e4d0ac?s=96&d=mm&r=g\",\"contentUrl\":\"https:\\\/\\\/secure.gravatar.com\\\/avatar\\\/63ea8db1e19a6d2d608b24c0f78b5f3a7d6e0bc11959fec273410af333e4d0ac?s=96&d=mm&r=g\",\"caption\":\"Gayi Diawara\"},\"sameAs\":[\"http:\\\/\\\/lequotidien.mr\"],\"url\":\"https:\\\/\\\/lequotidien.mr\\\/?author=5\"}]}<\/script>\n<!-- \/ Yoast SEO plugin. -->","yoast_head_json":{"title":"Alg\u00e9rie : Rezig inaugure avec son homologue mauritanien la Foire internationale El-Mouggar \u00e0 Tindouf - Le Quotidien de Nouakchott","robots":{"index":"index","follow":"follow","max-snippet":"max-snippet:-1","max-image-preview":"max-image-preview:large","max-video-preview":"max-video-preview:-1"},"canonical":"https:\/\/lequotidien.mr\/?p=5409&lang=fr","og_locale":"ar_AR","og_type":"article","og_title":"Alg\u00e9rie : Rezig inaugure avec son homologue mauritanien la Foire internationale El-Mouggar \u00e0 Tindouf - Le Quotidien de Nouakchott","og_description":"AL24news &#8211; Le ministre du Commerce et de la Promotion des exportations, Kamel Rezig a inaugur\u00e9, vendredi \u00e0 Tindouf, avec le ministre mauritanien du Commerce, de l\u2019Artisanat et du Tourisme, Lamrabott Ould Bennahi, la 11e \u00e9dition de la Foire internationale El-Mouggar. S\u2019exprimant \u00e0 l\u2019ouverture de cette manifestation \u00e9conomique, M. Rezig a affirm\u00e9 que la Foire.....","og_url":"https:\/\/lequotidien.mr\/?p=5409&lang=fr","og_site_name":"Le Quotidien de Nouakchott","article_publisher":"https:\/\/web.facebook.com\/lequotidienmr","article_published_time":"2023-02-25T18:18:12+00:00","og_image":[{"width":962,"height":647,"url":"https:\/\/lequotidien.mr\/wp-content\/uploads\/2023\/02\/foire_alg_rim_tindouf_6.jpg","type":"image\/jpeg"}],"author":"Gayi Diawara","twitter_card":"summary_large_image","twitter_creator":"@lequotidienmr","twitter_site":"@lequotidienmr","twitter_misc":{"\u0643\u064f\u062a\u0628 \u0628\u0648\u0627\u0633\u0637\u0629":"Gayi Diawara","\u0648\u0642\u062a \u0627\u0644\u0642\u0631\u0627\u0621\u0629 \u0627\u0644\u0645\u064f\u0642\u062f\u0651\u0631":"\u062f\u0642\u064a\u0642\u062a\u0627\u0646"},"schema":{"@context":"https:\/\/schema.org","@graph":[{"@type":"Article","@id":"https:\/\/lequotidien.mr\/?p=5409&lang=fr#article","isPartOf":{"@id":"https:\/\/lequotidien.mr\/?p=5409&lang=fr"},"author":{"name":"Gayi Diawara","@id":"https:\/\/lequotidien.mr\/#\/schema\/person\/1077c8abd5640a6514b909318d271dee"},"headline":"Alg\u00e9rie : Rezig inaugure avec son homologue mauritanien la Foire internationale El-Mouggar \u00e0 Tindouf","datePublished":"2023-02-25T18:18:12+00:00","mainEntityOfPage":{"@id":"https:\/\/lequotidien.mr\/?p=5409&lang=fr"},"wordCount":404,"commentCount":0,"publisher":{"@id":"https:\/\/lequotidien.mr\/#organization"},"image":{"@id":"https:\/\/lequotidien.mr\/?p=5409&lang=fr#primaryimage"},"thumbnailUrl":"https:\/\/lequotidien.mr\/wp-content\/uploads\/2023\/02\/foire_alg_rim_tindouf_6.jpg","articleSection":["ACTUALIT\u00c9","Economie"],"inLanguage":"ar","potentialAction":[{"@type":"CommentAction","name":"Comment","target":["https:\/\/lequotidien.mr\/?p=5409&lang=fr#respond"]}]},{"@type":"WebPage","@id":"https:\/\/lequotidien.mr\/?p=5409&lang=fr","url":"https:\/\/lequotidien.mr\/?p=5409&lang=fr","name":"Alg\u00e9rie : Rezig inaugure avec son homologue mauritanien la Foire internationale El-Mouggar \u00e0 Tindouf - Le Quotidien de Nouakchott","isPartOf":{"@id":"https:\/\/lequotidien.mr\/#website"},"primaryImageOfPage":{"@id":"https:\/\/lequotidien.mr\/?p=5409&lang=fr#primaryimage"},"image":{"@id":"https:\/\/lequotidien.mr\/?p=5409&lang=fr#primaryimage"},"thumbnailUrl":"https:\/\/lequotidien.mr\/wp-content\/uploads\/2023\/02\/foire_alg_rim_tindouf_6.jpg","datePublished":"2023-02-25T18:18:12+00:00","breadcrumb":{"@id":"https:\/\/lequotidien.mr\/?p=5409&lang=fr#breadcrumb"},"inLanguage":"ar","potentialAction":[{"@type":"ReadAction","target":["https:\/\/lequotidien.mr\/?p=5409&lang=fr"]}]},{"@type":"ImageObject","inLanguage":"ar","@id":"https:\/\/lequotidien.mr\/?p=5409&lang=fr#primaryimage","url":"https:\/\/lequotidien.mr\/wp-content\/uploads\/2023\/02\/foire_alg_rim_tindouf_6.jpg","contentUrl":"https:\/\/lequotidien.mr\/wp-content\/uploads\/2023\/02\/foire_alg_rim_tindouf_6.jpg","width":962,"height":647},{"@type":"BreadcrumbList","@id":"https:\/\/lequotidien.mr\/?p=5409&lang=fr#breadcrumb","itemListElement":[{"@type":"ListItem","position":1,"name":"Home","item":"https:\/\/lequotidien.mr\/"},{"@type":"ListItem","position":2,"name":"Alg\u00e9rie : Rezig inaugure avec son homologue mauritanien la Foire internationale El-Mouggar \u00e0 Tindouf"}]},{"@type":"WebSite","@id":"https:\/\/lequotidien.mr\/#website","url":"https:\/\/lequotidien.mr\/","name":"Le Quotidien de Nouakchott","description":"\u0625\u062e\u0628\u0627\u0631\u064a\u0629 \u0645\u0633\u062a\u0642\u0644\u0629 \u0644\u0644\u0623\u0646\u0628\u0627\u0621 \u0627\u0644\u0639\u0627\u0645\u0629","publisher":{"@id":"https:\/\/lequotidien.mr\/#organization"},"potentialAction":[{"@type":"SearchAction","target":{"@type":"EntryPoint","urlTemplate":"https:\/\/lequotidien.mr\/?s={search_term_string}"},"query-input":{"@type":"PropertyValueSpecification","valueRequired":true,"valueName":"search_term_string"}}],"inLanguage":"ar"},{"@type":"Organization","@id":"https:\/\/lequotidien.mr\/#organization","name":"Le Quotidien de Nouakchott","url":"https:\/\/lequotidien.mr\/","logo":{"@type":"ImageObject","inLanguage":"ar","@id":"https:\/\/lequotidien.mr\/#\/schema\/logo\/image\/","url":"https:\/\/lequotidien.mr\/wp-content\/uploads\/2022\/11\/logolequotidien.jpg","contentUrl":"https:\/\/lequotidien.mr\/wp-content\/uploads\/2022\/11\/logolequotidien.jpg","width":290,"height":65,"caption":"Le Quotidien de Nouakchott"},"image":{"@id":"https:\/\/lequotidien.mr\/#\/schema\/logo\/image\/"},"sameAs":["https:\/\/web.facebook.com\/lequotidienmr","https:\/\/x.com\/lequotidienmr"]},{"@type":"Person","@id":"https:\/\/lequotidien.mr\/#\/schema\/person\/1077c8abd5640a6514b909318d271dee","name":"Gayi Diawara","image":{"@type":"ImageObject","inLanguage":"ar","@id":"https:\/\/secure.gravatar.com\/avatar\/63ea8db1e19a6d2d608b24c0f78b5f3a7d6e0bc11959fec273410af333e4d0ac?s=96&d=mm&r=g","url":"https:\/\/secure.gravatar.com\/avatar\/63ea8db1e19a6d2d608b24c0f78b5f3a7d6e0bc11959fec273410af333e4d0ac?s=96&d=mm&r=g","contentUrl":"https:\/\/secure.gravatar.com\/avatar\/63ea8db1e19a6d2d608b24c0f78b5f3a7d6e0bc11959fec273410af333e4d0ac?s=96&d=mm&r=g","caption":"Gayi Diawara"},"sameAs":["http:\/\/lequotidien.mr"],"url":"https:\/\/lequotidien.mr\/?author=5"}]}},"_links":{"self":[{"href":"https:\/\/lequotidien.mr\/index.php?rest_route=\/wp\/v2\/posts\/5409","targetHints":{"allow":["GET"]}}],"collection":[{"href":"https:\/\/lequotidien.mr\/index.php?rest_route=\/wp\/v2\/posts"}],"about":[{"href":"https:\/\/lequotidien.mr\/index.php?rest_route=\/wp\/v2\/types\/post"}],"author":[{"embeddable":true,"href":"https:\/\/lequotidien.mr\/index.php?rest_route=\/wp\/v2\/users\/5"}],"replies":[{"embeddable":true,"href":"https:\/\/lequotidien.mr\/index.php?rest_route=%2Fwp%2Fv2%2Fcomments&post=5409"}],"version-history":[{"count":1,"href":"https:\/\/lequotidien.mr\/index.php?rest_route=\/wp\/v2\/posts\/5409\/revisions"}],"predecessor-version":[{"id":5411,"href":"https:\/\/lequotidien.mr\/index.php?rest_route=\/wp\/v2\/posts\/5409\/revisions\/5411"}],"wp:featuredmedia":[{"embeddable":true,"href":"https:\/\/lequotidien.mr\/index.php?rest_route=\/wp\/v2\/media\/5410"}],"wp:attachment":[{"href":"https:\/\/lequotidien.mr\/index.php?rest_route=%2Fwp%2Fv2%2Fmedia&parent=5409"}],"wp:term":[{"taxonomy":"category","embeddable":true,"href":"https:\/\/lequotidien.mr\/index.php?rest_route=%2Fwp%2Fv2%2Fcategories&post=5409"},{"taxonomy":"post_tag","embeddable":true,"href":"https:\/\/lequotidien.mr\/index.php?rest_route=%2Fwp%2Fv2%2Ftags&post=5409"}],"curies":[{"name":"wp","href":"https:\/\/api.w.org\/{rel}","templated":true}]}}