{"id":5405,"date":"2023-02-25T18:11:45","date_gmt":"2023-02-25T18:11:45","guid":{"rendered":"https:\/\/lequotidien.mr\/?p=5405"},"modified":"2023-02-25T18:11:45","modified_gmt":"2023-02-25T18:11:45","slug":"festival-international-soninke-nouakchott-carrefour-culturel-de-lafrique-de-louest-video","status":"publish","type":"post","link":"https:\/\/lequotidien.mr\/?p=5405&lang=fr","title":{"rendered":"Festival international Sonink\u00e9 : Nouakchott carrefour culturel de l\u2019Afrique de l\u2019Ouest\/Vid\u00e9o"},"content":{"rendered":"<p>Le360afrique &#8211; La capitale mauritanienne abrite, du 22 au 26 f\u00e9vrier 2023, la septi\u00e8me \u00e9dition du Festival International Sonink\u00e9 (FISO), sur le th\u00e8me \u00ab\u00e9crire et parler Sonink\u00e9\u00bb. Toute la richesse culturelle, sociale et historique de la communaut\u00e9 Sonink\u00e9 de six pays ouest-africains sera revisit\u00e9e.<\/p>\n<p>Le coup d\u2019envoi de la manifestation a \u00e9t\u00e9 donn\u00e9 en pr\u00e9sence du pr\u00e9sident mauritanien, Mohamed Cheikh El Ghazouani, des membres du gouvernement et d\u2019un nombreux public, qui a pris d\u2019assaut les gradins de l\u2019Office du Complexe Olympique de Nouakchott (OCON).<\/p>\n<p>Participent au FISO Nouakchott 2023, des d\u00e9l\u00e9gations venues du Mali, du S\u00e9n\u00e9gal, de Gambie, de C\u00f4te d\u2019Ivoire, de Guin\u00e9e Conakry et de la diaspora Europe-USA.<\/p>\n<p>La premi\u00e8re soir\u00e9e, haute en couleurs, a \u00e9t\u00e9 marqu\u00e9e par le d\u00e9fil\u00e9 de toutes les d\u00e9l\u00e9gations, exprimant la sp\u00e9cificit\u00e9 et le charme de chaque contr\u00e9e de l\u2019ancien royaume du Ghana-Wagadou, qui a essaim\u00e9 dans toute l\u2019Afrique de l\u2019Ouest.<\/p>\n<p>Aly Boubou Gandega, pr\u00e9sident de l\u2019Association pour la promotion de la culture et de la langue Sonink\u00e9 en Mauritanie, a exprim\u00e9 l\u2019immense joie de son organisation, de la communaut\u00e9 sonink\u00e9 du pays et de toute la Mauritanie, d\u2019accueillir un \u00e9v\u00e9nement capital pour la promotion de la culture, de l\u2019art et tous les aspects de la vie d\u2019un des peuples embl\u00e9matiques d\u2019Afrique de l\u2019Ouest, qui se retrouve dans plusieurs Etats.<\/p>\n<p>Par Amadou Seck (Nouakchott, correspondance)<\/p>\n","protected":false},"excerpt":{"rendered":"<p>Le360afrique &#8211; La capitale mauritanienne abrite, du 22 au 26 f\u00e9vrier 2023, la septi\u00e8me \u00e9dition du Festival International Sonink\u00e9 (FISO), sur le th\u00e8me \u00ab\u00e9crire et parler Sonink\u00e9\u00bb. Toute la richesse culturelle, sociale et historique de la communaut\u00e9 Sonink\u00e9 de six pays ouest-africains sera revisit\u00e9e. Le coup d\u2019envoi de la manifestation a \u00e9t\u00e9 donn\u00e9 en pr\u00e9sence&#8230;..<\/p>\n","protected":false},"author":5,"featured_media":5406,"comment_status":"open","ping_status":"open","sticky":false,"template":"","format":"standard","meta":{"footnotes":""},"categories":[23,55],"tags":[],"class_list":["post-5405","post","type-post","status-publish","format-standard","has-post-thumbnail","hentry","category-actualite","category-culture"],"yoast_head":"<!-- This site is optimized with the Yoast SEO plugin v27.5 - https:\/\/yoast.com\/product\/yoast-seo-wordpress\/ -->\n<title>Festival international Sonink\u00e9 : Nouakchott carrefour culturel de l\u2019Afrique de l\u2019Ouest\/Vid\u00e9o - Le Quotidien de Nouakchott<\/title>\n<meta name=\"robots\" content=\"index, follow, max-snippet:-1, max-image-preview:large, max-video-preview:-1\" \/>\n<link rel=\"canonical\" href=\"https:\/\/lequotidien.mr\/?p=5405&lang=fr\" \/>\n<meta property=\"og:locale\" content=\"ar_AR\" \/>\n<meta property=\"og:type\" content=\"article\" \/>\n<meta property=\"og:title\" content=\"Festival international Sonink\u00e9 : Nouakchott carrefour culturel de l\u2019Afrique de l\u2019Ouest\/Vid\u00e9o - Le Quotidien de Nouakchott\" \/>\n<meta property=\"og:description\" content=\"Le360afrique &#8211; La capitale mauritanienne abrite, du 22 au 26 f\u00e9vrier 2023, la septi\u00e8me \u00e9dition du Festival International Sonink\u00e9 (FISO), sur le th\u00e8me \u00ab\u00e9crire et parler Sonink\u00e9\u00bb. Toute la richesse culturelle, sociale et historique de la communaut\u00e9 Sonink\u00e9 de six pays ouest-africains sera revisit\u00e9e. Le coup d\u2019envoi de la manifestation a \u00e9t\u00e9 donn\u00e9 en pr\u00e9sence.....\" \/>\n<meta property=\"og:url\" content=\"https:\/\/lequotidien.mr\/?p=5405&amp;lang=fr\" \/>\n<meta property=\"og:site_name\" content=\"Le Quotidien de Nouakchott\" \/>\n<meta property=\"article:publisher\" content=\"https:\/\/web.facebook.com\/lequotidienmr\" \/>\n<meta property=\"article:published_time\" content=\"2023-02-25T18:11:45+00:00\" \/>\n<meta property=\"og:image\" content=\"https:\/\/lequotidien.mr\/wp-content\/uploads\/2023\/02\/333403171_130053258734.jpg\" \/>\n\t<meta property=\"og:image:width\" content=\"450\" \/>\n\t<meta property=\"og:image:height\" content=\"361\" \/>\n\t<meta property=\"og:image:type\" content=\"image\/jpeg\" \/>\n<meta name=\"author\" content=\"Gayi Diawara\" \/>\n<meta name=\"twitter:card\" content=\"summary_large_image\" \/>\n<meta name=\"twitter:creator\" content=\"@lequotidienmr\" \/>\n<meta name=\"twitter:site\" content=\"@lequotidienmr\" \/>\n<meta name=\"twitter:label1\" content=\"\u0643\u064f\u062a\u0628 \u0628\u0648\u0627\u0633\u0637\u0629\" \/>\n\t<meta name=\"twitter:data1\" content=\"Gayi Diawara\" \/>\n\t<meta name=\"twitter:label2\" content=\"\u0648\u0642\u062a \u0627\u0644\u0642\u0631\u0627\u0621\u0629 \u0627\u0644\u0645\u064f\u0642\u062f\u0651\u0631\" \/>\n\t<meta name=\"twitter:data2\" content=\"\u062f\u0642\u064a\u0642\u0629 \u0648\u0627\u062d\u062f\u0629\" \/>\n<script type=\"application\/ld+json\" class=\"yoast-schema-graph\">{\"@context\":\"https:\\\/\\\/schema.org\",\"@graph\":[{\"@type\":\"Article\",\"@id\":\"https:\\\/\\\/lequotidien.mr\\\/?p=5405&lang=fr#article\",\"isPartOf\":{\"@id\":\"https:\\\/\\\/lequotidien.mr\\\/?p=5405&lang=fr\"},\"author\":{\"name\":\"Gayi Diawara\",\"@id\":\"https:\\\/\\\/lequotidien.mr\\\/#\\\/schema\\\/person\\\/1077c8abd5640a6514b909318d271dee\"},\"headline\":\"Festival international Sonink\u00e9 : Nouakchott carrefour culturel de l\u2019Afrique de l\u2019Ouest\\\/Vid\u00e9o\",\"datePublished\":\"2023-02-25T18:11:45+00:00\",\"mainEntityOfPage\":{\"@id\":\"https:\\\/\\\/lequotidien.mr\\\/?p=5405&lang=fr\"},\"wordCount\":270,\"commentCount\":0,\"publisher\":{\"@id\":\"https:\\\/\\\/lequotidien.mr\\\/#organization\"},\"image\":{\"@id\":\"https:\\\/\\\/lequotidien.mr\\\/?p=5405&lang=fr#primaryimage\"},\"thumbnailUrl\":\"https:\\\/\\\/lequotidien.mr\\\/wp-content\\\/uploads\\\/2023\\\/02\\\/333403171_130053258734.jpg\",\"articleSection\":[\"ACTUALIT\u00c9\",\"Culture\"],\"inLanguage\":\"ar\",\"potentialAction\":[{\"@type\":\"CommentAction\",\"name\":\"Comment\",\"target\":[\"https:\\\/\\\/lequotidien.mr\\\/?p=5405&lang=fr#respond\"]}]},{\"@type\":\"WebPage\",\"@id\":\"https:\\\/\\\/lequotidien.mr\\\/?p=5405&lang=fr\",\"url\":\"https:\\\/\\\/lequotidien.mr\\\/?p=5405&lang=fr\",\"name\":\"Festival international Sonink\u00e9 : Nouakchott carrefour culturel de l\u2019Afrique de l\u2019Ouest\\\/Vid\u00e9o - Le Quotidien de Nouakchott\",\"isPartOf\":{\"@id\":\"https:\\\/\\\/lequotidien.mr\\\/#website\"},\"primaryImageOfPage\":{\"@id\":\"https:\\\/\\\/lequotidien.mr\\\/?p=5405&lang=fr#primaryimage\"},\"image\":{\"@id\":\"https:\\\/\\\/lequotidien.mr\\\/?p=5405&lang=fr#primaryimage\"},\"thumbnailUrl\":\"https:\\\/\\\/lequotidien.mr\\\/wp-content\\\/uploads\\\/2023\\\/02\\\/333403171_130053258734.jpg\",\"datePublished\":\"2023-02-25T18:11:45+00:00\",\"breadcrumb\":{\"@id\":\"https:\\\/\\\/lequotidien.mr\\\/?p=5405&lang=fr#breadcrumb\"},\"inLanguage\":\"ar\",\"potentialAction\":[{\"@type\":\"ReadAction\",\"target\":[\"https:\\\/\\\/lequotidien.mr\\\/?p=5405&lang=fr\"]}]},{\"@type\":\"ImageObject\",\"inLanguage\":\"ar\",\"@id\":\"https:\\\/\\\/lequotidien.mr\\\/?p=5405&lang=fr#primaryimage\",\"url\":\"https:\\\/\\\/lequotidien.mr\\\/wp-content\\\/uploads\\\/2023\\\/02\\\/333403171_130053258734.jpg\",\"contentUrl\":\"https:\\\/\\\/lequotidien.mr\\\/wp-content\\\/uploads\\\/2023\\\/02\\\/333403171_130053258734.jpg\",\"width\":450,\"height\":361},{\"@type\":\"BreadcrumbList\",\"@id\":\"https:\\\/\\\/lequotidien.mr\\\/?p=5405&lang=fr#breadcrumb\",\"itemListElement\":[{\"@type\":\"ListItem\",\"position\":1,\"name\":\"Home\",\"item\":\"https:\\\/\\\/lequotidien.mr\\\/\"},{\"@type\":\"ListItem\",\"position\":2,\"name\":\"Festival international Sonink\u00e9 : Nouakchott carrefour culturel de l\u2019Afrique de l\u2019Ouest\\\/Vid\u00e9o\"}]},{\"@type\":\"WebSite\",\"@id\":\"https:\\\/\\\/lequotidien.mr\\\/#website\",\"url\":\"https:\\\/\\\/lequotidien.mr\\\/\",\"name\":\"Le Quotidien de Nouakchott\",\"description\":\"\u0625\u062e\u0628\u0627\u0631\u064a\u0629 \u0645\u0633\u062a\u0642\u0644\u0629 \u0644\u0644\u0623\u0646\u0628\u0627\u0621 \u0627\u0644\u0639\u0627\u0645\u0629\",\"publisher\":{\"@id\":\"https:\\\/\\\/lequotidien.mr\\\/#organization\"},\"potentialAction\":[{\"@type\":\"SearchAction\",\"target\":{\"@type\":\"EntryPoint\",\"urlTemplate\":\"https:\\\/\\\/lequotidien.mr\\\/?s={search_term_string}\"},\"query-input\":{\"@type\":\"PropertyValueSpecification\",\"valueRequired\":true,\"valueName\":\"search_term_string\"}}],\"inLanguage\":\"ar\"},{\"@type\":\"Organization\",\"@id\":\"https:\\\/\\\/lequotidien.mr\\\/#organization\",\"name\":\"Le Quotidien de Nouakchott\",\"url\":\"https:\\\/\\\/lequotidien.mr\\\/\",\"logo\":{\"@type\":\"ImageObject\",\"inLanguage\":\"ar\",\"@id\":\"https:\\\/\\\/lequotidien.mr\\\/#\\\/schema\\\/logo\\\/image\\\/\",\"url\":\"https:\\\/\\\/lequotidien.mr\\\/wp-content\\\/uploads\\\/2022\\\/11\\\/logolequotidien.jpg\",\"contentUrl\":\"https:\\\/\\\/lequotidien.mr\\\/wp-content\\\/uploads\\\/2022\\\/11\\\/logolequotidien.jpg\",\"width\":290,\"height\":65,\"caption\":\"Le Quotidien de Nouakchott\"},\"image\":{\"@id\":\"https:\\\/\\\/lequotidien.mr\\\/#\\\/schema\\\/logo\\\/image\\\/\"},\"sameAs\":[\"https:\\\/\\\/web.facebook.com\\\/lequotidienmr\",\"https:\\\/\\\/x.com\\\/lequotidienmr\"]},{\"@type\":\"Person\",\"@id\":\"https:\\\/\\\/lequotidien.mr\\\/#\\\/schema\\\/person\\\/1077c8abd5640a6514b909318d271dee\",\"name\":\"Gayi Diawara\",\"image\":{\"@type\":\"ImageObject\",\"inLanguage\":\"ar\",\"@id\":\"https:\\\/\\\/secure.gravatar.com\\\/avatar\\\/63ea8db1e19a6d2d608b24c0f78b5f3a7d6e0bc11959fec273410af333e4d0ac?s=96&d=mm&r=g\",\"url\":\"https:\\\/\\\/secure.gravatar.com\\\/avatar\\\/63ea8db1e19a6d2d608b24c0f78b5f3a7d6e0bc11959fec273410af333e4d0ac?s=96&d=mm&r=g\",\"contentUrl\":\"https:\\\/\\\/secure.gravatar.com\\\/avatar\\\/63ea8db1e19a6d2d608b24c0f78b5f3a7d6e0bc11959fec273410af333e4d0ac?s=96&d=mm&r=g\",\"caption\":\"Gayi Diawara\"},\"sameAs\":[\"http:\\\/\\\/lequotidien.mr\"],\"url\":\"https:\\\/\\\/lequotidien.mr\\\/?author=5\"}]}<\/script>\n<!-- \/ Yoast SEO plugin. -->","yoast_head_json":{"title":"Festival international Sonink\u00e9 : Nouakchott carrefour culturel de l\u2019Afrique de l\u2019Ouest\/Vid\u00e9o - Le Quotidien de Nouakchott","robots":{"index":"index","follow":"follow","max-snippet":"max-snippet:-1","max-image-preview":"max-image-preview:large","max-video-preview":"max-video-preview:-1"},"canonical":"https:\/\/lequotidien.mr\/?p=5405&lang=fr","og_locale":"ar_AR","og_type":"article","og_title":"Festival international Sonink\u00e9 : Nouakchott carrefour culturel de l\u2019Afrique de l\u2019Ouest\/Vid\u00e9o - Le Quotidien de Nouakchott","og_description":"Le360afrique &#8211; La capitale mauritanienne abrite, du 22 au 26 f\u00e9vrier 2023, la septi\u00e8me \u00e9dition du Festival International Sonink\u00e9 (FISO), sur le th\u00e8me \u00ab\u00e9crire et parler Sonink\u00e9\u00bb. Toute la richesse culturelle, sociale et historique de la communaut\u00e9 Sonink\u00e9 de six pays ouest-africains sera revisit\u00e9e. Le coup d\u2019envoi de la manifestation a \u00e9t\u00e9 donn\u00e9 en pr\u00e9sence.....","og_url":"https:\/\/lequotidien.mr\/?p=5405&lang=fr","og_site_name":"Le Quotidien de Nouakchott","article_publisher":"https:\/\/web.facebook.com\/lequotidienmr","article_published_time":"2023-02-25T18:11:45+00:00","og_image":[{"width":450,"height":361,"url":"https:\/\/lequotidien.mr\/wp-content\/uploads\/2023\/02\/333403171_130053258734.jpg","type":"image\/jpeg"}],"author":"Gayi Diawara","twitter_card":"summary_large_image","twitter_creator":"@lequotidienmr","twitter_site":"@lequotidienmr","twitter_misc":{"\u0643\u064f\u062a\u0628 \u0628\u0648\u0627\u0633\u0637\u0629":"Gayi Diawara","\u0648\u0642\u062a \u0627\u0644\u0642\u0631\u0627\u0621\u0629 \u0627\u0644\u0645\u064f\u0642\u062f\u0651\u0631":"\u062f\u0642\u064a\u0642\u0629 \u0648\u0627\u062d\u062f\u0629"},"schema":{"@context":"https:\/\/schema.org","@graph":[{"@type":"Article","@id":"https:\/\/lequotidien.mr\/?p=5405&lang=fr#article","isPartOf":{"@id":"https:\/\/lequotidien.mr\/?p=5405&lang=fr"},"author":{"name":"Gayi Diawara","@id":"https:\/\/lequotidien.mr\/#\/schema\/person\/1077c8abd5640a6514b909318d271dee"},"headline":"Festival international Sonink\u00e9 : Nouakchott carrefour culturel de l\u2019Afrique de l\u2019Ouest\/Vid\u00e9o","datePublished":"2023-02-25T18:11:45+00:00","mainEntityOfPage":{"@id":"https:\/\/lequotidien.mr\/?p=5405&lang=fr"},"wordCount":270,"commentCount":0,"publisher":{"@id":"https:\/\/lequotidien.mr\/#organization"},"image":{"@id":"https:\/\/lequotidien.mr\/?p=5405&lang=fr#primaryimage"},"thumbnailUrl":"https:\/\/lequotidien.mr\/wp-content\/uploads\/2023\/02\/333403171_130053258734.jpg","articleSection":["ACTUALIT\u00c9","Culture"],"inLanguage":"ar","potentialAction":[{"@type":"CommentAction","name":"Comment","target":["https:\/\/lequotidien.mr\/?p=5405&lang=fr#respond"]}]},{"@type":"WebPage","@id":"https:\/\/lequotidien.mr\/?p=5405&lang=fr","url":"https:\/\/lequotidien.mr\/?p=5405&lang=fr","name":"Festival international Sonink\u00e9 : Nouakchott carrefour culturel de l\u2019Afrique de l\u2019Ouest\/Vid\u00e9o - Le Quotidien de Nouakchott","isPartOf":{"@id":"https:\/\/lequotidien.mr\/#website"},"primaryImageOfPage":{"@id":"https:\/\/lequotidien.mr\/?p=5405&lang=fr#primaryimage"},"image":{"@id":"https:\/\/lequotidien.mr\/?p=5405&lang=fr#primaryimage"},"thumbnailUrl":"https:\/\/lequotidien.mr\/wp-content\/uploads\/2023\/02\/333403171_130053258734.jpg","datePublished":"2023-02-25T18:11:45+00:00","breadcrumb":{"@id":"https:\/\/lequotidien.mr\/?p=5405&lang=fr#breadcrumb"},"inLanguage":"ar","potentialAction":[{"@type":"ReadAction","target":["https:\/\/lequotidien.mr\/?p=5405&lang=fr"]}]},{"@type":"ImageObject","inLanguage":"ar","@id":"https:\/\/lequotidien.mr\/?p=5405&lang=fr#primaryimage","url":"https:\/\/lequotidien.mr\/wp-content\/uploads\/2023\/02\/333403171_130053258734.jpg","contentUrl":"https:\/\/lequotidien.mr\/wp-content\/uploads\/2023\/02\/333403171_130053258734.jpg","width":450,"height":361},{"@type":"BreadcrumbList","@id":"https:\/\/lequotidien.mr\/?p=5405&lang=fr#breadcrumb","itemListElement":[{"@type":"ListItem","position":1,"name":"Home","item":"https:\/\/lequotidien.mr\/"},{"@type":"ListItem","position":2,"name":"Festival international Sonink\u00e9 : Nouakchott carrefour culturel de l\u2019Afrique de l\u2019Ouest\/Vid\u00e9o"}]},{"@type":"WebSite","@id":"https:\/\/lequotidien.mr\/#website","url":"https:\/\/lequotidien.mr\/","name":"Le Quotidien de Nouakchott","description":"\u0625\u062e\u0628\u0627\u0631\u064a\u0629 \u0645\u0633\u062a\u0642\u0644\u0629 \u0644\u0644\u0623\u0646\u0628\u0627\u0621 \u0627\u0644\u0639\u0627\u0645\u0629","publisher":{"@id":"https:\/\/lequotidien.mr\/#organization"},"potentialAction":[{"@type":"SearchAction","target":{"@type":"EntryPoint","urlTemplate":"https:\/\/lequotidien.mr\/?s={search_term_string}"},"query-input":{"@type":"PropertyValueSpecification","valueRequired":true,"valueName":"search_term_string"}}],"inLanguage":"ar"},{"@type":"Organization","@id":"https:\/\/lequotidien.mr\/#organization","name":"Le Quotidien de Nouakchott","url":"https:\/\/lequotidien.mr\/","logo":{"@type":"ImageObject","inLanguage":"ar","@id":"https:\/\/lequotidien.mr\/#\/schema\/logo\/image\/","url":"https:\/\/lequotidien.mr\/wp-content\/uploads\/2022\/11\/logolequotidien.jpg","contentUrl":"https:\/\/lequotidien.mr\/wp-content\/uploads\/2022\/11\/logolequotidien.jpg","width":290,"height":65,"caption":"Le Quotidien de Nouakchott"},"image":{"@id":"https:\/\/lequotidien.mr\/#\/schema\/logo\/image\/"},"sameAs":["https:\/\/web.facebook.com\/lequotidienmr","https:\/\/x.com\/lequotidienmr"]},{"@type":"Person","@id":"https:\/\/lequotidien.mr\/#\/schema\/person\/1077c8abd5640a6514b909318d271dee","name":"Gayi Diawara","image":{"@type":"ImageObject","inLanguage":"ar","@id":"https:\/\/secure.gravatar.com\/avatar\/63ea8db1e19a6d2d608b24c0f78b5f3a7d6e0bc11959fec273410af333e4d0ac?s=96&d=mm&r=g","url":"https:\/\/secure.gravatar.com\/avatar\/63ea8db1e19a6d2d608b24c0f78b5f3a7d6e0bc11959fec273410af333e4d0ac?s=96&d=mm&r=g","contentUrl":"https:\/\/secure.gravatar.com\/avatar\/63ea8db1e19a6d2d608b24c0f78b5f3a7d6e0bc11959fec273410af333e4d0ac?s=96&d=mm&r=g","caption":"Gayi Diawara"},"sameAs":["http:\/\/lequotidien.mr"],"url":"https:\/\/lequotidien.mr\/?author=5"}]}},"_links":{"self":[{"href":"https:\/\/lequotidien.mr\/index.php?rest_route=\/wp\/v2\/posts\/5405","targetHints":{"allow":["GET"]}}],"collection":[{"href":"https:\/\/lequotidien.mr\/index.php?rest_route=\/wp\/v2\/posts"}],"about":[{"href":"https:\/\/lequotidien.mr\/index.php?rest_route=\/wp\/v2\/types\/post"}],"author":[{"embeddable":true,"href":"https:\/\/lequotidien.mr\/index.php?rest_route=\/wp\/v2\/users\/5"}],"replies":[{"embeddable":true,"href":"https:\/\/lequotidien.mr\/index.php?rest_route=%2Fwp%2Fv2%2Fcomments&post=5405"}],"version-history":[{"count":1,"href":"https:\/\/lequotidien.mr\/index.php?rest_route=\/wp\/v2\/posts\/5405\/revisions"}],"predecessor-version":[{"id":5407,"href":"https:\/\/lequotidien.mr\/index.php?rest_route=\/wp\/v2\/posts\/5405\/revisions\/5407"}],"wp:featuredmedia":[{"embeddable":true,"href":"https:\/\/lequotidien.mr\/index.php?rest_route=\/wp\/v2\/media\/5406"}],"wp:attachment":[{"href":"https:\/\/lequotidien.mr\/index.php?rest_route=%2Fwp%2Fv2%2Fmedia&parent=5405"}],"wp:term":[{"taxonomy":"category","embeddable":true,"href":"https:\/\/lequotidien.mr\/index.php?rest_route=%2Fwp%2Fv2%2Fcategories&post=5405"},{"taxonomy":"post_tag","embeddable":true,"href":"https:\/\/lequotidien.mr\/index.php?rest_route=%2Fwp%2Fv2%2Ftags&post=5405"}],"curies":[{"name":"wp","href":"https:\/\/api.w.org\/{rel}","templated":true}]}}