{"id":5341,"date":"2023-02-23T21:43:58","date_gmt":"2023-02-23T21:43:58","guid":{"rendered":"https:\/\/lequotidien.mr\/?p=5341"},"modified":"2023-02-23T21:43:58","modified_gmt":"2023-02-23T21:43:58","slug":"le-delegue-general-de-taazour-sentretient-avec-une-delegation-de-lalliance-sahel","status":"publish","type":"post","link":"https:\/\/lequotidien.mr\/?p=5341&lang=fr","title":{"rendered":"Le d\u00e9l\u00e9gu\u00e9 g\u00e9n\u00e9ral de TAAZOUR s\u2019entretient avec une d\u00e9l\u00e9gation de l\u2019Alliance Sahel"},"content":{"rendered":"<p>Le d\u00e9l\u00e9gu\u00e9 g\u00e9n\u00e9ral \u00e0 la Solidarit\u00e9 nationale et \u00e0 la Lutte contre l\u2019Exclusion, TAAZOUR, M. Mohamed Ali Ould Sidi Mohamed, s\u2019est r\u00e9uni, jeudi \u00e0 Nouakchott, avec une mission de haut niveau de l\u2019Alliance Sahel conduite par Mme Carmen Magarinos, pr\u00e9sidente de l\u2019Assembl\u00e9e g\u00e9n\u00e9rale de l\u2019Alliance, repr\u00e9sentant le ministre espagnol des Affaires \u00e9trang\u00e8res.<\/p>\n<p>La rencontre, qui s\u2019inscrit dans le cadre de la visite qu\u2019effectue actuellement la mission en Mauritanie au seuil de sa pr\u00e9sidence du G5, a port\u00e9 sur les priorit\u00e9s du gouvernement mauritanien par rapport \u00e0 la protection sociale, ou autres projets ou interventions y aff\u00e9rentes mis en \u0153uvre par TAAZOUR en faveur des couches vuln\u00e9rables.<\/p>\n<p>Ouvrant la r\u00e9union, le d\u00e9l\u00e9gu\u00e9 g\u00e9n\u00e9ral a exprim\u00e9 sa gratitude aux hautes autorit\u00e9s des pays membres de l\u2019Alliance Sahel pour l\u2019aide et le soutien qu\u2019ils offrent \u00e0 la Mauritanie en toute circonstance.<\/p>\n<p>Ould Sidi Mohamed a, au cours de la r\u00e9union, pr\u00e9sent\u00e9 une communication d\u00e9taill\u00e9e sur la mission assign\u00e9e \u00e0 son institution, qui, essentiellement, consiste \u00e0 ex\u00e9cuter le programme \u00e9largi du Pr\u00e9sident de la R\u00e9publique, Monsieur Mohamed Ould Cheikh El Ghazouani \u2018\u2019TAAHOUDATI\u2019\u2019, en particulier, en son volet social orient\u00e9 vers les couches sociales les plus d\u00e9munis.<\/p>\n<p>Il a ajout\u00e9 que TAAZOUR a ex\u00e9cut\u00e9 une gamme de projets sociaux au profit des pauvres dans le cadre du programme du Pr\u00e9sident de la R\u00e9publique dans pratiquement tous les domaines li\u00e9s \u00e0 la vie quotidienne des populations.<\/p>\n<p>Egalement, la mission a pu suivre une autre communication pr\u00e9sent\u00e9e par M. Moulaye El Hassane Ould Zeidane, coordinateur national de TAAZOUR, ax\u00e9e sur les interventions, les programmes et les projets sociaux pr\u00e9sentement mis en \u0153uvre par son institution.<\/p>\n<p>Dans une d\u00e9claration \u00e0 l\u2019AMI, en marge de la rencontre, la pr\u00e9sidente de l\u2019Assembl\u00e9e g\u00e9n\u00e9rale de l\u2019Alliance Sahel a indiqu\u00e9 que l\u2019objectif de la visite, qui dure deux jours, est de se concerter avec les responsables mauritaniens autour des priorit\u00e9s du pays dans le cadre de sa pr\u00e9sidence du G5 Sahel.<\/p>\n<p>Elle a ajout\u00e9 que ces rencontres concernent les responsables des projets, programmes et\/ou partenariat au d\u00e9veloppement en Mauritanie en vue de d\u00e9finir des programmes nouveaux capables d\u2019appuyer les efforts entrepris par les pouvoirs publics en faveur du bien-\u00eatre des couches d\u00e9favoris\u00e9es.<\/p>\n<p>Notons que l\u2019Alliance Sahel, form\u00e9e de la Banque Mondiale, de la France, de l\u2019Espagne, de l\u2019Allemagne et du Pays-Bas, ex\u00e9cute des projets en Mauritanie li\u00e9s \u00e0 l\u2019alimentation et aux cash transferts.<\/p>\n","protected":false},"excerpt":{"rendered":"<p>Le d\u00e9l\u00e9gu\u00e9 g\u00e9n\u00e9ral \u00e0 la Solidarit\u00e9 nationale et \u00e0 la Lutte contre l\u2019Exclusion, TAAZOUR, M. Mohamed Ali Ould Sidi Mohamed, s\u2019est r\u00e9uni, jeudi \u00e0 Nouakchott, avec une mission de haut niveau de l\u2019Alliance Sahel conduite par Mme Carmen Magarinos, pr\u00e9sidente de l\u2019Assembl\u00e9e g\u00e9n\u00e9rale de l\u2019Alliance, repr\u00e9sentant le ministre espagnol des Affaires \u00e9trang\u00e8res. La rencontre, qui&#8230;..<\/p>\n","protected":false},"author":3,"featured_media":5342,"comment_status":"open","ping_status":"open","sticky":false,"template":"","format":"standard","meta":{"footnotes":""},"categories":[23,49],"tags":[],"class_list":["post-5341","post","type-post","status-publish","format-standard","has-post-thumbnail","hentry","category-actualite","category-economie"],"yoast_head":"<!-- This site is optimized with the Yoast SEO plugin v27.5 - https:\/\/yoast.com\/product\/yoast-seo-wordpress\/ -->\n<title>Le d\u00e9l\u00e9gu\u00e9 g\u00e9n\u00e9ral de TAAZOUR s\u2019entretient avec une d\u00e9l\u00e9gation de l\u2019Alliance Sahel - Le Quotidien de Nouakchott<\/title>\n<meta name=\"robots\" content=\"index, follow, max-snippet:-1, max-image-preview:large, max-video-preview:-1\" \/>\n<link rel=\"canonical\" href=\"https:\/\/lequotidien.mr\/?p=5341&lang=fr\" \/>\n<meta property=\"og:locale\" content=\"ar_AR\" \/>\n<meta property=\"og:type\" content=\"article\" \/>\n<meta property=\"og:title\" content=\"Le d\u00e9l\u00e9gu\u00e9 g\u00e9n\u00e9ral de TAAZOUR s\u2019entretient avec une d\u00e9l\u00e9gation de l\u2019Alliance Sahel - Le Quotidien de Nouakchott\" \/>\n<meta property=\"og:description\" content=\"Le d\u00e9l\u00e9gu\u00e9 g\u00e9n\u00e9ral \u00e0 la Solidarit\u00e9 nationale et \u00e0 la Lutte contre l\u2019Exclusion, TAAZOUR, M. Mohamed Ali Ould Sidi Mohamed, s\u2019est r\u00e9uni, jeudi \u00e0 Nouakchott, avec une mission de haut niveau de l\u2019Alliance Sahel conduite par Mme Carmen Magarinos, pr\u00e9sidente de l\u2019Assembl\u00e9e g\u00e9n\u00e9rale de l\u2019Alliance, repr\u00e9sentant le ministre espagnol des Affaires \u00e9trang\u00e8res. La rencontre, qui.....\" \/>\n<meta property=\"og:url\" content=\"https:\/\/lequotidien.mr\/?p=5341&amp;lang=fr\" \/>\n<meta property=\"og:site_name\" content=\"Le Quotidien de Nouakchott\" \/>\n<meta property=\"article:publisher\" content=\"https:\/\/web.facebook.com\/lequotidienmr\" \/>\n<meta property=\"article:author\" content=\"https:\/\/web.facebook.com\/a.mleiwih\" \/>\n<meta property=\"article:published_time\" content=\"2023-02-23T21:43:58+00:00\" \/>\n<meta property=\"og:image\" content=\"https:\/\/lequotidien.mr\/wp-content\/uploads\/2023\/02\/IMG-20230223-WA0033.jpg\" \/>\n\t<meta property=\"og:image:width\" content=\"750\" \/>\n\t<meta property=\"og:image:height\" content=\"430\" \/>\n\t<meta property=\"og:image:type\" content=\"image\/jpeg\" \/>\n<meta name=\"author\" content=\"Alioun M&#039;leiwih\" \/>\n<meta name=\"twitter:card\" content=\"summary_large_image\" \/>\n<meta name=\"twitter:creator\" content=\"@lequotidienmr\" \/>\n<meta name=\"twitter:site\" content=\"@lequotidienmr\" \/>\n<meta name=\"twitter:label1\" content=\"\u0643\u064f\u062a\u0628 \u0628\u0648\u0627\u0633\u0637\u0629\" \/>\n\t<meta name=\"twitter:data1\" content=\"Alioun M&#039;leiwih\" \/>\n\t<meta name=\"twitter:label2\" content=\"\u0648\u0642\u062a \u0627\u0644\u0642\u0631\u0627\u0621\u0629 \u0627\u0644\u0645\u064f\u0642\u062f\u0651\u0631\" \/>\n\t<meta name=\"twitter:data2\" content=\"\u062f\u0642\u064a\u0642\u062a\u0627\u0646\" \/>\n<script type=\"application\/ld+json\" class=\"yoast-schema-graph\">{\"@context\":\"https:\\\/\\\/schema.org\",\"@graph\":[{\"@type\":\"Article\",\"@id\":\"https:\\\/\\\/lequotidien.mr\\\/?p=5341&lang=fr#article\",\"isPartOf\":{\"@id\":\"https:\\\/\\\/lequotidien.mr\\\/?p=5341&lang=fr\"},\"author\":{\"name\":\"Alioun M'leiwih\",\"@id\":\"https:\\\/\\\/lequotidien.mr\\\/#\\\/schema\\\/person\\\/69d1518c74c9137087929a20b1272cb0\"},\"headline\":\"Le d\u00e9l\u00e9gu\u00e9 g\u00e9n\u00e9ral de TAAZOUR s\u2019entretient avec une d\u00e9l\u00e9gation de l\u2019Alliance Sahel\",\"datePublished\":\"2023-02-23T21:43:58+00:00\",\"mainEntityOfPage\":{\"@id\":\"https:\\\/\\\/lequotidien.mr\\\/?p=5341&lang=fr\"},\"wordCount\":474,\"commentCount\":0,\"publisher\":{\"@id\":\"https:\\\/\\\/lequotidien.mr\\\/#organization\"},\"image\":{\"@id\":\"https:\\\/\\\/lequotidien.mr\\\/?p=5341&lang=fr#primaryimage\"},\"thumbnailUrl\":\"https:\\\/\\\/lequotidien.mr\\\/wp-content\\\/uploads\\\/2023\\\/02\\\/IMG-20230223-WA0033.jpg\",\"articleSection\":[\"ACTUALIT\u00c9\",\"Economie\"],\"inLanguage\":\"ar\",\"potentialAction\":[{\"@type\":\"CommentAction\",\"name\":\"Comment\",\"target\":[\"https:\\\/\\\/lequotidien.mr\\\/?p=5341&lang=fr#respond\"]}]},{\"@type\":\"WebPage\",\"@id\":\"https:\\\/\\\/lequotidien.mr\\\/?p=5341&lang=fr\",\"url\":\"https:\\\/\\\/lequotidien.mr\\\/?p=5341&lang=fr\",\"name\":\"Le d\u00e9l\u00e9gu\u00e9 g\u00e9n\u00e9ral de TAAZOUR s\u2019entretient avec une d\u00e9l\u00e9gation de l\u2019Alliance Sahel - Le Quotidien de Nouakchott\",\"isPartOf\":{\"@id\":\"https:\\\/\\\/lequotidien.mr\\\/#website\"},\"primaryImageOfPage\":{\"@id\":\"https:\\\/\\\/lequotidien.mr\\\/?p=5341&lang=fr#primaryimage\"},\"image\":{\"@id\":\"https:\\\/\\\/lequotidien.mr\\\/?p=5341&lang=fr#primaryimage\"},\"thumbnailUrl\":\"https:\\\/\\\/lequotidien.mr\\\/wp-content\\\/uploads\\\/2023\\\/02\\\/IMG-20230223-WA0033.jpg\",\"datePublished\":\"2023-02-23T21:43:58+00:00\",\"breadcrumb\":{\"@id\":\"https:\\\/\\\/lequotidien.mr\\\/?p=5341&lang=fr#breadcrumb\"},\"inLanguage\":\"ar\",\"potentialAction\":[{\"@type\":\"ReadAction\",\"target\":[\"https:\\\/\\\/lequotidien.mr\\\/?p=5341&lang=fr\"]}]},{\"@type\":\"ImageObject\",\"inLanguage\":\"ar\",\"@id\":\"https:\\\/\\\/lequotidien.mr\\\/?p=5341&lang=fr#primaryimage\",\"url\":\"https:\\\/\\\/lequotidien.mr\\\/wp-content\\\/uploads\\\/2023\\\/02\\\/IMG-20230223-WA0033.jpg\",\"contentUrl\":\"https:\\\/\\\/lequotidien.mr\\\/wp-content\\\/uploads\\\/2023\\\/02\\\/IMG-20230223-WA0033.jpg\",\"width\":750,\"height\":430},{\"@type\":\"BreadcrumbList\",\"@id\":\"https:\\\/\\\/lequotidien.mr\\\/?p=5341&lang=fr#breadcrumb\",\"itemListElement\":[{\"@type\":\"ListItem\",\"position\":1,\"name\":\"Home\",\"item\":\"https:\\\/\\\/lequotidien.mr\\\/\"},{\"@type\":\"ListItem\",\"position\":2,\"name\":\"Le d\u00e9l\u00e9gu\u00e9 g\u00e9n\u00e9ral de TAAZOUR s\u2019entretient avec une d\u00e9l\u00e9gation de l\u2019Alliance Sahel\"}]},{\"@type\":\"WebSite\",\"@id\":\"https:\\\/\\\/lequotidien.mr\\\/#website\",\"url\":\"https:\\\/\\\/lequotidien.mr\\\/\",\"name\":\"Le Quotidien de Nouakchott\",\"description\":\"\u0625\u062e\u0628\u0627\u0631\u064a\u0629 \u0645\u0633\u062a\u0642\u0644\u0629 \u0644\u0644\u0623\u0646\u0628\u0627\u0621 \u0627\u0644\u0639\u0627\u0645\u0629\",\"publisher\":{\"@id\":\"https:\\\/\\\/lequotidien.mr\\\/#organization\"},\"potentialAction\":[{\"@type\":\"SearchAction\",\"target\":{\"@type\":\"EntryPoint\",\"urlTemplate\":\"https:\\\/\\\/lequotidien.mr\\\/?s={search_term_string}\"},\"query-input\":{\"@type\":\"PropertyValueSpecification\",\"valueRequired\":true,\"valueName\":\"search_term_string\"}}],\"inLanguage\":\"ar\"},{\"@type\":\"Organization\",\"@id\":\"https:\\\/\\\/lequotidien.mr\\\/#organization\",\"name\":\"Le Quotidien de Nouakchott\",\"url\":\"https:\\\/\\\/lequotidien.mr\\\/\",\"logo\":{\"@type\":\"ImageObject\",\"inLanguage\":\"ar\",\"@id\":\"https:\\\/\\\/lequotidien.mr\\\/#\\\/schema\\\/logo\\\/image\\\/\",\"url\":\"https:\\\/\\\/lequotidien.mr\\\/wp-content\\\/uploads\\\/2022\\\/11\\\/logolequotidien.jpg\",\"contentUrl\":\"https:\\\/\\\/lequotidien.mr\\\/wp-content\\\/uploads\\\/2022\\\/11\\\/logolequotidien.jpg\",\"width\":290,\"height\":65,\"caption\":\"Le Quotidien de Nouakchott\"},\"image\":{\"@id\":\"https:\\\/\\\/lequotidien.mr\\\/#\\\/schema\\\/logo\\\/image\\\/\"},\"sameAs\":[\"https:\\\/\\\/web.facebook.com\\\/lequotidienmr\",\"https:\\\/\\\/x.com\\\/lequotidienmr\"]},{\"@type\":\"Person\",\"@id\":\"https:\\\/\\\/lequotidien.mr\\\/#\\\/schema\\\/person\\\/69d1518c74c9137087929a20b1272cb0\",\"name\":\"Alioun M'leiwih\",\"image\":{\"@type\":\"ImageObject\",\"inLanguage\":\"ar\",\"@id\":\"https:\\\/\\\/secure.gravatar.com\\\/avatar\\\/01f9d357222d7d4ca8f71662f4b081718f06d25b11fc45662ecca0622d507e51?s=96&d=mm&r=g\",\"url\":\"https:\\\/\\\/secure.gravatar.com\\\/avatar\\\/01f9d357222d7d4ca8f71662f4b081718f06d25b11fc45662ecca0622d507e51?s=96&d=mm&r=g\",\"contentUrl\":\"https:\\\/\\\/secure.gravatar.com\\\/avatar\\\/01f9d357222d7d4ca8f71662f4b081718f06d25b11fc45662ecca0622d507e51?s=96&d=mm&r=g\",\"caption\":\"Alioun M'leiwih\"},\"sameAs\":[\"https:\\\/\\\/lequotidien.mr\\\/\",\"https:\\\/\\\/web.facebook.com\\\/a.mleiwih\",\"https:\\\/\\\/www.linkedin.com\\\/in\\\/alimlewih\\\/\"],\"url\":\"https:\\\/\\\/lequotidien.mr\\\/?author=3\"}]}<\/script>\n<!-- \/ Yoast SEO plugin. -->","yoast_head_json":{"title":"Le d\u00e9l\u00e9gu\u00e9 g\u00e9n\u00e9ral de TAAZOUR s\u2019entretient avec une d\u00e9l\u00e9gation de l\u2019Alliance Sahel - Le Quotidien de Nouakchott","robots":{"index":"index","follow":"follow","max-snippet":"max-snippet:-1","max-image-preview":"max-image-preview:large","max-video-preview":"max-video-preview:-1"},"canonical":"https:\/\/lequotidien.mr\/?p=5341&lang=fr","og_locale":"ar_AR","og_type":"article","og_title":"Le d\u00e9l\u00e9gu\u00e9 g\u00e9n\u00e9ral de TAAZOUR s\u2019entretient avec une d\u00e9l\u00e9gation de l\u2019Alliance Sahel - Le Quotidien de Nouakchott","og_description":"Le d\u00e9l\u00e9gu\u00e9 g\u00e9n\u00e9ral \u00e0 la Solidarit\u00e9 nationale et \u00e0 la Lutte contre l\u2019Exclusion, TAAZOUR, M. Mohamed Ali Ould Sidi Mohamed, s\u2019est r\u00e9uni, jeudi \u00e0 Nouakchott, avec une mission de haut niveau de l\u2019Alliance Sahel conduite par Mme Carmen Magarinos, pr\u00e9sidente de l\u2019Assembl\u00e9e g\u00e9n\u00e9rale de l\u2019Alliance, repr\u00e9sentant le ministre espagnol des Affaires \u00e9trang\u00e8res. La rencontre, qui.....","og_url":"https:\/\/lequotidien.mr\/?p=5341&lang=fr","og_site_name":"Le Quotidien de Nouakchott","article_publisher":"https:\/\/web.facebook.com\/lequotidienmr","article_author":"https:\/\/web.facebook.com\/a.mleiwih","article_published_time":"2023-02-23T21:43:58+00:00","og_image":[{"width":750,"height":430,"url":"https:\/\/lequotidien.mr\/wp-content\/uploads\/2023\/02\/IMG-20230223-WA0033.jpg","type":"image\/jpeg"}],"author":"Alioun M'leiwih","twitter_card":"summary_large_image","twitter_creator":"@lequotidienmr","twitter_site":"@lequotidienmr","twitter_misc":{"\u0643\u064f\u062a\u0628 \u0628\u0648\u0627\u0633\u0637\u0629":"Alioun M'leiwih","\u0648\u0642\u062a \u0627\u0644\u0642\u0631\u0627\u0621\u0629 \u0627\u0644\u0645\u064f\u0642\u062f\u0651\u0631":"\u062f\u0642\u064a\u0642\u062a\u0627\u0646"},"schema":{"@context":"https:\/\/schema.org","@graph":[{"@type":"Article","@id":"https:\/\/lequotidien.mr\/?p=5341&lang=fr#article","isPartOf":{"@id":"https:\/\/lequotidien.mr\/?p=5341&lang=fr"},"author":{"name":"Alioun M'leiwih","@id":"https:\/\/lequotidien.mr\/#\/schema\/person\/69d1518c74c9137087929a20b1272cb0"},"headline":"Le d\u00e9l\u00e9gu\u00e9 g\u00e9n\u00e9ral de TAAZOUR s\u2019entretient avec une d\u00e9l\u00e9gation de l\u2019Alliance Sahel","datePublished":"2023-02-23T21:43:58+00:00","mainEntityOfPage":{"@id":"https:\/\/lequotidien.mr\/?p=5341&lang=fr"},"wordCount":474,"commentCount":0,"publisher":{"@id":"https:\/\/lequotidien.mr\/#organization"},"image":{"@id":"https:\/\/lequotidien.mr\/?p=5341&lang=fr#primaryimage"},"thumbnailUrl":"https:\/\/lequotidien.mr\/wp-content\/uploads\/2023\/02\/IMG-20230223-WA0033.jpg","articleSection":["ACTUALIT\u00c9","Economie"],"inLanguage":"ar","potentialAction":[{"@type":"CommentAction","name":"Comment","target":["https:\/\/lequotidien.mr\/?p=5341&lang=fr#respond"]}]},{"@type":"WebPage","@id":"https:\/\/lequotidien.mr\/?p=5341&lang=fr","url":"https:\/\/lequotidien.mr\/?p=5341&lang=fr","name":"Le d\u00e9l\u00e9gu\u00e9 g\u00e9n\u00e9ral de TAAZOUR s\u2019entretient avec une d\u00e9l\u00e9gation de l\u2019Alliance Sahel - Le Quotidien de Nouakchott","isPartOf":{"@id":"https:\/\/lequotidien.mr\/#website"},"primaryImageOfPage":{"@id":"https:\/\/lequotidien.mr\/?p=5341&lang=fr#primaryimage"},"image":{"@id":"https:\/\/lequotidien.mr\/?p=5341&lang=fr#primaryimage"},"thumbnailUrl":"https:\/\/lequotidien.mr\/wp-content\/uploads\/2023\/02\/IMG-20230223-WA0033.jpg","datePublished":"2023-02-23T21:43:58+00:00","breadcrumb":{"@id":"https:\/\/lequotidien.mr\/?p=5341&lang=fr#breadcrumb"},"inLanguage":"ar","potentialAction":[{"@type":"ReadAction","target":["https:\/\/lequotidien.mr\/?p=5341&lang=fr"]}]},{"@type":"ImageObject","inLanguage":"ar","@id":"https:\/\/lequotidien.mr\/?p=5341&lang=fr#primaryimage","url":"https:\/\/lequotidien.mr\/wp-content\/uploads\/2023\/02\/IMG-20230223-WA0033.jpg","contentUrl":"https:\/\/lequotidien.mr\/wp-content\/uploads\/2023\/02\/IMG-20230223-WA0033.jpg","width":750,"height":430},{"@type":"BreadcrumbList","@id":"https:\/\/lequotidien.mr\/?p=5341&lang=fr#breadcrumb","itemListElement":[{"@type":"ListItem","position":1,"name":"Home","item":"https:\/\/lequotidien.mr\/"},{"@type":"ListItem","position":2,"name":"Le d\u00e9l\u00e9gu\u00e9 g\u00e9n\u00e9ral de TAAZOUR s\u2019entretient avec une d\u00e9l\u00e9gation de l\u2019Alliance Sahel"}]},{"@type":"WebSite","@id":"https:\/\/lequotidien.mr\/#website","url":"https:\/\/lequotidien.mr\/","name":"Le Quotidien de Nouakchott","description":"\u0625\u062e\u0628\u0627\u0631\u064a\u0629 \u0645\u0633\u062a\u0642\u0644\u0629 \u0644\u0644\u0623\u0646\u0628\u0627\u0621 \u0627\u0644\u0639\u0627\u0645\u0629","publisher":{"@id":"https:\/\/lequotidien.mr\/#organization"},"potentialAction":[{"@type":"SearchAction","target":{"@type":"EntryPoint","urlTemplate":"https:\/\/lequotidien.mr\/?s={search_term_string}"},"query-input":{"@type":"PropertyValueSpecification","valueRequired":true,"valueName":"search_term_string"}}],"inLanguage":"ar"},{"@type":"Organization","@id":"https:\/\/lequotidien.mr\/#organization","name":"Le Quotidien de Nouakchott","url":"https:\/\/lequotidien.mr\/","logo":{"@type":"ImageObject","inLanguage":"ar","@id":"https:\/\/lequotidien.mr\/#\/schema\/logo\/image\/","url":"https:\/\/lequotidien.mr\/wp-content\/uploads\/2022\/11\/logolequotidien.jpg","contentUrl":"https:\/\/lequotidien.mr\/wp-content\/uploads\/2022\/11\/logolequotidien.jpg","width":290,"height":65,"caption":"Le Quotidien de Nouakchott"},"image":{"@id":"https:\/\/lequotidien.mr\/#\/schema\/logo\/image\/"},"sameAs":["https:\/\/web.facebook.com\/lequotidienmr","https:\/\/x.com\/lequotidienmr"]},{"@type":"Person","@id":"https:\/\/lequotidien.mr\/#\/schema\/person\/69d1518c74c9137087929a20b1272cb0","name":"Alioun M'leiwih","image":{"@type":"ImageObject","inLanguage":"ar","@id":"https:\/\/secure.gravatar.com\/avatar\/01f9d357222d7d4ca8f71662f4b081718f06d25b11fc45662ecca0622d507e51?s=96&d=mm&r=g","url":"https:\/\/secure.gravatar.com\/avatar\/01f9d357222d7d4ca8f71662f4b081718f06d25b11fc45662ecca0622d507e51?s=96&d=mm&r=g","contentUrl":"https:\/\/secure.gravatar.com\/avatar\/01f9d357222d7d4ca8f71662f4b081718f06d25b11fc45662ecca0622d507e51?s=96&d=mm&r=g","caption":"Alioun M'leiwih"},"sameAs":["https:\/\/lequotidien.mr\/","https:\/\/web.facebook.com\/a.mleiwih","https:\/\/www.linkedin.com\/in\/alimlewih\/"],"url":"https:\/\/lequotidien.mr\/?author=3"}]}},"_links":{"self":[{"href":"https:\/\/lequotidien.mr\/index.php?rest_route=\/wp\/v2\/posts\/5341","targetHints":{"allow":["GET"]}}],"collection":[{"href":"https:\/\/lequotidien.mr\/index.php?rest_route=\/wp\/v2\/posts"}],"about":[{"href":"https:\/\/lequotidien.mr\/index.php?rest_route=\/wp\/v2\/types\/post"}],"author":[{"embeddable":true,"href":"https:\/\/lequotidien.mr\/index.php?rest_route=\/wp\/v2\/users\/3"}],"replies":[{"embeddable":true,"href":"https:\/\/lequotidien.mr\/index.php?rest_route=%2Fwp%2Fv2%2Fcomments&post=5341"}],"version-history":[{"count":1,"href":"https:\/\/lequotidien.mr\/index.php?rest_route=\/wp\/v2\/posts\/5341\/revisions"}],"predecessor-version":[{"id":5343,"href":"https:\/\/lequotidien.mr\/index.php?rest_route=\/wp\/v2\/posts\/5341\/revisions\/5343"}],"wp:featuredmedia":[{"embeddable":true,"href":"https:\/\/lequotidien.mr\/index.php?rest_route=\/wp\/v2\/media\/5342"}],"wp:attachment":[{"href":"https:\/\/lequotidien.mr\/index.php?rest_route=%2Fwp%2Fv2%2Fmedia&parent=5341"}],"wp:term":[{"taxonomy":"category","embeddable":true,"href":"https:\/\/lequotidien.mr\/index.php?rest_route=%2Fwp%2Fv2%2Fcategories&post=5341"},{"taxonomy":"post_tag","embeddable":true,"href":"https:\/\/lequotidien.mr\/index.php?rest_route=%2Fwp%2Fv2%2Ftags&post=5341"}],"curies":[{"name":"wp","href":"https:\/\/api.w.org\/{rel}","templated":true}]}}