{"id":5269,"date":"2023-02-22T17:10:17","date_gmt":"2023-02-22T17:10:17","guid":{"rendered":"https:\/\/lequotidien.mr\/?p=5269"},"modified":"2023-02-22T17:10:17","modified_gmt":"2023-02-22T17:10:17","slug":"leditorial-du-calame-faux-fuyant-sans-lendemain","status":"publish","type":"post","link":"https:\/\/lequotidien.mr\/?p=5269&lang=fr","title":{"rendered":"L&#8217;Editorial du Calame : Faux-fuyant sans lendemain"},"content":{"rendered":"<p><strong>Le Calame<\/strong>\u00a0&#8211; \u00abPlus de cinquante millions de dollars auraient \u00e9t\u00e9 g\u00e9n\u00e9reusement offerts par un chef d\u2019\u00c9tat arabe au pr\u00e9sident Mohamed ould Abdel Aziz\u00bb: la rumeur, tr\u00e8s probablement lanc\u00e9e \u00e0 titre pr\u00e9ventif, il y a des mois par l\u2019entourage de l\u2019ex-Pr\u00e9sident va-t-elle devenir l\u2019argument central de sa d\u00e9fense apr\u00e8s avoir \u00e9t\u00e9 corrobor\u00e9e par son avocate libanaise qui a \u00e9crit sur Facebook qu\u2019Aziz lui a affirm\u00e9 que sa fortune a pour origine un chef d\u2019Etat arabe?<\/p>\n<p>Apr\u00e8s l\u2019effondrement de sa barricade \u00abArticle 93 de la Constitution\u00bb et la tr\u00e8s faible chance de voir d\u00e9clar\u00e9e inconstitutionnelle la loi anti-corruption \u2013 qu\u2019il avait lui-m\u00eame fait voter lors de son r\u00e8gne \u2013 que pourrait donc esp\u00e9rer MOAA de cette nouvelle strat\u00e9gie ? Admettons que la rumeur se voit corrobor\u00e9e par ledit supput\u00e9 donateur.<\/p>\n<p>Un aveu, soit dit en passant, qui mettrait celui-ci en pi\u00e8tre posture devant la Communaut\u00e9 internationale d\u00e9sormais officiellement attach\u00e9e \u00e0 la lutte contre la corruption\u2026<\/p>\n<p>Cela dit, cette somme resterait plus du double inf\u00e9rieure aux quarante-sept milliards d\u2019ouguiyas d\u00e9j\u00e0 saisies par l\u2019\u00c9tat mauritanien, sans compter les placements et investissements \u00e0 l\u2019\u00e9tranger qu\u2019il reste encore \u00e0 tracer, ainsi que les acquisitions fonci\u00e8res et immobili\u00e8res vraisemblablement obtenues via des march\u00e9s publics truqu\u00e9s.<\/p>\n<p>\u00c0 ce dernier \u00e9gard, les t\u00e9moignages de ses anciens ministres et collaborateurs ne tarderont pas \u00e0 l\u2019accabler. Et l\u2019on ne manquera certainement pas de surligner en rouge la soudaine fortune de ses proches et autres principaux bras droits. Tout aussi g\u00e9n\u00e9reusement dot\u00e9s par ce m\u00eame myst\u00e9rieux chef d\u2019\u00c9tat arabe, je pr\u00e9sume ?<\/p>\n<p>Mais sur quels crit\u00e8res ces \u00e9ventuels cadeaux et dons d\u2019un gouvernement \u00e9tranger \u00e0 un pr\u00e9sident de la R\u00e9publique en exercice pourraient-ils \u00eatre soustraits des comptes publics ?<\/p>\n<p>De tradition en Mauritanie \u2013 cf. l\u2019exemple de Moctar ould Daddah et m\u00eame de son \u00e9pouse Mariem qui remettaient au Tr\u00e9sor public tout ce qu\u2019on leur offrait lors de leurs missions \u00e0 l\u2019\u00e9tranger \u2013 et tout aussi syst\u00e9matique ailleurs, notamment \u00e0 l\u2019ONU, aux USA ou en France o\u00f9 n\u2019est consid\u00e9r\u00e9 \u00ab personnel \u00bb qu\u2019un cadeau valant moins de cent dollars, ces largesses \u00e9trang\u00e8res sont bien \u00e9videmment port\u00e9es au compte du peuple, c\u2019est-\u00e0-dire \u00e0 l\u2019\u00c9tat lui-m\u00eame.<\/p>\n<p>Il faudra donc, aux avocats d\u2019Ould Abdel Aziz, beaucoup de contorsions, d\u2019effets de manche et, surtout, de clameurs m\u00e9diatiques \u2013 encore et toujours\u2026 \u2013 pour seulement esp\u00e9rer semer le trouble et duper ainsi l\u2019opinion de notre bon peuple.<\/p>\n<p>Mais il est tr\u00e8s improbable que cela soit suffisant pour convaincre les juges, beaucoup plus attentifs, eux, \u00e0 l\u2019examen des faits\u2026 Bref, un faux-fuyant sans lendemain pour une d\u00e9fense aux abois ?<\/p>\n<p><strong>Ahmed Ould Cheikh<\/strong><\/p>\n","protected":false},"excerpt":{"rendered":"<p>Le Calame\u00a0&#8211; \u00abPlus de cinquante millions de dollars auraient \u00e9t\u00e9 g\u00e9n\u00e9reusement offerts par un chef d\u2019\u00c9tat arabe au pr\u00e9sident Mohamed ould Abdel Aziz\u00bb: la rumeur, tr\u00e8s probablement lanc\u00e9e \u00e0 titre pr\u00e9ventif, il y a des mois par l\u2019entourage de l\u2019ex-Pr\u00e9sident va-t-elle devenir l\u2019argument central de sa d\u00e9fense apr\u00e8s avoir \u00e9t\u00e9 corrobor\u00e9e par son avocate libanaise&#8230;..<\/p>\n","protected":false},"author":5,"featured_media":4114,"comment_status":"open","ping_status":"open","sticky":false,"template":"","format":"standard","meta":{"footnotes":""},"categories":[23,59],"tags":[],"class_list":["post-5269","post","type-post","status-publish","format-standard","has-post-thumbnail","hentry","category-actualite","category-opinion"],"yoast_head":"<!-- This site is optimized with the Yoast SEO plugin v27.5 - https:\/\/yoast.com\/product\/yoast-seo-wordpress\/ -->\n<title>L&#039;Editorial du Calame : Faux-fuyant sans lendemain - Le Quotidien de Nouakchott<\/title>\n<meta name=\"robots\" content=\"index, follow, max-snippet:-1, max-image-preview:large, max-video-preview:-1\" \/>\n<link rel=\"canonical\" href=\"https:\/\/lequotidien.mr\/?p=5269&lang=fr\" \/>\n<meta property=\"og:locale\" content=\"ar_AR\" \/>\n<meta property=\"og:type\" content=\"article\" \/>\n<meta property=\"og:title\" content=\"L&#039;Editorial du Calame : Faux-fuyant sans lendemain - Le Quotidien de Nouakchott\" \/>\n<meta property=\"og:description\" content=\"Le Calame\u00a0&#8211; \u00abPlus de cinquante millions de dollars auraient \u00e9t\u00e9 g\u00e9n\u00e9reusement offerts par un chef d\u2019\u00c9tat arabe au pr\u00e9sident Mohamed ould Abdel Aziz\u00bb: la rumeur, tr\u00e8s probablement lanc\u00e9e \u00e0 titre pr\u00e9ventif, il y a des mois par l\u2019entourage de l\u2019ex-Pr\u00e9sident va-t-elle devenir l\u2019argument central de sa d\u00e9fense apr\u00e8s avoir \u00e9t\u00e9 corrobor\u00e9e par son avocate libanaise.....\" \/>\n<meta property=\"og:url\" content=\"https:\/\/lequotidien.mr\/?p=5269&amp;lang=fr\" \/>\n<meta property=\"og:site_name\" content=\"Le Quotidien de Nouakchott\" \/>\n<meta property=\"article:publisher\" content=\"https:\/\/web.facebook.com\/lequotidienmr\" \/>\n<meta property=\"article:published_time\" content=\"2023-02-22T17:10:17+00:00\" \/>\n<meta property=\"og:image\" content=\"https:\/\/lequotidien.mr\/wp-content\/uploads\/2023\/02\/ahmed_ould_cheikh_900_n.jpg\" \/>\n\t<meta property=\"og:image:width\" content=\"655\" \/>\n\t<meta property=\"og:image:height\" content=\"540\" \/>\n\t<meta property=\"og:image:type\" content=\"image\/jpeg\" \/>\n<meta name=\"author\" content=\"Gayi Diawara\" \/>\n<meta name=\"twitter:card\" content=\"summary_large_image\" \/>\n<meta name=\"twitter:creator\" content=\"@lequotidienmr\" \/>\n<meta name=\"twitter:site\" content=\"@lequotidienmr\" \/>\n<meta name=\"twitter:label1\" content=\"\u0643\u064f\u062a\u0628 \u0628\u0648\u0627\u0633\u0637\u0629\" \/>\n\t<meta name=\"twitter:data1\" content=\"Gayi Diawara\" \/>\n\t<meta name=\"twitter:label2\" content=\"\u0648\u0642\u062a \u0627\u0644\u0642\u0631\u0627\u0621\u0629 \u0627\u0644\u0645\u064f\u0642\u062f\u0651\u0631\" \/>\n\t<meta name=\"twitter:data2\" content=\"\u062f\u0642\u064a\u0642\u062a\u0627\u0646\" \/>\n<script type=\"application\/ld+json\" class=\"yoast-schema-graph\">{\"@context\":\"https:\\\/\\\/schema.org\",\"@graph\":[{\"@type\":\"Article\",\"@id\":\"https:\\\/\\\/lequotidien.mr\\\/?p=5269&lang=fr#article\",\"isPartOf\":{\"@id\":\"https:\\\/\\\/lequotidien.mr\\\/?p=5269&lang=fr\"},\"author\":{\"name\":\"Gayi Diawara\",\"@id\":\"https:\\\/\\\/lequotidien.mr\\\/#\\\/schema\\\/person\\\/1077c8abd5640a6514b909318d271dee\"},\"headline\":\"L&#8217;Editorial du Calame : Faux-fuyant sans lendemain\",\"datePublished\":\"2023-02-22T17:10:17+00:00\",\"mainEntityOfPage\":{\"@id\":\"https:\\\/\\\/lequotidien.mr\\\/?p=5269&lang=fr\"},\"wordCount\":487,\"commentCount\":0,\"publisher\":{\"@id\":\"https:\\\/\\\/lequotidien.mr\\\/#organization\"},\"image\":{\"@id\":\"https:\\\/\\\/lequotidien.mr\\\/?p=5269&lang=fr#primaryimage\"},\"thumbnailUrl\":\"https:\\\/\\\/lequotidien.mr\\\/wp-content\\\/uploads\\\/2023\\\/02\\\/ahmed_ould_cheikh_900_n.jpg\",\"articleSection\":[\"ACTUALIT\u00c9\",\"Opinion\"],\"inLanguage\":\"ar\",\"potentialAction\":[{\"@type\":\"CommentAction\",\"name\":\"Comment\",\"target\":[\"https:\\\/\\\/lequotidien.mr\\\/?p=5269&lang=fr#respond\"]}]},{\"@type\":\"WebPage\",\"@id\":\"https:\\\/\\\/lequotidien.mr\\\/?p=5269&lang=fr\",\"url\":\"https:\\\/\\\/lequotidien.mr\\\/?p=5269&lang=fr\",\"name\":\"L'Editorial du Calame : Faux-fuyant sans lendemain - Le Quotidien de Nouakchott\",\"isPartOf\":{\"@id\":\"https:\\\/\\\/lequotidien.mr\\\/#website\"},\"primaryImageOfPage\":{\"@id\":\"https:\\\/\\\/lequotidien.mr\\\/?p=5269&lang=fr#primaryimage\"},\"image\":{\"@id\":\"https:\\\/\\\/lequotidien.mr\\\/?p=5269&lang=fr#primaryimage\"},\"thumbnailUrl\":\"https:\\\/\\\/lequotidien.mr\\\/wp-content\\\/uploads\\\/2023\\\/02\\\/ahmed_ould_cheikh_900_n.jpg\",\"datePublished\":\"2023-02-22T17:10:17+00:00\",\"breadcrumb\":{\"@id\":\"https:\\\/\\\/lequotidien.mr\\\/?p=5269&lang=fr#breadcrumb\"},\"inLanguage\":\"ar\",\"potentialAction\":[{\"@type\":\"ReadAction\",\"target\":[\"https:\\\/\\\/lequotidien.mr\\\/?p=5269&lang=fr\"]}]},{\"@type\":\"ImageObject\",\"inLanguage\":\"ar\",\"@id\":\"https:\\\/\\\/lequotidien.mr\\\/?p=5269&lang=fr#primaryimage\",\"url\":\"https:\\\/\\\/lequotidien.mr\\\/wp-content\\\/uploads\\\/2023\\\/02\\\/ahmed_ould_cheikh_900_n.jpg\",\"contentUrl\":\"https:\\\/\\\/lequotidien.mr\\\/wp-content\\\/uploads\\\/2023\\\/02\\\/ahmed_ould_cheikh_900_n.jpg\",\"width\":655,\"height\":540},{\"@type\":\"BreadcrumbList\",\"@id\":\"https:\\\/\\\/lequotidien.mr\\\/?p=5269&lang=fr#breadcrumb\",\"itemListElement\":[{\"@type\":\"ListItem\",\"position\":1,\"name\":\"Home\",\"item\":\"https:\\\/\\\/lequotidien.mr\\\/\"},{\"@type\":\"ListItem\",\"position\":2,\"name\":\"L&#8217;Editorial du Calame : Faux-fuyant sans lendemain\"}]},{\"@type\":\"WebSite\",\"@id\":\"https:\\\/\\\/lequotidien.mr\\\/#website\",\"url\":\"https:\\\/\\\/lequotidien.mr\\\/\",\"name\":\"Le Quotidien de Nouakchott\",\"description\":\"\u0625\u062e\u0628\u0627\u0631\u064a\u0629 \u0645\u0633\u062a\u0642\u0644\u0629 \u0644\u0644\u0623\u0646\u0628\u0627\u0621 \u0627\u0644\u0639\u0627\u0645\u0629\",\"publisher\":{\"@id\":\"https:\\\/\\\/lequotidien.mr\\\/#organization\"},\"potentialAction\":[{\"@type\":\"SearchAction\",\"target\":{\"@type\":\"EntryPoint\",\"urlTemplate\":\"https:\\\/\\\/lequotidien.mr\\\/?s={search_term_string}\"},\"query-input\":{\"@type\":\"PropertyValueSpecification\",\"valueRequired\":true,\"valueName\":\"search_term_string\"}}],\"inLanguage\":\"ar\"},{\"@type\":\"Organization\",\"@id\":\"https:\\\/\\\/lequotidien.mr\\\/#organization\",\"name\":\"Le Quotidien de Nouakchott\",\"url\":\"https:\\\/\\\/lequotidien.mr\\\/\",\"logo\":{\"@type\":\"ImageObject\",\"inLanguage\":\"ar\",\"@id\":\"https:\\\/\\\/lequotidien.mr\\\/#\\\/schema\\\/logo\\\/image\\\/\",\"url\":\"https:\\\/\\\/lequotidien.mr\\\/wp-content\\\/uploads\\\/2022\\\/11\\\/logolequotidien.jpg\",\"contentUrl\":\"https:\\\/\\\/lequotidien.mr\\\/wp-content\\\/uploads\\\/2022\\\/11\\\/logolequotidien.jpg\",\"width\":290,\"height\":65,\"caption\":\"Le Quotidien de Nouakchott\"},\"image\":{\"@id\":\"https:\\\/\\\/lequotidien.mr\\\/#\\\/schema\\\/logo\\\/image\\\/\"},\"sameAs\":[\"https:\\\/\\\/web.facebook.com\\\/lequotidienmr\",\"https:\\\/\\\/x.com\\\/lequotidienmr\"]},{\"@type\":\"Person\",\"@id\":\"https:\\\/\\\/lequotidien.mr\\\/#\\\/schema\\\/person\\\/1077c8abd5640a6514b909318d271dee\",\"name\":\"Gayi Diawara\",\"image\":{\"@type\":\"ImageObject\",\"inLanguage\":\"ar\",\"@id\":\"https:\\\/\\\/secure.gravatar.com\\\/avatar\\\/63ea8db1e19a6d2d608b24c0f78b5f3a7d6e0bc11959fec273410af333e4d0ac?s=96&d=mm&r=g\",\"url\":\"https:\\\/\\\/secure.gravatar.com\\\/avatar\\\/63ea8db1e19a6d2d608b24c0f78b5f3a7d6e0bc11959fec273410af333e4d0ac?s=96&d=mm&r=g\",\"contentUrl\":\"https:\\\/\\\/secure.gravatar.com\\\/avatar\\\/63ea8db1e19a6d2d608b24c0f78b5f3a7d6e0bc11959fec273410af333e4d0ac?s=96&d=mm&r=g\",\"caption\":\"Gayi Diawara\"},\"sameAs\":[\"http:\\\/\\\/lequotidien.mr\"],\"url\":\"https:\\\/\\\/lequotidien.mr\\\/?author=5\"}]}<\/script>\n<!-- \/ Yoast SEO plugin. -->","yoast_head_json":{"title":"L'Editorial du Calame : Faux-fuyant sans lendemain - Le Quotidien de Nouakchott","robots":{"index":"index","follow":"follow","max-snippet":"max-snippet:-1","max-image-preview":"max-image-preview:large","max-video-preview":"max-video-preview:-1"},"canonical":"https:\/\/lequotidien.mr\/?p=5269&lang=fr","og_locale":"ar_AR","og_type":"article","og_title":"L'Editorial du Calame : Faux-fuyant sans lendemain - Le Quotidien de Nouakchott","og_description":"Le Calame\u00a0&#8211; \u00abPlus de cinquante millions de dollars auraient \u00e9t\u00e9 g\u00e9n\u00e9reusement offerts par un chef d\u2019\u00c9tat arabe au pr\u00e9sident Mohamed ould Abdel Aziz\u00bb: la rumeur, tr\u00e8s probablement lanc\u00e9e \u00e0 titre pr\u00e9ventif, il y a des mois par l\u2019entourage de l\u2019ex-Pr\u00e9sident va-t-elle devenir l\u2019argument central de sa d\u00e9fense apr\u00e8s avoir \u00e9t\u00e9 corrobor\u00e9e par son avocate libanaise.....","og_url":"https:\/\/lequotidien.mr\/?p=5269&lang=fr","og_site_name":"Le Quotidien de Nouakchott","article_publisher":"https:\/\/web.facebook.com\/lequotidienmr","article_published_time":"2023-02-22T17:10:17+00:00","og_image":[{"width":655,"height":540,"url":"https:\/\/lequotidien.mr\/wp-content\/uploads\/2023\/02\/ahmed_ould_cheikh_900_n.jpg","type":"image\/jpeg"}],"author":"Gayi Diawara","twitter_card":"summary_large_image","twitter_creator":"@lequotidienmr","twitter_site":"@lequotidienmr","twitter_misc":{"\u0643\u064f\u062a\u0628 \u0628\u0648\u0627\u0633\u0637\u0629":"Gayi Diawara","\u0648\u0642\u062a \u0627\u0644\u0642\u0631\u0627\u0621\u0629 \u0627\u0644\u0645\u064f\u0642\u062f\u0651\u0631":"\u062f\u0642\u064a\u0642\u062a\u0627\u0646"},"schema":{"@context":"https:\/\/schema.org","@graph":[{"@type":"Article","@id":"https:\/\/lequotidien.mr\/?p=5269&lang=fr#article","isPartOf":{"@id":"https:\/\/lequotidien.mr\/?p=5269&lang=fr"},"author":{"name":"Gayi Diawara","@id":"https:\/\/lequotidien.mr\/#\/schema\/person\/1077c8abd5640a6514b909318d271dee"},"headline":"L&#8217;Editorial du Calame : Faux-fuyant sans lendemain","datePublished":"2023-02-22T17:10:17+00:00","mainEntityOfPage":{"@id":"https:\/\/lequotidien.mr\/?p=5269&lang=fr"},"wordCount":487,"commentCount":0,"publisher":{"@id":"https:\/\/lequotidien.mr\/#organization"},"image":{"@id":"https:\/\/lequotidien.mr\/?p=5269&lang=fr#primaryimage"},"thumbnailUrl":"https:\/\/lequotidien.mr\/wp-content\/uploads\/2023\/02\/ahmed_ould_cheikh_900_n.jpg","articleSection":["ACTUALIT\u00c9","Opinion"],"inLanguage":"ar","potentialAction":[{"@type":"CommentAction","name":"Comment","target":["https:\/\/lequotidien.mr\/?p=5269&lang=fr#respond"]}]},{"@type":"WebPage","@id":"https:\/\/lequotidien.mr\/?p=5269&lang=fr","url":"https:\/\/lequotidien.mr\/?p=5269&lang=fr","name":"L'Editorial du Calame : Faux-fuyant sans lendemain - Le Quotidien de Nouakchott","isPartOf":{"@id":"https:\/\/lequotidien.mr\/#website"},"primaryImageOfPage":{"@id":"https:\/\/lequotidien.mr\/?p=5269&lang=fr#primaryimage"},"image":{"@id":"https:\/\/lequotidien.mr\/?p=5269&lang=fr#primaryimage"},"thumbnailUrl":"https:\/\/lequotidien.mr\/wp-content\/uploads\/2023\/02\/ahmed_ould_cheikh_900_n.jpg","datePublished":"2023-02-22T17:10:17+00:00","breadcrumb":{"@id":"https:\/\/lequotidien.mr\/?p=5269&lang=fr#breadcrumb"},"inLanguage":"ar","potentialAction":[{"@type":"ReadAction","target":["https:\/\/lequotidien.mr\/?p=5269&lang=fr"]}]},{"@type":"ImageObject","inLanguage":"ar","@id":"https:\/\/lequotidien.mr\/?p=5269&lang=fr#primaryimage","url":"https:\/\/lequotidien.mr\/wp-content\/uploads\/2023\/02\/ahmed_ould_cheikh_900_n.jpg","contentUrl":"https:\/\/lequotidien.mr\/wp-content\/uploads\/2023\/02\/ahmed_ould_cheikh_900_n.jpg","width":655,"height":540},{"@type":"BreadcrumbList","@id":"https:\/\/lequotidien.mr\/?p=5269&lang=fr#breadcrumb","itemListElement":[{"@type":"ListItem","position":1,"name":"Home","item":"https:\/\/lequotidien.mr\/"},{"@type":"ListItem","position":2,"name":"L&#8217;Editorial du Calame : Faux-fuyant sans lendemain"}]},{"@type":"WebSite","@id":"https:\/\/lequotidien.mr\/#website","url":"https:\/\/lequotidien.mr\/","name":"Le Quotidien de Nouakchott","description":"\u0625\u062e\u0628\u0627\u0631\u064a\u0629 \u0645\u0633\u062a\u0642\u0644\u0629 \u0644\u0644\u0623\u0646\u0628\u0627\u0621 \u0627\u0644\u0639\u0627\u0645\u0629","publisher":{"@id":"https:\/\/lequotidien.mr\/#organization"},"potentialAction":[{"@type":"SearchAction","target":{"@type":"EntryPoint","urlTemplate":"https:\/\/lequotidien.mr\/?s={search_term_string}"},"query-input":{"@type":"PropertyValueSpecification","valueRequired":true,"valueName":"search_term_string"}}],"inLanguage":"ar"},{"@type":"Organization","@id":"https:\/\/lequotidien.mr\/#organization","name":"Le Quotidien de Nouakchott","url":"https:\/\/lequotidien.mr\/","logo":{"@type":"ImageObject","inLanguage":"ar","@id":"https:\/\/lequotidien.mr\/#\/schema\/logo\/image\/","url":"https:\/\/lequotidien.mr\/wp-content\/uploads\/2022\/11\/logolequotidien.jpg","contentUrl":"https:\/\/lequotidien.mr\/wp-content\/uploads\/2022\/11\/logolequotidien.jpg","width":290,"height":65,"caption":"Le Quotidien de Nouakchott"},"image":{"@id":"https:\/\/lequotidien.mr\/#\/schema\/logo\/image\/"},"sameAs":["https:\/\/web.facebook.com\/lequotidienmr","https:\/\/x.com\/lequotidienmr"]},{"@type":"Person","@id":"https:\/\/lequotidien.mr\/#\/schema\/person\/1077c8abd5640a6514b909318d271dee","name":"Gayi Diawara","image":{"@type":"ImageObject","inLanguage":"ar","@id":"https:\/\/secure.gravatar.com\/avatar\/63ea8db1e19a6d2d608b24c0f78b5f3a7d6e0bc11959fec273410af333e4d0ac?s=96&d=mm&r=g","url":"https:\/\/secure.gravatar.com\/avatar\/63ea8db1e19a6d2d608b24c0f78b5f3a7d6e0bc11959fec273410af333e4d0ac?s=96&d=mm&r=g","contentUrl":"https:\/\/secure.gravatar.com\/avatar\/63ea8db1e19a6d2d608b24c0f78b5f3a7d6e0bc11959fec273410af333e4d0ac?s=96&d=mm&r=g","caption":"Gayi Diawara"},"sameAs":["http:\/\/lequotidien.mr"],"url":"https:\/\/lequotidien.mr\/?author=5"}]}},"_links":{"self":[{"href":"https:\/\/lequotidien.mr\/index.php?rest_route=\/wp\/v2\/posts\/5269","targetHints":{"allow":["GET"]}}],"collection":[{"href":"https:\/\/lequotidien.mr\/index.php?rest_route=\/wp\/v2\/posts"}],"about":[{"href":"https:\/\/lequotidien.mr\/index.php?rest_route=\/wp\/v2\/types\/post"}],"author":[{"embeddable":true,"href":"https:\/\/lequotidien.mr\/index.php?rest_route=\/wp\/v2\/users\/5"}],"replies":[{"embeddable":true,"href":"https:\/\/lequotidien.mr\/index.php?rest_route=%2Fwp%2Fv2%2Fcomments&post=5269"}],"version-history":[{"count":1,"href":"https:\/\/lequotidien.mr\/index.php?rest_route=\/wp\/v2\/posts\/5269\/revisions"}],"predecessor-version":[{"id":5270,"href":"https:\/\/lequotidien.mr\/index.php?rest_route=\/wp\/v2\/posts\/5269\/revisions\/5270"}],"wp:featuredmedia":[{"embeddable":true,"href":"https:\/\/lequotidien.mr\/index.php?rest_route=\/wp\/v2\/media\/4114"}],"wp:attachment":[{"href":"https:\/\/lequotidien.mr\/index.php?rest_route=%2Fwp%2Fv2%2Fmedia&parent=5269"}],"wp:term":[{"taxonomy":"category","embeddable":true,"href":"https:\/\/lequotidien.mr\/index.php?rest_route=%2Fwp%2Fv2%2Fcategories&post=5269"},{"taxonomy":"post_tag","embeddable":true,"href":"https:\/\/lequotidien.mr\/index.php?rest_route=%2Fwp%2Fv2%2Ftags&post=5269"}],"curies":[{"name":"wp","href":"https:\/\/api.w.org\/{rel}","templated":true}]}}