{"id":5174,"date":"2023-02-20T16:46:59","date_gmt":"2023-02-20T16:46:59","guid":{"rendered":"https:\/\/lequotidien.mr\/?p=5174"},"modified":"2023-02-20T16:46:59","modified_gmt":"2023-02-20T16:46:59","slug":"le-vice-president-de-la-banque-mondiale-appelle-a-la-solidarite-mondiale-pour-faire-face-aux-defis-du-sahel","status":"publish","type":"post","link":"https:\/\/lequotidien.mr\/?p=5174&lang=fr","title":{"rendered":"Le vice-pr\u00e9sident de la Banque mondiale appelle \u00e0 la solidarit\u00e9 mondiale pour faire face aux d\u00e9fis du Sahel"},"content":{"rendered":"<p>Alwihda Info &#8211; Le vice-pr\u00e9sident de la Banque Mondiale, R\u00e9gion Afrique de l\u2019Ouest et du Centre, M. Ousmane Diagana, a pris la parole ce 20 f\u00e9vrier lors de la session extraordinaire de la conf\u00e9rence des chefs d\u2019Etat des pays du G5 Sahel, organis\u00e9e \u00e0 l\u2019invitation du pr\u00e9sident Mahamat Idriss D\u00e9by.<\/p>\n<p>M. Diagana a soulign\u00e9 l\u2019importance de la solidarit\u00e9 mondiale pour r\u00e9pondre aux crises mondiales, notamment le changement climatique, la pand\u00e9mie et les conflits. Les d\u00e9fis sp\u00e9cifiques auxquels le Sahel est confront\u00e9, tels que la fragilit\u00e9 institutionnelle, l\u2019ins\u00e9curit\u00e9 alimentaire, la pauvret\u00e9 de l\u2019apprentissage, l\u2019employabilit\u00e9 des jeunes et la dette, sont encore plus complexes.<\/p>\n<p>Il a rappel\u00e9 la mise en place de l\u2019Alliance Sahel, une plateforme unique de coop\u00e9ration internationale, qui a permis aux partenaires bilat\u00e9raux et multilat\u00e9raux de soutenir les pays du Sahel au cours des cinq derni\u00e8res ann\u00e9es.<\/p>\n<p>M. Diagana a \u00e9galement indiqu\u00e9 que l\u2019Alliance Sahel travaille \u00e0 promouvoir un cadre de dialogue et de redevabilit\u00e9 mutuels renforc\u00e9s dans chaque pays afin de maximiser les impacts des projets soutenus par ses membres.<\/p>\n<p>Le vice-pr\u00e9sident a salu\u00e9 les orientations qui seront fix\u00e9es par les chefs d\u2019\u00c9tats lors de cette session extraordinaire pour redynamiser la collaboration avec le G5 Sahel en tant que plateforme privil\u00e9gi\u00e9e pour la coop\u00e9ration au Sahel.<\/p>\n<p>M. Diagana a ensuite \u00e9voqu\u00e9 le soutien capital que la Banque mondiale apporte aux pays du Sahel, en ayant quadrupl\u00e9 ses ressources au cours des dix derni\u00e8res ann\u00e9es et mobilis\u00e9 plus de 8,9 milliards de dollars entre 2020 et 2023.<\/p>\n<p>La Banque mondiale finance des op\u00e9rations majeures dans les secteurs de l\u2019agriculture, du pastoralisme, des infrastructures, de l\u2019\u00e9nergie, de la connectivit\u00e9, des filets sociaux, du changement climatique et de l\u2019autonomisation des femmes.<\/p>\n<p>Elle accompagne \u00e9galement le red\u00e9ploiement des services de l\u2019Etat au niveau local pour soutenir les op\u00e9rations multi-sectorielles de d\u00e9veloppement local et de r\u00e9silience dans les cinq pays du Sahel.<\/p>\n<p>Le vice-pr\u00e9sident a soulign\u00e9 l\u2019importance de l\u2019attention particuli\u00e8re port\u00e9e au climat et \u00e0 l\u2019\u00e9ducation pour le d\u00e9veloppement des pays du Sahel. Il a rappel\u00e9 la pr\u00e9vision d\u2019une hausse des temp\u00e9ratures 1,5 fois plus \u00e9lev\u00e9e que la moyenne mondiale dans la r\u00e9gion, qui n\u00e9cessite une action climatique prioritaire, y compris l\u2019adaptation, pour mettre la r\u00e9gion sur la voie d\u2019une croissance durable et inclusive.<\/p>\n<p>En ce qui concerne l\u2019\u00e9ducation, un projet r\u00e9gional \u00ab \u00e9ducation Sahel \u00bb est en cours de pr\u00e9paration pour financer la cr\u00e9ation d\u2019un institut r\u00e9gional qui se focalisera entre autres sur la recherche, la formation et l\u2019encadrement des enseignants ainsi que la modernisation des curriculas.<\/p>\n<p>Alwihda Info | Par Info Alwihda<\/p>\n","protected":false},"excerpt":{"rendered":"<p>Alwihda Info &#8211; Le vice-pr\u00e9sident de la Banque Mondiale, R\u00e9gion Afrique de l\u2019Ouest et du Centre, M. Ousmane Diagana, a pris la parole ce 20 f\u00e9vrier lors de la session extraordinaire de la conf\u00e9rence des chefs d\u2019Etat des pays du G5 Sahel, organis\u00e9e \u00e0 l\u2019invitation du pr\u00e9sident Mahamat Idriss D\u00e9by. M. Diagana a soulign\u00e9 l\u2019importance&#8230;..<\/p>\n","protected":false},"author":5,"featured_media":5175,"comment_status":"open","ping_status":"open","sticky":false,"template":"","format":"standard","meta":{"footnotes":""},"categories":[23,49],"tags":[],"class_list":["post-5174","post","type-post","status-publish","format-standard","has-post-thumbnail","hentry","category-actualite","category-economie"],"yoast_head":"<!-- This site is optimized with the Yoast SEO plugin v27.5 - https:\/\/yoast.com\/product\/yoast-seo-wordpress\/ -->\n<title>Le vice-pr\u00e9sident de la Banque mondiale appelle \u00e0 la solidarit\u00e9 mondiale pour faire face aux d\u00e9fis du Sahel - Le Quotidien de Nouakchott<\/title>\n<meta name=\"robots\" content=\"index, follow, max-snippet:-1, max-image-preview:large, max-video-preview:-1\" \/>\n<link rel=\"canonical\" href=\"https:\/\/lequotidien.mr\/?p=5174&lang=fr\" \/>\n<meta property=\"og:locale\" content=\"ar_AR\" \/>\n<meta property=\"og:type\" content=\"article\" \/>\n<meta property=\"og:title\" content=\"Le vice-pr\u00e9sident de la Banque mondiale appelle \u00e0 la solidarit\u00e9 mondiale pour faire face aux d\u00e9fis du Sahel - Le Quotidien de Nouakchott\" \/>\n<meta property=\"og:description\" content=\"Alwihda Info &#8211; Le vice-pr\u00e9sident de la Banque Mondiale, R\u00e9gion Afrique de l\u2019Ouest et du Centre, M. Ousmane Diagana, a pris la parole ce 20 f\u00e9vrier lors de la session extraordinaire de la conf\u00e9rence des chefs d\u2019Etat des pays du G5 Sahel, organis\u00e9e \u00e0 l\u2019invitation du pr\u00e9sident Mahamat Idriss D\u00e9by. M. Diagana a soulign\u00e9 l\u2019importance.....\" \/>\n<meta property=\"og:url\" content=\"https:\/\/lequotidien.mr\/?p=5174&amp;lang=fr\" \/>\n<meta property=\"og:site_name\" content=\"Le Quotidien de Nouakchott\" \/>\n<meta property=\"article:publisher\" content=\"https:\/\/web.facebook.com\/lequotidienmr\" \/>\n<meta property=\"article:published_time\" content=\"2023-02-20T16:46:59+00:00\" \/>\n<meta property=\"og:image\" content=\"https:\/\/lequotidien.mr\/wp-content\/uploads\/2023\/02\/70892349_49401260.jpg\" \/>\n\t<meta property=\"og:image:width\" content=\"870\" \/>\n\t<meta property=\"og:image:height\" content=\"580\" \/>\n\t<meta property=\"og:image:type\" content=\"image\/jpeg\" \/>\n<meta name=\"author\" content=\"Gayi Diawara\" \/>\n<meta name=\"twitter:card\" content=\"summary_large_image\" \/>\n<meta name=\"twitter:creator\" content=\"@lequotidienmr\" \/>\n<meta name=\"twitter:site\" content=\"@lequotidienmr\" \/>\n<meta name=\"twitter:label1\" content=\"\u0643\u064f\u062a\u0628 \u0628\u0648\u0627\u0633\u0637\u0629\" \/>\n\t<meta name=\"twitter:data1\" content=\"Gayi Diawara\" \/>\n\t<meta name=\"twitter:label2\" content=\"\u0648\u0642\u062a \u0627\u0644\u0642\u0631\u0627\u0621\u0629 \u0627\u0644\u0645\u064f\u0642\u062f\u0651\u0631\" \/>\n\t<meta name=\"twitter:data2\" content=\"\u062f\u0642\u064a\u0642\u062a\u0627\u0646\" \/>\n<script type=\"application\/ld+json\" class=\"yoast-schema-graph\">{\"@context\":\"https:\\\/\\\/schema.org\",\"@graph\":[{\"@type\":\"Article\",\"@id\":\"https:\\\/\\\/lequotidien.mr\\\/?p=5174&lang=fr#article\",\"isPartOf\":{\"@id\":\"https:\\\/\\\/lequotidien.mr\\\/?p=5174&lang=fr\"},\"author\":{\"name\":\"Gayi Diawara\",\"@id\":\"https:\\\/\\\/lequotidien.mr\\\/#\\\/schema\\\/person\\\/1077c8abd5640a6514b909318d271dee\"},\"headline\":\"Le vice-pr\u00e9sident de la Banque mondiale appelle \u00e0 la solidarit\u00e9 mondiale pour faire face aux d\u00e9fis du Sahel\",\"datePublished\":\"2023-02-20T16:46:59+00:00\",\"mainEntityOfPage\":{\"@id\":\"https:\\\/\\\/lequotidien.mr\\\/?p=5174&lang=fr\"},\"wordCount\":496,\"commentCount\":0,\"publisher\":{\"@id\":\"https:\\\/\\\/lequotidien.mr\\\/#organization\"},\"image\":{\"@id\":\"https:\\\/\\\/lequotidien.mr\\\/?p=5174&lang=fr#primaryimage\"},\"thumbnailUrl\":\"https:\\\/\\\/lequotidien.mr\\\/wp-content\\\/uploads\\\/2023\\\/02\\\/70892349_49401260.jpg\",\"articleSection\":[\"ACTUALIT\u00c9\",\"Economie\"],\"inLanguage\":\"ar\",\"potentialAction\":[{\"@type\":\"CommentAction\",\"name\":\"Comment\",\"target\":[\"https:\\\/\\\/lequotidien.mr\\\/?p=5174&lang=fr#respond\"]}]},{\"@type\":\"WebPage\",\"@id\":\"https:\\\/\\\/lequotidien.mr\\\/?p=5174&lang=fr\",\"url\":\"https:\\\/\\\/lequotidien.mr\\\/?p=5174&lang=fr\",\"name\":\"Le vice-pr\u00e9sident de la Banque mondiale appelle \u00e0 la solidarit\u00e9 mondiale pour faire face aux d\u00e9fis du Sahel - Le Quotidien de Nouakchott\",\"isPartOf\":{\"@id\":\"https:\\\/\\\/lequotidien.mr\\\/#website\"},\"primaryImageOfPage\":{\"@id\":\"https:\\\/\\\/lequotidien.mr\\\/?p=5174&lang=fr#primaryimage\"},\"image\":{\"@id\":\"https:\\\/\\\/lequotidien.mr\\\/?p=5174&lang=fr#primaryimage\"},\"thumbnailUrl\":\"https:\\\/\\\/lequotidien.mr\\\/wp-content\\\/uploads\\\/2023\\\/02\\\/70892349_49401260.jpg\",\"datePublished\":\"2023-02-20T16:46:59+00:00\",\"breadcrumb\":{\"@id\":\"https:\\\/\\\/lequotidien.mr\\\/?p=5174&lang=fr#breadcrumb\"},\"inLanguage\":\"ar\",\"potentialAction\":[{\"@type\":\"ReadAction\",\"target\":[\"https:\\\/\\\/lequotidien.mr\\\/?p=5174&lang=fr\"]}]},{\"@type\":\"ImageObject\",\"inLanguage\":\"ar\",\"@id\":\"https:\\\/\\\/lequotidien.mr\\\/?p=5174&lang=fr#primaryimage\",\"url\":\"https:\\\/\\\/lequotidien.mr\\\/wp-content\\\/uploads\\\/2023\\\/02\\\/70892349_49401260.jpg\",\"contentUrl\":\"https:\\\/\\\/lequotidien.mr\\\/wp-content\\\/uploads\\\/2023\\\/02\\\/70892349_49401260.jpg\",\"width\":870,\"height\":580},{\"@type\":\"BreadcrumbList\",\"@id\":\"https:\\\/\\\/lequotidien.mr\\\/?p=5174&lang=fr#breadcrumb\",\"itemListElement\":[{\"@type\":\"ListItem\",\"position\":1,\"name\":\"Home\",\"item\":\"https:\\\/\\\/lequotidien.mr\\\/\"},{\"@type\":\"ListItem\",\"position\":2,\"name\":\"Le vice-pr\u00e9sident de la Banque mondiale appelle \u00e0 la solidarit\u00e9 mondiale pour faire face aux d\u00e9fis du Sahel\"}]},{\"@type\":\"WebSite\",\"@id\":\"https:\\\/\\\/lequotidien.mr\\\/#website\",\"url\":\"https:\\\/\\\/lequotidien.mr\\\/\",\"name\":\"Le Quotidien de Nouakchott\",\"description\":\"\u0625\u062e\u0628\u0627\u0631\u064a\u0629 \u0645\u0633\u062a\u0642\u0644\u0629 \u0644\u0644\u0623\u0646\u0628\u0627\u0621 \u0627\u0644\u0639\u0627\u0645\u0629\",\"publisher\":{\"@id\":\"https:\\\/\\\/lequotidien.mr\\\/#organization\"},\"potentialAction\":[{\"@type\":\"SearchAction\",\"target\":{\"@type\":\"EntryPoint\",\"urlTemplate\":\"https:\\\/\\\/lequotidien.mr\\\/?s={search_term_string}\"},\"query-input\":{\"@type\":\"PropertyValueSpecification\",\"valueRequired\":true,\"valueName\":\"search_term_string\"}}],\"inLanguage\":\"ar\"},{\"@type\":\"Organization\",\"@id\":\"https:\\\/\\\/lequotidien.mr\\\/#organization\",\"name\":\"Le Quotidien de Nouakchott\",\"url\":\"https:\\\/\\\/lequotidien.mr\\\/\",\"logo\":{\"@type\":\"ImageObject\",\"inLanguage\":\"ar\",\"@id\":\"https:\\\/\\\/lequotidien.mr\\\/#\\\/schema\\\/logo\\\/image\\\/\",\"url\":\"https:\\\/\\\/lequotidien.mr\\\/wp-content\\\/uploads\\\/2022\\\/11\\\/logolequotidien.jpg\",\"contentUrl\":\"https:\\\/\\\/lequotidien.mr\\\/wp-content\\\/uploads\\\/2022\\\/11\\\/logolequotidien.jpg\",\"width\":290,\"height\":65,\"caption\":\"Le Quotidien de Nouakchott\"},\"image\":{\"@id\":\"https:\\\/\\\/lequotidien.mr\\\/#\\\/schema\\\/logo\\\/image\\\/\"},\"sameAs\":[\"https:\\\/\\\/web.facebook.com\\\/lequotidienmr\",\"https:\\\/\\\/x.com\\\/lequotidienmr\"]},{\"@type\":\"Person\",\"@id\":\"https:\\\/\\\/lequotidien.mr\\\/#\\\/schema\\\/person\\\/1077c8abd5640a6514b909318d271dee\",\"name\":\"Gayi Diawara\",\"image\":{\"@type\":\"ImageObject\",\"inLanguage\":\"ar\",\"@id\":\"https:\\\/\\\/secure.gravatar.com\\\/avatar\\\/63ea8db1e19a6d2d608b24c0f78b5f3a7d6e0bc11959fec273410af333e4d0ac?s=96&d=mm&r=g\",\"url\":\"https:\\\/\\\/secure.gravatar.com\\\/avatar\\\/63ea8db1e19a6d2d608b24c0f78b5f3a7d6e0bc11959fec273410af333e4d0ac?s=96&d=mm&r=g\",\"contentUrl\":\"https:\\\/\\\/secure.gravatar.com\\\/avatar\\\/63ea8db1e19a6d2d608b24c0f78b5f3a7d6e0bc11959fec273410af333e4d0ac?s=96&d=mm&r=g\",\"caption\":\"Gayi Diawara\"},\"sameAs\":[\"http:\\\/\\\/lequotidien.mr\"],\"url\":\"https:\\\/\\\/lequotidien.mr\\\/?author=5\"}]}<\/script>\n<!-- \/ Yoast SEO plugin. -->","yoast_head_json":{"title":"Le vice-pr\u00e9sident de la Banque mondiale appelle \u00e0 la solidarit\u00e9 mondiale pour faire face aux d\u00e9fis du Sahel - Le Quotidien de Nouakchott","robots":{"index":"index","follow":"follow","max-snippet":"max-snippet:-1","max-image-preview":"max-image-preview:large","max-video-preview":"max-video-preview:-1"},"canonical":"https:\/\/lequotidien.mr\/?p=5174&lang=fr","og_locale":"ar_AR","og_type":"article","og_title":"Le vice-pr\u00e9sident de la Banque mondiale appelle \u00e0 la solidarit\u00e9 mondiale pour faire face aux d\u00e9fis du Sahel - Le Quotidien de Nouakchott","og_description":"Alwihda Info &#8211; Le vice-pr\u00e9sident de la Banque Mondiale, R\u00e9gion Afrique de l\u2019Ouest et du Centre, M. Ousmane Diagana, a pris la parole ce 20 f\u00e9vrier lors de la session extraordinaire de la conf\u00e9rence des chefs d\u2019Etat des pays du G5 Sahel, organis\u00e9e \u00e0 l\u2019invitation du pr\u00e9sident Mahamat Idriss D\u00e9by. M. Diagana a soulign\u00e9 l\u2019importance.....","og_url":"https:\/\/lequotidien.mr\/?p=5174&lang=fr","og_site_name":"Le Quotidien de Nouakchott","article_publisher":"https:\/\/web.facebook.com\/lequotidienmr","article_published_time":"2023-02-20T16:46:59+00:00","og_image":[{"width":870,"height":580,"url":"https:\/\/lequotidien.mr\/wp-content\/uploads\/2023\/02\/70892349_49401260.jpg","type":"image\/jpeg"}],"author":"Gayi Diawara","twitter_card":"summary_large_image","twitter_creator":"@lequotidienmr","twitter_site":"@lequotidienmr","twitter_misc":{"\u0643\u064f\u062a\u0628 \u0628\u0648\u0627\u0633\u0637\u0629":"Gayi Diawara","\u0648\u0642\u062a \u0627\u0644\u0642\u0631\u0627\u0621\u0629 \u0627\u0644\u0645\u064f\u0642\u062f\u0651\u0631":"\u062f\u0642\u064a\u0642\u062a\u0627\u0646"},"schema":{"@context":"https:\/\/schema.org","@graph":[{"@type":"Article","@id":"https:\/\/lequotidien.mr\/?p=5174&lang=fr#article","isPartOf":{"@id":"https:\/\/lequotidien.mr\/?p=5174&lang=fr"},"author":{"name":"Gayi Diawara","@id":"https:\/\/lequotidien.mr\/#\/schema\/person\/1077c8abd5640a6514b909318d271dee"},"headline":"Le vice-pr\u00e9sident de la Banque mondiale appelle \u00e0 la solidarit\u00e9 mondiale pour faire face aux d\u00e9fis du Sahel","datePublished":"2023-02-20T16:46:59+00:00","mainEntityOfPage":{"@id":"https:\/\/lequotidien.mr\/?p=5174&lang=fr"},"wordCount":496,"commentCount":0,"publisher":{"@id":"https:\/\/lequotidien.mr\/#organization"},"image":{"@id":"https:\/\/lequotidien.mr\/?p=5174&lang=fr#primaryimage"},"thumbnailUrl":"https:\/\/lequotidien.mr\/wp-content\/uploads\/2023\/02\/70892349_49401260.jpg","articleSection":["ACTUALIT\u00c9","Economie"],"inLanguage":"ar","potentialAction":[{"@type":"CommentAction","name":"Comment","target":["https:\/\/lequotidien.mr\/?p=5174&lang=fr#respond"]}]},{"@type":"WebPage","@id":"https:\/\/lequotidien.mr\/?p=5174&lang=fr","url":"https:\/\/lequotidien.mr\/?p=5174&lang=fr","name":"Le vice-pr\u00e9sident de la Banque mondiale appelle \u00e0 la solidarit\u00e9 mondiale pour faire face aux d\u00e9fis du Sahel - Le Quotidien de Nouakchott","isPartOf":{"@id":"https:\/\/lequotidien.mr\/#website"},"primaryImageOfPage":{"@id":"https:\/\/lequotidien.mr\/?p=5174&lang=fr#primaryimage"},"image":{"@id":"https:\/\/lequotidien.mr\/?p=5174&lang=fr#primaryimage"},"thumbnailUrl":"https:\/\/lequotidien.mr\/wp-content\/uploads\/2023\/02\/70892349_49401260.jpg","datePublished":"2023-02-20T16:46:59+00:00","breadcrumb":{"@id":"https:\/\/lequotidien.mr\/?p=5174&lang=fr#breadcrumb"},"inLanguage":"ar","potentialAction":[{"@type":"ReadAction","target":["https:\/\/lequotidien.mr\/?p=5174&lang=fr"]}]},{"@type":"ImageObject","inLanguage":"ar","@id":"https:\/\/lequotidien.mr\/?p=5174&lang=fr#primaryimage","url":"https:\/\/lequotidien.mr\/wp-content\/uploads\/2023\/02\/70892349_49401260.jpg","contentUrl":"https:\/\/lequotidien.mr\/wp-content\/uploads\/2023\/02\/70892349_49401260.jpg","width":870,"height":580},{"@type":"BreadcrumbList","@id":"https:\/\/lequotidien.mr\/?p=5174&lang=fr#breadcrumb","itemListElement":[{"@type":"ListItem","position":1,"name":"Home","item":"https:\/\/lequotidien.mr\/"},{"@type":"ListItem","position":2,"name":"Le vice-pr\u00e9sident de la Banque mondiale appelle \u00e0 la solidarit\u00e9 mondiale pour faire face aux d\u00e9fis du Sahel"}]},{"@type":"WebSite","@id":"https:\/\/lequotidien.mr\/#website","url":"https:\/\/lequotidien.mr\/","name":"Le Quotidien de Nouakchott","description":"\u0625\u062e\u0628\u0627\u0631\u064a\u0629 \u0645\u0633\u062a\u0642\u0644\u0629 \u0644\u0644\u0623\u0646\u0628\u0627\u0621 \u0627\u0644\u0639\u0627\u0645\u0629","publisher":{"@id":"https:\/\/lequotidien.mr\/#organization"},"potentialAction":[{"@type":"SearchAction","target":{"@type":"EntryPoint","urlTemplate":"https:\/\/lequotidien.mr\/?s={search_term_string}"},"query-input":{"@type":"PropertyValueSpecification","valueRequired":true,"valueName":"search_term_string"}}],"inLanguage":"ar"},{"@type":"Organization","@id":"https:\/\/lequotidien.mr\/#organization","name":"Le Quotidien de Nouakchott","url":"https:\/\/lequotidien.mr\/","logo":{"@type":"ImageObject","inLanguage":"ar","@id":"https:\/\/lequotidien.mr\/#\/schema\/logo\/image\/","url":"https:\/\/lequotidien.mr\/wp-content\/uploads\/2022\/11\/logolequotidien.jpg","contentUrl":"https:\/\/lequotidien.mr\/wp-content\/uploads\/2022\/11\/logolequotidien.jpg","width":290,"height":65,"caption":"Le Quotidien de Nouakchott"},"image":{"@id":"https:\/\/lequotidien.mr\/#\/schema\/logo\/image\/"},"sameAs":["https:\/\/web.facebook.com\/lequotidienmr","https:\/\/x.com\/lequotidienmr"]},{"@type":"Person","@id":"https:\/\/lequotidien.mr\/#\/schema\/person\/1077c8abd5640a6514b909318d271dee","name":"Gayi Diawara","image":{"@type":"ImageObject","inLanguage":"ar","@id":"https:\/\/secure.gravatar.com\/avatar\/63ea8db1e19a6d2d608b24c0f78b5f3a7d6e0bc11959fec273410af333e4d0ac?s=96&d=mm&r=g","url":"https:\/\/secure.gravatar.com\/avatar\/63ea8db1e19a6d2d608b24c0f78b5f3a7d6e0bc11959fec273410af333e4d0ac?s=96&d=mm&r=g","contentUrl":"https:\/\/secure.gravatar.com\/avatar\/63ea8db1e19a6d2d608b24c0f78b5f3a7d6e0bc11959fec273410af333e4d0ac?s=96&d=mm&r=g","caption":"Gayi Diawara"},"sameAs":["http:\/\/lequotidien.mr"],"url":"https:\/\/lequotidien.mr\/?author=5"}]}},"_links":{"self":[{"href":"https:\/\/lequotidien.mr\/index.php?rest_route=\/wp\/v2\/posts\/5174","targetHints":{"allow":["GET"]}}],"collection":[{"href":"https:\/\/lequotidien.mr\/index.php?rest_route=\/wp\/v2\/posts"}],"about":[{"href":"https:\/\/lequotidien.mr\/index.php?rest_route=\/wp\/v2\/types\/post"}],"author":[{"embeddable":true,"href":"https:\/\/lequotidien.mr\/index.php?rest_route=\/wp\/v2\/users\/5"}],"replies":[{"embeddable":true,"href":"https:\/\/lequotidien.mr\/index.php?rest_route=%2Fwp%2Fv2%2Fcomments&post=5174"}],"version-history":[{"count":1,"href":"https:\/\/lequotidien.mr\/index.php?rest_route=\/wp\/v2\/posts\/5174\/revisions"}],"predecessor-version":[{"id":5176,"href":"https:\/\/lequotidien.mr\/index.php?rest_route=\/wp\/v2\/posts\/5174\/revisions\/5176"}],"wp:featuredmedia":[{"embeddable":true,"href":"https:\/\/lequotidien.mr\/index.php?rest_route=\/wp\/v2\/media\/5175"}],"wp:attachment":[{"href":"https:\/\/lequotidien.mr\/index.php?rest_route=%2Fwp%2Fv2%2Fmedia&parent=5174"}],"wp:term":[{"taxonomy":"category","embeddable":true,"href":"https:\/\/lequotidien.mr\/index.php?rest_route=%2Fwp%2Fv2%2Fcategories&post=5174"},{"taxonomy":"post_tag","embeddable":true,"href":"https:\/\/lequotidien.mr\/index.php?rest_route=%2Fwp%2Fv2%2Ftags&post=5174"}],"curies":[{"name":"wp","href":"https:\/\/api.w.org\/{rel}","templated":true}]}}