{"id":5164,"date":"2023-02-20T16:38:29","date_gmt":"2023-02-20T16:38:29","guid":{"rendered":"https:\/\/lequotidien.mr\/?p=5164"},"modified":"2023-02-20T16:38:29","modified_gmt":"2023-02-20T16:38:29","slug":"dette-la-mauritanie-passe-dans-la-categorie-des-pays-intermediaires","status":"publish","type":"post","link":"https:\/\/lequotidien.mr\/?p=5164&lang=fr","title":{"rendered":"Dette : la Mauritanie passe dans la cat\u00e9gorie des pays interm\u00e9diaires"},"content":{"rendered":"<p>Essahraa &#8211; La Mauritanie est pass\u00e9e dans la cat\u00e9gorie des pays interm\u00e9diaires en termes d&#8217;endettement, a affirm\u00e9 samedi dernier, le ministre Ousmane Mamadou Kane.<\/p>\n<p>Ce passage qualifiera notre pays \u00e0 l\u2019augmentation des opportunit\u00e9s de financement accord\u00e9s par les partenaires financiers, a-t-il assur\u00e9, au cours d\u2019entretiens avec la ministre allemande de la Coop\u00e9ration \u00e9conomique, Mme Svenja Schulze.<\/p>\n<p>L&#8217;endettement des pays \u00e9trangers est class\u00e9, selon la Banque mondiale et le Fonds mon\u00e9taire international, en faible, moyen et \u00e9lev\u00e9, sur la base du ratio de la dette publique du PIB, rappelle-t-on.<\/p>\n<p>Les Etats interm\u00e9diaires sont class\u00e9s dans les cat\u00e9gories de pays \u00e0 revenu moyen de la Banque mondiale et dans le groupe des pays en d\u00e9veloppement non-membres du G20 de l\u2019OMC.<\/p>\n<p>Ils se d\u00e9finissent largement par d\u00e9faut : ce ne sont pas des pays suffisamment industrialis\u00e9s pour faire partie des NPI, mais ils sont beaucoup plus riches, dans l\u2019ensemble, que les PMA (pays les moins avanc\u00e9s).<\/p>\n<p>Ils pr\u00e9sentent un RNB par habitant inf\u00e9rieur \u00e0 la moyenne mondiale, un IDH moyen ou faible (compris entre 0,50 et 0,75 en 2015) pour la plupart d\u2019entre eux, une industrialisation encore modeste, des d\u00e9ficits dans le domaine social (nombre de m\u00e9decins par habitants faible, par exemple).<\/p>\n<p>Toutefois, certains peuvent \u00eatre tr\u00e8s performants sur quelques points : sant\u00e9 \u00e0 Cuba, li\u00e9e \u00e0 la politique du r\u00e9gime socialiste, secteurs industriels de pointe dans plusieurs pays\u2026<\/p>\n<p>Les taux de croissance naturelle sont tr\u00e8s variables selon les pays, qui ont in\u00e9galement entam\u00e9 la seconde phase de la transition d\u00e9mographique. Ils sont cependant inf\u00e9rieurs aux taux de croissance \u00e9conomique, ce qui les distingue des pays en d\u00e9veloppement tels qu\u2019ils \u00e9taient d\u00e9finis dans les ann\u00e9es 1960-1970.<\/p>\n","protected":false},"excerpt":{"rendered":"<p>Essahraa &#8211; La Mauritanie est pass\u00e9e dans la cat\u00e9gorie des pays interm\u00e9diaires en termes d&#8217;endettement, a affirm\u00e9 samedi dernier, le ministre Ousmane Mamadou Kane. Ce passage qualifiera notre pays \u00e0 l\u2019augmentation des opportunit\u00e9s de financement accord\u00e9s par les partenaires financiers, a-t-il assur\u00e9, au cours d\u2019entretiens avec la ministre allemande de la Coop\u00e9ration \u00e9conomique, Mme Svenja&#8230;..<\/p>\n","protected":false},"author":5,"featured_media":5165,"comment_status":"open","ping_status":"open","sticky":false,"template":"","format":"standard","meta":{"footnotes":""},"categories":[23,49],"tags":[],"class_list":["post-5164","post","type-post","status-publish","format-standard","has-post-thumbnail","hentry","category-actualite","category-economie"],"yoast_head":"<!-- This site is optimized with the Yoast SEO plugin v27.5 - https:\/\/yoast.com\/product\/yoast-seo-wordpress\/ -->\n<title>Dette : la Mauritanie passe dans la cat\u00e9gorie des pays interm\u00e9diaires - Le Quotidien de Nouakchott<\/title>\n<meta name=\"robots\" content=\"index, follow, max-snippet:-1, max-image-preview:large, max-video-preview:-1\" \/>\n<link rel=\"canonical\" href=\"https:\/\/lequotidien.mr\/?p=5164&lang=fr\" \/>\n<meta property=\"og:locale\" content=\"ar_AR\" \/>\n<meta property=\"og:type\" content=\"article\" \/>\n<meta property=\"og:title\" content=\"Dette : la Mauritanie passe dans la cat\u00e9gorie des pays interm\u00e9diaires - Le Quotidien de Nouakchott\" \/>\n<meta property=\"og:description\" content=\"Essahraa &#8211; La Mauritanie est pass\u00e9e dans la cat\u00e9gorie des pays interm\u00e9diaires en termes d&#8217;endettement, a affirm\u00e9 samedi dernier, le ministre Ousmane Mamadou Kane. Ce passage qualifiera notre pays \u00e0 l\u2019augmentation des opportunit\u00e9s de financement accord\u00e9s par les partenaires financiers, a-t-il assur\u00e9, au cours d\u2019entretiens avec la ministre allemande de la Coop\u00e9ration \u00e9conomique, Mme Svenja.....\" \/>\n<meta property=\"og:url\" content=\"https:\/\/lequotidien.mr\/?p=5164&amp;lang=fr\" \/>\n<meta property=\"og:site_name\" content=\"Le Quotidien de Nouakchott\" \/>\n<meta property=\"article:publisher\" content=\"https:\/\/web.facebook.com\/lequotidienmr\" \/>\n<meta property=\"article:published_time\" content=\"2023-02-20T16:38:29+00:00\" \/>\n<meta property=\"og:image\" content=\"https:\/\/lequotidien.mr\/wp-content\/uploads\/2023\/02\/deux_ministreskane_allem1.jpg\" \/>\n\t<meta property=\"og:image:width\" content=\"820\" \/>\n\t<meta property=\"og:image:height\" content=\"508\" \/>\n\t<meta property=\"og:image:type\" content=\"image\/jpeg\" \/>\n<meta name=\"author\" content=\"Gayi Diawara\" \/>\n<meta name=\"twitter:card\" content=\"summary_large_image\" \/>\n<meta name=\"twitter:creator\" content=\"@lequotidienmr\" \/>\n<meta name=\"twitter:site\" content=\"@lequotidienmr\" \/>\n<meta name=\"twitter:label1\" content=\"\u0643\u064f\u062a\u0628 \u0628\u0648\u0627\u0633\u0637\u0629\" \/>\n\t<meta name=\"twitter:data1\" content=\"Gayi Diawara\" \/>\n\t<meta name=\"twitter:label2\" content=\"\u0648\u0642\u062a \u0627\u0644\u0642\u0631\u0627\u0621\u0629 \u0627\u0644\u0645\u064f\u0642\u062f\u0651\u0631\" \/>\n\t<meta name=\"twitter:data2\" content=\"\u062f\u0642\u064a\u0642\u062a\u0627\u0646\" \/>\n<script type=\"application\/ld+json\" class=\"yoast-schema-graph\">{\"@context\":\"https:\\\/\\\/schema.org\",\"@graph\":[{\"@type\":\"Article\",\"@id\":\"https:\\\/\\\/lequotidien.mr\\\/?p=5164&lang=fr#article\",\"isPartOf\":{\"@id\":\"https:\\\/\\\/lequotidien.mr\\\/?p=5164&lang=fr\"},\"author\":{\"name\":\"Gayi Diawara\",\"@id\":\"https:\\\/\\\/lequotidien.mr\\\/#\\\/schema\\\/person\\\/1077c8abd5640a6514b909318d271dee\"},\"headline\":\"Dette : la Mauritanie passe dans la cat\u00e9gorie des pays interm\u00e9diaires\",\"datePublished\":\"2023-02-20T16:38:29+00:00\",\"mainEntityOfPage\":{\"@id\":\"https:\\\/\\\/lequotidien.mr\\\/?p=5164&lang=fr\"},\"wordCount\":312,\"commentCount\":0,\"publisher\":{\"@id\":\"https:\\\/\\\/lequotidien.mr\\\/#organization\"},\"image\":{\"@id\":\"https:\\\/\\\/lequotidien.mr\\\/?p=5164&lang=fr#primaryimage\"},\"thumbnailUrl\":\"https:\\\/\\\/lequotidien.mr\\\/wp-content\\\/uploads\\\/2023\\\/02\\\/deux_ministreskane_allem1.jpg\",\"articleSection\":[\"ACTUALIT\u00c9\",\"Economie\"],\"inLanguage\":\"ar\",\"potentialAction\":[{\"@type\":\"CommentAction\",\"name\":\"Comment\",\"target\":[\"https:\\\/\\\/lequotidien.mr\\\/?p=5164&lang=fr#respond\"]}]},{\"@type\":\"WebPage\",\"@id\":\"https:\\\/\\\/lequotidien.mr\\\/?p=5164&lang=fr\",\"url\":\"https:\\\/\\\/lequotidien.mr\\\/?p=5164&lang=fr\",\"name\":\"Dette : la Mauritanie passe dans la cat\u00e9gorie des pays interm\u00e9diaires - Le Quotidien de Nouakchott\",\"isPartOf\":{\"@id\":\"https:\\\/\\\/lequotidien.mr\\\/#website\"},\"primaryImageOfPage\":{\"@id\":\"https:\\\/\\\/lequotidien.mr\\\/?p=5164&lang=fr#primaryimage\"},\"image\":{\"@id\":\"https:\\\/\\\/lequotidien.mr\\\/?p=5164&lang=fr#primaryimage\"},\"thumbnailUrl\":\"https:\\\/\\\/lequotidien.mr\\\/wp-content\\\/uploads\\\/2023\\\/02\\\/deux_ministreskane_allem1.jpg\",\"datePublished\":\"2023-02-20T16:38:29+00:00\",\"breadcrumb\":{\"@id\":\"https:\\\/\\\/lequotidien.mr\\\/?p=5164&lang=fr#breadcrumb\"},\"inLanguage\":\"ar\",\"potentialAction\":[{\"@type\":\"ReadAction\",\"target\":[\"https:\\\/\\\/lequotidien.mr\\\/?p=5164&lang=fr\"]}]},{\"@type\":\"ImageObject\",\"inLanguage\":\"ar\",\"@id\":\"https:\\\/\\\/lequotidien.mr\\\/?p=5164&lang=fr#primaryimage\",\"url\":\"https:\\\/\\\/lequotidien.mr\\\/wp-content\\\/uploads\\\/2023\\\/02\\\/deux_ministreskane_allem1.jpg\",\"contentUrl\":\"https:\\\/\\\/lequotidien.mr\\\/wp-content\\\/uploads\\\/2023\\\/02\\\/deux_ministreskane_allem1.jpg\",\"width\":820,\"height\":508},{\"@type\":\"BreadcrumbList\",\"@id\":\"https:\\\/\\\/lequotidien.mr\\\/?p=5164&lang=fr#breadcrumb\",\"itemListElement\":[{\"@type\":\"ListItem\",\"position\":1,\"name\":\"Home\",\"item\":\"https:\\\/\\\/lequotidien.mr\\\/\"},{\"@type\":\"ListItem\",\"position\":2,\"name\":\"Dette : la Mauritanie passe dans la cat\u00e9gorie des pays interm\u00e9diaires\"}]},{\"@type\":\"WebSite\",\"@id\":\"https:\\\/\\\/lequotidien.mr\\\/#website\",\"url\":\"https:\\\/\\\/lequotidien.mr\\\/\",\"name\":\"Le Quotidien de Nouakchott\",\"description\":\"\u0625\u062e\u0628\u0627\u0631\u064a\u0629 \u0645\u0633\u062a\u0642\u0644\u0629 \u0644\u0644\u0623\u0646\u0628\u0627\u0621 \u0627\u0644\u0639\u0627\u0645\u0629\",\"publisher\":{\"@id\":\"https:\\\/\\\/lequotidien.mr\\\/#organization\"},\"potentialAction\":[{\"@type\":\"SearchAction\",\"target\":{\"@type\":\"EntryPoint\",\"urlTemplate\":\"https:\\\/\\\/lequotidien.mr\\\/?s={search_term_string}\"},\"query-input\":{\"@type\":\"PropertyValueSpecification\",\"valueRequired\":true,\"valueName\":\"search_term_string\"}}],\"inLanguage\":\"ar\"},{\"@type\":\"Organization\",\"@id\":\"https:\\\/\\\/lequotidien.mr\\\/#organization\",\"name\":\"Le Quotidien de Nouakchott\",\"url\":\"https:\\\/\\\/lequotidien.mr\\\/\",\"logo\":{\"@type\":\"ImageObject\",\"inLanguage\":\"ar\",\"@id\":\"https:\\\/\\\/lequotidien.mr\\\/#\\\/schema\\\/logo\\\/image\\\/\",\"url\":\"https:\\\/\\\/lequotidien.mr\\\/wp-content\\\/uploads\\\/2022\\\/11\\\/logolequotidien.jpg\",\"contentUrl\":\"https:\\\/\\\/lequotidien.mr\\\/wp-content\\\/uploads\\\/2022\\\/11\\\/logolequotidien.jpg\",\"width\":290,\"height\":65,\"caption\":\"Le Quotidien de Nouakchott\"},\"image\":{\"@id\":\"https:\\\/\\\/lequotidien.mr\\\/#\\\/schema\\\/logo\\\/image\\\/\"},\"sameAs\":[\"https:\\\/\\\/web.facebook.com\\\/lequotidienmr\",\"https:\\\/\\\/x.com\\\/lequotidienmr\"]},{\"@type\":\"Person\",\"@id\":\"https:\\\/\\\/lequotidien.mr\\\/#\\\/schema\\\/person\\\/1077c8abd5640a6514b909318d271dee\",\"name\":\"Gayi Diawara\",\"image\":{\"@type\":\"ImageObject\",\"inLanguage\":\"ar\",\"@id\":\"https:\\\/\\\/secure.gravatar.com\\\/avatar\\\/63ea8db1e19a6d2d608b24c0f78b5f3a7d6e0bc11959fec273410af333e4d0ac?s=96&d=mm&r=g\",\"url\":\"https:\\\/\\\/secure.gravatar.com\\\/avatar\\\/63ea8db1e19a6d2d608b24c0f78b5f3a7d6e0bc11959fec273410af333e4d0ac?s=96&d=mm&r=g\",\"contentUrl\":\"https:\\\/\\\/secure.gravatar.com\\\/avatar\\\/63ea8db1e19a6d2d608b24c0f78b5f3a7d6e0bc11959fec273410af333e4d0ac?s=96&d=mm&r=g\",\"caption\":\"Gayi Diawara\"},\"sameAs\":[\"http:\\\/\\\/lequotidien.mr\"],\"url\":\"https:\\\/\\\/lequotidien.mr\\\/?author=5\"}]}<\/script>\n<!-- \/ Yoast SEO plugin. -->","yoast_head_json":{"title":"Dette : la Mauritanie passe dans la cat\u00e9gorie des pays interm\u00e9diaires - Le Quotidien de Nouakchott","robots":{"index":"index","follow":"follow","max-snippet":"max-snippet:-1","max-image-preview":"max-image-preview:large","max-video-preview":"max-video-preview:-1"},"canonical":"https:\/\/lequotidien.mr\/?p=5164&lang=fr","og_locale":"ar_AR","og_type":"article","og_title":"Dette : la Mauritanie passe dans la cat\u00e9gorie des pays interm\u00e9diaires - Le Quotidien de Nouakchott","og_description":"Essahraa &#8211; La Mauritanie est pass\u00e9e dans la cat\u00e9gorie des pays interm\u00e9diaires en termes d&#8217;endettement, a affirm\u00e9 samedi dernier, le ministre Ousmane Mamadou Kane. Ce passage qualifiera notre pays \u00e0 l\u2019augmentation des opportunit\u00e9s de financement accord\u00e9s par les partenaires financiers, a-t-il assur\u00e9, au cours d\u2019entretiens avec la ministre allemande de la Coop\u00e9ration \u00e9conomique, Mme Svenja.....","og_url":"https:\/\/lequotidien.mr\/?p=5164&lang=fr","og_site_name":"Le Quotidien de Nouakchott","article_publisher":"https:\/\/web.facebook.com\/lequotidienmr","article_published_time":"2023-02-20T16:38:29+00:00","og_image":[{"width":820,"height":508,"url":"https:\/\/lequotidien.mr\/wp-content\/uploads\/2023\/02\/deux_ministreskane_allem1.jpg","type":"image\/jpeg"}],"author":"Gayi Diawara","twitter_card":"summary_large_image","twitter_creator":"@lequotidienmr","twitter_site":"@lequotidienmr","twitter_misc":{"\u0643\u064f\u062a\u0628 \u0628\u0648\u0627\u0633\u0637\u0629":"Gayi Diawara","\u0648\u0642\u062a \u0627\u0644\u0642\u0631\u0627\u0621\u0629 \u0627\u0644\u0645\u064f\u0642\u062f\u0651\u0631":"\u062f\u0642\u064a\u0642\u062a\u0627\u0646"},"schema":{"@context":"https:\/\/schema.org","@graph":[{"@type":"Article","@id":"https:\/\/lequotidien.mr\/?p=5164&lang=fr#article","isPartOf":{"@id":"https:\/\/lequotidien.mr\/?p=5164&lang=fr"},"author":{"name":"Gayi Diawara","@id":"https:\/\/lequotidien.mr\/#\/schema\/person\/1077c8abd5640a6514b909318d271dee"},"headline":"Dette : la Mauritanie passe dans la cat\u00e9gorie des pays interm\u00e9diaires","datePublished":"2023-02-20T16:38:29+00:00","mainEntityOfPage":{"@id":"https:\/\/lequotidien.mr\/?p=5164&lang=fr"},"wordCount":312,"commentCount":0,"publisher":{"@id":"https:\/\/lequotidien.mr\/#organization"},"image":{"@id":"https:\/\/lequotidien.mr\/?p=5164&lang=fr#primaryimage"},"thumbnailUrl":"https:\/\/lequotidien.mr\/wp-content\/uploads\/2023\/02\/deux_ministreskane_allem1.jpg","articleSection":["ACTUALIT\u00c9","Economie"],"inLanguage":"ar","potentialAction":[{"@type":"CommentAction","name":"Comment","target":["https:\/\/lequotidien.mr\/?p=5164&lang=fr#respond"]}]},{"@type":"WebPage","@id":"https:\/\/lequotidien.mr\/?p=5164&lang=fr","url":"https:\/\/lequotidien.mr\/?p=5164&lang=fr","name":"Dette : la Mauritanie passe dans la cat\u00e9gorie des pays interm\u00e9diaires - Le Quotidien de Nouakchott","isPartOf":{"@id":"https:\/\/lequotidien.mr\/#website"},"primaryImageOfPage":{"@id":"https:\/\/lequotidien.mr\/?p=5164&lang=fr#primaryimage"},"image":{"@id":"https:\/\/lequotidien.mr\/?p=5164&lang=fr#primaryimage"},"thumbnailUrl":"https:\/\/lequotidien.mr\/wp-content\/uploads\/2023\/02\/deux_ministreskane_allem1.jpg","datePublished":"2023-02-20T16:38:29+00:00","breadcrumb":{"@id":"https:\/\/lequotidien.mr\/?p=5164&lang=fr#breadcrumb"},"inLanguage":"ar","potentialAction":[{"@type":"ReadAction","target":["https:\/\/lequotidien.mr\/?p=5164&lang=fr"]}]},{"@type":"ImageObject","inLanguage":"ar","@id":"https:\/\/lequotidien.mr\/?p=5164&lang=fr#primaryimage","url":"https:\/\/lequotidien.mr\/wp-content\/uploads\/2023\/02\/deux_ministreskane_allem1.jpg","contentUrl":"https:\/\/lequotidien.mr\/wp-content\/uploads\/2023\/02\/deux_ministreskane_allem1.jpg","width":820,"height":508},{"@type":"BreadcrumbList","@id":"https:\/\/lequotidien.mr\/?p=5164&lang=fr#breadcrumb","itemListElement":[{"@type":"ListItem","position":1,"name":"Home","item":"https:\/\/lequotidien.mr\/"},{"@type":"ListItem","position":2,"name":"Dette : la Mauritanie passe dans la cat\u00e9gorie des pays interm\u00e9diaires"}]},{"@type":"WebSite","@id":"https:\/\/lequotidien.mr\/#website","url":"https:\/\/lequotidien.mr\/","name":"Le Quotidien de Nouakchott","description":"\u0625\u062e\u0628\u0627\u0631\u064a\u0629 \u0645\u0633\u062a\u0642\u0644\u0629 \u0644\u0644\u0623\u0646\u0628\u0627\u0621 \u0627\u0644\u0639\u0627\u0645\u0629","publisher":{"@id":"https:\/\/lequotidien.mr\/#organization"},"potentialAction":[{"@type":"SearchAction","target":{"@type":"EntryPoint","urlTemplate":"https:\/\/lequotidien.mr\/?s={search_term_string}"},"query-input":{"@type":"PropertyValueSpecification","valueRequired":true,"valueName":"search_term_string"}}],"inLanguage":"ar"},{"@type":"Organization","@id":"https:\/\/lequotidien.mr\/#organization","name":"Le Quotidien de Nouakchott","url":"https:\/\/lequotidien.mr\/","logo":{"@type":"ImageObject","inLanguage":"ar","@id":"https:\/\/lequotidien.mr\/#\/schema\/logo\/image\/","url":"https:\/\/lequotidien.mr\/wp-content\/uploads\/2022\/11\/logolequotidien.jpg","contentUrl":"https:\/\/lequotidien.mr\/wp-content\/uploads\/2022\/11\/logolequotidien.jpg","width":290,"height":65,"caption":"Le Quotidien de Nouakchott"},"image":{"@id":"https:\/\/lequotidien.mr\/#\/schema\/logo\/image\/"},"sameAs":["https:\/\/web.facebook.com\/lequotidienmr","https:\/\/x.com\/lequotidienmr"]},{"@type":"Person","@id":"https:\/\/lequotidien.mr\/#\/schema\/person\/1077c8abd5640a6514b909318d271dee","name":"Gayi Diawara","image":{"@type":"ImageObject","inLanguage":"ar","@id":"https:\/\/secure.gravatar.com\/avatar\/63ea8db1e19a6d2d608b24c0f78b5f3a7d6e0bc11959fec273410af333e4d0ac?s=96&d=mm&r=g","url":"https:\/\/secure.gravatar.com\/avatar\/63ea8db1e19a6d2d608b24c0f78b5f3a7d6e0bc11959fec273410af333e4d0ac?s=96&d=mm&r=g","contentUrl":"https:\/\/secure.gravatar.com\/avatar\/63ea8db1e19a6d2d608b24c0f78b5f3a7d6e0bc11959fec273410af333e4d0ac?s=96&d=mm&r=g","caption":"Gayi Diawara"},"sameAs":["http:\/\/lequotidien.mr"],"url":"https:\/\/lequotidien.mr\/?author=5"}]}},"_links":{"self":[{"href":"https:\/\/lequotidien.mr\/index.php?rest_route=\/wp\/v2\/posts\/5164","targetHints":{"allow":["GET"]}}],"collection":[{"href":"https:\/\/lequotidien.mr\/index.php?rest_route=\/wp\/v2\/posts"}],"about":[{"href":"https:\/\/lequotidien.mr\/index.php?rest_route=\/wp\/v2\/types\/post"}],"author":[{"embeddable":true,"href":"https:\/\/lequotidien.mr\/index.php?rest_route=\/wp\/v2\/users\/5"}],"replies":[{"embeddable":true,"href":"https:\/\/lequotidien.mr\/index.php?rest_route=%2Fwp%2Fv2%2Fcomments&post=5164"}],"version-history":[{"count":1,"href":"https:\/\/lequotidien.mr\/index.php?rest_route=\/wp\/v2\/posts\/5164\/revisions"}],"predecessor-version":[{"id":5166,"href":"https:\/\/lequotidien.mr\/index.php?rest_route=\/wp\/v2\/posts\/5164\/revisions\/5166"}],"wp:featuredmedia":[{"embeddable":true,"href":"https:\/\/lequotidien.mr\/index.php?rest_route=\/wp\/v2\/media\/5165"}],"wp:attachment":[{"href":"https:\/\/lequotidien.mr\/index.php?rest_route=%2Fwp%2Fv2%2Fmedia&parent=5164"}],"wp:term":[{"taxonomy":"category","embeddable":true,"href":"https:\/\/lequotidien.mr\/index.php?rest_route=%2Fwp%2Fv2%2Fcategories&post=5164"},{"taxonomy":"post_tag","embeddable":true,"href":"https:\/\/lequotidien.mr\/index.php?rest_route=%2Fwp%2Fv2%2Ftags&post=5164"}],"curies":[{"name":"wp","href":"https:\/\/api.w.org\/{rel}","templated":true}]}}