{"id":5100,"date":"2023-02-19T17:07:41","date_gmt":"2023-02-19T17:07:41","guid":{"rendered":"https:\/\/lequotidien.mr\/?p=5100"},"modified":"2023-02-19T17:07:41","modified_gmt":"2023-02-19T17:07:41","slug":"qui-a-tue-ebnou-ould-haymoda","status":"publish","type":"post","link":"https:\/\/lequotidien.mr\/?p=5100&lang=fr","title":{"rendered":"Qui a tu\u00e9 Ebnou Ould Haymoda ?"},"content":{"rendered":"<p>Future Afrique &#8211; \u00ab Il n\u2019y a de pouvoir, ni de force que par Allah. Le meurtre de Souvi est d\u00e9chirant. Mais il n\u2019est pas sans rappeler un autre.<\/p>\n<p>Le matin du 24 juillet 2022, le corps de l\u2019ancien d\u00e9put\u00e9 de la moughataa de Keur Mac\u00e8ne, Ebnou Ould Haymoda, a \u00e9t\u00e9 retrouv\u00e9 pendu dans sa maison au Ksar.<\/p>\n<p>Il a laiss\u00e9 derri\u00e8re lui des filles et un fils, dont aucun n\u2019a encore atteint la majorit\u00e9. Il laisse derri\u00e8re lui une m\u00e8re, dont il est le fils unique. Elle prie Dieu en secret et en public pour que la v\u00e9rit\u00e9 soit \u00e9tablie dans le cas de sa mort.<\/p>\n<p>De m\u00eame qu\u2019une s\u0153ur, une famille et des \u00eatres chers, qui sont certes d\u00e9vast\u00e9s par le chagrin de sa mort et par la souffrance, mais ils demeurent satisfaits de la volont\u00e9 d\u2019Allah.<\/p>\n<p>Apr\u00e8s la fermeture de sa maison \u00e0 Nouakchott le lendemain de sa mort et apr\u00e8s le d\u00e9part de ceux qui s\u2019y trouvaient pour rejoindre \u00ab provisoirement \u00bb sa m\u00e8re et sa s\u0153ur \u00e0 la Badia, \u00ab lieu des condol\u00e9ances \u00bb, des inconnus \u00e9taient entr\u00e9s dans la maison.<\/p>\n<p>D\u00e8s lors, il \u00e9tait manifeste qu\u2019il ne s\u2019agissait pas de voleurs, d\u2019autant que les biens de la maison sont rest\u00e9s tels quels, en l\u2019\u00e9tat. D\u2019ailleurs, seuls des dossiers et des papiers ont \u00e9t\u00e9 emport\u00e9s.<\/p>\n<p>La police a conclu au suicide, ce qui est une erreur monumentale, d\u00e9mentie par tous les indices et toutes les preuves.<\/p>\n<p>L\u2019accompagnateur du d\u00e9funt, \u00ab suspect n\u00b01 \u00bb, a \u00e9t\u00e9 interpell\u00e9 alors qu\u2019il s\u2019appr\u00eatait \u00e0 voyager pour l\u2019Espagne.<\/p>\n<p>La famille a endur\u00e9 d\u2019\u00e9normes charges psychologiques, si grandes que je ne veux pas entrer dans les d\u00e9tails.<\/p>\n<p>La famille a patiemment attendu, ne serait-ce qu\u2019une r\u00e9ponse, une seule r\u00e9ponse satisfaisante de la part des responsables concern\u00e9s, mais en vain.<\/p>\n<p>J\u2019esp\u00e8re que l\u2019affaire Souvi Ould Cheine se r\u00e9percutera positivement dans celle de l\u2019honorable d\u00e9put\u00e9 Ebnou Ould Haymoda dans l\u2019espoir que les tentatives de d\u00e9couvertes des circonstances entourant la mort de l\u2019ancien parlementaire soient enfin \u00e9lucid\u00e9es de la m\u00eame mani\u00e8re.<\/p>\n<p>En bref,<\/p>\n<p>Nous voulons la justice, rien que la justice dans le cas du meurtre d\u2019Ebnou Ould Haymoda, tout comme il y a eu justice dans le cas du meurtre de Souvi Ould Cheine \u00bb.<\/p>\n<p>Hassen Hymde<\/p>\n<p>Traduction de Med Yahya Abdel Wedoud<\/p>\n<p>Rapideinfo<\/p>\n","protected":false},"excerpt":{"rendered":"<p>Future Afrique &#8211; \u00ab Il n\u2019y a de pouvoir, ni de force que par Allah. Le meurtre de Souvi est d\u00e9chirant. Mais il n\u2019est pas sans rappeler un autre. Le matin du 24 juillet 2022, le corps de l\u2019ancien d\u00e9put\u00e9 de la moughataa de Keur Mac\u00e8ne, Ebnou Ould Haymoda, a \u00e9t\u00e9 retrouv\u00e9 pendu dans sa&#8230;..<\/p>\n","protected":false},"author":5,"featured_media":5099,"comment_status":"open","ping_status":"open","sticky":false,"template":"","format":"standard","meta":{"footnotes":""},"categories":[23,53],"tags":[],"class_list":["post-5100","post","type-post","status-publish","format-standard","has-post-thumbnail","hentry","category-actualite","category-faits-divers"],"yoast_head":"<!-- This site is optimized with the Yoast SEO plugin v27.5 - https:\/\/yoast.com\/product\/yoast-seo-wordpress\/ -->\n<title>Qui a tu\u00e9 Ebnou Ould Haymoda ? - Le Quotidien de Nouakchott<\/title>\n<meta name=\"robots\" content=\"index, follow, max-snippet:-1, max-image-preview:large, max-video-preview:-1\" \/>\n<link rel=\"canonical\" href=\"https:\/\/lequotidien.mr\/?p=5100&lang=fr\" \/>\n<meta property=\"og:locale\" content=\"ar_AR\" \/>\n<meta property=\"og:type\" content=\"article\" \/>\n<meta property=\"og:title\" content=\"Qui a tu\u00e9 Ebnou Ould Haymoda ? - Le Quotidien de Nouakchott\" \/>\n<meta property=\"og:description\" content=\"Future Afrique &#8211; \u00ab Il n\u2019y a de pouvoir, ni de force que par Allah. Le meurtre de Souvi est d\u00e9chirant. Mais il n\u2019est pas sans rappeler un autre. Le matin du 24 juillet 2022, le corps de l\u2019ancien d\u00e9put\u00e9 de la moughataa de Keur Mac\u00e8ne, Ebnou Ould Haymoda, a \u00e9t\u00e9 retrouv\u00e9 pendu dans sa.....\" \/>\n<meta property=\"og:url\" content=\"https:\/\/lequotidien.mr\/?p=5100&amp;lang=fr\" \/>\n<meta property=\"og:site_name\" content=\"Le Quotidien de Nouakchott\" \/>\n<meta property=\"article:publisher\" content=\"https:\/\/web.facebook.com\/lequotidienmr\" \/>\n<meta property=\"article:published_time\" content=\"2023-02-19T17:07:41+00:00\" \/>\n<meta property=\"og:image\" content=\"https:\/\/lequotidien.mr\/wp-content\/uploads\/2023\/02\/EBNOU00000.jpg\" \/>\n\t<meta property=\"og:image:width\" content=\"300\" \/>\n\t<meta property=\"og:image:height\" content=\"200\" \/>\n\t<meta property=\"og:image:type\" content=\"image\/jpeg\" \/>\n<meta name=\"author\" content=\"Gayi Diawara\" \/>\n<meta name=\"twitter:card\" content=\"summary_large_image\" \/>\n<meta name=\"twitter:creator\" content=\"@lequotidienmr\" \/>\n<meta name=\"twitter:site\" content=\"@lequotidienmr\" \/>\n<meta name=\"twitter:label1\" content=\"\u0643\u064f\u062a\u0628 \u0628\u0648\u0627\u0633\u0637\u0629\" \/>\n\t<meta name=\"twitter:data1\" content=\"Gayi Diawara\" \/>\n\t<meta name=\"twitter:label2\" content=\"\u0648\u0642\u062a \u0627\u0644\u0642\u0631\u0627\u0621\u0629 \u0627\u0644\u0645\u064f\u0642\u062f\u0651\u0631\" \/>\n\t<meta name=\"twitter:data2\" content=\"\u062f\u0642\u064a\u0642\u062a\u0627\u0646\" \/>\n<script type=\"application\/ld+json\" class=\"yoast-schema-graph\">{\"@context\":\"https:\\\/\\\/schema.org\",\"@graph\":[{\"@type\":\"Article\",\"@id\":\"https:\\\/\\\/lequotidien.mr\\\/?p=5100&lang=fr#article\",\"isPartOf\":{\"@id\":\"https:\\\/\\\/lequotidien.mr\\\/?p=5100&lang=fr\"},\"author\":{\"name\":\"Gayi Diawara\",\"@id\":\"https:\\\/\\\/lequotidien.mr\\\/#\\\/schema\\\/person\\\/1077c8abd5640a6514b909318d271dee\"},\"headline\":\"Qui a tu\u00e9 Ebnou Ould Haymoda ?\",\"datePublished\":\"2023-02-19T17:07:41+00:00\",\"mainEntityOfPage\":{\"@id\":\"https:\\\/\\\/lequotidien.mr\\\/?p=5100&lang=fr\"},\"wordCount\":433,\"commentCount\":0,\"publisher\":{\"@id\":\"https:\\\/\\\/lequotidien.mr\\\/#organization\"},\"image\":{\"@id\":\"https:\\\/\\\/lequotidien.mr\\\/?p=5100&lang=fr#primaryimage\"},\"thumbnailUrl\":\"https:\\\/\\\/lequotidien.mr\\\/wp-content\\\/uploads\\\/2023\\\/02\\\/EBNOU00000.jpg\",\"articleSection\":[\"ACTUALIT\u00c9\",\"FAITS DIVERS\"],\"inLanguage\":\"ar\",\"potentialAction\":[{\"@type\":\"CommentAction\",\"name\":\"Comment\",\"target\":[\"https:\\\/\\\/lequotidien.mr\\\/?p=5100&lang=fr#respond\"]}]},{\"@type\":\"WebPage\",\"@id\":\"https:\\\/\\\/lequotidien.mr\\\/?p=5100&lang=fr\",\"url\":\"https:\\\/\\\/lequotidien.mr\\\/?p=5100&lang=fr\",\"name\":\"Qui a tu\u00e9 Ebnou Ould Haymoda ? - Le Quotidien de Nouakchott\",\"isPartOf\":{\"@id\":\"https:\\\/\\\/lequotidien.mr\\\/#website\"},\"primaryImageOfPage\":{\"@id\":\"https:\\\/\\\/lequotidien.mr\\\/?p=5100&lang=fr#primaryimage\"},\"image\":{\"@id\":\"https:\\\/\\\/lequotidien.mr\\\/?p=5100&lang=fr#primaryimage\"},\"thumbnailUrl\":\"https:\\\/\\\/lequotidien.mr\\\/wp-content\\\/uploads\\\/2023\\\/02\\\/EBNOU00000.jpg\",\"datePublished\":\"2023-02-19T17:07:41+00:00\",\"breadcrumb\":{\"@id\":\"https:\\\/\\\/lequotidien.mr\\\/?p=5100&lang=fr#breadcrumb\"},\"inLanguage\":\"ar\",\"potentialAction\":[{\"@type\":\"ReadAction\",\"target\":[\"https:\\\/\\\/lequotidien.mr\\\/?p=5100&lang=fr\"]}]},{\"@type\":\"ImageObject\",\"inLanguage\":\"ar\",\"@id\":\"https:\\\/\\\/lequotidien.mr\\\/?p=5100&lang=fr#primaryimage\",\"url\":\"https:\\\/\\\/lequotidien.mr\\\/wp-content\\\/uploads\\\/2023\\\/02\\\/EBNOU00000.jpg\",\"contentUrl\":\"https:\\\/\\\/lequotidien.mr\\\/wp-content\\\/uploads\\\/2023\\\/02\\\/EBNOU00000.jpg\",\"width\":300,\"height\":200},{\"@type\":\"BreadcrumbList\",\"@id\":\"https:\\\/\\\/lequotidien.mr\\\/?p=5100&lang=fr#breadcrumb\",\"itemListElement\":[{\"@type\":\"ListItem\",\"position\":1,\"name\":\"Home\",\"item\":\"https:\\\/\\\/lequotidien.mr\\\/\"},{\"@type\":\"ListItem\",\"position\":2,\"name\":\"Qui a tu\u00e9 Ebnou Ould Haymoda ?\"}]},{\"@type\":\"WebSite\",\"@id\":\"https:\\\/\\\/lequotidien.mr\\\/#website\",\"url\":\"https:\\\/\\\/lequotidien.mr\\\/\",\"name\":\"Le Quotidien de Nouakchott\",\"description\":\"\u0625\u062e\u0628\u0627\u0631\u064a\u0629 \u0645\u0633\u062a\u0642\u0644\u0629 \u0644\u0644\u0623\u0646\u0628\u0627\u0621 \u0627\u0644\u0639\u0627\u0645\u0629\",\"publisher\":{\"@id\":\"https:\\\/\\\/lequotidien.mr\\\/#organization\"},\"potentialAction\":[{\"@type\":\"SearchAction\",\"target\":{\"@type\":\"EntryPoint\",\"urlTemplate\":\"https:\\\/\\\/lequotidien.mr\\\/?s={search_term_string}\"},\"query-input\":{\"@type\":\"PropertyValueSpecification\",\"valueRequired\":true,\"valueName\":\"search_term_string\"}}],\"inLanguage\":\"ar\"},{\"@type\":\"Organization\",\"@id\":\"https:\\\/\\\/lequotidien.mr\\\/#organization\",\"name\":\"Le Quotidien de Nouakchott\",\"url\":\"https:\\\/\\\/lequotidien.mr\\\/\",\"logo\":{\"@type\":\"ImageObject\",\"inLanguage\":\"ar\",\"@id\":\"https:\\\/\\\/lequotidien.mr\\\/#\\\/schema\\\/logo\\\/image\\\/\",\"url\":\"https:\\\/\\\/lequotidien.mr\\\/wp-content\\\/uploads\\\/2022\\\/11\\\/logolequotidien.jpg\",\"contentUrl\":\"https:\\\/\\\/lequotidien.mr\\\/wp-content\\\/uploads\\\/2022\\\/11\\\/logolequotidien.jpg\",\"width\":290,\"height\":65,\"caption\":\"Le Quotidien de Nouakchott\"},\"image\":{\"@id\":\"https:\\\/\\\/lequotidien.mr\\\/#\\\/schema\\\/logo\\\/image\\\/\"},\"sameAs\":[\"https:\\\/\\\/web.facebook.com\\\/lequotidienmr\",\"https:\\\/\\\/x.com\\\/lequotidienmr\"]},{\"@type\":\"Person\",\"@id\":\"https:\\\/\\\/lequotidien.mr\\\/#\\\/schema\\\/person\\\/1077c8abd5640a6514b909318d271dee\",\"name\":\"Gayi Diawara\",\"image\":{\"@type\":\"ImageObject\",\"inLanguage\":\"ar\",\"@id\":\"https:\\\/\\\/secure.gravatar.com\\\/avatar\\\/63ea8db1e19a6d2d608b24c0f78b5f3a7d6e0bc11959fec273410af333e4d0ac?s=96&d=mm&r=g\",\"url\":\"https:\\\/\\\/secure.gravatar.com\\\/avatar\\\/63ea8db1e19a6d2d608b24c0f78b5f3a7d6e0bc11959fec273410af333e4d0ac?s=96&d=mm&r=g\",\"contentUrl\":\"https:\\\/\\\/secure.gravatar.com\\\/avatar\\\/63ea8db1e19a6d2d608b24c0f78b5f3a7d6e0bc11959fec273410af333e4d0ac?s=96&d=mm&r=g\",\"caption\":\"Gayi Diawara\"},\"sameAs\":[\"http:\\\/\\\/lequotidien.mr\"],\"url\":\"https:\\\/\\\/lequotidien.mr\\\/?author=5\"}]}<\/script>\n<!-- \/ Yoast SEO plugin. -->","yoast_head_json":{"title":"Qui a tu\u00e9 Ebnou Ould Haymoda ? - Le Quotidien de Nouakchott","robots":{"index":"index","follow":"follow","max-snippet":"max-snippet:-1","max-image-preview":"max-image-preview:large","max-video-preview":"max-video-preview:-1"},"canonical":"https:\/\/lequotidien.mr\/?p=5100&lang=fr","og_locale":"ar_AR","og_type":"article","og_title":"Qui a tu\u00e9 Ebnou Ould Haymoda ? - Le Quotidien de Nouakchott","og_description":"Future Afrique &#8211; \u00ab Il n\u2019y a de pouvoir, ni de force que par Allah. Le meurtre de Souvi est d\u00e9chirant. Mais il n\u2019est pas sans rappeler un autre. Le matin du 24 juillet 2022, le corps de l\u2019ancien d\u00e9put\u00e9 de la moughataa de Keur Mac\u00e8ne, Ebnou Ould Haymoda, a \u00e9t\u00e9 retrouv\u00e9 pendu dans sa.....","og_url":"https:\/\/lequotidien.mr\/?p=5100&lang=fr","og_site_name":"Le Quotidien de Nouakchott","article_publisher":"https:\/\/web.facebook.com\/lequotidienmr","article_published_time":"2023-02-19T17:07:41+00:00","og_image":[{"width":300,"height":200,"url":"https:\/\/lequotidien.mr\/wp-content\/uploads\/2023\/02\/EBNOU00000.jpg","type":"image\/jpeg"}],"author":"Gayi Diawara","twitter_card":"summary_large_image","twitter_creator":"@lequotidienmr","twitter_site":"@lequotidienmr","twitter_misc":{"\u0643\u064f\u062a\u0628 \u0628\u0648\u0627\u0633\u0637\u0629":"Gayi Diawara","\u0648\u0642\u062a \u0627\u0644\u0642\u0631\u0627\u0621\u0629 \u0627\u0644\u0645\u064f\u0642\u062f\u0651\u0631":"\u062f\u0642\u064a\u0642\u062a\u0627\u0646"},"schema":{"@context":"https:\/\/schema.org","@graph":[{"@type":"Article","@id":"https:\/\/lequotidien.mr\/?p=5100&lang=fr#article","isPartOf":{"@id":"https:\/\/lequotidien.mr\/?p=5100&lang=fr"},"author":{"name":"Gayi Diawara","@id":"https:\/\/lequotidien.mr\/#\/schema\/person\/1077c8abd5640a6514b909318d271dee"},"headline":"Qui a tu\u00e9 Ebnou Ould Haymoda ?","datePublished":"2023-02-19T17:07:41+00:00","mainEntityOfPage":{"@id":"https:\/\/lequotidien.mr\/?p=5100&lang=fr"},"wordCount":433,"commentCount":0,"publisher":{"@id":"https:\/\/lequotidien.mr\/#organization"},"image":{"@id":"https:\/\/lequotidien.mr\/?p=5100&lang=fr#primaryimage"},"thumbnailUrl":"https:\/\/lequotidien.mr\/wp-content\/uploads\/2023\/02\/EBNOU00000.jpg","articleSection":["ACTUALIT\u00c9","FAITS DIVERS"],"inLanguage":"ar","potentialAction":[{"@type":"CommentAction","name":"Comment","target":["https:\/\/lequotidien.mr\/?p=5100&lang=fr#respond"]}]},{"@type":"WebPage","@id":"https:\/\/lequotidien.mr\/?p=5100&lang=fr","url":"https:\/\/lequotidien.mr\/?p=5100&lang=fr","name":"Qui a tu\u00e9 Ebnou Ould Haymoda ? - Le Quotidien de Nouakchott","isPartOf":{"@id":"https:\/\/lequotidien.mr\/#website"},"primaryImageOfPage":{"@id":"https:\/\/lequotidien.mr\/?p=5100&lang=fr#primaryimage"},"image":{"@id":"https:\/\/lequotidien.mr\/?p=5100&lang=fr#primaryimage"},"thumbnailUrl":"https:\/\/lequotidien.mr\/wp-content\/uploads\/2023\/02\/EBNOU00000.jpg","datePublished":"2023-02-19T17:07:41+00:00","breadcrumb":{"@id":"https:\/\/lequotidien.mr\/?p=5100&lang=fr#breadcrumb"},"inLanguage":"ar","potentialAction":[{"@type":"ReadAction","target":["https:\/\/lequotidien.mr\/?p=5100&lang=fr"]}]},{"@type":"ImageObject","inLanguage":"ar","@id":"https:\/\/lequotidien.mr\/?p=5100&lang=fr#primaryimage","url":"https:\/\/lequotidien.mr\/wp-content\/uploads\/2023\/02\/EBNOU00000.jpg","contentUrl":"https:\/\/lequotidien.mr\/wp-content\/uploads\/2023\/02\/EBNOU00000.jpg","width":300,"height":200},{"@type":"BreadcrumbList","@id":"https:\/\/lequotidien.mr\/?p=5100&lang=fr#breadcrumb","itemListElement":[{"@type":"ListItem","position":1,"name":"Home","item":"https:\/\/lequotidien.mr\/"},{"@type":"ListItem","position":2,"name":"Qui a tu\u00e9 Ebnou Ould Haymoda ?"}]},{"@type":"WebSite","@id":"https:\/\/lequotidien.mr\/#website","url":"https:\/\/lequotidien.mr\/","name":"Le Quotidien de Nouakchott","description":"\u0625\u062e\u0628\u0627\u0631\u064a\u0629 \u0645\u0633\u062a\u0642\u0644\u0629 \u0644\u0644\u0623\u0646\u0628\u0627\u0621 \u0627\u0644\u0639\u0627\u0645\u0629","publisher":{"@id":"https:\/\/lequotidien.mr\/#organization"},"potentialAction":[{"@type":"SearchAction","target":{"@type":"EntryPoint","urlTemplate":"https:\/\/lequotidien.mr\/?s={search_term_string}"},"query-input":{"@type":"PropertyValueSpecification","valueRequired":true,"valueName":"search_term_string"}}],"inLanguage":"ar"},{"@type":"Organization","@id":"https:\/\/lequotidien.mr\/#organization","name":"Le Quotidien de Nouakchott","url":"https:\/\/lequotidien.mr\/","logo":{"@type":"ImageObject","inLanguage":"ar","@id":"https:\/\/lequotidien.mr\/#\/schema\/logo\/image\/","url":"https:\/\/lequotidien.mr\/wp-content\/uploads\/2022\/11\/logolequotidien.jpg","contentUrl":"https:\/\/lequotidien.mr\/wp-content\/uploads\/2022\/11\/logolequotidien.jpg","width":290,"height":65,"caption":"Le Quotidien de Nouakchott"},"image":{"@id":"https:\/\/lequotidien.mr\/#\/schema\/logo\/image\/"},"sameAs":["https:\/\/web.facebook.com\/lequotidienmr","https:\/\/x.com\/lequotidienmr"]},{"@type":"Person","@id":"https:\/\/lequotidien.mr\/#\/schema\/person\/1077c8abd5640a6514b909318d271dee","name":"Gayi Diawara","image":{"@type":"ImageObject","inLanguage":"ar","@id":"https:\/\/secure.gravatar.com\/avatar\/63ea8db1e19a6d2d608b24c0f78b5f3a7d6e0bc11959fec273410af333e4d0ac?s=96&d=mm&r=g","url":"https:\/\/secure.gravatar.com\/avatar\/63ea8db1e19a6d2d608b24c0f78b5f3a7d6e0bc11959fec273410af333e4d0ac?s=96&d=mm&r=g","contentUrl":"https:\/\/secure.gravatar.com\/avatar\/63ea8db1e19a6d2d608b24c0f78b5f3a7d6e0bc11959fec273410af333e4d0ac?s=96&d=mm&r=g","caption":"Gayi Diawara"},"sameAs":["http:\/\/lequotidien.mr"],"url":"https:\/\/lequotidien.mr\/?author=5"}]}},"_links":{"self":[{"href":"https:\/\/lequotidien.mr\/index.php?rest_route=\/wp\/v2\/posts\/5100","targetHints":{"allow":["GET"]}}],"collection":[{"href":"https:\/\/lequotidien.mr\/index.php?rest_route=\/wp\/v2\/posts"}],"about":[{"href":"https:\/\/lequotidien.mr\/index.php?rest_route=\/wp\/v2\/types\/post"}],"author":[{"embeddable":true,"href":"https:\/\/lequotidien.mr\/index.php?rest_route=\/wp\/v2\/users\/5"}],"replies":[{"embeddable":true,"href":"https:\/\/lequotidien.mr\/index.php?rest_route=%2Fwp%2Fv2%2Fcomments&post=5100"}],"version-history":[{"count":1,"href":"https:\/\/lequotidien.mr\/index.php?rest_route=\/wp\/v2\/posts\/5100\/revisions"}],"predecessor-version":[{"id":5102,"href":"https:\/\/lequotidien.mr\/index.php?rest_route=\/wp\/v2\/posts\/5100\/revisions\/5102"}],"wp:featuredmedia":[{"embeddable":true,"href":"https:\/\/lequotidien.mr\/index.php?rest_route=\/wp\/v2\/media\/5099"}],"wp:attachment":[{"href":"https:\/\/lequotidien.mr\/index.php?rest_route=%2Fwp%2Fv2%2Fmedia&parent=5100"}],"wp:term":[{"taxonomy":"category","embeddable":true,"href":"https:\/\/lequotidien.mr\/index.php?rest_route=%2Fwp%2Fv2%2Fcategories&post=5100"},{"taxonomy":"post_tag","embeddable":true,"href":"https:\/\/lequotidien.mr\/index.php?rest_route=%2Fwp%2Fv2%2Ftags&post=5100"}],"curies":[{"name":"wp","href":"https:\/\/api.w.org\/{rel}","templated":true}]}}