{"id":5094,"date":"2023-02-19T16:57:37","date_gmt":"2023-02-19T16:57:37","guid":{"rendered":"https:\/\/lequotidien.mr\/?p=5094"},"modified":"2023-02-19T16:57:37","modified_gmt":"2023-02-19T16:57:37","slug":"reforme-des-concours-nationaux-et-des-examens-professionnels-entretien-avec-le-president-de-la-cnc","status":"publish","type":"post","link":"https:\/\/lequotidien.mr\/?p=5094&lang=fr","title":{"rendered":"R\u00e9forme des concours nationaux et des examens professionnels &#8211; Entretien avec le pr\u00e9sident de la CNC"},"content":{"rendered":"<p>AMI &#8211; Le pr\u00e9sident de la commission nationale des concours, M. Cheikhna Ould Idoumou, a indiqu\u00e9 que depuis 2020 la commission a mis en \u0153uvre un important programme de r\u00e9formes pour d\u00e9velopper le syst\u00e8me des concours nationaux \u00e0 tous les niveaux, qu\u2019il soit li\u00e9 au m\u00e9canisme d\u2019acc\u00e8s aux concours, au contr\u00f4le des processus de s\u00e9lection des dossiers ou \u00e0 l\u2019ouverture du concours au public b\u00e9n\u00e9ficiaire.<\/p>\n<p>Il a expliqu\u00e9 dans un entretien \u00e0 l\u2019agence mauritanienne d\u2019information que les r\u00e9formes ont commenc\u00e9 d\u2019abord par la modification du d\u00e9cret organisant les concours nationaux (02298) qui d\u00e9finit les m\u00e9canismes et les modalit\u00e9s d\u2019organisation des concours nationaux et des examens professionnels.<\/p>\n<p>Il a soulign\u00e9 que les r\u00e9formes comprennent l\u2019annulation de l\u2019examen oral dans les concours \u00e9crits, car cela soulevait de nombreux soup\u00e7ons et offrait l\u2019occasion \u00e0 certaines influences dans la s\u00e9lection qui ne sont pas pr\u00e9sentes au niveau de l\u2019examen \u00e9crit.<\/p>\n<p>L\u2019ordre alphab\u00e9tique de la liste a \u00e9galement \u00e9t\u00e9 annul\u00e9 et les r\u00e9formes ont \u00e9galement consist\u00e9 \u00e0 donner aux candidats la possibilit\u00e9 de se plaindre d\u00e8s le d\u00e9but du d\u00e9p\u00f4t des dossiers jusqu\u2019\u00e0 deux semaines apr\u00e8s l\u2019annonce des r\u00e9sultats d\u00e9finitifs, soulignant que la r\u00e9forme a donn\u00e9 des r\u00e9sultats positifs car elle a permis \u00e0 de nombreux candidats de soumettre leurs dol\u00e9ances et de v\u00e9rifier les r\u00e9sultats.<\/p>\n<p>Il a indiqu\u00e9 que les r\u00e9formes adopt\u00e9es par le comit\u00e9, qui ont donn\u00e9 des r\u00e9sultats satisfaisants, ont \u00e9t\u00e9 mises en \u0153uvre sur la base des recommandations de Son Excellence le Premier ministre, M. Mohamed Ould Bilal, qui a insist\u00e9 lors de ses entretiens avec la commission sur la n\u00e9cessit\u00e9 de la transparence dans le traitement des concurrents et \u00e0 la saisie des informations d\u2019une mani\u00e8re technique permettant \u00e0 chacun de s\u2019y r\u00e9f\u00e9rer \u00e0 tout moment et facilitant leur recherche.<\/p>\n<p>Les r\u00e9formes pr\u00e9voient un candidat par table et un maximum de 20 candidats par salle, en plus de l\u2019interdiction de l\u2019usage des t\u00e9l\u00e9phones dans les centres d\u2019examen et le renforcement du contr\u00f4le \u00e0 travers les surveillants.<\/p>\n<p>Il a soulign\u00e9 qu\u2019en vue de renforcer ces r\u00e9formes et en application des directives de Son Excellence le Pr\u00e9sident de la R\u00e9publique, M. Mohamed Ould Cheikh El Ghazouani, visant \u00e0 rapprocher l\u2019administration des citoyens par l\u2019exploitation des technologies modernes, la commission a rendu possible la candidature aux concours \u00e0 distance afin d\u2019\u00e9viter les difficult\u00e9s auxquelles les citoyens \u00e9taient confront\u00e9s, notamment les files d\u2019attente, la recherche de documents et les d\u00e9placements d\u2019un endroit \u00e0 un autre pour d\u00e9poser des dossiers.<\/p>\n","protected":false},"excerpt":{"rendered":"<p>AMI &#8211; Le pr\u00e9sident de la commission nationale des concours, M. Cheikhna Ould Idoumou, a indiqu\u00e9 que depuis 2020 la commission a mis en \u0153uvre un important programme de r\u00e9formes pour d\u00e9velopper le syst\u00e8me des concours nationaux \u00e0 tous les niveaux, qu\u2019il soit li\u00e9 au m\u00e9canisme d\u2019acc\u00e8s aux concours, au contr\u00f4le des processus de s\u00e9lection&#8230;..<\/p>\n","protected":false},"author":5,"featured_media":5095,"comment_status":"open","ping_status":"open","sticky":false,"template":"","format":"standard","meta":{"footnotes":""},"categories":[23,49],"tags":[],"class_list":["post-5094","post","type-post","status-publish","format-standard","has-post-thumbnail","hentry","category-actualite","category-economie"],"yoast_head":"<!-- This site is optimized with the Yoast SEO plugin v27.5 - https:\/\/yoast.com\/product\/yoast-seo-wordpress\/ -->\n<title>R\u00e9forme des concours nationaux et des examens professionnels - Entretien avec le pr\u00e9sident de la CNC - Le Quotidien de Nouakchott<\/title>\n<meta name=\"robots\" content=\"index, follow, max-snippet:-1, max-image-preview:large, max-video-preview:-1\" \/>\n<link rel=\"canonical\" href=\"https:\/\/lequotidien.mr\/?p=5094&lang=fr\" \/>\n<meta property=\"og:locale\" content=\"ar_AR\" \/>\n<meta property=\"og:type\" content=\"article\" \/>\n<meta property=\"og:title\" content=\"R\u00e9forme des concours nationaux et des examens professionnels - Entretien avec le pr\u00e9sident de la CNC - Le Quotidien de Nouakchott\" \/>\n<meta property=\"og:description\" content=\"AMI &#8211; Le pr\u00e9sident de la commission nationale des concours, M. Cheikhna Ould Idoumou, a indiqu\u00e9 que depuis 2020 la commission a mis en \u0153uvre un important programme de r\u00e9formes pour d\u00e9velopper le syst\u00e8me des concours nationaux \u00e0 tous les niveaux, qu\u2019il soit li\u00e9 au m\u00e9canisme d\u2019acc\u00e8s aux concours, au contr\u00f4le des processus de s\u00e9lection.....\" \/>\n<meta property=\"og:url\" content=\"https:\/\/lequotidien.mr\/?p=5094&amp;lang=fr\" \/>\n<meta property=\"og:site_name\" content=\"Le Quotidien de Nouakchott\" \/>\n<meta property=\"article:publisher\" content=\"https:\/\/web.facebook.com\/lequotidienmr\" \/>\n<meta property=\"article:published_time\" content=\"2023-02-19T16:57:37+00:00\" \/>\n<meta property=\"og:image\" content=\"https:\/\/lequotidien.mr\/wp-content\/uploads\/2023\/02\/dd_1_ould_idoumou.jpg\" \/>\n\t<meta property=\"og:image:width\" content=\"936\" \/>\n\t<meta property=\"og:image:height\" content=\"625\" \/>\n\t<meta property=\"og:image:type\" content=\"image\/jpeg\" \/>\n<meta name=\"author\" content=\"Gayi Diawara\" \/>\n<meta name=\"twitter:card\" content=\"summary_large_image\" \/>\n<meta name=\"twitter:creator\" content=\"@lequotidienmr\" \/>\n<meta name=\"twitter:site\" content=\"@lequotidienmr\" \/>\n<meta name=\"twitter:label1\" content=\"\u0643\u064f\u062a\u0628 \u0628\u0648\u0627\u0633\u0637\u0629\" \/>\n\t<meta name=\"twitter:data1\" content=\"Gayi Diawara\" \/>\n\t<meta name=\"twitter:label2\" content=\"\u0648\u0642\u062a \u0627\u0644\u0642\u0631\u0627\u0621\u0629 \u0627\u0644\u0645\u064f\u0642\u062f\u0651\u0631\" \/>\n\t<meta name=\"twitter:data2\" content=\"\u062f\u0642\u064a\u0642\u062a\u0627\u0646\" \/>\n<script type=\"application\/ld+json\" class=\"yoast-schema-graph\">{\"@context\":\"https:\\\/\\\/schema.org\",\"@graph\":[{\"@type\":\"Article\",\"@id\":\"https:\\\/\\\/lequotidien.mr\\\/?p=5094&lang=fr#article\",\"isPartOf\":{\"@id\":\"https:\\\/\\\/lequotidien.mr\\\/?p=5094&lang=fr\"},\"author\":{\"name\":\"Gayi Diawara\",\"@id\":\"https:\\\/\\\/lequotidien.mr\\\/#\\\/schema\\\/person\\\/1077c8abd5640a6514b909318d271dee\"},\"headline\":\"R\u00e9forme des concours nationaux et des examens professionnels &#8211; Entretien avec le pr\u00e9sident de la CNC\",\"datePublished\":\"2023-02-19T16:57:37+00:00\",\"mainEntityOfPage\":{\"@id\":\"https:\\\/\\\/lequotidien.mr\\\/?p=5094&lang=fr\"},\"wordCount\":483,\"commentCount\":0,\"publisher\":{\"@id\":\"https:\\\/\\\/lequotidien.mr\\\/#organization\"},\"image\":{\"@id\":\"https:\\\/\\\/lequotidien.mr\\\/?p=5094&lang=fr#primaryimage\"},\"thumbnailUrl\":\"https:\\\/\\\/lequotidien.mr\\\/wp-content\\\/uploads\\\/2023\\\/02\\\/dd_1_ould_idoumou.jpg\",\"articleSection\":[\"ACTUALIT\u00c9\",\"Economie\"],\"inLanguage\":\"ar\",\"potentialAction\":[{\"@type\":\"CommentAction\",\"name\":\"Comment\",\"target\":[\"https:\\\/\\\/lequotidien.mr\\\/?p=5094&lang=fr#respond\"]}]},{\"@type\":\"WebPage\",\"@id\":\"https:\\\/\\\/lequotidien.mr\\\/?p=5094&lang=fr\",\"url\":\"https:\\\/\\\/lequotidien.mr\\\/?p=5094&lang=fr\",\"name\":\"R\u00e9forme des concours nationaux et des examens professionnels - Entretien avec le pr\u00e9sident de la CNC - Le Quotidien de Nouakchott\",\"isPartOf\":{\"@id\":\"https:\\\/\\\/lequotidien.mr\\\/#website\"},\"primaryImageOfPage\":{\"@id\":\"https:\\\/\\\/lequotidien.mr\\\/?p=5094&lang=fr#primaryimage\"},\"image\":{\"@id\":\"https:\\\/\\\/lequotidien.mr\\\/?p=5094&lang=fr#primaryimage\"},\"thumbnailUrl\":\"https:\\\/\\\/lequotidien.mr\\\/wp-content\\\/uploads\\\/2023\\\/02\\\/dd_1_ould_idoumou.jpg\",\"datePublished\":\"2023-02-19T16:57:37+00:00\",\"breadcrumb\":{\"@id\":\"https:\\\/\\\/lequotidien.mr\\\/?p=5094&lang=fr#breadcrumb\"},\"inLanguage\":\"ar\",\"potentialAction\":[{\"@type\":\"ReadAction\",\"target\":[\"https:\\\/\\\/lequotidien.mr\\\/?p=5094&lang=fr\"]}]},{\"@type\":\"ImageObject\",\"inLanguage\":\"ar\",\"@id\":\"https:\\\/\\\/lequotidien.mr\\\/?p=5094&lang=fr#primaryimage\",\"url\":\"https:\\\/\\\/lequotidien.mr\\\/wp-content\\\/uploads\\\/2023\\\/02\\\/dd_1_ould_idoumou.jpg\",\"contentUrl\":\"https:\\\/\\\/lequotidien.mr\\\/wp-content\\\/uploads\\\/2023\\\/02\\\/dd_1_ould_idoumou.jpg\",\"width\":936,\"height\":625},{\"@type\":\"BreadcrumbList\",\"@id\":\"https:\\\/\\\/lequotidien.mr\\\/?p=5094&lang=fr#breadcrumb\",\"itemListElement\":[{\"@type\":\"ListItem\",\"position\":1,\"name\":\"Home\",\"item\":\"https:\\\/\\\/lequotidien.mr\\\/\"},{\"@type\":\"ListItem\",\"position\":2,\"name\":\"R\u00e9forme des concours nationaux et des examens professionnels &#8211; Entretien avec le pr\u00e9sident de la CNC\"}]},{\"@type\":\"WebSite\",\"@id\":\"https:\\\/\\\/lequotidien.mr\\\/#website\",\"url\":\"https:\\\/\\\/lequotidien.mr\\\/\",\"name\":\"Le Quotidien de Nouakchott\",\"description\":\"\u0625\u062e\u0628\u0627\u0631\u064a\u0629 \u0645\u0633\u062a\u0642\u0644\u0629 \u0644\u0644\u0623\u0646\u0628\u0627\u0621 \u0627\u0644\u0639\u0627\u0645\u0629\",\"publisher\":{\"@id\":\"https:\\\/\\\/lequotidien.mr\\\/#organization\"},\"potentialAction\":[{\"@type\":\"SearchAction\",\"target\":{\"@type\":\"EntryPoint\",\"urlTemplate\":\"https:\\\/\\\/lequotidien.mr\\\/?s={search_term_string}\"},\"query-input\":{\"@type\":\"PropertyValueSpecification\",\"valueRequired\":true,\"valueName\":\"search_term_string\"}}],\"inLanguage\":\"ar\"},{\"@type\":\"Organization\",\"@id\":\"https:\\\/\\\/lequotidien.mr\\\/#organization\",\"name\":\"Le Quotidien de Nouakchott\",\"url\":\"https:\\\/\\\/lequotidien.mr\\\/\",\"logo\":{\"@type\":\"ImageObject\",\"inLanguage\":\"ar\",\"@id\":\"https:\\\/\\\/lequotidien.mr\\\/#\\\/schema\\\/logo\\\/image\\\/\",\"url\":\"https:\\\/\\\/lequotidien.mr\\\/wp-content\\\/uploads\\\/2022\\\/11\\\/logolequotidien.jpg\",\"contentUrl\":\"https:\\\/\\\/lequotidien.mr\\\/wp-content\\\/uploads\\\/2022\\\/11\\\/logolequotidien.jpg\",\"width\":290,\"height\":65,\"caption\":\"Le Quotidien de Nouakchott\"},\"image\":{\"@id\":\"https:\\\/\\\/lequotidien.mr\\\/#\\\/schema\\\/logo\\\/image\\\/\"},\"sameAs\":[\"https:\\\/\\\/web.facebook.com\\\/lequotidienmr\",\"https:\\\/\\\/x.com\\\/lequotidienmr\"]},{\"@type\":\"Person\",\"@id\":\"https:\\\/\\\/lequotidien.mr\\\/#\\\/schema\\\/person\\\/1077c8abd5640a6514b909318d271dee\",\"name\":\"Gayi Diawara\",\"image\":{\"@type\":\"ImageObject\",\"inLanguage\":\"ar\",\"@id\":\"https:\\\/\\\/secure.gravatar.com\\\/avatar\\\/63ea8db1e19a6d2d608b24c0f78b5f3a7d6e0bc11959fec273410af333e4d0ac?s=96&d=mm&r=g\",\"url\":\"https:\\\/\\\/secure.gravatar.com\\\/avatar\\\/63ea8db1e19a6d2d608b24c0f78b5f3a7d6e0bc11959fec273410af333e4d0ac?s=96&d=mm&r=g\",\"contentUrl\":\"https:\\\/\\\/secure.gravatar.com\\\/avatar\\\/63ea8db1e19a6d2d608b24c0f78b5f3a7d6e0bc11959fec273410af333e4d0ac?s=96&d=mm&r=g\",\"caption\":\"Gayi Diawara\"},\"sameAs\":[\"http:\\\/\\\/lequotidien.mr\"],\"url\":\"https:\\\/\\\/lequotidien.mr\\\/?author=5\"}]}<\/script>\n<!-- \/ Yoast SEO plugin. -->","yoast_head_json":{"title":"R\u00e9forme des concours nationaux et des examens professionnels - Entretien avec le pr\u00e9sident de la CNC - Le Quotidien de Nouakchott","robots":{"index":"index","follow":"follow","max-snippet":"max-snippet:-1","max-image-preview":"max-image-preview:large","max-video-preview":"max-video-preview:-1"},"canonical":"https:\/\/lequotidien.mr\/?p=5094&lang=fr","og_locale":"ar_AR","og_type":"article","og_title":"R\u00e9forme des concours nationaux et des examens professionnels - Entretien avec le pr\u00e9sident de la CNC - Le Quotidien de Nouakchott","og_description":"AMI &#8211; Le pr\u00e9sident de la commission nationale des concours, M. Cheikhna Ould Idoumou, a indiqu\u00e9 que depuis 2020 la commission a mis en \u0153uvre un important programme de r\u00e9formes pour d\u00e9velopper le syst\u00e8me des concours nationaux \u00e0 tous les niveaux, qu\u2019il soit li\u00e9 au m\u00e9canisme d\u2019acc\u00e8s aux concours, au contr\u00f4le des processus de s\u00e9lection.....","og_url":"https:\/\/lequotidien.mr\/?p=5094&lang=fr","og_site_name":"Le Quotidien de Nouakchott","article_publisher":"https:\/\/web.facebook.com\/lequotidienmr","article_published_time":"2023-02-19T16:57:37+00:00","og_image":[{"width":936,"height":625,"url":"https:\/\/lequotidien.mr\/wp-content\/uploads\/2023\/02\/dd_1_ould_idoumou.jpg","type":"image\/jpeg"}],"author":"Gayi Diawara","twitter_card":"summary_large_image","twitter_creator":"@lequotidienmr","twitter_site":"@lequotidienmr","twitter_misc":{"\u0643\u064f\u062a\u0628 \u0628\u0648\u0627\u0633\u0637\u0629":"Gayi Diawara","\u0648\u0642\u062a \u0627\u0644\u0642\u0631\u0627\u0621\u0629 \u0627\u0644\u0645\u064f\u0642\u062f\u0651\u0631":"\u062f\u0642\u064a\u0642\u062a\u0627\u0646"},"schema":{"@context":"https:\/\/schema.org","@graph":[{"@type":"Article","@id":"https:\/\/lequotidien.mr\/?p=5094&lang=fr#article","isPartOf":{"@id":"https:\/\/lequotidien.mr\/?p=5094&lang=fr"},"author":{"name":"Gayi Diawara","@id":"https:\/\/lequotidien.mr\/#\/schema\/person\/1077c8abd5640a6514b909318d271dee"},"headline":"R\u00e9forme des concours nationaux et des examens professionnels &#8211; Entretien avec le pr\u00e9sident de la CNC","datePublished":"2023-02-19T16:57:37+00:00","mainEntityOfPage":{"@id":"https:\/\/lequotidien.mr\/?p=5094&lang=fr"},"wordCount":483,"commentCount":0,"publisher":{"@id":"https:\/\/lequotidien.mr\/#organization"},"image":{"@id":"https:\/\/lequotidien.mr\/?p=5094&lang=fr#primaryimage"},"thumbnailUrl":"https:\/\/lequotidien.mr\/wp-content\/uploads\/2023\/02\/dd_1_ould_idoumou.jpg","articleSection":["ACTUALIT\u00c9","Economie"],"inLanguage":"ar","potentialAction":[{"@type":"CommentAction","name":"Comment","target":["https:\/\/lequotidien.mr\/?p=5094&lang=fr#respond"]}]},{"@type":"WebPage","@id":"https:\/\/lequotidien.mr\/?p=5094&lang=fr","url":"https:\/\/lequotidien.mr\/?p=5094&lang=fr","name":"R\u00e9forme des concours nationaux et des examens professionnels - Entretien avec le pr\u00e9sident de la CNC - Le Quotidien de Nouakchott","isPartOf":{"@id":"https:\/\/lequotidien.mr\/#website"},"primaryImageOfPage":{"@id":"https:\/\/lequotidien.mr\/?p=5094&lang=fr#primaryimage"},"image":{"@id":"https:\/\/lequotidien.mr\/?p=5094&lang=fr#primaryimage"},"thumbnailUrl":"https:\/\/lequotidien.mr\/wp-content\/uploads\/2023\/02\/dd_1_ould_idoumou.jpg","datePublished":"2023-02-19T16:57:37+00:00","breadcrumb":{"@id":"https:\/\/lequotidien.mr\/?p=5094&lang=fr#breadcrumb"},"inLanguage":"ar","potentialAction":[{"@type":"ReadAction","target":["https:\/\/lequotidien.mr\/?p=5094&lang=fr"]}]},{"@type":"ImageObject","inLanguage":"ar","@id":"https:\/\/lequotidien.mr\/?p=5094&lang=fr#primaryimage","url":"https:\/\/lequotidien.mr\/wp-content\/uploads\/2023\/02\/dd_1_ould_idoumou.jpg","contentUrl":"https:\/\/lequotidien.mr\/wp-content\/uploads\/2023\/02\/dd_1_ould_idoumou.jpg","width":936,"height":625},{"@type":"BreadcrumbList","@id":"https:\/\/lequotidien.mr\/?p=5094&lang=fr#breadcrumb","itemListElement":[{"@type":"ListItem","position":1,"name":"Home","item":"https:\/\/lequotidien.mr\/"},{"@type":"ListItem","position":2,"name":"R\u00e9forme des concours nationaux et des examens professionnels &#8211; Entretien avec le pr\u00e9sident de la CNC"}]},{"@type":"WebSite","@id":"https:\/\/lequotidien.mr\/#website","url":"https:\/\/lequotidien.mr\/","name":"Le Quotidien de Nouakchott","description":"\u0625\u062e\u0628\u0627\u0631\u064a\u0629 \u0645\u0633\u062a\u0642\u0644\u0629 \u0644\u0644\u0623\u0646\u0628\u0627\u0621 \u0627\u0644\u0639\u0627\u0645\u0629","publisher":{"@id":"https:\/\/lequotidien.mr\/#organization"},"potentialAction":[{"@type":"SearchAction","target":{"@type":"EntryPoint","urlTemplate":"https:\/\/lequotidien.mr\/?s={search_term_string}"},"query-input":{"@type":"PropertyValueSpecification","valueRequired":true,"valueName":"search_term_string"}}],"inLanguage":"ar"},{"@type":"Organization","@id":"https:\/\/lequotidien.mr\/#organization","name":"Le Quotidien de Nouakchott","url":"https:\/\/lequotidien.mr\/","logo":{"@type":"ImageObject","inLanguage":"ar","@id":"https:\/\/lequotidien.mr\/#\/schema\/logo\/image\/","url":"https:\/\/lequotidien.mr\/wp-content\/uploads\/2022\/11\/logolequotidien.jpg","contentUrl":"https:\/\/lequotidien.mr\/wp-content\/uploads\/2022\/11\/logolequotidien.jpg","width":290,"height":65,"caption":"Le Quotidien de Nouakchott"},"image":{"@id":"https:\/\/lequotidien.mr\/#\/schema\/logo\/image\/"},"sameAs":["https:\/\/web.facebook.com\/lequotidienmr","https:\/\/x.com\/lequotidienmr"]},{"@type":"Person","@id":"https:\/\/lequotidien.mr\/#\/schema\/person\/1077c8abd5640a6514b909318d271dee","name":"Gayi Diawara","image":{"@type":"ImageObject","inLanguage":"ar","@id":"https:\/\/secure.gravatar.com\/avatar\/63ea8db1e19a6d2d608b24c0f78b5f3a7d6e0bc11959fec273410af333e4d0ac?s=96&d=mm&r=g","url":"https:\/\/secure.gravatar.com\/avatar\/63ea8db1e19a6d2d608b24c0f78b5f3a7d6e0bc11959fec273410af333e4d0ac?s=96&d=mm&r=g","contentUrl":"https:\/\/secure.gravatar.com\/avatar\/63ea8db1e19a6d2d608b24c0f78b5f3a7d6e0bc11959fec273410af333e4d0ac?s=96&d=mm&r=g","caption":"Gayi Diawara"},"sameAs":["http:\/\/lequotidien.mr"],"url":"https:\/\/lequotidien.mr\/?author=5"}]}},"_links":{"self":[{"href":"https:\/\/lequotidien.mr\/index.php?rest_route=\/wp\/v2\/posts\/5094","targetHints":{"allow":["GET"]}}],"collection":[{"href":"https:\/\/lequotidien.mr\/index.php?rest_route=\/wp\/v2\/posts"}],"about":[{"href":"https:\/\/lequotidien.mr\/index.php?rest_route=\/wp\/v2\/types\/post"}],"author":[{"embeddable":true,"href":"https:\/\/lequotidien.mr\/index.php?rest_route=\/wp\/v2\/users\/5"}],"replies":[{"embeddable":true,"href":"https:\/\/lequotidien.mr\/index.php?rest_route=%2Fwp%2Fv2%2Fcomments&post=5094"}],"version-history":[{"count":1,"href":"https:\/\/lequotidien.mr\/index.php?rest_route=\/wp\/v2\/posts\/5094\/revisions"}],"predecessor-version":[{"id":5096,"href":"https:\/\/lequotidien.mr\/index.php?rest_route=\/wp\/v2\/posts\/5094\/revisions\/5096"}],"wp:featuredmedia":[{"embeddable":true,"href":"https:\/\/lequotidien.mr\/index.php?rest_route=\/wp\/v2\/media\/5095"}],"wp:attachment":[{"href":"https:\/\/lequotidien.mr\/index.php?rest_route=%2Fwp%2Fv2%2Fmedia&parent=5094"}],"wp:term":[{"taxonomy":"category","embeddable":true,"href":"https:\/\/lequotidien.mr\/index.php?rest_route=%2Fwp%2Fv2%2Fcategories&post=5094"},{"taxonomy":"post_tag","embeddable":true,"href":"https:\/\/lequotidien.mr\/index.php?rest_route=%2Fwp%2Fv2%2Ftags&post=5094"}],"curies":[{"name":"wp","href":"https:\/\/api.w.org\/{rel}","templated":true}]}}