{"id":5054,"date":"2023-02-18T21:11:31","date_gmt":"2023-02-18T21:11:31","guid":{"rendered":"https:\/\/lequotidien.mr\/?p=5054"},"modified":"2023-02-18T21:11:31","modified_gmt":"2023-02-18T21:11:31","slug":"apim-et-le-cidc-organiseront-la-premiere-edition-du-forum-de-linvestissement-en-mauritanie","status":"publish","type":"post","link":"https:\/\/lequotidien.mr\/?p=5054&lang=fr","title":{"rendered":"APIM et le CIDC organiseront la premi\u00e8re \u00e9dition du forum de l\u2019investissement en Mauritanie"},"content":{"rendered":"<p>AMI &#8211; \u00ab L\u2019Agence de Promotion des Investissements en Mauritanie (APIM) et le Centre Islamique pour le D\u00e9veloppement du Commerce (CIDC), Co organiseront la deuxi\u00e8me \u00e9dition du forum d\u2019investissement \u00ab ICDT Invest Days \u00bb, premi\u00e8re \u00e9dition du Forum de l\u2019investissement Mauritanie-OCI, du 15 au 16 mars 2023 \u00e0 Nouakchott sous le haut patronage de son Excellence M. Mohammed Ould Ghazouani, Pr\u00e9sident de la R\u00e9publique islamique de Mauritanie \u00bb.<\/p>\n<p>C\u2019est qui ressort d\u2019une conf\u00e9rence conjointe de presse, donn\u00e9e, vendredi \u00e0 Nouakchott, la directrice g\u00e9n\u00e9rale de l\u2019APIM, Mme A\u00eessata Lam et la directrice g\u00e9n\u00e9rale du CIDC, Mme Latifa Bouabdellaoui.<\/p>\n<p>Intervenant le premier, la directrice g\u00e9n\u00e9rale de l\u2019APIM a soulign\u00e9 que l\u2019organisation de la seconde \u00e9tape de ce cycle d\u2019\u00e9v\u00e9nements d\u2019affaires \u00e0 Nouakchott, vient suite aux avancements \u00e9conomiques r\u00e9alis\u00e9s dans le pays, au cours de ces derni\u00e8res ann\u00e9es.<\/p>\n<p>\u00ab Gr\u00e2ce \u00e0 sa stabilit\u00e9 politique, sa croissance \u00e9conomique, sa position g\u00e9ographique avantageuse offrant une vari\u00e9t\u00e9 de ressources naturelles, la Mauritanie a su se positionner ces derni\u00e8res ann\u00e9es parmi les pays les plus attractifs aux investissements dans la zone \u00bb.<\/p>\n<p>Elle a expliqu\u00e9 que le forum \u00ab ICDT invest Days \u00bb, qui est un rendez-vous de haut niveau entend marquer les nouvelles opportunit\u00e9s d\u2019investissement en Mauritanie et sera l\u2019occasion de renforcer les relations \u00e9conomiques entre la Mauritanie et les 56 autres pays membres de l\u2019Organisation de la Coop\u00e9ration Islamique (OCI).<\/p>\n<p>\u00ab Divers acteurs \u00e9conomiques seront r\u00e9unis durant le forum : acteurs publics et priv\u00e9s de l\u2019investissement, organes de promotion de l\u2019investissement, F\u00e9d\u00e9rations patronales, associations Professionnelles, banquiers et assureurs \u00bb, a d\u00e9clar\u00e9 Mme. Lam.<\/p>\n<p>La directrice g\u00e9n\u00e9rale du CIDC, Mme Latifa Bouabdellaoui a remerci\u00e9 les autorit\u00e9s mauritaniennes pour leur soutien qui a permis de mener \u00e0 bien les pr\u00e9paratifs de cet \u00e9v\u00e8nement.<\/p>\n<p>\u00ab Apr\u00e8s le Forum de Dakar tenu l\u2019ann\u00e9e derni\u00e8re, Nouakchott constitue la seconde \u00e9tape de ce cycle d\u2019\u00e9v\u00e9nements d\u2019affaires. Ces initiatives s\u2019inscrivent dans le cadre de la nouvelle dynamique du CIDC qui consiste \u00e0 offrir l\u2019opportunit\u00e9 aux Etats membres de FOCI, d\u2019accroitre leur attractivit\u00e9 en flux d\u2019investissements directs \u00e9trangers pour relever les d\u00e9fis du d\u00e9veloppement \u00bb a-t-elle poursuivi.<\/p>\n<p>Elle a ajout\u00e9 que l\u2019\u00e9conomie mondiale traverse ainsi des turbulences sans pr\u00e9c\u00e9dent repr\u00e9sent\u00e9es par la hausse des prix des mati\u00e8res premi\u00e8res de pr\u00e8s de 20 % et celle du prix de l\u2019\u00e9nergie de pr\u00e8s de 50%; ce qui a entrain\u00e9 une augmentation des taux d\u2019inflation, qui ont doubl\u00e9 pour atteindre 8,8% en moyenne en 2022, contre 47% en 2021.<\/p>\n<p>\u00ab Ces deux journ\u00e9es du Forum seront riches et diversifi\u00e9es. Elles constitueront l\u2019espace idoine de rencontre et d\u2019\u00e9change pour des partenariats fructueux entre la Mauritanie et les pays de l\u2019OCI \u00bb, a conclu Mme Bouabdellaoui.<\/p>\n","protected":false},"excerpt":{"rendered":"<p>AMI &#8211; \u00ab L\u2019Agence de Promotion des Investissements en Mauritanie (APIM) et le Centre Islamique pour le D\u00e9veloppement du Commerce (CIDC), Co organiseront la deuxi\u00e8me \u00e9dition du forum d\u2019investissement \u00ab ICDT Invest Days \u00bb, premi\u00e8re \u00e9dition du Forum de l\u2019investissement Mauritanie-OCI, du 15 au 16 mars 2023 \u00e0 Nouakchott sous le haut patronage de son&#8230;..<\/p>\n","protected":false},"author":5,"featured_media":5055,"comment_status":"open","ping_status":"open","sticky":false,"template":"","format":"standard","meta":{"footnotes":""},"categories":[23,49],"tags":[],"class_list":["post-5054","post","type-post","status-publish","format-standard","has-post-thumbnail","hentry","category-actualite","category-economie"],"yoast_head":"<!-- This site is optimized with the Yoast SEO plugin v27.5 - https:\/\/yoast.com\/product\/yoast-seo-wordpress\/ -->\n<title>APIM et le CIDC organiseront la premi\u00e8re \u00e9dition du forum de l\u2019investissement en Mauritanie - Le Quotidien de Nouakchott<\/title>\n<meta name=\"robots\" content=\"index, follow, max-snippet:-1, max-image-preview:large, max-video-preview:-1\" \/>\n<link rel=\"canonical\" href=\"https:\/\/lequotidien.mr\/?p=5054&lang=fr\" \/>\n<meta property=\"og:locale\" content=\"ar_AR\" \/>\n<meta property=\"og:type\" content=\"article\" \/>\n<meta property=\"og:title\" content=\"APIM et le CIDC organiseront la premi\u00e8re \u00e9dition du forum de l\u2019investissement en Mauritanie - Le Quotidien de Nouakchott\" \/>\n<meta property=\"og:description\" content=\"AMI &#8211; \u00ab L\u2019Agence de Promotion des Investissements en Mauritanie (APIM) et le Centre Islamique pour le D\u00e9veloppement du Commerce (CIDC), Co organiseront la deuxi\u00e8me \u00e9dition du forum d\u2019investissement \u00ab ICDT Invest Days \u00bb, premi\u00e8re \u00e9dition du Forum de l\u2019investissement Mauritanie-OCI, du 15 au 16 mars 2023 \u00e0 Nouakchott sous le haut patronage de son.....\" \/>\n<meta property=\"og:url\" content=\"https:\/\/lequotidien.mr\/?p=5054&amp;lang=fr\" \/>\n<meta property=\"og:site_name\" content=\"Le Quotidien de Nouakchott\" \/>\n<meta property=\"article:publisher\" content=\"https:\/\/web.facebook.com\/lequotidienmr\" \/>\n<meta property=\"article:published_time\" content=\"2023-02-18T21:11:31+00:00\" \/>\n<meta property=\"og:image\" content=\"https:\/\/lequotidien.mr\/wp-content\/uploads\/2023\/02\/apim_cidc.jpg\" \/>\n\t<meta property=\"og:image:width\" content=\"947\" \/>\n\t<meta property=\"og:image:height\" content=\"490\" \/>\n\t<meta property=\"og:image:type\" content=\"image\/jpeg\" \/>\n<meta name=\"author\" content=\"Gayi Diawara\" \/>\n<meta name=\"twitter:card\" content=\"summary_large_image\" \/>\n<meta name=\"twitter:creator\" content=\"@lequotidienmr\" \/>\n<meta name=\"twitter:site\" content=\"@lequotidienmr\" \/>\n<meta name=\"twitter:label1\" content=\"\u0643\u064f\u062a\u0628 \u0628\u0648\u0627\u0633\u0637\u0629\" \/>\n\t<meta name=\"twitter:data1\" content=\"Gayi Diawara\" \/>\n\t<meta name=\"twitter:label2\" content=\"\u0648\u0642\u062a \u0627\u0644\u0642\u0631\u0627\u0621\u0629 \u0627\u0644\u0645\u064f\u0642\u062f\u0651\u0631\" \/>\n\t<meta name=\"twitter:data2\" content=\"\u062f\u0642\u064a\u0642\u062a\u0627\u0646\" \/>\n<script type=\"application\/ld+json\" class=\"yoast-schema-graph\">{\"@context\":\"https:\\\/\\\/schema.org\",\"@graph\":[{\"@type\":\"Article\",\"@id\":\"https:\\\/\\\/lequotidien.mr\\\/?p=5054&lang=fr#article\",\"isPartOf\":{\"@id\":\"https:\\\/\\\/lequotidien.mr\\\/?p=5054&lang=fr\"},\"author\":{\"name\":\"Gayi Diawara\",\"@id\":\"https:\\\/\\\/lequotidien.mr\\\/#\\\/schema\\\/person\\\/1077c8abd5640a6514b909318d271dee\"},\"headline\":\"APIM et le CIDC organiseront la premi\u00e8re \u00e9dition du forum de l\u2019investissement en Mauritanie\",\"datePublished\":\"2023-02-18T21:11:31+00:00\",\"mainEntityOfPage\":{\"@id\":\"https:\\\/\\\/lequotidien.mr\\\/?p=5054&lang=fr\"},\"wordCount\":502,\"commentCount\":0,\"publisher\":{\"@id\":\"https:\\\/\\\/lequotidien.mr\\\/#organization\"},\"image\":{\"@id\":\"https:\\\/\\\/lequotidien.mr\\\/?p=5054&lang=fr#primaryimage\"},\"thumbnailUrl\":\"https:\\\/\\\/lequotidien.mr\\\/wp-content\\\/uploads\\\/2023\\\/02\\\/apim_cidc.jpg\",\"articleSection\":[\"ACTUALIT\u00c9\",\"Economie\"],\"inLanguage\":\"ar\",\"potentialAction\":[{\"@type\":\"CommentAction\",\"name\":\"Comment\",\"target\":[\"https:\\\/\\\/lequotidien.mr\\\/?p=5054&lang=fr#respond\"]}]},{\"@type\":\"WebPage\",\"@id\":\"https:\\\/\\\/lequotidien.mr\\\/?p=5054&lang=fr\",\"url\":\"https:\\\/\\\/lequotidien.mr\\\/?p=5054&lang=fr\",\"name\":\"APIM et le CIDC organiseront la premi\u00e8re \u00e9dition du forum de l\u2019investissement en Mauritanie - Le Quotidien de Nouakchott\",\"isPartOf\":{\"@id\":\"https:\\\/\\\/lequotidien.mr\\\/#website\"},\"primaryImageOfPage\":{\"@id\":\"https:\\\/\\\/lequotidien.mr\\\/?p=5054&lang=fr#primaryimage\"},\"image\":{\"@id\":\"https:\\\/\\\/lequotidien.mr\\\/?p=5054&lang=fr#primaryimage\"},\"thumbnailUrl\":\"https:\\\/\\\/lequotidien.mr\\\/wp-content\\\/uploads\\\/2023\\\/02\\\/apim_cidc.jpg\",\"datePublished\":\"2023-02-18T21:11:31+00:00\",\"breadcrumb\":{\"@id\":\"https:\\\/\\\/lequotidien.mr\\\/?p=5054&lang=fr#breadcrumb\"},\"inLanguage\":\"ar\",\"potentialAction\":[{\"@type\":\"ReadAction\",\"target\":[\"https:\\\/\\\/lequotidien.mr\\\/?p=5054&lang=fr\"]}]},{\"@type\":\"ImageObject\",\"inLanguage\":\"ar\",\"@id\":\"https:\\\/\\\/lequotidien.mr\\\/?p=5054&lang=fr#primaryimage\",\"url\":\"https:\\\/\\\/lequotidien.mr\\\/wp-content\\\/uploads\\\/2023\\\/02\\\/apim_cidc.jpg\",\"contentUrl\":\"https:\\\/\\\/lequotidien.mr\\\/wp-content\\\/uploads\\\/2023\\\/02\\\/apim_cidc.jpg\",\"width\":947,\"height\":490},{\"@type\":\"BreadcrumbList\",\"@id\":\"https:\\\/\\\/lequotidien.mr\\\/?p=5054&lang=fr#breadcrumb\",\"itemListElement\":[{\"@type\":\"ListItem\",\"position\":1,\"name\":\"Home\",\"item\":\"https:\\\/\\\/lequotidien.mr\\\/\"},{\"@type\":\"ListItem\",\"position\":2,\"name\":\"APIM et le CIDC organiseront la premi\u00e8re \u00e9dition du forum de l\u2019investissement en Mauritanie\"}]},{\"@type\":\"WebSite\",\"@id\":\"https:\\\/\\\/lequotidien.mr\\\/#website\",\"url\":\"https:\\\/\\\/lequotidien.mr\\\/\",\"name\":\"Le Quotidien de Nouakchott\",\"description\":\"\u0625\u062e\u0628\u0627\u0631\u064a\u0629 \u0645\u0633\u062a\u0642\u0644\u0629 \u0644\u0644\u0623\u0646\u0628\u0627\u0621 \u0627\u0644\u0639\u0627\u0645\u0629\",\"publisher\":{\"@id\":\"https:\\\/\\\/lequotidien.mr\\\/#organization\"},\"potentialAction\":[{\"@type\":\"SearchAction\",\"target\":{\"@type\":\"EntryPoint\",\"urlTemplate\":\"https:\\\/\\\/lequotidien.mr\\\/?s={search_term_string}\"},\"query-input\":{\"@type\":\"PropertyValueSpecification\",\"valueRequired\":true,\"valueName\":\"search_term_string\"}}],\"inLanguage\":\"ar\"},{\"@type\":\"Organization\",\"@id\":\"https:\\\/\\\/lequotidien.mr\\\/#organization\",\"name\":\"Le Quotidien de Nouakchott\",\"url\":\"https:\\\/\\\/lequotidien.mr\\\/\",\"logo\":{\"@type\":\"ImageObject\",\"inLanguage\":\"ar\",\"@id\":\"https:\\\/\\\/lequotidien.mr\\\/#\\\/schema\\\/logo\\\/image\\\/\",\"url\":\"https:\\\/\\\/lequotidien.mr\\\/wp-content\\\/uploads\\\/2022\\\/11\\\/logolequotidien.jpg\",\"contentUrl\":\"https:\\\/\\\/lequotidien.mr\\\/wp-content\\\/uploads\\\/2022\\\/11\\\/logolequotidien.jpg\",\"width\":290,\"height\":65,\"caption\":\"Le Quotidien de Nouakchott\"},\"image\":{\"@id\":\"https:\\\/\\\/lequotidien.mr\\\/#\\\/schema\\\/logo\\\/image\\\/\"},\"sameAs\":[\"https:\\\/\\\/web.facebook.com\\\/lequotidienmr\",\"https:\\\/\\\/x.com\\\/lequotidienmr\"]},{\"@type\":\"Person\",\"@id\":\"https:\\\/\\\/lequotidien.mr\\\/#\\\/schema\\\/person\\\/1077c8abd5640a6514b909318d271dee\",\"name\":\"Gayi Diawara\",\"image\":{\"@type\":\"ImageObject\",\"inLanguage\":\"ar\",\"@id\":\"https:\\\/\\\/secure.gravatar.com\\\/avatar\\\/63ea8db1e19a6d2d608b24c0f78b5f3a7d6e0bc11959fec273410af333e4d0ac?s=96&d=mm&r=g\",\"url\":\"https:\\\/\\\/secure.gravatar.com\\\/avatar\\\/63ea8db1e19a6d2d608b24c0f78b5f3a7d6e0bc11959fec273410af333e4d0ac?s=96&d=mm&r=g\",\"contentUrl\":\"https:\\\/\\\/secure.gravatar.com\\\/avatar\\\/63ea8db1e19a6d2d608b24c0f78b5f3a7d6e0bc11959fec273410af333e4d0ac?s=96&d=mm&r=g\",\"caption\":\"Gayi Diawara\"},\"sameAs\":[\"http:\\\/\\\/lequotidien.mr\"],\"url\":\"https:\\\/\\\/lequotidien.mr\\\/?author=5\"}]}<\/script>\n<!-- \/ Yoast SEO plugin. -->","yoast_head_json":{"title":"APIM et le CIDC organiseront la premi\u00e8re \u00e9dition du forum de l\u2019investissement en Mauritanie - Le Quotidien de Nouakchott","robots":{"index":"index","follow":"follow","max-snippet":"max-snippet:-1","max-image-preview":"max-image-preview:large","max-video-preview":"max-video-preview:-1"},"canonical":"https:\/\/lequotidien.mr\/?p=5054&lang=fr","og_locale":"ar_AR","og_type":"article","og_title":"APIM et le CIDC organiseront la premi\u00e8re \u00e9dition du forum de l\u2019investissement en Mauritanie - Le Quotidien de Nouakchott","og_description":"AMI &#8211; \u00ab L\u2019Agence de Promotion des Investissements en Mauritanie (APIM) et le Centre Islamique pour le D\u00e9veloppement du Commerce (CIDC), Co organiseront la deuxi\u00e8me \u00e9dition du forum d\u2019investissement \u00ab ICDT Invest Days \u00bb, premi\u00e8re \u00e9dition du Forum de l\u2019investissement Mauritanie-OCI, du 15 au 16 mars 2023 \u00e0 Nouakchott sous le haut patronage de son.....","og_url":"https:\/\/lequotidien.mr\/?p=5054&lang=fr","og_site_name":"Le Quotidien de Nouakchott","article_publisher":"https:\/\/web.facebook.com\/lequotidienmr","article_published_time":"2023-02-18T21:11:31+00:00","og_image":[{"width":947,"height":490,"url":"https:\/\/lequotidien.mr\/wp-content\/uploads\/2023\/02\/apim_cidc.jpg","type":"image\/jpeg"}],"author":"Gayi Diawara","twitter_card":"summary_large_image","twitter_creator":"@lequotidienmr","twitter_site":"@lequotidienmr","twitter_misc":{"\u0643\u064f\u062a\u0628 \u0628\u0648\u0627\u0633\u0637\u0629":"Gayi Diawara","\u0648\u0642\u062a \u0627\u0644\u0642\u0631\u0627\u0621\u0629 \u0627\u0644\u0645\u064f\u0642\u062f\u0651\u0631":"\u062f\u0642\u064a\u0642\u062a\u0627\u0646"},"schema":{"@context":"https:\/\/schema.org","@graph":[{"@type":"Article","@id":"https:\/\/lequotidien.mr\/?p=5054&lang=fr#article","isPartOf":{"@id":"https:\/\/lequotidien.mr\/?p=5054&lang=fr"},"author":{"name":"Gayi Diawara","@id":"https:\/\/lequotidien.mr\/#\/schema\/person\/1077c8abd5640a6514b909318d271dee"},"headline":"APIM et le CIDC organiseront la premi\u00e8re \u00e9dition du forum de l\u2019investissement en Mauritanie","datePublished":"2023-02-18T21:11:31+00:00","mainEntityOfPage":{"@id":"https:\/\/lequotidien.mr\/?p=5054&lang=fr"},"wordCount":502,"commentCount":0,"publisher":{"@id":"https:\/\/lequotidien.mr\/#organization"},"image":{"@id":"https:\/\/lequotidien.mr\/?p=5054&lang=fr#primaryimage"},"thumbnailUrl":"https:\/\/lequotidien.mr\/wp-content\/uploads\/2023\/02\/apim_cidc.jpg","articleSection":["ACTUALIT\u00c9","Economie"],"inLanguage":"ar","potentialAction":[{"@type":"CommentAction","name":"Comment","target":["https:\/\/lequotidien.mr\/?p=5054&lang=fr#respond"]}]},{"@type":"WebPage","@id":"https:\/\/lequotidien.mr\/?p=5054&lang=fr","url":"https:\/\/lequotidien.mr\/?p=5054&lang=fr","name":"APIM et le CIDC organiseront la premi\u00e8re \u00e9dition du forum de l\u2019investissement en Mauritanie - Le Quotidien de Nouakchott","isPartOf":{"@id":"https:\/\/lequotidien.mr\/#website"},"primaryImageOfPage":{"@id":"https:\/\/lequotidien.mr\/?p=5054&lang=fr#primaryimage"},"image":{"@id":"https:\/\/lequotidien.mr\/?p=5054&lang=fr#primaryimage"},"thumbnailUrl":"https:\/\/lequotidien.mr\/wp-content\/uploads\/2023\/02\/apim_cidc.jpg","datePublished":"2023-02-18T21:11:31+00:00","breadcrumb":{"@id":"https:\/\/lequotidien.mr\/?p=5054&lang=fr#breadcrumb"},"inLanguage":"ar","potentialAction":[{"@type":"ReadAction","target":["https:\/\/lequotidien.mr\/?p=5054&lang=fr"]}]},{"@type":"ImageObject","inLanguage":"ar","@id":"https:\/\/lequotidien.mr\/?p=5054&lang=fr#primaryimage","url":"https:\/\/lequotidien.mr\/wp-content\/uploads\/2023\/02\/apim_cidc.jpg","contentUrl":"https:\/\/lequotidien.mr\/wp-content\/uploads\/2023\/02\/apim_cidc.jpg","width":947,"height":490},{"@type":"BreadcrumbList","@id":"https:\/\/lequotidien.mr\/?p=5054&lang=fr#breadcrumb","itemListElement":[{"@type":"ListItem","position":1,"name":"Home","item":"https:\/\/lequotidien.mr\/"},{"@type":"ListItem","position":2,"name":"APIM et le CIDC organiseront la premi\u00e8re \u00e9dition du forum de l\u2019investissement en Mauritanie"}]},{"@type":"WebSite","@id":"https:\/\/lequotidien.mr\/#website","url":"https:\/\/lequotidien.mr\/","name":"Le Quotidien de Nouakchott","description":"\u0625\u062e\u0628\u0627\u0631\u064a\u0629 \u0645\u0633\u062a\u0642\u0644\u0629 \u0644\u0644\u0623\u0646\u0628\u0627\u0621 \u0627\u0644\u0639\u0627\u0645\u0629","publisher":{"@id":"https:\/\/lequotidien.mr\/#organization"},"potentialAction":[{"@type":"SearchAction","target":{"@type":"EntryPoint","urlTemplate":"https:\/\/lequotidien.mr\/?s={search_term_string}"},"query-input":{"@type":"PropertyValueSpecification","valueRequired":true,"valueName":"search_term_string"}}],"inLanguage":"ar"},{"@type":"Organization","@id":"https:\/\/lequotidien.mr\/#organization","name":"Le Quotidien de Nouakchott","url":"https:\/\/lequotidien.mr\/","logo":{"@type":"ImageObject","inLanguage":"ar","@id":"https:\/\/lequotidien.mr\/#\/schema\/logo\/image\/","url":"https:\/\/lequotidien.mr\/wp-content\/uploads\/2022\/11\/logolequotidien.jpg","contentUrl":"https:\/\/lequotidien.mr\/wp-content\/uploads\/2022\/11\/logolequotidien.jpg","width":290,"height":65,"caption":"Le Quotidien de Nouakchott"},"image":{"@id":"https:\/\/lequotidien.mr\/#\/schema\/logo\/image\/"},"sameAs":["https:\/\/web.facebook.com\/lequotidienmr","https:\/\/x.com\/lequotidienmr"]},{"@type":"Person","@id":"https:\/\/lequotidien.mr\/#\/schema\/person\/1077c8abd5640a6514b909318d271dee","name":"Gayi Diawara","image":{"@type":"ImageObject","inLanguage":"ar","@id":"https:\/\/secure.gravatar.com\/avatar\/63ea8db1e19a6d2d608b24c0f78b5f3a7d6e0bc11959fec273410af333e4d0ac?s=96&d=mm&r=g","url":"https:\/\/secure.gravatar.com\/avatar\/63ea8db1e19a6d2d608b24c0f78b5f3a7d6e0bc11959fec273410af333e4d0ac?s=96&d=mm&r=g","contentUrl":"https:\/\/secure.gravatar.com\/avatar\/63ea8db1e19a6d2d608b24c0f78b5f3a7d6e0bc11959fec273410af333e4d0ac?s=96&d=mm&r=g","caption":"Gayi Diawara"},"sameAs":["http:\/\/lequotidien.mr"],"url":"https:\/\/lequotidien.mr\/?author=5"}]}},"_links":{"self":[{"href":"https:\/\/lequotidien.mr\/index.php?rest_route=\/wp\/v2\/posts\/5054","targetHints":{"allow":["GET"]}}],"collection":[{"href":"https:\/\/lequotidien.mr\/index.php?rest_route=\/wp\/v2\/posts"}],"about":[{"href":"https:\/\/lequotidien.mr\/index.php?rest_route=\/wp\/v2\/types\/post"}],"author":[{"embeddable":true,"href":"https:\/\/lequotidien.mr\/index.php?rest_route=\/wp\/v2\/users\/5"}],"replies":[{"embeddable":true,"href":"https:\/\/lequotidien.mr\/index.php?rest_route=%2Fwp%2Fv2%2Fcomments&post=5054"}],"version-history":[{"count":1,"href":"https:\/\/lequotidien.mr\/index.php?rest_route=\/wp\/v2\/posts\/5054\/revisions"}],"predecessor-version":[{"id":5056,"href":"https:\/\/lequotidien.mr\/index.php?rest_route=\/wp\/v2\/posts\/5054\/revisions\/5056"}],"wp:featuredmedia":[{"embeddable":true,"href":"https:\/\/lequotidien.mr\/index.php?rest_route=\/wp\/v2\/media\/5055"}],"wp:attachment":[{"href":"https:\/\/lequotidien.mr\/index.php?rest_route=%2Fwp%2Fv2%2Fmedia&parent=5054"}],"wp:term":[{"taxonomy":"category","embeddable":true,"href":"https:\/\/lequotidien.mr\/index.php?rest_route=%2Fwp%2Fv2%2Fcategories&post=5054"},{"taxonomy":"post_tag","embeddable":true,"href":"https:\/\/lequotidien.mr\/index.php?rest_route=%2Fwp%2Fv2%2Ftags&post=5054"}],"curies":[{"name":"wp","href":"https:\/\/api.w.org\/{rel}","templated":true}]}}