{"id":5051,"date":"2023-02-18T21:03:48","date_gmt":"2023-02-18T21:03:48","guid":{"rendered":"https:\/\/lequotidien.mr\/?p=5051"},"modified":"2023-02-18T21:03:48","modified_gmt":"2023-02-18T21:03:48","slug":"la-production-effective-du-projet-ahmeyim-commencera-dici-la-fin-de-cette-annee-ministre-du-petrole","status":"publish","type":"post","link":"https:\/\/lequotidien.mr\/?p=5051&lang=fr","title":{"rendered":"La production effective du projet \u00abAhmeyim \u00bb commencera d\u2019ici la fin de cette ann\u00e9e (ministre du P\u00e9trole)"},"content":{"rendered":"<p>AMI &#8211; \u00ab Le niveau d\u2019avancement des travaux dans le projet de champ Grand Tortue Ahmeyim a atteint 90%, et la production effective du projet commencera d\u2019ici la fin de cette ann\u00e9e \u00bb.<\/p>\n<p>C\u2019est ce qu\u2019a d\u00e9clar\u00e9, vendredi, le ministre du P\u00e9trole, des Mines et de l\u2019\u00c9nergie, M. Abdessalam Ould Mohamed Saleh, lors d\u2019une visite au navire Amazon de la compagnie (BP), qui a accost\u00e9 aujourd\u2019hui dans le port de Nouakchott en route vers le champ Ahmeyim. Il \u00e9tait accompagn\u00e9 par le directeur g\u00e9n\u00e9ral port autonome, M. Ahmed Salem Mohamed Vall Amy.<\/p>\n<p>Sur place, la d\u00e9l\u00e9gation a fait le tour du navire et a suivi des explications sur son fonctionnement et sur la fa\u00e7on dont les gazoducs \u00e9taient fabriqu\u00e9s et install\u00e9s.<\/p>\n<p>M. Mohamed Saleh a expliqu\u00e9 que le navire \u00ab Amazone \u00bb fait partie de la flotte de navires qui fabriquent des tuyaux qui relient les champs et la plate-forme flottante pour le traitement et le stockage du gaz, et entre les puits et le navire qui traite le gaz, et pose des tuyaux au niveau de 2000 km dans les profondeurs, notant qu\u2019il s\u2019appuie dans sa fabrication sur une technologie de pointe.<\/p>\n<p>Il a ajout\u00e9 que le projet Ahmeyim se compose de cinq composantes de base: la barri\u00e8re rocheuse, qui est consid\u00e9r\u00e9e comme un port et est situ\u00e9e \u00e0 environ 10 km de la c\u00f4te du port de Ndiago, et la plate-forme flottante pour le traitement et le stockage, un navire g\u00e9ant qui a \u00e9t\u00e9 achev\u00e9 en Chine et qui se trouve maintenant \u00e0 Singapour, o\u00f9 il est \u00e9quip\u00e9 d\u2019autres m\u00e9canismes et devrait arriver en Mauritanie en mai prochain.<\/p>\n<p>Au sujet de la troisi\u00e8me composante, le ministre a pr\u00e9cis\u00e9 qu\u2019elle s\u2019occupe du de puits, dont quatre ont \u00e9t\u00e9 for\u00e9s et sont maintenant pr\u00eats, tandis que la flotte de navires qui fabriquent des pipelines d\u2019extraction de gaz repr\u00e9sente le quatri\u00e8me composant, et de nombreux tuyaux ont \u00e9t\u00e9 fabriqu\u00e9s et plac\u00e9s dans les profondeurs.<\/p>\n<p>Le ministre \u00e9tait accompagn\u00e9, lors de cette visite, par un certain nombre de cadres de l\u2019industrie et de repr\u00e9sentants de BP.<\/p>\n","protected":false},"excerpt":{"rendered":"<p>AMI &#8211; \u00ab Le niveau d\u2019avancement des travaux dans le projet de champ Grand Tortue Ahmeyim a atteint 90%, et la production effective du projet commencera d\u2019ici la fin de cette ann\u00e9e \u00bb. C\u2019est ce qu\u2019a d\u00e9clar\u00e9, vendredi, le ministre du P\u00e9trole, des Mines et de l\u2019\u00c9nergie, M. Abdessalam Ould Mohamed Saleh, lors d\u2019une visite&#8230;..<\/p>\n","protected":false},"author":5,"featured_media":5052,"comment_status":"open","ping_status":"open","sticky":false,"template":"","format":"standard","meta":{"footnotes":""},"categories":[23,49],"tags":[],"class_list":["post-5051","post","type-post","status-publish","format-standard","has-post-thumbnail","hentry","category-actualite","category-economie"],"yoast_head":"<!-- This site is optimized with the Yoast SEO plugin v27.5 - https:\/\/yoast.com\/product\/yoast-seo-wordpress\/ -->\n<title>La production effective du projet \u00abAhmeyim \u00bb commencera d\u2019ici la fin de cette ann\u00e9e (ministre du P\u00e9trole) - Le Quotidien de Nouakchott<\/title>\n<meta name=\"robots\" content=\"index, follow, max-snippet:-1, max-image-preview:large, max-video-preview:-1\" \/>\n<link rel=\"canonical\" href=\"https:\/\/lequotidien.mr\/?p=5051&lang=fr\" \/>\n<meta property=\"og:locale\" content=\"ar_AR\" \/>\n<meta property=\"og:type\" content=\"article\" \/>\n<meta property=\"og:title\" content=\"La production effective du projet \u00abAhmeyim \u00bb commencera d\u2019ici la fin de cette ann\u00e9e (ministre du P\u00e9trole) - Le Quotidien de Nouakchott\" \/>\n<meta property=\"og:description\" content=\"AMI &#8211; \u00ab Le niveau d\u2019avancement des travaux dans le projet de champ Grand Tortue Ahmeyim a atteint 90%, et la production effective du projet commencera d\u2019ici la fin de cette ann\u00e9e \u00bb. C\u2019est ce qu\u2019a d\u00e9clar\u00e9, vendredi, le ministre du P\u00e9trole, des Mines et de l\u2019\u00c9nergie, M. Abdessalam Ould Mohamed Saleh, lors d\u2019une visite.....\" \/>\n<meta property=\"og:url\" content=\"https:\/\/lequotidien.mr\/?p=5051&amp;lang=fr\" \/>\n<meta property=\"og:site_name\" content=\"Le Quotidien de Nouakchott\" \/>\n<meta property=\"article:publisher\" content=\"https:\/\/web.facebook.com\/lequotidienmr\" \/>\n<meta property=\"article:published_time\" content=\"2023-02-18T21:03:48+00:00\" \/>\n<meta property=\"og:image\" content=\"https:\/\/lequotidien.mr\/wp-content\/uploads\/2023\/02\/99999999999999ministre-1.jpg\" \/>\n\t<meta property=\"og:image:width\" content=\"2560\" \/>\n\t<meta property=\"og:image:height\" content=\"1707\" \/>\n\t<meta property=\"og:image:type\" content=\"image\/jpeg\" \/>\n<meta name=\"author\" content=\"Gayi Diawara\" \/>\n<meta name=\"twitter:card\" content=\"summary_large_image\" \/>\n<meta name=\"twitter:creator\" content=\"@lequotidienmr\" \/>\n<meta name=\"twitter:site\" content=\"@lequotidienmr\" \/>\n<meta name=\"twitter:label1\" content=\"\u0643\u064f\u062a\u0628 \u0628\u0648\u0627\u0633\u0637\u0629\" \/>\n\t<meta name=\"twitter:data1\" content=\"Gayi Diawara\" \/>\n\t<meta name=\"twitter:label2\" content=\"\u0648\u0642\u062a \u0627\u0644\u0642\u0631\u0627\u0621\u0629 \u0627\u0644\u0645\u064f\u0642\u062f\u0651\u0631\" \/>\n\t<meta name=\"twitter:data2\" content=\"\u062f\u0642\u064a\u0642\u062a\u0627\u0646\" \/>\n<script type=\"application\/ld+json\" class=\"yoast-schema-graph\">{\"@context\":\"https:\\\/\\\/schema.org\",\"@graph\":[{\"@type\":\"Article\",\"@id\":\"https:\\\/\\\/lequotidien.mr\\\/?p=5051&lang=fr#article\",\"isPartOf\":{\"@id\":\"https:\\\/\\\/lequotidien.mr\\\/?p=5051&lang=fr\"},\"author\":{\"name\":\"Gayi Diawara\",\"@id\":\"https:\\\/\\\/lequotidien.mr\\\/#\\\/schema\\\/person\\\/1077c8abd5640a6514b909318d271dee\"},\"headline\":\"La production effective du projet \u00abAhmeyim \u00bb commencera d\u2019ici la fin de cette ann\u00e9e (ministre du P\u00e9trole)\",\"datePublished\":\"2023-02-18T21:03:48+00:00\",\"mainEntityOfPage\":{\"@id\":\"https:\\\/\\\/lequotidien.mr\\\/?p=5051&lang=fr\"},\"wordCount\":394,\"commentCount\":0,\"publisher\":{\"@id\":\"https:\\\/\\\/lequotidien.mr\\\/#organization\"},\"image\":{\"@id\":\"https:\\\/\\\/lequotidien.mr\\\/?p=5051&lang=fr#primaryimage\"},\"thumbnailUrl\":\"https:\\\/\\\/lequotidien.mr\\\/wp-content\\\/uploads\\\/2023\\\/02\\\/99999999999999ministre-1.jpg\",\"articleSection\":[\"ACTUALIT\u00c9\",\"Economie\"],\"inLanguage\":\"ar\",\"potentialAction\":[{\"@type\":\"CommentAction\",\"name\":\"Comment\",\"target\":[\"https:\\\/\\\/lequotidien.mr\\\/?p=5051&lang=fr#respond\"]}]},{\"@type\":\"WebPage\",\"@id\":\"https:\\\/\\\/lequotidien.mr\\\/?p=5051&lang=fr\",\"url\":\"https:\\\/\\\/lequotidien.mr\\\/?p=5051&lang=fr\",\"name\":\"La production effective du projet \u00abAhmeyim \u00bb commencera d\u2019ici la fin de cette ann\u00e9e (ministre du P\u00e9trole) - Le Quotidien de Nouakchott\",\"isPartOf\":{\"@id\":\"https:\\\/\\\/lequotidien.mr\\\/#website\"},\"primaryImageOfPage\":{\"@id\":\"https:\\\/\\\/lequotidien.mr\\\/?p=5051&lang=fr#primaryimage\"},\"image\":{\"@id\":\"https:\\\/\\\/lequotidien.mr\\\/?p=5051&lang=fr#primaryimage\"},\"thumbnailUrl\":\"https:\\\/\\\/lequotidien.mr\\\/wp-content\\\/uploads\\\/2023\\\/02\\\/99999999999999ministre-1.jpg\",\"datePublished\":\"2023-02-18T21:03:48+00:00\",\"breadcrumb\":{\"@id\":\"https:\\\/\\\/lequotidien.mr\\\/?p=5051&lang=fr#breadcrumb\"},\"inLanguage\":\"ar\",\"potentialAction\":[{\"@type\":\"ReadAction\",\"target\":[\"https:\\\/\\\/lequotidien.mr\\\/?p=5051&lang=fr\"]}]},{\"@type\":\"ImageObject\",\"inLanguage\":\"ar\",\"@id\":\"https:\\\/\\\/lequotidien.mr\\\/?p=5051&lang=fr#primaryimage\",\"url\":\"https:\\\/\\\/lequotidien.mr\\\/wp-content\\\/uploads\\\/2023\\\/02\\\/99999999999999ministre-1.jpg\",\"contentUrl\":\"https:\\\/\\\/lequotidien.mr\\\/wp-content\\\/uploads\\\/2023\\\/02\\\/99999999999999ministre-1.jpg\",\"width\":2560,\"height\":1707},{\"@type\":\"BreadcrumbList\",\"@id\":\"https:\\\/\\\/lequotidien.mr\\\/?p=5051&lang=fr#breadcrumb\",\"itemListElement\":[{\"@type\":\"ListItem\",\"position\":1,\"name\":\"Home\",\"item\":\"https:\\\/\\\/lequotidien.mr\\\/\"},{\"@type\":\"ListItem\",\"position\":2,\"name\":\"La production effective du projet \u00abAhmeyim \u00bb commencera d\u2019ici la fin de cette ann\u00e9e (ministre du P\u00e9trole)\"}]},{\"@type\":\"WebSite\",\"@id\":\"https:\\\/\\\/lequotidien.mr\\\/#website\",\"url\":\"https:\\\/\\\/lequotidien.mr\\\/\",\"name\":\"Le Quotidien de Nouakchott\",\"description\":\"\u0625\u062e\u0628\u0627\u0631\u064a\u0629 \u0645\u0633\u062a\u0642\u0644\u0629 \u0644\u0644\u0623\u0646\u0628\u0627\u0621 \u0627\u0644\u0639\u0627\u0645\u0629\",\"publisher\":{\"@id\":\"https:\\\/\\\/lequotidien.mr\\\/#organization\"},\"potentialAction\":[{\"@type\":\"SearchAction\",\"target\":{\"@type\":\"EntryPoint\",\"urlTemplate\":\"https:\\\/\\\/lequotidien.mr\\\/?s={search_term_string}\"},\"query-input\":{\"@type\":\"PropertyValueSpecification\",\"valueRequired\":true,\"valueName\":\"search_term_string\"}}],\"inLanguage\":\"ar\"},{\"@type\":\"Organization\",\"@id\":\"https:\\\/\\\/lequotidien.mr\\\/#organization\",\"name\":\"Le Quotidien de Nouakchott\",\"url\":\"https:\\\/\\\/lequotidien.mr\\\/\",\"logo\":{\"@type\":\"ImageObject\",\"inLanguage\":\"ar\",\"@id\":\"https:\\\/\\\/lequotidien.mr\\\/#\\\/schema\\\/logo\\\/image\\\/\",\"url\":\"https:\\\/\\\/lequotidien.mr\\\/wp-content\\\/uploads\\\/2022\\\/11\\\/logolequotidien.jpg\",\"contentUrl\":\"https:\\\/\\\/lequotidien.mr\\\/wp-content\\\/uploads\\\/2022\\\/11\\\/logolequotidien.jpg\",\"width\":290,\"height\":65,\"caption\":\"Le Quotidien de Nouakchott\"},\"image\":{\"@id\":\"https:\\\/\\\/lequotidien.mr\\\/#\\\/schema\\\/logo\\\/image\\\/\"},\"sameAs\":[\"https:\\\/\\\/web.facebook.com\\\/lequotidienmr\",\"https:\\\/\\\/x.com\\\/lequotidienmr\"]},{\"@type\":\"Person\",\"@id\":\"https:\\\/\\\/lequotidien.mr\\\/#\\\/schema\\\/person\\\/1077c8abd5640a6514b909318d271dee\",\"name\":\"Gayi Diawara\",\"image\":{\"@type\":\"ImageObject\",\"inLanguage\":\"ar\",\"@id\":\"https:\\\/\\\/secure.gravatar.com\\\/avatar\\\/63ea8db1e19a6d2d608b24c0f78b5f3a7d6e0bc11959fec273410af333e4d0ac?s=96&d=mm&r=g\",\"url\":\"https:\\\/\\\/secure.gravatar.com\\\/avatar\\\/63ea8db1e19a6d2d608b24c0f78b5f3a7d6e0bc11959fec273410af333e4d0ac?s=96&d=mm&r=g\",\"contentUrl\":\"https:\\\/\\\/secure.gravatar.com\\\/avatar\\\/63ea8db1e19a6d2d608b24c0f78b5f3a7d6e0bc11959fec273410af333e4d0ac?s=96&d=mm&r=g\",\"caption\":\"Gayi Diawara\"},\"sameAs\":[\"http:\\\/\\\/lequotidien.mr\"],\"url\":\"https:\\\/\\\/lequotidien.mr\\\/?author=5\"}]}<\/script>\n<!-- \/ Yoast SEO plugin. -->","yoast_head_json":{"title":"La production effective du projet \u00abAhmeyim \u00bb commencera d\u2019ici la fin de cette ann\u00e9e (ministre du P\u00e9trole) - Le Quotidien de Nouakchott","robots":{"index":"index","follow":"follow","max-snippet":"max-snippet:-1","max-image-preview":"max-image-preview:large","max-video-preview":"max-video-preview:-1"},"canonical":"https:\/\/lequotidien.mr\/?p=5051&lang=fr","og_locale":"ar_AR","og_type":"article","og_title":"La production effective du projet \u00abAhmeyim \u00bb commencera d\u2019ici la fin de cette ann\u00e9e (ministre du P\u00e9trole) - Le Quotidien de Nouakchott","og_description":"AMI &#8211; \u00ab Le niveau d\u2019avancement des travaux dans le projet de champ Grand Tortue Ahmeyim a atteint 90%, et la production effective du projet commencera d\u2019ici la fin de cette ann\u00e9e \u00bb. C\u2019est ce qu\u2019a d\u00e9clar\u00e9, vendredi, le ministre du P\u00e9trole, des Mines et de l\u2019\u00c9nergie, M. Abdessalam Ould Mohamed Saleh, lors d\u2019une visite.....","og_url":"https:\/\/lequotidien.mr\/?p=5051&lang=fr","og_site_name":"Le Quotidien de Nouakchott","article_publisher":"https:\/\/web.facebook.com\/lequotidienmr","article_published_time":"2023-02-18T21:03:48+00:00","og_image":[{"width":2560,"height":1707,"url":"https:\/\/lequotidien.mr\/wp-content\/uploads\/2023\/02\/99999999999999ministre-1.jpg","type":"image\/jpeg"}],"author":"Gayi Diawara","twitter_card":"summary_large_image","twitter_creator":"@lequotidienmr","twitter_site":"@lequotidienmr","twitter_misc":{"\u0643\u064f\u062a\u0628 \u0628\u0648\u0627\u0633\u0637\u0629":"Gayi Diawara","\u0648\u0642\u062a \u0627\u0644\u0642\u0631\u0627\u0621\u0629 \u0627\u0644\u0645\u064f\u0642\u062f\u0651\u0631":"\u062f\u0642\u064a\u0642\u062a\u0627\u0646"},"schema":{"@context":"https:\/\/schema.org","@graph":[{"@type":"Article","@id":"https:\/\/lequotidien.mr\/?p=5051&lang=fr#article","isPartOf":{"@id":"https:\/\/lequotidien.mr\/?p=5051&lang=fr"},"author":{"name":"Gayi Diawara","@id":"https:\/\/lequotidien.mr\/#\/schema\/person\/1077c8abd5640a6514b909318d271dee"},"headline":"La production effective du projet \u00abAhmeyim \u00bb commencera d\u2019ici la fin de cette ann\u00e9e (ministre du P\u00e9trole)","datePublished":"2023-02-18T21:03:48+00:00","mainEntityOfPage":{"@id":"https:\/\/lequotidien.mr\/?p=5051&lang=fr"},"wordCount":394,"commentCount":0,"publisher":{"@id":"https:\/\/lequotidien.mr\/#organization"},"image":{"@id":"https:\/\/lequotidien.mr\/?p=5051&lang=fr#primaryimage"},"thumbnailUrl":"https:\/\/lequotidien.mr\/wp-content\/uploads\/2023\/02\/99999999999999ministre-1.jpg","articleSection":["ACTUALIT\u00c9","Economie"],"inLanguage":"ar","potentialAction":[{"@type":"CommentAction","name":"Comment","target":["https:\/\/lequotidien.mr\/?p=5051&lang=fr#respond"]}]},{"@type":"WebPage","@id":"https:\/\/lequotidien.mr\/?p=5051&lang=fr","url":"https:\/\/lequotidien.mr\/?p=5051&lang=fr","name":"La production effective du projet \u00abAhmeyim \u00bb commencera d\u2019ici la fin de cette ann\u00e9e (ministre du P\u00e9trole) - Le Quotidien de Nouakchott","isPartOf":{"@id":"https:\/\/lequotidien.mr\/#website"},"primaryImageOfPage":{"@id":"https:\/\/lequotidien.mr\/?p=5051&lang=fr#primaryimage"},"image":{"@id":"https:\/\/lequotidien.mr\/?p=5051&lang=fr#primaryimage"},"thumbnailUrl":"https:\/\/lequotidien.mr\/wp-content\/uploads\/2023\/02\/99999999999999ministre-1.jpg","datePublished":"2023-02-18T21:03:48+00:00","breadcrumb":{"@id":"https:\/\/lequotidien.mr\/?p=5051&lang=fr#breadcrumb"},"inLanguage":"ar","potentialAction":[{"@type":"ReadAction","target":["https:\/\/lequotidien.mr\/?p=5051&lang=fr"]}]},{"@type":"ImageObject","inLanguage":"ar","@id":"https:\/\/lequotidien.mr\/?p=5051&lang=fr#primaryimage","url":"https:\/\/lequotidien.mr\/wp-content\/uploads\/2023\/02\/99999999999999ministre-1.jpg","contentUrl":"https:\/\/lequotidien.mr\/wp-content\/uploads\/2023\/02\/99999999999999ministre-1.jpg","width":2560,"height":1707},{"@type":"BreadcrumbList","@id":"https:\/\/lequotidien.mr\/?p=5051&lang=fr#breadcrumb","itemListElement":[{"@type":"ListItem","position":1,"name":"Home","item":"https:\/\/lequotidien.mr\/"},{"@type":"ListItem","position":2,"name":"La production effective du projet \u00abAhmeyim \u00bb commencera d\u2019ici la fin de cette ann\u00e9e (ministre du P\u00e9trole)"}]},{"@type":"WebSite","@id":"https:\/\/lequotidien.mr\/#website","url":"https:\/\/lequotidien.mr\/","name":"Le Quotidien de Nouakchott","description":"\u0625\u062e\u0628\u0627\u0631\u064a\u0629 \u0645\u0633\u062a\u0642\u0644\u0629 \u0644\u0644\u0623\u0646\u0628\u0627\u0621 \u0627\u0644\u0639\u0627\u0645\u0629","publisher":{"@id":"https:\/\/lequotidien.mr\/#organization"},"potentialAction":[{"@type":"SearchAction","target":{"@type":"EntryPoint","urlTemplate":"https:\/\/lequotidien.mr\/?s={search_term_string}"},"query-input":{"@type":"PropertyValueSpecification","valueRequired":true,"valueName":"search_term_string"}}],"inLanguage":"ar"},{"@type":"Organization","@id":"https:\/\/lequotidien.mr\/#organization","name":"Le Quotidien de Nouakchott","url":"https:\/\/lequotidien.mr\/","logo":{"@type":"ImageObject","inLanguage":"ar","@id":"https:\/\/lequotidien.mr\/#\/schema\/logo\/image\/","url":"https:\/\/lequotidien.mr\/wp-content\/uploads\/2022\/11\/logolequotidien.jpg","contentUrl":"https:\/\/lequotidien.mr\/wp-content\/uploads\/2022\/11\/logolequotidien.jpg","width":290,"height":65,"caption":"Le Quotidien de Nouakchott"},"image":{"@id":"https:\/\/lequotidien.mr\/#\/schema\/logo\/image\/"},"sameAs":["https:\/\/web.facebook.com\/lequotidienmr","https:\/\/x.com\/lequotidienmr"]},{"@type":"Person","@id":"https:\/\/lequotidien.mr\/#\/schema\/person\/1077c8abd5640a6514b909318d271dee","name":"Gayi Diawara","image":{"@type":"ImageObject","inLanguage":"ar","@id":"https:\/\/secure.gravatar.com\/avatar\/63ea8db1e19a6d2d608b24c0f78b5f3a7d6e0bc11959fec273410af333e4d0ac?s=96&d=mm&r=g","url":"https:\/\/secure.gravatar.com\/avatar\/63ea8db1e19a6d2d608b24c0f78b5f3a7d6e0bc11959fec273410af333e4d0ac?s=96&d=mm&r=g","contentUrl":"https:\/\/secure.gravatar.com\/avatar\/63ea8db1e19a6d2d608b24c0f78b5f3a7d6e0bc11959fec273410af333e4d0ac?s=96&d=mm&r=g","caption":"Gayi Diawara"},"sameAs":["http:\/\/lequotidien.mr"],"url":"https:\/\/lequotidien.mr\/?author=5"}]}},"_links":{"self":[{"href":"https:\/\/lequotidien.mr\/index.php?rest_route=\/wp\/v2\/posts\/5051","targetHints":{"allow":["GET"]}}],"collection":[{"href":"https:\/\/lequotidien.mr\/index.php?rest_route=\/wp\/v2\/posts"}],"about":[{"href":"https:\/\/lequotidien.mr\/index.php?rest_route=\/wp\/v2\/types\/post"}],"author":[{"embeddable":true,"href":"https:\/\/lequotidien.mr\/index.php?rest_route=\/wp\/v2\/users\/5"}],"replies":[{"embeddable":true,"href":"https:\/\/lequotidien.mr\/index.php?rest_route=%2Fwp%2Fv2%2Fcomments&post=5051"}],"version-history":[{"count":1,"href":"https:\/\/lequotidien.mr\/index.php?rest_route=\/wp\/v2\/posts\/5051\/revisions"}],"predecessor-version":[{"id":5053,"href":"https:\/\/lequotidien.mr\/index.php?rest_route=\/wp\/v2\/posts\/5051\/revisions\/5053"}],"wp:featuredmedia":[{"embeddable":true,"href":"https:\/\/lequotidien.mr\/index.php?rest_route=\/wp\/v2\/media\/5052"}],"wp:attachment":[{"href":"https:\/\/lequotidien.mr\/index.php?rest_route=%2Fwp%2Fv2%2Fmedia&parent=5051"}],"wp:term":[{"taxonomy":"category","embeddable":true,"href":"https:\/\/lequotidien.mr\/index.php?rest_route=%2Fwp%2Fv2%2Fcategories&post=5051"},{"taxonomy":"post_tag","embeddable":true,"href":"https:\/\/lequotidien.mr\/index.php?rest_route=%2Fwp%2Fv2%2Ftags&post=5051"}],"curies":[{"name":"wp","href":"https:\/\/api.w.org\/{rel}","templated":true}]}}