{"id":4948,"date":"2023-02-16T16:19:27","date_gmt":"2023-02-16T16:19:27","guid":{"rendered":"https:\/\/lequotidien.mr\/?p=4948"},"modified":"2023-02-16T16:19:27","modified_gmt":"2023-02-16T16:19:27","slug":"doit-on-sonner-le-glas-dune-opposition-totalement-endormie-par-bechir-fall","status":"publish","type":"post","link":"https:\/\/lequotidien.mr\/?p=4948&lang=fr","title":{"rendered":"Doit-on sonner le glas d&#8217;une opposition totalement endormie ? par B\u00e9chir Fall"},"content":{"rendered":"<p><strong>Le Calame<\/strong>\u00a0&#8211; Les \u00e9lections l\u00e9gislatives et municipales \u00e9tant en vue cette ann\u00e9e. On est en droit de se demander si les partis de l&#8217;opposition, ou ce qui en reste, s&#8217;y pr\u00e9parent r\u00e9ellement. Beaucoup d&#8217;observateurs en doutent. Je ne fais pas exception non plus.<\/p>\n<p>C&#8217;est pourquoi je publie ce billet pour sonder les avis sur ces \u00e9ch\u00e9ances d\u00e9cisives. Il s&#8217;agit surtout de d\u00e9signer les repr\u00e9sentants de la souverainet\u00e9 nationale charg\u00e9s d&#8217;exercer le r\u00f4le de parlementaire au nom du pouvoir l\u00e9gislatif.<\/p>\n<p>Les partis de la majorit\u00e9 et surtout le principal parti parcourent sans r\u00e9pit le territoire national pour tenter de faire le plein des voix. Nul ne peut leur reprocher d&#8217;anticiper une sorte de pr\u00e9-campagne l\u00e9gislative. On a beau lui faire des reproches, on oublie de reconna\u00eetre l&#8217;union de la majorit\u00e9 au pouvoir.<\/p>\n<p>Alors que c\u00f4t\u00e9 opposition, c&#8217;est la d\u00e9sunion totale et d&#8217;interminables luttes de clans qui s&#8217;offrent en triste spectacle. Voyons l&#8217;\u00e9tat des lieux de cette opposition qui bat forc\u00e9ment de l&#8217;aile depuis le d\u00e9but de la pr\u00e9sidence de l&#8217;actuel chef de l&#8217;\u00c9tat.<\/p>\n<p><strong>Opposition fragment\u00e9e<\/strong><\/p>\n<p>Les partis traditionnels que je n&#8217;ai pas besoin de citer sont hors-jeu et paraissent incapables de se r\u00e9g\u00e9n\u00e9rer. Leurs derniers scores incitent \u00e0 la d\u00e9b\u00e2cle. Mais un fait retient mon attention. C&#8217;est l&#8217;extraordinaire d\u00e9sunion des leaders d&#8217;une opposition qui n&#8217;a jamais \u00e9t\u00e9 si fragment\u00e9e.<\/p>\n<p>Quelques exemples pour s&#8217;en convaincre. Ma grande stup\u00e9faction est l&#8217;\u00e9tat de d\u00e9confiture des partis dirig\u00e9s par les leaders originaires de la vall\u00e9e. La CVE elle-m\u00eame reste divis\u00e9e en deux partis incapables de se regrouper et se fondre en un seul parti. La coalition mise en place, dirig\u00e9e par un homme du pass\u00e9, est une coquille vide.<\/p>\n<p>Sarr Ibrahima et son AJD-MR a beau critiquer le syst\u00e8me dirig\u00e9 par les partis au pouvoir, il continue de s&#8217;isoler sans chercher \u00e0 b\u00e2tir une union de l&#8217;opposition. Samba Thiam m\u00e8ne un combat improductif sans envisager de se greffer \u00e0 un parti dirig\u00e9 par ses fr\u00e8res de l&#8217;opposition.<\/p>\n<p>Pourquoi ne pas s&#8217;arrimer \u00e0 une CVE unie ou AJD-MR revigor\u00e9 comme du reste Biram qui pr\u00e9f\u00e8re se coaliser, de mani\u00e8re pragmatique, avec un parti d&#8217;opposition, faute par l&#8217;\u00c9tat de reconna\u00eetre sa formation ? Samba Thiam et ses amis auraient tort de s&#8217;isoler des autres partis. Et pourquoi ne prendrait-il pas l&#8217;initiative de pr\u00f4ner l&#8217;union de tous les partis d&#8217;opposition ?<\/p>\n<p>Du c\u00f4t\u00e9 de Tawassoul, aucune envie de se coaliser avec d&#8217;autres partis. Il pr\u00e9f\u00e9rerait sans doute se rapprocher du parti au pouvoir. Reste le cas Biram. Sans doute l&#8217;opposant le plus actif sur le terrain avec ses visites multiples dans le pays profond pour fid\u00e9liser sa base \u00e9lectorale.<\/p>\n<p>Sa proximit\u00e9 un moment avec le chef de l&#8217;\u00c9tat aurait rendu perplexe une partie de son \u00e9lectorat des autres communaut\u00e9s du pays. On oublie parfois que le jeu politique implique aussi des ententes de circonstance sans lendemain. Biram a retrouv\u00e9 depuis lors sa verve et sa combativit\u00e9.<\/p>\n<p>On ne saurait lui reprocher ses appels incessants \u00e0 plus d&#8217;unit\u00e9. Une id\u00e9e qu&#8217;il a toujours soutenue. Je reste fermement convaincu que sans une unit\u00e9 r\u00e9elle, et non de fa\u00e7ade, l&#8217;opposition dans sa grande majorit\u00e9 se dirige vers des \u00e9lections suicidaires et le risque d\u2019une disparition compl\u00e8te autant des vieux partis que de leurs dirigeants qui ratent ainsi le train de l&#8217;avenir. La seule option qui vaille reste une union de toute urgence.<\/p>\n","protected":false},"excerpt":{"rendered":"<p>Le Calame\u00a0&#8211; Les \u00e9lections l\u00e9gislatives et municipales \u00e9tant en vue cette ann\u00e9e. On est en droit de se demander si les partis de l&#8217;opposition, ou ce qui en reste, s&#8217;y pr\u00e9parent r\u00e9ellement. Beaucoup d&#8217;observateurs en doutent. Je ne fais pas exception non plus. C&#8217;est pourquoi je publie ce billet pour sonder les avis sur ces&#8230;..<\/p>\n","protected":false},"author":5,"featured_media":4949,"comment_status":"open","ping_status":"open","sticky":false,"template":"","format":"standard","meta":{"footnotes":""},"categories":[23,59],"tags":[],"class_list":["post-4948","post","type-post","status-publish","format-standard","has-post-thumbnail","hentry","category-actualite","category-opinion"],"yoast_head":"<!-- This site is optimized with the Yoast SEO plugin v27.5 - https:\/\/yoast.com\/product\/yoast-seo-wordpress\/ -->\n<title>Doit-on sonner le glas d&#039;une opposition totalement endormie ? par B\u00e9chir Fall - Le Quotidien de Nouakchott<\/title>\n<meta name=\"robots\" content=\"index, follow, max-snippet:-1, max-image-preview:large, max-video-preview:-1\" \/>\n<link rel=\"canonical\" href=\"https:\/\/lequotidien.mr\/?p=4948&lang=fr\" \/>\n<meta property=\"og:locale\" content=\"ar_AR\" \/>\n<meta property=\"og:type\" content=\"article\" \/>\n<meta property=\"og:title\" content=\"Doit-on sonner le glas d&#039;une opposition totalement endormie ? par B\u00e9chir Fall - Le Quotidien de Nouakchott\" \/>\n<meta property=\"og:description\" content=\"Le Calame\u00a0&#8211; Les \u00e9lections l\u00e9gislatives et municipales \u00e9tant en vue cette ann\u00e9e. On est en droit de se demander si les partis de l&#8217;opposition, ou ce qui en reste, s&#8217;y pr\u00e9parent r\u00e9ellement. Beaucoup d&#8217;observateurs en doutent. Je ne fais pas exception non plus. C&#8217;est pourquoi je publie ce billet pour sonder les avis sur ces.....\" \/>\n<meta property=\"og:url\" content=\"https:\/\/lequotidien.mr\/?p=4948&amp;lang=fr\" \/>\n<meta property=\"og:site_name\" content=\"Le Quotidien de Nouakchott\" \/>\n<meta property=\"article:publisher\" content=\"https:\/\/web.facebook.com\/lequotidienmr\" \/>\n<meta property=\"article:published_time\" content=\"2023-02-16T16:19:27+00:00\" \/>\n<meta property=\"og:image\" content=\"https:\/\/lequotidien.mr\/wp-content\/uploads\/2023\/02\/bechir_fall_u_5454.jpg\" \/>\n\t<meta property=\"og:image:width\" content=\"444\" \/>\n\t<meta property=\"og:image:height\" content=\"296\" \/>\n\t<meta property=\"og:image:type\" content=\"image\/jpeg\" \/>\n<meta name=\"author\" content=\"Gayi Diawara\" \/>\n<meta name=\"twitter:card\" content=\"summary_large_image\" \/>\n<meta name=\"twitter:creator\" content=\"@lequotidienmr\" \/>\n<meta name=\"twitter:site\" content=\"@lequotidienmr\" \/>\n<meta name=\"twitter:label1\" content=\"\u0643\u064f\u062a\u0628 \u0628\u0648\u0627\u0633\u0637\u0629\" \/>\n\t<meta name=\"twitter:data1\" content=\"Gayi Diawara\" \/>\n\t<meta name=\"twitter:label2\" content=\"\u0648\u0642\u062a \u0627\u0644\u0642\u0631\u0627\u0621\u0629 \u0627\u0644\u0645\u064f\u0642\u062f\u0651\u0631\" \/>\n\t<meta name=\"twitter:data2\" content=\"3 \u062f\u0642\u0627\u0626\u0642\" \/>\n<script type=\"application\/ld+json\" class=\"yoast-schema-graph\">{\"@context\":\"https:\\\/\\\/schema.org\",\"@graph\":[{\"@type\":\"Article\",\"@id\":\"https:\\\/\\\/lequotidien.mr\\\/?p=4948&lang=fr#article\",\"isPartOf\":{\"@id\":\"https:\\\/\\\/lequotidien.mr\\\/?p=4948&lang=fr\"},\"author\":{\"name\":\"Gayi Diawara\",\"@id\":\"https:\\\/\\\/lequotidien.mr\\\/#\\\/schema\\\/person\\\/1077c8abd5640a6514b909318d271dee\"},\"headline\":\"Doit-on sonner le glas d&#8217;une opposition totalement endormie ? par B\u00e9chir Fall\",\"datePublished\":\"2023-02-16T16:19:27+00:00\",\"mainEntityOfPage\":{\"@id\":\"https:\\\/\\\/lequotidien.mr\\\/?p=4948&lang=fr\"},\"wordCount\":651,\"commentCount\":0,\"publisher\":{\"@id\":\"https:\\\/\\\/lequotidien.mr\\\/#organization\"},\"image\":{\"@id\":\"https:\\\/\\\/lequotidien.mr\\\/?p=4948&lang=fr#primaryimage\"},\"thumbnailUrl\":\"https:\\\/\\\/lequotidien.mr\\\/wp-content\\\/uploads\\\/2023\\\/02\\\/bechir_fall_u_5454.jpg\",\"articleSection\":[\"ACTUALIT\u00c9\",\"Opinion\"],\"inLanguage\":\"ar\",\"potentialAction\":[{\"@type\":\"CommentAction\",\"name\":\"Comment\",\"target\":[\"https:\\\/\\\/lequotidien.mr\\\/?p=4948&lang=fr#respond\"]}]},{\"@type\":\"WebPage\",\"@id\":\"https:\\\/\\\/lequotidien.mr\\\/?p=4948&lang=fr\",\"url\":\"https:\\\/\\\/lequotidien.mr\\\/?p=4948&lang=fr\",\"name\":\"Doit-on sonner le glas d'une opposition totalement endormie ? par B\u00e9chir Fall - Le Quotidien de Nouakchott\",\"isPartOf\":{\"@id\":\"https:\\\/\\\/lequotidien.mr\\\/#website\"},\"primaryImageOfPage\":{\"@id\":\"https:\\\/\\\/lequotidien.mr\\\/?p=4948&lang=fr#primaryimage\"},\"image\":{\"@id\":\"https:\\\/\\\/lequotidien.mr\\\/?p=4948&lang=fr#primaryimage\"},\"thumbnailUrl\":\"https:\\\/\\\/lequotidien.mr\\\/wp-content\\\/uploads\\\/2023\\\/02\\\/bechir_fall_u_5454.jpg\",\"datePublished\":\"2023-02-16T16:19:27+00:00\",\"breadcrumb\":{\"@id\":\"https:\\\/\\\/lequotidien.mr\\\/?p=4948&lang=fr#breadcrumb\"},\"inLanguage\":\"ar\",\"potentialAction\":[{\"@type\":\"ReadAction\",\"target\":[\"https:\\\/\\\/lequotidien.mr\\\/?p=4948&lang=fr\"]}]},{\"@type\":\"ImageObject\",\"inLanguage\":\"ar\",\"@id\":\"https:\\\/\\\/lequotidien.mr\\\/?p=4948&lang=fr#primaryimage\",\"url\":\"https:\\\/\\\/lequotidien.mr\\\/wp-content\\\/uploads\\\/2023\\\/02\\\/bechir_fall_u_5454.jpg\",\"contentUrl\":\"https:\\\/\\\/lequotidien.mr\\\/wp-content\\\/uploads\\\/2023\\\/02\\\/bechir_fall_u_5454.jpg\",\"width\":444,\"height\":296},{\"@type\":\"BreadcrumbList\",\"@id\":\"https:\\\/\\\/lequotidien.mr\\\/?p=4948&lang=fr#breadcrumb\",\"itemListElement\":[{\"@type\":\"ListItem\",\"position\":1,\"name\":\"Home\",\"item\":\"https:\\\/\\\/lequotidien.mr\\\/\"},{\"@type\":\"ListItem\",\"position\":2,\"name\":\"Doit-on sonner le glas d&#8217;une opposition totalement endormie ? par B\u00e9chir Fall\"}]},{\"@type\":\"WebSite\",\"@id\":\"https:\\\/\\\/lequotidien.mr\\\/#website\",\"url\":\"https:\\\/\\\/lequotidien.mr\\\/\",\"name\":\"Le Quotidien de Nouakchott\",\"description\":\"\u0625\u062e\u0628\u0627\u0631\u064a\u0629 \u0645\u0633\u062a\u0642\u0644\u0629 \u0644\u0644\u0623\u0646\u0628\u0627\u0621 \u0627\u0644\u0639\u0627\u0645\u0629\",\"publisher\":{\"@id\":\"https:\\\/\\\/lequotidien.mr\\\/#organization\"},\"potentialAction\":[{\"@type\":\"SearchAction\",\"target\":{\"@type\":\"EntryPoint\",\"urlTemplate\":\"https:\\\/\\\/lequotidien.mr\\\/?s={search_term_string}\"},\"query-input\":{\"@type\":\"PropertyValueSpecification\",\"valueRequired\":true,\"valueName\":\"search_term_string\"}}],\"inLanguage\":\"ar\"},{\"@type\":\"Organization\",\"@id\":\"https:\\\/\\\/lequotidien.mr\\\/#organization\",\"name\":\"Le Quotidien de Nouakchott\",\"url\":\"https:\\\/\\\/lequotidien.mr\\\/\",\"logo\":{\"@type\":\"ImageObject\",\"inLanguage\":\"ar\",\"@id\":\"https:\\\/\\\/lequotidien.mr\\\/#\\\/schema\\\/logo\\\/image\\\/\",\"url\":\"https:\\\/\\\/lequotidien.mr\\\/wp-content\\\/uploads\\\/2022\\\/11\\\/logolequotidien.jpg\",\"contentUrl\":\"https:\\\/\\\/lequotidien.mr\\\/wp-content\\\/uploads\\\/2022\\\/11\\\/logolequotidien.jpg\",\"width\":290,\"height\":65,\"caption\":\"Le Quotidien de Nouakchott\"},\"image\":{\"@id\":\"https:\\\/\\\/lequotidien.mr\\\/#\\\/schema\\\/logo\\\/image\\\/\"},\"sameAs\":[\"https:\\\/\\\/web.facebook.com\\\/lequotidienmr\",\"https:\\\/\\\/x.com\\\/lequotidienmr\"]},{\"@type\":\"Person\",\"@id\":\"https:\\\/\\\/lequotidien.mr\\\/#\\\/schema\\\/person\\\/1077c8abd5640a6514b909318d271dee\",\"name\":\"Gayi Diawara\",\"image\":{\"@type\":\"ImageObject\",\"inLanguage\":\"ar\",\"@id\":\"https:\\\/\\\/secure.gravatar.com\\\/avatar\\\/63ea8db1e19a6d2d608b24c0f78b5f3a7d6e0bc11959fec273410af333e4d0ac?s=96&d=mm&r=g\",\"url\":\"https:\\\/\\\/secure.gravatar.com\\\/avatar\\\/63ea8db1e19a6d2d608b24c0f78b5f3a7d6e0bc11959fec273410af333e4d0ac?s=96&d=mm&r=g\",\"contentUrl\":\"https:\\\/\\\/secure.gravatar.com\\\/avatar\\\/63ea8db1e19a6d2d608b24c0f78b5f3a7d6e0bc11959fec273410af333e4d0ac?s=96&d=mm&r=g\",\"caption\":\"Gayi Diawara\"},\"sameAs\":[\"http:\\\/\\\/lequotidien.mr\"],\"url\":\"https:\\\/\\\/lequotidien.mr\\\/?author=5\"}]}<\/script>\n<!-- \/ Yoast SEO plugin. -->","yoast_head_json":{"title":"Doit-on sonner le glas d'une opposition totalement endormie ? par B\u00e9chir Fall - Le Quotidien de Nouakchott","robots":{"index":"index","follow":"follow","max-snippet":"max-snippet:-1","max-image-preview":"max-image-preview:large","max-video-preview":"max-video-preview:-1"},"canonical":"https:\/\/lequotidien.mr\/?p=4948&lang=fr","og_locale":"ar_AR","og_type":"article","og_title":"Doit-on sonner le glas d'une opposition totalement endormie ? par B\u00e9chir Fall - Le Quotidien de Nouakchott","og_description":"Le Calame\u00a0&#8211; Les \u00e9lections l\u00e9gislatives et municipales \u00e9tant en vue cette ann\u00e9e. On est en droit de se demander si les partis de l&#8217;opposition, ou ce qui en reste, s&#8217;y pr\u00e9parent r\u00e9ellement. Beaucoup d&#8217;observateurs en doutent. Je ne fais pas exception non plus. C&#8217;est pourquoi je publie ce billet pour sonder les avis sur ces.....","og_url":"https:\/\/lequotidien.mr\/?p=4948&lang=fr","og_site_name":"Le Quotidien de Nouakchott","article_publisher":"https:\/\/web.facebook.com\/lequotidienmr","article_published_time":"2023-02-16T16:19:27+00:00","og_image":[{"width":444,"height":296,"url":"https:\/\/lequotidien.mr\/wp-content\/uploads\/2023\/02\/bechir_fall_u_5454.jpg","type":"image\/jpeg"}],"author":"Gayi Diawara","twitter_card":"summary_large_image","twitter_creator":"@lequotidienmr","twitter_site":"@lequotidienmr","twitter_misc":{"\u0643\u064f\u062a\u0628 \u0628\u0648\u0627\u0633\u0637\u0629":"Gayi Diawara","\u0648\u0642\u062a \u0627\u0644\u0642\u0631\u0627\u0621\u0629 \u0627\u0644\u0645\u064f\u0642\u062f\u0651\u0631":"3 \u062f\u0642\u0627\u0626\u0642"},"schema":{"@context":"https:\/\/schema.org","@graph":[{"@type":"Article","@id":"https:\/\/lequotidien.mr\/?p=4948&lang=fr#article","isPartOf":{"@id":"https:\/\/lequotidien.mr\/?p=4948&lang=fr"},"author":{"name":"Gayi Diawara","@id":"https:\/\/lequotidien.mr\/#\/schema\/person\/1077c8abd5640a6514b909318d271dee"},"headline":"Doit-on sonner le glas d&#8217;une opposition totalement endormie ? par B\u00e9chir Fall","datePublished":"2023-02-16T16:19:27+00:00","mainEntityOfPage":{"@id":"https:\/\/lequotidien.mr\/?p=4948&lang=fr"},"wordCount":651,"commentCount":0,"publisher":{"@id":"https:\/\/lequotidien.mr\/#organization"},"image":{"@id":"https:\/\/lequotidien.mr\/?p=4948&lang=fr#primaryimage"},"thumbnailUrl":"https:\/\/lequotidien.mr\/wp-content\/uploads\/2023\/02\/bechir_fall_u_5454.jpg","articleSection":["ACTUALIT\u00c9","Opinion"],"inLanguage":"ar","potentialAction":[{"@type":"CommentAction","name":"Comment","target":["https:\/\/lequotidien.mr\/?p=4948&lang=fr#respond"]}]},{"@type":"WebPage","@id":"https:\/\/lequotidien.mr\/?p=4948&lang=fr","url":"https:\/\/lequotidien.mr\/?p=4948&lang=fr","name":"Doit-on sonner le glas d'une opposition totalement endormie ? par B\u00e9chir Fall - Le Quotidien de Nouakchott","isPartOf":{"@id":"https:\/\/lequotidien.mr\/#website"},"primaryImageOfPage":{"@id":"https:\/\/lequotidien.mr\/?p=4948&lang=fr#primaryimage"},"image":{"@id":"https:\/\/lequotidien.mr\/?p=4948&lang=fr#primaryimage"},"thumbnailUrl":"https:\/\/lequotidien.mr\/wp-content\/uploads\/2023\/02\/bechir_fall_u_5454.jpg","datePublished":"2023-02-16T16:19:27+00:00","breadcrumb":{"@id":"https:\/\/lequotidien.mr\/?p=4948&lang=fr#breadcrumb"},"inLanguage":"ar","potentialAction":[{"@type":"ReadAction","target":["https:\/\/lequotidien.mr\/?p=4948&lang=fr"]}]},{"@type":"ImageObject","inLanguage":"ar","@id":"https:\/\/lequotidien.mr\/?p=4948&lang=fr#primaryimage","url":"https:\/\/lequotidien.mr\/wp-content\/uploads\/2023\/02\/bechir_fall_u_5454.jpg","contentUrl":"https:\/\/lequotidien.mr\/wp-content\/uploads\/2023\/02\/bechir_fall_u_5454.jpg","width":444,"height":296},{"@type":"BreadcrumbList","@id":"https:\/\/lequotidien.mr\/?p=4948&lang=fr#breadcrumb","itemListElement":[{"@type":"ListItem","position":1,"name":"Home","item":"https:\/\/lequotidien.mr\/"},{"@type":"ListItem","position":2,"name":"Doit-on sonner le glas d&#8217;une opposition totalement endormie ? par B\u00e9chir Fall"}]},{"@type":"WebSite","@id":"https:\/\/lequotidien.mr\/#website","url":"https:\/\/lequotidien.mr\/","name":"Le Quotidien de Nouakchott","description":"\u0625\u062e\u0628\u0627\u0631\u064a\u0629 \u0645\u0633\u062a\u0642\u0644\u0629 \u0644\u0644\u0623\u0646\u0628\u0627\u0621 \u0627\u0644\u0639\u0627\u0645\u0629","publisher":{"@id":"https:\/\/lequotidien.mr\/#organization"},"potentialAction":[{"@type":"SearchAction","target":{"@type":"EntryPoint","urlTemplate":"https:\/\/lequotidien.mr\/?s={search_term_string}"},"query-input":{"@type":"PropertyValueSpecification","valueRequired":true,"valueName":"search_term_string"}}],"inLanguage":"ar"},{"@type":"Organization","@id":"https:\/\/lequotidien.mr\/#organization","name":"Le Quotidien de Nouakchott","url":"https:\/\/lequotidien.mr\/","logo":{"@type":"ImageObject","inLanguage":"ar","@id":"https:\/\/lequotidien.mr\/#\/schema\/logo\/image\/","url":"https:\/\/lequotidien.mr\/wp-content\/uploads\/2022\/11\/logolequotidien.jpg","contentUrl":"https:\/\/lequotidien.mr\/wp-content\/uploads\/2022\/11\/logolequotidien.jpg","width":290,"height":65,"caption":"Le Quotidien de Nouakchott"},"image":{"@id":"https:\/\/lequotidien.mr\/#\/schema\/logo\/image\/"},"sameAs":["https:\/\/web.facebook.com\/lequotidienmr","https:\/\/x.com\/lequotidienmr"]},{"@type":"Person","@id":"https:\/\/lequotidien.mr\/#\/schema\/person\/1077c8abd5640a6514b909318d271dee","name":"Gayi Diawara","image":{"@type":"ImageObject","inLanguage":"ar","@id":"https:\/\/secure.gravatar.com\/avatar\/63ea8db1e19a6d2d608b24c0f78b5f3a7d6e0bc11959fec273410af333e4d0ac?s=96&d=mm&r=g","url":"https:\/\/secure.gravatar.com\/avatar\/63ea8db1e19a6d2d608b24c0f78b5f3a7d6e0bc11959fec273410af333e4d0ac?s=96&d=mm&r=g","contentUrl":"https:\/\/secure.gravatar.com\/avatar\/63ea8db1e19a6d2d608b24c0f78b5f3a7d6e0bc11959fec273410af333e4d0ac?s=96&d=mm&r=g","caption":"Gayi Diawara"},"sameAs":["http:\/\/lequotidien.mr"],"url":"https:\/\/lequotidien.mr\/?author=5"}]}},"_links":{"self":[{"href":"https:\/\/lequotidien.mr\/index.php?rest_route=\/wp\/v2\/posts\/4948","targetHints":{"allow":["GET"]}}],"collection":[{"href":"https:\/\/lequotidien.mr\/index.php?rest_route=\/wp\/v2\/posts"}],"about":[{"href":"https:\/\/lequotidien.mr\/index.php?rest_route=\/wp\/v2\/types\/post"}],"author":[{"embeddable":true,"href":"https:\/\/lequotidien.mr\/index.php?rest_route=\/wp\/v2\/users\/5"}],"replies":[{"embeddable":true,"href":"https:\/\/lequotidien.mr\/index.php?rest_route=%2Fwp%2Fv2%2Fcomments&post=4948"}],"version-history":[{"count":1,"href":"https:\/\/lequotidien.mr\/index.php?rest_route=\/wp\/v2\/posts\/4948\/revisions"}],"predecessor-version":[{"id":4950,"href":"https:\/\/lequotidien.mr\/index.php?rest_route=\/wp\/v2\/posts\/4948\/revisions\/4950"}],"wp:featuredmedia":[{"embeddable":true,"href":"https:\/\/lequotidien.mr\/index.php?rest_route=\/wp\/v2\/media\/4949"}],"wp:attachment":[{"href":"https:\/\/lequotidien.mr\/index.php?rest_route=%2Fwp%2Fv2%2Fmedia&parent=4948"}],"wp:term":[{"taxonomy":"category","embeddable":true,"href":"https:\/\/lequotidien.mr\/index.php?rest_route=%2Fwp%2Fv2%2Fcategories&post=4948"},{"taxonomy":"post_tag","embeddable":true,"href":"https:\/\/lequotidien.mr\/index.php?rest_route=%2Fwp%2Fv2%2Ftags&post=4948"}],"curies":[{"name":"wp","href":"https:\/\/api.w.org\/{rel}","templated":true}]}}