{"id":4852,"date":"2023-02-14T17:23:36","date_gmt":"2023-02-14T17:23:36","guid":{"rendered":"https:\/\/lequotidien.mr\/?p=4852"},"modified":"2023-02-14T17:31:04","modified_gmt":"2023-02-14T17:31:04","slug":"libre-opinion-enquete-sur-la-mort-de-souvi-un-pas-dans-la-bonne-direction","status":"publish","type":"post","link":"https:\/\/lequotidien.mr\/?p=4852&lang=fr","title":{"rendered":"Libre Opinion: Enqu\u00eate sur la mort de Souvi, un pas dans la bonne direction"},"content":{"rendered":"<p>Tard dans la nuit et alors qu\u2019il venait de le recevoir du pool de m\u00e9decins charg\u00e9s de l\u2019autopsie de Souvi Ould Chein, le Procureur de la R\u00e9publique de Nouakchott Nord Mohamed Lemine Ould Barry a rendu public le rapport et annonc\u00e9 la mise aux arr\u00eats de rigueur de tous les policiers pr\u00e9sents au commissariat au moment des faits. Moins de 48 heures se sont d\u00e9roul\u00e9s apr\u00e8s le d\u00e9c\u00e8s de Souvi que d\u00e9j\u00e0 l\u2019enqu\u00eate pr\u00e9liminaire a \u00e9t\u00e9 boucl\u00e9e.<\/p>\n<p>L&#8217;enqu\u00eate sur la mort de Souvi Ould Chein a suscit\u00e9 de fortes \u00e9motions, de la frustration et de la m\u00e9fiance parmi des citoyens habitu\u00e9s \u00e0 ce que les bavures de la police restent impunies. La mort de Souvi Ould Chein, \u00a0\u00e0 la suite de l&#8217;utilisation excessive de la force par la police, a \u00e9t\u00e9 un triste rappel de la pr\u00e9sence des brebis galeuses \u00e0 tous les niveaux de notre administration.<\/p>\n<p>Au lieu des se f\u00e9liciter et de f\u00e9liciter le chef de la Police ou le pr\u00e9sident de la R\u00e9publique ou m\u00eame le ministre de l\u2019Int\u00e9rieur, \u00a0des p\u00eacheurs en eau troubles, constitu\u00e9s essentiellement des trolls de Ould Abdel Aziz diss\u00e9minent les fausses rumeurs, travestissent la r\u00e9alit\u00e9 et jettent par seaux entiers de l\u2019huile sur le feu.\u00a0 Ceux qui veulent r\u00e9gler des comptes avec le g\u00e9n\u00e9ral Misgharou ou avec Mohamed Ahmed Ould Mohamed Lemine profitent de ce malheureux incident pour \u00e9chafauder les hypoth\u00e8ses les plus saugrenues et les plus invraisemblables.<\/p>\n<p>Il est paradoxal de constater qu\u2019alors que notre histoire r\u00e9cente est parsem\u00e9e de d\u00e9c\u00e8s suspects dans les commissariats ou pendant les manifestations jamais aucune enqu\u00eate s\u00e9rieuse n\u2019avait \u00e9t\u00e9 men\u00e9e. Les hauts responsables avaient la f\u00e2cheuse habitude de toujours couvrir les agissements de leurs subordonn\u00e9es. Cette fois le DGSN a pris ses responsabilit\u00e9s et ordonn\u00e9 une enqu\u00eate cr\u00e9dible et s\u00e9rieuse en pr\u00e9sence de repr\u00e9sentants de la famille.<\/p>\n<p>Les policiers responsables ont \u00e9t\u00e9 identifi\u00e9s et sont en train d&#8217;\u00eatre sanctionn\u00e9s. Ce n&#8217;est qu&#8217;un d\u00e9but, mais c&#8217;est un pas dans la bonne direction. Et, \u00a0feu Souvi, m\u00eame apr\u00e8s sa mort aura rendu un immense service \u00e0 son pays. Alors plus jamais \u00e7a\u00a0! Plus jamais de violences polici\u00e8res et qu\u2019on en profite pour se d\u00e9barrasser \u00e0 tout jamais des ripoux.<\/p>\n<p>Cela montre que la police peut \u00eatre tenue responsable de ses actions et que les citoyens peuvent faire pression pour obtenir justice. C&#8217;est un message important \u00e0 tous les policiers qui sont cens\u00e9s servir et prot\u00e9ger le public. La police doit \u00eatre un symbole de s\u00e9curit\u00e9 et de confiance pour toutes les personnes, ind\u00e9pendamment de leur race ou de leur origine.<\/p>\n<p>L&#8217;enqu\u00eate sur la mort de Souvi Ould Chein nous rappelle que nous avons encore du chemin \u00e0 parcourir pour atteindre \u00e9tat de Droit qui prot\u00e8ge et v\u00e9n\u00e8re ses citoyens. Nous devons travailler ensemble pour \u00e9liminer les pr\u00e9jug\u00e9s inconscients et les discriminations syst\u00e9miques qui persistent dans notre soci\u00e9t\u00e9. La police doit jouer un r\u00f4le important en travaillant avec les communaut\u00e9s pour construire la confiance et l&#8217;inclusion.<\/p>\n<p>La promptitude avec laquelle la police et la Parquet ont \u00a0men\u00e9 l&#8217;enqu\u00eate sur la mort de Souvi m\u00e9rite d&#8217;\u00eatre salu\u00e9e. Le travail acharn\u00e9 et d\u00e9vou\u00e9 des forces de l&#8217;ordre a permis de d\u00e9terminer rapidement les circonstances entourant cette trag\u00e9die.<\/p>\n<p>Nous voulons une Police r\u00e9publicaine et respectueuses des citoyens au service desquels elle doit \u00eatre. \u00a0\u00a0Nous devons nous rappeler que nous sommes tous responsables de la protection de la vie et des droits de chacun, et nous devons agir en cons\u00e9quence.<\/p>\n<p>MSS<\/p>\n","protected":false},"excerpt":{"rendered":"<p>Tard dans la nuit et alors qu\u2019il venait de le recevoir du pool de m\u00e9decins charg\u00e9s de l\u2019autopsie de Souvi Ould Chein, le Procureur de la R\u00e9publique de Nouakchott Nord Mohamed Lemine Ould Barry a rendu public le rapport et annonc\u00e9 la mise aux arr\u00eats de rigueur de tous les policiers pr\u00e9sents au commissariat au&#8230;..<\/p>\n","protected":false},"author":4,"featured_media":4657,"comment_status":"open","ping_status":"open","sticky":false,"template":"","format":"standard","meta":{"footnotes":""},"categories":[23,59],"tags":[],"class_list":["post-4852","post","type-post","status-publish","format-standard","has-post-thumbnail","hentry","category-actualite","category-opinion"],"yoast_head":"<!-- This site is optimized with the Yoast SEO plugin v27.5 - https:\/\/yoast.com\/product\/yoast-seo-wordpress\/ -->\n<title>Libre Opinion: Enqu\u00eate sur la mort de Souvi, un pas dans la bonne direction - Le Quotidien de Nouakchott<\/title>\n<meta name=\"robots\" content=\"index, follow, max-snippet:-1, max-image-preview:large, max-video-preview:-1\" \/>\n<link rel=\"canonical\" href=\"https:\/\/lequotidien.mr\/?p=4852&lang=fr\" \/>\n<meta property=\"og:locale\" content=\"ar_AR\" \/>\n<meta property=\"og:type\" content=\"article\" \/>\n<meta property=\"og:title\" content=\"Libre Opinion: Enqu\u00eate sur la mort de Souvi, un pas dans la bonne direction - Le Quotidien de Nouakchott\" \/>\n<meta property=\"og:description\" content=\"Tard dans la nuit et alors qu\u2019il venait de le recevoir du pool de m\u00e9decins charg\u00e9s de l\u2019autopsie de Souvi Ould Chein, le Procureur de la R\u00e9publique de Nouakchott Nord Mohamed Lemine Ould Barry a rendu public le rapport et annonc\u00e9 la mise aux arr\u00eats de rigueur de tous les policiers pr\u00e9sents au commissariat au.....\" \/>\n<meta property=\"og:url\" content=\"https:\/\/lequotidien.mr\/?p=4852&amp;lang=fr\" \/>\n<meta property=\"og:site_name\" content=\"Le Quotidien de Nouakchott\" \/>\n<meta property=\"article:publisher\" content=\"https:\/\/web.facebook.com\/lequotidienmr\" \/>\n<meta property=\"article:published_time\" content=\"2023-02-14T17:23:36+00:00\" \/>\n<meta property=\"article:modified_time\" content=\"2023-02-14T17:31:04+00:00\" \/>\n<meta property=\"og:image\" content=\"https:\/\/lequotidien.mr\/wp-content\/uploads\/2023\/02\/670324723756084673.jpg\" \/>\n\t<meta property=\"og:image:width\" content=\"676\" \/>\n\t<meta property=\"og:image:height\" content=\"448\" \/>\n\t<meta property=\"og:image:type\" content=\"image\/jpeg\" \/>\n<meta name=\"author\" content=\"Le Quotidien\" \/>\n<meta name=\"twitter:card\" content=\"summary_large_image\" \/>\n<meta name=\"twitter:creator\" content=\"@lequotidienmr\" \/>\n<meta name=\"twitter:site\" content=\"@lequotidienmr\" \/>\n<meta name=\"twitter:label1\" content=\"\u0643\u064f\u062a\u0628 \u0628\u0648\u0627\u0633\u0637\u0629\" \/>\n\t<meta name=\"twitter:data1\" content=\"Le Quotidien\" \/>\n\t<meta name=\"twitter:label2\" content=\"\u0648\u0642\u062a \u0627\u0644\u0642\u0631\u0627\u0621\u0629 \u0627\u0644\u0645\u064f\u0642\u062f\u0651\u0631\" \/>\n\t<meta name=\"twitter:data2\" content=\"3 \u062f\u0642\u0627\u0626\u0642\" \/>\n<script type=\"application\/ld+json\" class=\"yoast-schema-graph\">{\"@context\":\"https:\\\/\\\/schema.org\",\"@graph\":[{\"@type\":\"Article\",\"@id\":\"https:\\\/\\\/lequotidien.mr\\\/?p=4852&lang=fr#article\",\"isPartOf\":{\"@id\":\"https:\\\/\\\/lequotidien.mr\\\/?p=4852&lang=fr\"},\"author\":{\"name\":\"Le Quotidien\",\"@id\":\"https:\\\/\\\/lequotidien.mr\\\/#\\\/schema\\\/person\\\/f90fcdaa970c60288de4ed2e64a56472\"},\"headline\":\"Libre Opinion: Enqu\u00eate sur la mort de Souvi, un pas dans la bonne direction\",\"datePublished\":\"2023-02-14T17:23:36+00:00\",\"dateModified\":\"2023-02-14T17:31:04+00:00\",\"mainEntityOfPage\":{\"@id\":\"https:\\\/\\\/lequotidien.mr\\\/?p=4852&lang=fr\"},\"wordCount\":671,\"commentCount\":0,\"publisher\":{\"@id\":\"https:\\\/\\\/lequotidien.mr\\\/#organization\"},\"image\":{\"@id\":\"https:\\\/\\\/lequotidien.mr\\\/?p=4852&lang=fr#primaryimage\"},\"thumbnailUrl\":\"https:\\\/\\\/lequotidien.mr\\\/wp-content\\\/uploads\\\/2023\\\/02\\\/670324723756084673.jpg\",\"articleSection\":[\"ACTUALIT\u00c9\",\"Opinion\"],\"inLanguage\":\"ar\",\"potentialAction\":[{\"@type\":\"CommentAction\",\"name\":\"Comment\",\"target\":[\"https:\\\/\\\/lequotidien.mr\\\/?p=4852&lang=fr#respond\"]}]},{\"@type\":\"WebPage\",\"@id\":\"https:\\\/\\\/lequotidien.mr\\\/?p=4852&lang=fr\",\"url\":\"https:\\\/\\\/lequotidien.mr\\\/?p=4852&lang=fr\",\"name\":\"Libre Opinion: Enqu\u00eate sur la mort de Souvi, un pas dans la bonne direction - Le Quotidien de Nouakchott\",\"isPartOf\":{\"@id\":\"https:\\\/\\\/lequotidien.mr\\\/#website\"},\"primaryImageOfPage\":{\"@id\":\"https:\\\/\\\/lequotidien.mr\\\/?p=4852&lang=fr#primaryimage\"},\"image\":{\"@id\":\"https:\\\/\\\/lequotidien.mr\\\/?p=4852&lang=fr#primaryimage\"},\"thumbnailUrl\":\"https:\\\/\\\/lequotidien.mr\\\/wp-content\\\/uploads\\\/2023\\\/02\\\/670324723756084673.jpg\",\"datePublished\":\"2023-02-14T17:23:36+00:00\",\"dateModified\":\"2023-02-14T17:31:04+00:00\",\"breadcrumb\":{\"@id\":\"https:\\\/\\\/lequotidien.mr\\\/?p=4852&lang=fr#breadcrumb\"},\"inLanguage\":\"ar\",\"potentialAction\":[{\"@type\":\"ReadAction\",\"target\":[\"https:\\\/\\\/lequotidien.mr\\\/?p=4852&lang=fr\"]}]},{\"@type\":\"ImageObject\",\"inLanguage\":\"ar\",\"@id\":\"https:\\\/\\\/lequotidien.mr\\\/?p=4852&lang=fr#primaryimage\",\"url\":\"https:\\\/\\\/lequotidien.mr\\\/wp-content\\\/uploads\\\/2023\\\/02\\\/670324723756084673.jpg\",\"contentUrl\":\"https:\\\/\\\/lequotidien.mr\\\/wp-content\\\/uploads\\\/2023\\\/02\\\/670324723756084673.jpg\",\"width\":676,\"height\":448},{\"@type\":\"BreadcrumbList\",\"@id\":\"https:\\\/\\\/lequotidien.mr\\\/?p=4852&lang=fr#breadcrumb\",\"itemListElement\":[{\"@type\":\"ListItem\",\"position\":1,\"name\":\"Home\",\"item\":\"https:\\\/\\\/lequotidien.mr\\\/\"},{\"@type\":\"ListItem\",\"position\":2,\"name\":\"Libre Opinion: Enqu\u00eate sur la mort de Souvi, un pas dans la bonne direction\"}]},{\"@type\":\"WebSite\",\"@id\":\"https:\\\/\\\/lequotidien.mr\\\/#website\",\"url\":\"https:\\\/\\\/lequotidien.mr\\\/\",\"name\":\"Le Quotidien de Nouakchott\",\"description\":\"\u0625\u062e\u0628\u0627\u0631\u064a\u0629 \u0645\u0633\u062a\u0642\u0644\u0629 \u0644\u0644\u0623\u0646\u0628\u0627\u0621 \u0627\u0644\u0639\u0627\u0645\u0629\",\"publisher\":{\"@id\":\"https:\\\/\\\/lequotidien.mr\\\/#organization\"},\"potentialAction\":[{\"@type\":\"SearchAction\",\"target\":{\"@type\":\"EntryPoint\",\"urlTemplate\":\"https:\\\/\\\/lequotidien.mr\\\/?s={search_term_string}\"},\"query-input\":{\"@type\":\"PropertyValueSpecification\",\"valueRequired\":true,\"valueName\":\"search_term_string\"}}],\"inLanguage\":\"ar\"},{\"@type\":\"Organization\",\"@id\":\"https:\\\/\\\/lequotidien.mr\\\/#organization\",\"name\":\"Le Quotidien de Nouakchott\",\"url\":\"https:\\\/\\\/lequotidien.mr\\\/\",\"logo\":{\"@type\":\"ImageObject\",\"inLanguage\":\"ar\",\"@id\":\"https:\\\/\\\/lequotidien.mr\\\/#\\\/schema\\\/logo\\\/image\\\/\",\"url\":\"https:\\\/\\\/lequotidien.mr\\\/wp-content\\\/uploads\\\/2022\\\/11\\\/logolequotidien.jpg\",\"contentUrl\":\"https:\\\/\\\/lequotidien.mr\\\/wp-content\\\/uploads\\\/2022\\\/11\\\/logolequotidien.jpg\",\"width\":290,\"height\":65,\"caption\":\"Le Quotidien de Nouakchott\"},\"image\":{\"@id\":\"https:\\\/\\\/lequotidien.mr\\\/#\\\/schema\\\/logo\\\/image\\\/\"},\"sameAs\":[\"https:\\\/\\\/web.facebook.com\\\/lequotidienmr\",\"https:\\\/\\\/x.com\\\/lequotidienmr\"]},{\"@type\":\"Person\",\"@id\":\"https:\\\/\\\/lequotidien.mr\\\/#\\\/schema\\\/person\\\/f90fcdaa970c60288de4ed2e64a56472\",\"name\":\"Le Quotidien\",\"image\":{\"@type\":\"ImageObject\",\"inLanguage\":\"ar\",\"@id\":\"https:\\\/\\\/secure.gravatar.com\\\/avatar\\\/374cb39a1a458a912465a93e5a3ce6546886fc3da809a1f10c63e4e8fcbca30f?s=96&d=mm&r=g\",\"url\":\"https:\\\/\\\/secure.gravatar.com\\\/avatar\\\/374cb39a1a458a912465a93e5a3ce6546886fc3da809a1f10c63e4e8fcbca30f?s=96&d=mm&r=g\",\"contentUrl\":\"https:\\\/\\\/secure.gravatar.com\\\/avatar\\\/374cb39a1a458a912465a93e5a3ce6546886fc3da809a1f10c63e4e8fcbca30f?s=96&d=mm&r=g\",\"caption\":\"Le Quotidien\"},\"sameAs\":[\"https:\\\/\\\/lequotidien.mr\\\/\"],\"url\":\"https:\\\/\\\/lequotidien.mr\\\/?author=4\"}]}<\/script>\n<!-- \/ Yoast SEO plugin. -->","yoast_head_json":{"title":"Libre Opinion: Enqu\u00eate sur la mort de Souvi, un pas dans la bonne direction - Le Quotidien de Nouakchott","robots":{"index":"index","follow":"follow","max-snippet":"max-snippet:-1","max-image-preview":"max-image-preview:large","max-video-preview":"max-video-preview:-1"},"canonical":"https:\/\/lequotidien.mr\/?p=4852&lang=fr","og_locale":"ar_AR","og_type":"article","og_title":"Libre Opinion: Enqu\u00eate sur la mort de Souvi, un pas dans la bonne direction - Le Quotidien de Nouakchott","og_description":"Tard dans la nuit et alors qu\u2019il venait de le recevoir du pool de m\u00e9decins charg\u00e9s de l\u2019autopsie de Souvi Ould Chein, le Procureur de la R\u00e9publique de Nouakchott Nord Mohamed Lemine Ould Barry a rendu public le rapport et annonc\u00e9 la mise aux arr\u00eats de rigueur de tous les policiers pr\u00e9sents au commissariat au.....","og_url":"https:\/\/lequotidien.mr\/?p=4852&lang=fr","og_site_name":"Le Quotidien de Nouakchott","article_publisher":"https:\/\/web.facebook.com\/lequotidienmr","article_published_time":"2023-02-14T17:23:36+00:00","article_modified_time":"2023-02-14T17:31:04+00:00","og_image":[{"width":676,"height":448,"url":"https:\/\/lequotidien.mr\/wp-content\/uploads\/2023\/02\/670324723756084673.jpg","type":"image\/jpeg"}],"author":"Le Quotidien","twitter_card":"summary_large_image","twitter_creator":"@lequotidienmr","twitter_site":"@lequotidienmr","twitter_misc":{"\u0643\u064f\u062a\u0628 \u0628\u0648\u0627\u0633\u0637\u0629":"Le Quotidien","\u0648\u0642\u062a \u0627\u0644\u0642\u0631\u0627\u0621\u0629 \u0627\u0644\u0645\u064f\u0642\u062f\u0651\u0631":"3 \u062f\u0642\u0627\u0626\u0642"},"schema":{"@context":"https:\/\/schema.org","@graph":[{"@type":"Article","@id":"https:\/\/lequotidien.mr\/?p=4852&lang=fr#article","isPartOf":{"@id":"https:\/\/lequotidien.mr\/?p=4852&lang=fr"},"author":{"name":"Le Quotidien","@id":"https:\/\/lequotidien.mr\/#\/schema\/person\/f90fcdaa970c60288de4ed2e64a56472"},"headline":"Libre Opinion: Enqu\u00eate sur la mort de Souvi, un pas dans la bonne direction","datePublished":"2023-02-14T17:23:36+00:00","dateModified":"2023-02-14T17:31:04+00:00","mainEntityOfPage":{"@id":"https:\/\/lequotidien.mr\/?p=4852&lang=fr"},"wordCount":671,"commentCount":0,"publisher":{"@id":"https:\/\/lequotidien.mr\/#organization"},"image":{"@id":"https:\/\/lequotidien.mr\/?p=4852&lang=fr#primaryimage"},"thumbnailUrl":"https:\/\/lequotidien.mr\/wp-content\/uploads\/2023\/02\/670324723756084673.jpg","articleSection":["ACTUALIT\u00c9","Opinion"],"inLanguage":"ar","potentialAction":[{"@type":"CommentAction","name":"Comment","target":["https:\/\/lequotidien.mr\/?p=4852&lang=fr#respond"]}]},{"@type":"WebPage","@id":"https:\/\/lequotidien.mr\/?p=4852&lang=fr","url":"https:\/\/lequotidien.mr\/?p=4852&lang=fr","name":"Libre Opinion: Enqu\u00eate sur la mort de Souvi, un pas dans la bonne direction - Le Quotidien de Nouakchott","isPartOf":{"@id":"https:\/\/lequotidien.mr\/#website"},"primaryImageOfPage":{"@id":"https:\/\/lequotidien.mr\/?p=4852&lang=fr#primaryimage"},"image":{"@id":"https:\/\/lequotidien.mr\/?p=4852&lang=fr#primaryimage"},"thumbnailUrl":"https:\/\/lequotidien.mr\/wp-content\/uploads\/2023\/02\/670324723756084673.jpg","datePublished":"2023-02-14T17:23:36+00:00","dateModified":"2023-02-14T17:31:04+00:00","breadcrumb":{"@id":"https:\/\/lequotidien.mr\/?p=4852&lang=fr#breadcrumb"},"inLanguage":"ar","potentialAction":[{"@type":"ReadAction","target":["https:\/\/lequotidien.mr\/?p=4852&lang=fr"]}]},{"@type":"ImageObject","inLanguage":"ar","@id":"https:\/\/lequotidien.mr\/?p=4852&lang=fr#primaryimage","url":"https:\/\/lequotidien.mr\/wp-content\/uploads\/2023\/02\/670324723756084673.jpg","contentUrl":"https:\/\/lequotidien.mr\/wp-content\/uploads\/2023\/02\/670324723756084673.jpg","width":676,"height":448},{"@type":"BreadcrumbList","@id":"https:\/\/lequotidien.mr\/?p=4852&lang=fr#breadcrumb","itemListElement":[{"@type":"ListItem","position":1,"name":"Home","item":"https:\/\/lequotidien.mr\/"},{"@type":"ListItem","position":2,"name":"Libre Opinion: Enqu\u00eate sur la mort de Souvi, un pas dans la bonne direction"}]},{"@type":"WebSite","@id":"https:\/\/lequotidien.mr\/#website","url":"https:\/\/lequotidien.mr\/","name":"Le Quotidien de Nouakchott","description":"\u0625\u062e\u0628\u0627\u0631\u064a\u0629 \u0645\u0633\u062a\u0642\u0644\u0629 \u0644\u0644\u0623\u0646\u0628\u0627\u0621 \u0627\u0644\u0639\u0627\u0645\u0629","publisher":{"@id":"https:\/\/lequotidien.mr\/#organization"},"potentialAction":[{"@type":"SearchAction","target":{"@type":"EntryPoint","urlTemplate":"https:\/\/lequotidien.mr\/?s={search_term_string}"},"query-input":{"@type":"PropertyValueSpecification","valueRequired":true,"valueName":"search_term_string"}}],"inLanguage":"ar"},{"@type":"Organization","@id":"https:\/\/lequotidien.mr\/#organization","name":"Le Quotidien de Nouakchott","url":"https:\/\/lequotidien.mr\/","logo":{"@type":"ImageObject","inLanguage":"ar","@id":"https:\/\/lequotidien.mr\/#\/schema\/logo\/image\/","url":"https:\/\/lequotidien.mr\/wp-content\/uploads\/2022\/11\/logolequotidien.jpg","contentUrl":"https:\/\/lequotidien.mr\/wp-content\/uploads\/2022\/11\/logolequotidien.jpg","width":290,"height":65,"caption":"Le Quotidien de Nouakchott"},"image":{"@id":"https:\/\/lequotidien.mr\/#\/schema\/logo\/image\/"},"sameAs":["https:\/\/web.facebook.com\/lequotidienmr","https:\/\/x.com\/lequotidienmr"]},{"@type":"Person","@id":"https:\/\/lequotidien.mr\/#\/schema\/person\/f90fcdaa970c60288de4ed2e64a56472","name":"Le Quotidien","image":{"@type":"ImageObject","inLanguage":"ar","@id":"https:\/\/secure.gravatar.com\/avatar\/374cb39a1a458a912465a93e5a3ce6546886fc3da809a1f10c63e4e8fcbca30f?s=96&d=mm&r=g","url":"https:\/\/secure.gravatar.com\/avatar\/374cb39a1a458a912465a93e5a3ce6546886fc3da809a1f10c63e4e8fcbca30f?s=96&d=mm&r=g","contentUrl":"https:\/\/secure.gravatar.com\/avatar\/374cb39a1a458a912465a93e5a3ce6546886fc3da809a1f10c63e4e8fcbca30f?s=96&d=mm&r=g","caption":"Le Quotidien"},"sameAs":["https:\/\/lequotidien.mr\/"],"url":"https:\/\/lequotidien.mr\/?author=4"}]}},"_links":{"self":[{"href":"https:\/\/lequotidien.mr\/index.php?rest_route=\/wp\/v2\/posts\/4852","targetHints":{"allow":["GET"]}}],"collection":[{"href":"https:\/\/lequotidien.mr\/index.php?rest_route=\/wp\/v2\/posts"}],"about":[{"href":"https:\/\/lequotidien.mr\/index.php?rest_route=\/wp\/v2\/types\/post"}],"author":[{"embeddable":true,"href":"https:\/\/lequotidien.mr\/index.php?rest_route=\/wp\/v2\/users\/4"}],"replies":[{"embeddable":true,"href":"https:\/\/lequotidien.mr\/index.php?rest_route=%2Fwp%2Fv2%2Fcomments&post=4852"}],"version-history":[{"count":1,"href":"https:\/\/lequotidien.mr\/index.php?rest_route=\/wp\/v2\/posts\/4852\/revisions"}],"predecessor-version":[{"id":4853,"href":"https:\/\/lequotidien.mr\/index.php?rest_route=\/wp\/v2\/posts\/4852\/revisions\/4853"}],"wp:featuredmedia":[{"embeddable":true,"href":"https:\/\/lequotidien.mr\/index.php?rest_route=\/wp\/v2\/media\/4657"}],"wp:attachment":[{"href":"https:\/\/lequotidien.mr\/index.php?rest_route=%2Fwp%2Fv2%2Fmedia&parent=4852"}],"wp:term":[{"taxonomy":"category","embeddable":true,"href":"https:\/\/lequotidien.mr\/index.php?rest_route=%2Fwp%2Fv2%2Fcategories&post=4852"},{"taxonomy":"post_tag","embeddable":true,"href":"https:\/\/lequotidien.mr\/index.php?rest_route=%2Fwp%2Fv2%2Ftags&post=4852"}],"curies":[{"name":"wp","href":"https:\/\/api.w.org\/{rel}","templated":true}]}}