{"id":4830,"date":"2023-02-14T16:49:12","date_gmt":"2023-02-14T16:49:12","guid":{"rendered":"https:\/\/lequotidien.mr\/?p=4830"},"modified":"2023-02-14T16:49:12","modified_gmt":"2023-02-14T16:49:12","slug":"proces-de-ould-abdel-aziz-les-avocats-cire-cledor-ly-et-lo-gourmo-sur-la-saisine-du-conseil-constitutionnel","status":"publish","type":"post","link":"https:\/\/lequotidien.mr\/?p=4830&lang=fr","title":{"rendered":"Proc\u00e8s de Ould Abdel Aziz : les avocats Cir\u00e9 Cl\u00e9dor Ly et Lo Gourmo sur la saisine du conseil constitutionnel"},"content":{"rendered":"<p>RFI Afrique &#8211; En Mauritanie, le proc\u00e8s de l\u2019ancien pr\u00e9sident Mohamed Ould Abdel Aziz (2009-2019), poursuivi pour corruption, trafic d\u2019influence et enrichissement illicite, a \u00e9t\u00e9 suspendu pour 15 jours, ce 13 f\u00e9vrier 2023, \u00e0 la demande de ses avocats.<\/p>\n<p>Ces derniers remettent en cause la constitutionnalit\u00e9 de la proc\u00e9dure. Le tribunal charg\u00e9 de juger l\u2019ancien pr\u00e9sident mauritanien Mohamed Ould Abdel Aziz et neuf autres personnalit\u00e9s a d\u00e9cid\u00e9 ce 13 f\u00e9vrier 2023 de suspendre le proc\u00e8s pour 15 jours.<\/p>\n<p>La cour a acc\u00e9d\u00e9 \u00e0 la requ\u00eate de la d\u00e9fense de l\u2019ancien chef d\u2019\u00c9tat qui remet en cause la constitutionnalit\u00e9 de la proc\u00e9dure. Ce dernier est poursuivi pour corruption, trafic d\u2019influence et enrichissement illicite.<\/p>\n<p>Ses avocats ont 15 jours pour saisir le Conseil constitutionnel Les avocats de Mohamed Ould Abdel Aziz, pointent particuli\u00e8rement plusieurs articles de loi sur la lutte contre la corruption adopt\u00e9e en 2016.<\/p>\n<p>Maitre Cir\u00e9 Cl\u00e9dor Ly explique : \u00ab Dans la loi qui lutte contre la corruption, il y a un article qui promet de r\u00e9compenser les autorit\u00e9s qui enqu\u00eatent, de m\u00eame que les autorit\u00e9s qui poursuivent et les autorit\u00e9s qui jugent. Et la r\u00e9compense est prise sur les produits, ou sur les biens qui sont confisqu\u00e9s. \u00bb<\/p>\n<p>Les parties civiles aupr\u00e8s de l\u2019\u00c9tat mauritanien dans ce dossier font une autre lecture des p\u00e9rip\u00e9ties qui ont conduit la cour criminelle de Nouakchott \u00e0 suspendre le proc\u00e8s.<\/p>\n<p>Maitre Lo Gourmo, membre du collectif, r\u00e9pond : \u00ab La nouvelle exception soulev\u00e9e par la d\u00e9fense de l\u2019accus\u00e9 s\u2019inscrit clairement dans la strat\u00e9gie visant \u00e0 diff\u00e9rer autant que possible l\u2019in\u00e9luctable moment o\u00f9 leur client sera tenu de rendre compte publiquement, de son comportement, concernant les infractions graves pour lesquelles il est aujourd\u2019hui poursuivi. \u00bb<\/p>\n<p>Les avocats de l\u2019ancien pr\u00e9sident mauritanien ont un d\u00e9lai de 15 jours pour saisir le Conseil constitutionnel qui doit statuer sur la proc\u00e9dure en cours. Ce premier proc\u00e8s pour corruption d\u2019un ancien chef d\u2019\u00e9tat a commenc\u00e9 le 25 janvier.<\/p>\n<p>Avec notre correspondant \u00e0\u00a0<strong>Nouakchott, Salem Mejbour Salem<\/strong><br \/>\n&#8212;-<\/p>\n<p>NDLR : Titre orignel de l&#8217;article modifi\u00e9 par Cridem<\/p>\n","protected":false},"excerpt":{"rendered":"<p>RFI Afrique &#8211; En Mauritanie, le proc\u00e8s de l\u2019ancien pr\u00e9sident Mohamed Ould Abdel Aziz (2009-2019), poursuivi pour corruption, trafic d\u2019influence et enrichissement illicite, a \u00e9t\u00e9 suspendu pour 15 jours, ce 13 f\u00e9vrier 2023, \u00e0 la demande de ses avocats. Ces derniers remettent en cause la constitutionnalit\u00e9 de la proc\u00e9dure. Le tribunal charg\u00e9 de juger l\u2019ancien&#8230;..<\/p>\n","protected":false},"author":5,"featured_media":4831,"comment_status":"open","ping_status":"open","sticky":false,"template":"","format":"standard","meta":{"footnotes":""},"categories":[23],"tags":[],"class_list":["post-4830","post","type-post","status-publish","format-standard","has-post-thumbnail","hentry","category-actualite"],"yoast_head":"<!-- This site is optimized with the Yoast SEO plugin v27.5 - https:\/\/yoast.com\/product\/yoast-seo-wordpress\/ -->\n<title>Proc\u00e8s de Ould Abdel Aziz : les avocats Cir\u00e9 Cl\u00e9dor Ly et Lo Gourmo sur la saisine du conseil constitutionnel - Le Quotidien de Nouakchott<\/title>\n<meta name=\"robots\" content=\"index, follow, max-snippet:-1, max-image-preview:large, max-video-preview:-1\" \/>\n<link rel=\"canonical\" href=\"https:\/\/lequotidien.mr\/?p=4830&lang=fr\" \/>\n<meta property=\"og:locale\" content=\"ar_AR\" \/>\n<meta property=\"og:type\" content=\"article\" \/>\n<meta property=\"og:title\" content=\"Proc\u00e8s de Ould Abdel Aziz : les avocats Cir\u00e9 Cl\u00e9dor Ly et Lo Gourmo sur la saisine du conseil constitutionnel - Le Quotidien de Nouakchott\" \/>\n<meta property=\"og:description\" content=\"RFI Afrique &#8211; En Mauritanie, le proc\u00e8s de l\u2019ancien pr\u00e9sident Mohamed Ould Abdel Aziz (2009-2019), poursuivi pour corruption, trafic d\u2019influence et enrichissement illicite, a \u00e9t\u00e9 suspendu pour 15 jours, ce 13 f\u00e9vrier 2023, \u00e0 la demande de ses avocats. Ces derniers remettent en cause la constitutionnalit\u00e9 de la proc\u00e9dure. Le tribunal charg\u00e9 de juger l\u2019ancien.....\" \/>\n<meta property=\"og:url\" content=\"https:\/\/lequotidien.mr\/?p=4830&amp;lang=fr\" \/>\n<meta property=\"og:site_name\" content=\"Le Quotidien de Nouakchott\" \/>\n<meta property=\"article:publisher\" content=\"https:\/\/web.facebook.com\/lequotidienmr\" \/>\n<meta property=\"article:published_time\" content=\"2023-02-14T16:49:12+00:00\" \/>\n<meta property=\"og:image\" content=\"https:\/\/lequotidien.mr\/wp-content\/uploads\/2023\/02\/gourmo_cire_000001.jpg\" \/>\n\t<meta property=\"og:image:width\" content=\"522\" \/>\n\t<meta property=\"og:image:height\" content=\"349\" \/>\n\t<meta property=\"og:image:type\" content=\"image\/jpeg\" \/>\n<meta name=\"author\" content=\"Gayi Diawara\" \/>\n<meta name=\"twitter:card\" content=\"summary_large_image\" \/>\n<meta name=\"twitter:creator\" content=\"@lequotidienmr\" \/>\n<meta name=\"twitter:site\" content=\"@lequotidienmr\" \/>\n<meta name=\"twitter:label1\" content=\"\u0643\u064f\u062a\u0628 \u0628\u0648\u0627\u0633\u0637\u0629\" \/>\n\t<meta name=\"twitter:data1\" content=\"Gayi Diawara\" \/>\n\t<meta name=\"twitter:label2\" content=\"\u0648\u0642\u062a \u0627\u0644\u0642\u0631\u0627\u0621\u0629 \u0627\u0644\u0645\u064f\u0642\u062f\u0651\u0631\" \/>\n\t<meta name=\"twitter:data2\" content=\"\u062f\u0642\u064a\u0642\u062a\u0627\u0646\" \/>\n<script type=\"application\/ld+json\" class=\"yoast-schema-graph\">{\"@context\":\"https:\\\/\\\/schema.org\",\"@graph\":[{\"@type\":\"Article\",\"@id\":\"https:\\\/\\\/lequotidien.mr\\\/?p=4830&lang=fr#article\",\"isPartOf\":{\"@id\":\"https:\\\/\\\/lequotidien.mr\\\/?p=4830&lang=fr\"},\"author\":{\"name\":\"Gayi Diawara\",\"@id\":\"https:\\\/\\\/lequotidien.mr\\\/#\\\/schema\\\/person\\\/1077c8abd5640a6514b909318d271dee\"},\"headline\":\"Proc\u00e8s de Ould Abdel Aziz : les avocats Cir\u00e9 Cl\u00e9dor Ly et Lo Gourmo sur la saisine du conseil constitutionnel\",\"datePublished\":\"2023-02-14T16:49:12+00:00\",\"mainEntityOfPage\":{\"@id\":\"https:\\\/\\\/lequotidien.mr\\\/?p=4830&lang=fr\"},\"wordCount\":391,\"commentCount\":0,\"publisher\":{\"@id\":\"https:\\\/\\\/lequotidien.mr\\\/#organization\"},\"image\":{\"@id\":\"https:\\\/\\\/lequotidien.mr\\\/?p=4830&lang=fr#primaryimage\"},\"thumbnailUrl\":\"https:\\\/\\\/lequotidien.mr\\\/wp-content\\\/uploads\\\/2023\\\/02\\\/gourmo_cire_000001.jpg\",\"articleSection\":[\"ACTUALIT\u00c9\"],\"inLanguage\":\"ar\",\"potentialAction\":[{\"@type\":\"CommentAction\",\"name\":\"Comment\",\"target\":[\"https:\\\/\\\/lequotidien.mr\\\/?p=4830&lang=fr#respond\"]}]},{\"@type\":\"WebPage\",\"@id\":\"https:\\\/\\\/lequotidien.mr\\\/?p=4830&lang=fr\",\"url\":\"https:\\\/\\\/lequotidien.mr\\\/?p=4830&lang=fr\",\"name\":\"Proc\u00e8s de Ould Abdel Aziz : les avocats Cir\u00e9 Cl\u00e9dor Ly et Lo Gourmo sur la saisine du conseil constitutionnel - Le Quotidien de Nouakchott\",\"isPartOf\":{\"@id\":\"https:\\\/\\\/lequotidien.mr\\\/#website\"},\"primaryImageOfPage\":{\"@id\":\"https:\\\/\\\/lequotidien.mr\\\/?p=4830&lang=fr#primaryimage\"},\"image\":{\"@id\":\"https:\\\/\\\/lequotidien.mr\\\/?p=4830&lang=fr#primaryimage\"},\"thumbnailUrl\":\"https:\\\/\\\/lequotidien.mr\\\/wp-content\\\/uploads\\\/2023\\\/02\\\/gourmo_cire_000001.jpg\",\"datePublished\":\"2023-02-14T16:49:12+00:00\",\"breadcrumb\":{\"@id\":\"https:\\\/\\\/lequotidien.mr\\\/?p=4830&lang=fr#breadcrumb\"},\"inLanguage\":\"ar\",\"potentialAction\":[{\"@type\":\"ReadAction\",\"target\":[\"https:\\\/\\\/lequotidien.mr\\\/?p=4830&lang=fr\"]}]},{\"@type\":\"ImageObject\",\"inLanguage\":\"ar\",\"@id\":\"https:\\\/\\\/lequotidien.mr\\\/?p=4830&lang=fr#primaryimage\",\"url\":\"https:\\\/\\\/lequotidien.mr\\\/wp-content\\\/uploads\\\/2023\\\/02\\\/gourmo_cire_000001.jpg\",\"contentUrl\":\"https:\\\/\\\/lequotidien.mr\\\/wp-content\\\/uploads\\\/2023\\\/02\\\/gourmo_cire_000001.jpg\",\"width\":522,\"height\":349},{\"@type\":\"BreadcrumbList\",\"@id\":\"https:\\\/\\\/lequotidien.mr\\\/?p=4830&lang=fr#breadcrumb\",\"itemListElement\":[{\"@type\":\"ListItem\",\"position\":1,\"name\":\"Home\",\"item\":\"https:\\\/\\\/lequotidien.mr\\\/\"},{\"@type\":\"ListItem\",\"position\":2,\"name\":\"Proc\u00e8s de Ould Abdel Aziz : les avocats Cir\u00e9 Cl\u00e9dor Ly et Lo Gourmo sur la saisine du conseil constitutionnel\"}]},{\"@type\":\"WebSite\",\"@id\":\"https:\\\/\\\/lequotidien.mr\\\/#website\",\"url\":\"https:\\\/\\\/lequotidien.mr\\\/\",\"name\":\"Le Quotidien de Nouakchott\",\"description\":\"\u0625\u062e\u0628\u0627\u0631\u064a\u0629 \u0645\u0633\u062a\u0642\u0644\u0629 \u0644\u0644\u0623\u0646\u0628\u0627\u0621 \u0627\u0644\u0639\u0627\u0645\u0629\",\"publisher\":{\"@id\":\"https:\\\/\\\/lequotidien.mr\\\/#organization\"},\"potentialAction\":[{\"@type\":\"SearchAction\",\"target\":{\"@type\":\"EntryPoint\",\"urlTemplate\":\"https:\\\/\\\/lequotidien.mr\\\/?s={search_term_string}\"},\"query-input\":{\"@type\":\"PropertyValueSpecification\",\"valueRequired\":true,\"valueName\":\"search_term_string\"}}],\"inLanguage\":\"ar\"},{\"@type\":\"Organization\",\"@id\":\"https:\\\/\\\/lequotidien.mr\\\/#organization\",\"name\":\"Le Quotidien de Nouakchott\",\"url\":\"https:\\\/\\\/lequotidien.mr\\\/\",\"logo\":{\"@type\":\"ImageObject\",\"inLanguage\":\"ar\",\"@id\":\"https:\\\/\\\/lequotidien.mr\\\/#\\\/schema\\\/logo\\\/image\\\/\",\"url\":\"https:\\\/\\\/lequotidien.mr\\\/wp-content\\\/uploads\\\/2022\\\/11\\\/logolequotidien.jpg\",\"contentUrl\":\"https:\\\/\\\/lequotidien.mr\\\/wp-content\\\/uploads\\\/2022\\\/11\\\/logolequotidien.jpg\",\"width\":290,\"height\":65,\"caption\":\"Le Quotidien de Nouakchott\"},\"image\":{\"@id\":\"https:\\\/\\\/lequotidien.mr\\\/#\\\/schema\\\/logo\\\/image\\\/\"},\"sameAs\":[\"https:\\\/\\\/web.facebook.com\\\/lequotidienmr\",\"https:\\\/\\\/x.com\\\/lequotidienmr\"]},{\"@type\":\"Person\",\"@id\":\"https:\\\/\\\/lequotidien.mr\\\/#\\\/schema\\\/person\\\/1077c8abd5640a6514b909318d271dee\",\"name\":\"Gayi Diawara\",\"image\":{\"@type\":\"ImageObject\",\"inLanguage\":\"ar\",\"@id\":\"https:\\\/\\\/secure.gravatar.com\\\/avatar\\\/63ea8db1e19a6d2d608b24c0f78b5f3a7d6e0bc11959fec273410af333e4d0ac?s=96&d=mm&r=g\",\"url\":\"https:\\\/\\\/secure.gravatar.com\\\/avatar\\\/63ea8db1e19a6d2d608b24c0f78b5f3a7d6e0bc11959fec273410af333e4d0ac?s=96&d=mm&r=g\",\"contentUrl\":\"https:\\\/\\\/secure.gravatar.com\\\/avatar\\\/63ea8db1e19a6d2d608b24c0f78b5f3a7d6e0bc11959fec273410af333e4d0ac?s=96&d=mm&r=g\",\"caption\":\"Gayi Diawara\"},\"sameAs\":[\"http:\\\/\\\/lequotidien.mr\"],\"url\":\"https:\\\/\\\/lequotidien.mr\\\/?author=5\"}]}<\/script>\n<!-- \/ Yoast SEO plugin. -->","yoast_head_json":{"title":"Proc\u00e8s de Ould Abdel Aziz : les avocats Cir\u00e9 Cl\u00e9dor Ly et Lo Gourmo sur la saisine du conseil constitutionnel - Le Quotidien de Nouakchott","robots":{"index":"index","follow":"follow","max-snippet":"max-snippet:-1","max-image-preview":"max-image-preview:large","max-video-preview":"max-video-preview:-1"},"canonical":"https:\/\/lequotidien.mr\/?p=4830&lang=fr","og_locale":"ar_AR","og_type":"article","og_title":"Proc\u00e8s de Ould Abdel Aziz : les avocats Cir\u00e9 Cl\u00e9dor Ly et Lo Gourmo sur la saisine du conseil constitutionnel - Le Quotidien de Nouakchott","og_description":"RFI Afrique &#8211; En Mauritanie, le proc\u00e8s de l\u2019ancien pr\u00e9sident Mohamed Ould Abdel Aziz (2009-2019), poursuivi pour corruption, trafic d\u2019influence et enrichissement illicite, a \u00e9t\u00e9 suspendu pour 15 jours, ce 13 f\u00e9vrier 2023, \u00e0 la demande de ses avocats. Ces derniers remettent en cause la constitutionnalit\u00e9 de la proc\u00e9dure. Le tribunal charg\u00e9 de juger l\u2019ancien.....","og_url":"https:\/\/lequotidien.mr\/?p=4830&lang=fr","og_site_name":"Le Quotidien de Nouakchott","article_publisher":"https:\/\/web.facebook.com\/lequotidienmr","article_published_time":"2023-02-14T16:49:12+00:00","og_image":[{"width":522,"height":349,"url":"https:\/\/lequotidien.mr\/wp-content\/uploads\/2023\/02\/gourmo_cire_000001.jpg","type":"image\/jpeg"}],"author":"Gayi Diawara","twitter_card":"summary_large_image","twitter_creator":"@lequotidienmr","twitter_site":"@lequotidienmr","twitter_misc":{"\u0643\u064f\u062a\u0628 \u0628\u0648\u0627\u0633\u0637\u0629":"Gayi Diawara","\u0648\u0642\u062a \u0627\u0644\u0642\u0631\u0627\u0621\u0629 \u0627\u0644\u0645\u064f\u0642\u062f\u0651\u0631":"\u062f\u0642\u064a\u0642\u062a\u0627\u0646"},"schema":{"@context":"https:\/\/schema.org","@graph":[{"@type":"Article","@id":"https:\/\/lequotidien.mr\/?p=4830&lang=fr#article","isPartOf":{"@id":"https:\/\/lequotidien.mr\/?p=4830&lang=fr"},"author":{"name":"Gayi Diawara","@id":"https:\/\/lequotidien.mr\/#\/schema\/person\/1077c8abd5640a6514b909318d271dee"},"headline":"Proc\u00e8s de Ould Abdel Aziz : les avocats Cir\u00e9 Cl\u00e9dor Ly et Lo Gourmo sur la saisine du conseil constitutionnel","datePublished":"2023-02-14T16:49:12+00:00","mainEntityOfPage":{"@id":"https:\/\/lequotidien.mr\/?p=4830&lang=fr"},"wordCount":391,"commentCount":0,"publisher":{"@id":"https:\/\/lequotidien.mr\/#organization"},"image":{"@id":"https:\/\/lequotidien.mr\/?p=4830&lang=fr#primaryimage"},"thumbnailUrl":"https:\/\/lequotidien.mr\/wp-content\/uploads\/2023\/02\/gourmo_cire_000001.jpg","articleSection":["ACTUALIT\u00c9"],"inLanguage":"ar","potentialAction":[{"@type":"CommentAction","name":"Comment","target":["https:\/\/lequotidien.mr\/?p=4830&lang=fr#respond"]}]},{"@type":"WebPage","@id":"https:\/\/lequotidien.mr\/?p=4830&lang=fr","url":"https:\/\/lequotidien.mr\/?p=4830&lang=fr","name":"Proc\u00e8s de Ould Abdel Aziz : les avocats Cir\u00e9 Cl\u00e9dor Ly et Lo Gourmo sur la saisine du conseil constitutionnel - Le Quotidien de Nouakchott","isPartOf":{"@id":"https:\/\/lequotidien.mr\/#website"},"primaryImageOfPage":{"@id":"https:\/\/lequotidien.mr\/?p=4830&lang=fr#primaryimage"},"image":{"@id":"https:\/\/lequotidien.mr\/?p=4830&lang=fr#primaryimage"},"thumbnailUrl":"https:\/\/lequotidien.mr\/wp-content\/uploads\/2023\/02\/gourmo_cire_000001.jpg","datePublished":"2023-02-14T16:49:12+00:00","breadcrumb":{"@id":"https:\/\/lequotidien.mr\/?p=4830&lang=fr#breadcrumb"},"inLanguage":"ar","potentialAction":[{"@type":"ReadAction","target":["https:\/\/lequotidien.mr\/?p=4830&lang=fr"]}]},{"@type":"ImageObject","inLanguage":"ar","@id":"https:\/\/lequotidien.mr\/?p=4830&lang=fr#primaryimage","url":"https:\/\/lequotidien.mr\/wp-content\/uploads\/2023\/02\/gourmo_cire_000001.jpg","contentUrl":"https:\/\/lequotidien.mr\/wp-content\/uploads\/2023\/02\/gourmo_cire_000001.jpg","width":522,"height":349},{"@type":"BreadcrumbList","@id":"https:\/\/lequotidien.mr\/?p=4830&lang=fr#breadcrumb","itemListElement":[{"@type":"ListItem","position":1,"name":"Home","item":"https:\/\/lequotidien.mr\/"},{"@type":"ListItem","position":2,"name":"Proc\u00e8s de Ould Abdel Aziz : les avocats Cir\u00e9 Cl\u00e9dor Ly et Lo Gourmo sur la saisine du conseil constitutionnel"}]},{"@type":"WebSite","@id":"https:\/\/lequotidien.mr\/#website","url":"https:\/\/lequotidien.mr\/","name":"Le Quotidien de Nouakchott","description":"\u0625\u062e\u0628\u0627\u0631\u064a\u0629 \u0645\u0633\u062a\u0642\u0644\u0629 \u0644\u0644\u0623\u0646\u0628\u0627\u0621 \u0627\u0644\u0639\u0627\u0645\u0629","publisher":{"@id":"https:\/\/lequotidien.mr\/#organization"},"potentialAction":[{"@type":"SearchAction","target":{"@type":"EntryPoint","urlTemplate":"https:\/\/lequotidien.mr\/?s={search_term_string}"},"query-input":{"@type":"PropertyValueSpecification","valueRequired":true,"valueName":"search_term_string"}}],"inLanguage":"ar"},{"@type":"Organization","@id":"https:\/\/lequotidien.mr\/#organization","name":"Le Quotidien de Nouakchott","url":"https:\/\/lequotidien.mr\/","logo":{"@type":"ImageObject","inLanguage":"ar","@id":"https:\/\/lequotidien.mr\/#\/schema\/logo\/image\/","url":"https:\/\/lequotidien.mr\/wp-content\/uploads\/2022\/11\/logolequotidien.jpg","contentUrl":"https:\/\/lequotidien.mr\/wp-content\/uploads\/2022\/11\/logolequotidien.jpg","width":290,"height":65,"caption":"Le Quotidien de Nouakchott"},"image":{"@id":"https:\/\/lequotidien.mr\/#\/schema\/logo\/image\/"},"sameAs":["https:\/\/web.facebook.com\/lequotidienmr","https:\/\/x.com\/lequotidienmr"]},{"@type":"Person","@id":"https:\/\/lequotidien.mr\/#\/schema\/person\/1077c8abd5640a6514b909318d271dee","name":"Gayi Diawara","image":{"@type":"ImageObject","inLanguage":"ar","@id":"https:\/\/secure.gravatar.com\/avatar\/63ea8db1e19a6d2d608b24c0f78b5f3a7d6e0bc11959fec273410af333e4d0ac?s=96&d=mm&r=g","url":"https:\/\/secure.gravatar.com\/avatar\/63ea8db1e19a6d2d608b24c0f78b5f3a7d6e0bc11959fec273410af333e4d0ac?s=96&d=mm&r=g","contentUrl":"https:\/\/secure.gravatar.com\/avatar\/63ea8db1e19a6d2d608b24c0f78b5f3a7d6e0bc11959fec273410af333e4d0ac?s=96&d=mm&r=g","caption":"Gayi Diawara"},"sameAs":["http:\/\/lequotidien.mr"],"url":"https:\/\/lequotidien.mr\/?author=5"}]}},"_links":{"self":[{"href":"https:\/\/lequotidien.mr\/index.php?rest_route=\/wp\/v2\/posts\/4830","targetHints":{"allow":["GET"]}}],"collection":[{"href":"https:\/\/lequotidien.mr\/index.php?rest_route=\/wp\/v2\/posts"}],"about":[{"href":"https:\/\/lequotidien.mr\/index.php?rest_route=\/wp\/v2\/types\/post"}],"author":[{"embeddable":true,"href":"https:\/\/lequotidien.mr\/index.php?rest_route=\/wp\/v2\/users\/5"}],"replies":[{"embeddable":true,"href":"https:\/\/lequotidien.mr\/index.php?rest_route=%2Fwp%2Fv2%2Fcomments&post=4830"}],"version-history":[{"count":1,"href":"https:\/\/lequotidien.mr\/index.php?rest_route=\/wp\/v2\/posts\/4830\/revisions"}],"predecessor-version":[{"id":4832,"href":"https:\/\/lequotidien.mr\/index.php?rest_route=\/wp\/v2\/posts\/4830\/revisions\/4832"}],"wp:featuredmedia":[{"embeddable":true,"href":"https:\/\/lequotidien.mr\/index.php?rest_route=\/wp\/v2\/media\/4831"}],"wp:attachment":[{"href":"https:\/\/lequotidien.mr\/index.php?rest_route=%2Fwp%2Fv2%2Fmedia&parent=4830"}],"wp:term":[{"taxonomy":"category","embeddable":true,"href":"https:\/\/lequotidien.mr\/index.php?rest_route=%2Fwp%2Fv2%2Fcategories&post=4830"},{"taxonomy":"post_tag","embeddable":true,"href":"https:\/\/lequotidien.mr\/index.php?rest_route=%2Fwp%2Fv2%2Ftags&post=4830"}],"curies":[{"name":"wp","href":"https:\/\/api.w.org\/{rel}","templated":true}]}}