{"id":4725,"date":"2023-02-13T01:44:29","date_gmt":"2023-02-13T01:44:29","guid":{"rendered":"https:\/\/lequotidien.mr\/?p=4725"},"modified":"2023-02-13T01:44:29","modified_gmt":"2023-02-13T01:44:29","slug":"editorial-meurtre-de-soufi-les-presumes-assassins-derriere-les-verrous","status":"publish","type":"post","link":"https:\/\/lequotidien.mr\/?p=4725&lang=fr","title":{"rendered":"Editorial | Meurtre de Soufi : Les pr\u00e9sum\u00e9s assassins derri\u00e8re les verrous"},"content":{"rendered":"<p>Initiatives News &#8211; L\u2019assassinat crapuleux du jeune militant des droits de l\u2019homme Soufi Ould Cheine, mort sous la torture le 09 f\u00e9vrier dans les locaux du commissariat 2 de Dar Naim, continue \u00e0 susciter une vague d\u2019indignation populaire.<\/p>\n<p>L\u2019autopsie pratiqu\u00e9e hier soir a mis en exergue d\u2019importants s\u00e9vices sur le corps de la victime et dans sa d\u00e9claration \u00e0 la presse le Procureur de la R\u00e9publique de la Wilaya de Nouachott Nord a reconnu le crime et annonc\u00e9 dans la foul\u00e9e l\u2019arrestation des auteurs pr\u00e9sum\u00e9s. Il s\u2019agit du commissaire en poste dans le tristement c\u00e9l\u00e8bre commissariat et 6 de ses subordonn\u00e9s.<\/p>\n<p>Avec ce nouveau d\u00e9veloppement l\u2019enqu\u00eate devrait s\u2019acc\u00e9l\u00e9rer afin d\u2019\u00e9clairer l\u2019opinion sur les tenants et les aboutissants de cette affaire.<\/p>\n<p>Si les auteurs ont \u00e9t\u00e9 pratiquement d\u00e9masqu\u00e9s il reste \u00e0 savoir qui est le commanditaire de ce meurtre sordide ?<\/p>\n<p>C\u2019est la question que se posent la famille du d\u00e9funt et toute l\u2019opinion qui sont d\u00e9cid\u00e9s \u00e0 maintenir la pression pour savoir toute la v\u00e9rit\u00e9.<\/p>\n<p>Il s\u2019agit de s\u2019\u00e9lever avec force contre l\u2019injustice et surtout contre de tels crimes signal\u00e9s de mani\u00e8re r\u00e9currente dans les commissariats et autres lieux de d\u00e9tention.<\/p>\n<p>Cette \u00e9ni\u00e8me bavure de la police a \u00e9t\u00e9 la go\u00fbte qui a fait d\u00e9border le vase. Elle r\u00e9v\u00e8le l\u2019effondrement de l\u2019appareil s\u00e9curitaire.<\/p>\n<p>Elle r\u00e9v\u00e8le \u00e9galement au grand jour que nos commissariats sont devenus des zones de non droit o\u00f9 il devient possible de soumettre les citoyens aux pires s\u00e9vices et de les assassiner au grand jour.<\/p>\n<p>Une v\u00e9ritable catastrophe quand on sait que la mission premi\u00e8re de la police et des autres forces de s\u00e9curit\u00e9 c\u2019est de prot\u00e9ger les personnes et leurs biens.<\/p>\n<p>Sommes-nous devenus une R\u00e9publique banani\u00e8re o\u00f9 les commissariats de police se sont transform\u00e9s en no man\u2019s land o\u00f9 les citoyens et autres r\u00e9sidents sont \u00e0 la merci d\u2019hommes sans foi ni loi ?<\/p>\n<p>C\u2019est en tout cas le lieu de pousser un cri d\u2019alarme pour inviter les plus hautes autorit\u00e9s \u00e0 agir car les agissements de nos policiers constituent une menace pour la s\u00e9curit\u00e9 publique et la paix sociale.<\/p>\n<p>La mobilisation de l\u2019opinion publique et du peuple derri\u00e8re cette affaire rocambolesque est un message clair. Les populations en ont assez et elles l\u2019ont fait savoir en exprimant leur ras-le-bol face aux injustices de plus en plus insoutenables qu\u2019elles subissent de la part de la police et de l\u2019appareil de l\u2019\u00c9tat en g\u00e9n\u00e9ral.<\/p>\n<p>Apr\u00e8s tout nous sommes dans un \u00c9tat de droit et aucun responsable si haut plac\u00e9 soit-il n\u2019a le droit de fouler aux pieds les valeurs de la R\u00e9publique.<\/p>\n<p>Ceux qui se croient tout permis et s\u2019accommodent bien de la loi de la jungle doivent \u00eatre mis hors d\u2019\u00e9tat de nuire.<\/p>\n<p><strong>Bakari Gueye<\/strong><\/p>\n","protected":false},"excerpt":{"rendered":"<p>Initiatives News &#8211; L\u2019assassinat crapuleux du jeune militant des droits de l\u2019homme Soufi Ould Cheine, mort sous la torture le 09 f\u00e9vrier dans les locaux du commissariat 2 de Dar Naim, continue \u00e0 susciter une vague d\u2019indignation populaire. L\u2019autopsie pratiqu\u00e9e hier soir a mis en exergue d\u2019importants s\u00e9vices sur le corps de la victime et&#8230;..<\/p>\n","protected":false},"author":5,"featured_media":4726,"comment_status":"open","ping_status":"open","sticky":false,"template":"","format":"standard","meta":{"footnotes":""},"categories":[23,59],"tags":[],"class_list":["post-4725","post","type-post","status-publish","format-standard","has-post-thumbnail","hentry","category-actualite","category-opinion"],"yoast_head":"<!-- This site is optimized with the Yoast SEO plugin v27.5 - https:\/\/yoast.com\/product\/yoast-seo-wordpress\/ -->\n<title>Editorial | Meurtre de Soufi : Les pr\u00e9sum\u00e9s assassins derri\u00e8re les verrous - Le Quotidien de Nouakchott<\/title>\n<meta name=\"robots\" content=\"index, follow, max-snippet:-1, max-image-preview:large, max-video-preview:-1\" \/>\n<link rel=\"canonical\" href=\"https:\/\/lequotidien.mr\/?p=4725&lang=fr\" \/>\n<meta property=\"og:locale\" content=\"ar_AR\" \/>\n<meta property=\"og:type\" content=\"article\" \/>\n<meta property=\"og:title\" content=\"Editorial | Meurtre de Soufi : Les pr\u00e9sum\u00e9s assassins derri\u00e8re les verrous - Le Quotidien de Nouakchott\" \/>\n<meta property=\"og:description\" content=\"Initiatives News &#8211; L\u2019assassinat crapuleux du jeune militant des droits de l\u2019homme Soufi Ould Cheine, mort sous la torture le 09 f\u00e9vrier dans les locaux du commissariat 2 de Dar Naim, continue \u00e0 susciter une vague d\u2019indignation populaire. L\u2019autopsie pratiqu\u00e9e hier soir a mis en exergue d\u2019importants s\u00e9vices sur le corps de la victime et.....\" \/>\n<meta property=\"og:url\" content=\"https:\/\/lequotidien.mr\/?p=4725&amp;lang=fr\" \/>\n<meta property=\"og:site_name\" content=\"Le Quotidien de Nouakchott\" \/>\n<meta property=\"article:publisher\" content=\"https:\/\/web.facebook.com\/lequotidienmr\" \/>\n<meta property=\"article:published_time\" content=\"2023-02-13T01:44:29+00:00\" \/>\n<meta property=\"og:image\" content=\"https:\/\/lequotidien.mr\/wp-content\/uploads\/2023\/02\/bakary_gaye_55323_e.jpg\" \/>\n\t<meta property=\"og:image:width\" content=\"300\" \/>\n\t<meta property=\"og:image:height\" content=\"200\" \/>\n\t<meta property=\"og:image:type\" content=\"image\/jpeg\" \/>\n<meta name=\"author\" content=\"Gayi Diawara\" \/>\n<meta name=\"twitter:card\" content=\"summary_large_image\" \/>\n<meta name=\"twitter:creator\" content=\"@lequotidienmr\" \/>\n<meta name=\"twitter:site\" content=\"@lequotidienmr\" \/>\n<meta name=\"twitter:label1\" content=\"\u0643\u064f\u062a\u0628 \u0628\u0648\u0627\u0633\u0637\u0629\" \/>\n\t<meta name=\"twitter:data1\" content=\"Gayi Diawara\" \/>\n\t<meta name=\"twitter:label2\" content=\"\u0648\u0642\u062a \u0627\u0644\u0642\u0631\u0627\u0621\u0629 \u0627\u0644\u0645\u064f\u0642\u062f\u0651\u0631\" \/>\n\t<meta name=\"twitter:data2\" content=\"\u062f\u0642\u064a\u0642\u062a\u0627\u0646\" \/>\n<script type=\"application\/ld+json\" class=\"yoast-schema-graph\">{\"@context\":\"https:\\\/\\\/schema.org\",\"@graph\":[{\"@type\":\"Article\",\"@id\":\"https:\\\/\\\/lequotidien.mr\\\/?p=4725&lang=fr#article\",\"isPartOf\":{\"@id\":\"https:\\\/\\\/lequotidien.mr\\\/?p=4725&lang=fr\"},\"author\":{\"name\":\"Gayi Diawara\",\"@id\":\"https:\\\/\\\/lequotidien.mr\\\/#\\\/schema\\\/person\\\/1077c8abd5640a6514b909318d271dee\"},\"headline\":\"Editorial | Meurtre de Soufi : Les pr\u00e9sum\u00e9s assassins derri\u00e8re les verrous\",\"datePublished\":\"2023-02-13T01:44:29+00:00\",\"mainEntityOfPage\":{\"@id\":\"https:\\\/\\\/lequotidien.mr\\\/?p=4725&lang=fr\"},\"wordCount\":530,\"commentCount\":0,\"publisher\":{\"@id\":\"https:\\\/\\\/lequotidien.mr\\\/#organization\"},\"image\":{\"@id\":\"https:\\\/\\\/lequotidien.mr\\\/?p=4725&lang=fr#primaryimage\"},\"thumbnailUrl\":\"https:\\\/\\\/lequotidien.mr\\\/wp-content\\\/uploads\\\/2023\\\/02\\\/bakary_gaye_55323_e.jpg\",\"articleSection\":[\"ACTUALIT\u00c9\",\"Opinion\"],\"inLanguage\":\"ar\",\"potentialAction\":[{\"@type\":\"CommentAction\",\"name\":\"Comment\",\"target\":[\"https:\\\/\\\/lequotidien.mr\\\/?p=4725&lang=fr#respond\"]}]},{\"@type\":\"WebPage\",\"@id\":\"https:\\\/\\\/lequotidien.mr\\\/?p=4725&lang=fr\",\"url\":\"https:\\\/\\\/lequotidien.mr\\\/?p=4725&lang=fr\",\"name\":\"Editorial | Meurtre de Soufi : Les pr\u00e9sum\u00e9s assassins derri\u00e8re les verrous - Le Quotidien de Nouakchott\",\"isPartOf\":{\"@id\":\"https:\\\/\\\/lequotidien.mr\\\/#website\"},\"primaryImageOfPage\":{\"@id\":\"https:\\\/\\\/lequotidien.mr\\\/?p=4725&lang=fr#primaryimage\"},\"image\":{\"@id\":\"https:\\\/\\\/lequotidien.mr\\\/?p=4725&lang=fr#primaryimage\"},\"thumbnailUrl\":\"https:\\\/\\\/lequotidien.mr\\\/wp-content\\\/uploads\\\/2023\\\/02\\\/bakary_gaye_55323_e.jpg\",\"datePublished\":\"2023-02-13T01:44:29+00:00\",\"breadcrumb\":{\"@id\":\"https:\\\/\\\/lequotidien.mr\\\/?p=4725&lang=fr#breadcrumb\"},\"inLanguage\":\"ar\",\"potentialAction\":[{\"@type\":\"ReadAction\",\"target\":[\"https:\\\/\\\/lequotidien.mr\\\/?p=4725&lang=fr\"]}]},{\"@type\":\"ImageObject\",\"inLanguage\":\"ar\",\"@id\":\"https:\\\/\\\/lequotidien.mr\\\/?p=4725&lang=fr#primaryimage\",\"url\":\"https:\\\/\\\/lequotidien.mr\\\/wp-content\\\/uploads\\\/2023\\\/02\\\/bakary_gaye_55323_e.jpg\",\"contentUrl\":\"https:\\\/\\\/lequotidien.mr\\\/wp-content\\\/uploads\\\/2023\\\/02\\\/bakary_gaye_55323_e.jpg\",\"width\":300,\"height\":200},{\"@type\":\"BreadcrumbList\",\"@id\":\"https:\\\/\\\/lequotidien.mr\\\/?p=4725&lang=fr#breadcrumb\",\"itemListElement\":[{\"@type\":\"ListItem\",\"position\":1,\"name\":\"Home\",\"item\":\"https:\\\/\\\/lequotidien.mr\\\/\"},{\"@type\":\"ListItem\",\"position\":2,\"name\":\"Editorial | Meurtre de Soufi : Les pr\u00e9sum\u00e9s assassins derri\u00e8re les verrous\"}]},{\"@type\":\"WebSite\",\"@id\":\"https:\\\/\\\/lequotidien.mr\\\/#website\",\"url\":\"https:\\\/\\\/lequotidien.mr\\\/\",\"name\":\"Le Quotidien de Nouakchott\",\"description\":\"\u0625\u062e\u0628\u0627\u0631\u064a\u0629 \u0645\u0633\u062a\u0642\u0644\u0629 \u0644\u0644\u0623\u0646\u0628\u0627\u0621 \u0627\u0644\u0639\u0627\u0645\u0629\",\"publisher\":{\"@id\":\"https:\\\/\\\/lequotidien.mr\\\/#organization\"},\"potentialAction\":[{\"@type\":\"SearchAction\",\"target\":{\"@type\":\"EntryPoint\",\"urlTemplate\":\"https:\\\/\\\/lequotidien.mr\\\/?s={search_term_string}\"},\"query-input\":{\"@type\":\"PropertyValueSpecification\",\"valueRequired\":true,\"valueName\":\"search_term_string\"}}],\"inLanguage\":\"ar\"},{\"@type\":\"Organization\",\"@id\":\"https:\\\/\\\/lequotidien.mr\\\/#organization\",\"name\":\"Le Quotidien de Nouakchott\",\"url\":\"https:\\\/\\\/lequotidien.mr\\\/\",\"logo\":{\"@type\":\"ImageObject\",\"inLanguage\":\"ar\",\"@id\":\"https:\\\/\\\/lequotidien.mr\\\/#\\\/schema\\\/logo\\\/image\\\/\",\"url\":\"https:\\\/\\\/lequotidien.mr\\\/wp-content\\\/uploads\\\/2022\\\/11\\\/logolequotidien.jpg\",\"contentUrl\":\"https:\\\/\\\/lequotidien.mr\\\/wp-content\\\/uploads\\\/2022\\\/11\\\/logolequotidien.jpg\",\"width\":290,\"height\":65,\"caption\":\"Le Quotidien de Nouakchott\"},\"image\":{\"@id\":\"https:\\\/\\\/lequotidien.mr\\\/#\\\/schema\\\/logo\\\/image\\\/\"},\"sameAs\":[\"https:\\\/\\\/web.facebook.com\\\/lequotidienmr\",\"https:\\\/\\\/x.com\\\/lequotidienmr\"]},{\"@type\":\"Person\",\"@id\":\"https:\\\/\\\/lequotidien.mr\\\/#\\\/schema\\\/person\\\/1077c8abd5640a6514b909318d271dee\",\"name\":\"Gayi Diawara\",\"image\":{\"@type\":\"ImageObject\",\"inLanguage\":\"ar\",\"@id\":\"https:\\\/\\\/secure.gravatar.com\\\/avatar\\\/63ea8db1e19a6d2d608b24c0f78b5f3a7d6e0bc11959fec273410af333e4d0ac?s=96&d=mm&r=g\",\"url\":\"https:\\\/\\\/secure.gravatar.com\\\/avatar\\\/63ea8db1e19a6d2d608b24c0f78b5f3a7d6e0bc11959fec273410af333e4d0ac?s=96&d=mm&r=g\",\"contentUrl\":\"https:\\\/\\\/secure.gravatar.com\\\/avatar\\\/63ea8db1e19a6d2d608b24c0f78b5f3a7d6e0bc11959fec273410af333e4d0ac?s=96&d=mm&r=g\",\"caption\":\"Gayi Diawara\"},\"sameAs\":[\"http:\\\/\\\/lequotidien.mr\"],\"url\":\"https:\\\/\\\/lequotidien.mr\\\/?author=5\"}]}<\/script>\n<!-- \/ Yoast SEO plugin. -->","yoast_head_json":{"title":"Editorial | Meurtre de Soufi : Les pr\u00e9sum\u00e9s assassins derri\u00e8re les verrous - Le Quotidien de Nouakchott","robots":{"index":"index","follow":"follow","max-snippet":"max-snippet:-1","max-image-preview":"max-image-preview:large","max-video-preview":"max-video-preview:-1"},"canonical":"https:\/\/lequotidien.mr\/?p=4725&lang=fr","og_locale":"ar_AR","og_type":"article","og_title":"Editorial | Meurtre de Soufi : Les pr\u00e9sum\u00e9s assassins derri\u00e8re les verrous - Le Quotidien de Nouakchott","og_description":"Initiatives News &#8211; L\u2019assassinat crapuleux du jeune militant des droits de l\u2019homme Soufi Ould Cheine, mort sous la torture le 09 f\u00e9vrier dans les locaux du commissariat 2 de Dar Naim, continue \u00e0 susciter une vague d\u2019indignation populaire. L\u2019autopsie pratiqu\u00e9e hier soir a mis en exergue d\u2019importants s\u00e9vices sur le corps de la victime et.....","og_url":"https:\/\/lequotidien.mr\/?p=4725&lang=fr","og_site_name":"Le Quotidien de Nouakchott","article_publisher":"https:\/\/web.facebook.com\/lequotidienmr","article_published_time":"2023-02-13T01:44:29+00:00","og_image":[{"width":300,"height":200,"url":"https:\/\/lequotidien.mr\/wp-content\/uploads\/2023\/02\/bakary_gaye_55323_e.jpg","type":"image\/jpeg"}],"author":"Gayi Diawara","twitter_card":"summary_large_image","twitter_creator":"@lequotidienmr","twitter_site":"@lequotidienmr","twitter_misc":{"\u0643\u064f\u062a\u0628 \u0628\u0648\u0627\u0633\u0637\u0629":"Gayi Diawara","\u0648\u0642\u062a \u0627\u0644\u0642\u0631\u0627\u0621\u0629 \u0627\u0644\u0645\u064f\u0642\u062f\u0651\u0631":"\u062f\u0642\u064a\u0642\u062a\u0627\u0646"},"schema":{"@context":"https:\/\/schema.org","@graph":[{"@type":"Article","@id":"https:\/\/lequotidien.mr\/?p=4725&lang=fr#article","isPartOf":{"@id":"https:\/\/lequotidien.mr\/?p=4725&lang=fr"},"author":{"name":"Gayi Diawara","@id":"https:\/\/lequotidien.mr\/#\/schema\/person\/1077c8abd5640a6514b909318d271dee"},"headline":"Editorial | Meurtre de Soufi : Les pr\u00e9sum\u00e9s assassins derri\u00e8re les verrous","datePublished":"2023-02-13T01:44:29+00:00","mainEntityOfPage":{"@id":"https:\/\/lequotidien.mr\/?p=4725&lang=fr"},"wordCount":530,"commentCount":0,"publisher":{"@id":"https:\/\/lequotidien.mr\/#organization"},"image":{"@id":"https:\/\/lequotidien.mr\/?p=4725&lang=fr#primaryimage"},"thumbnailUrl":"https:\/\/lequotidien.mr\/wp-content\/uploads\/2023\/02\/bakary_gaye_55323_e.jpg","articleSection":["ACTUALIT\u00c9","Opinion"],"inLanguage":"ar","potentialAction":[{"@type":"CommentAction","name":"Comment","target":["https:\/\/lequotidien.mr\/?p=4725&lang=fr#respond"]}]},{"@type":"WebPage","@id":"https:\/\/lequotidien.mr\/?p=4725&lang=fr","url":"https:\/\/lequotidien.mr\/?p=4725&lang=fr","name":"Editorial | Meurtre de Soufi : Les pr\u00e9sum\u00e9s assassins derri\u00e8re les verrous - Le Quotidien de Nouakchott","isPartOf":{"@id":"https:\/\/lequotidien.mr\/#website"},"primaryImageOfPage":{"@id":"https:\/\/lequotidien.mr\/?p=4725&lang=fr#primaryimage"},"image":{"@id":"https:\/\/lequotidien.mr\/?p=4725&lang=fr#primaryimage"},"thumbnailUrl":"https:\/\/lequotidien.mr\/wp-content\/uploads\/2023\/02\/bakary_gaye_55323_e.jpg","datePublished":"2023-02-13T01:44:29+00:00","breadcrumb":{"@id":"https:\/\/lequotidien.mr\/?p=4725&lang=fr#breadcrumb"},"inLanguage":"ar","potentialAction":[{"@type":"ReadAction","target":["https:\/\/lequotidien.mr\/?p=4725&lang=fr"]}]},{"@type":"ImageObject","inLanguage":"ar","@id":"https:\/\/lequotidien.mr\/?p=4725&lang=fr#primaryimage","url":"https:\/\/lequotidien.mr\/wp-content\/uploads\/2023\/02\/bakary_gaye_55323_e.jpg","contentUrl":"https:\/\/lequotidien.mr\/wp-content\/uploads\/2023\/02\/bakary_gaye_55323_e.jpg","width":300,"height":200},{"@type":"BreadcrumbList","@id":"https:\/\/lequotidien.mr\/?p=4725&lang=fr#breadcrumb","itemListElement":[{"@type":"ListItem","position":1,"name":"Home","item":"https:\/\/lequotidien.mr\/"},{"@type":"ListItem","position":2,"name":"Editorial | Meurtre de Soufi : Les pr\u00e9sum\u00e9s assassins derri\u00e8re les verrous"}]},{"@type":"WebSite","@id":"https:\/\/lequotidien.mr\/#website","url":"https:\/\/lequotidien.mr\/","name":"Le Quotidien de Nouakchott","description":"\u0625\u062e\u0628\u0627\u0631\u064a\u0629 \u0645\u0633\u062a\u0642\u0644\u0629 \u0644\u0644\u0623\u0646\u0628\u0627\u0621 \u0627\u0644\u0639\u0627\u0645\u0629","publisher":{"@id":"https:\/\/lequotidien.mr\/#organization"},"potentialAction":[{"@type":"SearchAction","target":{"@type":"EntryPoint","urlTemplate":"https:\/\/lequotidien.mr\/?s={search_term_string}"},"query-input":{"@type":"PropertyValueSpecification","valueRequired":true,"valueName":"search_term_string"}}],"inLanguage":"ar"},{"@type":"Organization","@id":"https:\/\/lequotidien.mr\/#organization","name":"Le Quotidien de Nouakchott","url":"https:\/\/lequotidien.mr\/","logo":{"@type":"ImageObject","inLanguage":"ar","@id":"https:\/\/lequotidien.mr\/#\/schema\/logo\/image\/","url":"https:\/\/lequotidien.mr\/wp-content\/uploads\/2022\/11\/logolequotidien.jpg","contentUrl":"https:\/\/lequotidien.mr\/wp-content\/uploads\/2022\/11\/logolequotidien.jpg","width":290,"height":65,"caption":"Le Quotidien de Nouakchott"},"image":{"@id":"https:\/\/lequotidien.mr\/#\/schema\/logo\/image\/"},"sameAs":["https:\/\/web.facebook.com\/lequotidienmr","https:\/\/x.com\/lequotidienmr"]},{"@type":"Person","@id":"https:\/\/lequotidien.mr\/#\/schema\/person\/1077c8abd5640a6514b909318d271dee","name":"Gayi Diawara","image":{"@type":"ImageObject","inLanguage":"ar","@id":"https:\/\/secure.gravatar.com\/avatar\/63ea8db1e19a6d2d608b24c0f78b5f3a7d6e0bc11959fec273410af333e4d0ac?s=96&d=mm&r=g","url":"https:\/\/secure.gravatar.com\/avatar\/63ea8db1e19a6d2d608b24c0f78b5f3a7d6e0bc11959fec273410af333e4d0ac?s=96&d=mm&r=g","contentUrl":"https:\/\/secure.gravatar.com\/avatar\/63ea8db1e19a6d2d608b24c0f78b5f3a7d6e0bc11959fec273410af333e4d0ac?s=96&d=mm&r=g","caption":"Gayi Diawara"},"sameAs":["http:\/\/lequotidien.mr"],"url":"https:\/\/lequotidien.mr\/?author=5"}]}},"_links":{"self":[{"href":"https:\/\/lequotidien.mr\/index.php?rest_route=\/wp\/v2\/posts\/4725","targetHints":{"allow":["GET"]}}],"collection":[{"href":"https:\/\/lequotidien.mr\/index.php?rest_route=\/wp\/v2\/posts"}],"about":[{"href":"https:\/\/lequotidien.mr\/index.php?rest_route=\/wp\/v2\/types\/post"}],"author":[{"embeddable":true,"href":"https:\/\/lequotidien.mr\/index.php?rest_route=\/wp\/v2\/users\/5"}],"replies":[{"embeddable":true,"href":"https:\/\/lequotidien.mr\/index.php?rest_route=%2Fwp%2Fv2%2Fcomments&post=4725"}],"version-history":[{"count":1,"href":"https:\/\/lequotidien.mr\/index.php?rest_route=\/wp\/v2\/posts\/4725\/revisions"}],"predecessor-version":[{"id":4727,"href":"https:\/\/lequotidien.mr\/index.php?rest_route=\/wp\/v2\/posts\/4725\/revisions\/4727"}],"wp:featuredmedia":[{"embeddable":true,"href":"https:\/\/lequotidien.mr\/index.php?rest_route=\/wp\/v2\/media\/4726"}],"wp:attachment":[{"href":"https:\/\/lequotidien.mr\/index.php?rest_route=%2Fwp%2Fv2%2Fmedia&parent=4725"}],"wp:term":[{"taxonomy":"category","embeddable":true,"href":"https:\/\/lequotidien.mr\/index.php?rest_route=%2Fwp%2Fv2%2Fcategories&post=4725"},{"taxonomy":"post_tag","embeddable":true,"href":"https:\/\/lequotidien.mr\/index.php?rest_route=%2Fwp%2Fv2%2Ftags&post=4725"}],"curies":[{"name":"wp","href":"https:\/\/api.w.org\/{rel}","templated":true}]}}