{"id":4697,"date":"2023-02-11T16:31:47","date_gmt":"2023-02-11T16:31:47","guid":{"rendered":"https:\/\/lequotidien.mr\/?p=4697"},"modified":"2023-02-11T16:31:47","modified_gmt":"2023-02-11T16:31:47","slug":"interview-exclusive-avec-ousmane-mamoudou-kane-ministre-mauritanien-des-affaires-economiques","status":"publish","type":"post","link":"https:\/\/lequotidien.mr\/?p=4697&lang=fr","title":{"rendered":"Interview exclusive avec Ousmane Mamoudou KANE, Ministre mauritanien des affaires \u00e9conomiques"},"content":{"rendered":"<p>Financial Afrik &#8211; Dipl\u00f4m\u00e9 de l\u2019Ecole Polytechnique de Paris, Kane Ousmane a occup\u00e9 plusieurs fonctions prestigieuses au niveau international et national.<\/p>\n<p>Ancien vice- pr\u00e9sident de la Banque Africaine de D\u00e9veloppement, Gouverneur de la Banque Centrale de Mauritanie puis ministre des Finances, l\u2019\u00e9conomiste a aujourd\u2019hui en charge le minist\u00e8re de l\u2019Economie et de la Promotion des Secteurs Productifs. Dans cet entretien, il est question des perspectives et des performances \u00e9conomiques de la Mauritanie.<\/p>\n<p><strong>Malgr\u00e9 l\u2019impact de la pand\u00e9mie, qui a entrain\u00e9 une r\u00e9cession en 2020, la situation macro\u00e9conomique de la Mauritanie est relativement bonne, avec des perspectives positives \u00e0 court et moyen terme. Quel est donc le niveau d\u2019endettement du pays?<\/strong><\/p>\n<p>Nous souhaitons toujours mieux, beaucoup mieux pour nos pays. Les niveaux de pauvret\u00e9 qui y pr\u00e9valent, les besoins en services de base de nos concitoyens, les effets des diff\u00e9rents chocs exog\u00e8nes de ces derni\u00e8res ann\u00e9es font que nous devons maintenir nos efforts et demeurer vigilants pour garder la ma\u00eetrise des fondamentaux de nos \u00e9conomies. S\u2019agissant de la Mauritanie, nous nous f\u00e9licitons du taux de croissance de 5,3% pr\u00e9vu en 2022 mais nous ne pouvons-nous en satisfaire. Pour ce qui est du niveau d\u2019endettement de la Mauritanie, il faut rappeler que, tr\u00e8s t\u00f4t, le Pr\u00e9sident Mohamed Ould Cheikh El Ghazouani a fait de la saine gestion de la dette mauritanienne une priorit\u00e9. Gr\u00e2ce aux efforts internes d\u2019une part et \u00e0 l\u2019appui de certains partenaires d\u2019autre part, elle est estim\u00e9e \u00e0 42% du PIB en 2022. Le plus important est que la viabilit\u00e9 de cette dette devrait passer d\u2019un risque de surendettement \u00ab Elev\u00e9 \u00bb \u00e0 \u00ab Mod\u00e9r\u00e9 \u00bb.<\/p>\n<p><strong>Vous avez r\u00e9cemment sign\u00e9 une convention d\u2019investissement d\u2019environ 500 millions de dollars avec un groupe am\u00e9ricain en marge du sommet USA-Afrique. Pouvez-vous revenir sur l\u2019objet de cette entente ?<\/strong><\/p>\n<p>A l\u2019instar de plusieurs pays africains, la Mauritanie fait de la s\u00e9curit\u00e9 alimentaire une priorit\u00e9. En 2021, le Gouvernement a adopt\u00e9 une nouvelle approche en vue de la valorisation de son foncier rural. Il s\u2019agit de mettre en places des partenariats entre les communaut\u00e9s locales et des investisseurs priv\u00e9s disposant des capitaux et de l\u2019expertise n\u00e9cessaires \u00e0 la mise en valeur des terres. L\u2019Etat intervient comme garant du respect des engagements pris par les uns et les autres. A Washington, le 16 d\u00e9cembre dernier, nous avons eu le plaisir de signer le premier accord dans ce sens : une soci\u00e9t\u00e9 am\u00e9ricaine se met d\u2019accord avec une GIE mauritanienne pour valoriser 2.000 ha (extensibles), suivant des termes globalement avantageux pour chacune des parties. L\u2019intention du Gouvernement est, aux c\u00f4t\u00e9s des petits am\u00e9nagements agricoles qui continueront \u00e0 b\u00e9n\u00e9ficier de l\u2019aide publique, de multiplier de tels accords. Nous nous sommes organis\u00e9s \u00e0 cet effet. L\u2019existence d\u2019un potentiel foncier et hydrique important, l\u2019int\u00e9r\u00eat manifest\u00e9 par plusieurs investisseurs nationaux et internationaux et l\u2019adh\u00e9sion progressive des communaut\u00e9s locales nous font croire que cette approche du Gouvernement contribuera \u00e0 un changement significatif de l\u2019agriculture mauritanienne.<\/p>\n<p><strong>Quel pourrait \u00eatre son impact social et \u00e9conomique \u00e0 court, moyen et long terme ?<\/strong><\/p>\n<p>Il est reconnu que plusieurs pays africains, dont la Mauritanie, disposent de superficies importantes de terre arable, de l\u2019eau et des conditions climatiques n\u00e9cessaires pour nourrir bien plus que leur population. Comme le reste du continent, la Mauritanie manque de capitaux, d\u2019expertise, tout comme elle a longtemps manqu\u00e9 de la gouvernance n\u00e9cessaire \u00e0 une valorisation optimale et durable de ce potentiel. L\u2019accord sign\u00e9 \u00e0 Washington est la preuve que le mode de gouvernance mis en place par le Gouvernement mauritanien est suffisamment rassurant pour amener les communaut\u00e9s locales et des investisseurs priv\u00e9s \u00e0 s\u2019entendre pour un partenariat de longue dur\u00e9e, avec des volumes importants d\u2019investissement (en commen\u00e7ant par 30 M US$ d\u00e8s 2023). Si, comme nous l\u2019esp\u00e9rons, ce mode de partenariat se r\u00e9pand sur plusieurs zones cultivables du pays, la croissance \u00e9conomique du pays, l\u2019emploi, la balance des paiements et le taux de s\u00e9curit\u00e9 alimentaire en b\u00e9n\u00e9ficieraient grandement. C\u2019est aussi une excellente mani\u00e8re de fixer les populations dans leurs terroirs, et d\u2019apaiser les querelles r\u00e9currentes autour des terres. Vous le voyez, il s\u2019agit d\u2019une r\u00e9forme majeure.<\/p>\n<p><strong>La Mauritanie se pr\u00e9pare pour ses premi\u00e8res exportations du projet de gisement de gaz naturel Grand Tortue\/Ahmeyin (GTA). Qu\u2019en est-il du fonds d\u00e9di\u00e9 aux hydrocarbures ? Quel pourrait \u00eatre son utilit\u00e9 aujourd\u2019hui et pour les g\u00e9n\u00e9rations futures ?<\/strong><\/p>\n<p>Le Fonds National des Revenus des Hydrocarbures (FNRH) a \u00e9t\u00e9 mis en place par le Gouvernement en 2008 pour recueillir les revenus de l\u2019Etat g\u00e9n\u00e9r\u00e9s par les activit\u00e9s dans le domaine des hydrocarbures. Il s\u2019agit d\u2019un fonds d\u2019\u00e9pargne qui contribue en partie au financement du d\u00e9ficit du budget, le reste \u00e9tant investi sur les march\u00e9s internationaux. Sa gestion est encadr\u00e9e par un syst\u00e8me de gouvernance que nous jugeons satisfaisant. La tr\u00e8s prochaine mise en exploitation du gisement de gaz GTA devrait apporter des ressources nouvelles substantielles au Fonds. Cette perspective ne devrait cependant pas changer les raisons qui ont conduit \u00e0 la cr\u00e9ation du FNRH. La deuxi\u00e8me partie de votre question sugg\u00e8re que le surplus d\u2019actif \u00e0 investir devrait \u00eatre tr\u00e8s important. Nous le souhaitons. Mais cela ne justifierait pas le changement de la formule actuelle.<\/p>\n<p><strong>La Mauritanie cherche \u00e0 avoir une natation financi\u00e8re qui lui permettra de mesurer sa solvabilit\u00e9. Est ce qu\u2019une volont\u00e9 ou politique de s\u2019ouvrir beaucoup plus aux argentiers pour financer les projets en perspective ?<\/strong><\/p>\n<p>La Mauritanie cherche tout simplement \u00e0 mieux s\u2019int\u00e9grer dans le syst\u00e8me financier international et, au besoin, \u00e0 en tirer les avantages.<\/p>\n<p><strong>Quels sont les perspectives \u00e9conomiques de la Mauritanie \u00e0 l\u2019horizon 2030?<\/strong><\/p>\n<p>Il a \u00e9t\u00e9 dit plus haut que la dette mauritanienne n\u2019est d\u00e9sormais plus un boulet m\u00eame s\u2019il faut continuer \u00e0 la surveiller, que les r\u00e9formes introduites dans le mode de gestion du foncier rural offre de tr\u00e8s bonnes perspectives pour la croissance et l\u2019emploi, que l\u2019imminente entr\u00e9e en production du gisement gazier de GTA apporterait d\u2019importantes ressources au Tr\u00e9sor Public. A cela il faut ajouter, la volont\u00e9 du Gouvernement et les d\u00e9cisions d\u00e9j\u00e0 prises pour moderniser l\u2019\u00e9levage et la p\u00eache, d\u2019augmenter la production mini\u00e8re (fer, or, uranium), de d\u00e9velopper la fili\u00e8re Hydrog\u00e8ne Vert, de davantage s\u2019ouvrir \u00e0 l\u2019investissement priv\u00e9, de poursuivre les r\u00e9formes sur le capital humain (investissements importants dans l\u2019Education Nationale et la Formation Professionnelle) et la bonne gouvernance, etc\u2026 Disons que la Mauritanie se met dor\u00e9navant en position de tirer profit de ses nombreuses et importantes potentialit\u00e9s \u00e9conomiques. Certes, nous sommes vuln\u00e9rables \u00e0 un ensemble de chocs exog\u00e8nes tout \u00e0 fait impr\u00e9visibles, mais, Gr\u00e2ce \u00e0 Dieu, nous avons toutes les raisons d\u2019\u00eatre optimistes pour l\u2019avenir \u00e9conomique de notre pays.<\/p>\n<p>Note: cet entretien est paru dans le Sp\u00e9cial Mauritanie du mois de janvier 2023.<\/p>\n","protected":false},"excerpt":{"rendered":"<p>Financial Afrik &#8211; Dipl\u00f4m\u00e9 de l\u2019Ecole Polytechnique de Paris, Kane Ousmane a occup\u00e9 plusieurs fonctions prestigieuses au niveau international et national. Ancien vice- pr\u00e9sident de la Banque Africaine de D\u00e9veloppement, Gouverneur de la Banque Centrale de Mauritanie puis ministre des Finances, l\u2019\u00e9conomiste a aujourd\u2019hui en charge le minist\u00e8re de l\u2019Economie et de la Promotion des&#8230;..<\/p>\n","protected":false},"author":5,"featured_media":4698,"comment_status":"open","ping_status":"open","sticky":false,"template":"","format":"standard","meta":{"footnotes":""},"categories":[23,49],"tags":[],"class_list":["post-4697","post","type-post","status-publish","format-standard","has-post-thumbnail","hentry","category-actualite","category-economie"],"yoast_head":"<!-- This site is optimized with the Yoast SEO plugin v27.5 - https:\/\/yoast.com\/product\/yoast-seo-wordpress\/ -->\n<title>Interview exclusive avec Ousmane Mamoudou KANE, Ministre mauritanien des affaires \u00e9conomiques - Le Quotidien de Nouakchott<\/title>\n<meta name=\"robots\" content=\"index, follow, max-snippet:-1, max-image-preview:large, max-video-preview:-1\" \/>\n<link rel=\"canonical\" href=\"https:\/\/lequotidien.mr\/?p=4697&lang=fr\" \/>\n<meta property=\"og:locale\" content=\"ar_AR\" \/>\n<meta property=\"og:type\" content=\"article\" \/>\n<meta property=\"og:title\" content=\"Interview exclusive avec Ousmane Mamoudou KANE, Ministre mauritanien des affaires \u00e9conomiques - Le Quotidien de Nouakchott\" \/>\n<meta property=\"og:description\" content=\"Financial Afrik &#8211; Dipl\u00f4m\u00e9 de l\u2019Ecole Polytechnique de Paris, Kane Ousmane a occup\u00e9 plusieurs fonctions prestigieuses au niveau international et national. Ancien vice- pr\u00e9sident de la Banque Africaine de D\u00e9veloppement, Gouverneur de la Banque Centrale de Mauritanie puis ministre des Finances, l\u2019\u00e9conomiste a aujourd\u2019hui en charge le minist\u00e8re de l\u2019Economie et de la Promotion des.....\" \/>\n<meta property=\"og:url\" content=\"https:\/\/lequotidien.mr\/?p=4697&amp;lang=fr\" \/>\n<meta property=\"og:site_name\" content=\"Le Quotidien de Nouakchott\" \/>\n<meta property=\"article:publisher\" content=\"https:\/\/web.facebook.com\/lequotidienmr\" \/>\n<meta property=\"article:published_time\" content=\"2023-02-11T16:31:47+00:00\" \/>\n<meta property=\"og:image\" content=\"https:\/\/lequotidien.mr\/wp-content\/uploads\/2023\/02\/kane_ousmane_zsVFbKH_X2-1.jpg\" \/>\n\t<meta property=\"og:image:width\" content=\"641\" \/>\n\t<meta property=\"og:image:height\" content=\"518\" \/>\n\t<meta property=\"og:image:type\" content=\"image\/jpeg\" \/>\n<meta name=\"author\" content=\"Gayi Diawara\" \/>\n<meta name=\"twitter:card\" content=\"summary_large_image\" \/>\n<meta name=\"twitter:creator\" content=\"@lequotidienmr\" \/>\n<meta name=\"twitter:site\" content=\"@lequotidienmr\" \/>\n<meta name=\"twitter:label1\" content=\"\u0643\u064f\u062a\u0628 \u0628\u0648\u0627\u0633\u0637\u0629\" \/>\n\t<meta name=\"twitter:data1\" content=\"Gayi Diawara\" \/>\n\t<meta name=\"twitter:label2\" content=\"\u0648\u0642\u062a \u0627\u0644\u0642\u0631\u0627\u0621\u0629 \u0627\u0644\u0645\u064f\u0642\u062f\u0651\u0631\" \/>\n\t<meta name=\"twitter:data2\" content=\"5 \u062f\u0642\u0627\u0626\u0642\" \/>\n<script type=\"application\/ld+json\" class=\"yoast-schema-graph\">{\"@context\":\"https:\\\/\\\/schema.org\",\"@graph\":[{\"@type\":\"Article\",\"@id\":\"https:\\\/\\\/lequotidien.mr\\\/?p=4697&lang=fr#article\",\"isPartOf\":{\"@id\":\"https:\\\/\\\/lequotidien.mr\\\/?p=4697&lang=fr\"},\"author\":{\"name\":\"Gayi Diawara\",\"@id\":\"https:\\\/\\\/lequotidien.mr\\\/#\\\/schema\\\/person\\\/1077c8abd5640a6514b909318d271dee\"},\"headline\":\"Interview exclusive avec Ousmane Mamoudou KANE, Ministre mauritanien des affaires \u00e9conomiques\",\"datePublished\":\"2023-02-11T16:31:47+00:00\",\"mainEntityOfPage\":{\"@id\":\"https:\\\/\\\/lequotidien.mr\\\/?p=4697&lang=fr\"},\"wordCount\":1223,\"commentCount\":0,\"publisher\":{\"@id\":\"https:\\\/\\\/lequotidien.mr\\\/#organization\"},\"image\":{\"@id\":\"https:\\\/\\\/lequotidien.mr\\\/?p=4697&lang=fr#primaryimage\"},\"thumbnailUrl\":\"https:\\\/\\\/lequotidien.mr\\\/wp-content\\\/uploads\\\/2023\\\/02\\\/kane_ousmane_zsVFbKH_X2-1.jpg\",\"articleSection\":[\"ACTUALIT\u00c9\",\"Economie\"],\"inLanguage\":\"ar\",\"potentialAction\":[{\"@type\":\"CommentAction\",\"name\":\"Comment\",\"target\":[\"https:\\\/\\\/lequotidien.mr\\\/?p=4697&lang=fr#respond\"]}]},{\"@type\":\"WebPage\",\"@id\":\"https:\\\/\\\/lequotidien.mr\\\/?p=4697&lang=fr\",\"url\":\"https:\\\/\\\/lequotidien.mr\\\/?p=4697&lang=fr\",\"name\":\"Interview exclusive avec Ousmane Mamoudou KANE, Ministre mauritanien des affaires \u00e9conomiques - Le Quotidien de Nouakchott\",\"isPartOf\":{\"@id\":\"https:\\\/\\\/lequotidien.mr\\\/#website\"},\"primaryImageOfPage\":{\"@id\":\"https:\\\/\\\/lequotidien.mr\\\/?p=4697&lang=fr#primaryimage\"},\"image\":{\"@id\":\"https:\\\/\\\/lequotidien.mr\\\/?p=4697&lang=fr#primaryimage\"},\"thumbnailUrl\":\"https:\\\/\\\/lequotidien.mr\\\/wp-content\\\/uploads\\\/2023\\\/02\\\/kane_ousmane_zsVFbKH_X2-1.jpg\",\"datePublished\":\"2023-02-11T16:31:47+00:00\",\"breadcrumb\":{\"@id\":\"https:\\\/\\\/lequotidien.mr\\\/?p=4697&lang=fr#breadcrumb\"},\"inLanguage\":\"ar\",\"potentialAction\":[{\"@type\":\"ReadAction\",\"target\":[\"https:\\\/\\\/lequotidien.mr\\\/?p=4697&lang=fr\"]}]},{\"@type\":\"ImageObject\",\"inLanguage\":\"ar\",\"@id\":\"https:\\\/\\\/lequotidien.mr\\\/?p=4697&lang=fr#primaryimage\",\"url\":\"https:\\\/\\\/lequotidien.mr\\\/wp-content\\\/uploads\\\/2023\\\/02\\\/kane_ousmane_zsVFbKH_X2-1.jpg\",\"contentUrl\":\"https:\\\/\\\/lequotidien.mr\\\/wp-content\\\/uploads\\\/2023\\\/02\\\/kane_ousmane_zsVFbKH_X2-1.jpg\",\"width\":641,\"height\":518},{\"@type\":\"BreadcrumbList\",\"@id\":\"https:\\\/\\\/lequotidien.mr\\\/?p=4697&lang=fr#breadcrumb\",\"itemListElement\":[{\"@type\":\"ListItem\",\"position\":1,\"name\":\"Home\",\"item\":\"https:\\\/\\\/lequotidien.mr\\\/\"},{\"@type\":\"ListItem\",\"position\":2,\"name\":\"Interview exclusive avec Ousmane Mamoudou KANE, Ministre mauritanien des affaires \u00e9conomiques\"}]},{\"@type\":\"WebSite\",\"@id\":\"https:\\\/\\\/lequotidien.mr\\\/#website\",\"url\":\"https:\\\/\\\/lequotidien.mr\\\/\",\"name\":\"Le Quotidien de Nouakchott\",\"description\":\"\u0625\u062e\u0628\u0627\u0631\u064a\u0629 \u0645\u0633\u062a\u0642\u0644\u0629 \u0644\u0644\u0623\u0646\u0628\u0627\u0621 \u0627\u0644\u0639\u0627\u0645\u0629\",\"publisher\":{\"@id\":\"https:\\\/\\\/lequotidien.mr\\\/#organization\"},\"potentialAction\":[{\"@type\":\"SearchAction\",\"target\":{\"@type\":\"EntryPoint\",\"urlTemplate\":\"https:\\\/\\\/lequotidien.mr\\\/?s={search_term_string}\"},\"query-input\":{\"@type\":\"PropertyValueSpecification\",\"valueRequired\":true,\"valueName\":\"search_term_string\"}}],\"inLanguage\":\"ar\"},{\"@type\":\"Organization\",\"@id\":\"https:\\\/\\\/lequotidien.mr\\\/#organization\",\"name\":\"Le Quotidien de Nouakchott\",\"url\":\"https:\\\/\\\/lequotidien.mr\\\/\",\"logo\":{\"@type\":\"ImageObject\",\"inLanguage\":\"ar\",\"@id\":\"https:\\\/\\\/lequotidien.mr\\\/#\\\/schema\\\/logo\\\/image\\\/\",\"url\":\"https:\\\/\\\/lequotidien.mr\\\/wp-content\\\/uploads\\\/2022\\\/11\\\/logolequotidien.jpg\",\"contentUrl\":\"https:\\\/\\\/lequotidien.mr\\\/wp-content\\\/uploads\\\/2022\\\/11\\\/logolequotidien.jpg\",\"width\":290,\"height\":65,\"caption\":\"Le Quotidien de Nouakchott\"},\"image\":{\"@id\":\"https:\\\/\\\/lequotidien.mr\\\/#\\\/schema\\\/logo\\\/image\\\/\"},\"sameAs\":[\"https:\\\/\\\/web.facebook.com\\\/lequotidienmr\",\"https:\\\/\\\/x.com\\\/lequotidienmr\"]},{\"@type\":\"Person\",\"@id\":\"https:\\\/\\\/lequotidien.mr\\\/#\\\/schema\\\/person\\\/1077c8abd5640a6514b909318d271dee\",\"name\":\"Gayi Diawara\",\"image\":{\"@type\":\"ImageObject\",\"inLanguage\":\"ar\",\"@id\":\"https:\\\/\\\/secure.gravatar.com\\\/avatar\\\/63ea8db1e19a6d2d608b24c0f78b5f3a7d6e0bc11959fec273410af333e4d0ac?s=96&d=mm&r=g\",\"url\":\"https:\\\/\\\/secure.gravatar.com\\\/avatar\\\/63ea8db1e19a6d2d608b24c0f78b5f3a7d6e0bc11959fec273410af333e4d0ac?s=96&d=mm&r=g\",\"contentUrl\":\"https:\\\/\\\/secure.gravatar.com\\\/avatar\\\/63ea8db1e19a6d2d608b24c0f78b5f3a7d6e0bc11959fec273410af333e4d0ac?s=96&d=mm&r=g\",\"caption\":\"Gayi Diawara\"},\"sameAs\":[\"http:\\\/\\\/lequotidien.mr\"],\"url\":\"https:\\\/\\\/lequotidien.mr\\\/?author=5\"}]}<\/script>\n<!-- \/ Yoast SEO plugin. -->","yoast_head_json":{"title":"Interview exclusive avec Ousmane Mamoudou KANE, Ministre mauritanien des affaires \u00e9conomiques - Le Quotidien de Nouakchott","robots":{"index":"index","follow":"follow","max-snippet":"max-snippet:-1","max-image-preview":"max-image-preview:large","max-video-preview":"max-video-preview:-1"},"canonical":"https:\/\/lequotidien.mr\/?p=4697&lang=fr","og_locale":"ar_AR","og_type":"article","og_title":"Interview exclusive avec Ousmane Mamoudou KANE, Ministre mauritanien des affaires \u00e9conomiques - Le Quotidien de Nouakchott","og_description":"Financial Afrik &#8211; Dipl\u00f4m\u00e9 de l\u2019Ecole Polytechnique de Paris, Kane Ousmane a occup\u00e9 plusieurs fonctions prestigieuses au niveau international et national. Ancien vice- pr\u00e9sident de la Banque Africaine de D\u00e9veloppement, Gouverneur de la Banque Centrale de Mauritanie puis ministre des Finances, l\u2019\u00e9conomiste a aujourd\u2019hui en charge le minist\u00e8re de l\u2019Economie et de la Promotion des.....","og_url":"https:\/\/lequotidien.mr\/?p=4697&lang=fr","og_site_name":"Le Quotidien de Nouakchott","article_publisher":"https:\/\/web.facebook.com\/lequotidienmr","article_published_time":"2023-02-11T16:31:47+00:00","og_image":[{"width":641,"height":518,"url":"https:\/\/lequotidien.mr\/wp-content\/uploads\/2023\/02\/kane_ousmane_zsVFbKH_X2-1.jpg","type":"image\/jpeg"}],"author":"Gayi Diawara","twitter_card":"summary_large_image","twitter_creator":"@lequotidienmr","twitter_site":"@lequotidienmr","twitter_misc":{"\u0643\u064f\u062a\u0628 \u0628\u0648\u0627\u0633\u0637\u0629":"Gayi Diawara","\u0648\u0642\u062a \u0627\u0644\u0642\u0631\u0627\u0621\u0629 \u0627\u0644\u0645\u064f\u0642\u062f\u0651\u0631":"5 \u062f\u0642\u0627\u0626\u0642"},"schema":{"@context":"https:\/\/schema.org","@graph":[{"@type":"Article","@id":"https:\/\/lequotidien.mr\/?p=4697&lang=fr#article","isPartOf":{"@id":"https:\/\/lequotidien.mr\/?p=4697&lang=fr"},"author":{"name":"Gayi Diawara","@id":"https:\/\/lequotidien.mr\/#\/schema\/person\/1077c8abd5640a6514b909318d271dee"},"headline":"Interview exclusive avec Ousmane Mamoudou KANE, Ministre mauritanien des affaires \u00e9conomiques","datePublished":"2023-02-11T16:31:47+00:00","mainEntityOfPage":{"@id":"https:\/\/lequotidien.mr\/?p=4697&lang=fr"},"wordCount":1223,"commentCount":0,"publisher":{"@id":"https:\/\/lequotidien.mr\/#organization"},"image":{"@id":"https:\/\/lequotidien.mr\/?p=4697&lang=fr#primaryimage"},"thumbnailUrl":"https:\/\/lequotidien.mr\/wp-content\/uploads\/2023\/02\/kane_ousmane_zsVFbKH_X2-1.jpg","articleSection":["ACTUALIT\u00c9","Economie"],"inLanguage":"ar","potentialAction":[{"@type":"CommentAction","name":"Comment","target":["https:\/\/lequotidien.mr\/?p=4697&lang=fr#respond"]}]},{"@type":"WebPage","@id":"https:\/\/lequotidien.mr\/?p=4697&lang=fr","url":"https:\/\/lequotidien.mr\/?p=4697&lang=fr","name":"Interview exclusive avec Ousmane Mamoudou KANE, Ministre mauritanien des affaires \u00e9conomiques - Le Quotidien de Nouakchott","isPartOf":{"@id":"https:\/\/lequotidien.mr\/#website"},"primaryImageOfPage":{"@id":"https:\/\/lequotidien.mr\/?p=4697&lang=fr#primaryimage"},"image":{"@id":"https:\/\/lequotidien.mr\/?p=4697&lang=fr#primaryimage"},"thumbnailUrl":"https:\/\/lequotidien.mr\/wp-content\/uploads\/2023\/02\/kane_ousmane_zsVFbKH_X2-1.jpg","datePublished":"2023-02-11T16:31:47+00:00","breadcrumb":{"@id":"https:\/\/lequotidien.mr\/?p=4697&lang=fr#breadcrumb"},"inLanguage":"ar","potentialAction":[{"@type":"ReadAction","target":["https:\/\/lequotidien.mr\/?p=4697&lang=fr"]}]},{"@type":"ImageObject","inLanguage":"ar","@id":"https:\/\/lequotidien.mr\/?p=4697&lang=fr#primaryimage","url":"https:\/\/lequotidien.mr\/wp-content\/uploads\/2023\/02\/kane_ousmane_zsVFbKH_X2-1.jpg","contentUrl":"https:\/\/lequotidien.mr\/wp-content\/uploads\/2023\/02\/kane_ousmane_zsVFbKH_X2-1.jpg","width":641,"height":518},{"@type":"BreadcrumbList","@id":"https:\/\/lequotidien.mr\/?p=4697&lang=fr#breadcrumb","itemListElement":[{"@type":"ListItem","position":1,"name":"Home","item":"https:\/\/lequotidien.mr\/"},{"@type":"ListItem","position":2,"name":"Interview exclusive avec Ousmane Mamoudou KANE, Ministre mauritanien des affaires \u00e9conomiques"}]},{"@type":"WebSite","@id":"https:\/\/lequotidien.mr\/#website","url":"https:\/\/lequotidien.mr\/","name":"Le Quotidien de Nouakchott","description":"\u0625\u062e\u0628\u0627\u0631\u064a\u0629 \u0645\u0633\u062a\u0642\u0644\u0629 \u0644\u0644\u0623\u0646\u0628\u0627\u0621 \u0627\u0644\u0639\u0627\u0645\u0629","publisher":{"@id":"https:\/\/lequotidien.mr\/#organization"},"potentialAction":[{"@type":"SearchAction","target":{"@type":"EntryPoint","urlTemplate":"https:\/\/lequotidien.mr\/?s={search_term_string}"},"query-input":{"@type":"PropertyValueSpecification","valueRequired":true,"valueName":"search_term_string"}}],"inLanguage":"ar"},{"@type":"Organization","@id":"https:\/\/lequotidien.mr\/#organization","name":"Le Quotidien de Nouakchott","url":"https:\/\/lequotidien.mr\/","logo":{"@type":"ImageObject","inLanguage":"ar","@id":"https:\/\/lequotidien.mr\/#\/schema\/logo\/image\/","url":"https:\/\/lequotidien.mr\/wp-content\/uploads\/2022\/11\/logolequotidien.jpg","contentUrl":"https:\/\/lequotidien.mr\/wp-content\/uploads\/2022\/11\/logolequotidien.jpg","width":290,"height":65,"caption":"Le Quotidien de Nouakchott"},"image":{"@id":"https:\/\/lequotidien.mr\/#\/schema\/logo\/image\/"},"sameAs":["https:\/\/web.facebook.com\/lequotidienmr","https:\/\/x.com\/lequotidienmr"]},{"@type":"Person","@id":"https:\/\/lequotidien.mr\/#\/schema\/person\/1077c8abd5640a6514b909318d271dee","name":"Gayi Diawara","image":{"@type":"ImageObject","inLanguage":"ar","@id":"https:\/\/secure.gravatar.com\/avatar\/63ea8db1e19a6d2d608b24c0f78b5f3a7d6e0bc11959fec273410af333e4d0ac?s=96&d=mm&r=g","url":"https:\/\/secure.gravatar.com\/avatar\/63ea8db1e19a6d2d608b24c0f78b5f3a7d6e0bc11959fec273410af333e4d0ac?s=96&d=mm&r=g","contentUrl":"https:\/\/secure.gravatar.com\/avatar\/63ea8db1e19a6d2d608b24c0f78b5f3a7d6e0bc11959fec273410af333e4d0ac?s=96&d=mm&r=g","caption":"Gayi Diawara"},"sameAs":["http:\/\/lequotidien.mr"],"url":"https:\/\/lequotidien.mr\/?author=5"}]}},"_links":{"self":[{"href":"https:\/\/lequotidien.mr\/index.php?rest_route=\/wp\/v2\/posts\/4697","targetHints":{"allow":["GET"]}}],"collection":[{"href":"https:\/\/lequotidien.mr\/index.php?rest_route=\/wp\/v2\/posts"}],"about":[{"href":"https:\/\/lequotidien.mr\/index.php?rest_route=\/wp\/v2\/types\/post"}],"author":[{"embeddable":true,"href":"https:\/\/lequotidien.mr\/index.php?rest_route=\/wp\/v2\/users\/5"}],"replies":[{"embeddable":true,"href":"https:\/\/lequotidien.mr\/index.php?rest_route=%2Fwp%2Fv2%2Fcomments&post=4697"}],"version-history":[{"count":1,"href":"https:\/\/lequotidien.mr\/index.php?rest_route=\/wp\/v2\/posts\/4697\/revisions"}],"predecessor-version":[{"id":4699,"href":"https:\/\/lequotidien.mr\/index.php?rest_route=\/wp\/v2\/posts\/4697\/revisions\/4699"}],"wp:featuredmedia":[{"embeddable":true,"href":"https:\/\/lequotidien.mr\/index.php?rest_route=\/wp\/v2\/media\/4698"}],"wp:attachment":[{"href":"https:\/\/lequotidien.mr\/index.php?rest_route=%2Fwp%2Fv2%2Fmedia&parent=4697"}],"wp:term":[{"taxonomy":"category","embeddable":true,"href":"https:\/\/lequotidien.mr\/index.php?rest_route=%2Fwp%2Fv2%2Fcategories&post=4697"},{"taxonomy":"post_tag","embeddable":true,"href":"https:\/\/lequotidien.mr\/index.php?rest_route=%2Fwp%2Fv2%2Ftags&post=4697"}],"curies":[{"name":"wp","href":"https:\/\/api.w.org\/{rel}","templated":true}]}}