{"id":4673,"date":"2023-02-11T09:42:01","date_gmt":"2023-02-11T09:42:01","guid":{"rendered":"https:\/\/lequotidien.mr\/?p=4673"},"modified":"2023-02-11T09:42:01","modified_gmt":"2023-02-11T09:42:01","slug":"developpement-lancement-du-programme-de-financement-des-agr-au-niveau-de-nouakchott-nord-nouakchott","status":"publish","type":"post","link":"https:\/\/lequotidien.mr\/?p=4673&lang=fr","title":{"rendered":"d\u00e9veloppement : Lancement du programme de financement des AGR au niveau de Nouakchott- Nord Nouakchott,"},"content":{"rendered":"<p>&nbsp;<\/p>\n<p>Le si\u00e8ge de la direction r\u00e9gionale de l\u2019Action sociale, de l\u2019Enfance et de la Famille, dans la wilaya de Nouakchott- Nord, a abrit\u00e9 semdi,le lancement du programme de financement des activit\u00e9s g\u00e9n\u00e9ratrices de revenus (AGR) pour soutenir les coop\u00e9ratives des femmes divorc\u00e9es et handicap\u00e9es et de celles qui ont des conflits familiaux au niveau de la wilaya.<\/p>\n<p>Trente (30) coop\u00e9ratives de la wilaya b\u00e9n\u00e9ficieront du programme, et chaque coop\u00e9rative recevra 500 000 anciennes ouguiyas pour financer ses projets.<\/p>\n<p>La wali de Nouakchott- Nord, Mme Tfeila Mint Mohameden, a soulign\u00e9, \u00e0 cette occasion, l\u2019importance du programme pour sa contribution \u00e0 l\u2019am\u00e9lioration des conditions de vie des couches les plus n\u00e9cessiteuses, des personnes handicap\u00e9es, chefs de famille et m\u00e8res d\u2019enfants.<\/p>\n<p>Elle a indiqu\u00e9 que le programme est une mat\u00e9rialisation de la politique du gouvernement consacrant la vision de le Pr\u00e9sident de la R\u00e9publique, M. Mohamed Ould Cheikh El Ghazouani, visant \u00e0 autonomiser les femmes, \u00e0 les faire progresser \u00e0 tous les niveaux et \u00e0 assurer leur participation au processus de d\u00e9veloppement.<\/p>\n<p>La wali a ajout\u00e9 que le secteur de l\u2019Action sociale, de l\u2019enfance et de la famille a travaill\u00e9 pour mettre en \u0153uvre un certain nombre de programmes et de projets visant \u00e0 autonomiser les femmes \u00e9conomiquement, socialement et politiquement.<\/p>\n<p>Elle a appel\u00e9 les b\u00e9n\u00e9ficiaires des fonds \u00e0 mettre en place des projets mod\u00e8les qui permettent la cr\u00e9ation de revenus suppl\u00e9mentaires et permanents qui contribuent \u00e0 am\u00e9liorer leur niveau de vie eux-m\u00eames et leurs familles.<\/p>\n<p>La directrice r\u00e9gionale adjointe de l\u2019Action sociale, de l\u2019enfance et de la famille, Mme Mariem Mint Heimed, a expliqu\u00e9 que cette activit\u00e9 s\u2019inscrit dans le cadre des programmes que le d\u00e9partement ex\u00e9cute au profit des familles vuln\u00e9rables, des personnes \u00e0 besoins sp\u00e9ciaux et des groupes vuln\u00e9rables, dans la mise en \u0153uvre du programme pr\u00e9sidentiel visant \u00e0 faire acc\u00e9der les femmes aux plus hauts niveaux politique, \u00e9conomique et social. Elle a d\u00e9clar\u00e9 que les projets financ\u00e9s permettront aux b\u00e9n\u00e9ficiaires de cr\u00e9er des opportunit\u00e9s d\u2019emploi pour eux-m\u00eames et leur entourage, ce qui se r\u00e9percutera positivement sur le niveau de vie des citoyens.<\/p>\n<p>Le maire de Dar Naim, M. Momma Ould Kotob, a appr\u00e9ci\u00e9 les projets g\u00e9n\u00e9rateurs de revenus mis en place par le minist\u00e8re de l\u2019Action sociale, de l\u2019enfance et de la famille pour soutenir les groupes vuln\u00e9rables qui ont un besoin urgent de cet appui en raison de leur situation particuli\u00e8re. Il a indiqu\u00e9 que l\u2019\u00e8re du Pr\u00e9sident Mohamed Ould Cheikh El Ghazouani a \u00e9t\u00e9 marqu\u00e9e par la prise en charge des personnes handicap\u00e9es et le soutien financier et moral de toutes les personnes dans le besoin par le biais d\u2019aides mensuelles et saisonni\u00e8res mises en \u0153uvre pour leur bien-\u00eatre de mani\u00e8re continue.<\/p>\n<p>Il a remerci\u00e9 la direction r\u00e9gionale du travail, de l\u2019enfance et de la famille de Nouakchott- Nord pour sa bonne coordination avec la commune.<\/p>\n<p>Les interventions des b\u00e9n\u00e9ficiaires ont \u00e9t\u00e9 unanimes \u00e0 relever cette d\u00e9marche, que l\u2019\u00c9tat avait l\u2019habitude de mettre en \u0153uvre au profit des pauvres en g\u00e9n\u00e9ral, des femmes et des groupes vuln\u00e9rables en particulier. Elles ont soulign\u00e9 avoir b\u00e9n\u00e9fici\u00e9 au cours des derni\u00e8res ann\u00e9es de nombreux fonds et facilit\u00e9s qui ont contribu\u00e9 au d\u00e9veloppement des personnes<\/p>\n<p>&nbsp;<\/p>\n<p style=\"text-align: center;\"><strong>Le Quotidien de Nouakchott<\/strong><\/p>\n","protected":false},"excerpt":{"rendered":"<p>&nbsp; Le si\u00e8ge de la direction r\u00e9gionale de l\u2019Action sociale, de l\u2019Enfance et de la Famille, dans la wilaya de Nouakchott- Nord, a abrit\u00e9 semdi,le lancement du programme de financement des activit\u00e9s g\u00e9n\u00e9ratrices de revenus (AGR) pour soutenir les coop\u00e9ratives des femmes divorc\u00e9es et handicap\u00e9es et de celles qui ont des conflits familiaux au niveau&#8230;..<\/p>\n","protected":false},"author":3,"featured_media":4674,"comment_status":"open","ping_status":"open","sticky":false,"template":"","format":"standard","meta":{"footnotes":""},"categories":[23,49],"tags":[],"class_list":["post-4673","post","type-post","status-publish","format-standard","has-post-thumbnail","hentry","category-actualite","category-economie"],"yoast_head":"<!-- This site is optimized with the Yoast SEO plugin v27.5 - https:\/\/yoast.com\/product\/yoast-seo-wordpress\/ -->\n<title>d\u00e9veloppement : Lancement du programme de financement des AGR au niveau de Nouakchott- Nord Nouakchott, - Le Quotidien de Nouakchott<\/title>\n<meta name=\"robots\" content=\"index, follow, max-snippet:-1, max-image-preview:large, max-video-preview:-1\" \/>\n<link rel=\"canonical\" href=\"https:\/\/lequotidien.mr\/?p=4673&lang=fr\" \/>\n<meta property=\"og:locale\" content=\"ar_AR\" \/>\n<meta property=\"og:type\" content=\"article\" \/>\n<meta property=\"og:title\" content=\"d\u00e9veloppement : Lancement du programme de financement des AGR au niveau de Nouakchott- Nord Nouakchott, - Le Quotidien de Nouakchott\" \/>\n<meta property=\"og:description\" content=\"&nbsp; Le si\u00e8ge de la direction r\u00e9gionale de l\u2019Action sociale, de l\u2019Enfance et de la Famille, dans la wilaya de Nouakchott- Nord, a abrit\u00e9 semdi,le lancement du programme de financement des activit\u00e9s g\u00e9n\u00e9ratrices de revenus (AGR) pour soutenir les coop\u00e9ratives des femmes divorc\u00e9es et handicap\u00e9es et de celles qui ont des conflits familiaux au niveau.....\" \/>\n<meta property=\"og:url\" content=\"https:\/\/lequotidien.mr\/?p=4673&amp;lang=fr\" \/>\n<meta property=\"og:site_name\" content=\"Le Quotidien de Nouakchott\" \/>\n<meta property=\"article:publisher\" content=\"https:\/\/web.facebook.com\/lequotidienmr\" \/>\n<meta property=\"article:author\" content=\"https:\/\/web.facebook.com\/a.mleiwih\" \/>\n<meta property=\"article:published_time\" content=\"2023-02-11T09:42:01+00:00\" \/>\n<meta property=\"og:image\" content=\"https:\/\/lequotidien.mr\/wp-content\/uploads\/2023\/02\/a3060163-8cda-4321-8c69-7e1c77ae72f5.jpg\" \/>\n\t<meta property=\"og:image:width\" content=\"750\" \/>\n\t<meta property=\"og:image:height\" content=\"430\" \/>\n\t<meta property=\"og:image:type\" content=\"image\/jpeg\" \/>\n<meta name=\"author\" content=\"Alioun M&#039;leiwih\" \/>\n<meta name=\"twitter:card\" content=\"summary_large_image\" \/>\n<meta name=\"twitter:creator\" content=\"@lequotidienmr\" \/>\n<meta name=\"twitter:site\" content=\"@lequotidienmr\" \/>\n<meta name=\"twitter:label1\" content=\"\u0643\u064f\u062a\u0628 \u0628\u0648\u0627\u0633\u0637\u0629\" \/>\n\t<meta name=\"twitter:data1\" content=\"Alioun M&#039;leiwih\" \/>\n\t<meta name=\"twitter:label2\" content=\"\u0648\u0642\u062a \u0627\u0644\u0642\u0631\u0627\u0621\u0629 \u0627\u0644\u0645\u064f\u0642\u062f\u0651\u0631\" \/>\n\t<meta name=\"twitter:data2\" content=\"3 \u062f\u0642\u0627\u0626\u0642\" \/>\n<script type=\"application\/ld+json\" class=\"yoast-schema-graph\">{\"@context\":\"https:\\\/\\\/schema.org\",\"@graph\":[{\"@type\":\"Article\",\"@id\":\"https:\\\/\\\/lequotidien.mr\\\/?p=4673&lang=fr#article\",\"isPartOf\":{\"@id\":\"https:\\\/\\\/lequotidien.mr\\\/?p=4673&lang=fr\"},\"author\":{\"name\":\"Alioun M'leiwih\",\"@id\":\"https:\\\/\\\/lequotidien.mr\\\/#\\\/schema\\\/person\\\/69d1518c74c9137087929a20b1272cb0\"},\"headline\":\"d\u00e9veloppement : Lancement du programme de financement des AGR au niveau de Nouakchott- Nord Nouakchott,\",\"datePublished\":\"2023-02-11T09:42:01+00:00\",\"mainEntityOfPage\":{\"@id\":\"https:\\\/\\\/lequotidien.mr\\\/?p=4673&lang=fr\"},\"wordCount\":617,\"commentCount\":0,\"publisher\":{\"@id\":\"https:\\\/\\\/lequotidien.mr\\\/#organization\"},\"image\":{\"@id\":\"https:\\\/\\\/lequotidien.mr\\\/?p=4673&lang=fr#primaryimage\"},\"thumbnailUrl\":\"https:\\\/\\\/lequotidien.mr\\\/wp-content\\\/uploads\\\/2023\\\/02\\\/a3060163-8cda-4321-8c69-7e1c77ae72f5.jpg\",\"articleSection\":[\"ACTUALIT\u00c9\",\"Economie\"],\"inLanguage\":\"ar\",\"potentialAction\":[{\"@type\":\"CommentAction\",\"name\":\"Comment\",\"target\":[\"https:\\\/\\\/lequotidien.mr\\\/?p=4673&lang=fr#respond\"]}]},{\"@type\":\"WebPage\",\"@id\":\"https:\\\/\\\/lequotidien.mr\\\/?p=4673&lang=fr\",\"url\":\"https:\\\/\\\/lequotidien.mr\\\/?p=4673&lang=fr\",\"name\":\"d\u00e9veloppement : Lancement du programme de financement des AGR au niveau de Nouakchott- Nord Nouakchott, - Le Quotidien de Nouakchott\",\"isPartOf\":{\"@id\":\"https:\\\/\\\/lequotidien.mr\\\/#website\"},\"primaryImageOfPage\":{\"@id\":\"https:\\\/\\\/lequotidien.mr\\\/?p=4673&lang=fr#primaryimage\"},\"image\":{\"@id\":\"https:\\\/\\\/lequotidien.mr\\\/?p=4673&lang=fr#primaryimage\"},\"thumbnailUrl\":\"https:\\\/\\\/lequotidien.mr\\\/wp-content\\\/uploads\\\/2023\\\/02\\\/a3060163-8cda-4321-8c69-7e1c77ae72f5.jpg\",\"datePublished\":\"2023-02-11T09:42:01+00:00\",\"breadcrumb\":{\"@id\":\"https:\\\/\\\/lequotidien.mr\\\/?p=4673&lang=fr#breadcrumb\"},\"inLanguage\":\"ar\",\"potentialAction\":[{\"@type\":\"ReadAction\",\"target\":[\"https:\\\/\\\/lequotidien.mr\\\/?p=4673&lang=fr\"]}]},{\"@type\":\"ImageObject\",\"inLanguage\":\"ar\",\"@id\":\"https:\\\/\\\/lequotidien.mr\\\/?p=4673&lang=fr#primaryimage\",\"url\":\"https:\\\/\\\/lequotidien.mr\\\/wp-content\\\/uploads\\\/2023\\\/02\\\/a3060163-8cda-4321-8c69-7e1c77ae72f5.jpg\",\"contentUrl\":\"https:\\\/\\\/lequotidien.mr\\\/wp-content\\\/uploads\\\/2023\\\/02\\\/a3060163-8cda-4321-8c69-7e1c77ae72f5.jpg\",\"width\":750,\"height\":430},{\"@type\":\"BreadcrumbList\",\"@id\":\"https:\\\/\\\/lequotidien.mr\\\/?p=4673&lang=fr#breadcrumb\",\"itemListElement\":[{\"@type\":\"ListItem\",\"position\":1,\"name\":\"Home\",\"item\":\"https:\\\/\\\/lequotidien.mr\\\/\"},{\"@type\":\"ListItem\",\"position\":2,\"name\":\"d\u00e9veloppement : Lancement du programme de financement des AGR au niveau de Nouakchott- Nord Nouakchott,\"}]},{\"@type\":\"WebSite\",\"@id\":\"https:\\\/\\\/lequotidien.mr\\\/#website\",\"url\":\"https:\\\/\\\/lequotidien.mr\\\/\",\"name\":\"Le Quotidien de Nouakchott\",\"description\":\"\u0625\u062e\u0628\u0627\u0631\u064a\u0629 \u0645\u0633\u062a\u0642\u0644\u0629 \u0644\u0644\u0623\u0646\u0628\u0627\u0621 \u0627\u0644\u0639\u0627\u0645\u0629\",\"publisher\":{\"@id\":\"https:\\\/\\\/lequotidien.mr\\\/#organization\"},\"potentialAction\":[{\"@type\":\"SearchAction\",\"target\":{\"@type\":\"EntryPoint\",\"urlTemplate\":\"https:\\\/\\\/lequotidien.mr\\\/?s={search_term_string}\"},\"query-input\":{\"@type\":\"PropertyValueSpecification\",\"valueRequired\":true,\"valueName\":\"search_term_string\"}}],\"inLanguage\":\"ar\"},{\"@type\":\"Organization\",\"@id\":\"https:\\\/\\\/lequotidien.mr\\\/#organization\",\"name\":\"Le Quotidien de Nouakchott\",\"url\":\"https:\\\/\\\/lequotidien.mr\\\/\",\"logo\":{\"@type\":\"ImageObject\",\"inLanguage\":\"ar\",\"@id\":\"https:\\\/\\\/lequotidien.mr\\\/#\\\/schema\\\/logo\\\/image\\\/\",\"url\":\"https:\\\/\\\/lequotidien.mr\\\/wp-content\\\/uploads\\\/2022\\\/11\\\/logolequotidien.jpg\",\"contentUrl\":\"https:\\\/\\\/lequotidien.mr\\\/wp-content\\\/uploads\\\/2022\\\/11\\\/logolequotidien.jpg\",\"width\":290,\"height\":65,\"caption\":\"Le Quotidien de Nouakchott\"},\"image\":{\"@id\":\"https:\\\/\\\/lequotidien.mr\\\/#\\\/schema\\\/logo\\\/image\\\/\"},\"sameAs\":[\"https:\\\/\\\/web.facebook.com\\\/lequotidienmr\",\"https:\\\/\\\/x.com\\\/lequotidienmr\"]},{\"@type\":\"Person\",\"@id\":\"https:\\\/\\\/lequotidien.mr\\\/#\\\/schema\\\/person\\\/69d1518c74c9137087929a20b1272cb0\",\"name\":\"Alioun M'leiwih\",\"image\":{\"@type\":\"ImageObject\",\"inLanguage\":\"ar\",\"@id\":\"https:\\\/\\\/secure.gravatar.com\\\/avatar\\\/01f9d357222d7d4ca8f71662f4b081718f06d25b11fc45662ecca0622d507e51?s=96&d=mm&r=g\",\"url\":\"https:\\\/\\\/secure.gravatar.com\\\/avatar\\\/01f9d357222d7d4ca8f71662f4b081718f06d25b11fc45662ecca0622d507e51?s=96&d=mm&r=g\",\"contentUrl\":\"https:\\\/\\\/secure.gravatar.com\\\/avatar\\\/01f9d357222d7d4ca8f71662f4b081718f06d25b11fc45662ecca0622d507e51?s=96&d=mm&r=g\",\"caption\":\"Alioun M'leiwih\"},\"sameAs\":[\"https:\\\/\\\/lequotidien.mr\\\/\",\"https:\\\/\\\/web.facebook.com\\\/a.mleiwih\",\"https:\\\/\\\/www.linkedin.com\\\/in\\\/alimlewih\\\/\"],\"url\":\"https:\\\/\\\/lequotidien.mr\\\/?author=3\"}]}<\/script>\n<!-- \/ Yoast SEO plugin. -->","yoast_head_json":{"title":"d\u00e9veloppement : Lancement du programme de financement des AGR au niveau de Nouakchott- Nord Nouakchott, - Le Quotidien de Nouakchott","robots":{"index":"index","follow":"follow","max-snippet":"max-snippet:-1","max-image-preview":"max-image-preview:large","max-video-preview":"max-video-preview:-1"},"canonical":"https:\/\/lequotidien.mr\/?p=4673&lang=fr","og_locale":"ar_AR","og_type":"article","og_title":"d\u00e9veloppement : Lancement du programme de financement des AGR au niveau de Nouakchott- Nord Nouakchott, - Le Quotidien de Nouakchott","og_description":"&nbsp; Le si\u00e8ge de la direction r\u00e9gionale de l\u2019Action sociale, de l\u2019Enfance et de la Famille, dans la wilaya de Nouakchott- Nord, a abrit\u00e9 semdi,le lancement du programme de financement des activit\u00e9s g\u00e9n\u00e9ratrices de revenus (AGR) pour soutenir les coop\u00e9ratives des femmes divorc\u00e9es et handicap\u00e9es et de celles qui ont des conflits familiaux au niveau.....","og_url":"https:\/\/lequotidien.mr\/?p=4673&lang=fr","og_site_name":"Le Quotidien de Nouakchott","article_publisher":"https:\/\/web.facebook.com\/lequotidienmr","article_author":"https:\/\/web.facebook.com\/a.mleiwih","article_published_time":"2023-02-11T09:42:01+00:00","og_image":[{"width":750,"height":430,"url":"https:\/\/lequotidien.mr\/wp-content\/uploads\/2023\/02\/a3060163-8cda-4321-8c69-7e1c77ae72f5.jpg","type":"image\/jpeg"}],"author":"Alioun M'leiwih","twitter_card":"summary_large_image","twitter_creator":"@lequotidienmr","twitter_site":"@lequotidienmr","twitter_misc":{"\u0643\u064f\u062a\u0628 \u0628\u0648\u0627\u0633\u0637\u0629":"Alioun M'leiwih","\u0648\u0642\u062a \u0627\u0644\u0642\u0631\u0627\u0621\u0629 \u0627\u0644\u0645\u064f\u0642\u062f\u0651\u0631":"3 \u062f\u0642\u0627\u0626\u0642"},"schema":{"@context":"https:\/\/schema.org","@graph":[{"@type":"Article","@id":"https:\/\/lequotidien.mr\/?p=4673&lang=fr#article","isPartOf":{"@id":"https:\/\/lequotidien.mr\/?p=4673&lang=fr"},"author":{"name":"Alioun M'leiwih","@id":"https:\/\/lequotidien.mr\/#\/schema\/person\/69d1518c74c9137087929a20b1272cb0"},"headline":"d\u00e9veloppement : Lancement du programme de financement des AGR au niveau de Nouakchott- Nord Nouakchott,","datePublished":"2023-02-11T09:42:01+00:00","mainEntityOfPage":{"@id":"https:\/\/lequotidien.mr\/?p=4673&lang=fr"},"wordCount":617,"commentCount":0,"publisher":{"@id":"https:\/\/lequotidien.mr\/#organization"},"image":{"@id":"https:\/\/lequotidien.mr\/?p=4673&lang=fr#primaryimage"},"thumbnailUrl":"https:\/\/lequotidien.mr\/wp-content\/uploads\/2023\/02\/a3060163-8cda-4321-8c69-7e1c77ae72f5.jpg","articleSection":["ACTUALIT\u00c9","Economie"],"inLanguage":"ar","potentialAction":[{"@type":"CommentAction","name":"Comment","target":["https:\/\/lequotidien.mr\/?p=4673&lang=fr#respond"]}]},{"@type":"WebPage","@id":"https:\/\/lequotidien.mr\/?p=4673&lang=fr","url":"https:\/\/lequotidien.mr\/?p=4673&lang=fr","name":"d\u00e9veloppement : Lancement du programme de financement des AGR au niveau de Nouakchott- Nord Nouakchott, - Le Quotidien de Nouakchott","isPartOf":{"@id":"https:\/\/lequotidien.mr\/#website"},"primaryImageOfPage":{"@id":"https:\/\/lequotidien.mr\/?p=4673&lang=fr#primaryimage"},"image":{"@id":"https:\/\/lequotidien.mr\/?p=4673&lang=fr#primaryimage"},"thumbnailUrl":"https:\/\/lequotidien.mr\/wp-content\/uploads\/2023\/02\/a3060163-8cda-4321-8c69-7e1c77ae72f5.jpg","datePublished":"2023-02-11T09:42:01+00:00","breadcrumb":{"@id":"https:\/\/lequotidien.mr\/?p=4673&lang=fr#breadcrumb"},"inLanguage":"ar","potentialAction":[{"@type":"ReadAction","target":["https:\/\/lequotidien.mr\/?p=4673&lang=fr"]}]},{"@type":"ImageObject","inLanguage":"ar","@id":"https:\/\/lequotidien.mr\/?p=4673&lang=fr#primaryimage","url":"https:\/\/lequotidien.mr\/wp-content\/uploads\/2023\/02\/a3060163-8cda-4321-8c69-7e1c77ae72f5.jpg","contentUrl":"https:\/\/lequotidien.mr\/wp-content\/uploads\/2023\/02\/a3060163-8cda-4321-8c69-7e1c77ae72f5.jpg","width":750,"height":430},{"@type":"BreadcrumbList","@id":"https:\/\/lequotidien.mr\/?p=4673&lang=fr#breadcrumb","itemListElement":[{"@type":"ListItem","position":1,"name":"Home","item":"https:\/\/lequotidien.mr\/"},{"@type":"ListItem","position":2,"name":"d\u00e9veloppement : Lancement du programme de financement des AGR au niveau de Nouakchott- Nord Nouakchott,"}]},{"@type":"WebSite","@id":"https:\/\/lequotidien.mr\/#website","url":"https:\/\/lequotidien.mr\/","name":"Le Quotidien de Nouakchott","description":"\u0625\u062e\u0628\u0627\u0631\u064a\u0629 \u0645\u0633\u062a\u0642\u0644\u0629 \u0644\u0644\u0623\u0646\u0628\u0627\u0621 \u0627\u0644\u0639\u0627\u0645\u0629","publisher":{"@id":"https:\/\/lequotidien.mr\/#organization"},"potentialAction":[{"@type":"SearchAction","target":{"@type":"EntryPoint","urlTemplate":"https:\/\/lequotidien.mr\/?s={search_term_string}"},"query-input":{"@type":"PropertyValueSpecification","valueRequired":true,"valueName":"search_term_string"}}],"inLanguage":"ar"},{"@type":"Organization","@id":"https:\/\/lequotidien.mr\/#organization","name":"Le Quotidien de Nouakchott","url":"https:\/\/lequotidien.mr\/","logo":{"@type":"ImageObject","inLanguage":"ar","@id":"https:\/\/lequotidien.mr\/#\/schema\/logo\/image\/","url":"https:\/\/lequotidien.mr\/wp-content\/uploads\/2022\/11\/logolequotidien.jpg","contentUrl":"https:\/\/lequotidien.mr\/wp-content\/uploads\/2022\/11\/logolequotidien.jpg","width":290,"height":65,"caption":"Le Quotidien de Nouakchott"},"image":{"@id":"https:\/\/lequotidien.mr\/#\/schema\/logo\/image\/"},"sameAs":["https:\/\/web.facebook.com\/lequotidienmr","https:\/\/x.com\/lequotidienmr"]},{"@type":"Person","@id":"https:\/\/lequotidien.mr\/#\/schema\/person\/69d1518c74c9137087929a20b1272cb0","name":"Alioun M'leiwih","image":{"@type":"ImageObject","inLanguage":"ar","@id":"https:\/\/secure.gravatar.com\/avatar\/01f9d357222d7d4ca8f71662f4b081718f06d25b11fc45662ecca0622d507e51?s=96&d=mm&r=g","url":"https:\/\/secure.gravatar.com\/avatar\/01f9d357222d7d4ca8f71662f4b081718f06d25b11fc45662ecca0622d507e51?s=96&d=mm&r=g","contentUrl":"https:\/\/secure.gravatar.com\/avatar\/01f9d357222d7d4ca8f71662f4b081718f06d25b11fc45662ecca0622d507e51?s=96&d=mm&r=g","caption":"Alioun M'leiwih"},"sameAs":["https:\/\/lequotidien.mr\/","https:\/\/web.facebook.com\/a.mleiwih","https:\/\/www.linkedin.com\/in\/alimlewih\/"],"url":"https:\/\/lequotidien.mr\/?author=3"}]}},"_links":{"self":[{"href":"https:\/\/lequotidien.mr\/index.php?rest_route=\/wp\/v2\/posts\/4673","targetHints":{"allow":["GET"]}}],"collection":[{"href":"https:\/\/lequotidien.mr\/index.php?rest_route=\/wp\/v2\/posts"}],"about":[{"href":"https:\/\/lequotidien.mr\/index.php?rest_route=\/wp\/v2\/types\/post"}],"author":[{"embeddable":true,"href":"https:\/\/lequotidien.mr\/index.php?rest_route=\/wp\/v2\/users\/3"}],"replies":[{"embeddable":true,"href":"https:\/\/lequotidien.mr\/index.php?rest_route=%2Fwp%2Fv2%2Fcomments&post=4673"}],"version-history":[{"count":1,"href":"https:\/\/lequotidien.mr\/index.php?rest_route=\/wp\/v2\/posts\/4673\/revisions"}],"predecessor-version":[{"id":4675,"href":"https:\/\/lequotidien.mr\/index.php?rest_route=\/wp\/v2\/posts\/4673\/revisions\/4675"}],"wp:featuredmedia":[{"embeddable":true,"href":"https:\/\/lequotidien.mr\/index.php?rest_route=\/wp\/v2\/media\/4674"}],"wp:attachment":[{"href":"https:\/\/lequotidien.mr\/index.php?rest_route=%2Fwp%2Fv2%2Fmedia&parent=4673"}],"wp:term":[{"taxonomy":"category","embeddable":true,"href":"https:\/\/lequotidien.mr\/index.php?rest_route=%2Fwp%2Fv2%2Fcategories&post=4673"},{"taxonomy":"post_tag","embeddable":true,"href":"https:\/\/lequotidien.mr\/index.php?rest_route=%2Fwp%2Fv2%2Ftags&post=4673"}],"curies":[{"name":"wp","href":"https:\/\/api.w.org\/{rel}","templated":true}]}}