{"id":4552,"date":"2023-02-08T14:22:14","date_gmt":"2023-02-08T14:22:14","guid":{"rendered":"https:\/\/lequotidien.mr\/?p=4552"},"modified":"2023-02-08T14:22:14","modified_gmt":"2023-02-08T14:22:14","slug":"lisesco-va-investir-plus-de-70-des-arrieres-payes-par-la-mauritanie-pour-la-realisation-de-projets-culturels-et-de-developpement-a-nouakchott","status":"publish","type":"post","link":"https:\/\/lequotidien.mr\/?p=4552&lang=fr","title":{"rendered":"L\u2019ISESCO va investir plus de 70% des arri\u00e9r\u00e9s pay\u00e9s par la Mauritanie pour la r\u00e9alisation de projets culturels et de d\u00e9veloppement \u00e0 Nouakchott"},"content":{"rendered":"<p><strong>Sahara M\u00e9dias<\/strong>\u00a0&#8211; Le ministre mauritanien de la culture, de la jeunesse, des sports et des relations avec le parlement, Mohamed O. Sou\u00e9datt a d\u00e9clar\u00e9 mardi que la Mauritanie est convenue avec l\u2019organisation du monde islamique pour l\u2019\u00e9ducation et la culture (ISESCO) de payer ses arri\u00e9r\u00e9s dus \u00e0 cette organisation, tandis que celle-ci s\u2019engage \u00e0 en investir plus de 70% \u00e0 la r\u00e9alisation de projets culturels et de d\u00e9veloppement \u00e0 Nouakchott.<\/p>\n<p>La Mauritanie avait sign\u00e9 mardi \u00e0 Rabat deux accords de coop\u00e9ration et de partenariat avec l\u2019ISESCO relatifs au renforcement de la coop\u00e9ration et l\u2019appui financier au programme ex\u00e9cutif de la comm\u00e9moration de \u00ab Nouakchott capitale de la culture du monde musulman pour 2023 \u00bb et la pr\u00e9paration du dossier consacrant l\u2019enregistrement du dossier des jeux du damier traditionnel en Afrique sur la liste du patrimoine culturel immat\u00e9riel de l\u2019ISESCO et la liste de l\u2019UNESCO du patrimoine mondial.<\/p>\n<p>Le premier accord a \u00e9t\u00e9 sign\u00e9 par le ministre de la culture, de la jeunesse, des sports et des relations avec le parlement Mohamed O. Sou\u00e9datt et le Dr Salem Ibn Mohamed El Maleck directeur g\u00e9n\u00e9ral de l\u2019ISESCO et le pr\u00e9sident de la commission nationale pour l\u2019\u00e9ducation, la culture et les sciences Mohamed O. Sidi Abdalla.<\/p>\n<p>Le deuxi\u00e8me accord a \u00e9t\u00e9 sign\u00e9 par Mohamed O. Sidi Abdalla, secr\u00e9taire g\u00e9n\u00e9ral de la commission nationale pour l\u2019\u00e9ducation, la culture te les sciences et le Dr Nidal Abou Zehri directeur des affaires administratives de l\u2019ISESCO.<\/p>\n<p>Cet accord engage l\u2019ISESCO \u00e0 pr\u00e9parer un programme de travail pour une r\u00e9union sp\u00e9ciale afin de pr\u00e9parer le dossier relatif \u00e0 l\u2019enregistrement des jeux de damier africain sur la liste du patrimoine immat\u00e9riel des deux organisations l\u2019ISESCO et L\u2019UNESCO, tandis que la commission nationale se chargera de la pr\u00e9paration de cette r\u00e9union.<\/p>\n<p>Cet accord entre dans le cadre de la lettre d\u2019entente sign\u00e9e par la commission nationale \u00e9miratie pour la culture et les sciences avec l\u2019ISESCO en novembre 2022 en vertu de laquelle les EAU appui le programme de l\u2019ISESCO pour la valorisation du patrimoine des pays africains, membres de l\u2019organisation.<\/p>\n","protected":false},"excerpt":{"rendered":"<p>Sahara M\u00e9dias\u00a0&#8211; Le ministre mauritanien de la culture, de la jeunesse, des sports et des relations avec le parlement, Mohamed O. Sou\u00e9datt a d\u00e9clar\u00e9 mardi que la Mauritanie est convenue avec l\u2019organisation du monde islamique pour l\u2019\u00e9ducation et la culture (ISESCO) de payer ses arri\u00e9r\u00e9s dus \u00e0 cette organisation, tandis que celle-ci s\u2019engage \u00e0 en&#8230;..<\/p>\n","protected":false},"author":5,"featured_media":4553,"comment_status":"open","ping_status":"open","sticky":false,"template":"","format":"standard","meta":{"footnotes":""},"categories":[23,49,55],"tags":[],"class_list":["post-4552","post","type-post","status-publish","format-standard","has-post-thumbnail","hentry","category-actualite","category-economie","category-culture"],"yoast_head":"<!-- This site is optimized with the Yoast SEO plugin v27.5 - https:\/\/yoast.com\/product\/yoast-seo-wordpress\/ -->\n<title>L\u2019ISESCO va investir plus de 70% des arri\u00e9r\u00e9s pay\u00e9s par la Mauritanie pour la r\u00e9alisation de projets culturels et de d\u00e9veloppement \u00e0 Nouakchott - Le Quotidien de Nouakchott<\/title>\n<meta name=\"robots\" content=\"index, follow, max-snippet:-1, max-image-preview:large, max-video-preview:-1\" \/>\n<link rel=\"canonical\" href=\"https:\/\/lequotidien.mr\/?p=4552&lang=fr\" \/>\n<meta property=\"og:locale\" content=\"ar_AR\" \/>\n<meta property=\"og:type\" content=\"article\" \/>\n<meta property=\"og:title\" content=\"L\u2019ISESCO va investir plus de 70% des arri\u00e9r\u00e9s pay\u00e9s par la Mauritanie pour la r\u00e9alisation de projets culturels et de d\u00e9veloppement \u00e0 Nouakchott - Le Quotidien de Nouakchott\" \/>\n<meta property=\"og:description\" content=\"Sahara M\u00e9dias\u00a0&#8211; Le ministre mauritanien de la culture, de la jeunesse, des sports et des relations avec le parlement, Mohamed O. Sou\u00e9datt a d\u00e9clar\u00e9 mardi que la Mauritanie est convenue avec l\u2019organisation du monde islamique pour l\u2019\u00e9ducation et la culture (ISESCO) de payer ses arri\u00e9r\u00e9s dus \u00e0 cette organisation, tandis que celle-ci s\u2019engage \u00e0 en.....\" \/>\n<meta property=\"og:url\" content=\"https:\/\/lequotidien.mr\/?p=4552&amp;lang=fr\" \/>\n<meta property=\"og:site_name\" content=\"Le Quotidien de Nouakchott\" \/>\n<meta property=\"article:publisher\" content=\"https:\/\/web.facebook.com\/lequotidienmr\" \/>\n<meta property=\"article:published_time\" content=\"2023-02-08T14:22:14+00:00\" \/>\n<meta property=\"og:image\" content=\"https:\/\/lequotidien.mr\/wp-content\/uploads\/2023\/02\/lisesco_vainvestir_5240.jpg\" \/>\n\t<meta property=\"og:image:width\" content=\"518\" \/>\n\t<meta property=\"og:image:height\" content=\"414\" \/>\n\t<meta property=\"og:image:type\" content=\"image\/jpeg\" \/>\n<meta name=\"author\" content=\"Gayi Diawara\" \/>\n<meta name=\"twitter:card\" content=\"summary_large_image\" \/>\n<meta name=\"twitter:creator\" content=\"@lequotidienmr\" \/>\n<meta name=\"twitter:site\" content=\"@lequotidienmr\" \/>\n<meta name=\"twitter:label1\" content=\"\u0643\u064f\u062a\u0628 \u0628\u0648\u0627\u0633\u0637\u0629\" \/>\n\t<meta name=\"twitter:data1\" content=\"Gayi Diawara\" \/>\n\t<meta name=\"twitter:label2\" content=\"\u0648\u0642\u062a \u0627\u0644\u0642\u0631\u0627\u0621\u0629 \u0627\u0644\u0645\u064f\u0642\u062f\u0651\u0631\" \/>\n\t<meta name=\"twitter:data2\" content=\"\u062f\u0642\u064a\u0642\u062a\u0627\u0646\" \/>\n<script type=\"application\/ld+json\" class=\"yoast-schema-graph\">{\"@context\":\"https:\\\/\\\/schema.org\",\"@graph\":[{\"@type\":\"Article\",\"@id\":\"https:\\\/\\\/lequotidien.mr\\\/?p=4552&lang=fr#article\",\"isPartOf\":{\"@id\":\"https:\\\/\\\/lequotidien.mr\\\/?p=4552&lang=fr\"},\"author\":{\"name\":\"Gayi Diawara\",\"@id\":\"https:\\\/\\\/lequotidien.mr\\\/#\\\/schema\\\/person\\\/1077c8abd5640a6514b909318d271dee\"},\"headline\":\"L\u2019ISESCO va investir plus de 70% des arri\u00e9r\u00e9s pay\u00e9s par la Mauritanie pour la r\u00e9alisation de projets culturels et de d\u00e9veloppement \u00e0 Nouakchott\",\"datePublished\":\"2023-02-08T14:22:14+00:00\",\"mainEntityOfPage\":{\"@id\":\"https:\\\/\\\/lequotidien.mr\\\/?p=4552&lang=fr\"},\"wordCount\":405,\"commentCount\":0,\"publisher\":{\"@id\":\"https:\\\/\\\/lequotidien.mr\\\/#organization\"},\"image\":{\"@id\":\"https:\\\/\\\/lequotidien.mr\\\/?p=4552&lang=fr#primaryimage\"},\"thumbnailUrl\":\"https:\\\/\\\/lequotidien.mr\\\/wp-content\\\/uploads\\\/2023\\\/02\\\/lisesco_vainvestir_5240.jpg\",\"articleSection\":[\"ACTUALIT\u00c9\",\"Economie\",\"Culture\"],\"inLanguage\":\"ar\",\"potentialAction\":[{\"@type\":\"CommentAction\",\"name\":\"Comment\",\"target\":[\"https:\\\/\\\/lequotidien.mr\\\/?p=4552&lang=fr#respond\"]}]},{\"@type\":\"WebPage\",\"@id\":\"https:\\\/\\\/lequotidien.mr\\\/?p=4552&lang=fr\",\"url\":\"https:\\\/\\\/lequotidien.mr\\\/?p=4552&lang=fr\",\"name\":\"L\u2019ISESCO va investir plus de 70% des arri\u00e9r\u00e9s pay\u00e9s par la Mauritanie pour la r\u00e9alisation de projets culturels et de d\u00e9veloppement \u00e0 Nouakchott - Le Quotidien de Nouakchott\",\"isPartOf\":{\"@id\":\"https:\\\/\\\/lequotidien.mr\\\/#website\"},\"primaryImageOfPage\":{\"@id\":\"https:\\\/\\\/lequotidien.mr\\\/?p=4552&lang=fr#primaryimage\"},\"image\":{\"@id\":\"https:\\\/\\\/lequotidien.mr\\\/?p=4552&lang=fr#primaryimage\"},\"thumbnailUrl\":\"https:\\\/\\\/lequotidien.mr\\\/wp-content\\\/uploads\\\/2023\\\/02\\\/lisesco_vainvestir_5240.jpg\",\"datePublished\":\"2023-02-08T14:22:14+00:00\",\"breadcrumb\":{\"@id\":\"https:\\\/\\\/lequotidien.mr\\\/?p=4552&lang=fr#breadcrumb\"},\"inLanguage\":\"ar\",\"potentialAction\":[{\"@type\":\"ReadAction\",\"target\":[\"https:\\\/\\\/lequotidien.mr\\\/?p=4552&lang=fr\"]}]},{\"@type\":\"ImageObject\",\"inLanguage\":\"ar\",\"@id\":\"https:\\\/\\\/lequotidien.mr\\\/?p=4552&lang=fr#primaryimage\",\"url\":\"https:\\\/\\\/lequotidien.mr\\\/wp-content\\\/uploads\\\/2023\\\/02\\\/lisesco_vainvestir_5240.jpg\",\"contentUrl\":\"https:\\\/\\\/lequotidien.mr\\\/wp-content\\\/uploads\\\/2023\\\/02\\\/lisesco_vainvestir_5240.jpg\",\"width\":518,\"height\":414},{\"@type\":\"BreadcrumbList\",\"@id\":\"https:\\\/\\\/lequotidien.mr\\\/?p=4552&lang=fr#breadcrumb\",\"itemListElement\":[{\"@type\":\"ListItem\",\"position\":1,\"name\":\"Home\",\"item\":\"https:\\\/\\\/lequotidien.mr\\\/\"},{\"@type\":\"ListItem\",\"position\":2,\"name\":\"L\u2019ISESCO va investir plus de 70% des arri\u00e9r\u00e9s pay\u00e9s par la Mauritanie pour la r\u00e9alisation de projets culturels et de d\u00e9veloppement \u00e0 Nouakchott\"}]},{\"@type\":\"WebSite\",\"@id\":\"https:\\\/\\\/lequotidien.mr\\\/#website\",\"url\":\"https:\\\/\\\/lequotidien.mr\\\/\",\"name\":\"Le Quotidien de Nouakchott\",\"description\":\"\u0625\u062e\u0628\u0627\u0631\u064a\u0629 \u0645\u0633\u062a\u0642\u0644\u0629 \u0644\u0644\u0623\u0646\u0628\u0627\u0621 \u0627\u0644\u0639\u0627\u0645\u0629\",\"publisher\":{\"@id\":\"https:\\\/\\\/lequotidien.mr\\\/#organization\"},\"potentialAction\":[{\"@type\":\"SearchAction\",\"target\":{\"@type\":\"EntryPoint\",\"urlTemplate\":\"https:\\\/\\\/lequotidien.mr\\\/?s={search_term_string}\"},\"query-input\":{\"@type\":\"PropertyValueSpecification\",\"valueRequired\":true,\"valueName\":\"search_term_string\"}}],\"inLanguage\":\"ar\"},{\"@type\":\"Organization\",\"@id\":\"https:\\\/\\\/lequotidien.mr\\\/#organization\",\"name\":\"Le Quotidien de Nouakchott\",\"url\":\"https:\\\/\\\/lequotidien.mr\\\/\",\"logo\":{\"@type\":\"ImageObject\",\"inLanguage\":\"ar\",\"@id\":\"https:\\\/\\\/lequotidien.mr\\\/#\\\/schema\\\/logo\\\/image\\\/\",\"url\":\"https:\\\/\\\/lequotidien.mr\\\/wp-content\\\/uploads\\\/2022\\\/11\\\/logolequotidien.jpg\",\"contentUrl\":\"https:\\\/\\\/lequotidien.mr\\\/wp-content\\\/uploads\\\/2022\\\/11\\\/logolequotidien.jpg\",\"width\":290,\"height\":65,\"caption\":\"Le Quotidien de Nouakchott\"},\"image\":{\"@id\":\"https:\\\/\\\/lequotidien.mr\\\/#\\\/schema\\\/logo\\\/image\\\/\"},\"sameAs\":[\"https:\\\/\\\/web.facebook.com\\\/lequotidienmr\",\"https:\\\/\\\/x.com\\\/lequotidienmr\"]},{\"@type\":\"Person\",\"@id\":\"https:\\\/\\\/lequotidien.mr\\\/#\\\/schema\\\/person\\\/1077c8abd5640a6514b909318d271dee\",\"name\":\"Gayi Diawara\",\"image\":{\"@type\":\"ImageObject\",\"inLanguage\":\"ar\",\"@id\":\"https:\\\/\\\/secure.gravatar.com\\\/avatar\\\/63ea8db1e19a6d2d608b24c0f78b5f3a7d6e0bc11959fec273410af333e4d0ac?s=96&d=mm&r=g\",\"url\":\"https:\\\/\\\/secure.gravatar.com\\\/avatar\\\/63ea8db1e19a6d2d608b24c0f78b5f3a7d6e0bc11959fec273410af333e4d0ac?s=96&d=mm&r=g\",\"contentUrl\":\"https:\\\/\\\/secure.gravatar.com\\\/avatar\\\/63ea8db1e19a6d2d608b24c0f78b5f3a7d6e0bc11959fec273410af333e4d0ac?s=96&d=mm&r=g\",\"caption\":\"Gayi Diawara\"},\"sameAs\":[\"http:\\\/\\\/lequotidien.mr\"],\"url\":\"https:\\\/\\\/lequotidien.mr\\\/?author=5\"}]}<\/script>\n<!-- \/ Yoast SEO plugin. -->","yoast_head_json":{"title":"L\u2019ISESCO va investir plus de 70% des arri\u00e9r\u00e9s pay\u00e9s par la Mauritanie pour la r\u00e9alisation de projets culturels et de d\u00e9veloppement \u00e0 Nouakchott - Le Quotidien de Nouakchott","robots":{"index":"index","follow":"follow","max-snippet":"max-snippet:-1","max-image-preview":"max-image-preview:large","max-video-preview":"max-video-preview:-1"},"canonical":"https:\/\/lequotidien.mr\/?p=4552&lang=fr","og_locale":"ar_AR","og_type":"article","og_title":"L\u2019ISESCO va investir plus de 70% des arri\u00e9r\u00e9s pay\u00e9s par la Mauritanie pour la r\u00e9alisation de projets culturels et de d\u00e9veloppement \u00e0 Nouakchott - Le Quotidien de Nouakchott","og_description":"Sahara M\u00e9dias\u00a0&#8211; Le ministre mauritanien de la culture, de la jeunesse, des sports et des relations avec le parlement, Mohamed O. Sou\u00e9datt a d\u00e9clar\u00e9 mardi que la Mauritanie est convenue avec l\u2019organisation du monde islamique pour l\u2019\u00e9ducation et la culture (ISESCO) de payer ses arri\u00e9r\u00e9s dus \u00e0 cette organisation, tandis que celle-ci s\u2019engage \u00e0 en.....","og_url":"https:\/\/lequotidien.mr\/?p=4552&lang=fr","og_site_name":"Le Quotidien de Nouakchott","article_publisher":"https:\/\/web.facebook.com\/lequotidienmr","article_published_time":"2023-02-08T14:22:14+00:00","og_image":[{"width":518,"height":414,"url":"https:\/\/lequotidien.mr\/wp-content\/uploads\/2023\/02\/lisesco_vainvestir_5240.jpg","type":"image\/jpeg"}],"author":"Gayi Diawara","twitter_card":"summary_large_image","twitter_creator":"@lequotidienmr","twitter_site":"@lequotidienmr","twitter_misc":{"\u0643\u064f\u062a\u0628 \u0628\u0648\u0627\u0633\u0637\u0629":"Gayi Diawara","\u0648\u0642\u062a \u0627\u0644\u0642\u0631\u0627\u0621\u0629 \u0627\u0644\u0645\u064f\u0642\u062f\u0651\u0631":"\u062f\u0642\u064a\u0642\u062a\u0627\u0646"},"schema":{"@context":"https:\/\/schema.org","@graph":[{"@type":"Article","@id":"https:\/\/lequotidien.mr\/?p=4552&lang=fr#article","isPartOf":{"@id":"https:\/\/lequotidien.mr\/?p=4552&lang=fr"},"author":{"name":"Gayi Diawara","@id":"https:\/\/lequotidien.mr\/#\/schema\/person\/1077c8abd5640a6514b909318d271dee"},"headline":"L\u2019ISESCO va investir plus de 70% des arri\u00e9r\u00e9s pay\u00e9s par la Mauritanie pour la r\u00e9alisation de projets culturels et de d\u00e9veloppement \u00e0 Nouakchott","datePublished":"2023-02-08T14:22:14+00:00","mainEntityOfPage":{"@id":"https:\/\/lequotidien.mr\/?p=4552&lang=fr"},"wordCount":405,"commentCount":0,"publisher":{"@id":"https:\/\/lequotidien.mr\/#organization"},"image":{"@id":"https:\/\/lequotidien.mr\/?p=4552&lang=fr#primaryimage"},"thumbnailUrl":"https:\/\/lequotidien.mr\/wp-content\/uploads\/2023\/02\/lisesco_vainvestir_5240.jpg","articleSection":["ACTUALIT\u00c9","Economie","Culture"],"inLanguage":"ar","potentialAction":[{"@type":"CommentAction","name":"Comment","target":["https:\/\/lequotidien.mr\/?p=4552&lang=fr#respond"]}]},{"@type":"WebPage","@id":"https:\/\/lequotidien.mr\/?p=4552&lang=fr","url":"https:\/\/lequotidien.mr\/?p=4552&lang=fr","name":"L\u2019ISESCO va investir plus de 70% des arri\u00e9r\u00e9s pay\u00e9s par la Mauritanie pour la r\u00e9alisation de projets culturels et de d\u00e9veloppement \u00e0 Nouakchott - Le Quotidien de Nouakchott","isPartOf":{"@id":"https:\/\/lequotidien.mr\/#website"},"primaryImageOfPage":{"@id":"https:\/\/lequotidien.mr\/?p=4552&lang=fr#primaryimage"},"image":{"@id":"https:\/\/lequotidien.mr\/?p=4552&lang=fr#primaryimage"},"thumbnailUrl":"https:\/\/lequotidien.mr\/wp-content\/uploads\/2023\/02\/lisesco_vainvestir_5240.jpg","datePublished":"2023-02-08T14:22:14+00:00","breadcrumb":{"@id":"https:\/\/lequotidien.mr\/?p=4552&lang=fr#breadcrumb"},"inLanguage":"ar","potentialAction":[{"@type":"ReadAction","target":["https:\/\/lequotidien.mr\/?p=4552&lang=fr"]}]},{"@type":"ImageObject","inLanguage":"ar","@id":"https:\/\/lequotidien.mr\/?p=4552&lang=fr#primaryimage","url":"https:\/\/lequotidien.mr\/wp-content\/uploads\/2023\/02\/lisesco_vainvestir_5240.jpg","contentUrl":"https:\/\/lequotidien.mr\/wp-content\/uploads\/2023\/02\/lisesco_vainvestir_5240.jpg","width":518,"height":414},{"@type":"BreadcrumbList","@id":"https:\/\/lequotidien.mr\/?p=4552&lang=fr#breadcrumb","itemListElement":[{"@type":"ListItem","position":1,"name":"Home","item":"https:\/\/lequotidien.mr\/"},{"@type":"ListItem","position":2,"name":"L\u2019ISESCO va investir plus de 70% des arri\u00e9r\u00e9s pay\u00e9s par la Mauritanie pour la r\u00e9alisation de projets culturels et de d\u00e9veloppement \u00e0 Nouakchott"}]},{"@type":"WebSite","@id":"https:\/\/lequotidien.mr\/#website","url":"https:\/\/lequotidien.mr\/","name":"Le Quotidien de Nouakchott","description":"\u0625\u062e\u0628\u0627\u0631\u064a\u0629 \u0645\u0633\u062a\u0642\u0644\u0629 \u0644\u0644\u0623\u0646\u0628\u0627\u0621 \u0627\u0644\u0639\u0627\u0645\u0629","publisher":{"@id":"https:\/\/lequotidien.mr\/#organization"},"potentialAction":[{"@type":"SearchAction","target":{"@type":"EntryPoint","urlTemplate":"https:\/\/lequotidien.mr\/?s={search_term_string}"},"query-input":{"@type":"PropertyValueSpecification","valueRequired":true,"valueName":"search_term_string"}}],"inLanguage":"ar"},{"@type":"Organization","@id":"https:\/\/lequotidien.mr\/#organization","name":"Le Quotidien de Nouakchott","url":"https:\/\/lequotidien.mr\/","logo":{"@type":"ImageObject","inLanguage":"ar","@id":"https:\/\/lequotidien.mr\/#\/schema\/logo\/image\/","url":"https:\/\/lequotidien.mr\/wp-content\/uploads\/2022\/11\/logolequotidien.jpg","contentUrl":"https:\/\/lequotidien.mr\/wp-content\/uploads\/2022\/11\/logolequotidien.jpg","width":290,"height":65,"caption":"Le Quotidien de Nouakchott"},"image":{"@id":"https:\/\/lequotidien.mr\/#\/schema\/logo\/image\/"},"sameAs":["https:\/\/web.facebook.com\/lequotidienmr","https:\/\/x.com\/lequotidienmr"]},{"@type":"Person","@id":"https:\/\/lequotidien.mr\/#\/schema\/person\/1077c8abd5640a6514b909318d271dee","name":"Gayi Diawara","image":{"@type":"ImageObject","inLanguage":"ar","@id":"https:\/\/secure.gravatar.com\/avatar\/63ea8db1e19a6d2d608b24c0f78b5f3a7d6e0bc11959fec273410af333e4d0ac?s=96&d=mm&r=g","url":"https:\/\/secure.gravatar.com\/avatar\/63ea8db1e19a6d2d608b24c0f78b5f3a7d6e0bc11959fec273410af333e4d0ac?s=96&d=mm&r=g","contentUrl":"https:\/\/secure.gravatar.com\/avatar\/63ea8db1e19a6d2d608b24c0f78b5f3a7d6e0bc11959fec273410af333e4d0ac?s=96&d=mm&r=g","caption":"Gayi Diawara"},"sameAs":["http:\/\/lequotidien.mr"],"url":"https:\/\/lequotidien.mr\/?author=5"}]}},"_links":{"self":[{"href":"https:\/\/lequotidien.mr\/index.php?rest_route=\/wp\/v2\/posts\/4552","targetHints":{"allow":["GET"]}}],"collection":[{"href":"https:\/\/lequotidien.mr\/index.php?rest_route=\/wp\/v2\/posts"}],"about":[{"href":"https:\/\/lequotidien.mr\/index.php?rest_route=\/wp\/v2\/types\/post"}],"author":[{"embeddable":true,"href":"https:\/\/lequotidien.mr\/index.php?rest_route=\/wp\/v2\/users\/5"}],"replies":[{"embeddable":true,"href":"https:\/\/lequotidien.mr\/index.php?rest_route=%2Fwp%2Fv2%2Fcomments&post=4552"}],"version-history":[{"count":1,"href":"https:\/\/lequotidien.mr\/index.php?rest_route=\/wp\/v2\/posts\/4552\/revisions"}],"predecessor-version":[{"id":4554,"href":"https:\/\/lequotidien.mr\/index.php?rest_route=\/wp\/v2\/posts\/4552\/revisions\/4554"}],"wp:featuredmedia":[{"embeddable":true,"href":"https:\/\/lequotidien.mr\/index.php?rest_route=\/wp\/v2\/media\/4553"}],"wp:attachment":[{"href":"https:\/\/lequotidien.mr\/index.php?rest_route=%2Fwp%2Fv2%2Fmedia&parent=4552"}],"wp:term":[{"taxonomy":"category","embeddable":true,"href":"https:\/\/lequotidien.mr\/index.php?rest_route=%2Fwp%2Fv2%2Fcategories&post=4552"},{"taxonomy":"post_tag","embeddable":true,"href":"https:\/\/lequotidien.mr\/index.php?rest_route=%2Fwp%2Fv2%2Ftags&post=4552"}],"curies":[{"name":"wp","href":"https:\/\/api.w.org\/{rel}","templated":true}]}}