{"id":4541,"date":"2023-02-08T14:09:58","date_gmt":"2023-02-08T14:09:58","guid":{"rendered":"https:\/\/lequotidien.mr\/?p=4541"},"modified":"2023-02-08T14:09:58","modified_gmt":"2023-02-08T14:09:58","slug":"editorial-du-calame-au-travail-messieurs-les-juges","status":"publish","type":"post","link":"https:\/\/lequotidien.mr\/?p=4541&lang=fr","title":{"rendered":"Editorial du Calame : Au travail, messieurs les juges !"},"content":{"rendered":"<p>Le Calame &#8211; Depuis l\u2019ouverture de son proc\u00e8s le 25 Janvier dernier, Ould Abdel Aziz doit se faire du mouron.<\/p>\n<p>Il n\u2019imaginait sans doute pas que le processus engag\u00e9 avec la mise en place d\u2019une commission d\u2019enqu\u00eate parlementaire, allait, deux ans plus tard, le voir assis sur le banc des accus\u00e9s comme un vulgaire chef de bande pris la main dans le sac.<\/p>\n<p>Confiant en ce que les informations qu\u2019il d\u00e9tient seraient de nature \u00e0 le prot\u00e9ger contre toute poursuite, il \u00e9tait m\u00eame persuad\u00e9 que le pouvoir n\u2019ira pas jusqu\u2019\u00e0 le juger. Je te tiens, tu me tiens par la barbichette\u2026<\/p>\n<p>C\u2019est pourquoi le retour sur terre fut rude pour celui qui se disait invincible et \u00ab ne connaissait pas l\u2019\u00e9chec \u00bb, selon ses propres termes. Pour essayer de le tirer de ce mauvais pas, ses avocats ont multipli\u00e9 les man\u0153uvres et invoqu\u00e9 \u00e0 n\u2019en plus finir l\u2019article 93 de la Constitution stipulant qu\u2019un pr\u00e9sident de la R\u00e9publique ne peut \u00eatre jug\u00e9 que par une Haute cour de justice. Un argument rejet\u00e9 par le tribunal de premi\u00e8re instance, la Cour d\u2019appel et la Cour supr\u00eame.<\/p>\n<p>Faisant contre mauvaise fortune bon c\u0153ur, il s\u2019est alors attach\u00e9, en plus de ses conseils locaux, les services de trois avocats \u00e9trangers : une libanaise, un fran\u00e7ais et un s\u00e9n\u00e9galais. De quoi faire un sacr\u00e9 boucan au tribunal ! Surtout lorsqu\u2019ils croiseront le fer avec leurs homologues de la partie civile et avec un procureur particuli\u00e8rement au fait de ses dossiers.<\/p>\n<p>Les joutes oratoires ont d\u2019ailleurs d\u00e9j\u00e0 commenc\u00e9 et ne s\u2019arr\u00eateront pas de sit\u00f4t. Un long proc\u00e8s en perspective nous attend, quoique son issue ne fasse aucun doute, tant les charges qui p\u00e8sent sur Ould Abdel Aziz et ses co-accus\u00e9s sont flagrantes. Et les peines devraient \u00eatre lourdes, tr\u00e8s lourdes m\u00eame, si notre Droit p\u00e9nal en permettait le cumul.<\/p>\n<p>Seront-elles assez bien choisies, au final, pour d\u00e9go\u00fbter une fois pour toutes les aspirants \u00e0 \u2013 aspirateurs de ? \u2013 nos richesses publiques ?<\/p>\n<p>Au travail, messieurs les juges !<\/p>\n<p><strong>Ahmed ould Cheikh<\/strong><\/p>\n","protected":false},"excerpt":{"rendered":"<p>Le Calame &#8211; Depuis l\u2019ouverture de son proc\u00e8s le 25 Janvier dernier, Ould Abdel Aziz doit se faire du mouron. Il n\u2019imaginait sans doute pas que le processus engag\u00e9 avec la mise en place d\u2019une commission d\u2019enqu\u00eate parlementaire, allait, deux ans plus tard, le voir assis sur le banc des accus\u00e9s comme un vulgaire chef&#8230;..<\/p>\n","protected":false},"author":5,"featured_media":4114,"comment_status":"open","ping_status":"open","sticky":false,"template":"","format":"standard","meta":{"footnotes":""},"categories":[23,59],"tags":[],"class_list":["post-4541","post","type-post","status-publish","format-standard","has-post-thumbnail","hentry","category-actualite","category-opinion"],"yoast_head":"<!-- This site is optimized with the Yoast SEO plugin v27.5 - https:\/\/yoast.com\/product\/yoast-seo-wordpress\/ -->\n<title>Editorial du Calame : Au travail, messieurs les juges ! - Le Quotidien de Nouakchott<\/title>\n<meta name=\"robots\" content=\"index, follow, max-snippet:-1, max-image-preview:large, max-video-preview:-1\" \/>\n<link rel=\"canonical\" href=\"https:\/\/lequotidien.mr\/?p=4541&lang=fr\" \/>\n<meta property=\"og:locale\" content=\"ar_AR\" \/>\n<meta property=\"og:type\" content=\"article\" \/>\n<meta property=\"og:title\" content=\"Editorial du Calame : Au travail, messieurs les juges ! - Le Quotidien de Nouakchott\" \/>\n<meta property=\"og:description\" content=\"Le Calame &#8211; Depuis l\u2019ouverture de son proc\u00e8s le 25 Janvier dernier, Ould Abdel Aziz doit se faire du mouron. Il n\u2019imaginait sans doute pas que le processus engag\u00e9 avec la mise en place d\u2019une commission d\u2019enqu\u00eate parlementaire, allait, deux ans plus tard, le voir assis sur le banc des accus\u00e9s comme un vulgaire chef.....\" \/>\n<meta property=\"og:url\" content=\"https:\/\/lequotidien.mr\/?p=4541&amp;lang=fr\" \/>\n<meta property=\"og:site_name\" content=\"Le Quotidien de Nouakchott\" \/>\n<meta property=\"article:publisher\" content=\"https:\/\/web.facebook.com\/lequotidienmr\" \/>\n<meta property=\"article:published_time\" content=\"2023-02-08T14:09:58+00:00\" \/>\n<meta property=\"og:image\" content=\"https:\/\/lequotidien.mr\/wp-content\/uploads\/2023\/02\/ahmed_ould_cheikh_900_n.jpg\" \/>\n\t<meta property=\"og:image:width\" content=\"655\" \/>\n\t<meta property=\"og:image:height\" content=\"540\" \/>\n\t<meta property=\"og:image:type\" content=\"image\/jpeg\" \/>\n<meta name=\"author\" content=\"Gayi Diawara\" \/>\n<meta name=\"twitter:card\" content=\"summary_large_image\" \/>\n<meta name=\"twitter:creator\" content=\"@lequotidienmr\" \/>\n<meta name=\"twitter:site\" content=\"@lequotidienmr\" \/>\n<meta name=\"twitter:label1\" content=\"\u0643\u064f\u062a\u0628 \u0628\u0648\u0627\u0633\u0637\u0629\" \/>\n\t<meta name=\"twitter:data1\" content=\"Gayi Diawara\" \/>\n\t<meta name=\"twitter:label2\" content=\"\u0648\u0642\u062a \u0627\u0644\u0642\u0631\u0627\u0621\u0629 \u0627\u0644\u0645\u064f\u0642\u062f\u0651\u0631\" \/>\n\t<meta name=\"twitter:data2\" content=\"\u062f\u0642\u064a\u0642\u062a\u0627\u0646\" \/>\n<script type=\"application\/ld+json\" class=\"yoast-schema-graph\">{\"@context\":\"https:\\\/\\\/schema.org\",\"@graph\":[{\"@type\":\"Article\",\"@id\":\"https:\\\/\\\/lequotidien.mr\\\/?p=4541&lang=fr#article\",\"isPartOf\":{\"@id\":\"https:\\\/\\\/lequotidien.mr\\\/?p=4541&lang=fr\"},\"author\":{\"name\":\"Gayi Diawara\",\"@id\":\"https:\\\/\\\/lequotidien.mr\\\/#\\\/schema\\\/person\\\/1077c8abd5640a6514b909318d271dee\"},\"headline\":\"Editorial du Calame : Au travail, messieurs les juges !\",\"datePublished\":\"2023-02-08T14:09:58+00:00\",\"mainEntityOfPage\":{\"@id\":\"https:\\\/\\\/lequotidien.mr\\\/?p=4541&lang=fr\"},\"wordCount\":374,\"commentCount\":0,\"publisher\":{\"@id\":\"https:\\\/\\\/lequotidien.mr\\\/#organization\"},\"image\":{\"@id\":\"https:\\\/\\\/lequotidien.mr\\\/?p=4541&lang=fr#primaryimage\"},\"thumbnailUrl\":\"https:\\\/\\\/lequotidien.mr\\\/wp-content\\\/uploads\\\/2023\\\/02\\\/ahmed_ould_cheikh_900_n.jpg\",\"articleSection\":[\"ACTUALIT\u00c9\",\"Opinion\"],\"inLanguage\":\"ar\",\"potentialAction\":[{\"@type\":\"CommentAction\",\"name\":\"Comment\",\"target\":[\"https:\\\/\\\/lequotidien.mr\\\/?p=4541&lang=fr#respond\"]}]},{\"@type\":\"WebPage\",\"@id\":\"https:\\\/\\\/lequotidien.mr\\\/?p=4541&lang=fr\",\"url\":\"https:\\\/\\\/lequotidien.mr\\\/?p=4541&lang=fr\",\"name\":\"Editorial du Calame : Au travail, messieurs les juges ! - Le Quotidien de Nouakchott\",\"isPartOf\":{\"@id\":\"https:\\\/\\\/lequotidien.mr\\\/#website\"},\"primaryImageOfPage\":{\"@id\":\"https:\\\/\\\/lequotidien.mr\\\/?p=4541&lang=fr#primaryimage\"},\"image\":{\"@id\":\"https:\\\/\\\/lequotidien.mr\\\/?p=4541&lang=fr#primaryimage\"},\"thumbnailUrl\":\"https:\\\/\\\/lequotidien.mr\\\/wp-content\\\/uploads\\\/2023\\\/02\\\/ahmed_ould_cheikh_900_n.jpg\",\"datePublished\":\"2023-02-08T14:09:58+00:00\",\"breadcrumb\":{\"@id\":\"https:\\\/\\\/lequotidien.mr\\\/?p=4541&lang=fr#breadcrumb\"},\"inLanguage\":\"ar\",\"potentialAction\":[{\"@type\":\"ReadAction\",\"target\":[\"https:\\\/\\\/lequotidien.mr\\\/?p=4541&lang=fr\"]}]},{\"@type\":\"ImageObject\",\"inLanguage\":\"ar\",\"@id\":\"https:\\\/\\\/lequotidien.mr\\\/?p=4541&lang=fr#primaryimage\",\"url\":\"https:\\\/\\\/lequotidien.mr\\\/wp-content\\\/uploads\\\/2023\\\/02\\\/ahmed_ould_cheikh_900_n.jpg\",\"contentUrl\":\"https:\\\/\\\/lequotidien.mr\\\/wp-content\\\/uploads\\\/2023\\\/02\\\/ahmed_ould_cheikh_900_n.jpg\",\"width\":655,\"height\":540},{\"@type\":\"BreadcrumbList\",\"@id\":\"https:\\\/\\\/lequotidien.mr\\\/?p=4541&lang=fr#breadcrumb\",\"itemListElement\":[{\"@type\":\"ListItem\",\"position\":1,\"name\":\"Home\",\"item\":\"https:\\\/\\\/lequotidien.mr\\\/\"},{\"@type\":\"ListItem\",\"position\":2,\"name\":\"Editorial du Calame : Au travail, messieurs les juges !\"}]},{\"@type\":\"WebSite\",\"@id\":\"https:\\\/\\\/lequotidien.mr\\\/#website\",\"url\":\"https:\\\/\\\/lequotidien.mr\\\/\",\"name\":\"Le Quotidien de Nouakchott\",\"description\":\"\u0625\u062e\u0628\u0627\u0631\u064a\u0629 \u0645\u0633\u062a\u0642\u0644\u0629 \u0644\u0644\u0623\u0646\u0628\u0627\u0621 \u0627\u0644\u0639\u0627\u0645\u0629\",\"publisher\":{\"@id\":\"https:\\\/\\\/lequotidien.mr\\\/#organization\"},\"potentialAction\":[{\"@type\":\"SearchAction\",\"target\":{\"@type\":\"EntryPoint\",\"urlTemplate\":\"https:\\\/\\\/lequotidien.mr\\\/?s={search_term_string}\"},\"query-input\":{\"@type\":\"PropertyValueSpecification\",\"valueRequired\":true,\"valueName\":\"search_term_string\"}}],\"inLanguage\":\"ar\"},{\"@type\":\"Organization\",\"@id\":\"https:\\\/\\\/lequotidien.mr\\\/#organization\",\"name\":\"Le Quotidien de Nouakchott\",\"url\":\"https:\\\/\\\/lequotidien.mr\\\/\",\"logo\":{\"@type\":\"ImageObject\",\"inLanguage\":\"ar\",\"@id\":\"https:\\\/\\\/lequotidien.mr\\\/#\\\/schema\\\/logo\\\/image\\\/\",\"url\":\"https:\\\/\\\/lequotidien.mr\\\/wp-content\\\/uploads\\\/2022\\\/11\\\/logolequotidien.jpg\",\"contentUrl\":\"https:\\\/\\\/lequotidien.mr\\\/wp-content\\\/uploads\\\/2022\\\/11\\\/logolequotidien.jpg\",\"width\":290,\"height\":65,\"caption\":\"Le Quotidien de Nouakchott\"},\"image\":{\"@id\":\"https:\\\/\\\/lequotidien.mr\\\/#\\\/schema\\\/logo\\\/image\\\/\"},\"sameAs\":[\"https:\\\/\\\/web.facebook.com\\\/lequotidienmr\",\"https:\\\/\\\/x.com\\\/lequotidienmr\"]},{\"@type\":\"Person\",\"@id\":\"https:\\\/\\\/lequotidien.mr\\\/#\\\/schema\\\/person\\\/1077c8abd5640a6514b909318d271dee\",\"name\":\"Gayi Diawara\",\"image\":{\"@type\":\"ImageObject\",\"inLanguage\":\"ar\",\"@id\":\"https:\\\/\\\/secure.gravatar.com\\\/avatar\\\/63ea8db1e19a6d2d608b24c0f78b5f3a7d6e0bc11959fec273410af333e4d0ac?s=96&d=mm&r=g\",\"url\":\"https:\\\/\\\/secure.gravatar.com\\\/avatar\\\/63ea8db1e19a6d2d608b24c0f78b5f3a7d6e0bc11959fec273410af333e4d0ac?s=96&d=mm&r=g\",\"contentUrl\":\"https:\\\/\\\/secure.gravatar.com\\\/avatar\\\/63ea8db1e19a6d2d608b24c0f78b5f3a7d6e0bc11959fec273410af333e4d0ac?s=96&d=mm&r=g\",\"caption\":\"Gayi Diawara\"},\"sameAs\":[\"http:\\\/\\\/lequotidien.mr\"],\"url\":\"https:\\\/\\\/lequotidien.mr\\\/?author=5\"}]}<\/script>\n<!-- \/ Yoast SEO plugin. -->","yoast_head_json":{"title":"Editorial du Calame : Au travail, messieurs les juges ! - Le Quotidien de Nouakchott","robots":{"index":"index","follow":"follow","max-snippet":"max-snippet:-1","max-image-preview":"max-image-preview:large","max-video-preview":"max-video-preview:-1"},"canonical":"https:\/\/lequotidien.mr\/?p=4541&lang=fr","og_locale":"ar_AR","og_type":"article","og_title":"Editorial du Calame : Au travail, messieurs les juges ! - Le Quotidien de Nouakchott","og_description":"Le Calame &#8211; Depuis l\u2019ouverture de son proc\u00e8s le 25 Janvier dernier, Ould Abdel Aziz doit se faire du mouron. Il n\u2019imaginait sans doute pas que le processus engag\u00e9 avec la mise en place d\u2019une commission d\u2019enqu\u00eate parlementaire, allait, deux ans plus tard, le voir assis sur le banc des accus\u00e9s comme un vulgaire chef.....","og_url":"https:\/\/lequotidien.mr\/?p=4541&lang=fr","og_site_name":"Le Quotidien de Nouakchott","article_publisher":"https:\/\/web.facebook.com\/lequotidienmr","article_published_time":"2023-02-08T14:09:58+00:00","og_image":[{"width":655,"height":540,"url":"https:\/\/lequotidien.mr\/wp-content\/uploads\/2023\/02\/ahmed_ould_cheikh_900_n.jpg","type":"image\/jpeg"}],"author":"Gayi Diawara","twitter_card":"summary_large_image","twitter_creator":"@lequotidienmr","twitter_site":"@lequotidienmr","twitter_misc":{"\u0643\u064f\u062a\u0628 \u0628\u0648\u0627\u0633\u0637\u0629":"Gayi Diawara","\u0648\u0642\u062a \u0627\u0644\u0642\u0631\u0627\u0621\u0629 \u0627\u0644\u0645\u064f\u0642\u062f\u0651\u0631":"\u062f\u0642\u064a\u0642\u062a\u0627\u0646"},"schema":{"@context":"https:\/\/schema.org","@graph":[{"@type":"Article","@id":"https:\/\/lequotidien.mr\/?p=4541&lang=fr#article","isPartOf":{"@id":"https:\/\/lequotidien.mr\/?p=4541&lang=fr"},"author":{"name":"Gayi Diawara","@id":"https:\/\/lequotidien.mr\/#\/schema\/person\/1077c8abd5640a6514b909318d271dee"},"headline":"Editorial du Calame : Au travail, messieurs les juges !","datePublished":"2023-02-08T14:09:58+00:00","mainEntityOfPage":{"@id":"https:\/\/lequotidien.mr\/?p=4541&lang=fr"},"wordCount":374,"commentCount":0,"publisher":{"@id":"https:\/\/lequotidien.mr\/#organization"},"image":{"@id":"https:\/\/lequotidien.mr\/?p=4541&lang=fr#primaryimage"},"thumbnailUrl":"https:\/\/lequotidien.mr\/wp-content\/uploads\/2023\/02\/ahmed_ould_cheikh_900_n.jpg","articleSection":["ACTUALIT\u00c9","Opinion"],"inLanguage":"ar","potentialAction":[{"@type":"CommentAction","name":"Comment","target":["https:\/\/lequotidien.mr\/?p=4541&lang=fr#respond"]}]},{"@type":"WebPage","@id":"https:\/\/lequotidien.mr\/?p=4541&lang=fr","url":"https:\/\/lequotidien.mr\/?p=4541&lang=fr","name":"Editorial du Calame : Au travail, messieurs les juges ! - Le Quotidien de Nouakchott","isPartOf":{"@id":"https:\/\/lequotidien.mr\/#website"},"primaryImageOfPage":{"@id":"https:\/\/lequotidien.mr\/?p=4541&lang=fr#primaryimage"},"image":{"@id":"https:\/\/lequotidien.mr\/?p=4541&lang=fr#primaryimage"},"thumbnailUrl":"https:\/\/lequotidien.mr\/wp-content\/uploads\/2023\/02\/ahmed_ould_cheikh_900_n.jpg","datePublished":"2023-02-08T14:09:58+00:00","breadcrumb":{"@id":"https:\/\/lequotidien.mr\/?p=4541&lang=fr#breadcrumb"},"inLanguage":"ar","potentialAction":[{"@type":"ReadAction","target":["https:\/\/lequotidien.mr\/?p=4541&lang=fr"]}]},{"@type":"ImageObject","inLanguage":"ar","@id":"https:\/\/lequotidien.mr\/?p=4541&lang=fr#primaryimage","url":"https:\/\/lequotidien.mr\/wp-content\/uploads\/2023\/02\/ahmed_ould_cheikh_900_n.jpg","contentUrl":"https:\/\/lequotidien.mr\/wp-content\/uploads\/2023\/02\/ahmed_ould_cheikh_900_n.jpg","width":655,"height":540},{"@type":"BreadcrumbList","@id":"https:\/\/lequotidien.mr\/?p=4541&lang=fr#breadcrumb","itemListElement":[{"@type":"ListItem","position":1,"name":"Home","item":"https:\/\/lequotidien.mr\/"},{"@type":"ListItem","position":2,"name":"Editorial du Calame : Au travail, messieurs les juges !"}]},{"@type":"WebSite","@id":"https:\/\/lequotidien.mr\/#website","url":"https:\/\/lequotidien.mr\/","name":"Le Quotidien de Nouakchott","description":"\u0625\u062e\u0628\u0627\u0631\u064a\u0629 \u0645\u0633\u062a\u0642\u0644\u0629 \u0644\u0644\u0623\u0646\u0628\u0627\u0621 \u0627\u0644\u0639\u0627\u0645\u0629","publisher":{"@id":"https:\/\/lequotidien.mr\/#organization"},"potentialAction":[{"@type":"SearchAction","target":{"@type":"EntryPoint","urlTemplate":"https:\/\/lequotidien.mr\/?s={search_term_string}"},"query-input":{"@type":"PropertyValueSpecification","valueRequired":true,"valueName":"search_term_string"}}],"inLanguage":"ar"},{"@type":"Organization","@id":"https:\/\/lequotidien.mr\/#organization","name":"Le Quotidien de Nouakchott","url":"https:\/\/lequotidien.mr\/","logo":{"@type":"ImageObject","inLanguage":"ar","@id":"https:\/\/lequotidien.mr\/#\/schema\/logo\/image\/","url":"https:\/\/lequotidien.mr\/wp-content\/uploads\/2022\/11\/logolequotidien.jpg","contentUrl":"https:\/\/lequotidien.mr\/wp-content\/uploads\/2022\/11\/logolequotidien.jpg","width":290,"height":65,"caption":"Le Quotidien de Nouakchott"},"image":{"@id":"https:\/\/lequotidien.mr\/#\/schema\/logo\/image\/"},"sameAs":["https:\/\/web.facebook.com\/lequotidienmr","https:\/\/x.com\/lequotidienmr"]},{"@type":"Person","@id":"https:\/\/lequotidien.mr\/#\/schema\/person\/1077c8abd5640a6514b909318d271dee","name":"Gayi Diawara","image":{"@type":"ImageObject","inLanguage":"ar","@id":"https:\/\/secure.gravatar.com\/avatar\/63ea8db1e19a6d2d608b24c0f78b5f3a7d6e0bc11959fec273410af333e4d0ac?s=96&d=mm&r=g","url":"https:\/\/secure.gravatar.com\/avatar\/63ea8db1e19a6d2d608b24c0f78b5f3a7d6e0bc11959fec273410af333e4d0ac?s=96&d=mm&r=g","contentUrl":"https:\/\/secure.gravatar.com\/avatar\/63ea8db1e19a6d2d608b24c0f78b5f3a7d6e0bc11959fec273410af333e4d0ac?s=96&d=mm&r=g","caption":"Gayi Diawara"},"sameAs":["http:\/\/lequotidien.mr"],"url":"https:\/\/lequotidien.mr\/?author=5"}]}},"_links":{"self":[{"href":"https:\/\/lequotidien.mr\/index.php?rest_route=\/wp\/v2\/posts\/4541","targetHints":{"allow":["GET"]}}],"collection":[{"href":"https:\/\/lequotidien.mr\/index.php?rest_route=\/wp\/v2\/posts"}],"about":[{"href":"https:\/\/lequotidien.mr\/index.php?rest_route=\/wp\/v2\/types\/post"}],"author":[{"embeddable":true,"href":"https:\/\/lequotidien.mr\/index.php?rest_route=\/wp\/v2\/users\/5"}],"replies":[{"embeddable":true,"href":"https:\/\/lequotidien.mr\/index.php?rest_route=%2Fwp%2Fv2%2Fcomments&post=4541"}],"version-history":[{"count":1,"href":"https:\/\/lequotidien.mr\/index.php?rest_route=\/wp\/v2\/posts\/4541\/revisions"}],"predecessor-version":[{"id":4542,"href":"https:\/\/lequotidien.mr\/index.php?rest_route=\/wp\/v2\/posts\/4541\/revisions\/4542"}],"wp:featuredmedia":[{"embeddable":true,"href":"https:\/\/lequotidien.mr\/index.php?rest_route=\/wp\/v2\/media\/4114"}],"wp:attachment":[{"href":"https:\/\/lequotidien.mr\/index.php?rest_route=%2Fwp%2Fv2%2Fmedia&parent=4541"}],"wp:term":[{"taxonomy":"category","embeddable":true,"href":"https:\/\/lequotidien.mr\/index.php?rest_route=%2Fwp%2Fv2%2Fcategories&post=4541"},{"taxonomy":"post_tag","embeddable":true,"href":"https:\/\/lequotidien.mr\/index.php?rest_route=%2Fwp%2Fv2%2Ftags&post=4541"}],"curies":[{"name":"wp","href":"https:\/\/api.w.org\/{rel}","templated":true}]}}