{"id":4487,"date":"2023-02-07T13:36:58","date_gmt":"2023-02-07T13:36:58","guid":{"rendered":"https:\/\/lequotidien.mr\/?p=4487"},"modified":"2023-02-07T13:36:58","modified_gmt":"2023-02-07T13:36:58","slug":"recherche-de-fonds-o-m-kane-reprend-son-baton-de-pelerin","status":"publish","type":"post","link":"https:\/\/lequotidien.mr\/?p=4487&lang=fr","title":{"rendered":"Recherche de fonds : O.M.Kane reprend son b\u00e2ton de p\u00e8lerin"},"content":{"rendered":"<p>La D\u00e9p\u00eache &#8211; C\u2019est une tourn\u00e9e d\u2019une dizaine de jours que le ministre des affaires \u00e9conomiques et de la promotion des secteurs productifs entame ce lundi pour pr\u00eacher une coop\u00e9ration \u00e9conomique plus pouss\u00e9e avec les pays du vieux Continent \u00e0 la lumi\u00e8re du satisfecit des institutions mon\u00e9taires internationales en relation avec le bilan \u00e9conomique du gouvernement.<\/p>\n<p>Et comme tous les chemins m\u00e8nent \u00e0 Rome, c\u2019est par l\u2019Italie que le ministre inaugure son p\u00e9riple europ\u00e9en. Dans la capitale italienne, O.M.Kane prendra part aux travaux de la 46\u00e8me session du conseil des gouverneurs du Fonds international de d\u00e9veloppement agricole (FIDA), pr\u00e9vue 10 au 15 F\u00e9vrier.<\/p>\n<p>Un endroit indiqu\u00e9 pour le ministre mauritanien pour parler de la \u00abr\u00e9volution \u00bb alimentaire escompt\u00e9e par les autorit\u00e9s du pays. Une rencontre dont le gouvernement attend beaucoup eu \u00e9gard aux engagements souscrits pour aider le Continent \u00e0 relever les d\u00e9fis de s\u00e9curit\u00e9 alimentaire.<\/p>\n<p>Mais c\u2019est \u00e0 Berlin -du 16 au 19 f\u00e9vrier- que la tourn\u00e9e du ministre devrait \u00eatre \u00ab sonnante et tr\u00e9buchante \u00bb avec le programme de rencontre avec les hauts responsables du minist\u00e8re de la coop\u00e9ration allemande et des organismes de financement pour plaider une hausse des financements rendus moins al\u00e9atoires avec ses diff\u00e9rents cr\u00e9anciers, gr\u00e2ce aux avanc\u00e9es \u00e9conomiques r\u00e9alis\u00e9es par le gouvernement, ces derni\u00e8res, en d\u00e9pit du contexte international difficile et de l\u2019impact de la Covid sur les politiques publiques dans le pays.<\/p>\n","protected":false},"excerpt":{"rendered":"<p>La D\u00e9p\u00eache &#8211; C\u2019est une tourn\u00e9e d\u2019une dizaine de jours que le ministre des affaires \u00e9conomiques et de la promotion des secteurs productifs entame ce lundi pour pr\u00eacher une coop\u00e9ration \u00e9conomique plus pouss\u00e9e avec les pays du vieux Continent \u00e0 la lumi\u00e8re du satisfecit des institutions mon\u00e9taires internationales en relation avec le bilan \u00e9conomique du&#8230;..<\/p>\n","protected":false},"author":5,"featured_media":4490,"comment_status":"open","ping_status":"open","sticky":false,"template":"","format":"standard","meta":{"footnotes":""},"categories":[23,49],"tags":[],"class_list":["post-4487","post","type-post","status-publish","format-standard","has-post-thumbnail","hentry","category-actualite","category-economie"],"yoast_head":"<!-- This site is optimized with the Yoast SEO plugin v27.5 - https:\/\/yoast.com\/product\/yoast-seo-wordpress\/ -->\n<title>Recherche de fonds : O.M.Kane reprend son b\u00e2ton de p\u00e8lerin - Le Quotidien de Nouakchott<\/title>\n<meta name=\"robots\" content=\"index, follow, max-snippet:-1, max-image-preview:large, max-video-preview:-1\" \/>\n<link rel=\"canonical\" href=\"https:\/\/lequotidien.mr\/?p=4487&lang=fr\" \/>\n<meta property=\"og:locale\" content=\"ar_AR\" \/>\n<meta property=\"og:type\" content=\"article\" \/>\n<meta property=\"og:title\" content=\"Recherche de fonds : O.M.Kane reprend son b\u00e2ton de p\u00e8lerin - Le Quotidien de Nouakchott\" \/>\n<meta property=\"og:description\" content=\"La D\u00e9p\u00eache &#8211; C\u2019est une tourn\u00e9e d\u2019une dizaine de jours que le ministre des affaires \u00e9conomiques et de la promotion des secteurs productifs entame ce lundi pour pr\u00eacher une coop\u00e9ration \u00e9conomique plus pouss\u00e9e avec les pays du vieux Continent \u00e0 la lumi\u00e8re du satisfecit des institutions mon\u00e9taires internationales en relation avec le bilan \u00e9conomique du.....\" \/>\n<meta property=\"og:url\" content=\"https:\/\/lequotidien.mr\/?p=4487&amp;lang=fr\" \/>\n<meta property=\"og:site_name\" content=\"Le Quotidien de Nouakchott\" \/>\n<meta property=\"article:publisher\" content=\"https:\/\/web.facebook.com\/lequotidienmr\" \/>\n<meta property=\"article:published_time\" content=\"2023-02-07T13:36:58+00:00\" \/>\n<meta property=\"og:image\" content=\"https:\/\/lequotidien.mr\/wp-content\/uploads\/2023\/02\/kane_ousmane_zsVFbKH_X2.jpg\" \/>\n\t<meta property=\"og:image:width\" content=\"641\" \/>\n\t<meta property=\"og:image:height\" content=\"518\" \/>\n\t<meta property=\"og:image:type\" content=\"image\/jpeg\" \/>\n<meta name=\"author\" content=\"Gayi Diawara\" \/>\n<meta name=\"twitter:card\" content=\"summary_large_image\" \/>\n<meta name=\"twitter:creator\" content=\"@lequotidienmr\" \/>\n<meta name=\"twitter:site\" content=\"@lequotidienmr\" \/>\n<meta name=\"twitter:label1\" content=\"\u0643\u064f\u062a\u0628 \u0628\u0648\u0627\u0633\u0637\u0629\" \/>\n\t<meta name=\"twitter:data1\" content=\"Gayi Diawara\" \/>\n\t<meta name=\"twitter:label2\" content=\"\u0648\u0642\u062a \u0627\u0644\u0642\u0631\u0627\u0621\u0629 \u0627\u0644\u0645\u064f\u0642\u062f\u0651\u0631\" \/>\n\t<meta name=\"twitter:data2\" content=\"\u062f\u0642\u064a\u0642\u0629 \u0648\u0627\u062d\u062f\u0629\" \/>\n<script type=\"application\/ld+json\" class=\"yoast-schema-graph\">{\"@context\":\"https:\\\/\\\/schema.org\",\"@graph\":[{\"@type\":\"Article\",\"@id\":\"https:\\\/\\\/lequotidien.mr\\\/?p=4487&lang=fr#article\",\"isPartOf\":{\"@id\":\"https:\\\/\\\/lequotidien.mr\\\/?p=4487&lang=fr\"},\"author\":{\"name\":\"Gayi Diawara\",\"@id\":\"https:\\\/\\\/lequotidien.mr\\\/#\\\/schema\\\/person\\\/1077c8abd5640a6514b909318d271dee\"},\"headline\":\"Recherche de fonds : O.M.Kane reprend son b\u00e2ton de p\u00e8lerin\",\"datePublished\":\"2023-02-07T13:36:58+00:00\",\"mainEntityOfPage\":{\"@id\":\"https:\\\/\\\/lequotidien.mr\\\/?p=4487&lang=fr\"},\"wordCount\":272,\"commentCount\":0,\"publisher\":{\"@id\":\"https:\\\/\\\/lequotidien.mr\\\/#organization\"},\"image\":{\"@id\":\"https:\\\/\\\/lequotidien.mr\\\/?p=4487&lang=fr#primaryimage\"},\"thumbnailUrl\":\"https:\\\/\\\/lequotidien.mr\\\/wp-content\\\/uploads\\\/2023\\\/02\\\/kane_ousmane_zsVFbKH_X2.jpg\",\"articleSection\":[\"ACTUALIT\u00c9\",\"Economie\"],\"inLanguage\":\"ar\",\"potentialAction\":[{\"@type\":\"CommentAction\",\"name\":\"Comment\",\"target\":[\"https:\\\/\\\/lequotidien.mr\\\/?p=4487&lang=fr#respond\"]}]},{\"@type\":\"WebPage\",\"@id\":\"https:\\\/\\\/lequotidien.mr\\\/?p=4487&lang=fr\",\"url\":\"https:\\\/\\\/lequotidien.mr\\\/?p=4487&lang=fr\",\"name\":\"Recherche de fonds : O.M.Kane reprend son b\u00e2ton de p\u00e8lerin - Le Quotidien de Nouakchott\",\"isPartOf\":{\"@id\":\"https:\\\/\\\/lequotidien.mr\\\/#website\"},\"primaryImageOfPage\":{\"@id\":\"https:\\\/\\\/lequotidien.mr\\\/?p=4487&lang=fr#primaryimage\"},\"image\":{\"@id\":\"https:\\\/\\\/lequotidien.mr\\\/?p=4487&lang=fr#primaryimage\"},\"thumbnailUrl\":\"https:\\\/\\\/lequotidien.mr\\\/wp-content\\\/uploads\\\/2023\\\/02\\\/kane_ousmane_zsVFbKH_X2.jpg\",\"datePublished\":\"2023-02-07T13:36:58+00:00\",\"breadcrumb\":{\"@id\":\"https:\\\/\\\/lequotidien.mr\\\/?p=4487&lang=fr#breadcrumb\"},\"inLanguage\":\"ar\",\"potentialAction\":[{\"@type\":\"ReadAction\",\"target\":[\"https:\\\/\\\/lequotidien.mr\\\/?p=4487&lang=fr\"]}]},{\"@type\":\"ImageObject\",\"inLanguage\":\"ar\",\"@id\":\"https:\\\/\\\/lequotidien.mr\\\/?p=4487&lang=fr#primaryimage\",\"url\":\"https:\\\/\\\/lequotidien.mr\\\/wp-content\\\/uploads\\\/2023\\\/02\\\/kane_ousmane_zsVFbKH_X2.jpg\",\"contentUrl\":\"https:\\\/\\\/lequotidien.mr\\\/wp-content\\\/uploads\\\/2023\\\/02\\\/kane_ousmane_zsVFbKH_X2.jpg\",\"width\":641,\"height\":518},{\"@type\":\"BreadcrumbList\",\"@id\":\"https:\\\/\\\/lequotidien.mr\\\/?p=4487&lang=fr#breadcrumb\",\"itemListElement\":[{\"@type\":\"ListItem\",\"position\":1,\"name\":\"Home\",\"item\":\"https:\\\/\\\/lequotidien.mr\\\/\"},{\"@type\":\"ListItem\",\"position\":2,\"name\":\"Recherche de fonds : O.M.Kane reprend son b\u00e2ton de p\u00e8lerin\"}]},{\"@type\":\"WebSite\",\"@id\":\"https:\\\/\\\/lequotidien.mr\\\/#website\",\"url\":\"https:\\\/\\\/lequotidien.mr\\\/\",\"name\":\"Le Quotidien de Nouakchott\",\"description\":\"\u0625\u062e\u0628\u0627\u0631\u064a\u0629 \u0645\u0633\u062a\u0642\u0644\u0629 \u0644\u0644\u0623\u0646\u0628\u0627\u0621 \u0627\u0644\u0639\u0627\u0645\u0629\",\"publisher\":{\"@id\":\"https:\\\/\\\/lequotidien.mr\\\/#organization\"},\"potentialAction\":[{\"@type\":\"SearchAction\",\"target\":{\"@type\":\"EntryPoint\",\"urlTemplate\":\"https:\\\/\\\/lequotidien.mr\\\/?s={search_term_string}\"},\"query-input\":{\"@type\":\"PropertyValueSpecification\",\"valueRequired\":true,\"valueName\":\"search_term_string\"}}],\"inLanguage\":\"ar\"},{\"@type\":\"Organization\",\"@id\":\"https:\\\/\\\/lequotidien.mr\\\/#organization\",\"name\":\"Le Quotidien de Nouakchott\",\"url\":\"https:\\\/\\\/lequotidien.mr\\\/\",\"logo\":{\"@type\":\"ImageObject\",\"inLanguage\":\"ar\",\"@id\":\"https:\\\/\\\/lequotidien.mr\\\/#\\\/schema\\\/logo\\\/image\\\/\",\"url\":\"https:\\\/\\\/lequotidien.mr\\\/wp-content\\\/uploads\\\/2022\\\/11\\\/logolequotidien.jpg\",\"contentUrl\":\"https:\\\/\\\/lequotidien.mr\\\/wp-content\\\/uploads\\\/2022\\\/11\\\/logolequotidien.jpg\",\"width\":290,\"height\":65,\"caption\":\"Le Quotidien de Nouakchott\"},\"image\":{\"@id\":\"https:\\\/\\\/lequotidien.mr\\\/#\\\/schema\\\/logo\\\/image\\\/\"},\"sameAs\":[\"https:\\\/\\\/web.facebook.com\\\/lequotidienmr\",\"https:\\\/\\\/x.com\\\/lequotidienmr\"]},{\"@type\":\"Person\",\"@id\":\"https:\\\/\\\/lequotidien.mr\\\/#\\\/schema\\\/person\\\/1077c8abd5640a6514b909318d271dee\",\"name\":\"Gayi Diawara\",\"image\":{\"@type\":\"ImageObject\",\"inLanguage\":\"ar\",\"@id\":\"https:\\\/\\\/secure.gravatar.com\\\/avatar\\\/63ea8db1e19a6d2d608b24c0f78b5f3a7d6e0bc11959fec273410af333e4d0ac?s=96&d=mm&r=g\",\"url\":\"https:\\\/\\\/secure.gravatar.com\\\/avatar\\\/63ea8db1e19a6d2d608b24c0f78b5f3a7d6e0bc11959fec273410af333e4d0ac?s=96&d=mm&r=g\",\"contentUrl\":\"https:\\\/\\\/secure.gravatar.com\\\/avatar\\\/63ea8db1e19a6d2d608b24c0f78b5f3a7d6e0bc11959fec273410af333e4d0ac?s=96&d=mm&r=g\",\"caption\":\"Gayi Diawara\"},\"sameAs\":[\"http:\\\/\\\/lequotidien.mr\"],\"url\":\"https:\\\/\\\/lequotidien.mr\\\/?author=5\"}]}<\/script>\n<!-- \/ Yoast SEO plugin. -->","yoast_head_json":{"title":"Recherche de fonds : O.M.Kane reprend son b\u00e2ton de p\u00e8lerin - Le Quotidien de Nouakchott","robots":{"index":"index","follow":"follow","max-snippet":"max-snippet:-1","max-image-preview":"max-image-preview:large","max-video-preview":"max-video-preview:-1"},"canonical":"https:\/\/lequotidien.mr\/?p=4487&lang=fr","og_locale":"ar_AR","og_type":"article","og_title":"Recherche de fonds : O.M.Kane reprend son b\u00e2ton de p\u00e8lerin - Le Quotidien de Nouakchott","og_description":"La D\u00e9p\u00eache &#8211; C\u2019est une tourn\u00e9e d\u2019une dizaine de jours que le ministre des affaires \u00e9conomiques et de la promotion des secteurs productifs entame ce lundi pour pr\u00eacher une coop\u00e9ration \u00e9conomique plus pouss\u00e9e avec les pays du vieux Continent \u00e0 la lumi\u00e8re du satisfecit des institutions mon\u00e9taires internationales en relation avec le bilan \u00e9conomique du.....","og_url":"https:\/\/lequotidien.mr\/?p=4487&lang=fr","og_site_name":"Le Quotidien de Nouakchott","article_publisher":"https:\/\/web.facebook.com\/lequotidienmr","article_published_time":"2023-02-07T13:36:58+00:00","og_image":[{"width":641,"height":518,"url":"https:\/\/lequotidien.mr\/wp-content\/uploads\/2023\/02\/kane_ousmane_zsVFbKH_X2.jpg","type":"image\/jpeg"}],"author":"Gayi Diawara","twitter_card":"summary_large_image","twitter_creator":"@lequotidienmr","twitter_site":"@lequotidienmr","twitter_misc":{"\u0643\u064f\u062a\u0628 \u0628\u0648\u0627\u0633\u0637\u0629":"Gayi Diawara","\u0648\u0642\u062a \u0627\u0644\u0642\u0631\u0627\u0621\u0629 \u0627\u0644\u0645\u064f\u0642\u062f\u0651\u0631":"\u062f\u0642\u064a\u0642\u0629 \u0648\u0627\u062d\u062f\u0629"},"schema":{"@context":"https:\/\/schema.org","@graph":[{"@type":"Article","@id":"https:\/\/lequotidien.mr\/?p=4487&lang=fr#article","isPartOf":{"@id":"https:\/\/lequotidien.mr\/?p=4487&lang=fr"},"author":{"name":"Gayi Diawara","@id":"https:\/\/lequotidien.mr\/#\/schema\/person\/1077c8abd5640a6514b909318d271dee"},"headline":"Recherche de fonds : O.M.Kane reprend son b\u00e2ton de p\u00e8lerin","datePublished":"2023-02-07T13:36:58+00:00","mainEntityOfPage":{"@id":"https:\/\/lequotidien.mr\/?p=4487&lang=fr"},"wordCount":272,"commentCount":0,"publisher":{"@id":"https:\/\/lequotidien.mr\/#organization"},"image":{"@id":"https:\/\/lequotidien.mr\/?p=4487&lang=fr#primaryimage"},"thumbnailUrl":"https:\/\/lequotidien.mr\/wp-content\/uploads\/2023\/02\/kane_ousmane_zsVFbKH_X2.jpg","articleSection":["ACTUALIT\u00c9","Economie"],"inLanguage":"ar","potentialAction":[{"@type":"CommentAction","name":"Comment","target":["https:\/\/lequotidien.mr\/?p=4487&lang=fr#respond"]}]},{"@type":"WebPage","@id":"https:\/\/lequotidien.mr\/?p=4487&lang=fr","url":"https:\/\/lequotidien.mr\/?p=4487&lang=fr","name":"Recherche de fonds : O.M.Kane reprend son b\u00e2ton de p\u00e8lerin - Le Quotidien de Nouakchott","isPartOf":{"@id":"https:\/\/lequotidien.mr\/#website"},"primaryImageOfPage":{"@id":"https:\/\/lequotidien.mr\/?p=4487&lang=fr#primaryimage"},"image":{"@id":"https:\/\/lequotidien.mr\/?p=4487&lang=fr#primaryimage"},"thumbnailUrl":"https:\/\/lequotidien.mr\/wp-content\/uploads\/2023\/02\/kane_ousmane_zsVFbKH_X2.jpg","datePublished":"2023-02-07T13:36:58+00:00","breadcrumb":{"@id":"https:\/\/lequotidien.mr\/?p=4487&lang=fr#breadcrumb"},"inLanguage":"ar","potentialAction":[{"@type":"ReadAction","target":["https:\/\/lequotidien.mr\/?p=4487&lang=fr"]}]},{"@type":"ImageObject","inLanguage":"ar","@id":"https:\/\/lequotidien.mr\/?p=4487&lang=fr#primaryimage","url":"https:\/\/lequotidien.mr\/wp-content\/uploads\/2023\/02\/kane_ousmane_zsVFbKH_X2.jpg","contentUrl":"https:\/\/lequotidien.mr\/wp-content\/uploads\/2023\/02\/kane_ousmane_zsVFbKH_X2.jpg","width":641,"height":518},{"@type":"BreadcrumbList","@id":"https:\/\/lequotidien.mr\/?p=4487&lang=fr#breadcrumb","itemListElement":[{"@type":"ListItem","position":1,"name":"Home","item":"https:\/\/lequotidien.mr\/"},{"@type":"ListItem","position":2,"name":"Recherche de fonds : O.M.Kane reprend son b\u00e2ton de p\u00e8lerin"}]},{"@type":"WebSite","@id":"https:\/\/lequotidien.mr\/#website","url":"https:\/\/lequotidien.mr\/","name":"Le Quotidien de Nouakchott","description":"\u0625\u062e\u0628\u0627\u0631\u064a\u0629 \u0645\u0633\u062a\u0642\u0644\u0629 \u0644\u0644\u0623\u0646\u0628\u0627\u0621 \u0627\u0644\u0639\u0627\u0645\u0629","publisher":{"@id":"https:\/\/lequotidien.mr\/#organization"},"potentialAction":[{"@type":"SearchAction","target":{"@type":"EntryPoint","urlTemplate":"https:\/\/lequotidien.mr\/?s={search_term_string}"},"query-input":{"@type":"PropertyValueSpecification","valueRequired":true,"valueName":"search_term_string"}}],"inLanguage":"ar"},{"@type":"Organization","@id":"https:\/\/lequotidien.mr\/#organization","name":"Le Quotidien de Nouakchott","url":"https:\/\/lequotidien.mr\/","logo":{"@type":"ImageObject","inLanguage":"ar","@id":"https:\/\/lequotidien.mr\/#\/schema\/logo\/image\/","url":"https:\/\/lequotidien.mr\/wp-content\/uploads\/2022\/11\/logolequotidien.jpg","contentUrl":"https:\/\/lequotidien.mr\/wp-content\/uploads\/2022\/11\/logolequotidien.jpg","width":290,"height":65,"caption":"Le Quotidien de Nouakchott"},"image":{"@id":"https:\/\/lequotidien.mr\/#\/schema\/logo\/image\/"},"sameAs":["https:\/\/web.facebook.com\/lequotidienmr","https:\/\/x.com\/lequotidienmr"]},{"@type":"Person","@id":"https:\/\/lequotidien.mr\/#\/schema\/person\/1077c8abd5640a6514b909318d271dee","name":"Gayi Diawara","image":{"@type":"ImageObject","inLanguage":"ar","@id":"https:\/\/secure.gravatar.com\/avatar\/63ea8db1e19a6d2d608b24c0f78b5f3a7d6e0bc11959fec273410af333e4d0ac?s=96&d=mm&r=g","url":"https:\/\/secure.gravatar.com\/avatar\/63ea8db1e19a6d2d608b24c0f78b5f3a7d6e0bc11959fec273410af333e4d0ac?s=96&d=mm&r=g","contentUrl":"https:\/\/secure.gravatar.com\/avatar\/63ea8db1e19a6d2d608b24c0f78b5f3a7d6e0bc11959fec273410af333e4d0ac?s=96&d=mm&r=g","caption":"Gayi Diawara"},"sameAs":["http:\/\/lequotidien.mr"],"url":"https:\/\/lequotidien.mr\/?author=5"}]}},"_links":{"self":[{"href":"https:\/\/lequotidien.mr\/index.php?rest_route=\/wp\/v2\/posts\/4487","targetHints":{"allow":["GET"]}}],"collection":[{"href":"https:\/\/lequotidien.mr\/index.php?rest_route=\/wp\/v2\/posts"}],"about":[{"href":"https:\/\/lequotidien.mr\/index.php?rest_route=\/wp\/v2\/types\/post"}],"author":[{"embeddable":true,"href":"https:\/\/lequotidien.mr\/index.php?rest_route=\/wp\/v2\/users\/5"}],"replies":[{"embeddable":true,"href":"https:\/\/lequotidien.mr\/index.php?rest_route=%2Fwp%2Fv2%2Fcomments&post=4487"}],"version-history":[{"count":1,"href":"https:\/\/lequotidien.mr\/index.php?rest_route=\/wp\/v2\/posts\/4487\/revisions"}],"predecessor-version":[{"id":4491,"href":"https:\/\/lequotidien.mr\/index.php?rest_route=\/wp\/v2\/posts\/4487\/revisions\/4491"}],"wp:featuredmedia":[{"embeddable":true,"href":"https:\/\/lequotidien.mr\/index.php?rest_route=\/wp\/v2\/media\/4490"}],"wp:attachment":[{"href":"https:\/\/lequotidien.mr\/index.php?rest_route=%2Fwp%2Fv2%2Fmedia&parent=4487"}],"wp:term":[{"taxonomy":"category","embeddable":true,"href":"https:\/\/lequotidien.mr\/index.php?rest_route=%2Fwp%2Fv2%2Fcategories&post=4487"},{"taxonomy":"post_tag","embeddable":true,"href":"https:\/\/lequotidien.mr\/index.php?rest_route=%2Fwp%2Fv2%2Ftags&post=4487"}],"curies":[{"name":"wp","href":"https:\/\/api.w.org\/{rel}","templated":true}]}}