{"id":448,"date":"2022-11-16T19:26:13","date_gmt":"2022-11-16T19:26:13","guid":{"rendered":"https:\/\/lequotidien.mr\/?p=448"},"modified":"2022-11-16T19:26:13","modified_gmt":"2022-11-16T19:26:13","slug":"ouverture-du-secteur-de-la-production-delectricite-aux-prives-la-somelec-se-penche-sur-sa-grille-tarifaire","status":"publish","type":"post","link":"https:\/\/lequotidien.mr\/?p=448&lang=fr","title":{"rendered":"Ouverture du secteur de la production d\u2019\u00e9lectricit\u00e9 aux priv\u00e9s : La Somelec se penche sur sa grille tarifaire"},"content":{"rendered":"<div class=\"field field-name-body field-type-text-with-summary field-label-hidden\">\n<div class=\"field-items\">\n<div class=\"field-item even\">\n<p>La Soci\u00e9t\u00e9 mauritanienne d\u2019\u00e9lectricit\u00e9 (Somelec) -b\u00e9n\u00e9ficiaire en septembre 2021 d\u2019un plan de sauvetage appuy\u00e9\u00a0 par le gouvernement du pr\u00e9sident Ghazouani qui a bien voulu d\u00e9caiss\u00e9 71 millions USD- se penche pr\u00e9sentement sur sa grille tarifaire.<\/p>\n<p>Cheikh Abdellahi Bedde DG de la compagnie publique qui monopolise la production, le transport et la commercialisation de l\u2019\u00e9lectricit\u00e9 vient en effet de convier le consultant (firme) Microconsulting \u00e0 formuler une offre financi\u00e8re pour la r\u00e9alisation d\u2019\u00e9tudes pour la fixation et l\u2019ajustement de besoins de revenus de la Somelec, selon des sources s\u00fbres.<\/p>\n<p>Les \u00e9tudes en question \u00a0\u00a0se situent \u00a0en amont de l\u2019ouverture du secteur de la production de l\u2019\u00e9lectricit\u00e9 aux priv\u00e9s et \u00a0visent \u00a0\u00e0 l\u2019am\u00e9lioration des performances de la Somelec et \u00e0 accro\u00eetre sa cr\u00e9dibilit\u00e9 en tant que futur acheteur potentiel d&#8217;\u00e9lectricit\u00e9 produite par le secteur priv\u00e9.<\/p>\n<p>Jusque-l\u00e0 l\u2019ouverture du secteur de l\u2019\u00e9lectricit\u00e9 aux particuliers est rest\u00e9e au stade de v\u0153u pieux. La d\u00e9saffection \u00e0 l\u2019\u00e9gard des licences de d\u00e9l\u00e9gation de service public d\u2019\u00e9lectricit\u00e9 en est une preuve patente.<\/p>\n<p>Qu\u2019importe les autorit\u00e9s ont d\u00e9cid\u00e9 de s\u00e9duire des investisseurs pour la production de l\u2019\u00e9lectricit\u00e9. \u00a0Reste \u00e0 savoir si elles r\u00e9ussiront \u00e0 relever le d\u00e9fi.<\/p>\n<\/div>\n<\/div>\n<\/div>\n<div class=\"sharethis-buttons\"><\/div>\n","protected":false},"excerpt":{"rendered":"<p>La Soci\u00e9t\u00e9 mauritanienne d\u2019\u00e9lectricit\u00e9 (Somelec) -b\u00e9n\u00e9ficiaire en septembre 2021 d\u2019un plan de sauvetage appuy\u00e9\u00a0 par le gouvernement du pr\u00e9sident Ghazouani qui a bien voulu d\u00e9caiss\u00e9 71 millions USD- se penche pr\u00e9sentement sur sa grille tarifaire. Cheikh Abdellahi Bedde DG de la compagnie publique qui monopolise la production, le transport et la commercialisation de l\u2019\u00e9lectricit\u00e9 vient&#8230;..<\/p>\n","protected":false},"author":5,"featured_media":449,"comment_status":"open","ping_status":"open","sticky":false,"template":"","format":"standard","meta":{"footnotes":""},"categories":[23,49],"tags":[],"class_list":["post-448","post","type-post","status-publish","format-standard","has-post-thumbnail","hentry","category-actualite","category-economie"],"yoast_head":"<!-- This site is optimized with the Yoast SEO plugin v27.5 - https:\/\/yoast.com\/product\/yoast-seo-wordpress\/ -->\n<title>Ouverture du secteur de la production d\u2019\u00e9lectricit\u00e9 aux priv\u00e9s : La Somelec se penche sur sa grille tarifaire - Le Quotidien de Nouakchott<\/title>\n<meta name=\"robots\" content=\"index, follow, max-snippet:-1, max-image-preview:large, max-video-preview:-1\" \/>\n<link rel=\"canonical\" href=\"https:\/\/lequotidien.mr\/?p=448&lang=fr\" \/>\n<meta property=\"og:locale\" content=\"ar_AR\" \/>\n<meta property=\"og:type\" content=\"article\" \/>\n<meta property=\"og:title\" content=\"Ouverture du secteur de la production d\u2019\u00e9lectricit\u00e9 aux priv\u00e9s : La Somelec se penche sur sa grille tarifaire - Le Quotidien de Nouakchott\" \/>\n<meta property=\"og:description\" content=\"La Soci\u00e9t\u00e9 mauritanienne d\u2019\u00e9lectricit\u00e9 (Somelec) -b\u00e9n\u00e9ficiaire en septembre 2021 d\u2019un plan de sauvetage appuy\u00e9\u00a0 par le gouvernement du pr\u00e9sident Ghazouani qui a bien voulu d\u00e9caiss\u00e9 71 millions USD- se penche pr\u00e9sentement sur sa grille tarifaire. Cheikh Abdellahi Bedde DG de la compagnie publique qui monopolise la production, le transport et la commercialisation de l\u2019\u00e9lectricit\u00e9 vient.....\" \/>\n<meta property=\"og:url\" content=\"https:\/\/lequotidien.mr\/?p=448&amp;lang=fr\" \/>\n<meta property=\"og:site_name\" content=\"Le Quotidien de Nouakchott\" \/>\n<meta property=\"article:publisher\" content=\"https:\/\/web.facebook.com\/lequotidienmr\" \/>\n<meta property=\"article:published_time\" content=\"2022-11-16T19:26:13+00:00\" \/>\n<meta property=\"og:image\" content=\"https:\/\/lequotidien.mr\/wp-content\/uploads\/2022\/11\/somelc-1.jpg\" \/>\n\t<meta property=\"og:image:width\" content=\"299\" \/>\n\t<meta property=\"og:image:height\" content=\"168\" \/>\n\t<meta property=\"og:image:type\" content=\"image\/jpeg\" \/>\n<meta name=\"author\" content=\"Gayi Diawara\" \/>\n<meta name=\"twitter:card\" content=\"summary_large_image\" \/>\n<meta name=\"twitter:creator\" content=\"@lequotidienmr\" \/>\n<meta name=\"twitter:site\" content=\"@lequotidienmr\" \/>\n<meta name=\"twitter:label1\" content=\"\u0643\u064f\u062a\u0628 \u0628\u0648\u0627\u0633\u0637\u0629\" \/>\n\t<meta name=\"twitter:data1\" content=\"Gayi Diawara\" \/>\n\t<meta name=\"twitter:label2\" content=\"\u0648\u0642\u062a \u0627\u0644\u0642\u0631\u0627\u0621\u0629 \u0627\u0644\u0645\u064f\u0642\u062f\u0651\u0631\" \/>\n\t<meta name=\"twitter:data2\" content=\"\u062f\u0642\u064a\u0642\u0629 \u0648\u0627\u062d\u062f\u0629\" \/>\n<script type=\"application\/ld+json\" class=\"yoast-schema-graph\">{\"@context\":\"https:\\\/\\\/schema.org\",\"@graph\":[{\"@type\":\"Article\",\"@id\":\"https:\\\/\\\/lequotidien.mr\\\/?p=448&lang=fr#article\",\"isPartOf\":{\"@id\":\"https:\\\/\\\/lequotidien.mr\\\/?p=448&lang=fr\"},\"author\":{\"name\":\"Gayi Diawara\",\"@id\":\"https:\\\/\\\/lequotidien.mr\\\/#\\\/schema\\\/person\\\/1077c8abd5640a6514b909318d271dee\"},\"headline\":\"Ouverture du secteur de la production d\u2019\u00e9lectricit\u00e9 aux priv\u00e9s : La Somelec se penche sur sa grille tarifaire\",\"datePublished\":\"2022-11-16T19:26:13+00:00\",\"mainEntityOfPage\":{\"@id\":\"https:\\\/\\\/lequotidien.mr\\\/?p=448&lang=fr\"},\"wordCount\":238,\"commentCount\":0,\"publisher\":{\"@id\":\"https:\\\/\\\/lequotidien.mr\\\/#organization\"},\"image\":{\"@id\":\"https:\\\/\\\/lequotidien.mr\\\/?p=448&lang=fr#primaryimage\"},\"thumbnailUrl\":\"https:\\\/\\\/lequotidien.mr\\\/wp-content\\\/uploads\\\/2022\\\/11\\\/somelc-1.jpg\",\"articleSection\":[\"ACTUALIT\u00c9\",\"Economie\"],\"inLanguage\":\"ar\",\"potentialAction\":[{\"@type\":\"CommentAction\",\"name\":\"Comment\",\"target\":[\"https:\\\/\\\/lequotidien.mr\\\/?p=448&lang=fr#respond\"]}]},{\"@type\":\"WebPage\",\"@id\":\"https:\\\/\\\/lequotidien.mr\\\/?p=448&lang=fr\",\"url\":\"https:\\\/\\\/lequotidien.mr\\\/?p=448&lang=fr\",\"name\":\"Ouverture du secteur de la production d\u2019\u00e9lectricit\u00e9 aux priv\u00e9s : La Somelec se penche sur sa grille tarifaire - Le Quotidien de Nouakchott\",\"isPartOf\":{\"@id\":\"https:\\\/\\\/lequotidien.mr\\\/#website\"},\"primaryImageOfPage\":{\"@id\":\"https:\\\/\\\/lequotidien.mr\\\/?p=448&lang=fr#primaryimage\"},\"image\":{\"@id\":\"https:\\\/\\\/lequotidien.mr\\\/?p=448&lang=fr#primaryimage\"},\"thumbnailUrl\":\"https:\\\/\\\/lequotidien.mr\\\/wp-content\\\/uploads\\\/2022\\\/11\\\/somelc-1.jpg\",\"datePublished\":\"2022-11-16T19:26:13+00:00\",\"breadcrumb\":{\"@id\":\"https:\\\/\\\/lequotidien.mr\\\/?p=448&lang=fr#breadcrumb\"},\"inLanguage\":\"ar\",\"potentialAction\":[{\"@type\":\"ReadAction\",\"target\":[\"https:\\\/\\\/lequotidien.mr\\\/?p=448&lang=fr\"]}]},{\"@type\":\"ImageObject\",\"inLanguage\":\"ar\",\"@id\":\"https:\\\/\\\/lequotidien.mr\\\/?p=448&lang=fr#primaryimage\",\"url\":\"https:\\\/\\\/lequotidien.mr\\\/wp-content\\\/uploads\\\/2022\\\/11\\\/somelc-1.jpg\",\"contentUrl\":\"https:\\\/\\\/lequotidien.mr\\\/wp-content\\\/uploads\\\/2022\\\/11\\\/somelc-1.jpg\",\"width\":299,\"height\":168},{\"@type\":\"BreadcrumbList\",\"@id\":\"https:\\\/\\\/lequotidien.mr\\\/?p=448&lang=fr#breadcrumb\",\"itemListElement\":[{\"@type\":\"ListItem\",\"position\":1,\"name\":\"Home\",\"item\":\"https:\\\/\\\/lequotidien.mr\\\/\"},{\"@type\":\"ListItem\",\"position\":2,\"name\":\"Ouverture du secteur de la production d\u2019\u00e9lectricit\u00e9 aux priv\u00e9s : La Somelec se penche sur sa grille tarifaire\"}]},{\"@type\":\"WebSite\",\"@id\":\"https:\\\/\\\/lequotidien.mr\\\/#website\",\"url\":\"https:\\\/\\\/lequotidien.mr\\\/\",\"name\":\"Le Quotidien de Nouakchott\",\"description\":\"\u0625\u062e\u0628\u0627\u0631\u064a\u0629 \u0645\u0633\u062a\u0642\u0644\u0629 \u0644\u0644\u0623\u0646\u0628\u0627\u0621 \u0627\u0644\u0639\u0627\u0645\u0629\",\"publisher\":{\"@id\":\"https:\\\/\\\/lequotidien.mr\\\/#organization\"},\"potentialAction\":[{\"@type\":\"SearchAction\",\"target\":{\"@type\":\"EntryPoint\",\"urlTemplate\":\"https:\\\/\\\/lequotidien.mr\\\/?s={search_term_string}\"},\"query-input\":{\"@type\":\"PropertyValueSpecification\",\"valueRequired\":true,\"valueName\":\"search_term_string\"}}],\"inLanguage\":\"ar\"},{\"@type\":\"Organization\",\"@id\":\"https:\\\/\\\/lequotidien.mr\\\/#organization\",\"name\":\"Le Quotidien de Nouakchott\",\"url\":\"https:\\\/\\\/lequotidien.mr\\\/\",\"logo\":{\"@type\":\"ImageObject\",\"inLanguage\":\"ar\",\"@id\":\"https:\\\/\\\/lequotidien.mr\\\/#\\\/schema\\\/logo\\\/image\\\/\",\"url\":\"https:\\\/\\\/lequotidien.mr\\\/wp-content\\\/uploads\\\/2022\\\/11\\\/logolequotidien.jpg\",\"contentUrl\":\"https:\\\/\\\/lequotidien.mr\\\/wp-content\\\/uploads\\\/2022\\\/11\\\/logolequotidien.jpg\",\"width\":290,\"height\":65,\"caption\":\"Le Quotidien de Nouakchott\"},\"image\":{\"@id\":\"https:\\\/\\\/lequotidien.mr\\\/#\\\/schema\\\/logo\\\/image\\\/\"},\"sameAs\":[\"https:\\\/\\\/web.facebook.com\\\/lequotidienmr\",\"https:\\\/\\\/x.com\\\/lequotidienmr\"]},{\"@type\":\"Person\",\"@id\":\"https:\\\/\\\/lequotidien.mr\\\/#\\\/schema\\\/person\\\/1077c8abd5640a6514b909318d271dee\",\"name\":\"Gayi Diawara\",\"image\":{\"@type\":\"ImageObject\",\"inLanguage\":\"ar\",\"@id\":\"https:\\\/\\\/secure.gravatar.com\\\/avatar\\\/63ea8db1e19a6d2d608b24c0f78b5f3a7d6e0bc11959fec273410af333e4d0ac?s=96&d=mm&r=g\",\"url\":\"https:\\\/\\\/secure.gravatar.com\\\/avatar\\\/63ea8db1e19a6d2d608b24c0f78b5f3a7d6e0bc11959fec273410af333e4d0ac?s=96&d=mm&r=g\",\"contentUrl\":\"https:\\\/\\\/secure.gravatar.com\\\/avatar\\\/63ea8db1e19a6d2d608b24c0f78b5f3a7d6e0bc11959fec273410af333e4d0ac?s=96&d=mm&r=g\",\"caption\":\"Gayi Diawara\"},\"sameAs\":[\"http:\\\/\\\/lequotidien.mr\"],\"url\":\"https:\\\/\\\/lequotidien.mr\\\/?author=5\"}]}<\/script>\n<!-- \/ Yoast SEO plugin. -->","yoast_head_json":{"title":"Ouverture du secteur de la production d\u2019\u00e9lectricit\u00e9 aux priv\u00e9s : La Somelec se penche sur sa grille tarifaire - Le Quotidien de Nouakchott","robots":{"index":"index","follow":"follow","max-snippet":"max-snippet:-1","max-image-preview":"max-image-preview:large","max-video-preview":"max-video-preview:-1"},"canonical":"https:\/\/lequotidien.mr\/?p=448&lang=fr","og_locale":"ar_AR","og_type":"article","og_title":"Ouverture du secteur de la production d\u2019\u00e9lectricit\u00e9 aux priv\u00e9s : La Somelec se penche sur sa grille tarifaire - Le Quotidien de Nouakchott","og_description":"La Soci\u00e9t\u00e9 mauritanienne d\u2019\u00e9lectricit\u00e9 (Somelec) -b\u00e9n\u00e9ficiaire en septembre 2021 d\u2019un plan de sauvetage appuy\u00e9\u00a0 par le gouvernement du pr\u00e9sident Ghazouani qui a bien voulu d\u00e9caiss\u00e9 71 millions USD- se penche pr\u00e9sentement sur sa grille tarifaire. Cheikh Abdellahi Bedde DG de la compagnie publique qui monopolise la production, le transport et la commercialisation de l\u2019\u00e9lectricit\u00e9 vient.....","og_url":"https:\/\/lequotidien.mr\/?p=448&lang=fr","og_site_name":"Le Quotidien de Nouakchott","article_publisher":"https:\/\/web.facebook.com\/lequotidienmr","article_published_time":"2022-11-16T19:26:13+00:00","og_image":[{"width":299,"height":168,"url":"https:\/\/lequotidien.mr\/wp-content\/uploads\/2022\/11\/somelc-1.jpg","type":"image\/jpeg"}],"author":"Gayi Diawara","twitter_card":"summary_large_image","twitter_creator":"@lequotidienmr","twitter_site":"@lequotidienmr","twitter_misc":{"\u0643\u064f\u062a\u0628 \u0628\u0648\u0627\u0633\u0637\u0629":"Gayi Diawara","\u0648\u0642\u062a \u0627\u0644\u0642\u0631\u0627\u0621\u0629 \u0627\u0644\u0645\u064f\u0642\u062f\u0651\u0631":"\u062f\u0642\u064a\u0642\u0629 \u0648\u0627\u062d\u062f\u0629"},"schema":{"@context":"https:\/\/schema.org","@graph":[{"@type":"Article","@id":"https:\/\/lequotidien.mr\/?p=448&lang=fr#article","isPartOf":{"@id":"https:\/\/lequotidien.mr\/?p=448&lang=fr"},"author":{"name":"Gayi Diawara","@id":"https:\/\/lequotidien.mr\/#\/schema\/person\/1077c8abd5640a6514b909318d271dee"},"headline":"Ouverture du secteur de la production d\u2019\u00e9lectricit\u00e9 aux priv\u00e9s : La Somelec se penche sur sa grille tarifaire","datePublished":"2022-11-16T19:26:13+00:00","mainEntityOfPage":{"@id":"https:\/\/lequotidien.mr\/?p=448&lang=fr"},"wordCount":238,"commentCount":0,"publisher":{"@id":"https:\/\/lequotidien.mr\/#organization"},"image":{"@id":"https:\/\/lequotidien.mr\/?p=448&lang=fr#primaryimage"},"thumbnailUrl":"https:\/\/lequotidien.mr\/wp-content\/uploads\/2022\/11\/somelc-1.jpg","articleSection":["ACTUALIT\u00c9","Economie"],"inLanguage":"ar","potentialAction":[{"@type":"CommentAction","name":"Comment","target":["https:\/\/lequotidien.mr\/?p=448&lang=fr#respond"]}]},{"@type":"WebPage","@id":"https:\/\/lequotidien.mr\/?p=448&lang=fr","url":"https:\/\/lequotidien.mr\/?p=448&lang=fr","name":"Ouverture du secteur de la production d\u2019\u00e9lectricit\u00e9 aux priv\u00e9s : La Somelec se penche sur sa grille tarifaire - Le Quotidien de Nouakchott","isPartOf":{"@id":"https:\/\/lequotidien.mr\/#website"},"primaryImageOfPage":{"@id":"https:\/\/lequotidien.mr\/?p=448&lang=fr#primaryimage"},"image":{"@id":"https:\/\/lequotidien.mr\/?p=448&lang=fr#primaryimage"},"thumbnailUrl":"https:\/\/lequotidien.mr\/wp-content\/uploads\/2022\/11\/somelc-1.jpg","datePublished":"2022-11-16T19:26:13+00:00","breadcrumb":{"@id":"https:\/\/lequotidien.mr\/?p=448&lang=fr#breadcrumb"},"inLanguage":"ar","potentialAction":[{"@type":"ReadAction","target":["https:\/\/lequotidien.mr\/?p=448&lang=fr"]}]},{"@type":"ImageObject","inLanguage":"ar","@id":"https:\/\/lequotidien.mr\/?p=448&lang=fr#primaryimage","url":"https:\/\/lequotidien.mr\/wp-content\/uploads\/2022\/11\/somelc-1.jpg","contentUrl":"https:\/\/lequotidien.mr\/wp-content\/uploads\/2022\/11\/somelc-1.jpg","width":299,"height":168},{"@type":"BreadcrumbList","@id":"https:\/\/lequotidien.mr\/?p=448&lang=fr#breadcrumb","itemListElement":[{"@type":"ListItem","position":1,"name":"Home","item":"https:\/\/lequotidien.mr\/"},{"@type":"ListItem","position":2,"name":"Ouverture du secteur de la production d\u2019\u00e9lectricit\u00e9 aux priv\u00e9s : La Somelec se penche sur sa grille tarifaire"}]},{"@type":"WebSite","@id":"https:\/\/lequotidien.mr\/#website","url":"https:\/\/lequotidien.mr\/","name":"Le Quotidien de Nouakchott","description":"\u0625\u062e\u0628\u0627\u0631\u064a\u0629 \u0645\u0633\u062a\u0642\u0644\u0629 \u0644\u0644\u0623\u0646\u0628\u0627\u0621 \u0627\u0644\u0639\u0627\u0645\u0629","publisher":{"@id":"https:\/\/lequotidien.mr\/#organization"},"potentialAction":[{"@type":"SearchAction","target":{"@type":"EntryPoint","urlTemplate":"https:\/\/lequotidien.mr\/?s={search_term_string}"},"query-input":{"@type":"PropertyValueSpecification","valueRequired":true,"valueName":"search_term_string"}}],"inLanguage":"ar"},{"@type":"Organization","@id":"https:\/\/lequotidien.mr\/#organization","name":"Le Quotidien de Nouakchott","url":"https:\/\/lequotidien.mr\/","logo":{"@type":"ImageObject","inLanguage":"ar","@id":"https:\/\/lequotidien.mr\/#\/schema\/logo\/image\/","url":"https:\/\/lequotidien.mr\/wp-content\/uploads\/2022\/11\/logolequotidien.jpg","contentUrl":"https:\/\/lequotidien.mr\/wp-content\/uploads\/2022\/11\/logolequotidien.jpg","width":290,"height":65,"caption":"Le Quotidien de Nouakchott"},"image":{"@id":"https:\/\/lequotidien.mr\/#\/schema\/logo\/image\/"},"sameAs":["https:\/\/web.facebook.com\/lequotidienmr","https:\/\/x.com\/lequotidienmr"]},{"@type":"Person","@id":"https:\/\/lequotidien.mr\/#\/schema\/person\/1077c8abd5640a6514b909318d271dee","name":"Gayi Diawara","image":{"@type":"ImageObject","inLanguage":"ar","@id":"https:\/\/secure.gravatar.com\/avatar\/63ea8db1e19a6d2d608b24c0f78b5f3a7d6e0bc11959fec273410af333e4d0ac?s=96&d=mm&r=g","url":"https:\/\/secure.gravatar.com\/avatar\/63ea8db1e19a6d2d608b24c0f78b5f3a7d6e0bc11959fec273410af333e4d0ac?s=96&d=mm&r=g","contentUrl":"https:\/\/secure.gravatar.com\/avatar\/63ea8db1e19a6d2d608b24c0f78b5f3a7d6e0bc11959fec273410af333e4d0ac?s=96&d=mm&r=g","caption":"Gayi Diawara"},"sameAs":["http:\/\/lequotidien.mr"],"url":"https:\/\/lequotidien.mr\/?author=5"}]}},"_links":{"self":[{"href":"https:\/\/lequotidien.mr\/index.php?rest_route=\/wp\/v2\/posts\/448","targetHints":{"allow":["GET"]}}],"collection":[{"href":"https:\/\/lequotidien.mr\/index.php?rest_route=\/wp\/v2\/posts"}],"about":[{"href":"https:\/\/lequotidien.mr\/index.php?rest_route=\/wp\/v2\/types\/post"}],"author":[{"embeddable":true,"href":"https:\/\/lequotidien.mr\/index.php?rest_route=\/wp\/v2\/users\/5"}],"replies":[{"embeddable":true,"href":"https:\/\/lequotidien.mr\/index.php?rest_route=%2Fwp%2Fv2%2Fcomments&post=448"}],"version-history":[{"count":1,"href":"https:\/\/lequotidien.mr\/index.php?rest_route=\/wp\/v2\/posts\/448\/revisions"}],"predecessor-version":[{"id":450,"href":"https:\/\/lequotidien.mr\/index.php?rest_route=\/wp\/v2\/posts\/448\/revisions\/450"}],"wp:featuredmedia":[{"embeddable":true,"href":"https:\/\/lequotidien.mr\/index.php?rest_route=\/wp\/v2\/media\/449"}],"wp:attachment":[{"href":"https:\/\/lequotidien.mr\/index.php?rest_route=%2Fwp%2Fv2%2Fmedia&parent=448"}],"wp:term":[{"taxonomy":"category","embeddable":true,"href":"https:\/\/lequotidien.mr\/index.php?rest_route=%2Fwp%2Fv2%2Fcategories&post=448"},{"taxonomy":"post_tag","embeddable":true,"href":"https:\/\/lequotidien.mr\/index.php?rest_route=%2Fwp%2Fv2%2Ftags&post=448"}],"curies":[{"name":"wp","href":"https:\/\/api.w.org\/{rel}","templated":true}]}}