{"id":435,"date":"2022-11-15T22:09:00","date_gmt":"2022-11-15T22:09:00","guid":{"rendered":"https:\/\/lequotidien.mr\/?p=435"},"modified":"2022-11-15T22:09:00","modified_gmt":"2022-11-15T22:09:00","slug":"ahmed-abba-commente-les-rebondissements-relatifs-a-une-relation-entre-un-membre-de-la-famille-et-une-fille-qui-se-sont-reciproquement-attaches-lun-a-lautre","status":"publish","type":"post","link":"https:\/\/lequotidien.mr\/?p=435&lang=fr","title":{"rendered":"Ahmed Abba commente les rebondissements relatifs \u00e0 une relation entre un membre de la famille et une fille, qui se sont r\u00e9ciproquement attach\u00e9s l\u2019un \u00e0 l\u2019autre"},"content":{"rendered":"<p style=\"text-align: left;\"><span lang=\"FR\">Apr\u00e8s le retour au calme d\u2019un orage suscit\u00e9 par une relation entre l\u2019un des jeunes d\u2019Ehl Abba et une fille qui se sont r\u00e9ciproquement attach\u00e9s l\u2019un \u00e0 l\u2019autre, je me sens d\u00e9sireux de de m\u2019exprimer de mani\u00e8re succincte.<\/span><\/p>\n<p style=\"text-align: left;\"><span lang=\"FR\">\u00a0<\/span><\/p>\n<p style=\"text-align: left;\"><span lang=\"FR\">Je commence tout d\u2019abord \u00a0par exprimer nos remerciements \u00e0 tous les Mauritaniens, dont la plupart se sont solidaris\u00e9s de nous comme \u00a0nous pardonnons aux rares citoyens, qui nous ont invectiv\u00e9s de cette mani\u00e8re ou d\u2019une autre.<\/span><\/p>\n<p style=\"text-align: left;\"><span lang=\"FR\">\u00a0<\/span><\/p>\n<p style=\"text-align: left;\"><span lang=\"FR\">Nous n&#8217;avons pas du tout \u00e9t\u00e9 touch\u00e9s par ces offenses, puisqu\u2019il n\u2019y a de complexe social chez Ehl Abba. Ils ont v\u00e9cu en nobles et honor\u00e9s, dans leur environnement social particulier, demeurant constamment dans les hautes sph\u00e8res, des partenaires respect\u00e9s et ch\u00e9ris<\/span><\/p>\n<p style=\"text-align: left;\"><span lang=\"FR\">\u00a0<\/span><\/p>\n<p style=\"text-align: left;\"><span lang=\"FR\">Ehl Abba ont pr\u00e9serv\u00e9 leur grandeur, leur fiert\u00e9 et leur singularit\u00e9 dans leur vaste communaut\u00e9, la Mauritanie.<\/span><\/p>\n<p style=\"text-align: left;\"><span lang=\"FR\">\u00a0<\/span><\/p>\n<p style=\"text-align: left;\"><span lang=\"FR\">Nous n&#8217;avons jamais ressenti dans notre propre soci\u00e9t\u00e9, ni dans l&#8217;ensemble de la Mauritanie, un quelconque malaise face \u00e0 la structure traditionnelle existante de la soci\u00e9t\u00e9 mauritanienne bas\u00e9e sur les classes.<\/span><\/p>\n<p style=\"text-align: left;\"><span lang=\"FR\">\u00a0<\/span><\/p>\n<p style=\"text-align: left;\"><span lang=\"FR\">Je peux affirmer sans me tromper que nous n&#8217;avons aucun sentiment d\u2019\u00eatre l\u2019une des victimes de cette situation. Nous avons \u00e9t\u00e9 \u00e9lev\u00e9s sur le fait que nous sommes toujours dans le sommet et nous avons toujours v\u00e9cu ainsi&#8230;<\/span><\/p>\n<p style=\"text-align: left;\"><span lang=\"FR\">\u00a0<\/span><\/p>\n<p style=\"text-align: left;\"><span lang=\"FR\">Bien que parler dans notre soci\u00e9t\u00e9, qui est multiethnique, multiculturelle et aux origines diverses, de la puret\u00e9 ethnique reste difficile et inutile, nous sommes convaincus de notre origine arabe.<\/span><\/p>\n<p style=\"text-align: left;\"><span lang=\"FR\">\u00a0<\/span><\/p>\n<p style=\"text-align: left;\"><span lang=\"FR\">L&#8217;art reste juste un m\u00e9tier exerc\u00e9 par ceux qui le veulent et le peuvent. Il n\u2019est pas une origine et le pratiquer n\u2019attire qu&#8217;\u00e0 l&#8217;\u00e9l\u00e9vation.<\/span><\/p>\n<p style=\"text-align: left;\"><span lang=\"FR\">\u00a0<\/span><\/p>\n<p style=\"text-align: left;\"><span lang=\"FR\">L&#8217;art et les artistes d&#8217;origines multiples ont jou\u00e9 de grands r\u00f4les culturels et politiques pour lesquels l&#8217;artiste m\u00e9rite consid\u00e9ration, honneur et \u00e9quit\u00e9.<\/span><\/p>\n<p style=\"text-align: left;\"><span lang=\"FR\">\u00a0<\/span><\/p>\n<p style=\"text-align: left;\"><span lang=\"FR\">Ces mariages mixtes, dont l&#8217;un a suscit\u00e9 la confusion, sont un fait intervenant dans le cadre d&#8217;un syst\u00e8me social toujours enracin\u00e9 et ne sont pas seulement issu des classes, mais plut\u00f4t d\u2019un ordre r\u00e9gissant les tribus.<\/span><\/p>\n<p style=\"text-align: left;\"><span lang=\"FR\">\u00a0<\/span><\/p>\n<p style=\"text-align: left;\"><span lang=\"FR\">Chaque tribu avait continu\u00e9 \u00e0 circonscrire le mariage en son sein et \u00e0 interdire l\u2019union de ses filles avec d&#8217;autres tribus.<\/span><\/p>\n<p style=\"text-align: left;\"><span lang=\"FR\">\u00a0<\/span><\/p>\n<p style=\"text-align: left;\"><span lang=\"FR\">Et malgr\u00e9 l&#8217;enracinement de ce syst\u00e8me au sein de chaque tribu, et entre elle et d&#8217;autres, il y a toujours eu des cas d\u2019exception o\u00f9 cette r\u00e8gle a \u00e9t\u00e9 bris\u00e9e entre tribus et entre les segments au sein de ces ensembles.<\/span><\/p>\n<p style=\"text-align: left;\"><span lang=\"FR\">\u00a0<\/span><\/p>\n<p style=\"text-align: left;\"><span lang=\"FR\">Et parce qu\u2019il n\u2019y a pas et qu\u2019il ne peut y avoir chez nous un sentiment d&#8217;inf\u00e9riorit\u00e9 ou d\u2019humiliation, non plus de complexe, je n&#8217;ai pas d\u2019avis sur cette question \u00e0 part la position g\u00e9n\u00e9rale adopt\u00e9e par les progressistes et les intellectuels du pays qui appellent \u00e0 d\u00e9passer l&#8217;ancien syst\u00e8me et \u00e0 dissoudre pacifiquement les disparit\u00e9s sociales.<\/span><\/p>\n<p style=\"text-align: left;\"><span lang=\"FR\">\u00a0<\/span><\/p>\n<p style=\"text-align: left;\"><span lang=\"FR\">Il est incontestable que l\u2019effacement des diff\u00e9rences sociales et \u00e9conomiques est l&#8217;un des piliers les plus importants sur lesquels se construit l\u2019Etat de justice et d&#8217;\u00e9galit\u00e9.<\/span><\/p>\n<p style=\"text-align: left;\"><span lang=\"FR\">\u00a0<\/span><\/p>\n<p style=\"text-align: center;\"><b><span lang=\"EN-US\">Ahmed Ould Sidaty Ould Abba<\/span><\/b><\/p>\n<p style=\"text-align: left;\"><span lang=\"EN-US\">\u00a0<\/span><\/p>\n<p style=\"text-align: left;\"><b><i><span lang=\"EN-US\">NB\u00a0: Traduction non officielle<\/span><\/i><\/b><\/p>\n","protected":false},"excerpt":{"rendered":"<p>Apr\u00e8s le retour au calme d\u2019un orage suscit\u00e9 par une relation entre l\u2019un des jeunes d\u2019Ehl Abba et une fille qui se sont r\u00e9ciproquement attach\u00e9s l\u2019un \u00e0 l\u2019autre, je me sens d\u00e9sireux de de m\u2019exprimer de mani\u00e8re succincte. \u00a0 Je commence tout d\u2019abord \u00a0par exprimer nos remerciements \u00e0 tous les Mauritaniens, dont la plupart se&#8230;..<\/p>\n","protected":false},"author":3,"featured_media":436,"comment_status":"open","ping_status":"open","sticky":false,"template":"","format":"standard","meta":{"footnotes":""},"categories":[59],"tags":[],"class_list":["post-435","post","type-post","status-publish","format-standard","has-post-thumbnail","hentry","category-opinion"],"yoast_head":"<!-- This site is optimized with the Yoast SEO plugin v27.5 - https:\/\/yoast.com\/product\/yoast-seo-wordpress\/ -->\n<title>Ahmed Abba commente les rebondissements relatifs \u00e0 une relation entre un membre de la famille et une fille, qui se sont r\u00e9ciproquement attach\u00e9s l\u2019un \u00e0 l\u2019autre - Le Quotidien de Nouakchott<\/title>\n<meta name=\"robots\" content=\"index, follow, max-snippet:-1, max-image-preview:large, max-video-preview:-1\" \/>\n<link rel=\"canonical\" href=\"https:\/\/lequotidien.mr\/?p=435&lang=fr\" \/>\n<meta property=\"og:locale\" content=\"ar_AR\" \/>\n<meta property=\"og:type\" content=\"article\" \/>\n<meta property=\"og:title\" content=\"Ahmed Abba commente les rebondissements relatifs \u00e0 une relation entre un membre de la famille et une fille, qui se sont r\u00e9ciproquement attach\u00e9s l\u2019un \u00e0 l\u2019autre - Le Quotidien de Nouakchott\" \/>\n<meta property=\"og:description\" content=\"Apr\u00e8s le retour au calme d\u2019un orage suscit\u00e9 par une relation entre l\u2019un des jeunes d\u2019Ehl Abba et une fille qui se sont r\u00e9ciproquement attach\u00e9s l\u2019un \u00e0 l\u2019autre, je me sens d\u00e9sireux de de m\u2019exprimer de mani\u00e8re succincte. \u00a0 Je commence tout d\u2019abord \u00a0par exprimer nos remerciements \u00e0 tous les Mauritaniens, dont la plupart se.....\" \/>\n<meta property=\"og:url\" content=\"https:\/\/lequotidien.mr\/?p=435&amp;lang=fr\" \/>\n<meta property=\"og:site_name\" content=\"Le Quotidien de Nouakchott\" \/>\n<meta property=\"article:publisher\" content=\"https:\/\/web.facebook.com\/lequotidienmr\" \/>\n<meta property=\"article:author\" content=\"https:\/\/web.facebook.com\/a.mleiwih\" \/>\n<meta property=\"article:published_time\" content=\"2022-11-15T22:09:00+00:00\" \/>\n<meta property=\"og:image\" content=\"https:\/\/lequotidien.mr\/wp-content\/uploads\/2022\/11\/unnamed-1.jpg\" \/>\n\t<meta property=\"og:image:width\" content=\"1080\" \/>\n\t<meta property=\"og:image:height\" content=\"1064\" \/>\n\t<meta property=\"og:image:type\" content=\"image\/jpeg\" \/>\n<meta name=\"author\" content=\"Alioun M&#039;leiwih\" \/>\n<meta name=\"twitter:card\" content=\"summary_large_image\" \/>\n<meta name=\"twitter:creator\" content=\"@lequotidienmr\" \/>\n<meta name=\"twitter:site\" content=\"@lequotidienmr\" \/>\n<meta name=\"twitter:label1\" content=\"\u0643\u064f\u062a\u0628 \u0628\u0648\u0627\u0633\u0637\u0629\" \/>\n\t<meta name=\"twitter:data1\" content=\"Alioun M&#039;leiwih\" \/>\n\t<meta name=\"twitter:label2\" content=\"\u0648\u0642\u062a \u0627\u0644\u0642\u0631\u0627\u0621\u0629 \u0627\u0644\u0645\u064f\u0642\u062f\u0651\u0631\" \/>\n\t<meta name=\"twitter:data2\" content=\"3 \u062f\u0642\u0627\u0626\u0642\" \/>\n<script type=\"application\/ld+json\" class=\"yoast-schema-graph\">{\"@context\":\"https:\\\/\\\/schema.org\",\"@graph\":[{\"@type\":\"Article\",\"@id\":\"https:\\\/\\\/lequotidien.mr\\\/?p=435&lang=fr#article\",\"isPartOf\":{\"@id\":\"https:\\\/\\\/lequotidien.mr\\\/?p=435&lang=fr\"},\"author\":{\"name\":\"Alioun M'leiwih\",\"@id\":\"https:\\\/\\\/lequotidien.mr\\\/#\\\/schema\\\/person\\\/69d1518c74c9137087929a20b1272cb0\"},\"headline\":\"Ahmed Abba commente les rebondissements relatifs \u00e0 une relation entre un membre de la famille et une fille, qui se sont r\u00e9ciproquement attach\u00e9s l\u2019un \u00e0 l\u2019autre\",\"datePublished\":\"2022-11-15T22:09:00+00:00\",\"mainEntityOfPage\":{\"@id\":\"https:\\\/\\\/lequotidien.mr\\\/?p=435&lang=fr\"},\"wordCount\":571,\"commentCount\":0,\"publisher\":{\"@id\":\"https:\\\/\\\/lequotidien.mr\\\/#organization\"},\"image\":{\"@id\":\"https:\\\/\\\/lequotidien.mr\\\/?p=435&lang=fr#primaryimage\"},\"thumbnailUrl\":\"https:\\\/\\\/lequotidien.mr\\\/wp-content\\\/uploads\\\/2022\\\/11\\\/unnamed-1.jpg\",\"articleSection\":[\"Opinion\"],\"inLanguage\":\"ar\",\"potentialAction\":[{\"@type\":\"CommentAction\",\"name\":\"Comment\",\"target\":[\"https:\\\/\\\/lequotidien.mr\\\/?p=435&lang=fr#respond\"]}]},{\"@type\":\"WebPage\",\"@id\":\"https:\\\/\\\/lequotidien.mr\\\/?p=435&lang=fr\",\"url\":\"https:\\\/\\\/lequotidien.mr\\\/?p=435&lang=fr\",\"name\":\"Ahmed Abba commente les rebondissements relatifs \u00e0 une relation entre un membre de la famille et une fille, qui se sont r\u00e9ciproquement attach\u00e9s l\u2019un \u00e0 l\u2019autre - Le Quotidien de Nouakchott\",\"isPartOf\":{\"@id\":\"https:\\\/\\\/lequotidien.mr\\\/#website\"},\"primaryImageOfPage\":{\"@id\":\"https:\\\/\\\/lequotidien.mr\\\/?p=435&lang=fr#primaryimage\"},\"image\":{\"@id\":\"https:\\\/\\\/lequotidien.mr\\\/?p=435&lang=fr#primaryimage\"},\"thumbnailUrl\":\"https:\\\/\\\/lequotidien.mr\\\/wp-content\\\/uploads\\\/2022\\\/11\\\/unnamed-1.jpg\",\"datePublished\":\"2022-11-15T22:09:00+00:00\",\"breadcrumb\":{\"@id\":\"https:\\\/\\\/lequotidien.mr\\\/?p=435&lang=fr#breadcrumb\"},\"inLanguage\":\"ar\",\"potentialAction\":[{\"@type\":\"ReadAction\",\"target\":[\"https:\\\/\\\/lequotidien.mr\\\/?p=435&lang=fr\"]}]},{\"@type\":\"ImageObject\",\"inLanguage\":\"ar\",\"@id\":\"https:\\\/\\\/lequotidien.mr\\\/?p=435&lang=fr#primaryimage\",\"url\":\"https:\\\/\\\/lequotidien.mr\\\/wp-content\\\/uploads\\\/2022\\\/11\\\/unnamed-1.jpg\",\"contentUrl\":\"https:\\\/\\\/lequotidien.mr\\\/wp-content\\\/uploads\\\/2022\\\/11\\\/unnamed-1.jpg\",\"width\":1080,\"height\":1064},{\"@type\":\"BreadcrumbList\",\"@id\":\"https:\\\/\\\/lequotidien.mr\\\/?p=435&lang=fr#breadcrumb\",\"itemListElement\":[{\"@type\":\"ListItem\",\"position\":1,\"name\":\"Home\",\"item\":\"https:\\\/\\\/lequotidien.mr\\\/\"},{\"@type\":\"ListItem\",\"position\":2,\"name\":\"Ahmed Abba commente les rebondissements relatifs \u00e0 une relation entre un membre de la famille et une fille, qui se sont r\u00e9ciproquement attach\u00e9s l\u2019un \u00e0 l\u2019autre\"}]},{\"@type\":\"WebSite\",\"@id\":\"https:\\\/\\\/lequotidien.mr\\\/#website\",\"url\":\"https:\\\/\\\/lequotidien.mr\\\/\",\"name\":\"Le Quotidien de Nouakchott\",\"description\":\"\u0625\u062e\u0628\u0627\u0631\u064a\u0629 \u0645\u0633\u062a\u0642\u0644\u0629 \u0644\u0644\u0623\u0646\u0628\u0627\u0621 \u0627\u0644\u0639\u0627\u0645\u0629\",\"publisher\":{\"@id\":\"https:\\\/\\\/lequotidien.mr\\\/#organization\"},\"potentialAction\":[{\"@type\":\"SearchAction\",\"target\":{\"@type\":\"EntryPoint\",\"urlTemplate\":\"https:\\\/\\\/lequotidien.mr\\\/?s={search_term_string}\"},\"query-input\":{\"@type\":\"PropertyValueSpecification\",\"valueRequired\":true,\"valueName\":\"search_term_string\"}}],\"inLanguage\":\"ar\"},{\"@type\":\"Organization\",\"@id\":\"https:\\\/\\\/lequotidien.mr\\\/#organization\",\"name\":\"Le Quotidien de Nouakchott\",\"url\":\"https:\\\/\\\/lequotidien.mr\\\/\",\"logo\":{\"@type\":\"ImageObject\",\"inLanguage\":\"ar\",\"@id\":\"https:\\\/\\\/lequotidien.mr\\\/#\\\/schema\\\/logo\\\/image\\\/\",\"url\":\"https:\\\/\\\/lequotidien.mr\\\/wp-content\\\/uploads\\\/2022\\\/11\\\/logolequotidien.jpg\",\"contentUrl\":\"https:\\\/\\\/lequotidien.mr\\\/wp-content\\\/uploads\\\/2022\\\/11\\\/logolequotidien.jpg\",\"width\":290,\"height\":65,\"caption\":\"Le Quotidien de Nouakchott\"},\"image\":{\"@id\":\"https:\\\/\\\/lequotidien.mr\\\/#\\\/schema\\\/logo\\\/image\\\/\"},\"sameAs\":[\"https:\\\/\\\/web.facebook.com\\\/lequotidienmr\",\"https:\\\/\\\/x.com\\\/lequotidienmr\"]},{\"@type\":\"Person\",\"@id\":\"https:\\\/\\\/lequotidien.mr\\\/#\\\/schema\\\/person\\\/69d1518c74c9137087929a20b1272cb0\",\"name\":\"Alioun M'leiwih\",\"image\":{\"@type\":\"ImageObject\",\"inLanguage\":\"ar\",\"@id\":\"https:\\\/\\\/secure.gravatar.com\\\/avatar\\\/01f9d357222d7d4ca8f71662f4b081718f06d25b11fc45662ecca0622d507e51?s=96&d=mm&r=g\",\"url\":\"https:\\\/\\\/secure.gravatar.com\\\/avatar\\\/01f9d357222d7d4ca8f71662f4b081718f06d25b11fc45662ecca0622d507e51?s=96&d=mm&r=g\",\"contentUrl\":\"https:\\\/\\\/secure.gravatar.com\\\/avatar\\\/01f9d357222d7d4ca8f71662f4b081718f06d25b11fc45662ecca0622d507e51?s=96&d=mm&r=g\",\"caption\":\"Alioun M'leiwih\"},\"sameAs\":[\"https:\\\/\\\/lequotidien.mr\\\/\",\"https:\\\/\\\/web.facebook.com\\\/a.mleiwih\",\"https:\\\/\\\/www.linkedin.com\\\/in\\\/alimlewih\\\/\"],\"url\":\"https:\\\/\\\/lequotidien.mr\\\/?author=3\"}]}<\/script>\n<!-- \/ Yoast SEO plugin. -->","yoast_head_json":{"title":"Ahmed Abba commente les rebondissements relatifs \u00e0 une relation entre un membre de la famille et une fille, qui se sont r\u00e9ciproquement attach\u00e9s l\u2019un \u00e0 l\u2019autre - Le Quotidien de Nouakchott","robots":{"index":"index","follow":"follow","max-snippet":"max-snippet:-1","max-image-preview":"max-image-preview:large","max-video-preview":"max-video-preview:-1"},"canonical":"https:\/\/lequotidien.mr\/?p=435&lang=fr","og_locale":"ar_AR","og_type":"article","og_title":"Ahmed Abba commente les rebondissements relatifs \u00e0 une relation entre un membre de la famille et une fille, qui se sont r\u00e9ciproquement attach\u00e9s l\u2019un \u00e0 l\u2019autre - Le Quotidien de Nouakchott","og_description":"Apr\u00e8s le retour au calme d\u2019un orage suscit\u00e9 par une relation entre l\u2019un des jeunes d\u2019Ehl Abba et une fille qui se sont r\u00e9ciproquement attach\u00e9s l\u2019un \u00e0 l\u2019autre, je me sens d\u00e9sireux de de m\u2019exprimer de mani\u00e8re succincte. \u00a0 Je commence tout d\u2019abord \u00a0par exprimer nos remerciements \u00e0 tous les Mauritaniens, dont la plupart se.....","og_url":"https:\/\/lequotidien.mr\/?p=435&lang=fr","og_site_name":"Le Quotidien de Nouakchott","article_publisher":"https:\/\/web.facebook.com\/lequotidienmr","article_author":"https:\/\/web.facebook.com\/a.mleiwih","article_published_time":"2022-11-15T22:09:00+00:00","og_image":[{"width":1080,"height":1064,"url":"https:\/\/lequotidien.mr\/wp-content\/uploads\/2022\/11\/unnamed-1.jpg","type":"image\/jpeg"}],"author":"Alioun M'leiwih","twitter_card":"summary_large_image","twitter_creator":"@lequotidienmr","twitter_site":"@lequotidienmr","twitter_misc":{"\u0643\u064f\u062a\u0628 \u0628\u0648\u0627\u0633\u0637\u0629":"Alioun M'leiwih","\u0648\u0642\u062a \u0627\u0644\u0642\u0631\u0627\u0621\u0629 \u0627\u0644\u0645\u064f\u0642\u062f\u0651\u0631":"3 \u062f\u0642\u0627\u0626\u0642"},"schema":{"@context":"https:\/\/schema.org","@graph":[{"@type":"Article","@id":"https:\/\/lequotidien.mr\/?p=435&lang=fr#article","isPartOf":{"@id":"https:\/\/lequotidien.mr\/?p=435&lang=fr"},"author":{"name":"Alioun M'leiwih","@id":"https:\/\/lequotidien.mr\/#\/schema\/person\/69d1518c74c9137087929a20b1272cb0"},"headline":"Ahmed Abba commente les rebondissements relatifs \u00e0 une relation entre un membre de la famille et une fille, qui se sont r\u00e9ciproquement attach\u00e9s l\u2019un \u00e0 l\u2019autre","datePublished":"2022-11-15T22:09:00+00:00","mainEntityOfPage":{"@id":"https:\/\/lequotidien.mr\/?p=435&lang=fr"},"wordCount":571,"commentCount":0,"publisher":{"@id":"https:\/\/lequotidien.mr\/#organization"},"image":{"@id":"https:\/\/lequotidien.mr\/?p=435&lang=fr#primaryimage"},"thumbnailUrl":"https:\/\/lequotidien.mr\/wp-content\/uploads\/2022\/11\/unnamed-1.jpg","articleSection":["Opinion"],"inLanguage":"ar","potentialAction":[{"@type":"CommentAction","name":"Comment","target":["https:\/\/lequotidien.mr\/?p=435&lang=fr#respond"]}]},{"@type":"WebPage","@id":"https:\/\/lequotidien.mr\/?p=435&lang=fr","url":"https:\/\/lequotidien.mr\/?p=435&lang=fr","name":"Ahmed Abba commente les rebondissements relatifs \u00e0 une relation entre un membre de la famille et une fille, qui se sont r\u00e9ciproquement attach\u00e9s l\u2019un \u00e0 l\u2019autre - Le Quotidien de Nouakchott","isPartOf":{"@id":"https:\/\/lequotidien.mr\/#website"},"primaryImageOfPage":{"@id":"https:\/\/lequotidien.mr\/?p=435&lang=fr#primaryimage"},"image":{"@id":"https:\/\/lequotidien.mr\/?p=435&lang=fr#primaryimage"},"thumbnailUrl":"https:\/\/lequotidien.mr\/wp-content\/uploads\/2022\/11\/unnamed-1.jpg","datePublished":"2022-11-15T22:09:00+00:00","breadcrumb":{"@id":"https:\/\/lequotidien.mr\/?p=435&lang=fr#breadcrumb"},"inLanguage":"ar","potentialAction":[{"@type":"ReadAction","target":["https:\/\/lequotidien.mr\/?p=435&lang=fr"]}]},{"@type":"ImageObject","inLanguage":"ar","@id":"https:\/\/lequotidien.mr\/?p=435&lang=fr#primaryimage","url":"https:\/\/lequotidien.mr\/wp-content\/uploads\/2022\/11\/unnamed-1.jpg","contentUrl":"https:\/\/lequotidien.mr\/wp-content\/uploads\/2022\/11\/unnamed-1.jpg","width":1080,"height":1064},{"@type":"BreadcrumbList","@id":"https:\/\/lequotidien.mr\/?p=435&lang=fr#breadcrumb","itemListElement":[{"@type":"ListItem","position":1,"name":"Home","item":"https:\/\/lequotidien.mr\/"},{"@type":"ListItem","position":2,"name":"Ahmed Abba commente les rebondissements relatifs \u00e0 une relation entre un membre de la famille et une fille, qui se sont r\u00e9ciproquement attach\u00e9s l\u2019un \u00e0 l\u2019autre"}]},{"@type":"WebSite","@id":"https:\/\/lequotidien.mr\/#website","url":"https:\/\/lequotidien.mr\/","name":"Le Quotidien de Nouakchott","description":"\u0625\u062e\u0628\u0627\u0631\u064a\u0629 \u0645\u0633\u062a\u0642\u0644\u0629 \u0644\u0644\u0623\u0646\u0628\u0627\u0621 \u0627\u0644\u0639\u0627\u0645\u0629","publisher":{"@id":"https:\/\/lequotidien.mr\/#organization"},"potentialAction":[{"@type":"SearchAction","target":{"@type":"EntryPoint","urlTemplate":"https:\/\/lequotidien.mr\/?s={search_term_string}"},"query-input":{"@type":"PropertyValueSpecification","valueRequired":true,"valueName":"search_term_string"}}],"inLanguage":"ar"},{"@type":"Organization","@id":"https:\/\/lequotidien.mr\/#organization","name":"Le Quotidien de Nouakchott","url":"https:\/\/lequotidien.mr\/","logo":{"@type":"ImageObject","inLanguage":"ar","@id":"https:\/\/lequotidien.mr\/#\/schema\/logo\/image\/","url":"https:\/\/lequotidien.mr\/wp-content\/uploads\/2022\/11\/logolequotidien.jpg","contentUrl":"https:\/\/lequotidien.mr\/wp-content\/uploads\/2022\/11\/logolequotidien.jpg","width":290,"height":65,"caption":"Le Quotidien de Nouakchott"},"image":{"@id":"https:\/\/lequotidien.mr\/#\/schema\/logo\/image\/"},"sameAs":["https:\/\/web.facebook.com\/lequotidienmr","https:\/\/x.com\/lequotidienmr"]},{"@type":"Person","@id":"https:\/\/lequotidien.mr\/#\/schema\/person\/69d1518c74c9137087929a20b1272cb0","name":"Alioun M'leiwih","image":{"@type":"ImageObject","inLanguage":"ar","@id":"https:\/\/secure.gravatar.com\/avatar\/01f9d357222d7d4ca8f71662f4b081718f06d25b11fc45662ecca0622d507e51?s=96&d=mm&r=g","url":"https:\/\/secure.gravatar.com\/avatar\/01f9d357222d7d4ca8f71662f4b081718f06d25b11fc45662ecca0622d507e51?s=96&d=mm&r=g","contentUrl":"https:\/\/secure.gravatar.com\/avatar\/01f9d357222d7d4ca8f71662f4b081718f06d25b11fc45662ecca0622d507e51?s=96&d=mm&r=g","caption":"Alioun M'leiwih"},"sameAs":["https:\/\/lequotidien.mr\/","https:\/\/web.facebook.com\/a.mleiwih","https:\/\/www.linkedin.com\/in\/alimlewih\/"],"url":"https:\/\/lequotidien.mr\/?author=3"}]}},"_links":{"self":[{"href":"https:\/\/lequotidien.mr\/index.php?rest_route=\/wp\/v2\/posts\/435","targetHints":{"allow":["GET"]}}],"collection":[{"href":"https:\/\/lequotidien.mr\/index.php?rest_route=\/wp\/v2\/posts"}],"about":[{"href":"https:\/\/lequotidien.mr\/index.php?rest_route=\/wp\/v2\/types\/post"}],"author":[{"embeddable":true,"href":"https:\/\/lequotidien.mr\/index.php?rest_route=\/wp\/v2\/users\/3"}],"replies":[{"embeddable":true,"href":"https:\/\/lequotidien.mr\/index.php?rest_route=%2Fwp%2Fv2%2Fcomments&post=435"}],"version-history":[{"count":1,"href":"https:\/\/lequotidien.mr\/index.php?rest_route=\/wp\/v2\/posts\/435\/revisions"}],"predecessor-version":[{"id":437,"href":"https:\/\/lequotidien.mr\/index.php?rest_route=\/wp\/v2\/posts\/435\/revisions\/437"}],"wp:featuredmedia":[{"embeddable":true,"href":"https:\/\/lequotidien.mr\/index.php?rest_route=\/wp\/v2\/media\/436"}],"wp:attachment":[{"href":"https:\/\/lequotidien.mr\/index.php?rest_route=%2Fwp%2Fv2%2Fmedia&parent=435"}],"wp:term":[{"taxonomy":"category","embeddable":true,"href":"https:\/\/lequotidien.mr\/index.php?rest_route=%2Fwp%2Fv2%2Fcategories&post=435"},{"taxonomy":"post_tag","embeddable":true,"href":"https:\/\/lequotidien.mr\/index.php?rest_route=%2Fwp%2Fv2%2Ftags&post=435"}],"curies":[{"name":"wp","href":"https:\/\/api.w.org\/{rel}","templated":true}]}}