{"id":428,"date":"2022-11-15T13:50:02","date_gmt":"2022-11-15T13:50:02","guid":{"rendered":"https:\/\/lequotidien.mr\/?p=428"},"modified":"2022-11-15T13:52:35","modified_gmt":"2022-11-15T13:52:35","slug":"la-mission-du-commandant-du-bataillon-du-g5-sis-a-nbeiket-lahwach-touche-a-sa-fin","status":"publish","type":"post","link":"https:\/\/lequotidien.mr\/?p=428&lang=fr","title":{"rendered":"La mission du commandant du bataillon du G5, (sis \u00e0  Nbeiket Lahwach) touche \u00e0 sa fin."},"content":{"rendered":"<p>Apres tant d\u2019ann\u00e9es de bons et loyaux services, ce brillant officier quitte\u00a0 Nbeika, au grand dam des habitants de cette localit\u00e9 perdue aux confins de la Mauritanie. Cet officier qui a l\u2019habitude des missions d\u2019op\u00e9rations internationales de paix n\u2019a jamais cess\u00e9 d\u2019\u0153uvrer pour la paix et le bien-\u00eatre des populations des zones o\u00f9 il est affect\u00e9.<\/p>\n<p>On se souviendra, ici, longtemps de ce soldat qui s\u2019est toujours pr\u00e9occup\u00e9 des attentes des b\u00e9douins de cet immense territoire recul\u00e9, qui est l\u2019extr\u00eame-est de la Mauritanie. On se souviendra entre autres des citernes d\u2019eau mises \u00e0 disposition pour pallier\u00a0 la d\u00e9faillance de la SNDE<\/p>\n<p>On se souviendra de l&#8217;assistance m\u00e9dicale, y compris des \u00e9vacuations sanitaires qui ont sauv\u00e9 la vie a plusieurs personnes.<\/p>\n<p>On se souviendra de l\u2019appui apport\u00e9 au syst\u00e8me \u00e9ducatif, des kits scolaires gracieusement distribu\u00e9s, des moyens de transport octroy\u00e9s aux \u00e9l\u00e8ves et tlamides. Et aussi de l\u2019assistance mat\u00e9rielle personnelle qu\u2019il a apport\u00e9 \u00e0 des \u00a0\u00a0d\u00e9munis. Etc&#8230;.. On pourrait citer moult autres actions sociales, qui ont grandement contribu\u00e9 au bien-\u00eatre de ces populations n\u00e9cessiteuses.<\/p>\n<p>Le colonel Cheikh Ould Sidi Bouya, puisque c\u2019est de lui qu\u2019il s\u2019agit, va laisser le souvenir d\u2019un homme affable, convivial et proche des gens. Il a toujours eu une oreille attentive \u00e0 l\u2019\u00e9gard du plus humble citoyen! Lui-m\u00eame et ses hommes, b\u00e9n\u00e9ficient de la haute confiance et de l\u2019estime des gens pour lesquels ils manifestent une sollicitude remarquable.<\/p>\n<p>Il faut signaler et ce n\u2019est pas le moindre, que toute la moughata a baign\u00e9 dans un climat de s\u00e9curit\u00e9 b\u00e9n\u00e9fique durant son mandat. Les menaces s\u00e9curitaires de toutes sortes n \u00e9taient ressenties par la population que comme des mauvais souvenirs, dans cette r\u00e9gion qui, on peut le dire, est dans l\u2019\u0153il du cyclone du terrorisme. Des gens nombreux manifestent ostensiblement le regret de voir partir un Protecteur. Qui laisse certainement son empreinte dans les m\u00e9moires.<\/p>\n<p>Cet officier de valeur, patriote \u00e9m\u00e9rite, qui a fait ses preuves sur le terrain national et international m\u00e9riterait de plus grandes responsabilit\u00e9s avec des galons de g\u00e9n\u00e9ral, pour la comp\u00e9tence et le patriotisme dont il a fait preuve.<\/p>\n<p style=\"text-align: left;\">Isselmou Maha<\/p>\n","protected":false},"excerpt":{"rendered":"<p>Apres tant d\u2019ann\u00e9es de bons et loyaux services, ce brillant officier quitte\u00a0 Nbeika, au grand dam des habitants de cette localit\u00e9 perdue aux confins de la Mauritanie. Cet officier qui a l\u2019habitude des missions d\u2019op\u00e9rations internationales de paix n\u2019a jamais cess\u00e9 d\u2019\u0153uvrer pour la paix et le bien-\u00eatre des populations des zones o\u00f9 il est&#8230;..<\/p>\n","protected":false},"author":4,"featured_media":429,"comment_status":"open","ping_status":"open","sticky":false,"template":"","format":"standard","meta":{"footnotes":""},"categories":[23,59],"tags":[],"class_list":["post-428","post","type-post","status-publish","format-standard","has-post-thumbnail","hentry","category-actualite","category-opinion"],"yoast_head":"<!-- This site is optimized with the Yoast SEO plugin v27.5 - https:\/\/yoast.com\/product\/yoast-seo-wordpress\/ -->\n<title>La mission du commandant du bataillon du G5, (sis \u00e0 Nbeiket Lahwach) touche \u00e0 sa fin. - Le Quotidien de Nouakchott<\/title>\n<meta name=\"robots\" content=\"index, follow, max-snippet:-1, max-image-preview:large, max-video-preview:-1\" \/>\n<link rel=\"canonical\" href=\"https:\/\/lequotidien.mr\/?p=428&lang=fr\" \/>\n<meta property=\"og:locale\" content=\"ar_AR\" \/>\n<meta property=\"og:type\" content=\"article\" \/>\n<meta property=\"og:title\" content=\"La mission du commandant du bataillon du G5, (sis \u00e0 Nbeiket Lahwach) touche \u00e0 sa fin. - Le Quotidien de Nouakchott\" \/>\n<meta property=\"og:description\" content=\"Apres tant d\u2019ann\u00e9es de bons et loyaux services, ce brillant officier quitte\u00a0 Nbeika, au grand dam des habitants de cette localit\u00e9 perdue aux confins de la Mauritanie. Cet officier qui a l\u2019habitude des missions d\u2019op\u00e9rations internationales de paix n\u2019a jamais cess\u00e9 d\u2019\u0153uvrer pour la paix et le bien-\u00eatre des populations des zones o\u00f9 il est.....\" \/>\n<meta property=\"og:url\" content=\"https:\/\/lequotidien.mr\/?p=428&amp;lang=fr\" \/>\n<meta property=\"og:site_name\" content=\"Le Quotidien de Nouakchott\" \/>\n<meta property=\"article:publisher\" content=\"https:\/\/web.facebook.com\/lequotidienmr\" \/>\n<meta property=\"article:published_time\" content=\"2022-11-15T13:50:02+00:00\" \/>\n<meta property=\"article:modified_time\" content=\"2022-11-15T13:52:35+00:00\" \/>\n<meta property=\"og:image\" content=\"https:\/\/lequotidien.mr\/wp-content\/uploads\/2022\/11\/WhatsApp-Image-2022-11-10-at-18.54.14.jpeg\" \/>\n\t<meta property=\"og:image:width\" content=\"750\" \/>\n\t<meta property=\"og:image:height\" content=\"1000\" \/>\n\t<meta property=\"og:image:type\" content=\"image\/jpeg\" \/>\n<meta name=\"author\" content=\"Le Quotidien\" \/>\n<meta name=\"twitter:card\" content=\"summary_large_image\" \/>\n<meta name=\"twitter:creator\" content=\"@lequotidienmr\" \/>\n<meta name=\"twitter:site\" content=\"@lequotidienmr\" \/>\n<meta name=\"twitter:label1\" content=\"\u0643\u064f\u062a\u0628 \u0628\u0648\u0627\u0633\u0637\u0629\" \/>\n\t<meta name=\"twitter:data1\" content=\"Le Quotidien\" \/>\n\t<meta name=\"twitter:label2\" content=\"\u0648\u0642\u062a \u0627\u0644\u0642\u0631\u0627\u0621\u0629 \u0627\u0644\u0645\u064f\u0642\u062f\u0651\u0631\" \/>\n\t<meta name=\"twitter:data2\" content=\"\u062f\u0642\u064a\u0642\u062a\u0627\u0646\" \/>\n<script type=\"application\/ld+json\" class=\"yoast-schema-graph\">{\"@context\":\"https:\\\/\\\/schema.org\",\"@graph\":[{\"@type\":\"Article\",\"@id\":\"https:\\\/\\\/lequotidien.mr\\\/?p=428&lang=fr#article\",\"isPartOf\":{\"@id\":\"https:\\\/\\\/lequotidien.mr\\\/?p=428&lang=fr\"},\"author\":{\"name\":\"Le Quotidien\",\"@id\":\"https:\\\/\\\/lequotidien.mr\\\/#\\\/schema\\\/person\\\/f90fcdaa970c60288de4ed2e64a56472\"},\"headline\":\"La mission du commandant du bataillon du G5, (sis \u00e0 Nbeiket Lahwach) touche \u00e0 sa fin.\",\"datePublished\":\"2022-11-15T13:50:02+00:00\",\"dateModified\":\"2022-11-15T13:52:35+00:00\",\"mainEntityOfPage\":{\"@id\":\"https:\\\/\\\/lequotidien.mr\\\/?p=428&lang=fr\"},\"wordCount\":409,\"commentCount\":0,\"publisher\":{\"@id\":\"https:\\\/\\\/lequotidien.mr\\\/#organization\"},\"image\":{\"@id\":\"https:\\\/\\\/lequotidien.mr\\\/?p=428&lang=fr#primaryimage\"},\"thumbnailUrl\":\"https:\\\/\\\/lequotidien.mr\\\/wp-content\\\/uploads\\\/2022\\\/11\\\/WhatsApp-Image-2022-11-10-at-18.54.14.jpeg\",\"articleSection\":[\"ACTUALIT\u00c9\",\"Opinion\"],\"inLanguage\":\"ar\",\"potentialAction\":[{\"@type\":\"CommentAction\",\"name\":\"Comment\",\"target\":[\"https:\\\/\\\/lequotidien.mr\\\/?p=428&lang=fr#respond\"]}]},{\"@type\":\"WebPage\",\"@id\":\"https:\\\/\\\/lequotidien.mr\\\/?p=428&lang=fr\",\"url\":\"https:\\\/\\\/lequotidien.mr\\\/?p=428&lang=fr\",\"name\":\"La mission du commandant du bataillon du G5, (sis \u00e0 Nbeiket Lahwach) touche \u00e0 sa fin. - Le Quotidien de Nouakchott\",\"isPartOf\":{\"@id\":\"https:\\\/\\\/lequotidien.mr\\\/#website\"},\"primaryImageOfPage\":{\"@id\":\"https:\\\/\\\/lequotidien.mr\\\/?p=428&lang=fr#primaryimage\"},\"image\":{\"@id\":\"https:\\\/\\\/lequotidien.mr\\\/?p=428&lang=fr#primaryimage\"},\"thumbnailUrl\":\"https:\\\/\\\/lequotidien.mr\\\/wp-content\\\/uploads\\\/2022\\\/11\\\/WhatsApp-Image-2022-11-10-at-18.54.14.jpeg\",\"datePublished\":\"2022-11-15T13:50:02+00:00\",\"dateModified\":\"2022-11-15T13:52:35+00:00\",\"breadcrumb\":{\"@id\":\"https:\\\/\\\/lequotidien.mr\\\/?p=428&lang=fr#breadcrumb\"},\"inLanguage\":\"ar\",\"potentialAction\":[{\"@type\":\"ReadAction\",\"target\":[\"https:\\\/\\\/lequotidien.mr\\\/?p=428&lang=fr\"]}]},{\"@type\":\"ImageObject\",\"inLanguage\":\"ar\",\"@id\":\"https:\\\/\\\/lequotidien.mr\\\/?p=428&lang=fr#primaryimage\",\"url\":\"https:\\\/\\\/lequotidien.mr\\\/wp-content\\\/uploads\\\/2022\\\/11\\\/WhatsApp-Image-2022-11-10-at-18.54.14.jpeg\",\"contentUrl\":\"https:\\\/\\\/lequotidien.mr\\\/wp-content\\\/uploads\\\/2022\\\/11\\\/WhatsApp-Image-2022-11-10-at-18.54.14.jpeg\",\"width\":750,\"height\":1000},{\"@type\":\"BreadcrumbList\",\"@id\":\"https:\\\/\\\/lequotidien.mr\\\/?p=428&lang=fr#breadcrumb\",\"itemListElement\":[{\"@type\":\"ListItem\",\"position\":1,\"name\":\"Home\",\"item\":\"https:\\\/\\\/lequotidien.mr\\\/\"},{\"@type\":\"ListItem\",\"position\":2,\"name\":\"La mission du commandant du bataillon du G5, (sis \u00e0 Nbeiket Lahwach) touche \u00e0 sa fin.\"}]},{\"@type\":\"WebSite\",\"@id\":\"https:\\\/\\\/lequotidien.mr\\\/#website\",\"url\":\"https:\\\/\\\/lequotidien.mr\\\/\",\"name\":\"Le Quotidien de Nouakchott\",\"description\":\"\u0625\u062e\u0628\u0627\u0631\u064a\u0629 \u0645\u0633\u062a\u0642\u0644\u0629 \u0644\u0644\u0623\u0646\u0628\u0627\u0621 \u0627\u0644\u0639\u0627\u0645\u0629\",\"publisher\":{\"@id\":\"https:\\\/\\\/lequotidien.mr\\\/#organization\"},\"potentialAction\":[{\"@type\":\"SearchAction\",\"target\":{\"@type\":\"EntryPoint\",\"urlTemplate\":\"https:\\\/\\\/lequotidien.mr\\\/?s={search_term_string}\"},\"query-input\":{\"@type\":\"PropertyValueSpecification\",\"valueRequired\":true,\"valueName\":\"search_term_string\"}}],\"inLanguage\":\"ar\"},{\"@type\":\"Organization\",\"@id\":\"https:\\\/\\\/lequotidien.mr\\\/#organization\",\"name\":\"Le Quotidien de Nouakchott\",\"url\":\"https:\\\/\\\/lequotidien.mr\\\/\",\"logo\":{\"@type\":\"ImageObject\",\"inLanguage\":\"ar\",\"@id\":\"https:\\\/\\\/lequotidien.mr\\\/#\\\/schema\\\/logo\\\/image\\\/\",\"url\":\"https:\\\/\\\/lequotidien.mr\\\/wp-content\\\/uploads\\\/2022\\\/11\\\/logolequotidien.jpg\",\"contentUrl\":\"https:\\\/\\\/lequotidien.mr\\\/wp-content\\\/uploads\\\/2022\\\/11\\\/logolequotidien.jpg\",\"width\":290,\"height\":65,\"caption\":\"Le Quotidien de Nouakchott\"},\"image\":{\"@id\":\"https:\\\/\\\/lequotidien.mr\\\/#\\\/schema\\\/logo\\\/image\\\/\"},\"sameAs\":[\"https:\\\/\\\/web.facebook.com\\\/lequotidienmr\",\"https:\\\/\\\/x.com\\\/lequotidienmr\"]},{\"@type\":\"Person\",\"@id\":\"https:\\\/\\\/lequotidien.mr\\\/#\\\/schema\\\/person\\\/f90fcdaa970c60288de4ed2e64a56472\",\"name\":\"Le Quotidien\",\"image\":{\"@type\":\"ImageObject\",\"inLanguage\":\"ar\",\"@id\":\"https:\\\/\\\/secure.gravatar.com\\\/avatar\\\/374cb39a1a458a912465a93e5a3ce6546886fc3da809a1f10c63e4e8fcbca30f?s=96&d=mm&r=g\",\"url\":\"https:\\\/\\\/secure.gravatar.com\\\/avatar\\\/374cb39a1a458a912465a93e5a3ce6546886fc3da809a1f10c63e4e8fcbca30f?s=96&d=mm&r=g\",\"contentUrl\":\"https:\\\/\\\/secure.gravatar.com\\\/avatar\\\/374cb39a1a458a912465a93e5a3ce6546886fc3da809a1f10c63e4e8fcbca30f?s=96&d=mm&r=g\",\"caption\":\"Le Quotidien\"},\"sameAs\":[\"https:\\\/\\\/lequotidien.mr\\\/\"],\"url\":\"https:\\\/\\\/lequotidien.mr\\\/?author=4\"}]}<\/script>\n<!-- \/ Yoast SEO plugin. -->","yoast_head_json":{"title":"La mission du commandant du bataillon du G5, (sis \u00e0 Nbeiket Lahwach) touche \u00e0 sa fin. - Le Quotidien de Nouakchott","robots":{"index":"index","follow":"follow","max-snippet":"max-snippet:-1","max-image-preview":"max-image-preview:large","max-video-preview":"max-video-preview:-1"},"canonical":"https:\/\/lequotidien.mr\/?p=428&lang=fr","og_locale":"ar_AR","og_type":"article","og_title":"La mission du commandant du bataillon du G5, (sis \u00e0 Nbeiket Lahwach) touche \u00e0 sa fin. - Le Quotidien de Nouakchott","og_description":"Apres tant d\u2019ann\u00e9es de bons et loyaux services, ce brillant officier quitte\u00a0 Nbeika, au grand dam des habitants de cette localit\u00e9 perdue aux confins de la Mauritanie. Cet officier qui a l\u2019habitude des missions d\u2019op\u00e9rations internationales de paix n\u2019a jamais cess\u00e9 d\u2019\u0153uvrer pour la paix et le bien-\u00eatre des populations des zones o\u00f9 il est.....","og_url":"https:\/\/lequotidien.mr\/?p=428&lang=fr","og_site_name":"Le Quotidien de Nouakchott","article_publisher":"https:\/\/web.facebook.com\/lequotidienmr","article_published_time":"2022-11-15T13:50:02+00:00","article_modified_time":"2022-11-15T13:52:35+00:00","og_image":[{"width":750,"height":1000,"url":"https:\/\/lequotidien.mr\/wp-content\/uploads\/2022\/11\/WhatsApp-Image-2022-11-10-at-18.54.14.jpeg","type":"image\/jpeg"}],"author":"Le Quotidien","twitter_card":"summary_large_image","twitter_creator":"@lequotidienmr","twitter_site":"@lequotidienmr","twitter_misc":{"\u0643\u064f\u062a\u0628 \u0628\u0648\u0627\u0633\u0637\u0629":"Le Quotidien","\u0648\u0642\u062a \u0627\u0644\u0642\u0631\u0627\u0621\u0629 \u0627\u0644\u0645\u064f\u0642\u062f\u0651\u0631":"\u062f\u0642\u064a\u0642\u062a\u0627\u0646"},"schema":{"@context":"https:\/\/schema.org","@graph":[{"@type":"Article","@id":"https:\/\/lequotidien.mr\/?p=428&lang=fr#article","isPartOf":{"@id":"https:\/\/lequotidien.mr\/?p=428&lang=fr"},"author":{"name":"Le Quotidien","@id":"https:\/\/lequotidien.mr\/#\/schema\/person\/f90fcdaa970c60288de4ed2e64a56472"},"headline":"La mission du commandant du bataillon du G5, (sis \u00e0 Nbeiket Lahwach) touche \u00e0 sa fin.","datePublished":"2022-11-15T13:50:02+00:00","dateModified":"2022-11-15T13:52:35+00:00","mainEntityOfPage":{"@id":"https:\/\/lequotidien.mr\/?p=428&lang=fr"},"wordCount":409,"commentCount":0,"publisher":{"@id":"https:\/\/lequotidien.mr\/#organization"},"image":{"@id":"https:\/\/lequotidien.mr\/?p=428&lang=fr#primaryimage"},"thumbnailUrl":"https:\/\/lequotidien.mr\/wp-content\/uploads\/2022\/11\/WhatsApp-Image-2022-11-10-at-18.54.14.jpeg","articleSection":["ACTUALIT\u00c9","Opinion"],"inLanguage":"ar","potentialAction":[{"@type":"CommentAction","name":"Comment","target":["https:\/\/lequotidien.mr\/?p=428&lang=fr#respond"]}]},{"@type":"WebPage","@id":"https:\/\/lequotidien.mr\/?p=428&lang=fr","url":"https:\/\/lequotidien.mr\/?p=428&lang=fr","name":"La mission du commandant du bataillon du G5, (sis \u00e0 Nbeiket Lahwach) touche \u00e0 sa fin. - Le Quotidien de Nouakchott","isPartOf":{"@id":"https:\/\/lequotidien.mr\/#website"},"primaryImageOfPage":{"@id":"https:\/\/lequotidien.mr\/?p=428&lang=fr#primaryimage"},"image":{"@id":"https:\/\/lequotidien.mr\/?p=428&lang=fr#primaryimage"},"thumbnailUrl":"https:\/\/lequotidien.mr\/wp-content\/uploads\/2022\/11\/WhatsApp-Image-2022-11-10-at-18.54.14.jpeg","datePublished":"2022-11-15T13:50:02+00:00","dateModified":"2022-11-15T13:52:35+00:00","breadcrumb":{"@id":"https:\/\/lequotidien.mr\/?p=428&lang=fr#breadcrumb"},"inLanguage":"ar","potentialAction":[{"@type":"ReadAction","target":["https:\/\/lequotidien.mr\/?p=428&lang=fr"]}]},{"@type":"ImageObject","inLanguage":"ar","@id":"https:\/\/lequotidien.mr\/?p=428&lang=fr#primaryimage","url":"https:\/\/lequotidien.mr\/wp-content\/uploads\/2022\/11\/WhatsApp-Image-2022-11-10-at-18.54.14.jpeg","contentUrl":"https:\/\/lequotidien.mr\/wp-content\/uploads\/2022\/11\/WhatsApp-Image-2022-11-10-at-18.54.14.jpeg","width":750,"height":1000},{"@type":"BreadcrumbList","@id":"https:\/\/lequotidien.mr\/?p=428&lang=fr#breadcrumb","itemListElement":[{"@type":"ListItem","position":1,"name":"Home","item":"https:\/\/lequotidien.mr\/"},{"@type":"ListItem","position":2,"name":"La mission du commandant du bataillon du G5, (sis \u00e0 Nbeiket Lahwach) touche \u00e0 sa fin."}]},{"@type":"WebSite","@id":"https:\/\/lequotidien.mr\/#website","url":"https:\/\/lequotidien.mr\/","name":"Le Quotidien de Nouakchott","description":"\u0625\u062e\u0628\u0627\u0631\u064a\u0629 \u0645\u0633\u062a\u0642\u0644\u0629 \u0644\u0644\u0623\u0646\u0628\u0627\u0621 \u0627\u0644\u0639\u0627\u0645\u0629","publisher":{"@id":"https:\/\/lequotidien.mr\/#organization"},"potentialAction":[{"@type":"SearchAction","target":{"@type":"EntryPoint","urlTemplate":"https:\/\/lequotidien.mr\/?s={search_term_string}"},"query-input":{"@type":"PropertyValueSpecification","valueRequired":true,"valueName":"search_term_string"}}],"inLanguage":"ar"},{"@type":"Organization","@id":"https:\/\/lequotidien.mr\/#organization","name":"Le Quotidien de Nouakchott","url":"https:\/\/lequotidien.mr\/","logo":{"@type":"ImageObject","inLanguage":"ar","@id":"https:\/\/lequotidien.mr\/#\/schema\/logo\/image\/","url":"https:\/\/lequotidien.mr\/wp-content\/uploads\/2022\/11\/logolequotidien.jpg","contentUrl":"https:\/\/lequotidien.mr\/wp-content\/uploads\/2022\/11\/logolequotidien.jpg","width":290,"height":65,"caption":"Le Quotidien de Nouakchott"},"image":{"@id":"https:\/\/lequotidien.mr\/#\/schema\/logo\/image\/"},"sameAs":["https:\/\/web.facebook.com\/lequotidienmr","https:\/\/x.com\/lequotidienmr"]},{"@type":"Person","@id":"https:\/\/lequotidien.mr\/#\/schema\/person\/f90fcdaa970c60288de4ed2e64a56472","name":"Le Quotidien","image":{"@type":"ImageObject","inLanguage":"ar","@id":"https:\/\/secure.gravatar.com\/avatar\/374cb39a1a458a912465a93e5a3ce6546886fc3da809a1f10c63e4e8fcbca30f?s=96&d=mm&r=g","url":"https:\/\/secure.gravatar.com\/avatar\/374cb39a1a458a912465a93e5a3ce6546886fc3da809a1f10c63e4e8fcbca30f?s=96&d=mm&r=g","contentUrl":"https:\/\/secure.gravatar.com\/avatar\/374cb39a1a458a912465a93e5a3ce6546886fc3da809a1f10c63e4e8fcbca30f?s=96&d=mm&r=g","caption":"Le Quotidien"},"sameAs":["https:\/\/lequotidien.mr\/"],"url":"https:\/\/lequotidien.mr\/?author=4"}]}},"_links":{"self":[{"href":"https:\/\/lequotidien.mr\/index.php?rest_route=\/wp\/v2\/posts\/428","targetHints":{"allow":["GET"]}}],"collection":[{"href":"https:\/\/lequotidien.mr\/index.php?rest_route=\/wp\/v2\/posts"}],"about":[{"href":"https:\/\/lequotidien.mr\/index.php?rest_route=\/wp\/v2\/types\/post"}],"author":[{"embeddable":true,"href":"https:\/\/lequotidien.mr\/index.php?rest_route=\/wp\/v2\/users\/4"}],"replies":[{"embeddable":true,"href":"https:\/\/lequotidien.mr\/index.php?rest_route=%2Fwp%2Fv2%2Fcomments&post=428"}],"version-history":[{"count":1,"href":"https:\/\/lequotidien.mr\/index.php?rest_route=\/wp\/v2\/posts\/428\/revisions"}],"predecessor-version":[{"id":430,"href":"https:\/\/lequotidien.mr\/index.php?rest_route=\/wp\/v2\/posts\/428\/revisions\/430"}],"wp:featuredmedia":[{"embeddable":true,"href":"https:\/\/lequotidien.mr\/index.php?rest_route=\/wp\/v2\/media\/429"}],"wp:attachment":[{"href":"https:\/\/lequotidien.mr\/index.php?rest_route=%2Fwp%2Fv2%2Fmedia&parent=428"}],"wp:term":[{"taxonomy":"category","embeddable":true,"href":"https:\/\/lequotidien.mr\/index.php?rest_route=%2Fwp%2Fv2%2Fcategories&post=428"},{"taxonomy":"post_tag","embeddable":true,"href":"https:\/\/lequotidien.mr\/index.php?rest_route=%2Fwp%2Fv2%2Ftags&post=428"}],"curies":[{"name":"wp","href":"https:\/\/api.w.org\/{rel}","templated":true}]}}