{"id":4273,"date":"2023-02-03T22:15:45","date_gmt":"2023-02-03T22:15:45","guid":{"rendered":"https:\/\/lequotidien.mr\/?p=4273"},"modified":"2023-02-03T22:15:45","modified_gmt":"2023-02-03T22:15:45","slug":"me-cire-cledor-ly-avocat-daziz-avec-lexperience-je-me-suis-rendu-compte-que-le-president-macky-sall-sacrifie-lex-president","status":"publish","type":"post","link":"https:\/\/lequotidien.mr\/?p=4273&lang=fr","title":{"rendered":"Me Cir\u00e9 Cl\u00e9dor Ly, avocat d&#8217;Aziz : \u00ab Avec l\u2019exp\u00e9rience, je me suis rendu compte que le pr\u00e9sident Macky Sall sacrifie l&#8217;ex-pr\u00e9sident \u00bb"},"content":{"rendered":"<p><strong>Dakaractu<\/strong>\u00a0&#8211; En Mauritanie pour d\u00e9fendre son client envoy\u00e9 en chambre criminelle, Ma\u00eetre Cir\u00e9 Cl\u00e9dor Ly n\u2019a pas rat\u00e9 la cour.<\/p>\n<p>Selon l\u2019avocat joint par t\u00e9l\u00e9phone, cette chambre n\u2019a pas les comp\u00e9tences de juger l\u2019ex pr\u00e9sident Abdoul Aziz. Des discussions en cours se font entre les diff\u00e9rentes parties : partie civile, parquet et la d\u00e9fense.<\/p>\n<p>Les discussions durent selon l\u2019avocat depuis deux jours et se poursuivront la semaine prochaine. \u00ab Les avocats sont engag\u00e9s dans la bataille de l\u2019incomp\u00e9tence de la cour criminelle. Cela fait plus de deux jours de d\u00e9bat et la cour n\u2019a pas encore tranch\u00e9. Nous aurons \u00e0 d\u00e9battre sur la question lundi et mardi.<\/p>\n<p>Les avocats de la d\u00e9fense ont expos\u00e9 leurs griefs, le minist\u00e8re public a r\u00e9pondu, les avocats de l\u2019\u00c9tat ont pris la parole. Puisque la d\u00e9fense a la parole en dernier, nous aurons \u00e0 revenir pour discuter des arguments qui ont \u00e9t\u00e9 donn\u00e9s de part et d\u2019autre \u00bb, d\u00e9taille l\u2019avocat.<\/p>\n<p>Cependant, il souligne qu\u2019\u00ab en tout \u00e9tat de cause, la proc\u00e9dure n\u2019a pas \u00e9t\u00e9 respect\u00e9e, et que c\u2019est une juridiction radicalement incomp\u00e9tente qui essaie de juger le pr\u00e9sident Abdoul Aziz \u00bb.<\/p>\n<p>Ainsi Ma\u00eetre Ly d\u00e9nonce la main du pr\u00e9sident Macky Sall dans cette affaire mauritano-mauritanienne. Ma\u00eetre Cl\u00e9dor Ly de dire que le but de ce jugement c\u2019est de faire perdre \u00e0 son client ses droits civiques, politiques \u00e0 jamais. \u00ab Avec l\u2019exp\u00e9rience, je me suis rendu compte que c\u2019est l\u2019\u00e9cole du pr\u00e9sident Macky Sall qui est en train de r\u00e9citer une le\u00e7on.<\/p>\n<p>Ils essaient d\u2019avoir une condamnation pour faire en sorte que le pr\u00e9sident Mohamed Abdel Aziz ne puisse jamais revenir d\u00e9mocratiquement au pouvoir. Donc l\u2019exemple du S\u00e9n\u00e9gal est pernicieux\u00bb.<\/p>\n<p>En somme, la robe noire estime que c\u2019est bien dommage pour une Afrique qui a fait beaucoup d\u2019efforts pour arpenter le chemin de l\u2019\u00e9tat de droit et de l\u2019\u00e9tat d\u00e9mocratique.<\/p>\n","protected":false},"excerpt":{"rendered":"<p>Dakaractu\u00a0&#8211; En Mauritanie pour d\u00e9fendre son client envoy\u00e9 en chambre criminelle, Ma\u00eetre Cir\u00e9 Cl\u00e9dor Ly n\u2019a pas rat\u00e9 la cour. Selon l\u2019avocat joint par t\u00e9l\u00e9phone, cette chambre n\u2019a pas les comp\u00e9tences de juger l\u2019ex pr\u00e9sident Abdoul Aziz. Des discussions en cours se font entre les diff\u00e9rentes parties : partie civile, parquet et la d\u00e9fense. Les&#8230;..<\/p>\n","protected":false},"author":5,"featured_media":4274,"comment_status":"open","ping_status":"open","sticky":false,"template":"","format":"standard","meta":{"footnotes":""},"categories":[23,59],"tags":[],"class_list":["post-4273","post","type-post","status-publish","format-standard","has-post-thumbnail","hentry","category-actualite","category-opinion"],"yoast_head":"<!-- This site is optimized with the Yoast SEO plugin v27.5 - https:\/\/yoast.com\/product\/yoast-seo-wordpress\/ -->\n<title>Me Cir\u00e9 Cl\u00e9dor Ly, avocat d&#039;Aziz : \u00ab Avec l\u2019exp\u00e9rience, je me suis rendu compte que le pr\u00e9sident Macky Sall sacrifie l&#039;ex-pr\u00e9sident \u00bb - Le Quotidien de Nouakchott<\/title>\n<meta name=\"robots\" content=\"index, follow, max-snippet:-1, max-image-preview:large, max-video-preview:-1\" \/>\n<link rel=\"canonical\" href=\"https:\/\/lequotidien.mr\/?p=4273&lang=fr\" \/>\n<meta property=\"og:locale\" content=\"ar_AR\" \/>\n<meta property=\"og:type\" content=\"article\" \/>\n<meta property=\"og:title\" content=\"Me Cir\u00e9 Cl\u00e9dor Ly, avocat d&#039;Aziz : \u00ab Avec l\u2019exp\u00e9rience, je me suis rendu compte que le pr\u00e9sident Macky Sall sacrifie l&#039;ex-pr\u00e9sident \u00bb - Le Quotidien de Nouakchott\" \/>\n<meta property=\"og:description\" content=\"Dakaractu\u00a0&#8211; En Mauritanie pour d\u00e9fendre son client envoy\u00e9 en chambre criminelle, Ma\u00eetre Cir\u00e9 Cl\u00e9dor Ly n\u2019a pas rat\u00e9 la cour. Selon l\u2019avocat joint par t\u00e9l\u00e9phone, cette chambre n\u2019a pas les comp\u00e9tences de juger l\u2019ex pr\u00e9sident Abdoul Aziz. Des discussions en cours se font entre les diff\u00e9rentes parties : partie civile, parquet et la d\u00e9fense. Les.....\" \/>\n<meta property=\"og:url\" content=\"https:\/\/lequotidien.mr\/?p=4273&amp;lang=fr\" \/>\n<meta property=\"og:site_name\" content=\"Le Quotidien de Nouakchott\" \/>\n<meta property=\"article:publisher\" content=\"https:\/\/web.facebook.com\/lequotidienmr\" \/>\n<meta property=\"article:published_time\" content=\"2023-02-03T22:15:45+00:00\" \/>\n<meta property=\"og:image\" content=\"https:\/\/lequotidien.mr\/wp-content\/uploads\/2023\/02\/avocat_cire_cledor_45.jpg\" \/>\n\t<meta property=\"og:image:width\" content=\"334\" \/>\n\t<meta property=\"og:image:height\" content=\"235\" \/>\n\t<meta property=\"og:image:type\" content=\"image\/jpeg\" \/>\n<meta name=\"author\" content=\"Gayi Diawara\" \/>\n<meta name=\"twitter:card\" content=\"summary_large_image\" \/>\n<meta name=\"twitter:creator\" content=\"@lequotidienmr\" \/>\n<meta name=\"twitter:site\" content=\"@lequotidienmr\" \/>\n<meta name=\"twitter:label1\" content=\"\u0643\u064f\u062a\u0628 \u0628\u0648\u0627\u0633\u0637\u0629\" \/>\n\t<meta name=\"twitter:data1\" content=\"Gayi Diawara\" \/>\n\t<meta name=\"twitter:label2\" content=\"\u0648\u0642\u062a \u0627\u0644\u0642\u0631\u0627\u0621\u0629 \u0627\u0644\u0645\u064f\u0642\u062f\u0651\u0631\" \/>\n\t<meta name=\"twitter:data2\" content=\"\u062f\u0642\u064a\u0642\u062a\u0627\u0646\" \/>\n<script type=\"application\/ld+json\" class=\"yoast-schema-graph\">{\"@context\":\"https:\\\/\\\/schema.org\",\"@graph\":[{\"@type\":\"Article\",\"@id\":\"https:\\\/\\\/lequotidien.mr\\\/?p=4273&lang=fr#article\",\"isPartOf\":{\"@id\":\"https:\\\/\\\/lequotidien.mr\\\/?p=4273&lang=fr\"},\"author\":{\"name\":\"Gayi Diawara\",\"@id\":\"https:\\\/\\\/lequotidien.mr\\\/#\\\/schema\\\/person\\\/1077c8abd5640a6514b909318d271dee\"},\"headline\":\"Me Cir\u00e9 Cl\u00e9dor Ly, avocat d&#8217;Aziz : \u00ab Avec l\u2019exp\u00e9rience, je me suis rendu compte que le pr\u00e9sident Macky Sall sacrifie l&#8217;ex-pr\u00e9sident \u00bb\",\"datePublished\":\"2023-02-03T22:15:45+00:00\",\"mainEntityOfPage\":{\"@id\":\"https:\\\/\\\/lequotidien.mr\\\/?p=4273&lang=fr\"},\"wordCount\":384,\"commentCount\":0,\"publisher\":{\"@id\":\"https:\\\/\\\/lequotidien.mr\\\/#organization\"},\"image\":{\"@id\":\"https:\\\/\\\/lequotidien.mr\\\/?p=4273&lang=fr#primaryimage\"},\"thumbnailUrl\":\"https:\\\/\\\/lequotidien.mr\\\/wp-content\\\/uploads\\\/2023\\\/02\\\/avocat_cire_cledor_45.jpg\",\"articleSection\":[\"ACTUALIT\u00c9\",\"Opinion\"],\"inLanguage\":\"ar\",\"potentialAction\":[{\"@type\":\"CommentAction\",\"name\":\"Comment\",\"target\":[\"https:\\\/\\\/lequotidien.mr\\\/?p=4273&lang=fr#respond\"]}]},{\"@type\":\"WebPage\",\"@id\":\"https:\\\/\\\/lequotidien.mr\\\/?p=4273&lang=fr\",\"url\":\"https:\\\/\\\/lequotidien.mr\\\/?p=4273&lang=fr\",\"name\":\"Me Cir\u00e9 Cl\u00e9dor Ly, avocat d'Aziz : \u00ab Avec l\u2019exp\u00e9rience, je me suis rendu compte que le pr\u00e9sident Macky Sall sacrifie l'ex-pr\u00e9sident \u00bb - Le Quotidien de Nouakchott\",\"isPartOf\":{\"@id\":\"https:\\\/\\\/lequotidien.mr\\\/#website\"},\"primaryImageOfPage\":{\"@id\":\"https:\\\/\\\/lequotidien.mr\\\/?p=4273&lang=fr#primaryimage\"},\"image\":{\"@id\":\"https:\\\/\\\/lequotidien.mr\\\/?p=4273&lang=fr#primaryimage\"},\"thumbnailUrl\":\"https:\\\/\\\/lequotidien.mr\\\/wp-content\\\/uploads\\\/2023\\\/02\\\/avocat_cire_cledor_45.jpg\",\"datePublished\":\"2023-02-03T22:15:45+00:00\",\"breadcrumb\":{\"@id\":\"https:\\\/\\\/lequotidien.mr\\\/?p=4273&lang=fr#breadcrumb\"},\"inLanguage\":\"ar\",\"potentialAction\":[{\"@type\":\"ReadAction\",\"target\":[\"https:\\\/\\\/lequotidien.mr\\\/?p=4273&lang=fr\"]}]},{\"@type\":\"ImageObject\",\"inLanguage\":\"ar\",\"@id\":\"https:\\\/\\\/lequotidien.mr\\\/?p=4273&lang=fr#primaryimage\",\"url\":\"https:\\\/\\\/lequotidien.mr\\\/wp-content\\\/uploads\\\/2023\\\/02\\\/avocat_cire_cledor_45.jpg\",\"contentUrl\":\"https:\\\/\\\/lequotidien.mr\\\/wp-content\\\/uploads\\\/2023\\\/02\\\/avocat_cire_cledor_45.jpg\",\"width\":334,\"height\":235},{\"@type\":\"BreadcrumbList\",\"@id\":\"https:\\\/\\\/lequotidien.mr\\\/?p=4273&lang=fr#breadcrumb\",\"itemListElement\":[{\"@type\":\"ListItem\",\"position\":1,\"name\":\"Home\",\"item\":\"https:\\\/\\\/lequotidien.mr\\\/\"},{\"@type\":\"ListItem\",\"position\":2,\"name\":\"Me Cir\u00e9 Cl\u00e9dor Ly, avocat d&#8217;Aziz : \u00ab Avec l\u2019exp\u00e9rience, je me suis rendu compte que le pr\u00e9sident Macky Sall sacrifie l&#8217;ex-pr\u00e9sident \u00bb\"}]},{\"@type\":\"WebSite\",\"@id\":\"https:\\\/\\\/lequotidien.mr\\\/#website\",\"url\":\"https:\\\/\\\/lequotidien.mr\\\/\",\"name\":\"Le Quotidien de Nouakchott\",\"description\":\"\u0625\u062e\u0628\u0627\u0631\u064a\u0629 \u0645\u0633\u062a\u0642\u0644\u0629 \u0644\u0644\u0623\u0646\u0628\u0627\u0621 \u0627\u0644\u0639\u0627\u0645\u0629\",\"publisher\":{\"@id\":\"https:\\\/\\\/lequotidien.mr\\\/#organization\"},\"potentialAction\":[{\"@type\":\"SearchAction\",\"target\":{\"@type\":\"EntryPoint\",\"urlTemplate\":\"https:\\\/\\\/lequotidien.mr\\\/?s={search_term_string}\"},\"query-input\":{\"@type\":\"PropertyValueSpecification\",\"valueRequired\":true,\"valueName\":\"search_term_string\"}}],\"inLanguage\":\"ar\"},{\"@type\":\"Organization\",\"@id\":\"https:\\\/\\\/lequotidien.mr\\\/#organization\",\"name\":\"Le Quotidien de Nouakchott\",\"url\":\"https:\\\/\\\/lequotidien.mr\\\/\",\"logo\":{\"@type\":\"ImageObject\",\"inLanguage\":\"ar\",\"@id\":\"https:\\\/\\\/lequotidien.mr\\\/#\\\/schema\\\/logo\\\/image\\\/\",\"url\":\"https:\\\/\\\/lequotidien.mr\\\/wp-content\\\/uploads\\\/2022\\\/11\\\/logolequotidien.jpg\",\"contentUrl\":\"https:\\\/\\\/lequotidien.mr\\\/wp-content\\\/uploads\\\/2022\\\/11\\\/logolequotidien.jpg\",\"width\":290,\"height\":65,\"caption\":\"Le Quotidien de Nouakchott\"},\"image\":{\"@id\":\"https:\\\/\\\/lequotidien.mr\\\/#\\\/schema\\\/logo\\\/image\\\/\"},\"sameAs\":[\"https:\\\/\\\/web.facebook.com\\\/lequotidienmr\",\"https:\\\/\\\/x.com\\\/lequotidienmr\"]},{\"@type\":\"Person\",\"@id\":\"https:\\\/\\\/lequotidien.mr\\\/#\\\/schema\\\/person\\\/1077c8abd5640a6514b909318d271dee\",\"name\":\"Gayi Diawara\",\"image\":{\"@type\":\"ImageObject\",\"inLanguage\":\"ar\",\"@id\":\"https:\\\/\\\/secure.gravatar.com\\\/avatar\\\/63ea8db1e19a6d2d608b24c0f78b5f3a7d6e0bc11959fec273410af333e4d0ac?s=96&d=mm&r=g\",\"url\":\"https:\\\/\\\/secure.gravatar.com\\\/avatar\\\/63ea8db1e19a6d2d608b24c0f78b5f3a7d6e0bc11959fec273410af333e4d0ac?s=96&d=mm&r=g\",\"contentUrl\":\"https:\\\/\\\/secure.gravatar.com\\\/avatar\\\/63ea8db1e19a6d2d608b24c0f78b5f3a7d6e0bc11959fec273410af333e4d0ac?s=96&d=mm&r=g\",\"caption\":\"Gayi Diawara\"},\"sameAs\":[\"http:\\\/\\\/lequotidien.mr\"],\"url\":\"https:\\\/\\\/lequotidien.mr\\\/?author=5\"}]}<\/script>\n<!-- \/ Yoast SEO plugin. -->","yoast_head_json":{"title":"Me Cir\u00e9 Cl\u00e9dor Ly, avocat d'Aziz : \u00ab Avec l\u2019exp\u00e9rience, je me suis rendu compte que le pr\u00e9sident Macky Sall sacrifie l'ex-pr\u00e9sident \u00bb - Le Quotidien de Nouakchott","robots":{"index":"index","follow":"follow","max-snippet":"max-snippet:-1","max-image-preview":"max-image-preview:large","max-video-preview":"max-video-preview:-1"},"canonical":"https:\/\/lequotidien.mr\/?p=4273&lang=fr","og_locale":"ar_AR","og_type":"article","og_title":"Me Cir\u00e9 Cl\u00e9dor Ly, avocat d'Aziz : \u00ab Avec l\u2019exp\u00e9rience, je me suis rendu compte que le pr\u00e9sident Macky Sall sacrifie l'ex-pr\u00e9sident \u00bb - Le Quotidien de Nouakchott","og_description":"Dakaractu\u00a0&#8211; En Mauritanie pour d\u00e9fendre son client envoy\u00e9 en chambre criminelle, Ma\u00eetre Cir\u00e9 Cl\u00e9dor Ly n\u2019a pas rat\u00e9 la cour. Selon l\u2019avocat joint par t\u00e9l\u00e9phone, cette chambre n\u2019a pas les comp\u00e9tences de juger l\u2019ex pr\u00e9sident Abdoul Aziz. Des discussions en cours se font entre les diff\u00e9rentes parties : partie civile, parquet et la d\u00e9fense. Les.....","og_url":"https:\/\/lequotidien.mr\/?p=4273&lang=fr","og_site_name":"Le Quotidien de Nouakchott","article_publisher":"https:\/\/web.facebook.com\/lequotidienmr","article_published_time":"2023-02-03T22:15:45+00:00","og_image":[{"width":334,"height":235,"url":"https:\/\/lequotidien.mr\/wp-content\/uploads\/2023\/02\/avocat_cire_cledor_45.jpg","type":"image\/jpeg"}],"author":"Gayi Diawara","twitter_card":"summary_large_image","twitter_creator":"@lequotidienmr","twitter_site":"@lequotidienmr","twitter_misc":{"\u0643\u064f\u062a\u0628 \u0628\u0648\u0627\u0633\u0637\u0629":"Gayi Diawara","\u0648\u0642\u062a \u0627\u0644\u0642\u0631\u0627\u0621\u0629 \u0627\u0644\u0645\u064f\u0642\u062f\u0651\u0631":"\u062f\u0642\u064a\u0642\u062a\u0627\u0646"},"schema":{"@context":"https:\/\/schema.org","@graph":[{"@type":"Article","@id":"https:\/\/lequotidien.mr\/?p=4273&lang=fr#article","isPartOf":{"@id":"https:\/\/lequotidien.mr\/?p=4273&lang=fr"},"author":{"name":"Gayi Diawara","@id":"https:\/\/lequotidien.mr\/#\/schema\/person\/1077c8abd5640a6514b909318d271dee"},"headline":"Me Cir\u00e9 Cl\u00e9dor Ly, avocat d&#8217;Aziz : \u00ab Avec l\u2019exp\u00e9rience, je me suis rendu compte que le pr\u00e9sident Macky Sall sacrifie l&#8217;ex-pr\u00e9sident \u00bb","datePublished":"2023-02-03T22:15:45+00:00","mainEntityOfPage":{"@id":"https:\/\/lequotidien.mr\/?p=4273&lang=fr"},"wordCount":384,"commentCount":0,"publisher":{"@id":"https:\/\/lequotidien.mr\/#organization"},"image":{"@id":"https:\/\/lequotidien.mr\/?p=4273&lang=fr#primaryimage"},"thumbnailUrl":"https:\/\/lequotidien.mr\/wp-content\/uploads\/2023\/02\/avocat_cire_cledor_45.jpg","articleSection":["ACTUALIT\u00c9","Opinion"],"inLanguage":"ar","potentialAction":[{"@type":"CommentAction","name":"Comment","target":["https:\/\/lequotidien.mr\/?p=4273&lang=fr#respond"]}]},{"@type":"WebPage","@id":"https:\/\/lequotidien.mr\/?p=4273&lang=fr","url":"https:\/\/lequotidien.mr\/?p=4273&lang=fr","name":"Me Cir\u00e9 Cl\u00e9dor Ly, avocat d'Aziz : \u00ab Avec l\u2019exp\u00e9rience, je me suis rendu compte que le pr\u00e9sident Macky Sall sacrifie l'ex-pr\u00e9sident \u00bb - Le Quotidien de Nouakchott","isPartOf":{"@id":"https:\/\/lequotidien.mr\/#website"},"primaryImageOfPage":{"@id":"https:\/\/lequotidien.mr\/?p=4273&lang=fr#primaryimage"},"image":{"@id":"https:\/\/lequotidien.mr\/?p=4273&lang=fr#primaryimage"},"thumbnailUrl":"https:\/\/lequotidien.mr\/wp-content\/uploads\/2023\/02\/avocat_cire_cledor_45.jpg","datePublished":"2023-02-03T22:15:45+00:00","breadcrumb":{"@id":"https:\/\/lequotidien.mr\/?p=4273&lang=fr#breadcrumb"},"inLanguage":"ar","potentialAction":[{"@type":"ReadAction","target":["https:\/\/lequotidien.mr\/?p=4273&lang=fr"]}]},{"@type":"ImageObject","inLanguage":"ar","@id":"https:\/\/lequotidien.mr\/?p=4273&lang=fr#primaryimage","url":"https:\/\/lequotidien.mr\/wp-content\/uploads\/2023\/02\/avocat_cire_cledor_45.jpg","contentUrl":"https:\/\/lequotidien.mr\/wp-content\/uploads\/2023\/02\/avocat_cire_cledor_45.jpg","width":334,"height":235},{"@type":"BreadcrumbList","@id":"https:\/\/lequotidien.mr\/?p=4273&lang=fr#breadcrumb","itemListElement":[{"@type":"ListItem","position":1,"name":"Home","item":"https:\/\/lequotidien.mr\/"},{"@type":"ListItem","position":2,"name":"Me Cir\u00e9 Cl\u00e9dor Ly, avocat d&#8217;Aziz : \u00ab Avec l\u2019exp\u00e9rience, je me suis rendu compte que le pr\u00e9sident Macky Sall sacrifie l&#8217;ex-pr\u00e9sident \u00bb"}]},{"@type":"WebSite","@id":"https:\/\/lequotidien.mr\/#website","url":"https:\/\/lequotidien.mr\/","name":"Le Quotidien de Nouakchott","description":"\u0625\u062e\u0628\u0627\u0631\u064a\u0629 \u0645\u0633\u062a\u0642\u0644\u0629 \u0644\u0644\u0623\u0646\u0628\u0627\u0621 \u0627\u0644\u0639\u0627\u0645\u0629","publisher":{"@id":"https:\/\/lequotidien.mr\/#organization"},"potentialAction":[{"@type":"SearchAction","target":{"@type":"EntryPoint","urlTemplate":"https:\/\/lequotidien.mr\/?s={search_term_string}"},"query-input":{"@type":"PropertyValueSpecification","valueRequired":true,"valueName":"search_term_string"}}],"inLanguage":"ar"},{"@type":"Organization","@id":"https:\/\/lequotidien.mr\/#organization","name":"Le Quotidien de Nouakchott","url":"https:\/\/lequotidien.mr\/","logo":{"@type":"ImageObject","inLanguage":"ar","@id":"https:\/\/lequotidien.mr\/#\/schema\/logo\/image\/","url":"https:\/\/lequotidien.mr\/wp-content\/uploads\/2022\/11\/logolequotidien.jpg","contentUrl":"https:\/\/lequotidien.mr\/wp-content\/uploads\/2022\/11\/logolequotidien.jpg","width":290,"height":65,"caption":"Le Quotidien de Nouakchott"},"image":{"@id":"https:\/\/lequotidien.mr\/#\/schema\/logo\/image\/"},"sameAs":["https:\/\/web.facebook.com\/lequotidienmr","https:\/\/x.com\/lequotidienmr"]},{"@type":"Person","@id":"https:\/\/lequotidien.mr\/#\/schema\/person\/1077c8abd5640a6514b909318d271dee","name":"Gayi Diawara","image":{"@type":"ImageObject","inLanguage":"ar","@id":"https:\/\/secure.gravatar.com\/avatar\/63ea8db1e19a6d2d608b24c0f78b5f3a7d6e0bc11959fec273410af333e4d0ac?s=96&d=mm&r=g","url":"https:\/\/secure.gravatar.com\/avatar\/63ea8db1e19a6d2d608b24c0f78b5f3a7d6e0bc11959fec273410af333e4d0ac?s=96&d=mm&r=g","contentUrl":"https:\/\/secure.gravatar.com\/avatar\/63ea8db1e19a6d2d608b24c0f78b5f3a7d6e0bc11959fec273410af333e4d0ac?s=96&d=mm&r=g","caption":"Gayi Diawara"},"sameAs":["http:\/\/lequotidien.mr"],"url":"https:\/\/lequotidien.mr\/?author=5"}]}},"_links":{"self":[{"href":"https:\/\/lequotidien.mr\/index.php?rest_route=\/wp\/v2\/posts\/4273","targetHints":{"allow":["GET"]}}],"collection":[{"href":"https:\/\/lequotidien.mr\/index.php?rest_route=\/wp\/v2\/posts"}],"about":[{"href":"https:\/\/lequotidien.mr\/index.php?rest_route=\/wp\/v2\/types\/post"}],"author":[{"embeddable":true,"href":"https:\/\/lequotidien.mr\/index.php?rest_route=\/wp\/v2\/users\/5"}],"replies":[{"embeddable":true,"href":"https:\/\/lequotidien.mr\/index.php?rest_route=%2Fwp%2Fv2%2Fcomments&post=4273"}],"version-history":[{"count":1,"href":"https:\/\/lequotidien.mr\/index.php?rest_route=\/wp\/v2\/posts\/4273\/revisions"}],"predecessor-version":[{"id":4275,"href":"https:\/\/lequotidien.mr\/index.php?rest_route=\/wp\/v2\/posts\/4273\/revisions\/4275"}],"wp:featuredmedia":[{"embeddable":true,"href":"https:\/\/lequotidien.mr\/index.php?rest_route=\/wp\/v2\/media\/4274"}],"wp:attachment":[{"href":"https:\/\/lequotidien.mr\/index.php?rest_route=%2Fwp%2Fv2%2Fmedia&parent=4273"}],"wp:term":[{"taxonomy":"category","embeddable":true,"href":"https:\/\/lequotidien.mr\/index.php?rest_route=%2Fwp%2Fv2%2Fcategories&post=4273"},{"taxonomy":"post_tag","embeddable":true,"href":"https:\/\/lequotidien.mr\/index.php?rest_route=%2Fwp%2Fv2%2Ftags&post=4273"}],"curies":[{"name":"wp","href":"https:\/\/api.w.org\/{rel}","templated":true}]}}