{"id":4270,"date":"2023-02-03T22:10:31","date_gmt":"2023-02-03T22:10:31","guid":{"rendered":"https:\/\/lequotidien.mr\/?p=4270"},"modified":"2023-02-03T22:10:31","modified_gmt":"2023-02-03T22:10:31","slug":"rosso-conseil-des-ministres-compte-rendu-du-point-de-presse-du-gouvernement-02-fevrier-2023","status":"publish","type":"post","link":"https:\/\/lequotidien.mr\/?p=4270&lang=fr","title":{"rendered":"Rosso : Conseil des Ministres &#8211; Compte rendu du Point de presse du Gouvernement &#8211; 02 F\u00e9vrier 2023"},"content":{"rendered":"<p>AMI &#8211; Le porte-parole du gouvernement a d\u00e9clar\u00e9 que la tenue du conseil des ministres, aujourd\u2019hui \u00e0 Rosso, marque le d\u00e9but d\u2019une nouvelle approche pour d\u00e9centraliser l\u2019action gouvernementale et permettre aux membres du gouvernement de s\u2019enqu\u00e9rir, de pr\u00e8s, des projets mis en \u0153uvre au niveau de ces wilayas, soulignant que cette d\u00e9marche sera organis\u00e9e au niveau d\u2019autres wilayas de l\u2019int\u00e9rieur.<\/p>\n<p>S\u2019agissant de la ville de Rosso, M. Nany Ould Chrougha a pr\u00e9cis\u00e9 qu\u2019un ensemble de projets seront mis en place pour appuyer les services de base dans cette ville frontali\u00e8re et entra\u00eener un v\u00e9ritable d\u00e9veloppement \u00e9conomique.<\/p>\n<p>Il a ajout\u00e9, lors du point de presse hebdomadaire que le conseil des ministres a examin\u00e9 et adopt\u00e9 plusieurs projets de loi, de d\u00e9crets et de communications.<\/p>\n<p>Parmi ces projets, explique-t-il, un projet de loi autorisant la ratification de la convention de cr\u00e9dit sur la contribution de l\u2019OFID au financement du projet d\u2019Alimentation en Eau Potable de la Ville de Kiffa, un projet de d\u00e9cret portant sur la modification du code des march\u00e9s publics, et deux projets de communication, dont la premi\u00e8re concerne la situation et les perspectives de l\u2019agriculture et la seconde l\u2019\u00e9volution de l\u2019ex\u00e9cution des projets durant le mois de d\u00e9cembre 2022.<\/p>\n<p>Lui succ\u00e9dant, le ministre des Affaires \u00e9conomiques et de la Promotion des Secteurs productifs, M. Ousmane Mamoudou Kane, a pr\u00e9cis\u00e9 que le projet de loi relatif \u00e0 la convention sign\u00e9e avec le Fonds de l\u2019OPEP pour le D\u00e9veloppement International (OFID), porte sur la contribution de l\u2019OFID au financement du projet d\u2019Alimentation en Eau Potable de la Ville de Kiffa.<\/p>\n<p>Le second projet est relatif \u00e0 une convention d\u2019\u00e9tablissement entre l\u2019\u00c9tat mauritanien et la Soci\u00e9t\u00e9 SENABEL EL KHAIR-SARL. Il s\u2019agit d\u2019un projet important pour la promotion agricole avec un financement de 6 milliards MRO et qui va assurer 115 emplois permanents et environ 1000 emplois indirects.<\/p>\n<p>s\u2019agissant du troisi\u00e8me projet qui est une communication relative \u00e0 l\u2019\u00e9volution de l\u2019ex\u00e9cution des projets, il fait \u00e9tat d\u2019une \u00e9volution relative \u00e0 leur taux d\u2019ex\u00e9cution durant le mois de d\u00e9cembre.<\/p>\n<p>Au sujet de l\u2019\u00e9volution du ProPEP qui a \u00e9t\u00e9 initi\u00e9 en 2020 sur une dur\u00e9e de 30 mois, il a indiqu\u00e9 qu\u2019il a \u00e9t\u00e9 ex\u00e9cut\u00e9 \u00e0 77% en fin d\u00e9cembre 2022.<\/p>\n<p>Par ailleurs, le ministre a rappel\u00e9 que la Mauritanie a fait face du risque de surendettement en 2014, soulignant que depuis l\u2019av\u00e8nement du Pr\u00e9sident de la R\u00e9publique, des efforts ont \u00e9t\u00e9 men\u00e9 pour r\u00e9duire ce risque.<\/p>\n<p>Pour sa part, le ministre de l\u2019Agriculture, M. Yahya Ould El Waghf, a indiqu\u00e9 qu\u2019il a pr\u00e9sent\u00e9 au conseil des ministres une communication portant sur la situation et les perspectives du secteur de l\u2019agriculture nationale, qui d\u00e9taille particuli\u00e8rement les d\u00e9fis du secteur.<\/p>\n<p>Au cours de ce conseil, le Pr\u00e9sident de la R\u00e9publique a donn\u00e9 ses instructions au gouvernement pour la prise en \u0153uvre d\u2019un ensemble de mesures dont un programme de campagne agricole en hiver pour le bl\u00e9 le riz et les l\u00e9gumes.<\/p>\n<p>Au sujet du bilan de la campagne agricole pr\u00e9c\u00e9dente, le ministre a fait savoir qu\u2019un ensemble de mesures essentielles seront \u00e9galement prises durant les prochaines ann\u00e9es.<\/p>\n<p>Parmi celles-ci, l\u2019engagement des ministres a redonner de l\u2019importance \u00e0 l\u2019agriculture pluviale. Cette d\u00e9cision sera traduite par le recrutement de sp\u00e9cialistes comp\u00e9tents pour le minist\u00e8re de l\u2019agriculture, l\u2019acquisition des moyens n\u00e9cessaires permettant un meilleur accompagnement des agriculteurs et le soutien \u00e0 la formation et \u00e0 la Recherche.<\/p>\n<p>vu des des difficult\u00e9s auxquelles fait face l\u2019agriculture pluviale, environ 200 unit\u00e9s de mat\u00e9riel de r\u00e9colte seront acquises en 2023 pour appuyer ce secteur.<\/p>\n<p>Une autre d\u00e9cision prise dans le cadre de cette communication concerne un programme sp\u00e9cifique pour un co\u00fbt de 40 milliards MRO pour appuyer l\u2019agriculture pluviale particuli\u00e8rement au niveau du Hodh charghi et de la moughataa de Bark\u00e9ol.<\/p>\n<p>En ce qui concerne l\u2019endettement des coop\u00e9ratives agricoles, qui perturbe d\u2019importantes capacit\u00e9s agricoles, M. Yahya Ould El Waghf a soulign\u00e9 qu\u2019un m\u00e9canisme sera d\u00e9velopp\u00e9 pour r\u00e9soudre ce dilemme par la concertation avec les autorit\u00e9s concern\u00e9es.<\/p>\n<p>Par ailleurs, il a appel\u00e9 les jeunes \u00e0 accorder de l\u2019importance \u00e0 la formation dans le domaine de l\u2019agriculture, puisque de nombreuses opportunit\u00e9s d\u2019emplois s\u2019offrent \u00e0 eux, soulignant que son d\u00e9partement est dispos\u00e9 \u00e0 les accompagner en termes de formation.<\/p>\n<p>Pour sa part, le ministre de l\u2019Enseignement Sup\u00e9rieur et de la Recherche Scientifique, M. Mohamed Lemine Ould Aboye, a indiqu\u00e9 que le projet de d\u00e9cret qui modifie certains dispositions du statut des enseignants chercheurs universitaires et hospitalo-universitaires, dans son article 70 il pr\u00e9voit que la nomination des enseignements agr\u00e9g\u00e9s comme enseignants hospitalo-universitaires doit \u00eatre faite sur avis du conseil et non par d\u00e9cret.<\/p>\n<p>Il a ajout\u00e9 que l\u2019article 74 pr\u00e9cise les conditions d\u2019admission au concours des professeurs hospitalo-universitaires ayant rempli le parcours acad\u00e9mique bien connu, en faisant r\u00e9f\u00e9rence \u00e0 certains des crit\u00e8res requis pour ce concours, tant en interne qu\u2019externe.<\/p>\n<p>Au cours de sa d\u00e9claration, il a \u00e9voqu\u00e9 l\u2019importance de la tenue du conseil dans l\u2019un des \u00e9tablissements d\u2019enseignement sup\u00e9rieur, (l\u2019Institut sup\u00e9rieur de l\u2019enseignement technologique \u00e0 Rosso).<\/p>\n","protected":false},"excerpt":{"rendered":"<p>AMI &#8211; Le porte-parole du gouvernement a d\u00e9clar\u00e9 que la tenue du conseil des ministres, aujourd\u2019hui \u00e0 Rosso, marque le d\u00e9but d\u2019une nouvelle approche pour d\u00e9centraliser l\u2019action gouvernementale et permettre aux membres du gouvernement de s\u2019enqu\u00e9rir, de pr\u00e8s, des projets mis en \u0153uvre au niveau de ces wilayas, soulignant que cette d\u00e9marche sera organis\u00e9e au&#8230;..<\/p>\n","protected":false},"author":5,"featured_media":4271,"comment_status":"open","ping_status":"open","sticky":false,"template":"","format":"standard","meta":{"footnotes":""},"categories":[23,49],"tags":[],"class_list":["post-4270","post","type-post","status-publish","format-standard","has-post-thumbnail","hentry","category-actualite","category-economie"],"yoast_head":"<!-- This site is optimized with the Yoast SEO plugin v27.5 - https:\/\/yoast.com\/product\/yoast-seo-wordpress\/ -->\n<title>Rosso : Conseil des Ministres - Compte rendu du Point de presse du Gouvernement - 02 F\u00e9vrier 2023 - Le Quotidien de Nouakchott<\/title>\n<meta name=\"robots\" content=\"index, follow, max-snippet:-1, max-image-preview:large, max-video-preview:-1\" \/>\n<link rel=\"canonical\" href=\"https:\/\/lequotidien.mr\/?p=4270&lang=fr\" \/>\n<meta property=\"og:locale\" content=\"ar_AR\" \/>\n<meta property=\"og:type\" content=\"article\" \/>\n<meta property=\"og:title\" content=\"Rosso : Conseil des Ministres - Compte rendu du Point de presse du Gouvernement - 02 F\u00e9vrier 2023 - Le Quotidien de Nouakchott\" \/>\n<meta property=\"og:description\" content=\"AMI &#8211; Le porte-parole du gouvernement a d\u00e9clar\u00e9 que la tenue du conseil des ministres, aujourd\u2019hui \u00e0 Rosso, marque le d\u00e9but d\u2019une nouvelle approche pour d\u00e9centraliser l\u2019action gouvernementale et permettre aux membres du gouvernement de s\u2019enqu\u00e9rir, de pr\u00e8s, des projets mis en \u0153uvre au niveau de ces wilayas, soulignant que cette d\u00e9marche sera organis\u00e9e au.....\" \/>\n<meta property=\"og:url\" content=\"https:\/\/lequotidien.mr\/?p=4270&amp;lang=fr\" \/>\n<meta property=\"og:site_name\" content=\"Le Quotidien de Nouakchott\" \/>\n<meta property=\"article:publisher\" content=\"https:\/\/web.facebook.com\/lequotidienmr\" \/>\n<meta property=\"article:published_time\" content=\"2023-02-03T22:10:31+00:00\" \/>\n<meta property=\"og:image\" content=\"https:\/\/lequotidien.mr\/wp-content\/uploads\/2023\/02\/point_depresse_gov_rosso.jpg\" \/>\n\t<meta property=\"og:image:width\" content=\"750\" \/>\n\t<meta property=\"og:image:height\" content=\"430\" \/>\n\t<meta property=\"og:image:type\" content=\"image\/jpeg\" \/>\n<meta name=\"author\" content=\"Gayi Diawara\" \/>\n<meta name=\"twitter:card\" content=\"summary_large_image\" \/>\n<meta name=\"twitter:creator\" content=\"@lequotidienmr\" \/>\n<meta name=\"twitter:site\" content=\"@lequotidienmr\" \/>\n<meta name=\"twitter:label1\" content=\"\u0643\u064f\u062a\u0628 \u0628\u0648\u0627\u0633\u0637\u0629\" \/>\n\t<meta name=\"twitter:data1\" content=\"Gayi Diawara\" \/>\n\t<meta name=\"twitter:label2\" content=\"\u0648\u0642\u062a \u0627\u0644\u0642\u0631\u0627\u0621\u0629 \u0627\u0644\u0645\u064f\u0642\u062f\u0651\u0631\" \/>\n\t<meta name=\"twitter:data2\" content=\"4 \u062f\u0642\u0627\u0626\u0642\" \/>\n<script type=\"application\/ld+json\" class=\"yoast-schema-graph\">{\"@context\":\"https:\\\/\\\/schema.org\",\"@graph\":[{\"@type\":\"Article\",\"@id\":\"https:\\\/\\\/lequotidien.mr\\\/?p=4270&lang=fr#article\",\"isPartOf\":{\"@id\":\"https:\\\/\\\/lequotidien.mr\\\/?p=4270&lang=fr\"},\"author\":{\"name\":\"Gayi Diawara\",\"@id\":\"https:\\\/\\\/lequotidien.mr\\\/#\\\/schema\\\/person\\\/1077c8abd5640a6514b909318d271dee\"},\"headline\":\"Rosso : Conseil des Ministres &#8211; Compte rendu du Point de presse du Gouvernement &#8211; 02 F\u00e9vrier 2023\",\"datePublished\":\"2023-02-03T22:10:31+00:00\",\"mainEntityOfPage\":{\"@id\":\"https:\\\/\\\/lequotidien.mr\\\/?p=4270&lang=fr\"},\"wordCount\":947,\"commentCount\":0,\"publisher\":{\"@id\":\"https:\\\/\\\/lequotidien.mr\\\/#organization\"},\"image\":{\"@id\":\"https:\\\/\\\/lequotidien.mr\\\/?p=4270&lang=fr#primaryimage\"},\"thumbnailUrl\":\"https:\\\/\\\/lequotidien.mr\\\/wp-content\\\/uploads\\\/2023\\\/02\\\/point_depresse_gov_rosso.jpg\",\"articleSection\":[\"ACTUALIT\u00c9\",\"Economie\"],\"inLanguage\":\"ar\",\"potentialAction\":[{\"@type\":\"CommentAction\",\"name\":\"Comment\",\"target\":[\"https:\\\/\\\/lequotidien.mr\\\/?p=4270&lang=fr#respond\"]}]},{\"@type\":\"WebPage\",\"@id\":\"https:\\\/\\\/lequotidien.mr\\\/?p=4270&lang=fr\",\"url\":\"https:\\\/\\\/lequotidien.mr\\\/?p=4270&lang=fr\",\"name\":\"Rosso : Conseil des Ministres - Compte rendu du Point de presse du Gouvernement - 02 F\u00e9vrier 2023 - Le Quotidien de Nouakchott\",\"isPartOf\":{\"@id\":\"https:\\\/\\\/lequotidien.mr\\\/#website\"},\"primaryImageOfPage\":{\"@id\":\"https:\\\/\\\/lequotidien.mr\\\/?p=4270&lang=fr#primaryimage\"},\"image\":{\"@id\":\"https:\\\/\\\/lequotidien.mr\\\/?p=4270&lang=fr#primaryimage\"},\"thumbnailUrl\":\"https:\\\/\\\/lequotidien.mr\\\/wp-content\\\/uploads\\\/2023\\\/02\\\/point_depresse_gov_rosso.jpg\",\"datePublished\":\"2023-02-03T22:10:31+00:00\",\"breadcrumb\":{\"@id\":\"https:\\\/\\\/lequotidien.mr\\\/?p=4270&lang=fr#breadcrumb\"},\"inLanguage\":\"ar\",\"potentialAction\":[{\"@type\":\"ReadAction\",\"target\":[\"https:\\\/\\\/lequotidien.mr\\\/?p=4270&lang=fr\"]}]},{\"@type\":\"ImageObject\",\"inLanguage\":\"ar\",\"@id\":\"https:\\\/\\\/lequotidien.mr\\\/?p=4270&lang=fr#primaryimage\",\"url\":\"https:\\\/\\\/lequotidien.mr\\\/wp-content\\\/uploads\\\/2023\\\/02\\\/point_depresse_gov_rosso.jpg\",\"contentUrl\":\"https:\\\/\\\/lequotidien.mr\\\/wp-content\\\/uploads\\\/2023\\\/02\\\/point_depresse_gov_rosso.jpg\",\"width\":750,\"height\":430},{\"@type\":\"BreadcrumbList\",\"@id\":\"https:\\\/\\\/lequotidien.mr\\\/?p=4270&lang=fr#breadcrumb\",\"itemListElement\":[{\"@type\":\"ListItem\",\"position\":1,\"name\":\"Home\",\"item\":\"https:\\\/\\\/lequotidien.mr\\\/\"},{\"@type\":\"ListItem\",\"position\":2,\"name\":\"Rosso : Conseil des Ministres &#8211; Compte rendu du Point de presse du Gouvernement &#8211; 02 F\u00e9vrier 2023\"}]},{\"@type\":\"WebSite\",\"@id\":\"https:\\\/\\\/lequotidien.mr\\\/#website\",\"url\":\"https:\\\/\\\/lequotidien.mr\\\/\",\"name\":\"Le Quotidien de Nouakchott\",\"description\":\"\u0625\u062e\u0628\u0627\u0631\u064a\u0629 \u0645\u0633\u062a\u0642\u0644\u0629 \u0644\u0644\u0623\u0646\u0628\u0627\u0621 \u0627\u0644\u0639\u0627\u0645\u0629\",\"publisher\":{\"@id\":\"https:\\\/\\\/lequotidien.mr\\\/#organization\"},\"potentialAction\":[{\"@type\":\"SearchAction\",\"target\":{\"@type\":\"EntryPoint\",\"urlTemplate\":\"https:\\\/\\\/lequotidien.mr\\\/?s={search_term_string}\"},\"query-input\":{\"@type\":\"PropertyValueSpecification\",\"valueRequired\":true,\"valueName\":\"search_term_string\"}}],\"inLanguage\":\"ar\"},{\"@type\":\"Organization\",\"@id\":\"https:\\\/\\\/lequotidien.mr\\\/#organization\",\"name\":\"Le Quotidien de Nouakchott\",\"url\":\"https:\\\/\\\/lequotidien.mr\\\/\",\"logo\":{\"@type\":\"ImageObject\",\"inLanguage\":\"ar\",\"@id\":\"https:\\\/\\\/lequotidien.mr\\\/#\\\/schema\\\/logo\\\/image\\\/\",\"url\":\"https:\\\/\\\/lequotidien.mr\\\/wp-content\\\/uploads\\\/2022\\\/11\\\/logolequotidien.jpg\",\"contentUrl\":\"https:\\\/\\\/lequotidien.mr\\\/wp-content\\\/uploads\\\/2022\\\/11\\\/logolequotidien.jpg\",\"width\":290,\"height\":65,\"caption\":\"Le Quotidien de Nouakchott\"},\"image\":{\"@id\":\"https:\\\/\\\/lequotidien.mr\\\/#\\\/schema\\\/logo\\\/image\\\/\"},\"sameAs\":[\"https:\\\/\\\/web.facebook.com\\\/lequotidienmr\",\"https:\\\/\\\/x.com\\\/lequotidienmr\"]},{\"@type\":\"Person\",\"@id\":\"https:\\\/\\\/lequotidien.mr\\\/#\\\/schema\\\/person\\\/1077c8abd5640a6514b909318d271dee\",\"name\":\"Gayi Diawara\",\"image\":{\"@type\":\"ImageObject\",\"inLanguage\":\"ar\",\"@id\":\"https:\\\/\\\/secure.gravatar.com\\\/avatar\\\/63ea8db1e19a6d2d608b24c0f78b5f3a7d6e0bc11959fec273410af333e4d0ac?s=96&d=mm&r=g\",\"url\":\"https:\\\/\\\/secure.gravatar.com\\\/avatar\\\/63ea8db1e19a6d2d608b24c0f78b5f3a7d6e0bc11959fec273410af333e4d0ac?s=96&d=mm&r=g\",\"contentUrl\":\"https:\\\/\\\/secure.gravatar.com\\\/avatar\\\/63ea8db1e19a6d2d608b24c0f78b5f3a7d6e0bc11959fec273410af333e4d0ac?s=96&d=mm&r=g\",\"caption\":\"Gayi Diawara\"},\"sameAs\":[\"http:\\\/\\\/lequotidien.mr\"],\"url\":\"https:\\\/\\\/lequotidien.mr\\\/?author=5\"}]}<\/script>\n<!-- \/ Yoast SEO plugin. -->","yoast_head_json":{"title":"Rosso : Conseil des Ministres - Compte rendu du Point de presse du Gouvernement - 02 F\u00e9vrier 2023 - Le Quotidien de Nouakchott","robots":{"index":"index","follow":"follow","max-snippet":"max-snippet:-1","max-image-preview":"max-image-preview:large","max-video-preview":"max-video-preview:-1"},"canonical":"https:\/\/lequotidien.mr\/?p=4270&lang=fr","og_locale":"ar_AR","og_type":"article","og_title":"Rosso : Conseil des Ministres - Compte rendu du Point de presse du Gouvernement - 02 F\u00e9vrier 2023 - Le Quotidien de Nouakchott","og_description":"AMI &#8211; Le porte-parole du gouvernement a d\u00e9clar\u00e9 que la tenue du conseil des ministres, aujourd\u2019hui \u00e0 Rosso, marque le d\u00e9but d\u2019une nouvelle approche pour d\u00e9centraliser l\u2019action gouvernementale et permettre aux membres du gouvernement de s\u2019enqu\u00e9rir, de pr\u00e8s, des projets mis en \u0153uvre au niveau de ces wilayas, soulignant que cette d\u00e9marche sera organis\u00e9e au.....","og_url":"https:\/\/lequotidien.mr\/?p=4270&lang=fr","og_site_name":"Le Quotidien de Nouakchott","article_publisher":"https:\/\/web.facebook.com\/lequotidienmr","article_published_time":"2023-02-03T22:10:31+00:00","og_image":[{"width":750,"height":430,"url":"https:\/\/lequotidien.mr\/wp-content\/uploads\/2023\/02\/point_depresse_gov_rosso.jpg","type":"image\/jpeg"}],"author":"Gayi Diawara","twitter_card":"summary_large_image","twitter_creator":"@lequotidienmr","twitter_site":"@lequotidienmr","twitter_misc":{"\u0643\u064f\u062a\u0628 \u0628\u0648\u0627\u0633\u0637\u0629":"Gayi Diawara","\u0648\u0642\u062a \u0627\u0644\u0642\u0631\u0627\u0621\u0629 \u0627\u0644\u0645\u064f\u0642\u062f\u0651\u0631":"4 \u062f\u0642\u0627\u0626\u0642"},"schema":{"@context":"https:\/\/schema.org","@graph":[{"@type":"Article","@id":"https:\/\/lequotidien.mr\/?p=4270&lang=fr#article","isPartOf":{"@id":"https:\/\/lequotidien.mr\/?p=4270&lang=fr"},"author":{"name":"Gayi Diawara","@id":"https:\/\/lequotidien.mr\/#\/schema\/person\/1077c8abd5640a6514b909318d271dee"},"headline":"Rosso : Conseil des Ministres &#8211; Compte rendu du Point de presse du Gouvernement &#8211; 02 F\u00e9vrier 2023","datePublished":"2023-02-03T22:10:31+00:00","mainEntityOfPage":{"@id":"https:\/\/lequotidien.mr\/?p=4270&lang=fr"},"wordCount":947,"commentCount":0,"publisher":{"@id":"https:\/\/lequotidien.mr\/#organization"},"image":{"@id":"https:\/\/lequotidien.mr\/?p=4270&lang=fr#primaryimage"},"thumbnailUrl":"https:\/\/lequotidien.mr\/wp-content\/uploads\/2023\/02\/point_depresse_gov_rosso.jpg","articleSection":["ACTUALIT\u00c9","Economie"],"inLanguage":"ar","potentialAction":[{"@type":"CommentAction","name":"Comment","target":["https:\/\/lequotidien.mr\/?p=4270&lang=fr#respond"]}]},{"@type":"WebPage","@id":"https:\/\/lequotidien.mr\/?p=4270&lang=fr","url":"https:\/\/lequotidien.mr\/?p=4270&lang=fr","name":"Rosso : Conseil des Ministres - Compte rendu du Point de presse du Gouvernement - 02 F\u00e9vrier 2023 - Le Quotidien de Nouakchott","isPartOf":{"@id":"https:\/\/lequotidien.mr\/#website"},"primaryImageOfPage":{"@id":"https:\/\/lequotidien.mr\/?p=4270&lang=fr#primaryimage"},"image":{"@id":"https:\/\/lequotidien.mr\/?p=4270&lang=fr#primaryimage"},"thumbnailUrl":"https:\/\/lequotidien.mr\/wp-content\/uploads\/2023\/02\/point_depresse_gov_rosso.jpg","datePublished":"2023-02-03T22:10:31+00:00","breadcrumb":{"@id":"https:\/\/lequotidien.mr\/?p=4270&lang=fr#breadcrumb"},"inLanguage":"ar","potentialAction":[{"@type":"ReadAction","target":["https:\/\/lequotidien.mr\/?p=4270&lang=fr"]}]},{"@type":"ImageObject","inLanguage":"ar","@id":"https:\/\/lequotidien.mr\/?p=4270&lang=fr#primaryimage","url":"https:\/\/lequotidien.mr\/wp-content\/uploads\/2023\/02\/point_depresse_gov_rosso.jpg","contentUrl":"https:\/\/lequotidien.mr\/wp-content\/uploads\/2023\/02\/point_depresse_gov_rosso.jpg","width":750,"height":430},{"@type":"BreadcrumbList","@id":"https:\/\/lequotidien.mr\/?p=4270&lang=fr#breadcrumb","itemListElement":[{"@type":"ListItem","position":1,"name":"Home","item":"https:\/\/lequotidien.mr\/"},{"@type":"ListItem","position":2,"name":"Rosso : Conseil des Ministres &#8211; Compte rendu du Point de presse du Gouvernement &#8211; 02 F\u00e9vrier 2023"}]},{"@type":"WebSite","@id":"https:\/\/lequotidien.mr\/#website","url":"https:\/\/lequotidien.mr\/","name":"Le Quotidien de Nouakchott","description":"\u0625\u062e\u0628\u0627\u0631\u064a\u0629 \u0645\u0633\u062a\u0642\u0644\u0629 \u0644\u0644\u0623\u0646\u0628\u0627\u0621 \u0627\u0644\u0639\u0627\u0645\u0629","publisher":{"@id":"https:\/\/lequotidien.mr\/#organization"},"potentialAction":[{"@type":"SearchAction","target":{"@type":"EntryPoint","urlTemplate":"https:\/\/lequotidien.mr\/?s={search_term_string}"},"query-input":{"@type":"PropertyValueSpecification","valueRequired":true,"valueName":"search_term_string"}}],"inLanguage":"ar"},{"@type":"Organization","@id":"https:\/\/lequotidien.mr\/#organization","name":"Le Quotidien de Nouakchott","url":"https:\/\/lequotidien.mr\/","logo":{"@type":"ImageObject","inLanguage":"ar","@id":"https:\/\/lequotidien.mr\/#\/schema\/logo\/image\/","url":"https:\/\/lequotidien.mr\/wp-content\/uploads\/2022\/11\/logolequotidien.jpg","contentUrl":"https:\/\/lequotidien.mr\/wp-content\/uploads\/2022\/11\/logolequotidien.jpg","width":290,"height":65,"caption":"Le Quotidien de Nouakchott"},"image":{"@id":"https:\/\/lequotidien.mr\/#\/schema\/logo\/image\/"},"sameAs":["https:\/\/web.facebook.com\/lequotidienmr","https:\/\/x.com\/lequotidienmr"]},{"@type":"Person","@id":"https:\/\/lequotidien.mr\/#\/schema\/person\/1077c8abd5640a6514b909318d271dee","name":"Gayi Diawara","image":{"@type":"ImageObject","inLanguage":"ar","@id":"https:\/\/secure.gravatar.com\/avatar\/63ea8db1e19a6d2d608b24c0f78b5f3a7d6e0bc11959fec273410af333e4d0ac?s=96&d=mm&r=g","url":"https:\/\/secure.gravatar.com\/avatar\/63ea8db1e19a6d2d608b24c0f78b5f3a7d6e0bc11959fec273410af333e4d0ac?s=96&d=mm&r=g","contentUrl":"https:\/\/secure.gravatar.com\/avatar\/63ea8db1e19a6d2d608b24c0f78b5f3a7d6e0bc11959fec273410af333e4d0ac?s=96&d=mm&r=g","caption":"Gayi Diawara"},"sameAs":["http:\/\/lequotidien.mr"],"url":"https:\/\/lequotidien.mr\/?author=5"}]}},"_links":{"self":[{"href":"https:\/\/lequotidien.mr\/index.php?rest_route=\/wp\/v2\/posts\/4270","targetHints":{"allow":["GET"]}}],"collection":[{"href":"https:\/\/lequotidien.mr\/index.php?rest_route=\/wp\/v2\/posts"}],"about":[{"href":"https:\/\/lequotidien.mr\/index.php?rest_route=\/wp\/v2\/types\/post"}],"author":[{"embeddable":true,"href":"https:\/\/lequotidien.mr\/index.php?rest_route=\/wp\/v2\/users\/5"}],"replies":[{"embeddable":true,"href":"https:\/\/lequotidien.mr\/index.php?rest_route=%2Fwp%2Fv2%2Fcomments&post=4270"}],"version-history":[{"count":1,"href":"https:\/\/lequotidien.mr\/index.php?rest_route=\/wp\/v2\/posts\/4270\/revisions"}],"predecessor-version":[{"id":4272,"href":"https:\/\/lequotidien.mr\/index.php?rest_route=\/wp\/v2\/posts\/4270\/revisions\/4272"}],"wp:featuredmedia":[{"embeddable":true,"href":"https:\/\/lequotidien.mr\/index.php?rest_route=\/wp\/v2\/media\/4271"}],"wp:attachment":[{"href":"https:\/\/lequotidien.mr\/index.php?rest_route=%2Fwp%2Fv2%2Fmedia&parent=4270"}],"wp:term":[{"taxonomy":"category","embeddable":true,"href":"https:\/\/lequotidien.mr\/index.php?rest_route=%2Fwp%2Fv2%2Fcategories&post=4270"},{"taxonomy":"post_tag","embeddable":true,"href":"https:\/\/lequotidien.mr\/index.php?rest_route=%2Fwp%2Fv2%2Ftags&post=4270"}],"curies":[{"name":"wp","href":"https:\/\/api.w.org\/{rel}","templated":true}]}}