{"id":4194,"date":"2023-02-02T12:28:11","date_gmt":"2023-02-02T12:28:11","guid":{"rendered":"https:\/\/lequotidien.mr\/?p=4194"},"modified":"2023-02-02T12:28:11","modified_gmt":"2023-02-02T12:28:11","slug":"larticle-93-de-la-constitution-accorde-t-il-au-president-de-la-republique-une-immunite-qui-empeche-son-jugement-par-les-tribunaux-de-droit-commun","status":"publish","type":"post","link":"https:\/\/lequotidien.mr\/?p=4194&lang=fr","title":{"rendered":"L\u2019article 93 de la Constitution accorde-t-il au Pr\u00e9sident de la R\u00e9publique une immunit\u00e9 qui emp\u00eache son jugement par les tribunaux de droit commun ?"},"content":{"rendered":"<p>Le 29 juillet 2020, l\u2019Assembl\u00e9e nationale a adopt\u00e9 une proposition de r\u00e9solution relative \u00e0 la transmission des dossiers de la Commission d\u2019enqu\u00eate parlementaire, qui ne rel\u00e8vent pas de la comp\u00e9tence de la Haute Cour de Justice, au Ministre de la Justice pour prendre les mesures n\u00e9cessaires pour le transfert de ces dossiers aux instances judiciaires comp\u00e9tentes.<\/p>\n<p>De son c\u00f4t\u00e9, le Ministre de la justice a proc\u00e9d\u00e9 \u00e0 la transmission de ces dossiers au Procureur G\u00e9n\u00e9ral aupr\u00e8s de la Cour Supr\u00eame. Ainsi, a commenc\u00e9 le processus de mise en accusation de l\u2019ancien pr\u00e9sident Mohamed Ould Abdel Aziz, suscitant une vaste pol\u00e9mique autour des instances comp\u00e9tentes \u00e0 poursuivre, enqu\u00eater, accuser et, au besoin, juger l\u2019int\u00e9ress\u00e9.<\/p>\n<p>Il y a lieu de noter, ici, que la responsabilit\u00e9 p\u00e9nale du Pr\u00e9sident de la R\u00e9publique est d\u00e9finie par l\u2019article 93 de la Constitution, qui stipule que le Pr\u00e9sident de la R\u00e9publique n&#8217;est responsable des actes accomplis dans l&#8217;exercice de ses fonctions qu&#8217;en cas de haute trahison.<\/p>\n<p>La Constitution pr\u00e9cise ces pr\u00e9rogatives. Ainsi, le Pr\u00e9sident de la R\u00e9publique est le gardien de la Constitution. Il incarne l&#8217;Etat, assure le fonctionnement continu et r\u00e9gulier des pouvoirs publics ; il est garant de l&#8217;ind\u00e9pendance nationale et de l&#8217;int\u00e9grit\u00e9 du territoire.<\/p>\n<p>Il exerce le pouvoir ex\u00e9cutif, pr\u00e9side le Conseil des Ministres, d\u00e9termine et conduit la politique ext\u00e9rieure de la Nation, ainsi que sa politique de d\u00e9fense et de s\u00e9curit\u00e9, nomme le Premier Ministre (PM) et sur proposition de ce dernier nomme les ministres et met fin \u00e0 leurs fonctions. Il nomme \u00e9galement aux emplois civils et militaires.<\/p>\n<p>Il peut dissoudre l\u2019Assembl\u00e9e Nationale apr\u00e8s consultation du PM et du Pr\u00e9sident de l\u2019Assembl\u00e9e Nationale, promulgue les lois et signe les d\u00e9crets \u00e0 caract\u00e8re r\u00e9glementaires. Il est le chef supr\u00eame des arm\u00e9es et accr\u00e9dite les ambassadeurs et les envoy\u00e9s extraordinaires aupr\u00e8s des puissances \u00e9trang\u00e8res.<\/p>\n<p>Les ambassadeurs et envoy\u00e9s extraordinaires sont accr\u00e9dit\u00e9s aupr\u00e8s de lui. Il signe les trait\u00e9s et les ratifie, il dispose du droit de gr\u00e2ce et du droit de remise ou de commutation de peines, il peut saisir le peuple par voie de r\u00e9f\u00e9rendum, peut d\u00e9cr\u00e9ter l\u2019\u00e9tat d\u2019exception suivant certaines conditions, il d\u00e9cr\u00e8te l\u2019\u00e9tat d\u2019urgence et l\u2019\u00e9tat de si\u00e8ge. Il pr\u00e9side le Conseil Sup\u00e9rieur de la Magistrature.<\/p>\n<p>Ce sont-l\u00e0 les principales pr\u00e9rogatives du Pr\u00e9sident de la R\u00e9publique auxquelles se r\u00e9f\u00e8re l\u2019article 93. En cas de manquement \u00e0 ces pr\u00e9rogatives, la Constitution pr\u00e9cise l\u2019instance d\u2019accusation et l\u2019instance judiciaire pour son jugement.<\/p>\n<p>L\u2019instance d\u2019accusation est l\u2019Assembl\u00e9e nationale, qui d\u00e9cide par scrutin public et \u00e0 la majorit\u00e9 absolue de ses membres, et celle de jugement est la Haute Cour de Justice.<\/p>\n<p>Au cours d\u2019une \u00e9mission \u00e0 la Chaine ElBarlamaniya avec mon confr\u00e8re docteur Sidi Mohamed Sid\u2019Ebe, j\u2019avais pr\u00e9cis\u00e9 ce qu\u2019il en est de la composition et des comp\u00e9tences de la Haute Cour de Justice, dans les diff\u00e9rentes Constitutions qu\u2019a connu notre pays en 1959, 1961 et 1991. J\u2019ai pr\u00e9cis\u00e9 qu\u2019elle est l\u2019instance comp\u00e9tente pour juger le Pr\u00e9sident de la R\u00e9publique, lorsqu\u2019il s\u2019agit de l\u2019accusation de haute trahison, sur la base de violation des pr\u00e9rogatives du pr\u00e9sident cit\u00e9es plus haut.<\/p>\n<p>&nbsp;<\/p>\n<p>Y-a-t-il cependant un fondement juridique \u00e0 la recommandation de la Commission parlementaire d\u2019enqu\u00eate concernant la transmission des dossiers \u00e0 la justice de droit commun, vot\u00e9e par l\u2019Assembl\u00e9e nationale \u00e0 la majorit\u00e9 \u00e9crasante de ses membres ?<\/p>\n<p>Les actes accomplis par le Pr\u00e9sident de la R\u00e9publique \u00e0 l\u2019occasion de l\u2019exercice de ses fonctions pr\u00e9sidentielles, mais dont la finalit\u00e9 est priv\u00e9e, peuvent constituer des infractions p\u00e9nales, punies par le droit mauritanien.<\/p>\n<p>Les actes appel\u00e9s par la Cour de Cassation Fran\u00e7aise \u00ab actes d\u00e9tachables \u00bb dans une d\u00e9cision du 10 Octobre 2001 sur un arr\u00eat de la Cour de Paris a mis fin \u00e0 une longue pol\u00e9mique des juristes et des politiciens survenus durant les mandats des pr\u00e9sidents fran\u00e7ais notamment Giscard d\u2019Estaing, Chirac et Sarkozy par la r\u00e9vision de la Constitution Fran\u00e7aise en 2007.<\/p>\n<p>Dans son article 67, la Constitution pr\u00e9cise que le Pr\u00e9sident n\u2019est responsable devant aucune juridiction ou autorit\u00e9 pendant l\u2019exercice de son mandat. Il peut \u00eatre suivi un mois apr\u00e8s la cessation de ses fonctions.<\/p>\n<p>La l\u00e9gislation mauritanienne a donn\u00e9 un fondement \u00e0 ce cas, \u00e0 travers l\u2019article 79 de la Constitution, la Convention des Nations unies de lutte contre la Corruption, ratifi\u00e9e par notre pays, la loi sur la Corruption de 2016 et l\u2019article 27 de la Loi Organique relative \u00e0 la Haute Cour de Justice.<\/p>\n<p>Le rapprochement entre ces textes, montre que l\u2019article 79 de la Constitution institue la possibilit\u00e9 d\u2019amender la loi fondamentale, lorsqu\u2019un engagement international de la Mauritanie comporte des clauses contraires \u00e0 elle, afin que les dispositions constitutionnelles soient conform\u00e9es \u00e0 la convention internationale. En cela, le l\u00e9gislateur mauritanien aura suivi la doctrine du caract\u00e8re unitaire du droit, c\u2019est-\u00e0-dire de l\u2019unicit\u00e9 du droit international et du droit interne, avec la primaut\u00e9 du premier en cas de contradiction entre les deux.<\/p>\n<p>La convention internationale sur la corruption, \u00e0 laquelle notre pays a adh\u00e9r\u00e9 le 25 octobre 2006, fait alors partie de notre arsenal juridique. Cette convention stipule que sont punis les actes commis par l\u2019ensemble des fonctionnaires exer\u00e7ant des fonctions nationales ou internationales, tels que le d\u00e9tournement des biens publics, ou l\u2019utilisation abusive de la fonction, le trafic d\u2019influence, l\u2019enrichissement illicite, la corruption, la dissimulation des avoirs illicites ou l\u2019entrave \u00e0 la justice (articles 15- 44). Elle stipule \u00e9galement le recouvrement des avoirs existants, le gel, la confiscation et la restitution des biens obtenus gr\u00e2ce \u00e0 des activit\u00e9s corruptives. (Articles 51 &#8211; 59).<\/p>\n<p>En application de la convention, notre pays a promulgu\u00e9, en date du 15 avril 2016, la loi de la lutte contre les crimes en rapport avec la corruption, qui comporte l\u2019essentiel de ladite convention. Cette loi renvoie \u00e0 des instances de lutte contre les crimes en question dont la Cour des Comptes et l\u2019Inspection G\u00e9n\u00e9rale de l\u2019Etat et cr\u00e9\u00e9 des m\u00e9canismes dont la Police de lutte contre les crimes \u00e9conomiques et financiers, le Tribunal de premi\u00e8re instance charg\u00e9 des crimes li\u00e9s \u00e0 la corruption.<\/p>\n<p>En outre, l\u2019article 27 de la loi organique n\u00b0030\/2020, modifiant et compl\u00e9tant la loi n\u00b0021\/2008 du 30 avril 2008, relative \u00e0 la Haute Cour de Justice dans sa version actuelle et celle de 2008, stipule que \u00ab La constitution de partie civile n\u2019est pas recevable devant la Haute Cour de Justice. Les actions en r\u00e9paration de dommage ayant r\u00e9sult\u00e9 des d\u00e9lits et crimes poursuivis devant la Haute Cour de Justice ne peuvent \u00eatre port\u00e9s que devant les juridictions des droits communs. \u00bb<\/p>\n<p>&nbsp;<\/p>\n<p>Il est certain que les actes incrimin\u00e9s, qui sortent des pr\u00e9rogatives du Pr\u00e9sident de la R\u00e9publique que nous avons \u00e9num\u00e9r\u00e9es plus haut, peuvent \u00eatre du ressort de ces instances, c\u2019est-\u00e0-dire qu\u2019elles rel\u00e8vent de la comp\u00e9tence de la justice de droit commun.<\/p>\n<p>Par cons\u00e9quent, ce que l\u2019on pourrait appeler \u00ab actes d\u00e9tachables \u00bb aux pr\u00e9rogatives du Pr\u00e9sident de la R\u00e9publique ne sont pas couverts par l\u2019immunit\u00e9 de l\u2019article 93 de la Constitution.<\/p>\n<p>Dr Mohamed Ould Khabaz, Professeur de Droit Constitutionnel \u00e0 l\u2019Universit\u00e9 de Nouakchott<\/p>\n","protected":false},"excerpt":{"rendered":"<p>Le 29 juillet 2020, l\u2019Assembl\u00e9e nationale a adopt\u00e9 une proposition de r\u00e9solution relative \u00e0 la transmission des dossiers de la Commission d\u2019enqu\u00eate parlementaire, qui ne rel\u00e8vent pas de la comp\u00e9tence de la Haute Cour de Justice, au Ministre de la Justice pour prendre les mesures n\u00e9cessaires pour le transfert de ces dossiers aux instances judiciaires&#8230;..<\/p>\n","protected":false},"author":5,"featured_media":4195,"comment_status":"open","ping_status":"open","sticky":false,"template":"","format":"standard","meta":{"footnotes":""},"categories":[23,59],"tags":[],"class_list":["post-4194","post","type-post","status-publish","format-standard","has-post-thumbnail","hentry","category-actualite","category-opinion"],"yoast_head":"<!-- This site is optimized with the Yoast SEO plugin v27.5 - https:\/\/yoast.com\/product\/yoast-seo-wordpress\/ -->\n<title>L\u2019article 93 de la Constitution accorde-t-il au Pr\u00e9sident de la R\u00e9publique une immunit\u00e9 qui emp\u00eache son jugement par les tribunaux de droit commun ? - Le Quotidien de Nouakchott<\/title>\n<meta name=\"robots\" content=\"index, follow, max-snippet:-1, max-image-preview:large, max-video-preview:-1\" \/>\n<link rel=\"canonical\" href=\"https:\/\/lequotidien.mr\/?p=4194&lang=fr\" \/>\n<meta property=\"og:locale\" content=\"ar_AR\" \/>\n<meta property=\"og:type\" content=\"article\" \/>\n<meta property=\"og:title\" content=\"L\u2019article 93 de la Constitution accorde-t-il au Pr\u00e9sident de la R\u00e9publique une immunit\u00e9 qui emp\u00eache son jugement par les tribunaux de droit commun ? - Le Quotidien de Nouakchott\" \/>\n<meta property=\"og:description\" content=\"Le 29 juillet 2020, l\u2019Assembl\u00e9e nationale a adopt\u00e9 une proposition de r\u00e9solution relative \u00e0 la transmission des dossiers de la Commission d\u2019enqu\u00eate parlementaire, qui ne rel\u00e8vent pas de la comp\u00e9tence de la Haute Cour de Justice, au Ministre de la Justice pour prendre les mesures n\u00e9cessaires pour le transfert de ces dossiers aux instances judiciaires.....\" \/>\n<meta property=\"og:url\" content=\"https:\/\/lequotidien.mr\/?p=4194&amp;lang=fr\" \/>\n<meta property=\"og:site_name\" content=\"Le Quotidien de Nouakchott\" \/>\n<meta property=\"article:publisher\" content=\"https:\/\/web.facebook.com\/lequotidienmr\" \/>\n<meta property=\"article:published_time\" content=\"2023-02-02T12:28:11+00:00\" \/>\n<meta property=\"og:image\" content=\"https:\/\/lequotidien.mr\/wp-content\/uploads\/2023\/02\/KHBAZAZIZ-1.jpg\" \/>\n\t<meta property=\"og:image:width\" content=\"300\" \/>\n\t<meta property=\"og:image:height\" content=\"200\" \/>\n\t<meta property=\"og:image:type\" content=\"image\/jpeg\" \/>\n<meta name=\"author\" content=\"Gayi Diawara\" \/>\n<meta name=\"twitter:card\" content=\"summary_large_image\" \/>\n<meta name=\"twitter:creator\" content=\"@lequotidienmr\" \/>\n<meta name=\"twitter:site\" content=\"@lequotidienmr\" \/>\n<meta name=\"twitter:label1\" content=\"\u0643\u064f\u062a\u0628 \u0628\u0648\u0627\u0633\u0637\u0629\" \/>\n\t<meta name=\"twitter:data1\" content=\"Gayi Diawara\" \/>\n\t<meta name=\"twitter:label2\" content=\"\u0648\u0642\u062a \u0627\u0644\u0642\u0631\u0627\u0621\u0629 \u0627\u0644\u0645\u064f\u0642\u062f\u0651\u0631\" \/>\n\t<meta name=\"twitter:data2\" content=\"6 \u062f\u0642\u0627\u0626\u0642\" \/>\n<script type=\"application\/ld+json\" class=\"yoast-schema-graph\">{\"@context\":\"https:\\\/\\\/schema.org\",\"@graph\":[{\"@type\":\"Article\",\"@id\":\"https:\\\/\\\/lequotidien.mr\\\/?p=4194&lang=fr#article\",\"isPartOf\":{\"@id\":\"https:\\\/\\\/lequotidien.mr\\\/?p=4194&lang=fr\"},\"author\":{\"name\":\"Gayi Diawara\",\"@id\":\"https:\\\/\\\/lequotidien.mr\\\/#\\\/schema\\\/person\\\/1077c8abd5640a6514b909318d271dee\"},\"headline\":\"L\u2019article 93 de la Constitution accorde-t-il au Pr\u00e9sident de la R\u00e9publique une immunit\u00e9 qui emp\u00eache son jugement par les tribunaux de droit commun ?\",\"datePublished\":\"2023-02-02T12:28:11+00:00\",\"mainEntityOfPage\":{\"@id\":\"https:\\\/\\\/lequotidien.mr\\\/?p=4194&lang=fr\"},\"wordCount\":1326,\"commentCount\":0,\"publisher\":{\"@id\":\"https:\\\/\\\/lequotidien.mr\\\/#organization\"},\"image\":{\"@id\":\"https:\\\/\\\/lequotidien.mr\\\/?p=4194&lang=fr#primaryimage\"},\"thumbnailUrl\":\"https:\\\/\\\/lequotidien.mr\\\/wp-content\\\/uploads\\\/2023\\\/02\\\/KHBAZAZIZ-1.jpg\",\"articleSection\":[\"ACTUALIT\u00c9\",\"Opinion\"],\"inLanguage\":\"ar\",\"potentialAction\":[{\"@type\":\"CommentAction\",\"name\":\"Comment\",\"target\":[\"https:\\\/\\\/lequotidien.mr\\\/?p=4194&lang=fr#respond\"]}]},{\"@type\":\"WebPage\",\"@id\":\"https:\\\/\\\/lequotidien.mr\\\/?p=4194&lang=fr\",\"url\":\"https:\\\/\\\/lequotidien.mr\\\/?p=4194&lang=fr\",\"name\":\"L\u2019article 93 de la Constitution accorde-t-il au Pr\u00e9sident de la R\u00e9publique une immunit\u00e9 qui emp\u00eache son jugement par les tribunaux de droit commun ? - Le Quotidien de Nouakchott\",\"isPartOf\":{\"@id\":\"https:\\\/\\\/lequotidien.mr\\\/#website\"},\"primaryImageOfPage\":{\"@id\":\"https:\\\/\\\/lequotidien.mr\\\/?p=4194&lang=fr#primaryimage\"},\"image\":{\"@id\":\"https:\\\/\\\/lequotidien.mr\\\/?p=4194&lang=fr#primaryimage\"},\"thumbnailUrl\":\"https:\\\/\\\/lequotidien.mr\\\/wp-content\\\/uploads\\\/2023\\\/02\\\/KHBAZAZIZ-1.jpg\",\"datePublished\":\"2023-02-02T12:28:11+00:00\",\"breadcrumb\":{\"@id\":\"https:\\\/\\\/lequotidien.mr\\\/?p=4194&lang=fr#breadcrumb\"},\"inLanguage\":\"ar\",\"potentialAction\":[{\"@type\":\"ReadAction\",\"target\":[\"https:\\\/\\\/lequotidien.mr\\\/?p=4194&lang=fr\"]}]},{\"@type\":\"ImageObject\",\"inLanguage\":\"ar\",\"@id\":\"https:\\\/\\\/lequotidien.mr\\\/?p=4194&lang=fr#primaryimage\",\"url\":\"https:\\\/\\\/lequotidien.mr\\\/wp-content\\\/uploads\\\/2023\\\/02\\\/KHBAZAZIZ-1.jpg\",\"contentUrl\":\"https:\\\/\\\/lequotidien.mr\\\/wp-content\\\/uploads\\\/2023\\\/02\\\/KHBAZAZIZ-1.jpg\",\"width\":300,\"height\":200},{\"@type\":\"BreadcrumbList\",\"@id\":\"https:\\\/\\\/lequotidien.mr\\\/?p=4194&lang=fr#breadcrumb\",\"itemListElement\":[{\"@type\":\"ListItem\",\"position\":1,\"name\":\"Home\",\"item\":\"https:\\\/\\\/lequotidien.mr\\\/\"},{\"@type\":\"ListItem\",\"position\":2,\"name\":\"L\u2019article 93 de la Constitution accorde-t-il au Pr\u00e9sident de la R\u00e9publique une immunit\u00e9 qui emp\u00eache son jugement par les tribunaux de droit commun ?\"}]},{\"@type\":\"WebSite\",\"@id\":\"https:\\\/\\\/lequotidien.mr\\\/#website\",\"url\":\"https:\\\/\\\/lequotidien.mr\\\/\",\"name\":\"Le Quotidien de Nouakchott\",\"description\":\"\u0625\u062e\u0628\u0627\u0631\u064a\u0629 \u0645\u0633\u062a\u0642\u0644\u0629 \u0644\u0644\u0623\u0646\u0628\u0627\u0621 \u0627\u0644\u0639\u0627\u0645\u0629\",\"publisher\":{\"@id\":\"https:\\\/\\\/lequotidien.mr\\\/#organization\"},\"potentialAction\":[{\"@type\":\"SearchAction\",\"target\":{\"@type\":\"EntryPoint\",\"urlTemplate\":\"https:\\\/\\\/lequotidien.mr\\\/?s={search_term_string}\"},\"query-input\":{\"@type\":\"PropertyValueSpecification\",\"valueRequired\":true,\"valueName\":\"search_term_string\"}}],\"inLanguage\":\"ar\"},{\"@type\":\"Organization\",\"@id\":\"https:\\\/\\\/lequotidien.mr\\\/#organization\",\"name\":\"Le Quotidien de Nouakchott\",\"url\":\"https:\\\/\\\/lequotidien.mr\\\/\",\"logo\":{\"@type\":\"ImageObject\",\"inLanguage\":\"ar\",\"@id\":\"https:\\\/\\\/lequotidien.mr\\\/#\\\/schema\\\/logo\\\/image\\\/\",\"url\":\"https:\\\/\\\/lequotidien.mr\\\/wp-content\\\/uploads\\\/2022\\\/11\\\/logolequotidien.jpg\",\"contentUrl\":\"https:\\\/\\\/lequotidien.mr\\\/wp-content\\\/uploads\\\/2022\\\/11\\\/logolequotidien.jpg\",\"width\":290,\"height\":65,\"caption\":\"Le Quotidien de Nouakchott\"},\"image\":{\"@id\":\"https:\\\/\\\/lequotidien.mr\\\/#\\\/schema\\\/logo\\\/image\\\/\"},\"sameAs\":[\"https:\\\/\\\/web.facebook.com\\\/lequotidienmr\",\"https:\\\/\\\/x.com\\\/lequotidienmr\"]},{\"@type\":\"Person\",\"@id\":\"https:\\\/\\\/lequotidien.mr\\\/#\\\/schema\\\/person\\\/1077c8abd5640a6514b909318d271dee\",\"name\":\"Gayi Diawara\",\"image\":{\"@type\":\"ImageObject\",\"inLanguage\":\"ar\",\"@id\":\"https:\\\/\\\/secure.gravatar.com\\\/avatar\\\/63ea8db1e19a6d2d608b24c0f78b5f3a7d6e0bc11959fec273410af333e4d0ac?s=96&d=mm&r=g\",\"url\":\"https:\\\/\\\/secure.gravatar.com\\\/avatar\\\/63ea8db1e19a6d2d608b24c0f78b5f3a7d6e0bc11959fec273410af333e4d0ac?s=96&d=mm&r=g\",\"contentUrl\":\"https:\\\/\\\/secure.gravatar.com\\\/avatar\\\/63ea8db1e19a6d2d608b24c0f78b5f3a7d6e0bc11959fec273410af333e4d0ac?s=96&d=mm&r=g\",\"caption\":\"Gayi Diawara\"},\"sameAs\":[\"http:\\\/\\\/lequotidien.mr\"],\"url\":\"https:\\\/\\\/lequotidien.mr\\\/?author=5\"}]}<\/script>\n<!-- \/ Yoast SEO plugin. -->","yoast_head_json":{"title":"L\u2019article 93 de la Constitution accorde-t-il au Pr\u00e9sident de la R\u00e9publique une immunit\u00e9 qui emp\u00eache son jugement par les tribunaux de droit commun ? - Le Quotidien de Nouakchott","robots":{"index":"index","follow":"follow","max-snippet":"max-snippet:-1","max-image-preview":"max-image-preview:large","max-video-preview":"max-video-preview:-1"},"canonical":"https:\/\/lequotidien.mr\/?p=4194&lang=fr","og_locale":"ar_AR","og_type":"article","og_title":"L\u2019article 93 de la Constitution accorde-t-il au Pr\u00e9sident de la R\u00e9publique une immunit\u00e9 qui emp\u00eache son jugement par les tribunaux de droit commun ? - Le Quotidien de Nouakchott","og_description":"Le 29 juillet 2020, l\u2019Assembl\u00e9e nationale a adopt\u00e9 une proposition de r\u00e9solution relative \u00e0 la transmission des dossiers de la Commission d\u2019enqu\u00eate parlementaire, qui ne rel\u00e8vent pas de la comp\u00e9tence de la Haute Cour de Justice, au Ministre de la Justice pour prendre les mesures n\u00e9cessaires pour le transfert de ces dossiers aux instances judiciaires.....","og_url":"https:\/\/lequotidien.mr\/?p=4194&lang=fr","og_site_name":"Le Quotidien de Nouakchott","article_publisher":"https:\/\/web.facebook.com\/lequotidienmr","article_published_time":"2023-02-02T12:28:11+00:00","og_image":[{"width":300,"height":200,"url":"https:\/\/lequotidien.mr\/wp-content\/uploads\/2023\/02\/KHBAZAZIZ-1.jpg","type":"image\/jpeg"}],"author":"Gayi Diawara","twitter_card":"summary_large_image","twitter_creator":"@lequotidienmr","twitter_site":"@lequotidienmr","twitter_misc":{"\u0643\u064f\u062a\u0628 \u0628\u0648\u0627\u0633\u0637\u0629":"Gayi Diawara","\u0648\u0642\u062a \u0627\u0644\u0642\u0631\u0627\u0621\u0629 \u0627\u0644\u0645\u064f\u0642\u062f\u0651\u0631":"6 \u062f\u0642\u0627\u0626\u0642"},"schema":{"@context":"https:\/\/schema.org","@graph":[{"@type":"Article","@id":"https:\/\/lequotidien.mr\/?p=4194&lang=fr#article","isPartOf":{"@id":"https:\/\/lequotidien.mr\/?p=4194&lang=fr"},"author":{"name":"Gayi Diawara","@id":"https:\/\/lequotidien.mr\/#\/schema\/person\/1077c8abd5640a6514b909318d271dee"},"headline":"L\u2019article 93 de la Constitution accorde-t-il au Pr\u00e9sident de la R\u00e9publique une immunit\u00e9 qui emp\u00eache son jugement par les tribunaux de droit commun ?","datePublished":"2023-02-02T12:28:11+00:00","mainEntityOfPage":{"@id":"https:\/\/lequotidien.mr\/?p=4194&lang=fr"},"wordCount":1326,"commentCount":0,"publisher":{"@id":"https:\/\/lequotidien.mr\/#organization"},"image":{"@id":"https:\/\/lequotidien.mr\/?p=4194&lang=fr#primaryimage"},"thumbnailUrl":"https:\/\/lequotidien.mr\/wp-content\/uploads\/2023\/02\/KHBAZAZIZ-1.jpg","articleSection":["ACTUALIT\u00c9","Opinion"],"inLanguage":"ar","potentialAction":[{"@type":"CommentAction","name":"Comment","target":["https:\/\/lequotidien.mr\/?p=4194&lang=fr#respond"]}]},{"@type":"WebPage","@id":"https:\/\/lequotidien.mr\/?p=4194&lang=fr","url":"https:\/\/lequotidien.mr\/?p=4194&lang=fr","name":"L\u2019article 93 de la Constitution accorde-t-il au Pr\u00e9sident de la R\u00e9publique une immunit\u00e9 qui emp\u00eache son jugement par les tribunaux de droit commun ? - Le Quotidien de Nouakchott","isPartOf":{"@id":"https:\/\/lequotidien.mr\/#website"},"primaryImageOfPage":{"@id":"https:\/\/lequotidien.mr\/?p=4194&lang=fr#primaryimage"},"image":{"@id":"https:\/\/lequotidien.mr\/?p=4194&lang=fr#primaryimage"},"thumbnailUrl":"https:\/\/lequotidien.mr\/wp-content\/uploads\/2023\/02\/KHBAZAZIZ-1.jpg","datePublished":"2023-02-02T12:28:11+00:00","breadcrumb":{"@id":"https:\/\/lequotidien.mr\/?p=4194&lang=fr#breadcrumb"},"inLanguage":"ar","potentialAction":[{"@type":"ReadAction","target":["https:\/\/lequotidien.mr\/?p=4194&lang=fr"]}]},{"@type":"ImageObject","inLanguage":"ar","@id":"https:\/\/lequotidien.mr\/?p=4194&lang=fr#primaryimage","url":"https:\/\/lequotidien.mr\/wp-content\/uploads\/2023\/02\/KHBAZAZIZ-1.jpg","contentUrl":"https:\/\/lequotidien.mr\/wp-content\/uploads\/2023\/02\/KHBAZAZIZ-1.jpg","width":300,"height":200},{"@type":"BreadcrumbList","@id":"https:\/\/lequotidien.mr\/?p=4194&lang=fr#breadcrumb","itemListElement":[{"@type":"ListItem","position":1,"name":"Home","item":"https:\/\/lequotidien.mr\/"},{"@type":"ListItem","position":2,"name":"L\u2019article 93 de la Constitution accorde-t-il au Pr\u00e9sident de la R\u00e9publique une immunit\u00e9 qui emp\u00eache son jugement par les tribunaux de droit commun ?"}]},{"@type":"WebSite","@id":"https:\/\/lequotidien.mr\/#website","url":"https:\/\/lequotidien.mr\/","name":"Le Quotidien de Nouakchott","description":"\u0625\u062e\u0628\u0627\u0631\u064a\u0629 \u0645\u0633\u062a\u0642\u0644\u0629 \u0644\u0644\u0623\u0646\u0628\u0627\u0621 \u0627\u0644\u0639\u0627\u0645\u0629","publisher":{"@id":"https:\/\/lequotidien.mr\/#organization"},"potentialAction":[{"@type":"SearchAction","target":{"@type":"EntryPoint","urlTemplate":"https:\/\/lequotidien.mr\/?s={search_term_string}"},"query-input":{"@type":"PropertyValueSpecification","valueRequired":true,"valueName":"search_term_string"}}],"inLanguage":"ar"},{"@type":"Organization","@id":"https:\/\/lequotidien.mr\/#organization","name":"Le Quotidien de Nouakchott","url":"https:\/\/lequotidien.mr\/","logo":{"@type":"ImageObject","inLanguage":"ar","@id":"https:\/\/lequotidien.mr\/#\/schema\/logo\/image\/","url":"https:\/\/lequotidien.mr\/wp-content\/uploads\/2022\/11\/logolequotidien.jpg","contentUrl":"https:\/\/lequotidien.mr\/wp-content\/uploads\/2022\/11\/logolequotidien.jpg","width":290,"height":65,"caption":"Le Quotidien de Nouakchott"},"image":{"@id":"https:\/\/lequotidien.mr\/#\/schema\/logo\/image\/"},"sameAs":["https:\/\/web.facebook.com\/lequotidienmr","https:\/\/x.com\/lequotidienmr"]},{"@type":"Person","@id":"https:\/\/lequotidien.mr\/#\/schema\/person\/1077c8abd5640a6514b909318d271dee","name":"Gayi Diawara","image":{"@type":"ImageObject","inLanguage":"ar","@id":"https:\/\/secure.gravatar.com\/avatar\/63ea8db1e19a6d2d608b24c0f78b5f3a7d6e0bc11959fec273410af333e4d0ac?s=96&d=mm&r=g","url":"https:\/\/secure.gravatar.com\/avatar\/63ea8db1e19a6d2d608b24c0f78b5f3a7d6e0bc11959fec273410af333e4d0ac?s=96&d=mm&r=g","contentUrl":"https:\/\/secure.gravatar.com\/avatar\/63ea8db1e19a6d2d608b24c0f78b5f3a7d6e0bc11959fec273410af333e4d0ac?s=96&d=mm&r=g","caption":"Gayi Diawara"},"sameAs":["http:\/\/lequotidien.mr"],"url":"https:\/\/lequotidien.mr\/?author=5"}]}},"_links":{"self":[{"href":"https:\/\/lequotidien.mr\/index.php?rest_route=\/wp\/v2\/posts\/4194","targetHints":{"allow":["GET"]}}],"collection":[{"href":"https:\/\/lequotidien.mr\/index.php?rest_route=\/wp\/v2\/posts"}],"about":[{"href":"https:\/\/lequotidien.mr\/index.php?rest_route=\/wp\/v2\/types\/post"}],"author":[{"embeddable":true,"href":"https:\/\/lequotidien.mr\/index.php?rest_route=\/wp\/v2\/users\/5"}],"replies":[{"embeddable":true,"href":"https:\/\/lequotidien.mr\/index.php?rest_route=%2Fwp%2Fv2%2Fcomments&post=4194"}],"version-history":[{"count":1,"href":"https:\/\/lequotidien.mr\/index.php?rest_route=\/wp\/v2\/posts\/4194\/revisions"}],"predecessor-version":[{"id":4196,"href":"https:\/\/lequotidien.mr\/index.php?rest_route=\/wp\/v2\/posts\/4194\/revisions\/4196"}],"wp:featuredmedia":[{"embeddable":true,"href":"https:\/\/lequotidien.mr\/index.php?rest_route=\/wp\/v2\/media\/4195"}],"wp:attachment":[{"href":"https:\/\/lequotidien.mr\/index.php?rest_route=%2Fwp%2Fv2%2Fmedia&parent=4194"}],"wp:term":[{"taxonomy":"category","embeddable":true,"href":"https:\/\/lequotidien.mr\/index.php?rest_route=%2Fwp%2Fv2%2Fcategories&post=4194"},{"taxonomy":"post_tag","embeddable":true,"href":"https:\/\/lequotidien.mr\/index.php?rest_route=%2Fwp%2Fv2%2Ftags&post=4194"}],"curies":[{"name":"wp","href":"https:\/\/api.w.org\/{rel}","templated":true}]}}