{"id":4088,"date":"2023-01-31T17:32:09","date_gmt":"2023-01-31T17:32:09","guid":{"rendered":"https:\/\/lequotidien.mr\/?p=4088"},"modified":"2023-01-31T17:32:09","modified_gmt":"2023-01-31T17:32:09","slug":"le-president-de-lusbmf-optimiste-quant-au-developpement-des-relations-economiques-usa-mauritanie","status":"publish","type":"post","link":"https:\/\/lequotidien.mr\/?p=4088&lang=fr","title":{"rendered":"Le pr\u00e9sident de l&#8217;USBMF optimiste quant au d\u00e9veloppement des relations \u00e9conomiques USA-Mauritanie"},"content":{"rendered":"<p><strong>Le360 Afrique<\/strong>\u00a0&#8211; Sid\u2019Ahmed ould Abeidna, pr\u00e9sident de l\u2019United States Business-Mauritania Forum, est optimiste quant \u00e0 la perspective d\u2019un d\u00e9veloppement rapide des relations \u00e9conomiques entre les deux pays qui passe par l\u2019investissement dans l\u2019agriculture.<\/p>\n<p>Le Forum des Affaires mauritano-am\u00e9ricain a re\u00e7u, lundi 30 janvier, la visite de Joy Basu, responsable au d\u00e9partement des Affaires \u00e9trang\u00e8res des Etats-Unis, section Afrique, accompagn\u00e9e de l\u2019ambassadrice am\u00e9ricaine en Mauritanie, Cynthia Kierscht.<\/p>\n<p>Cette diplomate am\u00e9ricaine effectue actuellement une visite \u00e0 Nouakchott, dans le cadre du suivi des r\u00e9sultats du sommet USA-Afrique, \u00e0 Washington en d\u00e9cembre dernier et auquel ont particip\u00e9 plusieurs chefs d\u2019Etats africains, parmi lesquels le pr\u00e9sident mauritanien Mohamed Cheikh El Ghazouani.<\/p>\n<p>La diplomate am\u00e9ricaine a \u00e9t\u00e9 accueillie au si\u00e8ge du Forum des Affaires mauritano-am\u00e9ricain par son pr\u00e9sident, Sid\u2019Ahmed ould Abeidna, entour\u00e9 des autres responsables de l\u2019Organisation.<\/p>\n<p>Les deux parties ont tenu une s\u00e9ance de travail portant sur un examen approfondi du potentiel de la Mauritanie et des opportunit\u00e9s d\u2019investissements qu\u2019elle offre, notamment dans le secteur agricole.<\/p>\n<p>Une orientation des investissements dont le caract\u00e8re strat\u00e9gique a \u00e9t\u00e9 mis en \u00e9vidence par la guerre Russie-Ukraine. Un conflit arm\u00e9 qui perturbe l\u2019approvisionnement de l\u2019Afrique en c\u00e9r\u00e9ales depuis une ann\u00e9e d\u00e9j\u00e0.<\/p>\n<p>Par Amadou Seck (Nouakchott, correspondance)<\/p>\n","protected":false},"excerpt":{"rendered":"<p>Le360 Afrique\u00a0&#8211; Sid\u2019Ahmed ould Abeidna, pr\u00e9sident de l\u2019United States Business-Mauritania Forum, est optimiste quant \u00e0 la perspective d\u2019un d\u00e9veloppement rapide des relations \u00e9conomiques entre les deux pays qui passe par l\u2019investissement dans l\u2019agriculture. Le Forum des Affaires mauritano-am\u00e9ricain a re\u00e7u, lundi 30 janvier, la visite de Joy Basu, responsable au d\u00e9partement des Affaires \u00e9trang\u00e8res des&#8230;..<\/p>\n","protected":false},"author":5,"featured_media":4089,"comment_status":"open","ping_status":"open","sticky":false,"template":"","format":"standard","meta":{"footnotes":""},"categories":[23,49],"tags":[],"class_list":["post-4088","post","type-post","status-publish","format-standard","has-post-thumbnail","hentry","category-actualite","category-economie"],"yoast_head":"<!-- This site is optimized with the Yoast SEO plugin v27.5 - https:\/\/yoast.com\/product\/yoast-seo-wordpress\/ -->\n<title>Le pr\u00e9sident de l&#039;USBMF optimiste quant au d\u00e9veloppement des relations \u00e9conomiques USA-Mauritanie - Le Quotidien de Nouakchott<\/title>\n<meta name=\"robots\" content=\"index, follow, max-snippet:-1, max-image-preview:large, max-video-preview:-1\" \/>\n<link rel=\"canonical\" href=\"https:\/\/lequotidien.mr\/?p=4088&lang=fr\" \/>\n<meta property=\"og:locale\" content=\"ar_AR\" \/>\n<meta property=\"og:type\" content=\"article\" \/>\n<meta property=\"og:title\" content=\"Le pr\u00e9sident de l&#039;USBMF optimiste quant au d\u00e9veloppement des relations \u00e9conomiques USA-Mauritanie - Le Quotidien de Nouakchott\" \/>\n<meta property=\"og:description\" content=\"Le360 Afrique\u00a0&#8211; Sid\u2019Ahmed ould Abeidna, pr\u00e9sident de l\u2019United States Business-Mauritania Forum, est optimiste quant \u00e0 la perspective d\u2019un d\u00e9veloppement rapide des relations \u00e9conomiques entre les deux pays qui passe par l\u2019investissement dans l\u2019agriculture. Le Forum des Affaires mauritano-am\u00e9ricain a re\u00e7u, lundi 30 janvier, la visite de Joy Basu, responsable au d\u00e9partement des Affaires \u00e9trang\u00e8res des.....\" \/>\n<meta property=\"og:url\" content=\"https:\/\/lequotidien.mr\/?p=4088&amp;lang=fr\" \/>\n<meta property=\"og:site_name\" content=\"Le Quotidien de Nouakchott\" \/>\n<meta property=\"article:publisher\" content=\"https:\/\/web.facebook.com\/lequotidienmr\" \/>\n<meta property=\"article:published_time\" content=\"2023-01-31T17:32:09+00:00\" \/>\n<meta property=\"og:image\" content=\"https:\/\/lequotidien.mr\/wp-content\/uploads\/2023\/01\/K4O3WQCQNBHMHKQ4NJ5QEP5RSM.jpg\" \/>\n\t<meta property=\"og:image:width\" content=\"1280\" \/>\n\t<meta property=\"og:image:height\" content=\"720\" \/>\n\t<meta property=\"og:image:type\" content=\"image\/jpeg\" \/>\n<meta name=\"author\" content=\"Gayi Diawara\" \/>\n<meta name=\"twitter:card\" content=\"summary_large_image\" \/>\n<meta name=\"twitter:creator\" content=\"@lequotidienmr\" \/>\n<meta name=\"twitter:site\" content=\"@lequotidienmr\" \/>\n<meta name=\"twitter:label1\" content=\"\u0643\u064f\u062a\u0628 \u0628\u0648\u0627\u0633\u0637\u0629\" \/>\n\t<meta name=\"twitter:data1\" content=\"Gayi Diawara\" \/>\n\t<meta name=\"twitter:label2\" content=\"\u0648\u0642\u062a \u0627\u0644\u0642\u0631\u0627\u0621\u0629 \u0627\u0644\u0645\u064f\u0642\u062f\u0651\u0631\" \/>\n\t<meta name=\"twitter:data2\" content=\"\u062f\u0642\u064a\u0642\u0629 \u0648\u0627\u062d\u062f\u0629\" \/>\n<script type=\"application\/ld+json\" class=\"yoast-schema-graph\">{\"@context\":\"https:\\\/\\\/schema.org\",\"@graph\":[{\"@type\":\"Article\",\"@id\":\"https:\\\/\\\/lequotidien.mr\\\/?p=4088&lang=fr#article\",\"isPartOf\":{\"@id\":\"https:\\\/\\\/lequotidien.mr\\\/?p=4088&lang=fr\"},\"author\":{\"name\":\"Gayi Diawara\",\"@id\":\"https:\\\/\\\/lequotidien.mr\\\/#\\\/schema\\\/person\\\/1077c8abd5640a6514b909318d271dee\"},\"headline\":\"Le pr\u00e9sident de l&#8217;USBMF optimiste quant au d\u00e9veloppement des relations \u00e9conomiques USA-Mauritanie\",\"datePublished\":\"2023-01-31T17:32:09+00:00\",\"mainEntityOfPage\":{\"@id\":\"https:\\\/\\\/lequotidien.mr\\\/?p=4088&lang=fr\"},\"wordCount\":247,\"commentCount\":0,\"publisher\":{\"@id\":\"https:\\\/\\\/lequotidien.mr\\\/#organization\"},\"image\":{\"@id\":\"https:\\\/\\\/lequotidien.mr\\\/?p=4088&lang=fr#primaryimage\"},\"thumbnailUrl\":\"https:\\\/\\\/lequotidien.mr\\\/wp-content\\\/uploads\\\/2023\\\/01\\\/K4O3WQCQNBHMHKQ4NJ5QEP5RSM.jpg\",\"articleSection\":[\"ACTUALIT\u00c9\",\"Economie\"],\"inLanguage\":\"ar\",\"potentialAction\":[{\"@type\":\"CommentAction\",\"name\":\"Comment\",\"target\":[\"https:\\\/\\\/lequotidien.mr\\\/?p=4088&lang=fr#respond\"]}]},{\"@type\":\"WebPage\",\"@id\":\"https:\\\/\\\/lequotidien.mr\\\/?p=4088&lang=fr\",\"url\":\"https:\\\/\\\/lequotidien.mr\\\/?p=4088&lang=fr\",\"name\":\"Le pr\u00e9sident de l'USBMF optimiste quant au d\u00e9veloppement des relations \u00e9conomiques USA-Mauritanie - Le Quotidien de Nouakchott\",\"isPartOf\":{\"@id\":\"https:\\\/\\\/lequotidien.mr\\\/#website\"},\"primaryImageOfPage\":{\"@id\":\"https:\\\/\\\/lequotidien.mr\\\/?p=4088&lang=fr#primaryimage\"},\"image\":{\"@id\":\"https:\\\/\\\/lequotidien.mr\\\/?p=4088&lang=fr#primaryimage\"},\"thumbnailUrl\":\"https:\\\/\\\/lequotidien.mr\\\/wp-content\\\/uploads\\\/2023\\\/01\\\/K4O3WQCQNBHMHKQ4NJ5QEP5RSM.jpg\",\"datePublished\":\"2023-01-31T17:32:09+00:00\",\"breadcrumb\":{\"@id\":\"https:\\\/\\\/lequotidien.mr\\\/?p=4088&lang=fr#breadcrumb\"},\"inLanguage\":\"ar\",\"potentialAction\":[{\"@type\":\"ReadAction\",\"target\":[\"https:\\\/\\\/lequotidien.mr\\\/?p=4088&lang=fr\"]}]},{\"@type\":\"ImageObject\",\"inLanguage\":\"ar\",\"@id\":\"https:\\\/\\\/lequotidien.mr\\\/?p=4088&lang=fr#primaryimage\",\"url\":\"https:\\\/\\\/lequotidien.mr\\\/wp-content\\\/uploads\\\/2023\\\/01\\\/K4O3WQCQNBHMHKQ4NJ5QEP5RSM.jpg\",\"contentUrl\":\"https:\\\/\\\/lequotidien.mr\\\/wp-content\\\/uploads\\\/2023\\\/01\\\/K4O3WQCQNBHMHKQ4NJ5QEP5RSM.jpg\",\"width\":1280,\"height\":720},{\"@type\":\"BreadcrumbList\",\"@id\":\"https:\\\/\\\/lequotidien.mr\\\/?p=4088&lang=fr#breadcrumb\",\"itemListElement\":[{\"@type\":\"ListItem\",\"position\":1,\"name\":\"Home\",\"item\":\"https:\\\/\\\/lequotidien.mr\\\/\"},{\"@type\":\"ListItem\",\"position\":2,\"name\":\"Le pr\u00e9sident de l&#8217;USBMF optimiste quant au d\u00e9veloppement des relations \u00e9conomiques USA-Mauritanie\"}]},{\"@type\":\"WebSite\",\"@id\":\"https:\\\/\\\/lequotidien.mr\\\/#website\",\"url\":\"https:\\\/\\\/lequotidien.mr\\\/\",\"name\":\"Le Quotidien de Nouakchott\",\"description\":\"\u0625\u062e\u0628\u0627\u0631\u064a\u0629 \u0645\u0633\u062a\u0642\u0644\u0629 \u0644\u0644\u0623\u0646\u0628\u0627\u0621 \u0627\u0644\u0639\u0627\u0645\u0629\",\"publisher\":{\"@id\":\"https:\\\/\\\/lequotidien.mr\\\/#organization\"},\"potentialAction\":[{\"@type\":\"SearchAction\",\"target\":{\"@type\":\"EntryPoint\",\"urlTemplate\":\"https:\\\/\\\/lequotidien.mr\\\/?s={search_term_string}\"},\"query-input\":{\"@type\":\"PropertyValueSpecification\",\"valueRequired\":true,\"valueName\":\"search_term_string\"}}],\"inLanguage\":\"ar\"},{\"@type\":\"Organization\",\"@id\":\"https:\\\/\\\/lequotidien.mr\\\/#organization\",\"name\":\"Le Quotidien de Nouakchott\",\"url\":\"https:\\\/\\\/lequotidien.mr\\\/\",\"logo\":{\"@type\":\"ImageObject\",\"inLanguage\":\"ar\",\"@id\":\"https:\\\/\\\/lequotidien.mr\\\/#\\\/schema\\\/logo\\\/image\\\/\",\"url\":\"https:\\\/\\\/lequotidien.mr\\\/wp-content\\\/uploads\\\/2022\\\/11\\\/logolequotidien.jpg\",\"contentUrl\":\"https:\\\/\\\/lequotidien.mr\\\/wp-content\\\/uploads\\\/2022\\\/11\\\/logolequotidien.jpg\",\"width\":290,\"height\":65,\"caption\":\"Le Quotidien de Nouakchott\"},\"image\":{\"@id\":\"https:\\\/\\\/lequotidien.mr\\\/#\\\/schema\\\/logo\\\/image\\\/\"},\"sameAs\":[\"https:\\\/\\\/web.facebook.com\\\/lequotidienmr\",\"https:\\\/\\\/x.com\\\/lequotidienmr\"]},{\"@type\":\"Person\",\"@id\":\"https:\\\/\\\/lequotidien.mr\\\/#\\\/schema\\\/person\\\/1077c8abd5640a6514b909318d271dee\",\"name\":\"Gayi Diawara\",\"image\":{\"@type\":\"ImageObject\",\"inLanguage\":\"ar\",\"@id\":\"https:\\\/\\\/secure.gravatar.com\\\/avatar\\\/63ea8db1e19a6d2d608b24c0f78b5f3a7d6e0bc11959fec273410af333e4d0ac?s=96&d=mm&r=g\",\"url\":\"https:\\\/\\\/secure.gravatar.com\\\/avatar\\\/63ea8db1e19a6d2d608b24c0f78b5f3a7d6e0bc11959fec273410af333e4d0ac?s=96&d=mm&r=g\",\"contentUrl\":\"https:\\\/\\\/secure.gravatar.com\\\/avatar\\\/63ea8db1e19a6d2d608b24c0f78b5f3a7d6e0bc11959fec273410af333e4d0ac?s=96&d=mm&r=g\",\"caption\":\"Gayi Diawara\"},\"sameAs\":[\"http:\\\/\\\/lequotidien.mr\"],\"url\":\"https:\\\/\\\/lequotidien.mr\\\/?author=5\"}]}<\/script>\n<!-- \/ Yoast SEO plugin. -->","yoast_head_json":{"title":"Le pr\u00e9sident de l'USBMF optimiste quant au d\u00e9veloppement des relations \u00e9conomiques USA-Mauritanie - Le Quotidien de Nouakchott","robots":{"index":"index","follow":"follow","max-snippet":"max-snippet:-1","max-image-preview":"max-image-preview:large","max-video-preview":"max-video-preview:-1"},"canonical":"https:\/\/lequotidien.mr\/?p=4088&lang=fr","og_locale":"ar_AR","og_type":"article","og_title":"Le pr\u00e9sident de l'USBMF optimiste quant au d\u00e9veloppement des relations \u00e9conomiques USA-Mauritanie - Le Quotidien de Nouakchott","og_description":"Le360 Afrique\u00a0&#8211; Sid\u2019Ahmed ould Abeidna, pr\u00e9sident de l\u2019United States Business-Mauritania Forum, est optimiste quant \u00e0 la perspective d\u2019un d\u00e9veloppement rapide des relations \u00e9conomiques entre les deux pays qui passe par l\u2019investissement dans l\u2019agriculture. Le Forum des Affaires mauritano-am\u00e9ricain a re\u00e7u, lundi 30 janvier, la visite de Joy Basu, responsable au d\u00e9partement des Affaires \u00e9trang\u00e8res des.....","og_url":"https:\/\/lequotidien.mr\/?p=4088&lang=fr","og_site_name":"Le Quotidien de Nouakchott","article_publisher":"https:\/\/web.facebook.com\/lequotidienmr","article_published_time":"2023-01-31T17:32:09+00:00","og_image":[{"width":1280,"height":720,"url":"https:\/\/lequotidien.mr\/wp-content\/uploads\/2023\/01\/K4O3WQCQNBHMHKQ4NJ5QEP5RSM.jpg","type":"image\/jpeg"}],"author":"Gayi Diawara","twitter_card":"summary_large_image","twitter_creator":"@lequotidienmr","twitter_site":"@lequotidienmr","twitter_misc":{"\u0643\u064f\u062a\u0628 \u0628\u0648\u0627\u0633\u0637\u0629":"Gayi Diawara","\u0648\u0642\u062a \u0627\u0644\u0642\u0631\u0627\u0621\u0629 \u0627\u0644\u0645\u064f\u0642\u062f\u0651\u0631":"\u062f\u0642\u064a\u0642\u0629 \u0648\u0627\u062d\u062f\u0629"},"schema":{"@context":"https:\/\/schema.org","@graph":[{"@type":"Article","@id":"https:\/\/lequotidien.mr\/?p=4088&lang=fr#article","isPartOf":{"@id":"https:\/\/lequotidien.mr\/?p=4088&lang=fr"},"author":{"name":"Gayi Diawara","@id":"https:\/\/lequotidien.mr\/#\/schema\/person\/1077c8abd5640a6514b909318d271dee"},"headline":"Le pr\u00e9sident de l&#8217;USBMF optimiste quant au d\u00e9veloppement des relations \u00e9conomiques USA-Mauritanie","datePublished":"2023-01-31T17:32:09+00:00","mainEntityOfPage":{"@id":"https:\/\/lequotidien.mr\/?p=4088&lang=fr"},"wordCount":247,"commentCount":0,"publisher":{"@id":"https:\/\/lequotidien.mr\/#organization"},"image":{"@id":"https:\/\/lequotidien.mr\/?p=4088&lang=fr#primaryimage"},"thumbnailUrl":"https:\/\/lequotidien.mr\/wp-content\/uploads\/2023\/01\/K4O3WQCQNBHMHKQ4NJ5QEP5RSM.jpg","articleSection":["ACTUALIT\u00c9","Economie"],"inLanguage":"ar","potentialAction":[{"@type":"CommentAction","name":"Comment","target":["https:\/\/lequotidien.mr\/?p=4088&lang=fr#respond"]}]},{"@type":"WebPage","@id":"https:\/\/lequotidien.mr\/?p=4088&lang=fr","url":"https:\/\/lequotidien.mr\/?p=4088&lang=fr","name":"Le pr\u00e9sident de l'USBMF optimiste quant au d\u00e9veloppement des relations \u00e9conomiques USA-Mauritanie - Le Quotidien de Nouakchott","isPartOf":{"@id":"https:\/\/lequotidien.mr\/#website"},"primaryImageOfPage":{"@id":"https:\/\/lequotidien.mr\/?p=4088&lang=fr#primaryimage"},"image":{"@id":"https:\/\/lequotidien.mr\/?p=4088&lang=fr#primaryimage"},"thumbnailUrl":"https:\/\/lequotidien.mr\/wp-content\/uploads\/2023\/01\/K4O3WQCQNBHMHKQ4NJ5QEP5RSM.jpg","datePublished":"2023-01-31T17:32:09+00:00","breadcrumb":{"@id":"https:\/\/lequotidien.mr\/?p=4088&lang=fr#breadcrumb"},"inLanguage":"ar","potentialAction":[{"@type":"ReadAction","target":["https:\/\/lequotidien.mr\/?p=4088&lang=fr"]}]},{"@type":"ImageObject","inLanguage":"ar","@id":"https:\/\/lequotidien.mr\/?p=4088&lang=fr#primaryimage","url":"https:\/\/lequotidien.mr\/wp-content\/uploads\/2023\/01\/K4O3WQCQNBHMHKQ4NJ5QEP5RSM.jpg","contentUrl":"https:\/\/lequotidien.mr\/wp-content\/uploads\/2023\/01\/K4O3WQCQNBHMHKQ4NJ5QEP5RSM.jpg","width":1280,"height":720},{"@type":"BreadcrumbList","@id":"https:\/\/lequotidien.mr\/?p=4088&lang=fr#breadcrumb","itemListElement":[{"@type":"ListItem","position":1,"name":"Home","item":"https:\/\/lequotidien.mr\/"},{"@type":"ListItem","position":2,"name":"Le pr\u00e9sident de l&#8217;USBMF optimiste quant au d\u00e9veloppement des relations \u00e9conomiques USA-Mauritanie"}]},{"@type":"WebSite","@id":"https:\/\/lequotidien.mr\/#website","url":"https:\/\/lequotidien.mr\/","name":"Le Quotidien de Nouakchott","description":"\u0625\u062e\u0628\u0627\u0631\u064a\u0629 \u0645\u0633\u062a\u0642\u0644\u0629 \u0644\u0644\u0623\u0646\u0628\u0627\u0621 \u0627\u0644\u0639\u0627\u0645\u0629","publisher":{"@id":"https:\/\/lequotidien.mr\/#organization"},"potentialAction":[{"@type":"SearchAction","target":{"@type":"EntryPoint","urlTemplate":"https:\/\/lequotidien.mr\/?s={search_term_string}"},"query-input":{"@type":"PropertyValueSpecification","valueRequired":true,"valueName":"search_term_string"}}],"inLanguage":"ar"},{"@type":"Organization","@id":"https:\/\/lequotidien.mr\/#organization","name":"Le Quotidien de Nouakchott","url":"https:\/\/lequotidien.mr\/","logo":{"@type":"ImageObject","inLanguage":"ar","@id":"https:\/\/lequotidien.mr\/#\/schema\/logo\/image\/","url":"https:\/\/lequotidien.mr\/wp-content\/uploads\/2022\/11\/logolequotidien.jpg","contentUrl":"https:\/\/lequotidien.mr\/wp-content\/uploads\/2022\/11\/logolequotidien.jpg","width":290,"height":65,"caption":"Le Quotidien de Nouakchott"},"image":{"@id":"https:\/\/lequotidien.mr\/#\/schema\/logo\/image\/"},"sameAs":["https:\/\/web.facebook.com\/lequotidienmr","https:\/\/x.com\/lequotidienmr"]},{"@type":"Person","@id":"https:\/\/lequotidien.mr\/#\/schema\/person\/1077c8abd5640a6514b909318d271dee","name":"Gayi Diawara","image":{"@type":"ImageObject","inLanguage":"ar","@id":"https:\/\/secure.gravatar.com\/avatar\/63ea8db1e19a6d2d608b24c0f78b5f3a7d6e0bc11959fec273410af333e4d0ac?s=96&d=mm&r=g","url":"https:\/\/secure.gravatar.com\/avatar\/63ea8db1e19a6d2d608b24c0f78b5f3a7d6e0bc11959fec273410af333e4d0ac?s=96&d=mm&r=g","contentUrl":"https:\/\/secure.gravatar.com\/avatar\/63ea8db1e19a6d2d608b24c0f78b5f3a7d6e0bc11959fec273410af333e4d0ac?s=96&d=mm&r=g","caption":"Gayi Diawara"},"sameAs":["http:\/\/lequotidien.mr"],"url":"https:\/\/lequotidien.mr\/?author=5"}]}},"_links":{"self":[{"href":"https:\/\/lequotidien.mr\/index.php?rest_route=\/wp\/v2\/posts\/4088","targetHints":{"allow":["GET"]}}],"collection":[{"href":"https:\/\/lequotidien.mr\/index.php?rest_route=\/wp\/v2\/posts"}],"about":[{"href":"https:\/\/lequotidien.mr\/index.php?rest_route=\/wp\/v2\/types\/post"}],"author":[{"embeddable":true,"href":"https:\/\/lequotidien.mr\/index.php?rest_route=\/wp\/v2\/users\/5"}],"replies":[{"embeddable":true,"href":"https:\/\/lequotidien.mr\/index.php?rest_route=%2Fwp%2Fv2%2Fcomments&post=4088"}],"version-history":[{"count":1,"href":"https:\/\/lequotidien.mr\/index.php?rest_route=\/wp\/v2\/posts\/4088\/revisions"}],"predecessor-version":[{"id":4090,"href":"https:\/\/lequotidien.mr\/index.php?rest_route=\/wp\/v2\/posts\/4088\/revisions\/4090"}],"wp:featuredmedia":[{"embeddable":true,"href":"https:\/\/lequotidien.mr\/index.php?rest_route=\/wp\/v2\/media\/4089"}],"wp:attachment":[{"href":"https:\/\/lequotidien.mr\/index.php?rest_route=%2Fwp%2Fv2%2Fmedia&parent=4088"}],"wp:term":[{"taxonomy":"category","embeddable":true,"href":"https:\/\/lequotidien.mr\/index.php?rest_route=%2Fwp%2Fv2%2Fcategories&post=4088"},{"taxonomy":"post_tag","embeddable":true,"href":"https:\/\/lequotidien.mr\/index.php?rest_route=%2Fwp%2Fv2%2Ftags&post=4088"}],"curies":[{"name":"wp","href":"https:\/\/api.w.org\/{rel}","templated":true}]}}