{"id":4028,"date":"2023-01-30T21:57:40","date_gmt":"2023-01-30T21:57:40","guid":{"rendered":"https:\/\/lequotidien.mr\/?p=4028"},"modified":"2023-01-30T21:57:40","modified_gmt":"2023-01-30T21:57:40","slug":"un-haut-responsable-du-departement-detat-americain-rencontre-des-hommes-daffaires-mauritaniens","status":"publish","type":"post","link":"https:\/\/lequotidien.mr\/?p=4028&lang=fr","title":{"rendered":"Un haut responsable du d\u00e9partement d\u2019Etat am\u00e9ricain rencontre des hommes d\u2019affaires mauritaniens"},"content":{"rendered":"<p>Taqadomy &#8211; La sous-secr\u00e9taire d\u2019Etat am\u00e9ricaine adjointe aux Affaires africaines, charg\u00e9e de l\u2019Economie et des Affaires r\u00e9gionales, Joy Basso, s\u2019est rendue lundi au si\u00e8ge de l\u2019American-Mauritania Business Council, dans la capitale, Nouakchott.<\/p>\n<p>Basso, accompagn\u00e9 de l\u2019ambassadrice am\u00e9ricaine \u00e0 Nouakchott, Cynthia Kircht, a tenu une r\u00e9union avec les membres du Conseil, en pr\u00e9sence du pr\u00e9sident Sid\u2019Ahmed Ould Abeidna et du secr\u00e9taire g\u00e9n\u00e9ral, Sidi Mohamed Ould Kaam.<\/p>\n<p>Le pr\u00e9sident de l\u2019American-Mauritanian Business Council, Sid\u2019Ahmed Ould Abeidna, a soulign\u00e9 \u00ab l\u2019importance de disposer d\u2019un tel conseil qui regroupe les meilleurs fils de la Mauritanie, pour construire un pont qui \u0153uvre pour favoriser la construction de relations \u00e9conomiques et commerciales entre la Mauritanie et les \u00c9tats Unis. \u00bb<\/p>\n<p>Pour sa part, le secr\u00e9taire g\u00e9n\u00e9ral du Conseil, Sidi Mohamed Ould Kaam, a d\u00e9clar\u00e9 que cette r\u00e9union \u00e9tait l\u2019occasion d\u2019\u00e9voquer les r\u00e9sultats du Sommet afro-am\u00e9ricain qui s\u2019est tenu \u00e0 Washington en d\u00e9cembre dernier, ajoutant que le Conseil avait discut\u00e9 avec les Am\u00e9ricains officiels l\u2019accord sign\u00e9 par la Mauritanie avec une soci\u00e9t\u00e9 am\u00e9ricaine sp\u00e9cialis\u00e9e dans le domaine agricole. Ils ont \u00e9galement \u00e9voqu\u00e9 l\u2019aspect li\u00e9 \u00e0 la s\u00e9curit\u00e9 alimentaire.<\/p>\n","protected":false},"excerpt":{"rendered":"<p>Taqadomy &#8211; La sous-secr\u00e9taire d\u2019Etat am\u00e9ricaine adjointe aux Affaires africaines, charg\u00e9e de l\u2019Economie et des Affaires r\u00e9gionales, Joy Basso, s\u2019est rendue lundi au si\u00e8ge de l\u2019American-Mauritania Business Council, dans la capitale, Nouakchott. Basso, accompagn\u00e9 de l\u2019ambassadrice am\u00e9ricaine \u00e0 Nouakchott, Cynthia Kircht, a tenu une r\u00e9union avec les membres du Conseil, en pr\u00e9sence du pr\u00e9sident Sid\u2019Ahmed&#8230;..<\/p>\n","protected":false},"author":5,"featured_media":4029,"comment_status":"open","ping_status":"open","sticky":false,"template":"","format":"standard","meta":{"footnotes":""},"categories":[23,49],"tags":[],"class_list":["post-4028","post","type-post","status-publish","format-standard","has-post-thumbnail","hentry","category-actualite","category-economie"],"yoast_head":"<!-- This site is optimized with the Yoast SEO plugin v27.5 - https:\/\/yoast.com\/product\/yoast-seo-wordpress\/ -->\n<title>Un haut responsable du d\u00e9partement d\u2019Etat am\u00e9ricain rencontre des hommes d\u2019affaires mauritaniens - Le Quotidien de Nouakchott<\/title>\n<meta name=\"robots\" content=\"index, follow, max-snippet:-1, max-image-preview:large, max-video-preview:-1\" \/>\n<link rel=\"canonical\" href=\"https:\/\/lequotidien.mr\/?p=4028&lang=fr\" \/>\n<meta property=\"og:locale\" content=\"ar_AR\" \/>\n<meta property=\"og:type\" content=\"article\" \/>\n<meta property=\"og:title\" content=\"Un haut responsable du d\u00e9partement d\u2019Etat am\u00e9ricain rencontre des hommes d\u2019affaires mauritaniens - Le Quotidien de Nouakchott\" \/>\n<meta property=\"og:description\" content=\"Taqadomy &#8211; La sous-secr\u00e9taire d\u2019Etat am\u00e9ricaine adjointe aux Affaires africaines, charg\u00e9e de l\u2019Economie et des Affaires r\u00e9gionales, Joy Basso, s\u2019est rendue lundi au si\u00e8ge de l\u2019American-Mauritania Business Council, dans la capitale, Nouakchott. Basso, accompagn\u00e9 de l\u2019ambassadrice am\u00e9ricaine \u00e0 Nouakchott, Cynthia Kircht, a tenu une r\u00e9union avec les membres du Conseil, en pr\u00e9sence du pr\u00e9sident Sid\u2019Ahmed.....\" \/>\n<meta property=\"og:url\" content=\"https:\/\/lequotidien.mr\/?p=4028&amp;lang=fr\" \/>\n<meta property=\"og:site_name\" content=\"Le Quotidien de Nouakchott\" \/>\n<meta property=\"article:publisher\" content=\"https:\/\/web.facebook.com\/lequotidienmr\" \/>\n<meta property=\"article:published_time\" content=\"2023-01-30T21:57:40+00:00\" \/>\n<meta property=\"og:image\" content=\"https:\/\/lequotidien.mr\/wp-content\/uploads\/2023\/01\/un_haut_responsable00001.jpg\" \/>\n\t<meta property=\"og:image:width\" content=\"200\" \/>\n\t<meta property=\"og:image:height\" content=\"136\" \/>\n\t<meta property=\"og:image:type\" content=\"image\/jpeg\" \/>\n<meta name=\"author\" content=\"Gayi Diawara\" \/>\n<meta name=\"twitter:card\" content=\"summary_large_image\" \/>\n<meta name=\"twitter:creator\" content=\"@lequotidienmr\" \/>\n<meta name=\"twitter:site\" content=\"@lequotidienmr\" \/>\n<meta name=\"twitter:label1\" content=\"\u0643\u064f\u062a\u0628 \u0628\u0648\u0627\u0633\u0637\u0629\" \/>\n\t<meta name=\"twitter:data1\" content=\"Gayi Diawara\" \/>\n\t<meta name=\"twitter:label2\" content=\"\u0648\u0642\u062a \u0627\u0644\u0642\u0631\u0627\u0621\u0629 \u0627\u0644\u0645\u064f\u0642\u062f\u0651\u0631\" \/>\n\t<meta name=\"twitter:data2\" content=\"\u062f\u0642\u064a\u0642\u0629 \u0648\u0627\u062d\u062f\u0629\" \/>\n<script type=\"application\/ld+json\" class=\"yoast-schema-graph\">{\"@context\":\"https:\\\/\\\/schema.org\",\"@graph\":[{\"@type\":\"Article\",\"@id\":\"https:\\\/\\\/lequotidien.mr\\\/?p=4028&lang=fr#article\",\"isPartOf\":{\"@id\":\"https:\\\/\\\/lequotidien.mr\\\/?p=4028&lang=fr\"},\"author\":{\"name\":\"Gayi Diawara\",\"@id\":\"https:\\\/\\\/lequotidien.mr\\\/#\\\/schema\\\/person\\\/1077c8abd5640a6514b909318d271dee\"},\"headline\":\"Un haut responsable du d\u00e9partement d\u2019Etat am\u00e9ricain rencontre des hommes d\u2019affaires mauritaniens\",\"datePublished\":\"2023-01-30T21:57:40+00:00\",\"mainEntityOfPage\":{\"@id\":\"https:\\\/\\\/lequotidien.mr\\\/?p=4028&lang=fr\"},\"wordCount\":234,\"commentCount\":0,\"publisher\":{\"@id\":\"https:\\\/\\\/lequotidien.mr\\\/#organization\"},\"image\":{\"@id\":\"https:\\\/\\\/lequotidien.mr\\\/?p=4028&lang=fr#primaryimage\"},\"thumbnailUrl\":\"https:\\\/\\\/lequotidien.mr\\\/wp-content\\\/uploads\\\/2023\\\/01\\\/un_haut_responsable00001.jpg\",\"articleSection\":[\"ACTUALIT\u00c9\",\"Economie\"],\"inLanguage\":\"ar\",\"potentialAction\":[{\"@type\":\"CommentAction\",\"name\":\"Comment\",\"target\":[\"https:\\\/\\\/lequotidien.mr\\\/?p=4028&lang=fr#respond\"]}]},{\"@type\":\"WebPage\",\"@id\":\"https:\\\/\\\/lequotidien.mr\\\/?p=4028&lang=fr\",\"url\":\"https:\\\/\\\/lequotidien.mr\\\/?p=4028&lang=fr\",\"name\":\"Un haut responsable du d\u00e9partement d\u2019Etat am\u00e9ricain rencontre des hommes d\u2019affaires mauritaniens - Le Quotidien de Nouakchott\",\"isPartOf\":{\"@id\":\"https:\\\/\\\/lequotidien.mr\\\/#website\"},\"primaryImageOfPage\":{\"@id\":\"https:\\\/\\\/lequotidien.mr\\\/?p=4028&lang=fr#primaryimage\"},\"image\":{\"@id\":\"https:\\\/\\\/lequotidien.mr\\\/?p=4028&lang=fr#primaryimage\"},\"thumbnailUrl\":\"https:\\\/\\\/lequotidien.mr\\\/wp-content\\\/uploads\\\/2023\\\/01\\\/un_haut_responsable00001.jpg\",\"datePublished\":\"2023-01-30T21:57:40+00:00\",\"breadcrumb\":{\"@id\":\"https:\\\/\\\/lequotidien.mr\\\/?p=4028&lang=fr#breadcrumb\"},\"inLanguage\":\"ar\",\"potentialAction\":[{\"@type\":\"ReadAction\",\"target\":[\"https:\\\/\\\/lequotidien.mr\\\/?p=4028&lang=fr\"]}]},{\"@type\":\"ImageObject\",\"inLanguage\":\"ar\",\"@id\":\"https:\\\/\\\/lequotidien.mr\\\/?p=4028&lang=fr#primaryimage\",\"url\":\"https:\\\/\\\/lequotidien.mr\\\/wp-content\\\/uploads\\\/2023\\\/01\\\/un_haut_responsable00001.jpg\",\"contentUrl\":\"https:\\\/\\\/lequotidien.mr\\\/wp-content\\\/uploads\\\/2023\\\/01\\\/un_haut_responsable00001.jpg\",\"width\":200,\"height\":136},{\"@type\":\"BreadcrumbList\",\"@id\":\"https:\\\/\\\/lequotidien.mr\\\/?p=4028&lang=fr#breadcrumb\",\"itemListElement\":[{\"@type\":\"ListItem\",\"position\":1,\"name\":\"Home\",\"item\":\"https:\\\/\\\/lequotidien.mr\\\/\"},{\"@type\":\"ListItem\",\"position\":2,\"name\":\"Un haut responsable du d\u00e9partement d\u2019Etat am\u00e9ricain rencontre des hommes d\u2019affaires mauritaniens\"}]},{\"@type\":\"WebSite\",\"@id\":\"https:\\\/\\\/lequotidien.mr\\\/#website\",\"url\":\"https:\\\/\\\/lequotidien.mr\\\/\",\"name\":\"Le Quotidien de Nouakchott\",\"description\":\"\u0625\u062e\u0628\u0627\u0631\u064a\u0629 \u0645\u0633\u062a\u0642\u0644\u0629 \u0644\u0644\u0623\u0646\u0628\u0627\u0621 \u0627\u0644\u0639\u0627\u0645\u0629\",\"publisher\":{\"@id\":\"https:\\\/\\\/lequotidien.mr\\\/#organization\"},\"potentialAction\":[{\"@type\":\"SearchAction\",\"target\":{\"@type\":\"EntryPoint\",\"urlTemplate\":\"https:\\\/\\\/lequotidien.mr\\\/?s={search_term_string}\"},\"query-input\":{\"@type\":\"PropertyValueSpecification\",\"valueRequired\":true,\"valueName\":\"search_term_string\"}}],\"inLanguage\":\"ar\"},{\"@type\":\"Organization\",\"@id\":\"https:\\\/\\\/lequotidien.mr\\\/#organization\",\"name\":\"Le Quotidien de Nouakchott\",\"url\":\"https:\\\/\\\/lequotidien.mr\\\/\",\"logo\":{\"@type\":\"ImageObject\",\"inLanguage\":\"ar\",\"@id\":\"https:\\\/\\\/lequotidien.mr\\\/#\\\/schema\\\/logo\\\/image\\\/\",\"url\":\"https:\\\/\\\/lequotidien.mr\\\/wp-content\\\/uploads\\\/2022\\\/11\\\/logolequotidien.jpg\",\"contentUrl\":\"https:\\\/\\\/lequotidien.mr\\\/wp-content\\\/uploads\\\/2022\\\/11\\\/logolequotidien.jpg\",\"width\":290,\"height\":65,\"caption\":\"Le Quotidien de Nouakchott\"},\"image\":{\"@id\":\"https:\\\/\\\/lequotidien.mr\\\/#\\\/schema\\\/logo\\\/image\\\/\"},\"sameAs\":[\"https:\\\/\\\/web.facebook.com\\\/lequotidienmr\",\"https:\\\/\\\/x.com\\\/lequotidienmr\"]},{\"@type\":\"Person\",\"@id\":\"https:\\\/\\\/lequotidien.mr\\\/#\\\/schema\\\/person\\\/1077c8abd5640a6514b909318d271dee\",\"name\":\"Gayi Diawara\",\"image\":{\"@type\":\"ImageObject\",\"inLanguage\":\"ar\",\"@id\":\"https:\\\/\\\/secure.gravatar.com\\\/avatar\\\/63ea8db1e19a6d2d608b24c0f78b5f3a7d6e0bc11959fec273410af333e4d0ac?s=96&d=mm&r=g\",\"url\":\"https:\\\/\\\/secure.gravatar.com\\\/avatar\\\/63ea8db1e19a6d2d608b24c0f78b5f3a7d6e0bc11959fec273410af333e4d0ac?s=96&d=mm&r=g\",\"contentUrl\":\"https:\\\/\\\/secure.gravatar.com\\\/avatar\\\/63ea8db1e19a6d2d608b24c0f78b5f3a7d6e0bc11959fec273410af333e4d0ac?s=96&d=mm&r=g\",\"caption\":\"Gayi Diawara\"},\"sameAs\":[\"http:\\\/\\\/lequotidien.mr\"],\"url\":\"https:\\\/\\\/lequotidien.mr\\\/?author=5\"}]}<\/script>\n<!-- \/ Yoast SEO plugin. -->","yoast_head_json":{"title":"Un haut responsable du d\u00e9partement d\u2019Etat am\u00e9ricain rencontre des hommes d\u2019affaires mauritaniens - Le Quotidien de Nouakchott","robots":{"index":"index","follow":"follow","max-snippet":"max-snippet:-1","max-image-preview":"max-image-preview:large","max-video-preview":"max-video-preview:-1"},"canonical":"https:\/\/lequotidien.mr\/?p=4028&lang=fr","og_locale":"ar_AR","og_type":"article","og_title":"Un haut responsable du d\u00e9partement d\u2019Etat am\u00e9ricain rencontre des hommes d\u2019affaires mauritaniens - Le Quotidien de Nouakchott","og_description":"Taqadomy &#8211; La sous-secr\u00e9taire d\u2019Etat am\u00e9ricaine adjointe aux Affaires africaines, charg\u00e9e de l\u2019Economie et des Affaires r\u00e9gionales, Joy Basso, s\u2019est rendue lundi au si\u00e8ge de l\u2019American-Mauritania Business Council, dans la capitale, Nouakchott. Basso, accompagn\u00e9 de l\u2019ambassadrice am\u00e9ricaine \u00e0 Nouakchott, Cynthia Kircht, a tenu une r\u00e9union avec les membres du Conseil, en pr\u00e9sence du pr\u00e9sident Sid\u2019Ahmed.....","og_url":"https:\/\/lequotidien.mr\/?p=4028&lang=fr","og_site_name":"Le Quotidien de Nouakchott","article_publisher":"https:\/\/web.facebook.com\/lequotidienmr","article_published_time":"2023-01-30T21:57:40+00:00","og_image":[{"width":200,"height":136,"url":"https:\/\/lequotidien.mr\/wp-content\/uploads\/2023\/01\/un_haut_responsable00001.jpg","type":"image\/jpeg"}],"author":"Gayi Diawara","twitter_card":"summary_large_image","twitter_creator":"@lequotidienmr","twitter_site":"@lequotidienmr","twitter_misc":{"\u0643\u064f\u062a\u0628 \u0628\u0648\u0627\u0633\u0637\u0629":"Gayi Diawara","\u0648\u0642\u062a \u0627\u0644\u0642\u0631\u0627\u0621\u0629 \u0627\u0644\u0645\u064f\u0642\u062f\u0651\u0631":"\u062f\u0642\u064a\u0642\u0629 \u0648\u0627\u062d\u062f\u0629"},"schema":{"@context":"https:\/\/schema.org","@graph":[{"@type":"Article","@id":"https:\/\/lequotidien.mr\/?p=4028&lang=fr#article","isPartOf":{"@id":"https:\/\/lequotidien.mr\/?p=4028&lang=fr"},"author":{"name":"Gayi Diawara","@id":"https:\/\/lequotidien.mr\/#\/schema\/person\/1077c8abd5640a6514b909318d271dee"},"headline":"Un haut responsable du d\u00e9partement d\u2019Etat am\u00e9ricain rencontre des hommes d\u2019affaires mauritaniens","datePublished":"2023-01-30T21:57:40+00:00","mainEntityOfPage":{"@id":"https:\/\/lequotidien.mr\/?p=4028&lang=fr"},"wordCount":234,"commentCount":0,"publisher":{"@id":"https:\/\/lequotidien.mr\/#organization"},"image":{"@id":"https:\/\/lequotidien.mr\/?p=4028&lang=fr#primaryimage"},"thumbnailUrl":"https:\/\/lequotidien.mr\/wp-content\/uploads\/2023\/01\/un_haut_responsable00001.jpg","articleSection":["ACTUALIT\u00c9","Economie"],"inLanguage":"ar","potentialAction":[{"@type":"CommentAction","name":"Comment","target":["https:\/\/lequotidien.mr\/?p=4028&lang=fr#respond"]}]},{"@type":"WebPage","@id":"https:\/\/lequotidien.mr\/?p=4028&lang=fr","url":"https:\/\/lequotidien.mr\/?p=4028&lang=fr","name":"Un haut responsable du d\u00e9partement d\u2019Etat am\u00e9ricain rencontre des hommes d\u2019affaires mauritaniens - Le Quotidien de Nouakchott","isPartOf":{"@id":"https:\/\/lequotidien.mr\/#website"},"primaryImageOfPage":{"@id":"https:\/\/lequotidien.mr\/?p=4028&lang=fr#primaryimage"},"image":{"@id":"https:\/\/lequotidien.mr\/?p=4028&lang=fr#primaryimage"},"thumbnailUrl":"https:\/\/lequotidien.mr\/wp-content\/uploads\/2023\/01\/un_haut_responsable00001.jpg","datePublished":"2023-01-30T21:57:40+00:00","breadcrumb":{"@id":"https:\/\/lequotidien.mr\/?p=4028&lang=fr#breadcrumb"},"inLanguage":"ar","potentialAction":[{"@type":"ReadAction","target":["https:\/\/lequotidien.mr\/?p=4028&lang=fr"]}]},{"@type":"ImageObject","inLanguage":"ar","@id":"https:\/\/lequotidien.mr\/?p=4028&lang=fr#primaryimage","url":"https:\/\/lequotidien.mr\/wp-content\/uploads\/2023\/01\/un_haut_responsable00001.jpg","contentUrl":"https:\/\/lequotidien.mr\/wp-content\/uploads\/2023\/01\/un_haut_responsable00001.jpg","width":200,"height":136},{"@type":"BreadcrumbList","@id":"https:\/\/lequotidien.mr\/?p=4028&lang=fr#breadcrumb","itemListElement":[{"@type":"ListItem","position":1,"name":"Home","item":"https:\/\/lequotidien.mr\/"},{"@type":"ListItem","position":2,"name":"Un haut responsable du d\u00e9partement d\u2019Etat am\u00e9ricain rencontre des hommes d\u2019affaires mauritaniens"}]},{"@type":"WebSite","@id":"https:\/\/lequotidien.mr\/#website","url":"https:\/\/lequotidien.mr\/","name":"Le Quotidien de Nouakchott","description":"\u0625\u062e\u0628\u0627\u0631\u064a\u0629 \u0645\u0633\u062a\u0642\u0644\u0629 \u0644\u0644\u0623\u0646\u0628\u0627\u0621 \u0627\u0644\u0639\u0627\u0645\u0629","publisher":{"@id":"https:\/\/lequotidien.mr\/#organization"},"potentialAction":[{"@type":"SearchAction","target":{"@type":"EntryPoint","urlTemplate":"https:\/\/lequotidien.mr\/?s={search_term_string}"},"query-input":{"@type":"PropertyValueSpecification","valueRequired":true,"valueName":"search_term_string"}}],"inLanguage":"ar"},{"@type":"Organization","@id":"https:\/\/lequotidien.mr\/#organization","name":"Le Quotidien de Nouakchott","url":"https:\/\/lequotidien.mr\/","logo":{"@type":"ImageObject","inLanguage":"ar","@id":"https:\/\/lequotidien.mr\/#\/schema\/logo\/image\/","url":"https:\/\/lequotidien.mr\/wp-content\/uploads\/2022\/11\/logolequotidien.jpg","contentUrl":"https:\/\/lequotidien.mr\/wp-content\/uploads\/2022\/11\/logolequotidien.jpg","width":290,"height":65,"caption":"Le Quotidien de Nouakchott"},"image":{"@id":"https:\/\/lequotidien.mr\/#\/schema\/logo\/image\/"},"sameAs":["https:\/\/web.facebook.com\/lequotidienmr","https:\/\/x.com\/lequotidienmr"]},{"@type":"Person","@id":"https:\/\/lequotidien.mr\/#\/schema\/person\/1077c8abd5640a6514b909318d271dee","name":"Gayi Diawara","image":{"@type":"ImageObject","inLanguage":"ar","@id":"https:\/\/secure.gravatar.com\/avatar\/63ea8db1e19a6d2d608b24c0f78b5f3a7d6e0bc11959fec273410af333e4d0ac?s=96&d=mm&r=g","url":"https:\/\/secure.gravatar.com\/avatar\/63ea8db1e19a6d2d608b24c0f78b5f3a7d6e0bc11959fec273410af333e4d0ac?s=96&d=mm&r=g","contentUrl":"https:\/\/secure.gravatar.com\/avatar\/63ea8db1e19a6d2d608b24c0f78b5f3a7d6e0bc11959fec273410af333e4d0ac?s=96&d=mm&r=g","caption":"Gayi Diawara"},"sameAs":["http:\/\/lequotidien.mr"],"url":"https:\/\/lequotidien.mr\/?author=5"}]}},"_links":{"self":[{"href":"https:\/\/lequotidien.mr\/index.php?rest_route=\/wp\/v2\/posts\/4028","targetHints":{"allow":["GET"]}}],"collection":[{"href":"https:\/\/lequotidien.mr\/index.php?rest_route=\/wp\/v2\/posts"}],"about":[{"href":"https:\/\/lequotidien.mr\/index.php?rest_route=\/wp\/v2\/types\/post"}],"author":[{"embeddable":true,"href":"https:\/\/lequotidien.mr\/index.php?rest_route=\/wp\/v2\/users\/5"}],"replies":[{"embeddable":true,"href":"https:\/\/lequotidien.mr\/index.php?rest_route=%2Fwp%2Fv2%2Fcomments&post=4028"}],"version-history":[{"count":1,"href":"https:\/\/lequotidien.mr\/index.php?rest_route=\/wp\/v2\/posts\/4028\/revisions"}],"predecessor-version":[{"id":4030,"href":"https:\/\/lequotidien.mr\/index.php?rest_route=\/wp\/v2\/posts\/4028\/revisions\/4030"}],"wp:featuredmedia":[{"embeddable":true,"href":"https:\/\/lequotidien.mr\/index.php?rest_route=\/wp\/v2\/media\/4029"}],"wp:attachment":[{"href":"https:\/\/lequotidien.mr\/index.php?rest_route=%2Fwp%2Fv2%2Fmedia&parent=4028"}],"wp:term":[{"taxonomy":"category","embeddable":true,"href":"https:\/\/lequotidien.mr\/index.php?rest_route=%2Fwp%2Fv2%2Fcategories&post=4028"},{"taxonomy":"post_tag","embeddable":true,"href":"https:\/\/lequotidien.mr\/index.php?rest_route=%2Fwp%2Fv2%2Ftags&post=4028"}],"curies":[{"name":"wp","href":"https:\/\/api.w.org\/{rel}","templated":true}]}}