{"id":4006,"date":"2023-01-30T15:38:40","date_gmt":"2023-01-30T15:38:40","guid":{"rendered":"https:\/\/lequotidien.mr\/?p=4006"},"modified":"2023-01-30T15:38:40","modified_gmt":"2023-01-30T15:38:40","slug":"lancement-de-la-reinion-annuel-des-delegues-regionaux-de-nouakchott","status":"publish","type":"post","link":"https:\/\/lequotidien.mr\/?p=4006&lang=fr","title":{"rendered":"Lancement de la r\u00e9inion Annuel des d\u00e9l\u00e9gu\u00e9s r\u00e9gionaux de nouakchott."},"content":{"rendered":"<p>Actualit\u00e9 de (Nouakchott) le 30 janvier (2023)-Les travaux de la r\u00e9union annuel des d\u00e9l\u00e9gu\u00e9s r\u00e9gionaux de \u013eenvironnement,lanc\u00e9e ce lundi \u00e0 Nouakchott, organis\u00e9 par le minist\u00e8re de \u013eenvironnement et du d\u00e9veloppement durable,en collaboration avec \u013eOrganisation des Nations Unies pour \u013ealimentation et \u013eagriculture &#8220;gef&#8221;.<\/p>\n<p>Le r\u00e9union des deux jours a pour objectif de ce travail \u010f\u00e9quipe contribuera \u010favantage \u00e0 la gestion durable des resources naturalles don&#8217;t regorge notre pays \u00e0 litter efficacement contre la d\u00e9sertification.<\/p>\n<p>Ouvrant les travaux de la r\u00e9union la ministre \u010fenvironmement et du d\u00e9veloppement durable,Mme Lalya Aly Kamara,a soulign\u00e9 que les derni\u00e9res Ann\u00e9es ont \u00e9t\u00e9 difficiles du faith de la crises de la covide -19 qui q frappe le monde entier et impact\u00e9 le d\u00e9ploiement et la mise en oeuvre des plans \u010factions du minist\u00e9re du \u010fenvironnement et de d\u00e9veloppement durable.<\/p>\n<p>La ministre a indiqu\u00e9 que cest aussi pour ma \u013eoccasion de marquer une reprise en main de notre d\u00e9partement,une redynamisation de nose actions.<br \/>\nElle a soulign\u00e9 que le programme prioritaire \u00e9largi 2020-2023 PROPEP,et le programme du gouvernement en mati\u00e9re \u010fenvironnement et de d\u00e9veloppement.<\/p>\n<p>La c\u00e9remonie deroulent en presence du plusieur perssonnalit\u00e9.<\/p>\n<p>QND<\/p>\n","protected":false},"excerpt":{"rendered":"<p>Actualit\u00e9 de (Nouakchott) le 30 janvier (2023)-Les travaux de la r\u00e9union annuel des d\u00e9l\u00e9gu\u00e9s r\u00e9gionaux de \u013eenvironnement,lanc\u00e9e ce lundi \u00e0 Nouakchott, organis\u00e9 par le minist\u00e8re de \u013eenvironnement et du d\u00e9veloppement durable,en collaboration avec \u013eOrganisation des Nations Unies pour \u013ealimentation et \u013eagriculture &#8220;gef&#8221;. Le r\u00e9union des deux jours a pour objectif de ce travail \u010f\u00e9quipe contribuera&#8230;..<\/p>\n","protected":false},"author":3,"featured_media":4007,"comment_status":"open","ping_status":"open","sticky":false,"template":"","format":"standard","meta":{"footnotes":""},"categories":[23,57],"tags":[],"class_list":["post-4006","post","type-post","status-publish","format-standard","has-post-thumbnail","hentry","category-actualite","category-couverture-specilale"],"yoast_head":"<!-- This site is optimized with the Yoast SEO plugin v27.5 - https:\/\/yoast.com\/product\/yoast-seo-wordpress\/ -->\n<title>Lancement de la r\u00e9inion Annuel des d\u00e9l\u00e9gu\u00e9s r\u00e9gionaux de nouakchott. - Le Quotidien de Nouakchott<\/title>\n<meta name=\"robots\" content=\"index, follow, max-snippet:-1, max-image-preview:large, max-video-preview:-1\" \/>\n<link rel=\"canonical\" href=\"https:\/\/lequotidien.mr\/?p=4006&lang=fr\" \/>\n<meta property=\"og:locale\" content=\"ar_AR\" \/>\n<meta property=\"og:type\" content=\"article\" \/>\n<meta property=\"og:title\" content=\"Lancement de la r\u00e9inion Annuel des d\u00e9l\u00e9gu\u00e9s r\u00e9gionaux de nouakchott. - Le Quotidien de Nouakchott\" \/>\n<meta property=\"og:description\" content=\"Actualit\u00e9 de (Nouakchott) le 30 janvier (2023)-Les travaux de la r\u00e9union annuel des d\u00e9l\u00e9gu\u00e9s r\u00e9gionaux de \u013eenvironnement,lanc\u00e9e ce lundi \u00e0 Nouakchott, organis\u00e9 par le minist\u00e8re de \u013eenvironnement et du d\u00e9veloppement durable,en collaboration avec \u013eOrganisation des Nations Unies pour \u013ealimentation et \u013eagriculture &#8220;gef&#8221;. Le r\u00e9union des deux jours a pour objectif de ce travail \u010f\u00e9quipe contribuera.....\" \/>\n<meta property=\"og:url\" content=\"https:\/\/lequotidien.mr\/?p=4006&amp;lang=fr\" \/>\n<meta property=\"og:site_name\" content=\"Le Quotidien de Nouakchott\" \/>\n<meta property=\"article:publisher\" content=\"https:\/\/web.facebook.com\/lequotidienmr\" \/>\n<meta property=\"article:author\" content=\"https:\/\/web.facebook.com\/a.mleiwih\" \/>\n<meta property=\"article:published_time\" content=\"2023-01-30T15:38:40+00:00\" \/>\n<meta property=\"og:image\" content=\"https:\/\/lequotidien.mr\/wp-content\/uploads\/2023\/01\/MEDD1509A.jpg\" \/>\n\t<meta property=\"og:image:width\" content=\"800\" \/>\n\t<meta property=\"og:image:height\" content=\"533\" \/>\n\t<meta property=\"og:image:type\" content=\"image\/jpeg\" \/>\n<meta name=\"author\" content=\"Alioun M&#039;leiwih\" \/>\n<meta name=\"twitter:card\" content=\"summary_large_image\" \/>\n<meta name=\"twitter:creator\" content=\"@lequotidienmr\" \/>\n<meta name=\"twitter:site\" content=\"@lequotidienmr\" \/>\n<meta name=\"twitter:label1\" content=\"\u0643\u064f\u062a\u0628 \u0628\u0648\u0627\u0633\u0637\u0629\" \/>\n\t<meta name=\"twitter:data1\" content=\"Alioun M&#039;leiwih\" \/>\n\t<meta name=\"twitter:label2\" content=\"\u0648\u0642\u062a \u0627\u0644\u0642\u0631\u0627\u0621\u0629 \u0627\u0644\u0645\u064f\u0642\u062f\u0651\u0631\" \/>\n\t<meta name=\"twitter:data2\" content=\"\u062f\u0642\u064a\u0642\u0629 \u0648\u0627\u062d\u062f\u0629\" \/>\n<script type=\"application\/ld+json\" class=\"yoast-schema-graph\">{\"@context\":\"https:\\\/\\\/schema.org\",\"@graph\":[{\"@type\":\"Article\",\"@id\":\"https:\\\/\\\/lequotidien.mr\\\/?p=4006&lang=fr#article\",\"isPartOf\":{\"@id\":\"https:\\\/\\\/lequotidien.mr\\\/?p=4006&lang=fr\"},\"author\":{\"name\":\"Alioun M'leiwih\",\"@id\":\"https:\\\/\\\/lequotidien.mr\\\/#\\\/schema\\\/person\\\/69d1518c74c9137087929a20b1272cb0\"},\"headline\":\"Lancement de la r\u00e9inion Annuel des d\u00e9l\u00e9gu\u00e9s r\u00e9gionaux de nouakchott.\",\"datePublished\":\"2023-01-30T15:38:40+00:00\",\"mainEntityOfPage\":{\"@id\":\"https:\\\/\\\/lequotidien.mr\\\/?p=4006&lang=fr\"},\"wordCount\":223,\"commentCount\":0,\"publisher\":{\"@id\":\"https:\\\/\\\/lequotidien.mr\\\/#organization\"},\"image\":{\"@id\":\"https:\\\/\\\/lequotidien.mr\\\/?p=4006&lang=fr#primaryimage\"},\"thumbnailUrl\":\"https:\\\/\\\/lequotidien.mr\\\/wp-content\\\/uploads\\\/2023\\\/01\\\/MEDD1509A.jpg\",\"articleSection\":[\"ACTUALIT\u00c9\",\"Couverture sp\u00e9cilale\"],\"inLanguage\":\"ar\",\"potentialAction\":[{\"@type\":\"CommentAction\",\"name\":\"Comment\",\"target\":[\"https:\\\/\\\/lequotidien.mr\\\/?p=4006&lang=fr#respond\"]}]},{\"@type\":\"WebPage\",\"@id\":\"https:\\\/\\\/lequotidien.mr\\\/?p=4006&lang=fr\",\"url\":\"https:\\\/\\\/lequotidien.mr\\\/?p=4006&lang=fr\",\"name\":\"Lancement de la r\u00e9inion Annuel des d\u00e9l\u00e9gu\u00e9s r\u00e9gionaux de nouakchott. - Le Quotidien de Nouakchott\",\"isPartOf\":{\"@id\":\"https:\\\/\\\/lequotidien.mr\\\/#website\"},\"primaryImageOfPage\":{\"@id\":\"https:\\\/\\\/lequotidien.mr\\\/?p=4006&lang=fr#primaryimage\"},\"image\":{\"@id\":\"https:\\\/\\\/lequotidien.mr\\\/?p=4006&lang=fr#primaryimage\"},\"thumbnailUrl\":\"https:\\\/\\\/lequotidien.mr\\\/wp-content\\\/uploads\\\/2023\\\/01\\\/MEDD1509A.jpg\",\"datePublished\":\"2023-01-30T15:38:40+00:00\",\"breadcrumb\":{\"@id\":\"https:\\\/\\\/lequotidien.mr\\\/?p=4006&lang=fr#breadcrumb\"},\"inLanguage\":\"ar\",\"potentialAction\":[{\"@type\":\"ReadAction\",\"target\":[\"https:\\\/\\\/lequotidien.mr\\\/?p=4006&lang=fr\"]}]},{\"@type\":\"ImageObject\",\"inLanguage\":\"ar\",\"@id\":\"https:\\\/\\\/lequotidien.mr\\\/?p=4006&lang=fr#primaryimage\",\"url\":\"https:\\\/\\\/lequotidien.mr\\\/wp-content\\\/uploads\\\/2023\\\/01\\\/MEDD1509A.jpg\",\"contentUrl\":\"https:\\\/\\\/lequotidien.mr\\\/wp-content\\\/uploads\\\/2023\\\/01\\\/MEDD1509A.jpg\",\"width\":800,\"height\":533,\"caption\":\"\u0648\u0632\u064a\u0631\u0629 \u0627\u0644\u0628\u064a\u0626\u0629 \u0648\u0627\u0644\u062a\u0646\u0645\u064a\u0629 \u0627\u0644\u0645\u0633\u062a\u062f\u0627\u0645\u0629 \u0627\u0644\u0633\u064a\u062f\u0629 \u0644\u0627\u0644\u064a\u0627 \u0643\u0645\u0631\u0627\"},{\"@type\":\"BreadcrumbList\",\"@id\":\"https:\\\/\\\/lequotidien.mr\\\/?p=4006&lang=fr#breadcrumb\",\"itemListElement\":[{\"@type\":\"ListItem\",\"position\":1,\"name\":\"Home\",\"item\":\"https:\\\/\\\/lequotidien.mr\\\/\"},{\"@type\":\"ListItem\",\"position\":2,\"name\":\"Lancement de la r\u00e9inion Annuel des d\u00e9l\u00e9gu\u00e9s r\u00e9gionaux de nouakchott.\"}]},{\"@type\":\"WebSite\",\"@id\":\"https:\\\/\\\/lequotidien.mr\\\/#website\",\"url\":\"https:\\\/\\\/lequotidien.mr\\\/\",\"name\":\"Le Quotidien de Nouakchott\",\"description\":\"\u0625\u062e\u0628\u0627\u0631\u064a\u0629 \u0645\u0633\u062a\u0642\u0644\u0629 \u0644\u0644\u0623\u0646\u0628\u0627\u0621 \u0627\u0644\u0639\u0627\u0645\u0629\",\"publisher\":{\"@id\":\"https:\\\/\\\/lequotidien.mr\\\/#organization\"},\"potentialAction\":[{\"@type\":\"SearchAction\",\"target\":{\"@type\":\"EntryPoint\",\"urlTemplate\":\"https:\\\/\\\/lequotidien.mr\\\/?s={search_term_string}\"},\"query-input\":{\"@type\":\"PropertyValueSpecification\",\"valueRequired\":true,\"valueName\":\"search_term_string\"}}],\"inLanguage\":\"ar\"},{\"@type\":\"Organization\",\"@id\":\"https:\\\/\\\/lequotidien.mr\\\/#organization\",\"name\":\"Le Quotidien de Nouakchott\",\"url\":\"https:\\\/\\\/lequotidien.mr\\\/\",\"logo\":{\"@type\":\"ImageObject\",\"inLanguage\":\"ar\",\"@id\":\"https:\\\/\\\/lequotidien.mr\\\/#\\\/schema\\\/logo\\\/image\\\/\",\"url\":\"https:\\\/\\\/lequotidien.mr\\\/wp-content\\\/uploads\\\/2022\\\/11\\\/logolequotidien.jpg\",\"contentUrl\":\"https:\\\/\\\/lequotidien.mr\\\/wp-content\\\/uploads\\\/2022\\\/11\\\/logolequotidien.jpg\",\"width\":290,\"height\":65,\"caption\":\"Le Quotidien de Nouakchott\"},\"image\":{\"@id\":\"https:\\\/\\\/lequotidien.mr\\\/#\\\/schema\\\/logo\\\/image\\\/\"},\"sameAs\":[\"https:\\\/\\\/web.facebook.com\\\/lequotidienmr\",\"https:\\\/\\\/x.com\\\/lequotidienmr\"]},{\"@type\":\"Person\",\"@id\":\"https:\\\/\\\/lequotidien.mr\\\/#\\\/schema\\\/person\\\/69d1518c74c9137087929a20b1272cb0\",\"name\":\"Alioun M'leiwih\",\"image\":{\"@type\":\"ImageObject\",\"inLanguage\":\"ar\",\"@id\":\"https:\\\/\\\/secure.gravatar.com\\\/avatar\\\/01f9d357222d7d4ca8f71662f4b081718f06d25b11fc45662ecca0622d507e51?s=96&d=mm&r=g\",\"url\":\"https:\\\/\\\/secure.gravatar.com\\\/avatar\\\/01f9d357222d7d4ca8f71662f4b081718f06d25b11fc45662ecca0622d507e51?s=96&d=mm&r=g\",\"contentUrl\":\"https:\\\/\\\/secure.gravatar.com\\\/avatar\\\/01f9d357222d7d4ca8f71662f4b081718f06d25b11fc45662ecca0622d507e51?s=96&d=mm&r=g\",\"caption\":\"Alioun M'leiwih\"},\"sameAs\":[\"https:\\\/\\\/lequotidien.mr\\\/\",\"https:\\\/\\\/web.facebook.com\\\/a.mleiwih\",\"https:\\\/\\\/www.linkedin.com\\\/in\\\/alimlewih\\\/\"],\"url\":\"https:\\\/\\\/lequotidien.mr\\\/?author=3\"}]}<\/script>\n<!-- \/ Yoast SEO plugin. -->","yoast_head_json":{"title":"Lancement de la r\u00e9inion Annuel des d\u00e9l\u00e9gu\u00e9s r\u00e9gionaux de nouakchott. - Le Quotidien de Nouakchott","robots":{"index":"index","follow":"follow","max-snippet":"max-snippet:-1","max-image-preview":"max-image-preview:large","max-video-preview":"max-video-preview:-1"},"canonical":"https:\/\/lequotidien.mr\/?p=4006&lang=fr","og_locale":"ar_AR","og_type":"article","og_title":"Lancement de la r\u00e9inion Annuel des d\u00e9l\u00e9gu\u00e9s r\u00e9gionaux de nouakchott. - Le Quotidien de Nouakchott","og_description":"Actualit\u00e9 de (Nouakchott) le 30 janvier (2023)-Les travaux de la r\u00e9union annuel des d\u00e9l\u00e9gu\u00e9s r\u00e9gionaux de \u013eenvironnement,lanc\u00e9e ce lundi \u00e0 Nouakchott, organis\u00e9 par le minist\u00e8re de \u013eenvironnement et du d\u00e9veloppement durable,en collaboration avec \u013eOrganisation des Nations Unies pour \u013ealimentation et \u013eagriculture &#8220;gef&#8221;. Le r\u00e9union des deux jours a pour objectif de ce travail \u010f\u00e9quipe contribuera.....","og_url":"https:\/\/lequotidien.mr\/?p=4006&lang=fr","og_site_name":"Le Quotidien de Nouakchott","article_publisher":"https:\/\/web.facebook.com\/lequotidienmr","article_author":"https:\/\/web.facebook.com\/a.mleiwih","article_published_time":"2023-01-30T15:38:40+00:00","og_image":[{"width":800,"height":533,"url":"https:\/\/lequotidien.mr\/wp-content\/uploads\/2023\/01\/MEDD1509A.jpg","type":"image\/jpeg"}],"author":"Alioun M'leiwih","twitter_card":"summary_large_image","twitter_creator":"@lequotidienmr","twitter_site":"@lequotidienmr","twitter_misc":{"\u0643\u064f\u062a\u0628 \u0628\u0648\u0627\u0633\u0637\u0629":"Alioun M'leiwih","\u0648\u0642\u062a \u0627\u0644\u0642\u0631\u0627\u0621\u0629 \u0627\u0644\u0645\u064f\u0642\u062f\u0651\u0631":"\u062f\u0642\u064a\u0642\u0629 \u0648\u0627\u062d\u062f\u0629"},"schema":{"@context":"https:\/\/schema.org","@graph":[{"@type":"Article","@id":"https:\/\/lequotidien.mr\/?p=4006&lang=fr#article","isPartOf":{"@id":"https:\/\/lequotidien.mr\/?p=4006&lang=fr"},"author":{"name":"Alioun M'leiwih","@id":"https:\/\/lequotidien.mr\/#\/schema\/person\/69d1518c74c9137087929a20b1272cb0"},"headline":"Lancement de la r\u00e9inion Annuel des d\u00e9l\u00e9gu\u00e9s r\u00e9gionaux de nouakchott.","datePublished":"2023-01-30T15:38:40+00:00","mainEntityOfPage":{"@id":"https:\/\/lequotidien.mr\/?p=4006&lang=fr"},"wordCount":223,"commentCount":0,"publisher":{"@id":"https:\/\/lequotidien.mr\/#organization"},"image":{"@id":"https:\/\/lequotidien.mr\/?p=4006&lang=fr#primaryimage"},"thumbnailUrl":"https:\/\/lequotidien.mr\/wp-content\/uploads\/2023\/01\/MEDD1509A.jpg","articleSection":["ACTUALIT\u00c9","Couverture sp\u00e9cilale"],"inLanguage":"ar","potentialAction":[{"@type":"CommentAction","name":"Comment","target":["https:\/\/lequotidien.mr\/?p=4006&lang=fr#respond"]}]},{"@type":"WebPage","@id":"https:\/\/lequotidien.mr\/?p=4006&lang=fr","url":"https:\/\/lequotidien.mr\/?p=4006&lang=fr","name":"Lancement de la r\u00e9inion Annuel des d\u00e9l\u00e9gu\u00e9s r\u00e9gionaux de nouakchott. - Le Quotidien de Nouakchott","isPartOf":{"@id":"https:\/\/lequotidien.mr\/#website"},"primaryImageOfPage":{"@id":"https:\/\/lequotidien.mr\/?p=4006&lang=fr#primaryimage"},"image":{"@id":"https:\/\/lequotidien.mr\/?p=4006&lang=fr#primaryimage"},"thumbnailUrl":"https:\/\/lequotidien.mr\/wp-content\/uploads\/2023\/01\/MEDD1509A.jpg","datePublished":"2023-01-30T15:38:40+00:00","breadcrumb":{"@id":"https:\/\/lequotidien.mr\/?p=4006&lang=fr#breadcrumb"},"inLanguage":"ar","potentialAction":[{"@type":"ReadAction","target":["https:\/\/lequotidien.mr\/?p=4006&lang=fr"]}]},{"@type":"ImageObject","inLanguage":"ar","@id":"https:\/\/lequotidien.mr\/?p=4006&lang=fr#primaryimage","url":"https:\/\/lequotidien.mr\/wp-content\/uploads\/2023\/01\/MEDD1509A.jpg","contentUrl":"https:\/\/lequotidien.mr\/wp-content\/uploads\/2023\/01\/MEDD1509A.jpg","width":800,"height":533,"caption":"\u0648\u0632\u064a\u0631\u0629 \u0627\u0644\u0628\u064a\u0626\u0629 \u0648\u0627\u0644\u062a\u0646\u0645\u064a\u0629 \u0627\u0644\u0645\u0633\u062a\u062f\u0627\u0645\u0629 \u0627\u0644\u0633\u064a\u062f\u0629 \u0644\u0627\u0644\u064a\u0627 \u0643\u0645\u0631\u0627"},{"@type":"BreadcrumbList","@id":"https:\/\/lequotidien.mr\/?p=4006&lang=fr#breadcrumb","itemListElement":[{"@type":"ListItem","position":1,"name":"Home","item":"https:\/\/lequotidien.mr\/"},{"@type":"ListItem","position":2,"name":"Lancement de la r\u00e9inion Annuel des d\u00e9l\u00e9gu\u00e9s r\u00e9gionaux de nouakchott."}]},{"@type":"WebSite","@id":"https:\/\/lequotidien.mr\/#website","url":"https:\/\/lequotidien.mr\/","name":"Le Quotidien de Nouakchott","description":"\u0625\u062e\u0628\u0627\u0631\u064a\u0629 \u0645\u0633\u062a\u0642\u0644\u0629 \u0644\u0644\u0623\u0646\u0628\u0627\u0621 \u0627\u0644\u0639\u0627\u0645\u0629","publisher":{"@id":"https:\/\/lequotidien.mr\/#organization"},"potentialAction":[{"@type":"SearchAction","target":{"@type":"EntryPoint","urlTemplate":"https:\/\/lequotidien.mr\/?s={search_term_string}"},"query-input":{"@type":"PropertyValueSpecification","valueRequired":true,"valueName":"search_term_string"}}],"inLanguage":"ar"},{"@type":"Organization","@id":"https:\/\/lequotidien.mr\/#organization","name":"Le Quotidien de Nouakchott","url":"https:\/\/lequotidien.mr\/","logo":{"@type":"ImageObject","inLanguage":"ar","@id":"https:\/\/lequotidien.mr\/#\/schema\/logo\/image\/","url":"https:\/\/lequotidien.mr\/wp-content\/uploads\/2022\/11\/logolequotidien.jpg","contentUrl":"https:\/\/lequotidien.mr\/wp-content\/uploads\/2022\/11\/logolequotidien.jpg","width":290,"height":65,"caption":"Le Quotidien de Nouakchott"},"image":{"@id":"https:\/\/lequotidien.mr\/#\/schema\/logo\/image\/"},"sameAs":["https:\/\/web.facebook.com\/lequotidienmr","https:\/\/x.com\/lequotidienmr"]},{"@type":"Person","@id":"https:\/\/lequotidien.mr\/#\/schema\/person\/69d1518c74c9137087929a20b1272cb0","name":"Alioun M'leiwih","image":{"@type":"ImageObject","inLanguage":"ar","@id":"https:\/\/secure.gravatar.com\/avatar\/01f9d357222d7d4ca8f71662f4b081718f06d25b11fc45662ecca0622d507e51?s=96&d=mm&r=g","url":"https:\/\/secure.gravatar.com\/avatar\/01f9d357222d7d4ca8f71662f4b081718f06d25b11fc45662ecca0622d507e51?s=96&d=mm&r=g","contentUrl":"https:\/\/secure.gravatar.com\/avatar\/01f9d357222d7d4ca8f71662f4b081718f06d25b11fc45662ecca0622d507e51?s=96&d=mm&r=g","caption":"Alioun M'leiwih"},"sameAs":["https:\/\/lequotidien.mr\/","https:\/\/web.facebook.com\/a.mleiwih","https:\/\/www.linkedin.com\/in\/alimlewih\/"],"url":"https:\/\/lequotidien.mr\/?author=3"}]}},"_links":{"self":[{"href":"https:\/\/lequotidien.mr\/index.php?rest_route=\/wp\/v2\/posts\/4006","targetHints":{"allow":["GET"]}}],"collection":[{"href":"https:\/\/lequotidien.mr\/index.php?rest_route=\/wp\/v2\/posts"}],"about":[{"href":"https:\/\/lequotidien.mr\/index.php?rest_route=\/wp\/v2\/types\/post"}],"author":[{"embeddable":true,"href":"https:\/\/lequotidien.mr\/index.php?rest_route=\/wp\/v2\/users\/3"}],"replies":[{"embeddable":true,"href":"https:\/\/lequotidien.mr\/index.php?rest_route=%2Fwp%2Fv2%2Fcomments&post=4006"}],"version-history":[{"count":1,"href":"https:\/\/lequotidien.mr\/index.php?rest_route=\/wp\/v2\/posts\/4006\/revisions"}],"predecessor-version":[{"id":4008,"href":"https:\/\/lequotidien.mr\/index.php?rest_route=\/wp\/v2\/posts\/4006\/revisions\/4008"}],"wp:featuredmedia":[{"embeddable":true,"href":"https:\/\/lequotidien.mr\/index.php?rest_route=\/wp\/v2\/media\/4007"}],"wp:attachment":[{"href":"https:\/\/lequotidien.mr\/index.php?rest_route=%2Fwp%2Fv2%2Fmedia&parent=4006"}],"wp:term":[{"taxonomy":"category","embeddable":true,"href":"https:\/\/lequotidien.mr\/index.php?rest_route=%2Fwp%2Fv2%2Fcategories&post=4006"},{"taxonomy":"post_tag","embeddable":true,"href":"https:\/\/lequotidien.mr\/index.php?rest_route=%2Fwp%2Fv2%2Ftags&post=4006"}],"curies":[{"name":"wp","href":"https:\/\/api.w.org\/{rel}","templated":true}]}}