{"id":3883,"date":"2023-01-26T18:42:05","date_gmt":"2023-01-26T18:42:05","guid":{"rendered":"https:\/\/lequotidien.mr\/?p=3883"},"modified":"2023-01-26T18:42:05","modified_gmt":"2023-01-26T18:42:05","slug":"le-premier-ministre-presente-devant-lassemblee-nationale-son-rapport-annuel","status":"publish","type":"post","link":"https:\/\/lequotidien.mr\/?p=3883&lang=fr","title":{"rendered":"Le Premier ministre pr\u00e9sente devant l\u2019Assembl\u00e9e nationale son rapport annuel"},"content":{"rendered":"<p>AMI &#8211; Le Premier ministre, M. Mohamed Ould Bilal Massoud, vient d\u2019entamer la pr\u00e9sentation de son rapport annuel devant l\u2019Assembl\u00e9e nationale lors d\u2019une s\u00e9ance publique tenue ce jeudi, sous la pr\u00e9sidence de M. Cheikh Ould Bayh, pr\u00e9sident de l\u2019Assembl\u00e9e nationale.<\/p>\n<p>Le rapport du premier ministre porte sur le bilan de l\u2019action du gouvernement au cours de l\u2019ann\u00e9e 2022 et sur le programme qui sera mis en \u0153uvre au cours de 2023.<\/p>\n<p>Dans son rapport annuel devant le Parlement le Premier ministre a soulign\u00e9 que le Gouvernement a continu\u00e9 durant toute l\u2019ann\u00e9e \u00e9coul\u00e9e \u00e0 juguler les effets n\u00e9gatifs de la crise \u00e9conomique mondiale et multidimensionnelle sur les populations, notamment les plus vuln\u00e9rables, d\u2019une part, et \u00e0 r\u00e9former, d\u2019autre part, les diff\u00e9rents secteurs de l\u2019\u00e9conomie, afin de consolider la croissance, de l\u2019orienter vers la cr\u00e9ation d\u2019emplois et la r\u00e9duction des in\u00e9galit\u00e9s.<\/p>\n<p>Il a \u00e9voqu\u00e9 les actions publiques engag\u00e9es, notamment celles pour am\u00e9liorer la qualit\u00e9 du service public et en assurer la proximit\u00e9, la maitrise des prix des denr\u00e9es de premi\u00e8re n\u00e9cessit\u00e9, l\u2019approvisionnement continu des march\u00e9s, l\u2019acc\u00e8s des citoyens aux services de sant\u00e9 de base et \u00e0 la vaccination contre les \u00e9pid\u00e9mies, l\u2019instauration de l\u2019\u00e9cole r\u00e9publicaine et la consolidation de la s\u00e9curit\u00e9 de nos citoyens et de leurs biens.<\/p>\n<p>Voici le discours-rapport dans son int\u00e9gralit\u00e9:<\/p>\n<p>\u00abMonsieur le Pr\u00e9sident, Mesdames et Messieurs les D\u00e9put\u00e9s,<\/p>\n<p>C\u2019est un honneur pour moi de m\u2019adresser \u00e0 votre auguste Assembl\u00e9e pour vous pr\u00e9senter, conform\u00e9ment \u00e0 l\u2019article 73 de la Constitution, le bilan de l\u2019action du Gouvernement pour l\u2019ann\u00e9e 2022 et les grands axes de son programme au titre de l\u2019ann\u00e9e 2023.<\/p>\n<p>Je saisis cette opportunit\u00e9 pour vous adresser mes meilleurs v\u0153ux pour le nouvel an et mes sinc\u00e8res f\u00e9licitations pour la noble mission que vous assumez, chaque jour, au service de l\u2019\u00c9tat et de la Nation.<\/p>\n<p>Je tiens aussi \u00e0 vous renouveler l\u2019expression de mes vifs remerciements pour l\u2019appui pr\u00e9cieux que vous avez bien voulu apporter aux r\u00e9formes engag\u00e9es par le Gouvernement, en ex\u00e9cution des orientations strat\u00e9giques de Son Excellence le Pr\u00e9sident de la R\u00e9publique Monsieur Mohamed Ould Cheikh El-Ghazouani.<\/p>\n<p>Le Gouvernement a continu\u00e9 durant toute l\u2019ann\u00e9e \u00e9coul\u00e9e, et sans rel\u00e2che, \u00e0 juguler les effets n\u00e9gatifs de la crise \u00e9conomique mondiale et multidimensionnelle sur nos populations, notamment les plus vuln\u00e9rables, d\u2019une part, et \u00e0 r\u00e9former, d\u2019autre part, les diff\u00e9rents secteurs de l\u2019\u00e9conomie, afin de consolider la croissance, de l\u2019orienter vers la cr\u00e9ation d\u2019emplois et la r\u00e9duction des in\u00e9galit\u00e9s.<\/p>\n<p>Comme c\u2019\u00e9tait d\u00e9j\u00e0 le cas en 2021, le Gouvernement est rest\u00e9 actif et vigilant sur plusieurs fronts. Il a, en effet, continu\u00e9 \u00e0 g\u00e9rer au mieux : (i) la probl\u00e9matique mondiale de la hausse des prix des denr\u00e9es de premi\u00e8re n\u00e9cessit\u00e9, des hydrocarbures et de l\u2019approvisionnement continu des march\u00e9s ; (ii) l\u2019acc\u00e8s des citoyens aux services de sant\u00e9 de base et \u00e0 la vaccination contre les \u00e9pid\u00e9mies, notamment la Covid 19 ; et (iii) la s\u00e9curit\u00e9 de nos citoyens et de leurs biens. Cela sans pr\u00e9judice \u00e0 la continuation des r\u00e9formes et \u00e0 la mise en \u0153uvre de projets structurants visant la consolidation de l\u2019\u00e9conomie nationale ; et aux efforts d\u00e9ploy\u00e9s pour assurer plus d\u2019\u00e9quit\u00e9 et de justice sociale dans l\u2019action gouvernementale.<\/p>\n<p>En d\u00e9pit de la conjoncture internationale difficile, le Gouvernement s\u2019est investi avec d\u00e9termination, \u00e0 mettre en \u0153uvre le programme politique sur la base duquel a \u00e9t\u00e9 \u00e9lu son Excellence M. le Pr\u00e9sident de la R\u00e9publique.<\/p>\n<p>A titre de rappel, il s\u2019agit d\u2019un projet \u00e9conomique, social et soci\u00e9tal ambitieux qui vise les grands objectifs suivants :<\/p>\n<p>1. Un \u00c9tat fort moderne et au service du citoyen ;<\/p>\n<p>2. Une \u00e9conomie r\u00e9siliente et engag\u00e9e sur le chemin de l\u2019\u00e9mergence ;<\/p>\n<p>3. Un capital humain valoris\u00e9 au service du d\u00e9veloppement ;<\/p>\n<p>4. Une soci\u00e9t\u00e9 fi\u00e8re de sa diversit\u00e9 et r\u00e9concili\u00e9e avec elle-m\u00eame.<\/p>\n<p>Le pr\u00e9sent rapport pr\u00e9sente le bilan des actions les plus d\u00e9terminantes men\u00e9es dans chacun de ces axes pour l\u2019ann\u00e9e \u00e9coul\u00e9e, et esquisse les grandes lignes des mesures et chantiers qui seront lanc\u00e9s, poursuivis ou finalis\u00e9s en 2023.<\/p>\n<p>Avant de proc\u00e9der au d\u00e9veloppement des diff\u00e9rentes parties de ce rapport, permettez-moi de vous pr\u00e9senter bri\u00e8vement l\u2019\u00e9tat de mise en \u0153uvre des priorit\u00e9s \u00e0 court terme de la d\u00e9claration de politique g\u00e9n\u00e9rale du Gouvernement, que vous avez adopt\u00e9e en avril dernier.<\/p>\n<p>Monsieur le Pr\u00e9sident, Mesdames et Messieurs les D\u00e9put\u00e9s,<\/p>\n<p>S\u2019agissant de la gestion de la p\u00e9riode de soudure et de l\u2019att\u00e9nuation de l\u2019impact de la guerre en Ukraine sur l\u2019approvisionnement de notre pays en denr\u00e9es alimentaires de base et en hydrocarbures, le Gouvernement a r\u00e9ussi \u00e0 maintenir les prix des denr\u00e9es de premi\u00e8re n\u00e9cessit\u00e9 \u00e0 des niveaux acceptables et \u00e0 prot\u00e9ger le cheptel national. Le processus de pr\u00e9paration des \u00e9lectorales l\u00e9gislatives, r\u00e9gionales et municipales, a \u00e9t\u00e9 approuv\u00e9 de fa\u00e7on consensuelle par les acteurs politiques et les membres de la CENI d\u00e9sign\u00e9s ; ce processus se d\u00e9roule dans de bonnes conditions.<\/p>\n<p>L\u2019\u00e9cole r\u00e9publicaine \u00e9t\u00e9 lanc\u00e9e et la premi\u00e8re ann\u00e9e a commenc\u00e9 avec un grand succ\u00e8s. Le plan d\u2019actions du Pr\u00e9sident de la R\u00e9publique sur l\u2019\u00e9quit\u00e9, la citoyennet\u00e9 et la coh\u00e9sion sociale \u2013 Plan INSAF- continue d\u2019\u00eatre mis en \u0153uvre dans de bonnes conditions ; et la lutte contre la gabegie et la corruption s\u2019est intensifi\u00e9e \u00e0 tous les niveaux.<\/p>\n<p>Le rapprochement de l\u2019administration des citoyens, dans un esprit d\u2019\u00e9quit\u00e9 et d\u2019\u00e9galit\u00e9, ainsi que le suivi de l\u2019ex\u00e9cution des projets et programmes, ont connu de bons r\u00e9sultats.<\/p>\n<p>Enfin, des actions volontaristes destin\u00e9es \u00e0 favoriser la cr\u00e9ation d\u2019emplois au profit des jeunes ont \u00e9t\u00e9 mises en \u0153uvre. Je reviendrai plus en d\u00e9tail sur ces diff\u00e9rentes r\u00e9alisations au niveau des axes du bilan.<\/p>\n<p>UNE JUSTICE PROCHE DU CITOYEN<\/p>\n<p>Monsieur le Pr\u00e9sident, Mesdames et Messieurs les D\u00e9put\u00e9s,<\/p>\n<p>Assoir les bases d\u2019un \u00c9tat fort, moderne et au service du citoyen : tel est le fondement du projet de soci\u00e9t\u00e9 port\u00e9 par le Pr\u00e9sident de la R\u00e9publique. Pour le concr\u00e9tiser, la dynamisation des institutions, la consolidation de la continuit\u00e9 et la r\u00e9gularit\u00e9 de l\u2019action publique demeurent la priorit\u00e9 du Gouvernement.<\/p>\n<p>En ce sens, le Pr\u00e9sident de la R\u00e9publique a affirm\u00e9, \u00e0 travers ses engagements, l\u2019obligation de la \u00abcr\u00e9ation des conditions appropri\u00e9es pour permettre \u00e0 l\u2019appareil judiciaire de jouer pleinement son r\u00f4le dans le cadre de l\u2019\u00c9tat de droit\u00bb. Cette volont\u00e9 s\u2019est fortement refl\u00e9t\u00e9e dans l\u2019action gouvernementale en 2022.<\/p>\n<p>Ainsi, les lois sur les suret\u00e9s mobili\u00e8res conventionnelles, sur le statut des notaires et la profession des huissiers ont \u00e9t\u00e9 approuv\u00e9es, et pour certaines d\u2019entre elles promulgu\u00e9es ; des comit\u00e9s r\u00e9gionaux de justice pour mineurs ont \u00e9t\u00e9 cr\u00e9\u00e9s ; le code de proc\u00e9dures civiles et commerciales a \u00e9t\u00e9 r\u00e9vis\u00e9 ; et les directions des affaires criminelles et de l\u2019administration p\u00e9nitentiaire ont \u00e9t\u00e9 restructur\u00e9es. Dans le m\u00eame ordre d\u2019id\u00e9es, une plate-forme num\u00e9rique des lois et des textes appliqu\u00e9s sera \u00e9tablie et interfac\u00e9e au Journal officiel ; l\u2019aide judiciaire sera renforc\u00e9e, et la troisi\u00e8me version du portefeuille judiciaire sera publi\u00e9e au cours de cette ann\u00e9e.<\/p>\n<p>Dans le domaine du renforcement des capacit\u00e9s des acteurs du domaine de la justice, les magistrats et leurs assistants b\u00e9n\u00e9ficieront de formation continue. Dans ce cadre, cinq programmes seront pr\u00e9vus dans la mise en \u0153uvre de la m\u00e9thodologie de l\u2019inspection judiciaire et l\u2019exploitation des statistiques judiciaires.<\/p>\n<p>En ce qui concerne les \u00e9tablissements correctionnels et p\u00e9nitentiaires, les conditions g\u00e9n\u00e9rales de d\u00e9tention ont \u00e9t\u00e9 am\u00e9lior\u00e9es, notamment par la fourniture d\u2019\u00e9quipements d\u2019entretien et de froid ; l\u2019acquisition de moyens de transport et l\u2019\u00e9quipement des ateliers d\u2019\u00e9ducation, de formation et de production. En sus, des avocats ont \u00e9t\u00e9 engag\u00e9s pour soutenir les d\u00e9tenus mineurs, et un ensemble d\u2019actions permettant de mieux g\u00e9rer l\u2019acc\u00e8s des plus d\u00e9munis au service judiciaire ont \u00e9t\u00e9 mises en \u0153uvre. Le Gouvernement proc\u00e9dera aussi \u00e0 la revue du cadre juridique des \u00e9tablissements carc\u00e9raux et de r\u00e9insertion, et pr\u00e9parera le statut du personnel p\u00e9nitentiaire.<\/p>\n<p>Pour plus de s\u00e9curit\u00e9, ces \u00e9tablissements seront \u00e9quip\u00e9s de moyens modernes de t\u00e9l\u00e9surveillance. Par ailleurs, une commission sp\u00e9ciale sera mise en place pour \u00e9tudier les demandes de gr\u00e2ce et de libert\u00e9 conditionnelle, afin d\u2019en assurer la fluidit\u00e9 et l\u2019\u00e9quit\u00e9.<\/p>\n<p>Concernant les infrastructures et leur modernisation, les tribunaux de toutes les Moughataas nouvellement cr\u00e9es ont \u00e9t\u00e9 enti\u00e8rement \u00e9quip\u00e9s, les autres tribunaux l\u2019ont \u00e9t\u00e9 partiellement avec du mat\u00e9riel informatique, et les procureurs de la r\u00e9publique ont \u00e9t\u00e9 dot\u00e9s de v\u00e9hicules leur permettant d\u2019avoir l\u2019autonomie de mobilit\u00e9 n\u00e9cessaire. Une dizaine de tribunaux sont en construction \u00e0 travers le pays, en plus de la r\u00e9novation de plusieurs autres, ainsi que la construction en cours d\u2019un nouveau centre p\u00e9nitentiaire \u00e0 Nouakchott-Sud. Un centre semi-ouvert pour mineurs a \u00e9t\u00e9 cr\u00e9\u00e9 \u00e0 Kiffa, et un institut de formation judiciaire sera construit \u00e0 Nouakchott Ouest. \u00ab La d\u00e9mat\u00e9rialisation des proc\u00e9dures judiciaires \u00bb sera aussi mise en \u0153uvre \u00e0 travers un sch\u00e9ma \u00e9labor\u00e9 de num\u00e9risation.<\/p>\n<p>Dans le cadre de l\u2019affirmation de l\u2019ind\u00e9pendance de la justice et de l\u2019am\u00e9lioration de l\u2019acc\u00e8s des justiciables au service judiciaire, la mise en \u0153uvre des recommandations issues des \u00e9tats g\u00e9n\u00e9raux de la Justice qui ont eu lieu au d\u00e9but de ce mois, sera au centre de l\u2019action gouvernementale \u00e0 venir.<\/p>\n<p>\u00c9QUIT\u00c9, CITOYENNET\u00c9, COH\u00c9SION SOCIALE<\/p>\n<p>Monsieur le Pr\u00e9sident, Mesdames et Messieurs les D\u00e9put\u00e9s,<\/p>\n<p>Convaincu de la force et de l\u2019importance du respect de la loi dans le renforcement de la citoyennet\u00e9 et du sentiment d\u2019appartenance nationale, le Pr\u00e9sident de la R\u00e9publique a insist\u00e9, \u00e0 diff\u00e9rentes occasions, dont la derni\u00e8re lors du lancement du festival des villes du patrimoine, \u00e0 Tichitt, sur le fait qu\u2019aucun privil\u00e8ge ou devoir ne doit \u00eatre octroy\u00e9 sur la base d\u2019une appartenance autre que la citoyennet\u00e9. Il a dit, en substance, que tous les efforts fournis pour renforcer la r\u00e9silience, \u00e0 tous les niveaux, n\u2019auront pas l\u2019effet escompt\u00e9 s\u2019ils ne sont pas accompagn\u00e9s d\u2019un changement profond des mentalit\u00e9s et des comportements sociaux, dans le sens qui sert le concept de citoyennet\u00e9 et les imp\u00e9ratifs de l\u2019Etat moderne.<\/p>\n<p>Le programme INSAF d\u2019\u00e9quit\u00e9, de citoyennet\u00e9 et de coh\u00e9sion sociale, mis en place en 2022, vise cet objectif \u00e0 travers un programme d\u2019actions citoyennes. Il est suivi, avec beaucoup d\u2019attention, par le biais d\u2019une plateforme num\u00e9rique d\u00e9di\u00e9e.<\/p>\n<p>C\u2019est ainsi que les membres du parquet ont \u00e9t\u00e9 somm\u00e9s \u00e0 prendre en charge avec diligence toutes les plaintes des citoyens par rapport \u00e0 des actes ou des expressions pouvant toucher leur dignit\u00e9. Dans ce cadre, cinq jugements de condamnations ont \u00e9t\u00e9 faits \u00e0 ce jour, concernant la sanction syst\u00e9matique des discours tribalistes, ethnicistes et\/ou stigmatisant. Des bureaux communaux de droit ont \u00e9t\u00e9 mis en place dans 24 communes pilotes comme lieux d\u2019accueil, d\u2019\u00e9coute et d\u2019information sur les droits et les obligations des personnes qui se sentent stigmatis\u00e9es, maltrait\u00e9es ou l\u00e9s\u00e9es dans leurs droits.<\/p>\n<p>VALORISATION DES DROITS HUMAINS<\/p>\n<p>En outre, la mise en \u0153uvre du Plan d\u2019action national de lutte contre la traite des personnes s\u2019est poursuivi avec l\u2019installation de l\u2019Instance Nationale de Lutte contre la Traite des Personnes et le Trafic des Migrants et l\u2019organisation plusieurs ateliers de sensibilisation et de formation. L\u2019op\u00e9ration de recensement des migrants qui se poursuit encore a abouti \u00e0 l\u2019enr\u00f4lement de 142.975 r\u00e9sidents \u00e9trangers \u00e0 la fin de l\u2019ann\u00e9e \u00e9coul\u00e9e.<\/p>\n<p>Par ailleurs, le Gouvernement a continu\u00e9, dans ce cadre, \u00e0 renforcer la culture des droits en instaurant un Prix National des droits de l\u2019homme et de la coh\u00e9sion sociale, qui sera attribu\u00e9 cette ann\u00e9e. Une campagne nationale de sensibilisation sur les lois incriminant la traite des personnes, l\u2019esclavage, la discrimination et la torture a \u00e9t\u00e9 organis\u00e9e et a touch\u00e9 pr\u00e8s de 500.000 personnes.<\/p>\n<p>Cette ann\u00e9e, l\u2019accent sera mis \u00e0 la mise en \u0153uvre : (i) de la strat\u00e9gie nationale de promotion et de protection des droits de l\u2019Homme dans ses diff\u00e9rentes composantes, (ii) continue du plan d\u2019action national de lutte contre la traite des personnes, (iii) des recommandations du 3\u00e8me cycle de l\u2019Examen P\u00e9riodique Universel (EPU), et (iv) des rapports p\u00e9riodiques et le renforcement des capacit\u00e9s op\u00e9rationnelles des Organisations de la Soci\u00e9t\u00e9 Civile.<\/p>\n<p>DIPLOMATIE EFFICIENTE ET RESPECT\u00c9E<\/p>\n<p>Monsieur le Pr\u00e9sident, Mesdames et Messieurs les D\u00e9put\u00e9s,<\/p>\n<p>Sur le Sur le plan diplomatique, le Gouvernement s\u2019est attel\u00e9 \u00e0 mettre en \u0153uvre l\u2019engagement du Pr\u00e9sident de la R\u00e9publique qui veut que \u00ab notre pays d\u00e9veloppe une diplomatie dynamique et proactive, en cherchant en permanence le consensus et en \u0153uvrant pour le maintien de la paix et de la s\u00e9curit\u00e9.\u00bb Dans cette optique, l\u2019accent a \u00e9t\u00e9 mis sur la redynamisation de la coop\u00e9ration multilat\u00e9rale et bilat\u00e9rale et la cr\u00e9ation d\u2019une Acad\u00e9mie diplomatique servant de noyau de construction d\u2019une m\u00e9moire diplomatique nationale.<\/p>\n<p>Au niveau multilat\u00e9ral, la participation active et agissante de notre pays au niveau des instances internationales, continentales et sous-r\u00e9gionales a permis de lui faire prendre sa place dans le concert des nations. Ainsi, SEM le Pr\u00e9sident de la R\u00e9publique a marqu\u00e9 par sa pr\u00e9sence les grandes conf\u00e9rences mondiales sur le climat, la s\u00e9curit\u00e9 et le d\u00e9veloppement. La position de notre pays a \u00e9t\u00e9 r\u00e9affirm\u00e9e avec force sur toutes les questions qui secouent le monde. Sa derni\u00e8re participation au sommet Afrique-Etats Unis d\u2019Am\u00e9rique, en d\u00e9cembre dernier, a \u00e9t\u00e9 remarquable et b\u00e9n\u00e9fique ; ce qui a permis \u00e0 notre pays d\u2019\u00eatre \u00e9ligible aux ressources du Mill\u00e9nium Challenge Corporation.<\/p>\n<p>Dans le cadre de la coop\u00e9ration bilat\u00e9rale, le Gouvernement s\u2019est attel\u00e9 \u00e0 l\u2019\u00e9largissement de la couverture diplomatique, \u00e0 la concertation politique et la coordination avec les pays fr\u00e8res et amis. Ainsi, plus de 40 conventions et protocoles d\u2019accords de coop\u00e9ration ont \u00e9t\u00e9 sign\u00e9s avec des pays amis.<\/p>\n<p>En termes d\u2019infrastructures, il faut noter l\u2019ach\u00e8vement des travaux de construction de la chancellerie et de la r\u00e9sidence de notre Ambassade \u00e0 Niamey, la poursuite des travaux de nos Ambassades \u00e0 Rabat et Abu Dhabi et le lancement des travaux de construction de nos Ambassades \u00e0 Ryad, Dakar et Bamako.<\/p>\n<p>Pour ce qui est des mauritaniens de l\u2019\u00e9tranger, des mesures ad\u00e9quates ont \u00e9t\u00e9 prises pour faciliter leur acc\u00e8s au service public dont ils ont besoin ; et afin de garantir les meilleures conditions de vies \u00e0 nos diplomates, une prime pour la vie ch\u00e8re a \u00e9t\u00e9 institu\u00e9e, ainsi qu\u2019un syst\u00e8me d\u2019assurance maladie pour eux et leurs familles.<\/p>\n<p>Et pour renforcer la pr\u00e9sence de nos ressortissants dans les institutions internationales, notre pays a \u00e9t\u00e9 \u00e9lu, cette ann\u00e9e \u00e0 la commission gouvernementale de la conservation du patrimoine culturel immat\u00e9riel de l\u2019Unesco, \u00e0 l\u2019Organisation de l\u2019Aviation Civile Internationale ainsi qu\u2019\u00e0 la vice-pr\u00e9sidence de l\u2019Assembl\u00e9e G\u00e9n\u00e9rale des Nations Unies.<\/p>\n<p>UNE ARM\u00c9E PROFESSIONNELLE ET BIEN ENTRAIN\u00c9E<\/p>\n<p>Monsieur le Pr\u00e9sident, Mesdames et Messieurs les D\u00e9put\u00e9s,<\/p>\n<p>En En mati\u00e8re de d\u00e9fense Nationale, la politique du Gouvernement met les \u00e9l\u00e9ments de nos forces arm\u00e9es et leurs conditions de vie et de service au centre de ses pr\u00e9occupations.<\/p>\n<p>Ainsi, en 2022, une importance particuli\u00e8re a \u00e9t\u00e9 accord\u00e9e au d\u00e9veloppement continu des comp\u00e9tences op\u00e9rationnelles des unit\u00e9s de combat et du maintien de l\u2019ordre. Cela s\u2019est traduit par la cr\u00e9ation d\u2019unit\u00e9s sp\u00e9ciales d\u2019intervention de l\u2019arm\u00e9e et de la gendarmerie ; l\u2019entrainement et la formation sp\u00e9cifique pour des unit\u00e9s et des cadres de l\u2019arm\u00e9e et de la gendarmerie qui participent aux op\u00e9rations de maintien de la paix dans le monde ; l\u2019acquisition d\u2019appareils modernes de simulation de vols pour l\u2019apprentissage des pilotes ; l\u2019acquisition de bateaux, de pirogues et d\u2019\u00e9quipements maritimes ; l\u2019acquisition de stations radars; et la mise en place progressive de syst\u00e8mes de surveillance a\u00e9rienne du territoire national.<\/p>\n<p>Par ailleurs, plus d\u2019efforts continuent d\u2019\u00eatre orient\u00e9s vers l\u2019am\u00e9lioration du cadre et des conditions de vie des \u00e9l\u00e9ments de nos forces arm\u00e9es, en leur construisant des si\u00e8ges de commandement et des logements ad\u00e9quats. Aussi, les capacit\u00e9s des services de la sant\u00e9 militaire ont \u00e9t\u00e9 rehauss\u00e9es par l\u2019acquisition d\u2019\u00e9quipements m\u00e9dicaux modernes.<\/p>\n<p>D\u2019autre part, la participation des forces arm\u00e9es au d\u00e9veloppement s\u2019est raffermie par la cr\u00e9ation de nouvelles institutions sp\u00e9cialis\u00e9es de g\u00e9nie miliaire ; et par le renforcement de la coop\u00e9ration r\u00e9gionale et internationale. Il y a lieu de citer ici la construction d\u2019une unit\u00e9 industrielle de guerre, de construction d\u2019ouvrages hydrauliques, de routes et d\u2019am\u00e9nagement d\u2019exploitations agricoles.<\/p>\n<p>Sur le plan acad\u00e9mique, une \u00e9volution notable a \u00e9t\u00e9 r\u00e9alis\u00e9e, avec la transformation de l\u2019\u00c9cole militaire interarmes en une Acad\u00e9mie qui offre une formation universitaire professionnelle ; et la transformation de l\u2019\u00c9cole nationale d\u2019\u00e9tat-major en Facult\u00e9 qui fournit un enseignement universitaire sp\u00e9cialis\u00e9.<\/p>\n<p>L\u2019ann\u00e9e 2022 a \u00e9t\u00e9 aussi marqu\u00e9e par l\u2019inauguration du si\u00e8ge du minist\u00e8re de la D\u00e9fense nationale, la construction et l\u2019\u00e9quipement de plusieurs si\u00e8ges de commandements et des bases militaires.<\/p>\n<p>Il est pr\u00e9vu cette ann\u00e9e, de continuer le processus d\u2019am\u00e9lioration des conditions de vie des \u00e9l\u00e9ments des forces arm\u00e9es ; d\u2019offrir une meilleure protection sanitaire pour eux et leurs familles ; d\u2019\u00e9lever le niveau d\u2019op\u00e9rationnalisation et d\u2019aptitude de nos \u00e9l\u00e9ments \u00e0 travers l\u2019entrainement continu ; l\u2019acquisition d\u2019\u00e9quipements et d\u2019armements modernes ainsi que la construction d\u2019infrastructures.<\/p>\n<p>MAINTIEN DE L\u2019ORDRE ET SECURITE DES CITOYENS<\/p>\n<p>Monsieur le Pr\u00e9sident, Mesdames et Messieurs les D\u00e9put\u00e9s,<\/p>\n<p>Pour renforcer la s\u00e9curit\u00e9 int\u00e9rieure, d\u2019importantes actions ont \u00e9t\u00e9 r\u00e9alis\u00e9es. Pour la Police nationale, il y a eu (i) la mise en place d\u2019un centre de t\u00e9l\u00e9surveillance pour la ville de Nouakchott et d\u2019un laboratoire multifonctionnel d\u2019analyses g\u00e9n\u00e9tiques et de d\u00e9tection des substances prohib\u00e9es ou dangereuses ; (ii) la consolidation de la couverture du territoire par les services de police par la construction et l\u2019installation de quatre commissariats de police \u00e0 Maghama, Bassiknou, Toujounine et Maghtaa Lehjar (iii) et la construction d\u2019un commissariat et du si\u00e8ge de la direction r\u00e9gionale de la s\u00fbret\u00e9 \u00e0 Zouerate ; et d\u2019un nouveau centre de secours \u00e0 Aleg. Il sera proc\u00e9d\u00e9 \u00e0 la construction de 03 directions r\u00e9gionales, de 12 commissariats et d\u2019un si\u00e8ge pour l\u2019acad\u00e9mie de la s\u00fbret\u00e9 cette ann\u00e9e.<\/p>\n<p>La Garde nationale a b\u00e9n\u00e9fici\u00e9 de moyens mat\u00e9riels et logistiques n\u00e9cessaires pour l\u2019accomplissement de sa mission dans de meilleures conditions et de la cr\u00e9ation de 04 postes de commandement \u00e0 Nouakchott, Atar, Rosso et Ka\u00e9di. Elle verra ses capacit\u00e9s renforc\u00e9es par l\u2019acquisition de v\u00e9hicules et la construction de 03 si\u00e8ges de commandement de groupements r\u00e9gionaux cette ann\u00e9e.<\/p>\n<p>Le Groupement g\u00e9n\u00e9ral de la s\u00e9curit\u00e9 routi\u00e8re a \u00e9t\u00e9 dot\u00e9 de nouvelles infrastructures, d\u2019un bureau d\u2019accueil pour les citoyens, et de nouveaux moyens modernes de communications et d\u2019interconnexion et d\u2019une direction r\u00e9gionale \u00e0 Rosso. Le parc de la s\u00e9curit\u00e9 routi\u00e8re sera renforc\u00e9 par des \u00e9quipements logistiques cette ann\u00e9e.<\/p>\n<p>La S\u00e9curit\u00e9 civile a profit\u00e9, elle aussi, de nouvelles infrastructures, de nouveaux \u00e9quipements et moyens de locomotion, comme de l\u2019acquisition de 09 citernes anti-incendie. Il est pr\u00e9vu, en plus de la construction de son si\u00e8ge \u00e0 Nouakchott, la construction de 06 centres de secours \u00e0 Aioun, Kiffa, Ka\u00e9di, Selibaby, Akjoujt et Nouakchott.<\/p>\n<p>Des recrutements et formations ont permis de renforcer les diff\u00e9rents services de s\u00e9curit\u00e9 de 1.653 \u00e9l\u00e9ments, et on peut en citer 600 \u00e9l\u00e8ves gardes dont 53 femmes ; en plus de 10 officiers pour le Groupement g\u00e9n\u00e9ral de la s\u00e9curit\u00e9 routi\u00e8re. Cette ann\u00e9e, les actions se focaliseront sur le renforcement des effectifs de la police nationale, avec le recrutement de 550 agents, 30 inspecteurs et 11 ing\u00e9nieurs officiers.<\/p>\n<p>MODERNISER LA GOUVERNANCE TERRITORIALE ET LES SERVICES ADMINISTRATIFS<\/p>\n<p>Monsieur le Pr\u00e9sident, Mesdames et Messieurs les D\u00e9put\u00e9s,<\/p>\n<p>Dans le domaine de la d\u00e9centralisation, les chartes graphiques harmonis\u00e9es des diff\u00e9rents actes communaux ont \u00e9t\u00e9 \u00e9labor\u00e9es, ainsi que les modules de gestion des quartiers ; en plus de la cr\u00e9ation d\u2019une base de donn\u00e9es g\u00e9n\u00e9rale des communes, associ\u00e9e \u00e0 une cartographie dynamique, avec le d\u00e9veloppement et l\u2019installation de logiciels de gestion appropri\u00e9s aux communes. Les si\u00e8ges de 10 R\u00e9gions ont \u00e9t\u00e9 r\u00e9ceptionn\u00e9s et seront bient\u00f4t \u00e9quip\u00e9s. Dans le domaine de l\u2019\u00c9tat civil, pr\u00e8s de 33 centres ont \u00e9t\u00e9 construits, r\u00e9habilit\u00e9s et\/ou r\u00e9ouverts apr\u00e8s 4 ann\u00e9es de fermetures \u00e0 Aleg, Ksar, Sebkha et 30 autres localit\u00e9s.<\/p>\n<p>En termes de poursuite des actions d\u00e9j\u00e0 entreprises pour rapprocher l\u2019administration du citoyen, le processus de cr\u00e9ation des 06 Moughataas est achev\u00e9, avec la mise en place de toutes les structures administratives ; aussi, 20 communes rurales ont \u00e9t\u00e9 cr\u00e9\u00e9es.<\/p>\n<p>Sur le plan politique, un accord a \u00e9t\u00e9 sign\u00e9 le 26 septembre dernier, suite aux larges concertations entre le Gouvernement et les Partis politiques autour de la pr\u00e9paration inclusive et consensuelle des \u00e9lections l\u00e9gislatives, r\u00e9gionales et municipales de cette ann\u00e9e. Le Gouvernement s\u2019engage \u00e0 mettre en \u0153uvre l\u2019ensemble des engagements issus de cet accord, en coordination avec les diff\u00e9rentes parties prenantes en vue d\u2019une bonne organisation et r\u00e9ussite de ces \u00e9lections.<\/p>\n<p>Dans le domaine des libert\u00e9s, plusieurs r\u00e9formes ont \u00e9t\u00e9 engag\u00e9es, dont on peut citer la loi r\u00e9gissant la Haute Autorit\u00e9 de la Presse et de l\u2019Audiovisuel pour r\u00e9organiser le secteur de l\u2019audiovisuel, et le d\u00e9cret d\u2019application relatifs \u00e0 la loi sur les Associations et la Strat\u00e9gie nationale de Promotion de la Soci\u00e9t\u00e9 Civile. Aussi, des Plateformes num\u00e9riques r\u00e9gionales des organisations de la soci\u00e9t\u00e9 civile ont \u00e9t\u00e9 install\u00e9es, et des ateliers de vulgarisation de la loi et d\u2019initiation \u00e0 l\u2019utilisation de la plateforme num\u00e9rique ont \u00e9t\u00e9 organis\u00e9s au profit des autorit\u00e9s administratives et des organisations de la soci\u00e9t\u00e9 civile dans toutes les Wilayas.<\/p>\n<p>Le d\u00e9veloppement continu du service public d\u2019information, en termes de proximit\u00e9 et de diversification, a permis la cr\u00e9ation de nouvelles stations radios locales \u00e0 Kankossa, Cheggat, Kiffa, en plus de la radio s\u00e9curit\u00e9 routi\u00e8re. Sans oublier le lancement de nouvelles radios sp\u00e9cialis\u00e9es de l\u2019\u00e9levage, de l\u2019\u00e9cole de la R\u00e9publique et des archives. La construction et l\u2019\u00e9quipement des si\u00e8ges des radios r\u00e9gionales d\u2019Atar, Ka\u00e9di, Tiris-Zemour et Nouadhibou, en plus de la radio transnationale Radio Jeunesse Sahel.<\/p>\n<p>Nos efforts se focaliseront cette ann\u00e9e sur le renforcement des libert\u00e9s publiques et l\u2019ancrage de la d\u00e9mocratie ; la consolidation de la d\u00e9centralisation et la promotion du d\u00e9veloppement local ; la fiabilisation et la s\u00e9curisation de tous les documents nationaux d\u2019identification et l\u2019extension de la biom\u00e9trie \u00e0 d\u2019autres secteurs de la vie publique. Pour soutenir la d\u00e9centralisation, le Fonds r\u00e9gional de d\u00e9veloppement sera renforc\u00e9, une base de donn\u00e9es relative aux communes sera d\u00e9velopp\u00e9e, les collectivit\u00e9s territoriales seront plus impliqu\u00e9es dans la mise en \u0153uvre des strat\u00e9gies nationales et sectorielles.<\/p>\n<p>Le code des collectivit\u00e9s territoriales sera adopt\u00e9 et le transfert des comp\u00e9tences aux instances d\u00e9centralis\u00e9es sera amorc\u00e9.<\/p>\n<p>ANCRER NOTRE ISLAM TOL\u00c9RANT<\/p>\n<p>Monsieur le Pr\u00e9sident, Mesdames et Messieurs les D\u00e9put\u00e9s,<\/p>\n<p>L\u2019Islam et ses valeurs de justice, d\u2019\u00e9quit\u00e9, de solidarit\u00e9, de fraternit\u00e9 et de tol\u00e9rance est au c\u0153ur de notre identit\u00e9 nationale inclusive, et constitue la principale source de rayonnement de notre pays et de r\u00e9silience de notre soci\u00e9t\u00e9. Dans ce cadre, le Gouvernement a accord\u00e9 une grande attention \u00e0 l\u2019action islamique dans toutes ses dimensions. C\u2019est ainsi que le soutien aux oul\u00e9mas, aux imams et aux \u00e9tudiants de mahadras s\u2019est poursuivi, de m\u00eame que la valorisation de leurs efforts.<\/p>\n<p>Un compte d\u2019affectation sp\u00e9cial d\u00e9nomm\u00e9 Beyt El Mal Zakat de Mauritanie a \u00e9t\u00e9 cr\u00e9\u00e9 pour faciliter la collecte et la distribution des fonds de Zakat conform\u00e9ment aux dispositions de la Chari\u2019aa. Le m\u00e9canisme de fonctionnement de ce compte sera d\u00e9termin\u00e9 et organis\u00e9 de mani\u00e8re \u00e0 garantir la transparence, \u00e9tablir la confiance, r\u00e9duire les co\u00fbts et assurer la r\u00e9alisation d\u2019objectifs \u00e0 la fois religieux et \u00e9conomiques.<\/p>\n<p>Concernant les infrastructures, des mosqu\u00e9es ont \u00e9t\u00e9 construites dans les wilayas des deux Hodhs, Assaba et Gorgol. La mosqu\u00e9e Ibn Abbas de Nouakchott a \u00e9t\u00e9 r\u00e9habilit\u00e9e et ses annexes reconstruites. Une base de donn\u00e9es des mosqu\u00e9es sera mise en place dans le pays cette ann\u00e9e.<\/p>\n<p>MODERNISER L\u2019ADMINISTRATION ET FACILITER LE SERVICE AUX USAGERS<\/p>\n<p>Monsieur le Pr\u00e9sident, Mesdames et Messieurs les D\u00e9put\u00e9s,<\/p>\n<p>La fonction publique est le moteur de l\u2019action gouvernementale. Sa modernisation, sa mise \u00e0 niveau et son efficacit\u00e9 sont d\u00e9terminantes pour la continuit\u00e9 de l\u2019action publique. A ce propos, les r\u00e9formes engag\u00e9es ont permis la num\u00e9risation de 90% des dossiers des fonctionnaires et agents contractuels de l\u2019\u00c9tat, la finalisation de la r\u00e9organisation des archives de l\u2019administration publique, l\u2019assainissement du fichier du Personnel Non Permanent et la pr\u00e9paration des projets de textes portant r\u00e9gularisation de la situation administrative de ce personnel. En outre, un accent particulier a \u00e9t\u00e9 mis sur l\u2019am\u00e9lioration et la s\u00e9curisation de l\u2019application de gestion du personnel de l\u2019\u00c9tat \u2018El Mawarid\u2019.<\/p>\n<p>Les efforts se focaliseront cette ann\u00e9e, sur l\u2019\u00e9laboration de la strat\u00e9gie de la fonction publique, la r\u00e9vision de la loi relative au statut g\u00e9n\u00e9ral et ses textes d\u2019application, en plus de la r\u00e9vision du r\u00e9gime de la retraite et de la pension ; l\u2019affinement du syst\u00e8me d\u2019information des \u00e9quivalences des dipl\u00f4mes et la finalisation de la num\u00e9risation des dossiers des fonctionnaires et agents de l\u2019Etat.<\/p>\n<p>Ce processus englobera le renforcement des services rendus aux usagers et le parach\u00e8vement du processus d\u2019adoption d\u2019un statut de la fonction publique territoriale.<\/p>\n<p>Monsieur le Pr\u00e9sident, Mesdames et Messieurs les D\u00e9put\u00e9s,<\/p>\n<p>L\u2019ambition du Pr\u00e9sident de la R\u00e9publique visant \u00e0 ce que chaque citoyen puisse effectuer facilement toutes les d\u00e9marches administratives, obtenir les informations dont il a besoin, acc\u00e9der rapidement et dignement \u00e0 ses droits est le but ultime de toute la dynamique amorc\u00e9e \u00e0 ce niveau.<\/p>\n<p>A cet effet, et dans le cadre de l\u2019administration num\u00e9rique, les efforts porteront cette ann\u00e9e sur (i) la poursuite du projet de digitalisation des services publics ; (ii) la mise en place d\u2019un projet pilote d\u2019identit\u00e9 num\u00e9rique ; (iii) la mise \u00e0 niveau et l\u2019extension du R\u00e9seau Intranet Administratif Haut D\u00e9bit en fibre optique ; (iv) la gestion \u00e9lectronique du courrier administratif et (v) la mise en place d\u2019une plateforme pour la gestion des march\u00e9s publics. Ces projets contribueront au d\u00e9veloppement et \u00e0 l\u2019am\u00e9lioration continue du syst\u00e8me Khadamaty au niveau de tous les secteurs du service public, notamment en termes de facilitation de l\u2019acc\u00e8s aux services digitalis\u00e9s et aux paiements \u00e9lectroniques, de d\u00e9mat\u00e9rialisation des correspondances administratives et de r\u00e9duction des d\u00e9lais.<\/p>\n<p>Dans le domaine du travail et pour assurer les meilleures conditions aux travailleurs, les efforts d\u00e9ploy\u00e9s au cours de l\u2019ann\u00e9e \u00e9coul\u00e9e ont permis la modification de certaines dispositions du code du travail et le lancement d\u2019un nouveau Programme Pays pour un travail d\u00e9cent.<\/p>\n<p>D\u2019autre part, l\u2019endiguement du fl\u00e9au qu\u2019est le travail des enfants est au centre des pr\u00e9occupations du Gouvernement. C\u2019est ainsi que le plan national de lutte contre le travail des enfants a \u00e9t\u00e9 \u00e9valu\u00e9 en vue de son extension dans le temps et une liste d\u2019activit\u00e9s jug\u00e9es dangereuses pour les mineurs a \u00e9t\u00e9 \u00e9tablie.<\/p>\n<p>Cette ann\u00e9e, la l\u00e9gislation sociale conna\u00eetra le parach\u00e8vement des r\u00e9formes d\u00e9j\u00e0 lanc\u00e9es.<\/p>\n<p>Il s\u2019agit principalement i) de l\u2019\u00e9laboration et l\u2019adoption du programme pays pour la promotion du travail d\u00e9cent ; ii) l\u2019\u00e9laboration d\u2019une strat\u00e9gie de mise en \u0153uvre de la d\u00e9claration de l\u2019Organisation Internationale du Travail sur les multinationales ; iii) la collecte des donn\u00e9es sur les travailleurs migrants ; iv) l\u2019\u00e9laboration d\u2019une application de suivi des op\u00e9rateurs.<\/p>\n<p>UNE \u00c9CONOMIE RESILENTE ET RESOLUMENT \u00c9MERGENTE<\/p>\n<p>Monsieur le Pr\u00e9sident, Mesdames et Messieurs les D\u00e9put\u00e9s,<\/p>\n<p>B\u00e2tir une \u00e9conomie r\u00e9siliente et engag\u00e9e sur le chemin de l\u2019\u00e9mergence, conform\u00e9ment aux engagements du Pr\u00e9sident de la R\u00e9publique, est l\u2019objectif de toute l\u2019action du Gouvernement ; c\u2019est pourquoi les efforts continus d\u2019\u00eatre port\u00e9s sur la consolidation et l\u2019\u00e9largissement des r\u00e9formes dans les domaines essentiels de la planification strat\u00e9gique, de la gouvernance \u00e9conomique, financi\u00e8re et mon\u00e9taire. En d\u00e9pit des crises et d\u2019un environnement international peu favorable, les r\u00e9sultats \u00e9conomiques et financiers enregistr\u00e9s ont \u00e9t\u00e9 significatifs ; ils contribueront sans doute \u00e0 l\u2019inclusion et \u00e0 la diversification de notre \u00e9conomie nationale.<\/p>\n<p>La gouvernance \u00e9conomique, tant au niveau national qu\u2019au niveau d\u00e9centralis\u00e9, a \u00e9t\u00e9 renforc\u00e9e comme instrument essentiel \u00e0 l\u2019efficacit\u00e9 des politiques publiques. En effet, le second plan d\u2019actions de la Strat\u00e9gie de croissance acc\u00e9l\u00e9r\u00e9e et de prosp\u00e9rit\u00e9 partag\u00e9e 2021-2025, a \u00e9t\u00e9 \u00e9labor\u00e9 et valid\u00e9 et le Programme d\u2019Investissement Public 2022-2024 actualis\u00e9. La Strat\u00e9gie Nationale de Protection Sociale et d\u2019\u00c9conomie Sociale et Solidaire et la strat\u00e9gie de politique nationale de population seront finalis\u00e9es cette ann\u00e9e.<\/p>\n<p>Durant l\u2019ann\u00e9e \u00e9coul\u00e9e, d\u2019importantes actions destin\u00e9es \u00e0 am\u00e9liorer la gouvernance \u00e9conomique du pays ont \u00e9t\u00e9 entreprises au niveau de la transparence dans l\u2019acc\u00e8s \u00e0 la commande publique, l\u2019am\u00e9lioration du climat des affaires et la promotion de l\u2019investissement ; ainsi qu\u2019au niveau du suivi de l\u2019ex\u00e9cution des projets de d\u00e9veloppement.<\/p>\n<p>A ce titre, la loi relative aux passations des march\u00e9s publics a \u00e9t\u00e9 r\u00e9vis\u00e9e et ses textes d\u2019application adopt\u00e9s ; le d\u00e9cret organisant la qualification et la classification des entreprises de BTP a \u00e9t\u00e9 adopt\u00e9. De plus, les organes de contr\u00f4le ont \u00e9t\u00e9 renforc\u00e9s et redynamis\u00e9s avec la r\u00e9vision du cadre l\u00e9gal et institutionnel r\u00e9gissant la cour des comptes et l\u2019inspection g\u00e9n\u00e9rale d\u2019\u00c9tat, avec l\u2019augmentation de leurs moyens humains et mat\u00e9riels. Cette ann\u00e9e verra la mise en \u0153uvre des recommandations de l\u2019\u00e9tude sur la gouvernance, la finalisation des travaux de r\u00e9vision de la loi portant sur la lutte contre la corruption et l\u2019adoption de sa strat\u00e9gie.<\/p>\n<p>Le suivi de l\u2019ex\u00e9cution des projets de d\u00e9veloppement a b\u00e9n\u00e9fici\u00e9 d\u2019une attention sp\u00e9cifique, faisant d\u00e9sormais l\u2019objet d\u2019un suivi r\u00e9gulier. Une plateforme num\u00e9rique a \u00e9t\u00e9 d\u00e9di\u00e9e au suivi des performances des projets. Cette dynamique sera consolid\u00e9e et renforc\u00e9e cette ann\u00e9e.<\/p>\n<p>Monsieur le Pr\u00e9sident, Mesdames et Messieurs les D\u00e9put\u00e9s,<\/p>\n<p>Une Dans le domaine de l\u2019am\u00e9lioration du Climat des Affaires et de la promotion de l\u2019investissement, l\u2019ann\u00e9e 2022 a \u00e9t\u00e9 marqu\u00e9e notamment par la digitalisation de certains Services publics, le lancement du processus de l\u2019informatisation du Guichet Unique de Cr\u00e9ation d\u2019Entreprises, la cr\u00e9ation d\u2019un registre de suret\u00e9 mobili\u00e8re, l\u2019op\u00e9rationnalisation du Conseil Sup\u00e9rieur de l\u2019Investissement et la promotion des Partenariats Publics Priv\u00e9s comme mode de financement des investissements publics. Les efforts dans ce domaine seront poursuivis avec, en particulier, la d\u00e9mat\u00e9rialisation enti\u00e8re des proc\u00e9dures de cr\u00e9ation d\u2019entreprise au moyen d\u2019un guichet unique, l\u2019ach\u00e8vement du syst\u00e8me de t\u00e9l\u00e9d\u00e9claration et de t\u00e9l\u00e9paiement des imp\u00f4ts et taxes, la mise en place d\u2019un guichet unique sur le commerce ext\u00e9rieur, et la r\u00e9vision du code des investissements.<\/p>\n<p>Le rythme de croissance en termes r\u00e9els s\u2019est accentu\u00e9 pour se situer \u00e0 5,3% en 2022 contre 2,4% en 2021, gr\u00e2ce notamment \u00e0 la hausse, et \u00e0 la qualit\u00e9 de l\u2019investissement, et \u00e0 l\u2019efficacit\u00e9 des mesures d\u2019att\u00e9nuation et de relance mises en \u0153uvre.<\/p>\n<p>Dans le domaine de la coop\u00e9ration et de la mobilisation des ressources, la confiance de nos Partenaires dans les politiques mises en \u0153uvre a \u00e9t\u00e9 r\u00e9tablie et renforc\u00e9e se traduisant par la signature de 31 conventions de financement d\u2019une valeur globale de 29,4 milliards ouguiyas dont 82% en pr\u00eats concessionnels et 18% en dons. Cette dynamique devra se renforcer et permettre la signature de 25 conventions de financements s\u2019\u00e9levant \u00e0 50,4 milliards ouguiyas et couvrant les principaux secteurs de l\u2019\u00e9conomie nationale cette ann\u00e9e.<\/p>\n<p>Les succ\u00e8s r\u00e9alis\u00e9s en termes de r\u00e9formes et de politiques d\u2019ouverture au secteur priv\u00e9, de transparence, de justice et de respect des droits humains, ont amen\u00e9s le Conseil d\u2019Administration de Millenium Challenge Corporation qui est une institution am\u00e9ricaine mise en place pour apporter sa contribution financi\u00e8re au d\u00e9veloppement \u00e9conomique et social aux pays dont la gouvernance politique et \u00e9conomique est jug\u00e9e acceptable, \u00e0 rendre notre pays \u00e9ligible. Au-del\u00e0 de la reconnaissance que cela signifie pour la qualit\u00e9 de la gouvernance en place depuis 2019, c\u2019est aussi une tr\u00e8s importante nouvelle source de financement de nos projets de d\u00e9veloppement.<\/p>\n<p>En 2019, le ratio Dette Ext\u00e9rieure\/PIB \u00e9tait sup\u00e9rieur \u00e0 63%. L\u2019\u00e9valuation qui en avait \u00e9t\u00e9 faite par les institutions financi\u00e8res mondiales concluait que le risque de surendettement du pays \u00e9tait \u00e9lev\u00e9. Cette situation ne pouvait pas durer parce qu\u2019elle affecte notre capacit\u00e9 \u00e0 mobiliser les ressources n\u00e9cessaires au financement des projets de d\u00e9veloppement, p\u00e8se sur l\u2019\u00e9quilibre de notre budget et menace la stabilit\u00e9 de notre monnaie. Le Pr\u00e9sident de la R\u00e9publique a, tr\u00e8s t\u00f4t, fait de ce probl\u00e8me un sujet de pr\u00e9occupation majeure. Gr\u00e2ce \u00e0 la discipline int\u00e9rieure en termes d\u2019emprunts ext\u00e9rieurs et gr\u00e2ce \u00e0 la bienveillante coop\u00e9ration de pays fr\u00e8res, ce ratio a baiss\u00e9 \u00e0 41,8% et, mieux, le risque de surendettement de notre pays est d\u00e9sormais moyen.<\/p>\n<p>ASSAINIR LA GESTION DES FINANCES PUBLIQUES<\/p>\n<p>Monsieur le Pr\u00e9sident, Mesdames et Messieurs les D\u00e9put\u00e9s,<\/p>\n<p>La gouvernance financi\u00e8re, quant \u00e0 elle, a fait l\u2019objet d\u2019une grande r\u00e9forme structurelle, dont les premi\u00e8res traductions ont eu lieu en 2022, en particulier dans les domaines budg\u00e9taire, comptable, et fiscal ainsi que de r\u00e9novation du syst\u00e8me d\u2019information et du renforcement de la responsabilisation des gestionnaires.<\/p>\n<p>Dans ce cadre, un Document de Programmation Budg\u00e9taire \u00e0 Moyen Terme et un plan comptable de l\u2019\u00c9tat ont \u00e9t\u00e9 \u00e9labor\u00e9s. La modernisation de l\u2019administration fiscale a \u00e9t\u00e9 poursuivie avec l\u2019op\u00e9rationnalisation des plateformes de T\u00e9l\u00e9paiement de la vignette, du passeport et de la carte grise. Les actions entam\u00e9es seront approfondies cette ann\u00e9e et la justice fiscale sera renforc\u00e9e par la mise en place de m\u00e9canismes de collecte, de gouvernance et de redistribution de l\u2019imp\u00f4t.<\/p>\n<p>Dans l\u2019ensemble, l\u2019ann\u00e9e \u00e9coul\u00e9e a \u00e9t\u00e9 marqu\u00e9e par de bonnes performances budg\u00e9taires. Les recettes totales ont atteint 83,9 milliards ouguiyas en 2022 contre 76,9 milliards en 2021, soit une hausse de 9,9 %. Cependant les d\u00e9penses publiques ex\u00e9cut\u00e9es ont atteint un volume de 101,3 milliards ouguiyas en 2022 contre 69,1 milliards en 2021, soit un accroissement significatif de 47,3%, traduisant l\u2019ambitieux programme d\u2019investissement public inscrit au programme du Pr\u00e9sident de la R\u00e9publique. Les d\u00e9penses sociales totales ont atteint 18,2 milliards ouguiyas en 2022, soit presque 18% des d\u00e9penses totales. Cette tendance sera poursuivie cette ann\u00e9e.<\/p>\n<p>La politique de gestion de la tr\u00e9sorerie a \u00e9t\u00e9 moins couteuse et plus efficace et a contribu\u00e9 \u00e0 la r\u00e9duction des charges de mobilisation des fonds et \u00e0 renforcer la capacit\u00e9 de l\u2019Etat \u00e0 respecter ses engagements, tout en maintenant une situation de tr\u00e9sorerie confortable, avec un disponible au Tr\u00e9sor se situant \u00e0 26,2 milliards ouguiyas \u00e0 fin d\u00e9cembre 2022, et une r\u00e9serve de change de 1.870 millions d\u2019USD \u00e9quivalent de 6 et demi d\u2019importations.<\/p>\n<p>En termes de gouvernances mon\u00e9taire, le Gouvernement s\u2019est appuy\u00e9 sur les m\u00e9canismes \u00e0 disposition pour contenir les pressions inflationnistes et soutenir la reprise de l\u2019activit\u00e9 \u00e9conomique. Des mesures de resserrement de la liquidit\u00e9 ont \u00e9t\u00e9 entreprises au niveau du march\u00e9 mon\u00e9taire, \u00e0 travers la mise en place d\u2019op\u00e9rations hebdomadaires de r\u00e9glage de la liquidit\u00e9, ce qui a permis de contenir l\u2019inflation \u00e0 9,6% en termes de variation sur les douze mois et en glissement annuel.<\/p>\n<p>En mati\u00e8re de change, l\u2019ann\u00e9e 2022 a connu une d\u00e9t\u00e9rioration des termes \u00e0 cause de la hausse des prix internationaux des denr\u00e9es alimentaires et de l\u2019\u00e9nergie d\u2019un c\u00f4t\u00e9, de la baisse des prix du minerai de fer et d\u2019une forte intervention sur le march\u00e9 de change d\u2019autre part. En ce qui concerne le taux de change en 2022, l\u2019ouguiya s\u2019est d\u00e9pr\u00e9ci\u00e9e de 1,2%, en terme nominal, par rapport au dollar US et s\u2019est appr\u00e9ci\u00e9e de 4,9% par rapport \u00e0 l\u2019euro en glissement annuel.<\/p>\n<p>L\u2019ann\u00e9e 2022 a \u00e9galement \u00e9t\u00e9 marqu\u00e9e par la mise en place d\u2019un cadre r\u00e9glementaire r\u00e9gissant les services et moyens de paiement \u00e9lectroniques, les \u00e9tablissements de paiement, les \u00e9tablissements de monnaie \u00e9lectronique et les prestataires de services de paiement.<\/p>\n<p>Dans le domaine de la Lutte Contre le Blanchiment de Capitaux et le Financement du Terrorisme, notre pays a fait des progr\u00e8s \u00e9normes ces deux derni\u00e8res ann\u00e9es en corrigeant la plupart des insuffisances et lacunes du cadre juridique et r\u00e9glementaire.<\/p>\n<p>Compte tenu de son r\u00f4le dans la cr\u00e9ation de richesses et d\u2019opportunit\u00e9s d\u2019emploi, le financement des Petites et Moyennes Entreprises b\u00e9n\u00e9ficie d\u2019une attention sp\u00e9cifique de la part du Gouvernement. Au cours de l\u2019ann\u00e9e 2022, deux lignes de cr\u00e9dit respectivement de 25 et de 20 millions de dollars ont \u00e9t\u00e9 mobilis\u00e9es. Par ailleurs, 136 projets ont \u00e9t\u00e9 financ\u00e9s pour une enveloppe globale de 350 millions ouguiyas, couvrant plusieurs secteurs d\u2019activit\u00e9 de l\u2019\u00e9conomie nationale, notamment les secteurs productifs. L\u2019op\u00e9rationnalisation du Fonds de garantie de pr\u00eats pour les PME, attendue cette ann\u00e9e, devra faciliter l\u2019acc\u00e8s au cr\u00e9dit pour cette cat\u00e9gorie d\u2019entreprises.<\/p>\n<p>UN SECTEUR GAZIER PROMETTEUR<\/p>\n<p>Monsieur le Pr\u00e9sident, Mesdames et Messieurs les D\u00e9put\u00e9s,<\/p>\n<p>La croissance est tir\u00e9e par les secteurs des mines, des p\u00eaches, de l\u2019agriculture, de l\u2019\u00e9levage du commerce, de l\u2019industrie, de l\u2019artisanat, du tourisme et des b\u00e2timents et travaux publics.<\/p>\n<p>Du fait que les secteurs p\u00e9trolier et gazier sont de plus en plus prometteurs, un plan directeur du gaz a \u00e9t\u00e9 \u00e9labor\u00e9 et permettra la r\u00e9alisation d\u2019\u00e9tudes de faisabilit\u00e9s de plusieurs projets pilotes pour la mise en valeur du gaz, notamment pour produire l\u2019\u00e9lectricit\u00e9, am\u00e9liorer la valeur ajout\u00e9e de nos ressources mini\u00e8res et diminuer les co\u00fbts du transport. Le taux d\u2019ex\u00e9cution de la 1\u00e8re phase du projet Grand Tortue Ahmeyim GTA, a d\u00e9pass\u00e9 85% et le d\u00e9marrage de la production est pr\u00e9vu vers la fin de cette ann\u00e9e. Pour ce qui est du champ gazier Bir Allah, un nouveau contrat a \u00e9t\u00e9 sign\u00e9 avec le partenaire, confirmant l\u2019option de l\u2019onshore pour son d\u00e9veloppement.<\/p>\n<p>En mati\u00e8re de s\u00e9curisation de l\u2019approvisionnement du pays en produits p\u00e9troliers, le sch\u00e9ma directeur des d\u00e9p\u00f4ts de l\u2019int\u00e9rieur a \u00e9t\u00e9 finalis\u00e9, et une extension des capacit\u00e9s de stockage de 24.000 m3 \u00e0 Nouakchott est en cours de r\u00e9alisation. Par ailleurs, la r\u00e9habilitation des installations de Nouadhibou a \u00e9t\u00e9 r\u00e9alis\u00e9e pour une capacit\u00e9 de 50.000 m3 de gasoil. Concernant la transition \u00e9nerg\u00e9tique, plusieurs m\u00e9morandums et accords ont \u00e9t\u00e9 sign\u00e9s avec des op\u00e9rateurs mondiaux sp\u00e9cialis\u00e9s dans le d\u00e9veloppement de la production de l\u2019hydrog\u00e8ne.<\/p>\n<p>La strat\u00e9gie de d\u00e9veloppement du secteur minier, a \u00e9t\u00e9 finalis\u00e9e et la r\u00e9vision du code et l\u2019actualisation du Guide de l\u2019Investisseur Minier ainsi que l\u2019assainissement de la situation cadastrale seront achev\u00e9s cette ann\u00e9e. Une loi d\u2019orientation sur le contenu local des secteurs minier et gazier sera pr\u00e9par\u00e9e cette ann\u00e9e, dans le but d\u2019ins\u00e9rer ces secteurs dans le tissu \u00e9conomique national et optimiser leurs retomb\u00e9es \u00e9conomiques et sociales.<\/p>\n<p>La production mini\u00e8re a atteint cette ann\u00e9e 12,8 millions de tonnes en minerai de fer, 35 mille tonnes en minerai de cuivre et 34,4 tonnes d\u2019or dont 20 tonnes pour l\u2019activit\u00e9 d\u2019orpaillage. L\u2019activit\u00e9 artisanale mini\u00e8re a continu\u00e9 \u00e0 jouer un r\u00f4le important dans l\u2019extraction de l\u2019or et dans l\u2019absorption du ch\u00f4mage des jeunes. 52 mille emplois directs ont ainsi \u00e9t\u00e9 cr\u00e9\u00e9s ainsi que 200 mille emplois indirects. Une loi organisant cette activit\u00e9 et transformant la Soci\u00e9t\u00e9 Maaden en une Agence Nationale a \u00e9t\u00e9 promulgu\u00e9e. Un fonds de solidarit\u00e9 sociale au profit des orpailleurs et de leurs familles a \u00e9t\u00e9 mis en place pour un montant de 100 millions ouguiyas.<\/p>\n<p>Et pour assurer la transparence dans la gestion des revenus des industries extractives, l\u2019Initiative sur la transparence des industries extractives dans notre pays continue, dans le cadre de la mise en \u0153uvre des exigences de la Norme ITIE 2019, \u00e0 am\u00e9liorer la gouvernance du secteur \u00e0 travers : la publication r\u00e9guli\u00e8re des rapports ; l\u2019\u00e9laboration d\u2019un entrep\u00f4t des donn\u00e9es; la mise en \u0153uvre des recommandations des diff\u00e9rents rapports ; ainsi que la promotion du d\u00e9bat public sur ces questions au niveau de toutes les wilayas du pays.<\/p>\n<p>PR\u00c9SERVER ET VALORISER LA RESSOURCE DE P\u00caCHE<\/p>\n<p>Monsieur le Pr\u00e9sident, Mesdames et Messieurs les D\u00e9put\u00e9s,<\/p>\n<p>La p\u00eache vient en premi\u00e8re ligne en raison de sa contribution significative aux principaux indicateurs \u00e9conomiques du pays, de la valeur ajout\u00e9e qu\u2019elle cr\u00e9e et des opportunit\u00e9s d\u2019emploi qu\u2019elle offre. Ainsi, la d\u00e9claration de politique et de planification de la p\u00eache et de l\u2019\u00e9conomie maritime 2022-2024, adopt\u00e9e en 2022, permet de r\u00e9pondre aux d\u00e9fis et aux besoins de toutes les composantes. Dans le m\u00eame cadre, le plan d\u2019am\u00e9nagement de la p\u00eache p\u00e9lagique a \u00e9t\u00e9 approuv\u00e9 et mis en \u0153uvre, et le droit d\u2019acc\u00e8s r\u00e9vis\u00e9. L\u2019Institut Mauritanien de Recherche Oc\u00e9anographique et de la P\u00eache est renforc\u00e9 par l\u2019\u00e9quipement de son si\u00e8ge \u00e0 Nouakchott et le d\u00e9marrage de la construction de son si\u00e8ge central \u00e0 Nouadhibou.<\/p>\n<p>En mati\u00e8re de D\u00e9veloppement du portefeuille, les efforts ont \u00e9t\u00e9 ax\u00e9s sur la promotion de la valeur ajout\u00e9e, pour la cr\u00e9ation d\u2019emploi. Dans cet \u00e9lan de promotion, un projet \u00e0 capital 100% national a permis de cr\u00e9er une conserverie de sardines \u00e0 Nouadhibou. Un autre acteur de la conserverie verra le jour cette ann\u00e9e. La production annuelle estim\u00e9e de ces deux usines est de 300.000 bo\u00eetes. Au titre de l\u2019ann\u00e9e 2022, un total de 39 projets d\u2019entreprises ont \u00e9t\u00e9 agr\u00e9\u00e9s au r\u00e9gime de la zone franche pour une valeur de pr\u00e8s de 2,7 milliards d\u2019ouguiyas.<\/p>\n<p>Pour ce qui est du contr\u00f4le, la construction d\u2019un quai pour les navires de contr\u00f4le a \u00e9t\u00e9 poursuivie. Un syst\u00e8me \u00e9lectronique a \u00e9galement \u00e9t\u00e9 mis en place pour suivre les quantit\u00e9s captur\u00e9es \u00e0 bord de tous les navires de p\u00eache, ainsi la Garde-c\u00f4te a effectu\u00e9 2.568 inspections dans le cadre des patrouilles de contr\u00f4le et 1.796 navires et embarcations ont \u00e9t\u00e9 saisis en infraction.<\/p>\n<p>Dans le domaine de l\u2019exploitation et des infrastructures, la flotte nationale de p\u00eache a \u00e9t\u00e9 renforc\u00e9e par 38 navires fabriqu\u00e9s par le Chantier naval de Mauritanie, portant le nombre de navires fabriqu\u00e9s \u00e0 143 navires sur la p\u00e9riode 2019-2022. La fourniture des services de base n\u00e9cessaires pour assurer le d\u00e9barquement des captures dans les ports existants a \u00e9t\u00e9 renforc\u00e9e. Des efforts importants ont \u00e9t\u00e9 faits dans ce cadre pour am\u00e9nager le port de Tanit et le doter des \u00e9quipements n\u00e9cessaires pour son bon fonctionnement a permis de cr\u00e9er 5.200 emplois, soit 16 % de plus qu\u2019en 2021. La construction du p\u00f4le de d\u00e9veloppement int\u00e9gr\u00e9 \u00e0 \u00ab Lkoueichich\u00bb au Km 93 au sud de Nouakchott est en cours d\u2019ach\u00e8vement, et la construction d\u2019un point de d\u00e9barquement am\u00e9nag\u00e9 \u00e0 M\u2019heijrat a commenc\u00e9.<\/p>\n<p>Le volume des exportations s\u2019est \u00e9lev\u00e9 \u00e0 environ 655,7 mille tonnes, contre 628,7 mille tonnes pour l\u2019ann\u00e9e 2021, tandis que la valeur de ces exportations pour les deux m\u00eames p\u00e9riodes s\u2019\u00e9l\u00e8ve \u00e0 37,6 milliards ouguiyas en 2022 et 30,2 milliards ouguiyas pour l\u2019ann\u00e9e 2021.<\/p>\n<p>En 2022, l\u2019Office national d\u2019inspection sanitaire des produits de la p\u00eache a r\u00e9alis\u00e9 pr\u00e8s de 11 mille inspections \u00e0 Nouakchott et Nouadhibou, contre 10 mille inspections en 2021. A cet \u00e9gard, des travaux sont actuellement en cours pour achever la construction d\u2019un nouveau si\u00e8ge pour les services d\u2019inspection sanitaire \u00e0 Nouadhibou avec des laboratoires \u00e9quip\u00e9s.<\/p>\n<p>Dans le domaine de la marine marchande, et dans le souci de renforcer les capacit\u00e9s de l\u2019Autorit\u00e9 Maritime, une Agence Mauritanienne des Affaires Maritimes a \u00e9t\u00e9 cr\u00e9\u00e9e, afin d\u2019assurer l\u2019ex\u00e9cution des missions confi\u00e9es \u00e0 l\u2019Administration Maritime, surtout dans ces circonstances o\u00f9 les industries extractives p\u00e9troli\u00e8res et gazi\u00e8res se multiplient en mer. Aussi la cellule de s\u00e9curit\u00e9 maritime a \u00e9t\u00e9 activ\u00e9e.<\/p>\n<p>La p\u00eache continentale et la pisciculture continuent \u00e0 se d\u00e9velopper. Ainsi, la construction et l\u2019\u00e9quipement de trois centres de p\u00eache et de pisciculture continentales vient de commencer dans les mares de Mahmouda, Kankossa et Mal, ainsi que la construction d\u2019\u00e9tangs pour la ponte des poissons \u00e0 Mahmouda et Foum Legleita. Et afin de renforcer ces efforts, une Agence pour le d\u00e9veloppement de la p\u00eache et de la pisciculture dans les eaux continentales a \u00e9t\u00e9 cr\u00e9\u00e9e. Elle est charg\u00e9e, entre autres, de d\u00e9velopper tous les plans d\u2019eau pour la p\u00eache continentale et les fermes piscicoles.<\/p>\n<p>D\u2019autre part, les efforts de transparence et de bonne gouvernance du secteur se poursuivent. En effet, notre pays fait partie des rares pays du sud \u00e0 soumettre les revenus des produits de la p\u00eache aux normes de l\u2019Initiative Internationale pour la Transparence dans le secteur de la p\u00eache.<\/p>\n<p>ATTEINDRE LA SOUVERAINET\u00c9 ALIMENTAIRE<\/p>\n<p>Monsieur le Pr\u00e9sident, Mesdames et Messieurs les D\u00e9put\u00e9s,<\/p>\n<p>L\u2019autosuffisance alimentaire reste un d\u00e9fi strat\u00e9gique pour le pays que le Gouvernement s\u2019engage \u00e0 relever. Tous nos efforts au cours de l\u2019ann\u00e9e \u00e9coul\u00e9e ont \u00e9t\u00e9 orient\u00e9s vers cet objectif, \u00e0 commencer par la gouvernance du secteur, sa r\u00e9organisation et la r\u00e9forme de ses principales structures op\u00e9rationnelles notamment la SONADER et la SNAAT. En 2023 nous continuerons \u00e0 am\u00e9liorer la couverture de nos besoins en produits agricoles. Pour cela, des efforts seront entrepris pour promouvoir l\u2019agriculture en zone pluviale, par l\u2019exploitation optimale des ressources en eau de surface. Dans ce cadre, la priorit\u00e9 sera accord\u00e9e \u00e0 la construction, la r\u00e9habilitation et l\u2019entretien des barrages et des ouvrages de r\u00e9gulation des eaux, \u00e0 la m\u00e9canisation agricole et \u00e0 l\u2019introduction des semences de qualit\u00e9.<\/p>\n<p>La diversification, qualitative et quantitative, de notre production agricole figurait aussi parmi nos priorit\u00e9s. Ainsi, en mati\u00e8re d\u2019irrigu\u00e9, i) des am\u00e9nagements hydroagricoles, ont \u00e9t\u00e9 achev\u00e9s sur 3.250 ha, 3.050 Ha \u00e0 Mpouri\u00e9 au Trarza et 200 Ha au Brakna et se poursuivent sur 4.672 autres, 3500 Ha \u00e0 R\u2019Kiz et 637 ha \u00e0 Mbakh Djeuk \u00e0 l\u2019ouest de Rosso et 535 ha au Brakna ii) les travaux de d\u00e9senclavement des zones de production sont engag\u00e9s sur 130 km de pistes dont 40 km r\u00e9alis\u00e9s au Trarza et au Brakna Ouest. Cette ann\u00e9e, il est programm\u00e9 (i) l\u2019am\u00e9nagement et la r\u00e9habilitation, au niveau des wilayas du Traza, du Brakna, du Gorgol et de Guidimagha, d\u2019un total de 7907 ha, (ii) la poursuite du programme d\u2019\u00e9lectrification des zones de production, au Trarza et au Brakna sur les 250 km, et (iii) la r\u00e9alisation de 280 km de pistes de d\u00e9senclavement au Brakna et au Trarza. La fili\u00e8re rizicole b\u00e9n\u00e9ficiera d\u2019efforts sp\u00e9cifiques pour am\u00e9liorer sa comp\u00e9titivit\u00e9.<\/p>\n<p>Une attention particuli\u00e8re a \u00e9t\u00e9 accord\u00e9e \u00e0 l\u2019agriculture pluviale, qui s\u2019est manifest\u00e9e par le lancement de la campagne agricole 2022 \u2013 2023 par SEM le Pr\u00e9sident de la Republique le 21 juillet 2022 depuis le barrage de Legrayer, \u00e0 Tamchekett. En termes de r\u00e9alisations, 30 barrages ont \u00e9t\u00e9 construits et 19 autres sont en cours, 934 ouvrages de retenue d\u2019eaux sont construits dans les deux Hodhs, de l\u2019Assaba, du Tagant et de l\u2019Adrar, 730 tonnes de semences traditionnelles distribu\u00e9es ainsi que 1200 charrues \u00e0 traction animale et 60 motoculteurs. Dans le m\u00eame temps, 1294 de km de grillages et de barbel\u00e9s pour la protection des cultures en syst\u00e8me pluvial ont \u00e9t\u00e9 install\u00e9s. L\u2019agriculture pluviale b\u00e9n\u00e9ficiera cette ann\u00e9e de la r\u00e9alisation de 37 barrages et 2.411 ouvrages de r\u00e9gulation des eaux, de l\u2019acquisition de 25 tracteurs et accessoires, de 1.250 faucheuses manuelles et 70 motoculteurs ainsi que la distribution de 2.240 km de grillage pour la protection des cultures. Ces activit\u00e9s b\u00e9n\u00e9ficieront aux wilayas de l\u2019Adrar, duTagant, de l\u2019Assaba et des deux Hodhs. Il sera aussi proc\u00e9d\u00e9 \u00e0 la mobilisation de financement pour le lancement des travaux sur 5 grands barrages, au Hodh El Gharbi, en Assaba, au Guidimagha, Gorgol et Adrar dont les \u00e9tudes ont \u00e9t\u00e9 finalis\u00e9es en 2022.<\/p>\n<p>Dans le but d\u2019acc\u00e9l\u00e9rer le d\u00e9veloppement des cultures maraich\u00e8res, 100 ha ont \u00e9t\u00e9 am\u00e9nag\u00e9s et les travaux sont en cours sur autres 500 ha. 807 tonnes d\u2019intrants agricoles et 20.000 unit\u00e9s de mat\u00e9riel horticole et 97 km de grillage ont \u00e9t\u00e9 distribu\u00e9s. Aussi, il est programm\u00e9 l\u2019am\u00e9nagement de 1.035 ha de p\u00e9rim\u00e8tres maraichers au profit des coop\u00e9ratives villageoises f\u00e9minines, la distribution de 810 tonnes de semences maraich\u00e8res et de 20.860 unit\u00e9s de mat\u00e9riel horticole ainsi que 55 km de grillage.<\/p>\n<p>Le syst\u00e8me oasien a b\u00e9n\u00e9fici\u00e9 de la r\u00e9alisation de 94 forages \u00e9quip\u00e9s, l\u2019am\u00e9nagement de 378 ha de nouvelles palmeraies, la r\u00e9alisation de 2 seuils, la mise en place de 72 km de grillage et 66 ch\u00e2teaux d\u2019eau ainsi que l\u2019\u00e9quipement de 305 puits pour l\u2019irrigation dans les wilayas de l\u2019Adrar, du Tagant, de l\u2019Assaba et des deux Hodhs. Il est pr\u00e9vu cette ann\u00e9e, en Adrar, Tagant, Assaba, et deux Hodhs, l\u2019am\u00e9nagement d\u2019une superficie de 750 ha, la construction de 54 ch\u00e2teaux d\u2019eau ainsi que la r\u00e9alisation et l\u2019\u00e9quipement de 238 forages et des r\u00e9seaux d\u2019irrigation pour 100 ha et l\u2019installation de 20 km de cl\u00f4ture de grillage.<\/p>\n<p>Dans le domaine du d\u00e9veloppement de la culture du bl\u00e9, des efforts importants ont \u00e9t\u00e9 engag\u00e9s et 130 tonnes de semences de bl\u00e9 ont \u00e9t\u00e9 distribu\u00e9es cette ann\u00e9e. Un programme ambitieux de d\u00e9veloppement des cultures fourrag\u00e8res sera lanc\u00e9 en 2023.<\/p>\n<p>L\u2019ensemble de ces efforts nous ont permis, en 2022, d\u2019arriver \u00e0 un niveau de production couvrant 89 % de nos besoins en riz contre 82% en 2019, et 35 % en c\u00e9r\u00e9ales traditionnelles contre 32 en 2019. L\u2019appui aux agriculteurs se poursuivra avec l\u2019acquisition et la mise \u00e0 disposition d\u2019intrants agricoles subventionn\u00e9s.<\/p>\n<p>Pour promouvoir la gestion durable du secteur, le Gouvernement a consacr\u00e9 d\u2019importants moyens en 2022 qui ont permis au Brakna et au Trarza, l\u2019entretien de 36 km d\u2019axes hydrauliques au moment o\u00f9 127 km sont en cours de r\u00e9alisation ainsi que l\u2019organisation de larges campagnes d\u2019inspection et de contr\u00f4le phytosanitaire. Dans le m\u00eame but, une r\u00e9forme fonci\u00e8re juste et \u00e9quitable sera amorc\u00e9e cette ann\u00e9e.<\/p>\n<p>En Mati\u00e8re de disponibilit\u00e9 des services agricoles, de formation et d\u2019encadrement, plusieurs programmes ont \u00e9t\u00e9 ex\u00e9cut\u00e9s. Dans ce m\u00eame cadre, les activit\u00e9s de distribution de semences, d\u2019encadrement et d\u2019accompagnement des producteurs et des promoteurs priv\u00e9s et des organisations socioprofessionnelles seront poursuivies en 2023, pour la r\u00e9alisation de projets d\u2019envergures de d\u00e9veloppement des fili\u00e8res strat\u00e9giques. La refonte de la fili\u00e8re semenci\u00e8re sera op\u00e9r\u00e9e ainsi que la mise en place d\u2019un dispositif de conseil agricole. Enfin, le Gouvernement entamera le processus de mise en place d\u2019un syst\u00e8me de financement et d\u2019assurance agricole.<\/p>\n<p>INTENSIFIER ET RENTABILISER L\u2019\u00c9LEVAGE<\/p>\n<p>Monsieur le Pr\u00e9sident, Mesdames et Messieurs les D\u00e9put\u00e9s,<\/p>\n<p>L\u2019\u00e9levage autre secteur productif, b\u00e9n\u00e9ficie, dans le cadre du Programme du Pr\u00e9sident de la R\u00e9publique, d\u2019une importance particuli\u00e8re c\u2019est ainsi qu\u2019en 2022, le processus de modernisation et d\u2019organisation de ce secteur s\u2019est poursuivi sur quatre axes strat\u00e9giques de la gouvernance, du d\u00e9veloppement des fili\u00e8res, d\u2019acc\u00e8s \u00e0 l\u2019eau et de la sant\u00e9 animale.<\/p>\n<p>En ce qui concerne la gouvernance du secteur, le Gouvernement a mis en place un nouveau cadre institutionnel, et a instaur\u00e9 un m\u00e9canisme de financement et de valorisation des produits de l\u2019\u00e9levage par la cr\u00e9ation du Fonds de Promotion de D\u00e9veloppement de l\u2019\u00c9levage. La restructuration de l\u2019Office National de Recherche et de D\u00e9veloppement de l\u2019\u00c9levage et du Pastoralisme et de la Soci\u00e9t\u00e9 Mauritanienne des Produits Laitiers a \u00e9t\u00e9 lanc\u00e9e.<\/p>\n<p>Concernant le d\u00e9veloppement des fili\u00e8res animales intensives, le Gouvernement a lanc\u00e9 de multiples projets d\u2019am\u00e9lioration de la productivit\u00e9 et de valorisation de la production. On peut citer \u00e0 ce titre la mise en place de cinq fermes d\u2019am\u00e9lioration g\u00e9n\u00e9tique dont une achev\u00e9e \u00e0 Timbedra ; d\u2019un centre de d\u00e9veloppement des techniques d\u2019\u00e9levage des petits ruminants \u00e0 Dar El Barka ; la construction en cours de trois d\u00e9p\u00f4ts de collecte des peaux brutes \u00e0 Nouakchott, Kiffa et Ka\u00e9di ; et l\u2019organisation de la campagne d\u2019ins\u00e9mination artificielle.<\/p>\n<p>Ces efforts seront poursuivis et approfondis, au cours de cette ann\u00e9e, qui verra la mise en place de trois laboratoires pour le contr\u00f4le de la qualit\u00e9 du lait \u00e0 N\u00e9ma, Bogh\u00e9 et Rosso, et un laboratoire mobile pour la surveillance \u00e9pid\u00e9miologique.<\/p>\n<p>En termes d\u2019acc\u00e8s \u00e0 l\u2019eau dans les zones pastorales, 45 stations pastorales sont en construction, notamment dans les zones les plus arides du pays, et 13 forages sont d\u00e9j\u00e0 en place dans les wilayas des deux Hodhs. Le Gouvernement poursuivra la mise en place du programme d\u2019hydraulique pastorale par l\u2019ach\u00e8vement et l\u2019\u00e9quipement des stations pastorales en cours de r\u00e9alisation, et la mise en place de 33 autres. Dans le m\u00eame temps, les sch\u00e9mas d\u2019am\u00e9nagement pastoral, en cours de r\u00e9alisation pour les wilayas des deux Hodh, de l\u2019Assaba, l\u2019Adrar, le Tagant, l\u2019Inchiri et le Tiris6Zemour, seront achev\u00e9s.<\/p>\n<p>En mati\u00e8re de sant\u00e9 animale et de sant\u00e9 publique v\u00e9t\u00e9rinaire, les efforts entrepris derni\u00e8rement se sont poursuivis de mani\u00e8re significative, \u00e0 travers la r\u00e9alisation de campagnes de vaccination qui ont touch\u00e9 2,2 millions de bovins et 3,8 millions d\u2019ovins et de caprins. Ces campagnes ont \u00e9t\u00e9 facilit\u00e9es par la construction de 25 parcs de vaccination dans les wilayas de l\u2019Assaba, Gorgol, Brakna, Trarza et Guidimagha ; par le renforcement de la surveillance et inspection des points de vente des m\u00e9dicaments v\u00e9t\u00e9rinaires ; et par le contr\u00f4le aux fronti\u00e8res des mouvements d\u2019animaux et produits d\u2019origine animale. Cette ann\u00e9e, la construction de deux abattoirs r\u00e9gionaux \u00e0 Ka\u00e9di et \u00e0 Kiffa est \u00e9galement pr\u00e9vue, en vue d\u2019am\u00e9liorer les conditions sanitaires et de salubrit\u00e9 des structures d\u2019abattage. 33 parcs de vaccination seront construits dans les wilayas des deux Hodhs, et 14 postes v\u00e9t\u00e9rinaires seront r\u00e9habilit\u00e9s.<\/p>\n<p>ASSURER LA QUALIT\u00c9 DE L\u2019APPROVISIONNEMENT DES MARCHES<\/p>\n<p>Monsieur le Pr\u00e9sident, Mesdames et Messieurs les D\u00e9put\u00e9s,<\/p>\n<p>Le commerce, l\u2019industrie, l\u2019artisanat et le tourisme sont des domaines auxquels le Gouvernement entend donner une nouvelle impulsion, \u00e0 travers l\u2019adoption d\u2019une politique \u00e9conomique incitatrice et g\u00e9n\u00e9ratrice de croissance. L\u2019ann\u00e9e 2022 a enregistr\u00e9 (i) l\u2019\u00e9laboration de l\u2019\u00c9tude pour la mise en place du guichet unique pour le commerce ext\u00e9rieur (ii) la conduite de plus de 37.000 op\u00e9rations de contr\u00f4le des lieux de vente des produits alimentaires ; 3735 \u00e9tablissements ont \u00e9t\u00e9 ferm\u00e9s suite \u00e0 ces contr\u00f4les et 794 tonnes de produits p\u00e9rim\u00e9s saisis.<\/p>\n<p>Bien que le march\u00e9 soit enti\u00e8rement lib\u00e9ralis\u00e9, la concurrence ne s\u2019est pas encore totalement install\u00e9e dans notre pays. Pour faire face \u00e0 ce probl\u00e8me d\u2019ordre structurel, le secteur du commerce sera r\u00e9organis\u00e9 et modernis\u00e9 de mani\u00e8re \u00e0 mettre en place un syst\u00e8me efficace d\u2019approvisionnement en produits de grande consommation. Cela se fera \u00e0 travers l\u2019adoption de la loi sur la concurrence, et la mise en place d\u2019une v\u00e9ritable politique de protection des consommateurs.<\/p>\n<p>Pour pr\u00e9server la sant\u00e9 des consommateurs, une Agence pour la s\u00e9curit\u00e9 sanitaire des aliments a \u00e9t\u00e9 cr\u00e9\u00e9e et un programme de v\u00e9rification de la conformit\u00e9 des produits import\u00e9s est en cours de mise en place. Par ailleurs, plusieurs textes d\u2019application de la loi sur la protection des consommateurs seront adopt\u00e9s cette ann\u00e9e.<\/p>\n<p>Sur le plan du commerce ext\u00e9rieur, la politique d\u2019int\u00e9gration r\u00e9gionale de notre pays sera concr\u00e9tis\u00e9e \u00e0 travers la mise en \u0153uvre et le suivi de l\u2019accord de la Zone de libre-\u00e9change continentale africaine pour nous permettre de mieux tirer profit d\u2019un march\u00e9 \u00e9largi des biens, des services et des investissements. L\u2019accord d\u2019association avec la communaut\u00e9 \u00e9conomique des \u00e9tats d\u2019Afrique de l\u2019Ouest est sign\u00e9 et la mise en \u0153uvre est pr\u00e9vue cette ann\u00e9e.<\/p>\n<p>La crise multidimensionnelle que connait le monde nous a montr\u00e9 l\u2019importance que doit jouer le secteur de l\u2019industrie dans l\u2019ind\u00e9pendance alimentaire et nutritionnelle de notre pays. C\u2019est dans ce cadre que la strat\u00e9gie de d\u00e9veloppement industriel a \u00e9t\u00e9 finalis\u00e9e afin d\u2019assurer l\u2019autosuffisance nationale en produits industriels de premi\u00e8re n\u00e9cessit\u00e9.<\/p>\n<p>La reprise r\u00e9cente du tourisme, apr\u00e8s son arr\u00eat brutal, est accompagn\u00e9e par le Gouvernement, et devra permettre de relancer ce secteur lourdement p\u00e9nalis\u00e9 ces derni\u00e8res ann\u00e9es par la pand\u00e9mie et la crise \u00e9conomique mondiale. L\u2019ann\u00e9e \u00e9coul\u00e9e a enregistr\u00e9 l\u2019arriv\u00e9e par vol organis\u00e9 de 4.700 touristes, alors que les tourismes d\u2019affaires et religieux ont totalis\u00e9s plus de 42.000. Conform\u00e9ment \u00e0 la strat\u00e9gie nationale du d\u00e9veloppement du tourisme, la priorit\u00e9 sera donn\u00e9e \u00e0 la diversification et \u00e0 la promotion de l\u2019offre touristique sur toute l\u2019\u00e9tendue du territoire national, en cr\u00e9ant des synergies entre les diff\u00e9rents produits.<\/p>\n<p>L\u2019artisanat, par le nombre de personnes qui vivent de l\u2019exercice des diff\u00e9rents corps de m\u00e9tiers qu\u2019il couvre et par le potentiel \u00e9conomique qu\u2019il renferme, joue un r\u00f4le tangible dans la dynamique du d\u00e9veloppement local et national, c\u2019est \u00e0 ce titre que le grand village artisanal de Nouakchott dont les travaux sont en cours, a \u00e9t\u00e9 con\u00e7u. Des actions cibl\u00e9es, d\u2019appui direct aux op\u00e9rateurs locaux seront lanc\u00e9es cette ann\u00e9e.<\/p>\n<p>UN AM\u00c9NAGEMENT DU TERRITOIRE RESPONSABLE<\/p>\n<p>Monsieur le Pr\u00e9sident, Mesdames et Messieurs les D\u00e9put\u00e9s,<\/p>\n<p>L\u2019objectif dans le domaine de l\u2019am\u00e9nagement du territoire et de l\u2019urbanisme est d\u2019assurer un d\u00e9veloppement \u00e9quilibr\u00e9 des territoires et de nos centres urbains, en vue d\u2019offrir \u00e0 nos populations des habitats d\u00e9cents et des services de qualit\u00e9.<\/p>\n<p>Dans le domaine de l\u2019am\u00e9nagement du territoire, le r\u00e9seau g\u00e9od\u00e9sique a \u00e9t\u00e9 renforc\u00e9 et des r\u00e9pertoires toponymiques ont \u00e9t\u00e9 \u00e9labor\u00e9s pour la ville de Nouakchott et les wilayas du Brakna, Gorgol et Guidimagha. L\u2019ann\u00e9e 2023 verra la pr\u00e9paration d\u2019un document de politique nationale d\u2019am\u00e9nagement du territoire, la finalisation de la Strat\u00e9gie d\u2019encadrement de la s\u00e9dentarisation et l\u2019\u00e9laboration de guides m\u00e9thodologiques et outils en mati\u00e8re d\u2019am\u00e9nagement du territoire. Un effort particulier sera r\u00e9serv\u00e9 \u00e0 la r\u00e9alisation de supports cartographiques de base, des cartes th\u00e9matiques ainsi que l\u2019\u00e9tablissement de plans cadastraux. En termes de regroupement des localit\u00e9s, les travaux de construction des \u00e9quipements publics du regroupement de Boughle, \u00e0 proximit\u00e9 d\u2019Adel Bagrou, se sont poursuivis. Des \u00e9tudes pr\u00e9liminaires seront engag\u00e9es pour d\u2019autres regroupements : Ematt Leekarich pr\u00e8s de N\u00e9ma, Selliwe \u00e0 cot\u00e9 de M\u2019Bout, Essalam non loin d\u2019Atar, et Jrekya pr\u00e8s de Bark\u00e9ol.<\/p>\n<p>Dans le domaine de l\u2019urbanisme, les objectifs poursuivis visent le fa\u00e7onnement de villes productives qui offrent toutes les fonctionnalit\u00e9s aux citadins, et garantissent des possibilit\u00e9s d\u2019insertion professionnelle aux jeunes et aux femmes dans des environnements agr\u00e9ables et s\u00e9curis\u00e9s. Au cours de l\u2019ann\u00e9e \u00e9coul\u00e9e, les efforts du Gouvernement ont port\u00e9 sur l\u2019\u00e9laboration de plans de lotissements qui serviront de r\u00e9f\u00e9rence \u00e0 la croissance de nos agglom\u00e9rations. A ce titre de nombreux plans de lotissements ont \u00e9t\u00e9 finalis\u00e9s et approuv\u00e9s, particuli\u00e8rement dans plusieurs secteurs de la ville de Nouakchott, notamment \u00e0 Teyaret, pour mettre fin aux litiges caus\u00e9s par les double-emploi dans cette partie de la capitale. Les Plans Locaux d\u2019Urbanisme \u2013 PLU \u2013 des huit autres moughataas de Nouakchott seront r\u00e9alis\u00e9s cette ann\u00e9e.<\/p>\n<p>Les villes et localit\u00e9s suivantes sont d\u00e9sormais couvertes par des plans de lotissement. Il s\u2019agit de : Aioun, Timbedra, Djiguenni, Tamcheket, Lekseiba I, R\u2019kiz, Kondi et Tekane. Une strat\u00e9gie immobili\u00e8re a \u00e9t\u00e9 instaur\u00e9e et la s\u00e9curisation physique et num\u00e9rique du foncier engag\u00e9e. L\u2019ann\u00e9e 2023 verra la poursuite de ce travail pour les villes d\u2019Atar, N\u00e9ma, Ka\u00e9di, Kiffa, Rosso, Tidjikja et S\u00e9libaby, avec comme objectif de couvrir l\u2019ensemble des capitales r\u00e9gionales de sch\u00e9mas directeurs d\u2019urbanisme \u00e0 l\u2019horizon 2025.<\/p>\n<p>En mati\u00e8re de restructuration urbaine, l\u2019objectif vis\u00e9 est l\u2019\u00e9radication du ph\u00e9nom\u00e8ne d\u2019occupation ill\u00e9gale des terrains et l\u2019am\u00e9lioration des conditions de vie dans les quartiers p\u00e9riph\u00e9riques. Ainsi, 1970 m\u00e9nages qui occupaient les espaces publics \u00e0 Tevragh Zeina et au Ksar et issus du quartier du Wharf, ont \u00e9t\u00e9 r\u00e9install\u00e9s dans des zones am\u00e9nag\u00e9es et \u00e9quip\u00e9es des services de base \u00e0 El Mina, Riadh et Toujounine. De m\u00eame, dans le cadre de la r\u00e9solution d\u00e9finitive des probl\u00e8mes li\u00e9s aux quartiers pr\u00e9caires de Nouakchott, et l\u2019accueil des m\u00e9nages n\u00e9cessiteux occupant des poches r\u00e9siduelles, le Gouvernement a lanc\u00e9 les travaux d\u2019appr\u00eatement de 450 hectares suppl\u00e9mentaires au secteur 22 de Toujounine. L\u2019ach\u00e8vement des travaux mettra \u00e0 disposition environ 13.500 lots viabilis\u00e9s.<\/p>\n<p>Par ailleurs, au cours de l\u2019ann\u00e9e 2022, 14.000 dossiers de litiges ont \u00e9t\u00e9 trait\u00e9s et les documents de propri\u00e9t\u00e9 de 35.000 familles ont \u00e9t\u00e9 corrig\u00e9s. Dans le but de finaliser le processus d\u2019acc\u00e8s \u00e0 la propri\u00e9t\u00e9 fonci\u00e8re, les dossiers relatifs \u00e0 16.000 m\u00e9nages d\u2019El Mina auront bient\u00f4t leurs titres d\u00e9finitifs de propri\u00e9t\u00e9.<\/p>\n<p>CREER L\u2019OPPORTUNITE D\u2019UN EMPLOI DECENT POUR TOUS<\/p>\n<p>Offrir un emploi d\u00e9cent aux jeunes est un objectif vers lequel toutes les politiques publiques sont orient\u00e9es, conform\u00e9ment aux priorit\u00e9s du Pr\u00e9sident de la R\u00e9publique, c\u2019est pourquoi une restructuration profonde des services d\u2019emploi a \u00e9t\u00e9 entam\u00e9e, avec une strat\u00e9gie nationale de l\u2019Emploi et sa d\u00e9clinaison en plans d\u2019actions op\u00e9rationnels et la cr\u00e9ation et l\u2019op\u00e9rationnalisation du Fonds National de l\u2019Emploi.<\/p>\n<p>Ainsi, en 2022, les efforts ont \u00e9t\u00e9 ax\u00e9s essentiellement sur la mise en \u0153uvre des programmes sp\u00e9cifiques d\u2019emploi et d\u2019auto-emploi ; ce qui a permis le financement de 1.500 nouveaux projets, et la cr\u00e9ation de pr\u00e8s de 5.000 emplois, dont 300 emplois dans les zones de pr\u00e9carit\u00e9 du triangle de l\u2019espoir. Des campagnes de sensibilisation ont \u00e9t\u00e9 organis\u00e9es, au niveau national, sur les m\u00e9tiers porteurs, et sur la valorisation de la formation professionnelle. Les \u00ab Guichets Emploi \u00bb ouverts dans chaque wilaya et l\u2019appui \u00e0 l\u2019entreprenariat ont permis la formation de 490 petites et moyennes entreprises r\u00e9parties dans toutes les r\u00e9gions.<\/p>\n<p>En compl\u00e9ment de ces efforts, des accords ont \u00e9t\u00e9 sign\u00e9s avec des partenaires \u00e9trangers et nationaux et se sont traduits par la signature d\u2019une Convention-Emploi pour l\u2019accompagnement \u00e0 l\u2019entreprenariat au profit de 2.000 femmes et jeunes des Wilayas de l\u2019Assaba et du Guidimagha ; et d\u2019une autre convention avec l\u2019Union Nationale du Patronat Mauritanien, a permis de cr\u00e9er 2.000 emplois dans le domaine du transport, de la boulangerie et de l\u2019h\u00f4tellerie. Les efforts vont se concentrer cette ann\u00e9e sur la redynamisation de l\u2019observatoire de l\u2019emploi, l\u2019encadrement et l\u2019orientation de 80.000 primo demandeurs d\u2019emploi, et l\u2019am\u00e9lioration de l\u2019employabilit\u00e9 de 28.000 jeunes. Par ailleurs, la restructuration de la coordination des Projets Emploi aura lieu cette ann\u00e9e, ainsi que la mise en place op\u00e9rationnelle par les op\u00e9rateurs financiers de 2.000 Petites et Moyennes Entreprises-Activit\u00e9s G\u00e9n\u00e9ratrices de Revenus.<\/p>\n<p>En outre, les recrutements au sein de la fonction publique, en dehors des forces de d\u00e9fense et de la s\u00e9curit\u00e9, ont atteint 5.181 fonctionnaires en 2022, notamment dans les secteurs de l\u2019\u00e9ducation, de la sant\u00e9 et de la formation professionnelle.<\/p>\n<p>En mati\u00e8re de r\u00e9formes et pour orienter la formation vers la demande, le Gouvernement poursuivra l\u2019augmentation du nombre de centres et d\u2019\u00e9coles de formation, l\u2019\u00e9quipement de ces centres et \u00e9coles, la diversification des domaines de formation et la formation continue des formateurs, pour mieux adapter celle-ci \u00e0 la demande du march\u00e9 du travail.<\/p>\n<p>LA QUESTION ENVIRONNEMENTALE AU C\u0152UR DES POLITIQUES PUBLIQUES<\/p>\n<p>Monsieur le Pr\u00e9sident, Mesdames et Messieurs les D\u00e9put\u00e9s,<\/p>\n<p>L\u2019exploitation rationnelle de nos ressources naturelles sans mettre en danger leur p\u00e9rennit\u00e9 est le sens de l\u2019engagement du Pr\u00e9sident de la r\u00e9publique dans le domaine environnemental. En ce sens, le Gouvernement a d\u00e9ploy\u00e9 des efforts consid\u00e9rables au cours de l\u2019ann\u00e9e \u00e9coul\u00e9e pour la poursuite des r\u00e9formes structurantes de bonne gouvernance environnementale, particuli\u00e8rement par l\u2019approbation de la loi sur la bios\u00e9curit\u00e9, l\u2019adoption des textes d\u2019application de la loi relative \u00e0 la chasse et \u00e0 la gestion de la faune et l\u2019op\u00e9rationnalisation de la police environnementale.<\/p>\n<p>Sur le plan op\u00e9rationnel, Il a \u00e9t\u00e9 proc\u00e9d\u00e9 \u00e0 la restauration de 5.000 ha de terres d\u00e9grad\u00e9es et la cr\u00e9ation de 27 fermes agricoles int\u00e9gr\u00e9es, au b\u00e9n\u00e9fice d\u2019environ 3000 femmes dans les wilayas du Hodh Chargui, Hodh ElGarbi, de l\u2019Assaba, du Tagant, du Brakna et du Trarza. Aussi, la restauration des \u00e9cosyst\u00e8mes d\u00e9grad\u00e9s et de la biodiversit\u00e9 \u00e0 travers (i) la r\u00e9alisation de 10.000 km de pare-feu et (ii) le reboisement de 3000 ha ; en plus de l\u2019ensemencement a\u00e9rien sur 21.500 ha des terres d\u00e9grad\u00e9es au niveau national.<\/p>\n<p>Un programme d\u2019\u00e9ducation environnementale dit \u00ab \u00c9cole verte \u00bb a \u00e9t\u00e9 d\u00e9ploy\u00e9 au profit d\u2019une dizaine d\u2019enseignants et de centaines d\u2019\u00e9l\u00e8ves, sans oublier des op\u00e9rations de sensibilisation environnementale sur plusieurs th\u00e9matiques au profit de fonctionnaires, journalistes, \u00e9l\u00e8ves et orpailleurs. Le plan annuel de contr\u00f4le environnemental a \u00e9t\u00e9 mis en \u0153uvre \u00e0 travers le contr\u00f4le de 378 entit\u00e9s essentiellement dans le domaine minier et industriel, dont 22 ont \u00e9t\u00e9 mises en conformit\u00e9.<\/p>\n<p>OFFRIR L\u2019OPPORTUNIT\u00c9 D\u2019UN HABITAT D\u00c9CENT ET DES SERVICES URBAINS DE QUALIT\u00c9<\/p>\n<p>Les infrastructures, notamment celles des b\u00e2timents et travaux publics, hydrauliques, \u00e9lectriques et num\u00e9riques sont les v\u00e9ritables supports de la croissance.<\/p>\n<p>En mati\u00e8re d\u2019habitat, les objectifs poursuivis visent \u00e0 offrir \u00e0 nos populations des habitats d\u00e9cents et des services urbains de qualit\u00e9. A cet effet, la nouvelle loi portant promotion immobili\u00e8re et le d\u00e9cret fixant les principales orientations en mati\u00e8re d\u2019architecture mauritanienne, ont \u00e9t\u00e9 adopt\u00e9e.<\/p>\n<p>Le programme d\u2019habitat social \u00ab DARI \u00bb produira, d\u2019ici la fin de l\u2019ann\u00e9e, 1.932 logements r\u00e9partis entre dix capitales r\u00e9gionales. A terme, ce programme va rendre disponible 10.000 logements sociaux qui permettront \u00e0 autant de familles d\u2019acc\u00e9der \u00e0 un habitat d\u00e9cent. Cette ann\u00e9e verra \u00e9galement se concr\u00e9tiser (i) l\u2019adoption de la strat\u00e9gie nationale de l\u2019Habitat (ii) l\u2019op\u00e9rationnalisation du fond de l\u2019Habitat et (iii) le lancement d\u2019un programme immobilier de 6.048 logements sociaux sous forme d\u2019unit\u00e9s de voisinage dans des immeubles collectifs RDC+2 au niveau des villes de Nouakchott, Nouadhibou et Zouerate.<\/p>\n<p>Dans le domaine des b\u00e2timents publics, l\u2019objectif recherch\u00e9 est l\u2019am\u00e9lioration des conditions de travail des agents de l\u2019\u00c9tat, ainsi que celles de l\u2019accueil des citoyens.. Cette ann\u00e9e verra l\u2019effort de construction des b\u00e2timents publics s\u2019intensifier avec (i) la poursuite des travaux de construction de l\u2019\u00c9cole Nationale d\u2019Administration, de la Magistrature et du Journalisme, et la r\u00e9habilitation de l\u2019ancien immeuble du Gouvernement ; (ii) la construction \u00e0 Nouakchott de 02 complexes minist\u00e9riels; (iii) la construction des si\u00e8ges du Conseil \u00c9conomique et Social, du Conseil sup\u00e9rieur de la Fatwa et des recours, de la Haute Autorit\u00e9 de la Presse et de l\u2019Audiovisuel, et le si\u00e8ge de la Protection civile.<\/p>\n<p>G\u00c9N\u00c9RALISER L\u2019ACC\u00c8S A L\u2019\u00c9NERGIE A DES PRIX ACCESSIBLES POUR TOUS<\/p>\n<p>Au niveau de l\u2019acc\u00e8s \u00e0 l\u2019\u00e9nergie, l\u2019action du Gouvernement a port\u00e9 en priorit\u00e9 sur l\u2019am\u00e9lioration de l\u2019acc\u00e8s des citoyens \u00e0 l\u2019\u00e9lectricit\u00e9. La pr\u00e9paration des r\u00e9formes structurelles devant conduire \u00e0 la s\u00e9paration des activit\u00e9s de production et de transport de l\u2019\u00e9lectricit\u00e9, d\u2019un c\u00f4t\u00e9, et celles de la distribution de l\u2019autre, a \u00e9t\u00e9 finalis\u00e9e. C\u2019est ainsi que le nouveau code d\u2019\u00e9lectricit\u00e9 et le d\u00e9cret portant la r\u00e9partition de la soci\u00e9t\u00e9 nationale en quatre entit\u00e9s ont \u00e9t\u00e9 adopt\u00e9s.<\/p>\n<p>Au plan des infrastructures, des r\u00e9alisations importantes ont \u00e9t\u00e9 enregistr\u00e9es au cours de l\u2019ann\u00e9e \u00e9coul\u00e9e, notamment : (i) la mise en service effective de la Centrale hydro-\u00e9lectrique de Gouina au Mali, et (ii) le renforcement des programmes d\u2019\u00e9lectrification et d\u2019extension des r\u00e9seaux \u00e0 travers tout le pays. Le taux global d\u2019acc\u00e8s \u00e0 l\u2019\u00e9lectricit\u00e9 est de pass\u00e9 de 45,8% en 2019 \u00e0 54,6% en fin 2022 avec l\u2019\u00e9lectrification rurale de la zone d\u2019Aftout El Chergui ; L\u2019avancement \u00e0 75% de l\u2019\u00e9lectrification de 214 localit\u00e9s impactant plus de 410.000 habitants dans les wilayas du Hodh Gharbi, Hodh Chargui, Assaba, Gorgol, Brakna et Trarza ; le renforcement des Infrastructures \u00c9lectriques des villes de l\u2019int\u00e9rieur du pays Projet 50 Moughata et \u00e9quipement des centrales de Tidjikdja, Aioun, Kiffa et Akjoujt avec des Groupes de 1500 KW ; en plus de l\u2019extension et la densification des r\u00e9seaux \u00e9lectriques de Nouakchott.<\/p>\n<p>Par ailleurs, l\u2019inter-connectivit\u00e9 sera consid\u00e9rablement \u00e9largie, avec le d\u00e9marrage du renforcement des lignes entre Nouakchott et Nouadhibou et les postes associ\u00e9s.<\/p>\n<p>L\u2019ann\u00e9e 2023, verra (i) La mise en service compl\u00e8te de la centrale Eolienne de Boulenoir, (ii) la mise en service de la ligne Nouakchott \u2013 fronti\u00e8re du S\u00e9n\u00e9gal, (iii) la mise en service de la ligne 225KV, Nouakchott \u2013 Zouerate, (iv) le lancement des travaux de la boucle Ka\u00e9di-Maghama-S\u00e9libaby-M\u2019bout\u2013Ka\u00e9di, qui permettra d\u2019\u00e9lectrifier 65 localit\u00e9s dans les wilayas du Gorgol et du Guidimagha, (v) le lancement des travaux d\u2019alimentation du port de N\u2019Diago \u00e0 travers une ligne 90kv \u00e0 partir du poste de Beninaji, (vi) Le lancement de projets pour l\u2019\u00e9lectrification de 53 localit\u00e9s suppl\u00e9mentaires dans les deux Hodhs ; et (vii) le lancement d\u2019\u00e9lectrification de 481 localit\u00e9s situ\u00e9es dans les Moughataas d\u2019Aleg, babab\u00e9, Bogh\u00e9, Magtalahjar, Bark\u00e9ol, M\u2019Bout, Maghama, Mounguel, S\u00e9libabi, Ould Yenje, Boutilimitt, R\u2019kiz, Rosso, Mederdra et Keurmacen. Par ailleurs, 10.000 kits de gaz butane seront distribu\u00e9s dans le cadre des programmes sociaux cette ann\u00e9e.<\/p>\n<p>UNE GESTION PERENNE DES RESSOURCES EN EAU<\/p>\n<p>Monsieur le Pr\u00e9sident, Mesdames et Messieurs les D\u00e9put\u00e9s,<\/p>\n<p>Dans notre pays, o\u00f9 la ressource en eau est rare et sa gestion particuli\u00e8rement complexe, garantir l\u2019eau potable est un droit citoyen ; et la rendre disponible pour les secteurs productifs est un d\u00e9fi permanent. C\u2019est pourquoi le Gouvernement, m\u00fb par la volont\u00e9 politique du Pr\u00e9sident de la R\u00e9publique, s\u2019est engag\u00e9 \u00e0 (i) procurer l\u2019alimentation en eau potable aux populations sur tout le territoire national pour la plupart des localit\u00e9s rurales \u00e0 l\u2019horizon 2025 ; et (ii) \u00e9tendre le r\u00e9seau \u00e0 tous les quartiers de Nouakchott. En mati\u00e8re de connaissance, d\u2019\u00e9valuation et de protection des ressources en eau, 160 \u00e9tudes d\u2019implantation hydrog\u00e9ologique et g\u00e9ophysique ont \u00e9t\u00e9 r\u00e9alis\u00e9es. Des Avants Projets D\u00e9taill\u00e9s d\u2019am\u00e9nagement du Karakoro, de Niord\u00e9 et de Garfa ont \u00e9t\u00e9 \u00e9labor\u00e9s, ainsi que pour trois nouveaux bassins versants, en plus de l\u2019ach\u00e8vement de la construction de 25 bassins de r\u00e9tention des barrages d\u2019Agmamine et de Leftah en Assaba ; et de Barbara au Hodh Gharbi.<\/p>\n<p>En termes d\u2019acc\u00e8s, le Gouvernement a finalis\u00e9, au titre de l\u2019ann\u00e9e \u00e9coul\u00e9e, (i) le raccordement au r\u00e9seau de Dhar des localit\u00e9s d\u2019Amourj, Aldel Bagrou, Aouinat Zbil, Djiguenni et Aioun, (ii) la r\u00e9alisation de 87 r\u00e9seaux d\u2019Alimentation en Eau Potable en milieu rural, (iii) le renouvellement de 535 \u00e9quipements d\u2019exhaure hybride, (iv) la r\u00e9alisation de 20.000 raccordements, et (v) le renforcement des syst\u00e8mes d\u2019alimentation en eau potable des villes de Nouakchott, Atar, Nouadhibou, Ka\u00e9di, Tidjikdja, Tintane, Rosso et Bogh\u00e9. Ainsi, l\u2019alimentation en eau de la ville de Nouakchott a augment\u00e9 de 20.000 m3\/jour \u00e0 partir d\u2019Idini ; celle de Bogh\u00e9 de 5.000 m3\/jour \u00e0 partir du fleuve ; la production d\u2019eau potable de la ville de Nouadhibou a augment\u00e9 de 5.000 m3\/jour par dessalement d\u2019eau de mer.<\/p>\n<p>L\u2019acc\u00e8s \u00e0 l\u2019assainissement et \u00e0 l\u2019hygi\u00e8ne des populations, et la p\u00e9rennisation des \u00e9quipements et infrastructures n\u00e9cessaires, sont les objectifs du Gouvernement dans le domaine de l\u2019assainissement. Ainsi, on peut citer \u00e0 ce titre, (i) la r\u00e9alisation des plans d\u2019assainissement des villes d\u2019Atar, Tidjikja, Selibabi, (ii) et la r\u00e9alisation d\u2019un assainissement pilot\u00e9 par la communaut\u00e9 dans 549 localit\u00e9s, sans oublier les interventions effectu\u00e9es pour faire face aux fortes inondations enregistr\u00e9es cette ann\u00e9e, particuli\u00e8rement au niveau de Nouakchott, Ka\u00e9di, Akjoujt, NBeika et Guerrou.<\/p>\n<p>Cette ann\u00e9e, les actions d\u2019assainissement porteront sur la consolidation et l\u2019extension du syst\u00e8me d\u2019\u00e9vacuation des eaux pluviales \u00e0 Nouakchott, et le d\u00e9marrage des travaux du syst\u00e8me d\u2019assainissement de la capitale ; la mise en \u0153uvre des sch\u00e9mas d\u2019assainissement au niveau des villes de Rosso et Ka\u00e9di et la poursuite de l\u2019assainissement en milieu rural \u00e0 travers le programme de l\u2019Assainissement Total Pilot\u00e9 par la Communaut\u00e9.<\/p>\n<p>DES ROUTES PLUS SURES ET DE BONNE QUALIT\u00c9<\/p>\n<p>Monsieur le Pr\u00e9sident, Mesdames et Messieurs les D\u00e9put\u00e9s,<\/p>\n<p>Le transport joue un r\u00f4le primordial dans le d\u00e9veloppement \u00e9conomique et social, et constitue un d\u00e9fi pour un pays vaste comme le n\u00f4tre. C\u2019est pourquoi le Gouvernement donne une attention marqu\u00e9e et des ressources consid\u00e9rables \u00e0 la mise \u00e0 niveau et la maintenance des infrastructures routi\u00e8res. L\u2019ann\u00e9e 2022 a \u00e9t\u00e9 marqu\u00e9e par (i) l\u2019ach\u00e8vement de 47 Km de voirie \u00e0 Nouakchott (ii) la poursuite des travaux de construction des Ponts de Rosso, Bamako et Hay Saken (iii) le lancement d\u2019un vaste programme de construction de 52 km de voiries dans les villes d\u2019Aioun, de Kiffa, d\u2019Aleg, de Magtalahjar, de Rosso, d\u2019Atar de Zoueratt et de Tidjikja , ainsi que (iv) la construction et la r\u00e9habilitation d\u2019un lin\u00e9aire de 1.042 km du r\u00e9seau routier national. Il s\u2019agit de la construction des routes Tidjikja-Selibabi, Echimim-Nbeiket Lahwache, Nbaghiya- Route de l\u2019Espoir ; en plus de la r\u00e9habilitation des routes Bogh\u00e9 \u2013 Ka\u00e9di, Aleg-Maghta -Lahjar, Djouk -Kiffa, Tintane -Aioun, Aioun -Timbedra -Nema.<\/p>\n<p>En 2023, l\u2019extension du r\u00e9seau routier national sera assur\u00e9e \u00e0 travers l\u2019ach\u00e8vement des travaux de construction (i) des voiries de S\u00e9libabi et Rosso ; (ii) des routes : B\u00e9nichab-Route de NDB, la route Boutilimit-Aleg et un tron\u00e7on de la route Nouakchott-Boutilimit, Keur Mac\u00e8ne- Ndiago, Amourj- Adel Bagrou, et le Pont de Bamako ; (iii) le lancement des travaux de construction des routes : Atar- Chinghuiti, Echemmim \u2013 Nbeiket Lahouache, Tintane-Ain Farba-Touil, le raccordement de la route de l\u2019Espoir \u00e0 la route Ka\u00e9di- Selibabi, la route Zouerate -Tindouf; le Pont de Madrid et de 4 nouveaux Ponts \u00e0 Nouakchott.<\/p>\n<p>Compte tenu de ces programmes d\u2019extension et de la n\u00e9cessit\u00e9 de pr\u00e9servation de ces investissements, le Gouvernement a port\u00e9 les ressources allou\u00e9es au Fonds d\u2019Entretien Routier \u00e0 1,5 milliard ouguiyas. Au cours de l\u2019ann\u00e9e \u00e9coul\u00e9e, les devis programmes pour l\u2019entretien du r\u00e9seau routier national et des voiries urbaines 2022 ont \u00e9t\u00e9 ex\u00e9cut\u00e9s \u00e0 hauteur de 76%. En 2023, la strat\u00e9gie nationale d\u2019entretien routier sera adopt\u00e9e, les contrats programmes pour l\u2019entretien du r\u00e9seau routier national et des voiries urbaines seront renouvel\u00e9s.<\/p>\n<p>La s\u00e9curit\u00e9 routi\u00e8re est un enjeu important pour le Gouvernement. En 2022, plusieurs actions de sensibilisation ont \u00e9t\u00e9 men\u00e9es et des efforts fournis pour renforcer la r\u00e8glementation de la circulation. En plus, les travaux d\u2019installation des \u00e9quipements, radars, panneaux de signalisation, feux tricolores, marquages au sol ont \u00e9t\u00e9 entam\u00e9s et se poursuivront cette ann\u00e9e. Le pays a enregistr\u00e9 pr\u00e8s de 6.400 accidents en 2020 contre 5.700 en 2022. Le nombre de d\u00e9c\u00e8s dus \u00e0 ces accidents est pass\u00e9 de 130 \u00e0 103, ce qui correspond \u00e0 une baisse en nombre d\u2019accidents et de d\u00e9c\u00e8s, respectivement de 11% et de 21%.<\/p>\n<p>En mati\u00e8re de transport public, en particulier \u00e0 Nouakchott, le Gouvernement a renforc\u00e9 le Parc de la Soci\u00e9t\u00e9 de Transport Public par l\u2019acquisition de 50 bus neufs, pour r\u00e9pondre d\u2019une part \u00e0 la demande croissante, et d\u2019autre part \u00e0 la n\u00e9cessit\u00e9 d\u2019am\u00e9liorer la qualit\u00e9 du service rendu aux usagers. L\u2019\u00e9tude de mobilit\u00e9 urbaine durable actuellement en cours devra aboutir \u00e0 la d\u00e9finition de sc\u00e9nario permettant de contenir les difficult\u00e9s de d\u00e9placement actuel au sein de l\u2019agglom\u00e9ration de Nouakchott.<\/p>\n<p>Au niveau des infrastructures a\u00e9roportuaires, le Gouvernement engagera cette ann\u00e9e les travaux de construction d\u2019un a\u00e9roport \u00e0 Lemghaiti et la r\u00e9habilitation de la piste de l\u2019A\u00e9roport de Nouadhibou.<\/p>\n<p>LE NUMERIQUE POUR ACC\u00c9L\u00c9RER LE DEVELOPPEMENT<\/p>\n<p>Monsieur le Pr\u00e9sident, Mesdames et Messieurs les D\u00e9put\u00e9s,<\/p>\n<p>Conscient des enjeux de l\u2019avenir, le Pr\u00e9sident de la R\u00e9publique accorde une importance capitale au num\u00e9rique et \u00e0 l\u2019innovation compte tenu du r\u00f4le moteur qu\u2019elles jouent dans la transformation du monde d\u2019aujourd\u2019hui. C\u2019est dans ce cadre qu\u2019il y\u2019a eu cr\u00e9ation, d\u2019un d\u00e9partement minist\u00e9riel d\u00e9di\u00e9 \u00e0 la Transformation num\u00e9rique, \u00e0 l\u2019Innovation et \u00e0 la Modernisation de l\u2019Administration.<\/p>\n<p>Sur le plan juridique et r\u00e8glementaire, un programme de r\u00e9formes juridiques et r\u00e9gulatoires a \u00e9t\u00e9 engag\u00e9, dans le but de favoriser l\u2019\u00e9mergence d\u2019un march\u00e9 de t\u00e9l\u00e9communications concurrentiel et propice \u00e0 l\u2019investissement, et d\u2019am\u00e9liorer significativement les services. Cela a contribu\u00e9 \u00e0 la r\u00e9duction des co\u00fbts des services ces deux derni\u00e8res ann\u00e9es. Dans cette optique, plusieurs r\u00e9alisations ont abouti, \u00e0 la (i) cr\u00e9ation de l\u2019Autorit\u00e9 de protection des donn\u00e9es \u00e0 caract\u00e8re personnel , (ii) au lancement des travaux de mise en place d\u2019un syst\u00e8me de digitalisation des services publics, (iii) l\u2019acquisition de licences pour les postes de travail et les serveurs de l\u2019Administration et le d\u00e9ploiement de l\u2019environnement de travail num\u00e9rique, (iv) l\u2019acquisition d\u2019un syst\u00e8me de visioconf\u00e9rence et la mise en place d\u2019une salle d\u2019h\u00e9bergement des applications d\u2019e-Gouvernance.<\/p>\n<p>En mati\u00e8re de modernisation du syst\u00e8me d\u2019information et de communication, il a \u00e9t\u00e9 proc\u00e9d\u00e9 \u00e0 la r\u00e9novation des r\u00e9seaux informatiques et \u00e9lectriques au niveau central, du syst\u00e8me informatique, et du syst\u00e8me de communication. Ainsi, dans le domaine des Infrastructures num\u00e9riques, les actions porteront au cours de l\u2019ann\u00e9e, sur (i) la pr\u00e9paration des travaux de mise en place d\u2019une deuxi\u00e8me connexion sous-marine \u00e0 Nouadhibou, pour s\u00e9curiser la connectivit\u00e9 internationale ; (ii) la finalisation de la construction du Datacenter Tier 3 et la cr\u00e9ation d\u2019un 2\u00e8me point d\u2019\u00e9change internet pour renforcer la souverainet\u00e9 num\u00e9rique.<\/p>\n<p>Au niveau de l\u2019e-Business et de l\u2019Innovation, en 2023, il sera privil\u00e9gi\u00e9 (i) la mise en place d\u2019un \u00ab Fond d\u2019innovation \u00bb (ii) la mise en place d\u2019un Hub de l\u2019innovation, (iii) la mise en place d\u2019un Observatoire national de l\u2019Innovation, et (iv) l\u2019\u00e9laboration d\u2019une Strat\u00e9gie nationale du paiement digital.<\/p>\n<p>Dans le domaine de la Gouvernance et du renforcement du cadre r\u00e9glementaire et juridique, il sera proc\u00e9d\u00e9 \u00e0 (i) la cr\u00e9ation de l\u2019Agence du Num\u00e9rique de l\u2019Etat; (ii) la cr\u00e9ation de l\u2019Agence nationale de la Cybers\u00e9curit\u00e9 et de Certification \u00e9lectronique; (iii) l\u2019adoption de la loi Startup-Act et des d\u00e9crets associ\u00e9s.<\/p>\n<p>Dans le domaine de la protection des donn\u00e9es \u00e0 caract\u00e8re personnel, cette ann\u00e9e verra le renforcement des missions de r\u00e9gulation et de protection des donn\u00e9es \u00e0 caract\u00e8re personnel ; la promotion de son cadre r\u00e9glementaire ; et l\u2019op\u00e9rationnalisation de la plate-forme informatique et du programme \u00ab BEYANAT-HIMAYA\u00bb.<\/p>\n<p>Dans le cadre de la modernisation de la MAURIPOST, l\u2019ann\u00e9e \u00e9coul\u00e9e a consacr\u00e9 le lancement de la plateforme de paiements mobiles BaridCASH ; et l\u2019installation et la mise en service des Guichets Automatiques de Distribution de Billets dans les \u00e9coles et centres de formation professionnelle et des Mahadras.<\/p>\n<p>UN CAPITAL HUMAIN VALORISE COMMENCE PAR UNE BONNE \u00c9COLE PUBLICAINE POUR TOUS<\/p>\n<p>Monsieur le Pr\u00e9sident, Mesdames et Messieurs les D\u00e9put\u00e9s,<\/p>\n<p>Le Pr\u00e9sident de R\u00e9publique accorde une importance capitale \u00e0 la valorisation et au d\u00e9veloppement des ressources humaines nationales, c\u2019est dans ce cadre que l\u2019attention a \u00e9t\u00e9 port\u00e9e sur l\u2019instauration de l\u2019\u00e9cole r\u00e9publicaine, le d\u00e9veloppement et la promotion de la formation technique et professionnelle, la diversification de l\u2019offre d\u2019enseignement sup\u00e9rieur et la g\u00e9n\u00e9ralisation de l\u2019acc\u00e8s aux services de sant\u00e9.<\/p>\n<p>Concernant l\u2019\u00e9ducation, l\u2019ann\u00e9e 2022 a marqu\u00e9 l\u2019entr\u00e9e en vigueur de la r\u00e9forme du syst\u00e8me \u00e9ducatif permettant d\u2019assurer l\u2019acc\u00e8s pour tous \u00e0 une \u00e9ducation de qualit\u00e9, sur un m\u00eame pied d\u2019\u00e9galit\u00e9 et \u00e0 tous les niveaux de l\u2019enseignement.<\/p>\n<p>Au niveau de l\u2019am\u00e9lioration de la gouvernance du syst\u00e8me \u00e9ducatif, la loi d\u2019orientation de l\u2019\u00e9ducation nationale, fruit d\u2019une large concertation \u00e0 laquelle ont particip\u00e9 toutes les parties prenantes et les forces vives de la nation a \u00e9t\u00e9 ratifi\u00e9e ; et le Haut Conseil de l\u2019\u00c9ducation a \u00e9t\u00e9 cr\u00e9\u00e9 et install\u00e9, ainsi que l\u2019institut pour la promotion et l\u2019enseignement des langues nationales.<\/p>\n<p>L\u2019ann\u00e9e scolaire 2022-2023 qui constitue la premi\u00e8re ann\u00e9e de mise en \u0153uvre de cette r\u00e9forme, s\u2019est ouverte dans de bonnes conditions, c\u2019est ainsi que entre autres : (i) la premi\u00e8re ann\u00e9e du primaire a \u00e9t\u00e9 limit\u00e9e au public ; (ii) l\u2019uniforme rendu exigible au primaire ; (iii) l\u2019adaptation des manuels et des outils p\u00e9dagogiques aux exigences de la r\u00e9formes : (iv) la distribution des manuels \u00e0 tous les niveaux : (v) r\u00e9vision du cadre organisationnel de l\u2019enseignement priv\u00e9 ; (vi) mise en place d\u2019un syst\u00e8me efficace de suivi \u00e9valuation : et (vii) acc\u00e9l\u00e9ration de la d\u00e9centralisation de la gestion. Les supports p\u00e9dagogiques, programmes et manuels scolaires, pour les classes de premi\u00e8res ann\u00e9es de la r\u00e9forme ont \u00e9t\u00e9 r\u00e9vis\u00e9s et distribu\u00e9s gratuitement : 1,8 millions manuels cette ann\u00e9e et 1,4 millions autres le seront l\u2019ann\u00e9e prochaine.<\/p>\n<p>Le taux de pr\u00e9scolarisation est pass\u00e9 de 10% en 2021-2022 \u00e0 20,5% en 2022-2023, soit 41.177 enfants issus majoritairement de familles vuln\u00e9rables. L\u2019attribution de 64 agr\u00e9ments pour l\u2019ouverture de jardins d\u2019enfants et de garderies priv\u00e9es ; La signature de conventions de partenariat avec 02 syndicats de l\u2019enseignement priv\u00e9 pour accueillir 7.504 enfants issus de familles pauvres ; Ouverture \u00e0 Nouakchott de 06 jardins d\u2019enfants publics avec double capacit\u00e9s d\u2019accueil. 326 nouvelles mahadras pilotes ont \u00e9t\u00e9 install\u00e9es dans le cadre de la promotion de l\u2019enseignement originel.<\/p>\n<p>L\u2019ann\u00e9e en cours verra l\u2019\u00e9quipement et les fournitures pr\u00e9scolaires au profit de 374 sections du pr\u00e9scolaire.<\/p>\n<p>Les allocations financi\u00e8res des instances d\u2019encadrement p\u00e9dagogique de proximit\u00e9 ont largement augment\u00e9 : (i) au niveau de l\u2019enseignement fondamental, sont pass\u00e9es de 13,2 millions OUGUIYAS en 2021, \u00e0 23,5 millions OUGUIYAS en 2022, soit une augmentation de 43 % ; (ii) au niveau de l\u2019enseignement secondaire, avec deux nouveaux p\u00f4les, les dotations financi\u00e8res sont pass\u00e9es de 7,5 millions OUGUIYAS en 2021 \u00e0 11,5 millions OUGUIYAS en 2022, soit une augmentation de 62%. Tandis que les allocations financi\u00e8res aux \u00e9tablissements d\u2019enseignement primaire et secondaire, afin de leur permettre de mener \u00e0 bien leurs missions, sont pass\u00e9es de 61,3 millions OUGUIYAS en 2021, \u00e0 97,6 millions OUGUIYAS en 2022. Aussi, 750 comit\u00e9s de gestion scolaire ont \u00e9t\u00e9 install\u00e9s en 2022, sur un total de 1.400 sur l\u2019ensemble du territoire national depuis le d\u00e9but de la r\u00e9forme, dans le but d\u2019impliquer les b\u00e9n\u00e9ficiaires du service scolaire.<\/p>\n<p>Concernant le volet infrastructures scolaires, 979 salles de classe ont \u00e9t\u00e9 construites pour la seule ann\u00e9e \u00e9coul\u00e9e, alors que 150 millions OUGUIYAS ont \u00e9t\u00e9 d\u00e9pens\u00e9s dans la r\u00e9habilitation des \u00e9coles au niveau r\u00e9gional uniquement. Dans le domaine de l\u2019\u00e9quipement, 25.000 tables-bancs et plus de 50.000 outils p\u00e9dagogiques ont \u00e9t\u00e9 distribu\u00e9s. Ceci s\u2019ajoute \u00e0 la distribution de 680 r\u00e9servoirs d\u2019eau au profit de certaines \u00e9coles non raccord\u00e9es au r\u00e9seau d\u2019eau. Ce volet sera poursuivi en 2023, avec la construction\/extension de 164 \u00e9coles, la production locale de 26.000 tables-bancs pour accompagner le d\u00e9veloppement de l\u2019offre scolaire ; et la mise en place d\u2019ateliers de maintenance du patrimoine scolaire au niveau r\u00e9gional. Pour acc\u00e9l\u00e9rer et accompagner la concr\u00e9tisation de l\u2019\u00e9cole r\u00e9publicaine, un fonds sp\u00e9cial \u00e0 hauteur de 2 milliards OUGUIYAS, a \u00e9t\u00e9 cr\u00e9\u00e9 pour la construction, la r\u00e9habilitation et l\u2019\u00e9quipement des infrastructures scolaires et accompagner la r\u00e9forme.<\/p>\n<p>La revalorisation de la profession de l\u2019enseignant et le renforcement de ses capacit\u00e9s, sur la base d\u2019une \u00e9valuation approfondie ont \u00e9t\u00e9 entam\u00e9 avec la r\u00e9\u00e9criture des programmes des \u00e9coles normales d\u2019instituteurs, se fondant sur un syst\u00e8me professionnalisant, alternant formation th\u00e9orique et pratique. Dans le domaine de la formation continue, plus de 2800 enseignants ont \u00e9t\u00e9 form\u00e9s. Ainsi, 1.484 Instituteurs, professeurs, inspecteurs, formateurs des ENI et prestataires de service d\u2019enseignement ont \u00e9t\u00e9 recrut\u00e9s en 2022, sur un total de 8.000 depuis 2019. Une nouvelle \u00e9cole Nationale d\u2019Instituteurs a \u00e9t\u00e9 cr\u00e9\u00e9e \u00e0 Kiffa et sa mise en service renforcera l\u2019offre de formation des enseignants.<\/p>\n<p>Et pour contribuer \u00e0 combler les besoins alimentaires des \u00e9l\u00e8ves, le programme de cantines scolaires, a profit\u00e9 \u00e0 plus de 190.000 \u00e9l\u00e8ves dans 1200 \u00e9coles et dans les 12 wilayas du pays.<\/p>\n<p>L\u2019am\u00e9lioration de la qualit\u00e9 de l\u2019\u00e9ducation est un objectif principal de l\u2019\u00e9cole r\u00e9publicaine. Dans ce cadre, les programmes des quatre premi\u00e8res ann\u00e9es de l\u2019enseignement fondamental et de tous les niveaux de l\u2019enseignement secondaire ont \u00e9t\u00e9 r\u00e9vis\u00e9s. D\u2019autres efforts ont \u00e9t\u00e9 d\u00e9ploy\u00e9s dans le domaine de la formation initiale, avec une r\u00e9vision des conditions de recrutement et de titularisation, en plus de la mise en place d\u2019une cellule centrale charg\u00e9e du suivi de la r\u00e9forme des \u00e9coles normales d\u2019instituteurs.<\/p>\n<p>Concernant l\u2019enseignement priv\u00e9 : un recensement exhaustif des \u00e9tablissements d\u2019enseignement priv\u00e9 a \u00e9t\u00e9 r\u00e9alis\u00e9 en 2022 ; Et pour la premi\u00e8re fois, les documents n\u00e9cessaires \u00e0 l\u2019exercice de la profession d\u2019enseignement priv\u00e9 ont \u00e9t\u00e9 produits, dont notamment les licences scolaires et les autorisations d\u2019enseigner.<\/p>\n<p>Pour ce qui est des examens nationaux, l\u2019enveloppe financi\u00e8re qui leur est allou\u00e9e a \u00e9t\u00e9 augment\u00e9e, passant de 50.648.300 OUGUIYAS en 2019 \u00e0 79.447.800 OUGUIYAS en 2022, soit une augmentation de 57%. Cette augmentation a permis d\u2019am\u00e9liorer l\u2019indemnisation des correcteurs et surveillants et d\u2019augmenter leur nombre, d\u2019am\u00e9liorer les conditions de d\u00e9roulement des examens, et d\u2019encourager ceux qui y participent de fa\u00e7on g\u00e9n\u00e9rale.<\/p>\n<p>ENSEIGNEMENT TECHNIQUE ET PROFESSIONNEL : LA CL\u00c9 DU DEVELOPPEMENT HUMAIN<\/p>\n<p>Monsieur le Pr\u00e9sident, Mesdames et Messieurs les D\u00e9put\u00e9s,<\/p>\n<p>Dans le domaine de l\u2019enseignement technique et professionnel, les efforts consentis ont permis l\u2019ach\u00e8vement des travaux de construction de l\u2019Ecole d\u2019Enseignement Technique et de Formation Professionnelle des B\u00e2timents et Travaux Publics de Ryad \u00e0 Nouakchott ; la r\u00e9habilitation des \u00e9coles d\u2019Enseignement Technique et de formation Professionnelle de Rosso et d\u2019Atar ; et la cr\u00e9ation de trois (3) Centres de D\u00e9veloppement des Comp\u00e9tences pour les secteurs des B\u00e2timents et Travaux Publics, de l\u2019industrie et des services.<\/p>\n<p>L\u2019intensification des programmes de formations et d\u2019appui-conseil par la prise en charge de 9500 jeunes en formation dipl\u00f4mante et celle de 4500 jeunes dans des formations courtes, de 199 formateurs au niveau des Centres de D\u00e9veloppement des Comp\u00e9tences et l\u2019ouverture de deux \u00e9coles \u00e0 Nouakchott pour les mines, le p\u00e9trole et le gaz, et \u00e0 Nouadhibou pour les techniques de l\u2019information et de la communication, d\u00e9notent de l\u2019importance accord\u00e9e par les pouvoirs publics \u00e0 la formation qualifiante. Les efforts consentis en 2022 seront poursuivis en 2023 pour am\u00e9liorer la qualit\u00e9 de la formation et mieux r\u00e9pondre aux besoins des entreprises.<\/p>\n<p>Ces mesures seront renforc\u00e9es et approfondies par l\u2019\u00e9laboration et la mise en \u0153uvre de la strat\u00e9gie nationale 2022-2030 de la formation professionnelle, l\u2019\u00e9quipements des \u00e9coles existantes ; le renforcement des capacit\u00e9s de 5 autres \u00e9coles et le recrutement de 7200 jeunes en formation dipl\u00f4mante r\u00e9partis sur 80 sp\u00e9cialit\u00e9s ; en plus de 5000 en formation qualifiante et la formation continue de 320 formateurs.<\/p>\n<p>POUR UN ENSEIGNEMENT SUP\u00c9RIEUR PERFORMANT<\/p>\n<p>Monsieur le Pr\u00e9sident, Mesdames et Messieurs les D\u00e9put\u00e9s,<\/p>\n<p>Les principaux objectifs poursuivis dans le domaine de l\u2019enseignement sup\u00e9rieur sont : (i) am\u00e9liorer sa gouvernance ; et (ii) accompagner son \u00e9volution et le doter d\u2019infrastructures de qualit\u00e9. Ainsi en termes de gouvernance une strat\u00e9gie de l\u2019enseignement sup\u00e9rieur a \u00e9t\u00e9 adopt\u00e9e. Aussi dans le but d\u2019am\u00e9liorer les conditions de vie des \u00e9tudiants, (i) la r\u00e9sidence des gar\u00e7ons au niveau du nouveau campus accueillant 1.045 \u00e9tudiants a \u00e9t\u00e9 ouverte ; (ii) et les b\u00e9n\u00e9ficiaires de la bourse nationale sont actuellement 7.950 \u00e9tudiants au niveau national et 1.338 au niveau de l\u2019\u00e9tranger.<\/p>\n<p>En vue d\u2019accompagner l\u2019\u00e9volution des effectifs, l\u2019ann\u00e9e 2022 a connu (i) la cr\u00e9ation d\u2019une \u00e9cole de hautes \u00e9tudes commerciales ; (ii) la transformation de la Facult\u00e9 de m\u00e9decine en Facult\u00e9 de m\u00e9decine, de pharmacie et d\u2019odontostomatologie ; (iii) la cr\u00e9ation de 3 nouveaux parcours de formation \u00e0 l\u2019universit\u00e9 de Nouakchott.<\/p>\n<p>Sur le plan des infrastructures universitaires, les travaux du nouveau complexe universitaire ont d\u00e9marr\u00e9 cette ann\u00e9e. Il permettra d\u2019augmenter la capacit\u00e9 de l\u2019universit\u00e9 de 11.000 places suppl\u00e9mentaires par la construction de 16 amphith\u00e9\u00e2tres, 158 bureaux, 209 salles de classe, 49 laboratoires pour la Facult\u00e9 des Sciences Juridiques et \u00c9conomiques ; la Facult\u00e9 des Sciences et Techniques ; la facult\u00e9 de Lettres ; et la Facult\u00e9 de m\u00e9decine. L\u2019ann\u00e9e 2023 verra le lancement des travaux des \u00e9coles du P\u00e9trole et du Gaz, de l\u2019Ecole sup\u00e9rieure du Commerce, de l\u2019Institut sup\u00e9rieur du Num\u00e9rique, et du centre de formation professionnelle dans le domaine des t\u00e9l\u00e9communications \u00e0 Nouadhibou.<\/p>\n<p>La place strat\u00e9gique qu\u2019occupe le secteur de la recherche scientifique dans toute action visant le d\u00e9veloppement des pays et le progr\u00e8s de leur \u00e9conomie fait que sa r\u00e9forme constitue l\u2019une des priorit\u00e9s du Gouvernement. C\u2019est ainsi que : (i) le Haut Conseil de la Recherche et de l\u2019Innovation a \u00e9t\u00e9 op\u00e9rationnalis\u00e9 ; (ii) une strat\u00e9gie de la recherche scientifique est adopt\u00e9e ; (iii) un portail de recherche est cr\u00e9\u00e9 ; (iv) et 7 unit\u00e9s de recherche habilit\u00e9es.<\/p>\n<p>Dans le cadre du programme INSAF, le ciblage des th\u00e9matiques de la coh\u00e9sion sociale, des langues, des cultures nationales et du patrimoine culturel, comme des domaines prioritaires dans la recherche scientifique, sont programm\u00e9s pour cette ann\u00e9e, et le syst\u00e8me d\u2019\u00e9ducation et d\u2019\u00e9thique citoyennes sera d\u00e9velopp\u00e9 \u00e0 travers l\u2019\u00e9laboration de manuels sp\u00e9cifiques sur la culture citoyenne.<\/p>\n<p>UN SERVICE DE SANTE PUBLIQUE PLUS PROCHE ET DE MEILLEURE QUALIT\u00c9<\/p>\n<p>Monsieur le Pr\u00e9sident, Mesdames et Messieurs les D\u00e9put\u00e9s,<\/p>\n<p>Le renforcement de la gouvernance du secteur de la sant\u00e9 a connu des avanc\u00e9es en termes textes juridiques et r\u00e8glementaires. Les textes r\u00e9gissant la politique nationale Pharmaceutique, le Plan National de D\u00e9veloppement Sanitaire 2022-2030, les normes d\u2019exploitation relatives aux structures publiques hospitali\u00e8res, les d\u00e9crets de cr\u00e9ation du conseil national du don de sang et de la transplantation d\u2019organes ont tous \u00e9t\u00e9 adopt\u00e9s.<\/p>\n<p>La lutte contre la Covid 19, a connu plusieurs r\u00e9alisations au cours de l\u2019ann\u00e9e 2022. Ainsi, le Centre National des Operations d\u2019Urgence de Sant\u00e9 Publique a \u00e9t\u00e9 mis en place et parall\u00e8lement 12 respirateurs de r\u00e9animations et 2 centrales d\u2019oxyg\u00e8nes ont \u00e9t\u00e9 acquis ce qui a permis de rehausser les capacit\u00e9s de prise en charge lors de la derni\u00e8re vague de COVID-19. Plus de 2 millions de personnes ont re\u00e7u au moins une dose et pr\u00e8s de 1.500.000 personnes sont totalement vaccin\u00e9es et plus de 382.000 personnes ont re\u00e7u la dose de rappel. Un accent particulier a \u00e9t\u00e9 mis dans la chaine de froid pour le transport s\u00e9curis\u00e9 des vaccins et m\u00e9dicaments, aussi 8 camions frigorifiques s\u00e9curis\u00e9s ont \u00e9t\u00e9 acquis, ce qui porte actuellement le parc mobile \u00e0 15 camions frigorifiques contre seulement 3 en 2019.<\/p>\n<p>La qualit\u00e9 et l\u2019utilisation des services de sant\u00e9 de la m\u00e8re et de l\u2019enfant a \u00e9t\u00e9 am\u00e9lior\u00e9e dans trois wilayas du Guidimagha, Hodh Elgarbi et Hodh Chargi. Dans le m\u00eame ordre d\u2019id\u00e9e, le syst\u00e8me de contr\u00f4le r\u00e9gulier des structures pharmaceutiques en termes de tra\u00e7abilit\u00e9 et d\u2019uniformisation des prix des m\u00e9dicaments a \u00e9t\u00e9 g\u00e9n\u00e9ralis\u00e9. Le d\u00e9veloppement et l\u2019intensification de la mise en place des infrastructures et plateaux techniques a connu une nette am\u00e9lioration. Ainsi 21 ambulances ont \u00e9t\u00e9 acquises dont 6 d\u00e9j\u00e0 livr\u00e9es au Service d\u2019Aide M\u00e9dicale d\u2019Urgence. Le volet dialyse n\u2019a pas \u00e9t\u00e9 en reste, ainsi, 120.000 kits de dialyse, 20 G\u00e9n\u00e9rateurs, 20 fauteuils et 200 kits de maintenance ont \u00e9t\u00e9 acquis et distribu\u00e9s. Dans le domaine de l\u2019imagerie m\u00e9dicale le Centre National d\u2019Oncologie a re\u00e7u 2 Scanners.<\/p>\n<p>La mise en place du SAMU s\u2019est poursuivie par la cr\u00e9ation de 5 bases op\u00e9rationnelles \u00e0 Nouakchott. Cette ann\u00e9e verra la construction de 3 H\u00f4pitaux \u00e0 Aioun, Aleg et Tidjikja, 28 centres de Sant\u00e9 et 28 postes de sant\u00e9 dans les deux Hodhs, l\u2019Assaba, le Brakna, le Guidimakha, le Trarza et Nouakchott, ainsi que l\u2019extension de 8 maternit\u00e9s \u00e0 Khabou, Gouraye, Taidouma, Tint\u00e2ne, Ain varba, Twil, Oum Lahbal, Douerara.<\/p>\n<p>Le programme \u00ab Mouyessar \u00bb qui consiste \u00e0 disponibiliser des m\u00e9dicaments essentiels de qualit\u00e9 au niveau de toutes les structures sanitaires publiques du pays a \u00e9t\u00e9 mis en \u0153uvre. Les capacit\u00e9s de stockage de m\u00e9dicaments ont \u00e9t\u00e9 augment\u00e9es et renforc\u00e9es ainsi 6 magasins suppl\u00e9mentaires au Brakna, Assaba, Hodh El Charghi, Hodh El Gharbi ont \u00e9t\u00e9 soit construites soit r\u00e9habilit\u00e9es.<\/p>\n<p>Concernant les ressources humaines, un r\u00e9f\u00e9rentiel de qualit\u00e9 de formation des param\u00e9dicaux a \u00e9t\u00e9 entrepris et la r\u00e9vision de 17 programmes de formation pour toutes les \u00e9coles de sant\u00e9 finalis\u00e9e. 490 personnels de sant\u00e9 toutes cat\u00e9gories confondues recrut\u00e9s.<\/p>\n<p>La couverture sanitaire universelle reste une priorit\u00e9 absolue, c\u2019est ainsi que 511.440 personnes sont assur\u00e9es \u00e0 travers la Caisse Nationale d\u2019Assurance Maladie et 88.263 familles sont assur\u00e9es sur les 100.000 pr\u00e9vues \u00e0 travers l\u2019assurance des familles n\u00e9cessiteuses, des indigents et des personnes vivant avec handicap. L\u2019assurance maladie volontaire pour le secteur informel, a \u00e9t\u00e9 op\u00e9rationnalis\u00e9e et d\u00e9butera cette ann\u00e9e.<\/p>\n<p>Les mises aux normes d\u2019exploitation des \u00e9tablissements sanitaires priv\u00e9s, continuera, cette ann\u00e9e, d\u2019\u00eatre mises en \u0153uvre notamment \u00e0 travers la normalisation du nombre de consultations et d\u2019interventions par jour. Les efforts se focaliseront aussi sur la r\u00e9duction de la mortalit\u00e9 maternelle et n\u00e9onatale et sur l\u2019acc\u00e9l\u00e9ration de la lutte contre les maladies transmissibles. Des reformes pour renforcer notre syst\u00e8me de sant\u00e9 seront engag\u00e9es, notamment la cr\u00e9ation d\u2019une autorit\u00e9 technique pour la qualit\u00e9 des services de sant\u00e9, l\u2019adoption du d\u00e9cret relatif \u00e0 la cr\u00e9ation du Fonds national de lutte anti-tabac, l\u2019\u00e9laboration de la strat\u00e9gie de maintenance des \u00e9quipements de sant\u00e9.<\/p>\n<p>ACTIONS CITOYENNES ET IMPLICATION DES JEUNES<\/p>\n<p>Monsieur le Pr\u00e9sident, Mesdames et Messieurs les D\u00e9put\u00e9s,<\/p>\n<p>Les politiques de d\u00e9veloppement mises en \u0153uvre par le Gouvernement sont aussi orient\u00e9es vers la promotion et le divertissement de notre jeunesse. Ainsi, une Strat\u00e9gie Nationale de la Jeunesse 2022\/2030 a \u00e9t\u00e9 \u00e9labor\u00e9e, et un appui aux Associations de jeunesse et de sports a \u00e9t\u00e9 mis en \u0153uvre. Une plateforme de volontaires et de b\u00e9n\u00e9voles a \u00e9t\u00e9 mise en place et est fonctionnelle. Une colonie de vacances au profit des laur\u00e9ats du concours d\u2019entr\u00e9e en sixi\u00e8me a \u00e9t\u00e9 organis\u00e9e et une plateforme num\u00e9rique de sondage orient\u00e9 vers les jeunes a \u00e9t\u00e9 cr\u00e9\u00e9e et des centres d\u2019\u00e9coute ont \u00e9t\u00e9 r\u00e9habilit\u00e9s et redynamis\u00e9s.<\/p>\n<p>Dans le cadre du programme INSAF, un plan triennal de construction et d\u2019\u00e9quipement d\u2019espaces d\u00e9di\u00e9s aux jeunes au niveau des capitales r\u00e9gionales et d\u00e9partementales a \u00e9t\u00e9 adopt\u00e9 : des espaces pilotes ont \u00e9t\u00e9 r\u00e9alis\u00e9s \u00e0 El Mina et Riadh ; un plan de r\u00e9habilitation du scoutisme a \u00e9t\u00e9 arr\u00eat\u00e9 en concertation avec les v\u00e9t\u00e9rans du mouvement, afin de promouvoir une culture de civisme au sein de la jeunesse.<\/p>\n<p>L\u2019ann\u00e9e 2022 a \u00e9t\u00e9 marqu\u00e9e aussi par l\u2019organisation d\u2019activit\u00e9s visant \u00e0 redynamiser le secteur de la Jeunesse et des Sports : (i) une semaine nationale de la culture et du sport scolaire a \u00e9t\u00e9 organis\u00e9e et a vu la participation de 3.700 jeunes issus de toutes les Moughataa du pays ; (ii) un tournoi de quartiers auquel ont pris part 1.700 jeunes a \u00e9t\u00e9 organis\u00e9 \u00e0 Nouakchott ; (iii) un appui de plus de 20 millions OUGUIYAS a \u00e9t\u00e9 distribu\u00e9 au profit de 800 associations de jeunes sur toute l\u2019\u00e9tendue du territoire national.<\/p>\n<p>Pour cette ann\u00e9e: (i) les textes r\u00e8glementaires r\u00e9gissant le Sport seront r\u00e9vis\u00e9s en vue d\u2019aider \u00e0 d\u00e9velopper ce secteur ; (ii) le plan de construction et de maintenance des infrastructures de jeunesse de sport et de loisirs ainsi que le plan de d\u00e9veloppement du sport scolaire et universitaire seront am\u00e9lior\u00e9s et poursuivis; (iii) la strat\u00e9gie nationale de la Jeunesse sera valid\u00e9e au d\u00e9but de cette ann\u00e9e ; (iv) les programmes de service civique, de pr\u00e9vention des conflits, de volontariat pour le d\u00e9veloppement durable et de d\u00e9veloppement de la jeunesse, des sports et des loisirs seront renforc\u00e9s.<\/p>\n<p>En mati\u00e8re d\u2019infrastructures sportives, 03 stades de proximit\u00e9 ont \u00e9t\u00e9 r\u00e9ceptionn\u00e9s \u00e0 Mbout, Monguel et Bark\u00e9ol ainsi que le stade Ramdhan de Rosso et la r\u00e9habilitation des stades du Ksar et Sebkha. Celui de Male est en cours de construction. Et pour donner plus de possibilit\u00e9s \u00e0 nos jeunes de s\u2019\u00e9panouir et de d\u00e9velopper leurs talents, le programme INSAF pr\u00e9voit l\u2019\u00e9laboration et la mise en \u0153uvre d\u2019un plan d\u2019appui aux acad\u00e9mies sportives et de d\u00e9veloppement des jeunes talents, \u00e0 travers le financement effectif de 42 acad\u00e9mies.<\/p>\n<p>PROMOUVOIR NOS CULTURES ET VALORISER NOTRE PATRIMOINE<\/p>\n<p>Monsieur le Pr\u00e9sident, Mesdames et Messieurs les D\u00e9put\u00e9s,<\/p>\n<p>Le Gouvernement a franchi des pas importants dans la concr\u00e9tisation des engagements du Pr\u00e9sident de la R\u00e9publique, consistant \u00e0 tirer le meilleur profit de la diversit\u00e9 de notre soci\u00e9t\u00e9 en termes de promotion de nos cultures et de la valorisation de notre patrimoine culturel ainsi que de la protection des franges vuln\u00e9rables par des programmes de protection sociale.<\/p>\n<p>L\u2019ann\u00e9e 2022 a consacr\u00e9 l\u2019inscription de la Mahadra sur la liste du patrimoine islamique, de 13 autres sites : Koumbi Saleh, Aoudaghost, Ghana, Tadert, Awougui, Garn Gasba, Ghadima de Aoujeft, Ghadima de Tijikja, Rachid ; Ghasser Elbarka ; Ghasser Selama, Ghadima de Dj\u00e9ol et Dj\u00e9riel Toumb\u00e9r\u00e9 ainsi que des \u00e9l\u00e9ments du patrimoine culturel immat\u00e9riel relatifs aux connaissances et traditions orales et pratiques de la Mahadra, des palmiers dattiers et \u00e0 la production et la consommation du couscous. Cette ann\u00e9e sera marqu\u00e9e par (i) l\u2019organisation des festivit\u00e9s \u00ab Nouakchott, Capitale de la culture islamique 2023 \u00bb (ii) l\u2019organisation de la 1\u00e8re \u00e9dition du Prix du Pr\u00e9sident de la R\u00e9publique pour les beaux-arts ; (iii) la tenue de la 1\u00e8re \u00e9dition du Festival culturel de Dj\u00e9ol et l\u2019organisation du festival international de la culture sonink\u00e9 \u00e0 Nouakchott.<\/p>\n<p>PROTECTION SOCIALE ET PROMOTION DES DROITS CATEGORIELS<\/p>\n<p>Monsieur le Pr\u00e9sident, Mesdames et Messieurs les D\u00e9put\u00e9s,<\/p>\n<p>Durant l\u2019ann\u00e9e, 2022 la promotion des droits cat\u00e9goriels a \u00e9t\u00e9 poursuivie et am\u00e9lior\u00e9e de mani\u00e8re significative, \u00e0 travers la mise en \u0153uvre de plusieurs programmes de protection sociale et d\u2019offres de services sociaux et d\u2019autonomisation.<\/p>\n<p>Dans le domaine de l\u2019assistance sociale aux groupes vuln\u00e9rables, des actions d\u2019envergure ont \u00e9t\u00e9 r\u00e9alis\u00e9es dont on peut citer la prise en charge des frais de soins au profit (i) de tous les malades indigents \u00e9vacu\u00e9s \u00e0 l\u2019\u00e9tranger, des frais de soins y compris ceux compl\u00e9mentaires non disponibles dans les Centres Hospitaliers Nationaux d\u2019accueil; (ii) de 3.695 malades indigents dans les h\u00f4pitaux nationaux pour une enveloppe financi\u00e8re globale de 20 millions MRU ; (iii) de 162 malades indigents, pour les frais \u00e9lev\u00e9s des interventions chirurgicales en cardiologie \u00e0 travers une subvention annuelle de 10 millions MRU ; (iv) de 765 malades indigents pour les s\u00e9ances de dialyse et des transferts mon\u00e9taires mensuels et r\u00e9guliers pour les aider \u00e0 acqu\u00e9rir les m\u00e9dicaments; et (v) de 3.003 malades chroniques par des transferts mon\u00e9taires mensuels ;<\/p>\n<p>La mise en place d\u2019un partenariat avec la CAMEC et l\u2019ouverture de pharmacies sp\u00e9cifiques aux dialys\u00e9s et autres maladies chroniques, ainsi que la prise en charge totale des frais de soins pour 165 malades \u00e9vacu\u00e9s \u00e0 l\u2019\u00e9tranger sont aussi des actions r\u00e9alis\u00e9es dans le cadre de la protection sociale en 2022.<\/p>\n<p>D\u2019autre part, la promotion et la protection des droits des personnes en situation de handicap a \u00e9t\u00e9 marqu\u00e9e par des r\u00e9alisations notoires : (i) le soutien \u00e0 604 familles ayant en charge des enfants polyhandicap\u00e9s avec des transferts mon\u00e9taires mensuels et r\u00e9guliers ; (ii) la distribution de cartes de personne handicap\u00e9e \u00e0 5.000 citoyens dont 1.966 b\u00e9n\u00e9ficient de l\u2019assurance maladies \u00e0 la CNAM.<\/p>\n<p>Sur le plan de l\u2019autonomie fonctionnelle, 880 aides techniques ont \u00e9t\u00e9 distribu\u00e9es aux handicap\u00e9s et une subvention annuelle de 9,2 millions MRU accord\u00e9e aux associations est d\u00e9j\u00e0 mise \u00e0 leur disposition \u00e0 100%, au niveau de la F\u00e9d\u00e9ration Mauritanienne des Associations de Personnes Handicap\u00e9es. Sans oublier les transferts mon\u00e9taires au profit de 10.000 m\u00e9nages et le financement de 3.000 AGR au profit des m\u00e9nages ayant en leur sein une ou plusieurs personnes vivant avec le handicap. Tous ces m\u00e9nages b\u00e9n\u00e9ficient de l\u2019assurance maladie.<\/p>\n<p>Sur le plan organisationnel, une Strat\u00e9gie Nationale de Promotion des Personnes en Situation de Handicap a \u00e9t\u00e9 \u00e9labor\u00e9e et l\u2019Ecole Nationale de l\u2019Action Sociale est en cours de mise en place.<\/p>\n<p>Les enfants en situation de handicap sont les plus vuln\u00e9rables et les plus exclus de la soci\u00e9t\u00e9. C\u2019est pourquoi le Gouvernement a travaill\u00e9 sur l\u2019am\u00e9lioration des conditions de vie des enfants inscrits dans les 05 structures sp\u00e9cialis\u00e9es par l\u2019octroi de bourses, une cantine scolaire et le financement d\u2019AGR au profit d\u2019une centaine de m\u00e8res de ces enfants.<\/p>\n<p>Dans le domaine de la Famille, du Genre et de la Promotion f\u00e9minine, plusieurs r\u00e9alisations ont \u00e9t\u00e9 enregistr\u00e9es notamment : (i) la mise en place d\u2019un observatoire des droits des femmes en plus de plateformes multisectorielles de lutte contre les violences faites aux femmes et aux filles, et d\u2019un fonds pour la compensation du recouvrement de la pension (Navagha) ; (ii) l\u2019octroi de financements \u00e0 l\u2019insertion au profit de 100 filles sortantes du Centre de Formation pour la Promotion F\u00e9minine (CFPF), pour un montant 3,3 millions MRU et mise en \u0153uvre d\u2019un programme de promotion de l\u2019acc\u00e8s des femmes et filles aux commandes et march\u00e9s publics pour un financement de 4,4 millions MRU ; (iii) le financement de 150 Activit\u00e9s G\u00e9n\u00e9ratrices de Revenus dans les zones frontali\u00e8res avec le Mali.<\/p>\n<p>Par ailleurs, il y a eu la formations qualifiantes au profit de 944 filles et mise en \u0153uvre d\u2019un programme d\u2019autonomisation des femmes et filles \u00e0 travers le financement de 500 AGR et 300 microprojets pour elles ; l\u2019installation en cours de 09 unit\u00e9s d\u2019accueil des femmes et filles victimes de violences et la mise en place de la Banque de la famille.<\/p>\n<p>L\u2019Etat reste aux c\u00f4t\u00e9s des citoyens n\u00e9cessiteux partout o\u00f9 ils se trouvent \u00e0 travers l\u2019aide alimentaire continue et l\u2019assurance maladie en faveur de 100.000 m\u00e9nages. Aussi, en 2022, l\u2019extension et l\u2019augmentation du cash transfert au profit de 100.000 m\u00e9nages, a fourni un soutien \u00e0 la majorit\u00e9 des personnes n\u00e9cessiteuses vivant en milieu pauvre et vuln\u00e9rable.<\/p>\n<p>Et vu l\u2019importance accord\u00e9e par SEM le Pr\u00e9sident de la R\u00e9publique aux familles les plus d\u00e9favoris\u00e9es, un compte d\u2019affectation sp\u00e9cial pour le financement du plan national de riposte aux crises alimentaires a \u00e9t\u00e9 cr\u00e9\u00e9. Ainsi, les interventions des services publics dans les situations d\u2019extr\u00eame n\u00e9cessit\u00e9 n\u2019ont pas manqu\u00e9 durant l\u2019ann\u00e9e \u00e9coul\u00e9e. En effet, 215.000 m\u00e9nages ont b\u00e9n\u00e9fici\u00e9 de l\u2019assistance directe en vivres pour une quantit\u00e9 globale de plus 17.300 tonnes toutes denr\u00e9es confondues, pour un co\u00fbt global 907 millions MRU ; et 19.440 m\u00e9nages ayant \u00e9t\u00e9 victimes des intemp\u00e9ries ont \u00e9t\u00e9 assist\u00e9s par la distribution de vivres et de kits d\u2019abris, pour un co\u00fbt global de pr\u00e8s de 40 millions MRU.<\/p>\n<p>L\u2019appui au pouvoir d\u2019achat des couches \u00e0 faible revenu \u00e0 travers les boutiques TEMWINE a profit\u00e9 \u00e0 131.550 m\u00e9nages, pour un co\u00fbt total de 1.9 milliard MRU ; et 64.000 m\u00e9nages ont \u00e9galement b\u00e9n\u00e9fici\u00e9 d\u2019approvisionnements en produits alimentaires \u00e0 prix r\u00e9duits, dans le cadre l\u2019op\u00e9ration RAMADAN 2022 pour un co\u00fbt global de 115 millions MRU.<\/p>\n<p>Afin de soutenir les secteurs prioritaires en rapport direct avec la s\u00e9curit\u00e9 alimentaire, un Programme d\u2019Appui au Cheptel (PAC) portant sur la mise \u00e0 disposition des \u00e9leveurs de plus de 71 tonnes d\u2019aliments de b\u00e9tail durant la p\u00e9riode de soudure 2022 a \u00e9t\u00e9 ex\u00e9cut\u00e9, pour un montant de 1.6 milliard MRU.<\/p>\n<p>Et pour r\u00e9pondre aux besoins de la distribution du poisson au profit des couches les plus d\u00e9munies, un entrep\u00f4t frigorifique de 1000 tonnes a \u00e9t\u00e9 construit \u00e0 Nouadhibou et trois plateformes de distribution sont en cours de construction \u00e0 Akjoujt, Atar et Zouerate. Le parc de distribution du poisson a \u00e9t\u00e9 renforc\u00e9 par l\u2019acquisition de 5 camions frigos de 5 tonnes chacun. Cela a permis la distribution de 7685 tonnes poissons dans 462 points de vente et 34 centres de distribution sur tout le territoire national. Un stock de s\u00e9curit\u00e9 de 500 tonnes de poissons a \u00e9t\u00e9 mis en place.<\/p>\n<p>Un soutien nutritionnel aux groupes sp\u00e9cifiques a \u00e9t\u00e9 mis en \u0153uvre \u00e0 travers l\u2019ouverture de 364 Centres de R\u00e9cup\u00e9ration Nutritionnelle Ambulatoire (CRENAM), au profit de 14.000 enfants malnutris. Le renforcement des capacit\u00e9s des communaut\u00e9s a \u00e9t\u00e9 soutenu par l\u2019ex\u00e9cution 1452 activit\u00e9s r\u00e9parties en 285 microprojets de r\u00e9alisation des infrastructures \u00e9conomiques et sociales pour un montant 172 millions MRU ; et 1167 Activit\u00e9s G\u00e9n\u00e9ratrices de Revenus (AGR) pour un montant 82 millions MRU.<\/p>\n<p>Monsieur le Pr\u00e9sident, Mesdames et Messieurs les D\u00e9put\u00e9s,<\/p>\n<p>Cet important bilan que je viens de vous d\u00e9livrer, a \u00e9t\u00e9 r\u00e9alis\u00e9 sous la conduite et la supervision rapproch\u00e9e de Son Excellence le Pr\u00e9sident de la R\u00e9publique Monsieur Mohamed Ould Cheikh El-Ghazouani, en un temps record. Il honore le Gouvernement dans son ensemble, d\u2019autant plus qu\u2019il a touch\u00e9 l\u2019ensemble des secteurs de l\u2019Etat, en termes de r\u00e9formes et de r\u00e9alisations physiques. En effet, les secteurs de la Justice, de la Fonction publique, de l\u2019Economie et des Finances, de l\u2019Education, des P\u00eaches, de l\u2019Agriculture et de l\u2019Elevage ont \u00e9t\u00e9 r\u00e9form\u00e9s.<\/p>\n<p>Des projets structurants ont \u00e9t\u00e9 r\u00e9alis\u00e9s ou sont en voie de l\u2019\u00eatre, dans des domaines aussi divers que la sant\u00e9, l\u2019\u00e9ducation, l\u2019enseignement sup\u00e9rieur, technique et professionnel, les b\u00e2timents et l\u2019am\u00e9nagement du territoire, les routes, ou encore la g\u00e9n\u00e9ralisation de l\u2019acc\u00e8s \u00e0 l\u2019eau et \u00e0 l\u2019\u00e9nergie.<\/p>\n<p>Des progr\u00e8s \u00e9normes ont \u00e9t\u00e9 enregistr\u00e9s aussi sur le plan social et l\u2019appui au bien-\u00eatre des populations, et, parmi elles, les couches les plus vuln\u00e9rables. Beaucoup de m\u00e9nages ont \u00e9t\u00e9 soulag\u00e9es et ont moins souffert des impacts des crises conjoncturelles que notre pays, comme l\u2019instar des pays du monde, a v\u00e9cu, gr\u00e2ce \u00e0 l\u2019augmentation, des salaires et du SMIG, de la couverture sanitaire et l\u2019assurance maladie, des distributions de cash, de vivres et du poisson. D\u2019autres projets et actions \u00e0 venir pour cette ann\u00e9e seront orient\u00e9s vers la consolidation des acquis sociaux et la r\u00e9silience de notre \u00e9conomie au service du bien-\u00eatre de tous.<\/p>\n<p>Je ne pourrais terminer cette pr\u00e9sentation sans remercier vivement tous nos partenaires techniques et financiers, ainsi que les pays fr\u00e8res et amis, pour leur appui et l\u2019accompagnement constants. Nous leur exprimons ici au nom du Gouvernement et au peuple mauritaniens toute notre reconnaissance.<\/p>\n<p>Monsieur le Pr\u00e9sident, Mesdames et Messieurs les D\u00e9put\u00e9s,<\/p>\n<p>Telles sont, Monsieur le Pr\u00e9sident, Mesdames et Messieurs les d\u00e9put\u00e9s, les grandes lignes du bilan de l\u2019action du Gouvernement pour l\u2019ann\u00e9e 2022 et ses perspectives pour 2023, en ex\u00e9cution de la d\u00e9claration de politique g\u00e9n\u00e9rale du Gouvernement que j\u2019ai eu l\u2019honneur de pr\u00e9senter devant votre auguste Assembl\u00e9e.<\/p>\n<p>Je vous remercie\u00bb.<\/p>\n","protected":false},"excerpt":{"rendered":"<p>AMI &#8211; Le Premier ministre, M. Mohamed Ould Bilal Massoud, vient d\u2019entamer la pr\u00e9sentation de son rapport annuel devant l\u2019Assembl\u00e9e nationale lors d\u2019une s\u00e9ance publique tenue ce jeudi, sous la pr\u00e9sidence de M. Cheikh Ould Bayh, pr\u00e9sident de l\u2019Assembl\u00e9e nationale. Le rapport du premier ministre porte sur le bilan de l\u2019action du gouvernement au cours&#8230;..<\/p>\n","protected":false},"author":5,"featured_media":3061,"comment_status":"open","ping_status":"open","sticky":false,"template":"","format":"standard","meta":{"footnotes":""},"categories":[23,49],"tags":[],"class_list":["post-3883","post","type-post","status-publish","format-standard","has-post-thumbnail","hentry","category-actualite","category-economie"],"yoast_head":"<!-- This site is optimized with the Yoast SEO plugin v27.5 - https:\/\/yoast.com\/product\/yoast-seo-wordpress\/ -->\n<title>Le Premier ministre pr\u00e9sente devant l\u2019Assembl\u00e9e nationale son rapport annuel - Le Quotidien de Nouakchott<\/title>\n<meta name=\"robots\" content=\"index, follow, max-snippet:-1, max-image-preview:large, max-video-preview:-1\" \/>\n<link rel=\"canonical\" href=\"https:\/\/lequotidien.mr\/?p=3883&lang=fr\" \/>\n<meta property=\"og:locale\" content=\"ar_AR\" \/>\n<meta property=\"og:type\" content=\"article\" \/>\n<meta property=\"og:title\" content=\"Le Premier ministre pr\u00e9sente devant l\u2019Assembl\u00e9e nationale son rapport annuel - Le Quotidien de Nouakchott\" \/>\n<meta property=\"og:description\" content=\"AMI &#8211; Le Premier ministre, M. Mohamed Ould Bilal Massoud, vient d\u2019entamer la pr\u00e9sentation de son rapport annuel devant l\u2019Assembl\u00e9e nationale lors d\u2019une s\u00e9ance publique tenue ce jeudi, sous la pr\u00e9sidence de M. Cheikh Ould Bayh, pr\u00e9sident de l\u2019Assembl\u00e9e nationale. Le rapport du premier ministre porte sur le bilan de l\u2019action du gouvernement au cours.....\" \/>\n<meta property=\"og:url\" content=\"https:\/\/lequotidien.mr\/?p=3883&amp;lang=fr\" \/>\n<meta property=\"og:site_name\" content=\"Le Quotidien de Nouakchott\" \/>\n<meta property=\"article:publisher\" content=\"https:\/\/web.facebook.com\/lequotidienmr\" \/>\n<meta property=\"article:published_time\" content=\"2023-01-26T18:42:05+00:00\" \/>\n<meta property=\"og:image\" content=\"https:\/\/lequotidien.mr\/wp-content\/uploads\/2023\/01\/ould_bilal_i_488.jpg\" \/>\n\t<meta property=\"og:image:width\" content=\"480\" \/>\n\t<meta property=\"og:image:height\" content=\"371\" \/>\n\t<meta property=\"og:image:type\" content=\"image\/jpeg\" \/>\n<meta name=\"author\" content=\"Gayi Diawara\" \/>\n<meta name=\"twitter:card\" content=\"summary_large_image\" \/>\n<meta name=\"twitter:creator\" content=\"@lequotidienmr\" \/>\n<meta name=\"twitter:site\" content=\"@lequotidienmr\" \/>\n<meta name=\"twitter:label1\" content=\"\u0643\u064f\u062a\u0628 \u0628\u0648\u0627\u0633\u0637\u0629\" \/>\n\t<meta name=\"twitter:data1\" content=\"Gayi Diawara\" \/>\n\t<meta name=\"twitter:label2\" content=\"\u0648\u0642\u062a \u0627\u0644\u0642\u0631\u0627\u0621\u0629 \u0627\u0644\u0645\u064f\u0642\u062f\u0651\u0631\" \/>\n\t<meta name=\"twitter:data2\" content=\"73 \u062f\u0642\u064a\u0642\u0629\" \/>\n<script type=\"application\/ld+json\" class=\"yoast-schema-graph\">{\"@context\":\"https:\\\/\\\/schema.org\",\"@graph\":[{\"@type\":\"Article\",\"@id\":\"https:\\\/\\\/lequotidien.mr\\\/?p=3883&lang=fr#article\",\"isPartOf\":{\"@id\":\"https:\\\/\\\/lequotidien.mr\\\/?p=3883&lang=fr\"},\"author\":{\"name\":\"Gayi Diawara\",\"@id\":\"https:\\\/\\\/lequotidien.mr\\\/#\\\/schema\\\/person\\\/1077c8abd5640a6514b909318d271dee\"},\"headline\":\"Le Premier ministre pr\u00e9sente devant l\u2019Assembl\u00e9e nationale son rapport annuel\",\"datePublished\":\"2023-01-26T18:42:05+00:00\",\"mainEntityOfPage\":{\"@id\":\"https:\\\/\\\/lequotidien.mr\\\/?p=3883&lang=fr\"},\"wordCount\":19122,\"commentCount\":0,\"publisher\":{\"@id\":\"https:\\\/\\\/lequotidien.mr\\\/#organization\"},\"image\":{\"@id\":\"https:\\\/\\\/lequotidien.mr\\\/?p=3883&lang=fr#primaryimage\"},\"thumbnailUrl\":\"https:\\\/\\\/lequotidien.mr\\\/wp-content\\\/uploads\\\/2023\\\/01\\\/ould_bilal_i_488.jpg\",\"articleSection\":[\"ACTUALIT\u00c9\",\"Economie\"],\"inLanguage\":\"ar\",\"potentialAction\":[{\"@type\":\"CommentAction\",\"name\":\"Comment\",\"target\":[\"https:\\\/\\\/lequotidien.mr\\\/?p=3883&lang=fr#respond\"]}]},{\"@type\":\"WebPage\",\"@id\":\"https:\\\/\\\/lequotidien.mr\\\/?p=3883&lang=fr\",\"url\":\"https:\\\/\\\/lequotidien.mr\\\/?p=3883&lang=fr\",\"name\":\"Le Premier ministre pr\u00e9sente devant l\u2019Assembl\u00e9e nationale son rapport annuel - Le Quotidien de Nouakchott\",\"isPartOf\":{\"@id\":\"https:\\\/\\\/lequotidien.mr\\\/#website\"},\"primaryImageOfPage\":{\"@id\":\"https:\\\/\\\/lequotidien.mr\\\/?p=3883&lang=fr#primaryimage\"},\"image\":{\"@id\":\"https:\\\/\\\/lequotidien.mr\\\/?p=3883&lang=fr#primaryimage\"},\"thumbnailUrl\":\"https:\\\/\\\/lequotidien.mr\\\/wp-content\\\/uploads\\\/2023\\\/01\\\/ould_bilal_i_488.jpg\",\"datePublished\":\"2023-01-26T18:42:05+00:00\",\"breadcrumb\":{\"@id\":\"https:\\\/\\\/lequotidien.mr\\\/?p=3883&lang=fr#breadcrumb\"},\"inLanguage\":\"ar\",\"potentialAction\":[{\"@type\":\"ReadAction\",\"target\":[\"https:\\\/\\\/lequotidien.mr\\\/?p=3883&lang=fr\"]}]},{\"@type\":\"ImageObject\",\"inLanguage\":\"ar\",\"@id\":\"https:\\\/\\\/lequotidien.mr\\\/?p=3883&lang=fr#primaryimage\",\"url\":\"https:\\\/\\\/lequotidien.mr\\\/wp-content\\\/uploads\\\/2023\\\/01\\\/ould_bilal_i_488.jpg\",\"contentUrl\":\"https:\\\/\\\/lequotidien.mr\\\/wp-content\\\/uploads\\\/2023\\\/01\\\/ould_bilal_i_488.jpg\",\"width\":480,\"height\":371},{\"@type\":\"BreadcrumbList\",\"@id\":\"https:\\\/\\\/lequotidien.mr\\\/?p=3883&lang=fr#breadcrumb\",\"itemListElement\":[{\"@type\":\"ListItem\",\"position\":1,\"name\":\"Home\",\"item\":\"https:\\\/\\\/lequotidien.mr\\\/\"},{\"@type\":\"ListItem\",\"position\":2,\"name\":\"Le Premier ministre pr\u00e9sente devant l\u2019Assembl\u00e9e nationale son rapport annuel\"}]},{\"@type\":\"WebSite\",\"@id\":\"https:\\\/\\\/lequotidien.mr\\\/#website\",\"url\":\"https:\\\/\\\/lequotidien.mr\\\/\",\"name\":\"Le Quotidien de Nouakchott\",\"description\":\"\u0625\u062e\u0628\u0627\u0631\u064a\u0629 \u0645\u0633\u062a\u0642\u0644\u0629 \u0644\u0644\u0623\u0646\u0628\u0627\u0621 \u0627\u0644\u0639\u0627\u0645\u0629\",\"publisher\":{\"@id\":\"https:\\\/\\\/lequotidien.mr\\\/#organization\"},\"potentialAction\":[{\"@type\":\"SearchAction\",\"target\":{\"@type\":\"EntryPoint\",\"urlTemplate\":\"https:\\\/\\\/lequotidien.mr\\\/?s={search_term_string}\"},\"query-input\":{\"@type\":\"PropertyValueSpecification\",\"valueRequired\":true,\"valueName\":\"search_term_string\"}}],\"inLanguage\":\"ar\"},{\"@type\":\"Organization\",\"@id\":\"https:\\\/\\\/lequotidien.mr\\\/#organization\",\"name\":\"Le Quotidien de Nouakchott\",\"url\":\"https:\\\/\\\/lequotidien.mr\\\/\",\"logo\":{\"@type\":\"ImageObject\",\"inLanguage\":\"ar\",\"@id\":\"https:\\\/\\\/lequotidien.mr\\\/#\\\/schema\\\/logo\\\/image\\\/\",\"url\":\"https:\\\/\\\/lequotidien.mr\\\/wp-content\\\/uploads\\\/2022\\\/11\\\/logolequotidien.jpg\",\"contentUrl\":\"https:\\\/\\\/lequotidien.mr\\\/wp-content\\\/uploads\\\/2022\\\/11\\\/logolequotidien.jpg\",\"width\":290,\"height\":65,\"caption\":\"Le Quotidien de Nouakchott\"},\"image\":{\"@id\":\"https:\\\/\\\/lequotidien.mr\\\/#\\\/schema\\\/logo\\\/image\\\/\"},\"sameAs\":[\"https:\\\/\\\/web.facebook.com\\\/lequotidienmr\",\"https:\\\/\\\/x.com\\\/lequotidienmr\"]},{\"@type\":\"Person\",\"@id\":\"https:\\\/\\\/lequotidien.mr\\\/#\\\/schema\\\/person\\\/1077c8abd5640a6514b909318d271dee\",\"name\":\"Gayi Diawara\",\"image\":{\"@type\":\"ImageObject\",\"inLanguage\":\"ar\",\"@id\":\"https:\\\/\\\/secure.gravatar.com\\\/avatar\\\/63ea8db1e19a6d2d608b24c0f78b5f3a7d6e0bc11959fec273410af333e4d0ac?s=96&d=mm&r=g\",\"url\":\"https:\\\/\\\/secure.gravatar.com\\\/avatar\\\/63ea8db1e19a6d2d608b24c0f78b5f3a7d6e0bc11959fec273410af333e4d0ac?s=96&d=mm&r=g\",\"contentUrl\":\"https:\\\/\\\/secure.gravatar.com\\\/avatar\\\/63ea8db1e19a6d2d608b24c0f78b5f3a7d6e0bc11959fec273410af333e4d0ac?s=96&d=mm&r=g\",\"caption\":\"Gayi Diawara\"},\"sameAs\":[\"http:\\\/\\\/lequotidien.mr\"],\"url\":\"https:\\\/\\\/lequotidien.mr\\\/?author=5\"}]}<\/script>\n<!-- \/ Yoast SEO plugin. -->","yoast_head_json":{"title":"Le Premier ministre pr\u00e9sente devant l\u2019Assembl\u00e9e nationale son rapport annuel - Le Quotidien de Nouakchott","robots":{"index":"index","follow":"follow","max-snippet":"max-snippet:-1","max-image-preview":"max-image-preview:large","max-video-preview":"max-video-preview:-1"},"canonical":"https:\/\/lequotidien.mr\/?p=3883&lang=fr","og_locale":"ar_AR","og_type":"article","og_title":"Le Premier ministre pr\u00e9sente devant l\u2019Assembl\u00e9e nationale son rapport annuel - Le Quotidien de Nouakchott","og_description":"AMI &#8211; Le Premier ministre, M. Mohamed Ould Bilal Massoud, vient d\u2019entamer la pr\u00e9sentation de son rapport annuel devant l\u2019Assembl\u00e9e nationale lors d\u2019une s\u00e9ance publique tenue ce jeudi, sous la pr\u00e9sidence de M. Cheikh Ould Bayh, pr\u00e9sident de l\u2019Assembl\u00e9e nationale. Le rapport du premier ministre porte sur le bilan de l\u2019action du gouvernement au cours.....","og_url":"https:\/\/lequotidien.mr\/?p=3883&lang=fr","og_site_name":"Le Quotidien de Nouakchott","article_publisher":"https:\/\/web.facebook.com\/lequotidienmr","article_published_time":"2023-01-26T18:42:05+00:00","og_image":[{"width":480,"height":371,"url":"https:\/\/lequotidien.mr\/wp-content\/uploads\/2023\/01\/ould_bilal_i_488.jpg","type":"image\/jpeg"}],"author":"Gayi Diawara","twitter_card":"summary_large_image","twitter_creator":"@lequotidienmr","twitter_site":"@lequotidienmr","twitter_misc":{"\u0643\u064f\u062a\u0628 \u0628\u0648\u0627\u0633\u0637\u0629":"Gayi Diawara","\u0648\u0642\u062a \u0627\u0644\u0642\u0631\u0627\u0621\u0629 \u0627\u0644\u0645\u064f\u0642\u062f\u0651\u0631":"73 \u062f\u0642\u064a\u0642\u0629"},"schema":{"@context":"https:\/\/schema.org","@graph":[{"@type":"Article","@id":"https:\/\/lequotidien.mr\/?p=3883&lang=fr#article","isPartOf":{"@id":"https:\/\/lequotidien.mr\/?p=3883&lang=fr"},"author":{"name":"Gayi Diawara","@id":"https:\/\/lequotidien.mr\/#\/schema\/person\/1077c8abd5640a6514b909318d271dee"},"headline":"Le Premier ministre pr\u00e9sente devant l\u2019Assembl\u00e9e nationale son rapport annuel","datePublished":"2023-01-26T18:42:05+00:00","mainEntityOfPage":{"@id":"https:\/\/lequotidien.mr\/?p=3883&lang=fr"},"wordCount":19122,"commentCount":0,"publisher":{"@id":"https:\/\/lequotidien.mr\/#organization"},"image":{"@id":"https:\/\/lequotidien.mr\/?p=3883&lang=fr#primaryimage"},"thumbnailUrl":"https:\/\/lequotidien.mr\/wp-content\/uploads\/2023\/01\/ould_bilal_i_488.jpg","articleSection":["ACTUALIT\u00c9","Economie"],"inLanguage":"ar","potentialAction":[{"@type":"CommentAction","name":"Comment","target":["https:\/\/lequotidien.mr\/?p=3883&lang=fr#respond"]}]},{"@type":"WebPage","@id":"https:\/\/lequotidien.mr\/?p=3883&lang=fr","url":"https:\/\/lequotidien.mr\/?p=3883&lang=fr","name":"Le Premier ministre pr\u00e9sente devant l\u2019Assembl\u00e9e nationale son rapport annuel - Le Quotidien de Nouakchott","isPartOf":{"@id":"https:\/\/lequotidien.mr\/#website"},"primaryImageOfPage":{"@id":"https:\/\/lequotidien.mr\/?p=3883&lang=fr#primaryimage"},"image":{"@id":"https:\/\/lequotidien.mr\/?p=3883&lang=fr#primaryimage"},"thumbnailUrl":"https:\/\/lequotidien.mr\/wp-content\/uploads\/2023\/01\/ould_bilal_i_488.jpg","datePublished":"2023-01-26T18:42:05+00:00","breadcrumb":{"@id":"https:\/\/lequotidien.mr\/?p=3883&lang=fr#breadcrumb"},"inLanguage":"ar","potentialAction":[{"@type":"ReadAction","target":["https:\/\/lequotidien.mr\/?p=3883&lang=fr"]}]},{"@type":"ImageObject","inLanguage":"ar","@id":"https:\/\/lequotidien.mr\/?p=3883&lang=fr#primaryimage","url":"https:\/\/lequotidien.mr\/wp-content\/uploads\/2023\/01\/ould_bilal_i_488.jpg","contentUrl":"https:\/\/lequotidien.mr\/wp-content\/uploads\/2023\/01\/ould_bilal_i_488.jpg","width":480,"height":371},{"@type":"BreadcrumbList","@id":"https:\/\/lequotidien.mr\/?p=3883&lang=fr#breadcrumb","itemListElement":[{"@type":"ListItem","position":1,"name":"Home","item":"https:\/\/lequotidien.mr\/"},{"@type":"ListItem","position":2,"name":"Le Premier ministre pr\u00e9sente devant l\u2019Assembl\u00e9e nationale son rapport annuel"}]},{"@type":"WebSite","@id":"https:\/\/lequotidien.mr\/#website","url":"https:\/\/lequotidien.mr\/","name":"Le Quotidien de Nouakchott","description":"\u0625\u062e\u0628\u0627\u0631\u064a\u0629 \u0645\u0633\u062a\u0642\u0644\u0629 \u0644\u0644\u0623\u0646\u0628\u0627\u0621 \u0627\u0644\u0639\u0627\u0645\u0629","publisher":{"@id":"https:\/\/lequotidien.mr\/#organization"},"potentialAction":[{"@type":"SearchAction","target":{"@type":"EntryPoint","urlTemplate":"https:\/\/lequotidien.mr\/?s={search_term_string}"},"query-input":{"@type":"PropertyValueSpecification","valueRequired":true,"valueName":"search_term_string"}}],"inLanguage":"ar"},{"@type":"Organization","@id":"https:\/\/lequotidien.mr\/#organization","name":"Le Quotidien de Nouakchott","url":"https:\/\/lequotidien.mr\/","logo":{"@type":"ImageObject","inLanguage":"ar","@id":"https:\/\/lequotidien.mr\/#\/schema\/logo\/image\/","url":"https:\/\/lequotidien.mr\/wp-content\/uploads\/2022\/11\/logolequotidien.jpg","contentUrl":"https:\/\/lequotidien.mr\/wp-content\/uploads\/2022\/11\/logolequotidien.jpg","width":290,"height":65,"caption":"Le Quotidien de Nouakchott"},"image":{"@id":"https:\/\/lequotidien.mr\/#\/schema\/logo\/image\/"},"sameAs":["https:\/\/web.facebook.com\/lequotidienmr","https:\/\/x.com\/lequotidienmr"]},{"@type":"Person","@id":"https:\/\/lequotidien.mr\/#\/schema\/person\/1077c8abd5640a6514b909318d271dee","name":"Gayi Diawara","image":{"@type":"ImageObject","inLanguage":"ar","@id":"https:\/\/secure.gravatar.com\/avatar\/63ea8db1e19a6d2d608b24c0f78b5f3a7d6e0bc11959fec273410af333e4d0ac?s=96&d=mm&r=g","url":"https:\/\/secure.gravatar.com\/avatar\/63ea8db1e19a6d2d608b24c0f78b5f3a7d6e0bc11959fec273410af333e4d0ac?s=96&d=mm&r=g","contentUrl":"https:\/\/secure.gravatar.com\/avatar\/63ea8db1e19a6d2d608b24c0f78b5f3a7d6e0bc11959fec273410af333e4d0ac?s=96&d=mm&r=g","caption":"Gayi Diawara"},"sameAs":["http:\/\/lequotidien.mr"],"url":"https:\/\/lequotidien.mr\/?author=5"}]}},"_links":{"self":[{"href":"https:\/\/lequotidien.mr\/index.php?rest_route=\/wp\/v2\/posts\/3883","targetHints":{"allow":["GET"]}}],"collection":[{"href":"https:\/\/lequotidien.mr\/index.php?rest_route=\/wp\/v2\/posts"}],"about":[{"href":"https:\/\/lequotidien.mr\/index.php?rest_route=\/wp\/v2\/types\/post"}],"author":[{"embeddable":true,"href":"https:\/\/lequotidien.mr\/index.php?rest_route=\/wp\/v2\/users\/5"}],"replies":[{"embeddable":true,"href":"https:\/\/lequotidien.mr\/index.php?rest_route=%2Fwp%2Fv2%2Fcomments&post=3883"}],"version-history":[{"count":1,"href":"https:\/\/lequotidien.mr\/index.php?rest_route=\/wp\/v2\/posts\/3883\/revisions"}],"predecessor-version":[{"id":3884,"href":"https:\/\/lequotidien.mr\/index.php?rest_route=\/wp\/v2\/posts\/3883\/revisions\/3884"}],"wp:featuredmedia":[{"embeddable":true,"href":"https:\/\/lequotidien.mr\/index.php?rest_route=\/wp\/v2\/media\/3061"}],"wp:attachment":[{"href":"https:\/\/lequotidien.mr\/index.php?rest_route=%2Fwp%2Fv2%2Fmedia&parent=3883"}],"wp:term":[{"taxonomy":"category","embeddable":true,"href":"https:\/\/lequotidien.mr\/index.php?rest_route=%2Fwp%2Fv2%2Fcategories&post=3883"},{"taxonomy":"post_tag","embeddable":true,"href":"https:\/\/lequotidien.mr\/index.php?rest_route=%2Fwp%2Fv2%2Ftags&post=3883"}],"curies":[{"name":"wp","href":"https:\/\/api.w.org\/{rel}","templated":true}]}}