{"id":3825,"date":"2023-01-25T16:48:33","date_gmt":"2023-01-25T16:48:33","guid":{"rendered":"https:\/\/lequotidien.mr\/?p=3825"},"modified":"2023-01-30T13:31:30","modified_gmt":"2023-01-30T13:31:30","slug":"le-president-ghazouani-a-dakar-pour-participer-au-sommet-sur-la-souverainete-alimentaire-en-afrique","status":"publish","type":"post","link":"https:\/\/lequotidien.mr\/?p=3825&lang=fr","title":{"rendered":"Le pr\u00e9sident Ghazouani \u00e0 Dakar pour participer au sommet sur la souverainet\u00e9 alimentaire en Afrique"},"content":{"rendered":"<p>Saharam\u00e9dias &#8211; Le pr\u00e9sident mauritanien a quitt\u00e9 Nouakchott de mercredi \u00e0 destination de Dakar afin de participer aux travaux de \u00ab Dakar 2 \u00bb sur la souverainet\u00e9 alimentaire en Afrique qui se tient du 25 au 27 janvier ans la capitale s\u00e9n\u00e9galaise sous le th\u00e8me : \u00ab nourrir l\u2019Afrique souverainet\u00e9 alimentaire et capacit\u00e9 de r\u00e9silience \u00bb.<\/p>\n<p>Au cours de ce voyage le pr\u00e9sident mauritanien est accompagn\u00e9 d\u2019une d\u00e9l\u00e9gation comprenant les ministres des affaires \u00e9conomiques et de la promotion des secteurs productifs, de l\u2019agriculture, de l\u2019\u00e9levage, respectivement Ousmane Mamoudou Kane, Yahya O. Ahmed El Waghef et Mohamed Abdallahi O. Ethmane et de la commissaire \u00e0 la s\u00e9curit\u00e9 alimentaire Fatimetou mint Khattri.<\/p>\n<p>Il est \u00e9galement accompagn\u00e9 d\u2019une d\u00e9l\u00e9gation d\u2019hommes d\u2018affaires comprenant le pr\u00e9sident du patronat, Mohamed Zein El Abidine O. Cheikh Ahmed, le pr\u00e9sident de la f\u00e9d\u00e9ration de l\u2019agriculture Dia Adama et le pr\u00e9sident de la f\u00e9d\u00e9ration de l\u2019\u00e9levage, Moustapha O. Abdalla.<\/p>\n<p>Ce deuxi\u00e8me sommet intervient apr\u00e8s celui qui s\u2019est tenue en 2015 et qui avait d\u00e9fini les contours de la strat\u00e9gie alimentaire en Afrique (transformation agricole en Afrique 2016-2025).<\/p>\n<p>Au cours de ce sommet les chefs d\u2019\u00e9tat et de gouvernements africains vont tenter de mobiliser les ressources au niveau des gouvernements, les partenaires au d\u00e9veloppement et le secteur priv\u00e9 pour une meilleure exploitation des capacit\u00e9s agricoles et alimentaires en Afrique et \u00e0 mettre en \u00e9vidence les initiatives concr\u00e8tes dans ce domaine afin de consolider la souverainet\u00e9 africaine dans le domaine alimentaire.<\/p>\n<p>Le sommet va \u00e9galement tenter d\u2019encourager le secteur priv\u00e9 \u00e0 d\u00e9velopper des cha\u00eenes de valeur alimentaires vitales.<\/p>\n<p>Le programme du sommet pr\u00e9voit des tables rondes des pl\u00e9ni\u00e8res de haut niveau et des discussions pour d\u00e9velopper les accords et appuis alimentaires et agricoles pour chaque pays.<\/p>\n<p>L\u2019ordre du jour pr\u00e9voit aussi de mobiliser l\u2019engagement politique de haut niveau sur la production, les march\u00e9s et le commerce pour l\u2019application des initiatives et des accords pour la remise de produits alimentaires et agricoles \u00e0 un certain nombre de pays, la mobilisation et le coordination des ressources gouvernementales, les partenaires au d\u00e9veloppement, les financements du secteur priv\u00e9 dans ce domaine afin de r\u00e9aliser la s\u00e9curit\u00e9 alimentaire \u00e0 grande \u00e9chelle dans tous les pays africains.<\/p>\n<p>Cette mesure a pour but d\u2019\u00e9changer les exp\u00e9riences r\u00e9ussies dans le domaine de l\u2019alimentation et l\u2019agriculture, accro\u00eetre la production agricole \u00e0 travers les techniques d\u00e9velopp\u00e9es, l\u2019\u00e9levage, l\u2019aquaculture, les services conseil adapt\u00e9s au climat, le soutien \u00e0 la recherche et au d\u00e9veloppement de technologies agricoles r\u00e9silientes au climat, le d\u00e9veloppement des infrastructures et de la logistique n\u00e9cessaires, en particulier pour la construction de march\u00e9s et de cha\u00eenes de valeur alimentaires et agricoles comp\u00e9titives.<\/p>\n<p>Selon un communiqu\u00e9 de la banque africaine de d\u00e9veloppement 828 millions de personnes dans le monde souffrent de la faim dont 249 millions se trouvent en Afrique, soit le tiers.<\/p>\n<p>Bien qu\u2019elle dispose de 65 % des terres arables restantes pour nourrir les 9 milliards de personnes dans le monde d\u2019ici 2050, l\u2019Afrique importe plus de 100 millions de tonnes m\u00e9triques de nourriture par an pour un co\u00fbt de 75 milliards de dollars.<\/p>\n<p>Selon la banque, l\u2019Afrique est en mesure de se nourrir et de contribuer \u00e0 l\u2019alimentation du reste du monde.<\/p>\n","protected":false},"excerpt":{"rendered":"<p>Saharam\u00e9dias &#8211; Le pr\u00e9sident mauritanien a quitt\u00e9 Nouakchott de mercredi \u00e0 destination de Dakar afin de participer aux travaux de \u00ab Dakar 2 \u00bb sur la souverainet\u00e9 alimentaire en Afrique qui se tient du 25 au 27 janvier ans la capitale s\u00e9n\u00e9galaise sous le th\u00e8me : \u00ab nourrir l\u2019Afrique souverainet\u00e9 alimentaire et capacit\u00e9 de r\u00e9silience&#8230;..<\/p>\n","protected":false},"author":5,"featured_media":3826,"comment_status":"open","ping_status":"open","sticky":false,"template":"","format":"standard","meta":{"footnotes":""},"categories":[23,49],"tags":[],"class_list":["post-3825","post","type-post","status-publish","format-standard","has-post-thumbnail","hentry","category-actualite","category-economie"],"yoast_head":"<!-- This site is optimized with the Yoast SEO plugin v27.5 - https:\/\/yoast.com\/product\/yoast-seo-wordpress\/ -->\n<title>Le pr\u00e9sident Ghazouani \u00e0 Dakar pour participer au sommet sur la souverainet\u00e9 alimentaire en Afrique - Le Quotidien de Nouakchott<\/title>\n<meta name=\"robots\" content=\"index, follow, max-snippet:-1, max-image-preview:large, max-video-preview:-1\" \/>\n<link rel=\"canonical\" href=\"https:\/\/lequotidien.mr\/?p=3825&lang=fr\" \/>\n<meta property=\"og:locale\" content=\"ar_AR\" \/>\n<meta property=\"og:type\" content=\"article\" \/>\n<meta property=\"og:title\" content=\"Le pr\u00e9sident Ghazouani \u00e0 Dakar pour participer au sommet sur la souverainet\u00e9 alimentaire en Afrique - Le Quotidien de Nouakchott\" \/>\n<meta property=\"og:description\" content=\"Saharam\u00e9dias &#8211; Le pr\u00e9sident mauritanien a quitt\u00e9 Nouakchott de mercredi \u00e0 destination de Dakar afin de participer aux travaux de \u00ab Dakar 2 \u00bb sur la souverainet\u00e9 alimentaire en Afrique qui se tient du 25 au 27 janvier ans la capitale s\u00e9n\u00e9galaise sous le th\u00e8me : \u00ab nourrir l\u2019Afrique souverainet\u00e9 alimentaire et capacit\u00e9 de r\u00e9silience.....\" \/>\n<meta property=\"og:url\" content=\"https:\/\/lequotidien.mr\/?p=3825&amp;lang=fr\" \/>\n<meta property=\"og:site_name\" content=\"Le Quotidien de Nouakchott\" \/>\n<meta property=\"article:publisher\" content=\"https:\/\/web.facebook.com\/lequotidienmr\" \/>\n<meta property=\"article:published_time\" content=\"2023-01-25T16:48:33+00:00\" \/>\n<meta property=\"article:modified_time\" content=\"2023-01-30T13:31:30+00:00\" \/>\n<meta property=\"og:image\" content=\"https:\/\/lequotidien.mr\/wp-content\/uploads\/2023\/01\/ghazouani_1674135815.jpg\" \/>\n\t<meta property=\"og:image:width\" content=\"1256\" \/>\n\t<meta property=\"og:image:height\" content=\"628\" \/>\n\t<meta property=\"og:image:type\" content=\"image\/jpeg\" \/>\n<meta name=\"author\" content=\"Gayi Diawara\" \/>\n<meta name=\"twitter:card\" content=\"summary_large_image\" \/>\n<meta name=\"twitter:creator\" content=\"@lequotidienmr\" \/>\n<meta name=\"twitter:site\" content=\"@lequotidienmr\" \/>\n<meta name=\"twitter:label1\" content=\"\u0643\u064f\u062a\u0628 \u0628\u0648\u0627\u0633\u0637\u0629\" \/>\n\t<meta name=\"twitter:data1\" content=\"Gayi Diawara\" \/>\n\t<meta name=\"twitter:label2\" content=\"\u0648\u0642\u062a \u0627\u0644\u0642\u0631\u0627\u0621\u0629 \u0627\u0644\u0645\u064f\u0642\u062f\u0651\u0631\" \/>\n\t<meta name=\"twitter:data2\" content=\"3 \u062f\u0642\u0627\u0626\u0642\" \/>\n<script type=\"application\/ld+json\" class=\"yoast-schema-graph\">{\"@context\":\"https:\\\/\\\/schema.org\",\"@graph\":[{\"@type\":\"Article\",\"@id\":\"https:\\\/\\\/lequotidien.mr\\\/?p=3825&lang=fr#article\",\"isPartOf\":{\"@id\":\"https:\\\/\\\/lequotidien.mr\\\/?p=3825&lang=fr\"},\"author\":{\"name\":\"Gayi Diawara\",\"@id\":\"https:\\\/\\\/lequotidien.mr\\\/#\\\/schema\\\/person\\\/1077c8abd5640a6514b909318d271dee\"},\"headline\":\"Le pr\u00e9sident Ghazouani \u00e0 Dakar pour participer au sommet sur la souverainet\u00e9 alimentaire en Afrique\",\"datePublished\":\"2023-01-25T16:48:33+00:00\",\"dateModified\":\"2023-01-30T13:31:30+00:00\",\"mainEntityOfPage\":{\"@id\":\"https:\\\/\\\/lequotidien.mr\\\/?p=3825&lang=fr\"},\"wordCount\":591,\"commentCount\":0,\"publisher\":{\"@id\":\"https:\\\/\\\/lequotidien.mr\\\/#organization\"},\"image\":{\"@id\":\"https:\\\/\\\/lequotidien.mr\\\/?p=3825&lang=fr#primaryimage\"},\"thumbnailUrl\":\"https:\\\/\\\/lequotidien.mr\\\/wp-content\\\/uploads\\\/2023\\\/01\\\/ghazouani_1674135815.jpg\",\"articleSection\":[\"ACTUALIT\u00c9\",\"Economie\"],\"inLanguage\":\"ar\",\"potentialAction\":[{\"@type\":\"CommentAction\",\"name\":\"Comment\",\"target\":[\"https:\\\/\\\/lequotidien.mr\\\/?p=3825&lang=fr#respond\"]}]},{\"@type\":\"WebPage\",\"@id\":\"https:\\\/\\\/lequotidien.mr\\\/?p=3825&lang=fr\",\"url\":\"https:\\\/\\\/lequotidien.mr\\\/?p=3825&lang=fr\",\"name\":\"Le pr\u00e9sident Ghazouani \u00e0 Dakar pour participer au sommet sur la souverainet\u00e9 alimentaire en Afrique - Le Quotidien de Nouakchott\",\"isPartOf\":{\"@id\":\"https:\\\/\\\/lequotidien.mr\\\/#website\"},\"primaryImageOfPage\":{\"@id\":\"https:\\\/\\\/lequotidien.mr\\\/?p=3825&lang=fr#primaryimage\"},\"image\":{\"@id\":\"https:\\\/\\\/lequotidien.mr\\\/?p=3825&lang=fr#primaryimage\"},\"thumbnailUrl\":\"https:\\\/\\\/lequotidien.mr\\\/wp-content\\\/uploads\\\/2023\\\/01\\\/ghazouani_1674135815.jpg\",\"datePublished\":\"2023-01-25T16:48:33+00:00\",\"dateModified\":\"2023-01-30T13:31:30+00:00\",\"breadcrumb\":{\"@id\":\"https:\\\/\\\/lequotidien.mr\\\/?p=3825&lang=fr#breadcrumb\"},\"inLanguage\":\"ar\",\"potentialAction\":[{\"@type\":\"ReadAction\",\"target\":[\"https:\\\/\\\/lequotidien.mr\\\/?p=3825&lang=fr\"]}]},{\"@type\":\"ImageObject\",\"inLanguage\":\"ar\",\"@id\":\"https:\\\/\\\/lequotidien.mr\\\/?p=3825&lang=fr#primaryimage\",\"url\":\"https:\\\/\\\/lequotidien.mr\\\/wp-content\\\/uploads\\\/2023\\\/01\\\/ghazouani_1674135815.jpg\",\"contentUrl\":\"https:\\\/\\\/lequotidien.mr\\\/wp-content\\\/uploads\\\/2023\\\/01\\\/ghazouani_1674135815.jpg\",\"width\":1256,\"height\":628},{\"@type\":\"BreadcrumbList\",\"@id\":\"https:\\\/\\\/lequotidien.mr\\\/?p=3825&lang=fr#breadcrumb\",\"itemListElement\":[{\"@type\":\"ListItem\",\"position\":1,\"name\":\"Home\",\"item\":\"https:\\\/\\\/lequotidien.mr\\\/\"},{\"@type\":\"ListItem\",\"position\":2,\"name\":\"Le pr\u00e9sident Ghazouani \u00e0 Dakar pour participer au sommet sur la souverainet\u00e9 alimentaire en Afrique\"}]},{\"@type\":\"WebSite\",\"@id\":\"https:\\\/\\\/lequotidien.mr\\\/#website\",\"url\":\"https:\\\/\\\/lequotidien.mr\\\/\",\"name\":\"Le Quotidien de Nouakchott\",\"description\":\"\u0625\u062e\u0628\u0627\u0631\u064a\u0629 \u0645\u0633\u062a\u0642\u0644\u0629 \u0644\u0644\u0623\u0646\u0628\u0627\u0621 \u0627\u0644\u0639\u0627\u0645\u0629\",\"publisher\":{\"@id\":\"https:\\\/\\\/lequotidien.mr\\\/#organization\"},\"potentialAction\":[{\"@type\":\"SearchAction\",\"target\":{\"@type\":\"EntryPoint\",\"urlTemplate\":\"https:\\\/\\\/lequotidien.mr\\\/?s={search_term_string}\"},\"query-input\":{\"@type\":\"PropertyValueSpecification\",\"valueRequired\":true,\"valueName\":\"search_term_string\"}}],\"inLanguage\":\"ar\"},{\"@type\":\"Organization\",\"@id\":\"https:\\\/\\\/lequotidien.mr\\\/#organization\",\"name\":\"Le Quotidien de Nouakchott\",\"url\":\"https:\\\/\\\/lequotidien.mr\\\/\",\"logo\":{\"@type\":\"ImageObject\",\"inLanguage\":\"ar\",\"@id\":\"https:\\\/\\\/lequotidien.mr\\\/#\\\/schema\\\/logo\\\/image\\\/\",\"url\":\"https:\\\/\\\/lequotidien.mr\\\/wp-content\\\/uploads\\\/2022\\\/11\\\/logolequotidien.jpg\",\"contentUrl\":\"https:\\\/\\\/lequotidien.mr\\\/wp-content\\\/uploads\\\/2022\\\/11\\\/logolequotidien.jpg\",\"width\":290,\"height\":65,\"caption\":\"Le Quotidien de Nouakchott\"},\"image\":{\"@id\":\"https:\\\/\\\/lequotidien.mr\\\/#\\\/schema\\\/logo\\\/image\\\/\"},\"sameAs\":[\"https:\\\/\\\/web.facebook.com\\\/lequotidienmr\",\"https:\\\/\\\/x.com\\\/lequotidienmr\"]},{\"@type\":\"Person\",\"@id\":\"https:\\\/\\\/lequotidien.mr\\\/#\\\/schema\\\/person\\\/1077c8abd5640a6514b909318d271dee\",\"name\":\"Gayi Diawara\",\"image\":{\"@type\":\"ImageObject\",\"inLanguage\":\"ar\",\"@id\":\"https:\\\/\\\/secure.gravatar.com\\\/avatar\\\/63ea8db1e19a6d2d608b24c0f78b5f3a7d6e0bc11959fec273410af333e4d0ac?s=96&d=mm&r=g\",\"url\":\"https:\\\/\\\/secure.gravatar.com\\\/avatar\\\/63ea8db1e19a6d2d608b24c0f78b5f3a7d6e0bc11959fec273410af333e4d0ac?s=96&d=mm&r=g\",\"contentUrl\":\"https:\\\/\\\/secure.gravatar.com\\\/avatar\\\/63ea8db1e19a6d2d608b24c0f78b5f3a7d6e0bc11959fec273410af333e4d0ac?s=96&d=mm&r=g\",\"caption\":\"Gayi Diawara\"},\"sameAs\":[\"http:\\\/\\\/lequotidien.mr\"],\"url\":\"https:\\\/\\\/lequotidien.mr\\\/?author=5\"}]}<\/script>\n<!-- \/ Yoast SEO plugin. -->","yoast_head_json":{"title":"Le pr\u00e9sident Ghazouani \u00e0 Dakar pour participer au sommet sur la souverainet\u00e9 alimentaire en Afrique - Le Quotidien de Nouakchott","robots":{"index":"index","follow":"follow","max-snippet":"max-snippet:-1","max-image-preview":"max-image-preview:large","max-video-preview":"max-video-preview:-1"},"canonical":"https:\/\/lequotidien.mr\/?p=3825&lang=fr","og_locale":"ar_AR","og_type":"article","og_title":"Le pr\u00e9sident Ghazouani \u00e0 Dakar pour participer au sommet sur la souverainet\u00e9 alimentaire en Afrique - Le Quotidien de Nouakchott","og_description":"Saharam\u00e9dias &#8211; Le pr\u00e9sident mauritanien a quitt\u00e9 Nouakchott de mercredi \u00e0 destination de Dakar afin de participer aux travaux de \u00ab Dakar 2 \u00bb sur la souverainet\u00e9 alimentaire en Afrique qui se tient du 25 au 27 janvier ans la capitale s\u00e9n\u00e9galaise sous le th\u00e8me : \u00ab nourrir l\u2019Afrique souverainet\u00e9 alimentaire et capacit\u00e9 de r\u00e9silience.....","og_url":"https:\/\/lequotidien.mr\/?p=3825&lang=fr","og_site_name":"Le Quotidien de Nouakchott","article_publisher":"https:\/\/web.facebook.com\/lequotidienmr","article_published_time":"2023-01-25T16:48:33+00:00","article_modified_time":"2023-01-30T13:31:30+00:00","og_image":[{"width":1256,"height":628,"url":"https:\/\/lequotidien.mr\/wp-content\/uploads\/2023\/01\/ghazouani_1674135815.jpg","type":"image\/jpeg"}],"author":"Gayi Diawara","twitter_card":"summary_large_image","twitter_creator":"@lequotidienmr","twitter_site":"@lequotidienmr","twitter_misc":{"\u0643\u064f\u062a\u0628 \u0628\u0648\u0627\u0633\u0637\u0629":"Gayi Diawara","\u0648\u0642\u062a \u0627\u0644\u0642\u0631\u0627\u0621\u0629 \u0627\u0644\u0645\u064f\u0642\u062f\u0651\u0631":"3 \u062f\u0642\u0627\u0626\u0642"},"schema":{"@context":"https:\/\/schema.org","@graph":[{"@type":"Article","@id":"https:\/\/lequotidien.mr\/?p=3825&lang=fr#article","isPartOf":{"@id":"https:\/\/lequotidien.mr\/?p=3825&lang=fr"},"author":{"name":"Gayi Diawara","@id":"https:\/\/lequotidien.mr\/#\/schema\/person\/1077c8abd5640a6514b909318d271dee"},"headline":"Le pr\u00e9sident Ghazouani \u00e0 Dakar pour participer au sommet sur la souverainet\u00e9 alimentaire en Afrique","datePublished":"2023-01-25T16:48:33+00:00","dateModified":"2023-01-30T13:31:30+00:00","mainEntityOfPage":{"@id":"https:\/\/lequotidien.mr\/?p=3825&lang=fr"},"wordCount":591,"commentCount":0,"publisher":{"@id":"https:\/\/lequotidien.mr\/#organization"},"image":{"@id":"https:\/\/lequotidien.mr\/?p=3825&lang=fr#primaryimage"},"thumbnailUrl":"https:\/\/lequotidien.mr\/wp-content\/uploads\/2023\/01\/ghazouani_1674135815.jpg","articleSection":["ACTUALIT\u00c9","Economie"],"inLanguage":"ar","potentialAction":[{"@type":"CommentAction","name":"Comment","target":["https:\/\/lequotidien.mr\/?p=3825&lang=fr#respond"]}]},{"@type":"WebPage","@id":"https:\/\/lequotidien.mr\/?p=3825&lang=fr","url":"https:\/\/lequotidien.mr\/?p=3825&lang=fr","name":"Le pr\u00e9sident Ghazouani \u00e0 Dakar pour participer au sommet sur la souverainet\u00e9 alimentaire en Afrique - Le Quotidien de Nouakchott","isPartOf":{"@id":"https:\/\/lequotidien.mr\/#website"},"primaryImageOfPage":{"@id":"https:\/\/lequotidien.mr\/?p=3825&lang=fr#primaryimage"},"image":{"@id":"https:\/\/lequotidien.mr\/?p=3825&lang=fr#primaryimage"},"thumbnailUrl":"https:\/\/lequotidien.mr\/wp-content\/uploads\/2023\/01\/ghazouani_1674135815.jpg","datePublished":"2023-01-25T16:48:33+00:00","dateModified":"2023-01-30T13:31:30+00:00","breadcrumb":{"@id":"https:\/\/lequotidien.mr\/?p=3825&lang=fr#breadcrumb"},"inLanguage":"ar","potentialAction":[{"@type":"ReadAction","target":["https:\/\/lequotidien.mr\/?p=3825&lang=fr"]}]},{"@type":"ImageObject","inLanguage":"ar","@id":"https:\/\/lequotidien.mr\/?p=3825&lang=fr#primaryimage","url":"https:\/\/lequotidien.mr\/wp-content\/uploads\/2023\/01\/ghazouani_1674135815.jpg","contentUrl":"https:\/\/lequotidien.mr\/wp-content\/uploads\/2023\/01\/ghazouani_1674135815.jpg","width":1256,"height":628},{"@type":"BreadcrumbList","@id":"https:\/\/lequotidien.mr\/?p=3825&lang=fr#breadcrumb","itemListElement":[{"@type":"ListItem","position":1,"name":"Home","item":"https:\/\/lequotidien.mr\/"},{"@type":"ListItem","position":2,"name":"Le pr\u00e9sident Ghazouani \u00e0 Dakar pour participer au sommet sur la souverainet\u00e9 alimentaire en Afrique"}]},{"@type":"WebSite","@id":"https:\/\/lequotidien.mr\/#website","url":"https:\/\/lequotidien.mr\/","name":"Le Quotidien de Nouakchott","description":"\u0625\u062e\u0628\u0627\u0631\u064a\u0629 \u0645\u0633\u062a\u0642\u0644\u0629 \u0644\u0644\u0623\u0646\u0628\u0627\u0621 \u0627\u0644\u0639\u0627\u0645\u0629","publisher":{"@id":"https:\/\/lequotidien.mr\/#organization"},"potentialAction":[{"@type":"SearchAction","target":{"@type":"EntryPoint","urlTemplate":"https:\/\/lequotidien.mr\/?s={search_term_string}"},"query-input":{"@type":"PropertyValueSpecification","valueRequired":true,"valueName":"search_term_string"}}],"inLanguage":"ar"},{"@type":"Organization","@id":"https:\/\/lequotidien.mr\/#organization","name":"Le Quotidien de Nouakchott","url":"https:\/\/lequotidien.mr\/","logo":{"@type":"ImageObject","inLanguage":"ar","@id":"https:\/\/lequotidien.mr\/#\/schema\/logo\/image\/","url":"https:\/\/lequotidien.mr\/wp-content\/uploads\/2022\/11\/logolequotidien.jpg","contentUrl":"https:\/\/lequotidien.mr\/wp-content\/uploads\/2022\/11\/logolequotidien.jpg","width":290,"height":65,"caption":"Le Quotidien de Nouakchott"},"image":{"@id":"https:\/\/lequotidien.mr\/#\/schema\/logo\/image\/"},"sameAs":["https:\/\/web.facebook.com\/lequotidienmr","https:\/\/x.com\/lequotidienmr"]},{"@type":"Person","@id":"https:\/\/lequotidien.mr\/#\/schema\/person\/1077c8abd5640a6514b909318d271dee","name":"Gayi Diawara","image":{"@type":"ImageObject","inLanguage":"ar","@id":"https:\/\/secure.gravatar.com\/avatar\/63ea8db1e19a6d2d608b24c0f78b5f3a7d6e0bc11959fec273410af333e4d0ac?s=96&d=mm&r=g","url":"https:\/\/secure.gravatar.com\/avatar\/63ea8db1e19a6d2d608b24c0f78b5f3a7d6e0bc11959fec273410af333e4d0ac?s=96&d=mm&r=g","contentUrl":"https:\/\/secure.gravatar.com\/avatar\/63ea8db1e19a6d2d608b24c0f78b5f3a7d6e0bc11959fec273410af333e4d0ac?s=96&d=mm&r=g","caption":"Gayi Diawara"},"sameAs":["http:\/\/lequotidien.mr"],"url":"https:\/\/lequotidien.mr\/?author=5"}]}},"_links":{"self":[{"href":"https:\/\/lequotidien.mr\/index.php?rest_route=\/wp\/v2\/posts\/3825","targetHints":{"allow":["GET"]}}],"collection":[{"href":"https:\/\/lequotidien.mr\/index.php?rest_route=\/wp\/v2\/posts"}],"about":[{"href":"https:\/\/lequotidien.mr\/index.php?rest_route=\/wp\/v2\/types\/post"}],"author":[{"embeddable":true,"href":"https:\/\/lequotidien.mr\/index.php?rest_route=\/wp\/v2\/users\/5"}],"replies":[{"embeddable":true,"href":"https:\/\/lequotidien.mr\/index.php?rest_route=%2Fwp%2Fv2%2Fcomments&post=3825"}],"version-history":[{"count":1,"href":"https:\/\/lequotidien.mr\/index.php?rest_route=\/wp\/v2\/posts\/3825\/revisions"}],"predecessor-version":[{"id":3827,"href":"https:\/\/lequotidien.mr\/index.php?rest_route=\/wp\/v2\/posts\/3825\/revisions\/3827"}],"wp:featuredmedia":[{"embeddable":true,"href":"https:\/\/lequotidien.mr\/index.php?rest_route=\/wp\/v2\/media\/3826"}],"wp:attachment":[{"href":"https:\/\/lequotidien.mr\/index.php?rest_route=%2Fwp%2Fv2%2Fmedia&parent=3825"}],"wp:term":[{"taxonomy":"category","embeddable":true,"href":"https:\/\/lequotidien.mr\/index.php?rest_route=%2Fwp%2Fv2%2Fcategories&post=3825"},{"taxonomy":"post_tag","embeddable":true,"href":"https:\/\/lequotidien.mr\/index.php?rest_route=%2Fwp%2Fv2%2Ftags&post=3825"}],"curies":[{"name":"wp","href":"https:\/\/api.w.org\/{rel}","templated":true}]}}