{"id":3811,"date":"2023-01-25T13:41:31","date_gmt":"2023-01-25T13:41:31","guid":{"rendered":"https:\/\/lequotidien.mr\/?p=3811"},"modified":"2023-01-25T13:41:31","modified_gmt":"2023-01-25T13:41:31","slug":"lassemblee-nationale-approuve-les-accords-lies-a-lapprovisionnement-en-eau-de-la-ville-de-kiffa","status":"publish","type":"post","link":"https:\/\/lequotidien.mr\/?p=3811&lang=fr","title":{"rendered":"L\u2019Assembl\u00e9e nationale approuve les accords li\u00e9s \u00e0 l\u2019approvisionnement en eau de la ville de Kiffa"},"content":{"rendered":"<p><strong>AMI<\/strong>\u00a0&#8211; L\u2019Assembl\u00e9e nationale a approuv\u00e9, au cours, d\u2019une pl\u00e9ni\u00e8re, tenue aujourd\u2019hui sous la pr\u00e9sidence, de M. Ali Ould Ould Dewla, son vice-pr\u00e9sident, quatre projets de lois li\u00e9s \u00e0 la contribution au financement de l\u2019\u2019approvisionnement en eau de la ville de Kiffa, d\u2019appui au d\u00e9veloppement et \u00e0 l\u2019innovation dans le secteur agricole.<\/p>\n<p>\u00ab Afin de surmonter le probl\u00e8me du d\u00e9fit hydraulique au niveau de certains villages et villes situ\u00e9s dans les wilayas du Guidimagha et de l\u2019Assaba, le gouvernement a con\u00e7u, en coop\u00e9ration avec ses partenaires, le projet d\u2019approvisionnement en eau de la ville de Kiffa, en eau potable \u00e0 travers l\u2019eau de surface du fleuve S\u00e9n\u00e9gal \u00bb, a affirm\u00e9 le ministre des Affaires \u00e9conomiques et de la Promotion des Secteurs productifs, M. Ousmane Mamadou Kane.<\/p>\n<p>Le financement total du projet est de 320 millions de dollars am\u00e9ricains r\u00e9partis entre l\u2019\u00c9tat mauritanien, le Fonds OPEP, le Fonds kowe\u00eftien pour le d\u00e9veloppement \u00e9conomique arabe, le Fonds d\u2019Abu Dhabi, la Banque Islamique de D\u00e9veloppement, le Fonds Saoudien de D\u00e9veloppement, le Fonds arabe pour le d\u00e9veloppement \u00e9conomique et social, a ajout\u00e9 le ministre.<\/p>\n<p>Le ministre a ajout\u00e9 que le pr\u00e9sent projet de loi concerne la contribution du FADES dans le financement du projet par un pr\u00eat de 35 millions de dollars am\u00e9ricains (qui repr\u00e9sente environ 1,231 milliard de nouvelles onces) et qui sera d\u00e9caiss\u00e9 sur une p\u00e9riode de 32 ans, dont 7 ans, comme une p\u00e9riode de gr\u00e2ce, avec un taux d\u2019int\u00e9r\u00eat de 2% par an sur les montants retir\u00e9s et non pay\u00e9s.<\/p>\n<p>\u00ab Le projet d\u2019approvisionnement en eau de la ville de Kiffa est consid\u00e9r\u00e9 comme l\u2019un des projets les plus importants mis en \u0153uvre dans le pays \u00bb, a-t-il poursuivi, mettant en exergue les efforts incessants d\u00e9ploy\u00e9s par le gouvernement pour assurer la transparence d\u2019ex\u00e9cution de ces projets et pour atteindre des r\u00e9sultats de plus en plus meilleurs.<\/p>\n<p>L\u2019approche adopt\u00e9e dans le projet actuel est diff\u00e9rente de celles des projets pr\u00e9c\u00e9dents, puisque celui-ci approvisionnera les villes et les villages situ\u00e9s le long de futur pipeline de transport d\u2019eau \u00e0 partir du fleuve d\u2019une part et du fait qu\u2019il couvrira les besoins en eau des localit\u00e9s sises dans les zones situ\u00e9es dans les alentours de la ville de Kiffa, d\u2019autre part, a indiqu\u00e9 M. Kane.<\/p>\n<p>L\u2019\u00c9tat \u0153uvre, pour ce qui concerne le projet de loi n \u00b0 001-23 li\u00e9 \u00e0 l\u2019accord de pr\u00eat sign\u00e9 entre la R\u00e9publique islamique de Mauritanie et la BID, relatif \u00e0 l\u2019approvisionnement de la ville de Kiffa en eau potable, afin de r\u00e9aliser le d\u00e9veloppement durable et de r\u00e9soudre le probl\u00e8me de l\u2019eau potable et de l\u2019assainissement, a dit le ministre,<\/p>\n<p>Il a inscrit l\u2019accord dans la politique du gouvernement dans le secteur de l\u2019eau dans le souci de pr\u00e9server l\u2019infrastructure existante, d\u2019une part, et la modernisation et l\u2019\u00e9largissement du r\u00e9seau d\u2019eau, d\u2019autre part.<\/p>\n<p>Il a dit que certaines r\u00e9gions du pays sont confront\u00e9es depuis l\u2019ind\u00e9pendance \u00e0 des d\u00e9ficits hydrauliques en raison de leur pr\u00e9sence dans des zones arides et du ph\u00e9nom\u00e8ne de l\u2019enclavement, d\u2019o\u00f9 l\u2019urgence de prendre les mesures n\u00e9cessaires pour les d\u00e9senclaver et faciliter l\u2019acc\u00e8s de tous les citoyens aux services hydrauliques.<\/p>\n<p>Le dilemme de l\u2019eau a \u00e9t\u00e9 surmont\u00e9 au niveau de certains wilayas, mais reste pos\u00e9 et d\u2019acuit\u00e9 au niveau de certains villages et villes situ\u00e9s dans les wilayas du Guidimagha et de l\u2019Assaba, qui souffrent de multiples probl\u00e8mes en termes d\u2019approvisionnement en eau potable , principalement li\u00e9s \u00e0 l\u2019insuffisance des ressources en eau souterraine, tant en termes de qualit\u00e9 et que de quantit\u00e9, a ajout\u00e9 M. Kane.<\/p>\n<p>Selon le ministre, le gouvernement dans sa volont\u00e9 de surmonter ce probl\u00e8me, a con\u00e7u avec ses partenaires le pr\u00e9sent projet, qui permettra d\u2019alimenter en eau les villes et villages situ\u00e9s entre Gouraye et Kiffa, \u00e0 partir des eaux de surface du fleuve S\u00e9n\u00e9gal, \u00e0 une distance de 253 km et qui repr\u00e9sente l\u2019unique source abondante et renouvelable<\/p>\n<p>Le projet comprend la construction d\u2019une prise d\u2019eau en b\u00e9ton arm\u00e9 sur la rive du fleuve (source d\u2019eau) et d\u2019une usine de traitement de l\u2019eau d\u2019une capacit\u00e9 maximale de 50 000 m3\/ jour, pour couvrir les perspectives du projet \u00e0 l\u2019horizon 2050.<\/p>\n<p>Il pr\u00e9voit, aussi, trois pompes principales pour puiser l\u2019eau, trois principaux r\u00e9servoirs terrestres en b\u00e9ton et un pipeline principal pour le transport de l\u2019eau vers la ville de Kiffa, d\u2019une longueur de 250 km d\u2019environ, de canalisation secondaire d\u2019approvisionnement des ch\u00e2teaux d\u2019eau et des r\u00e9seaux de distribution d\u2019eau.<\/p>\n<p>La fourniture d\u2019une station de traitement et d\u2019usines de pompage fonctionnant \u00e0 l\u2019\u00e9lectricit\u00e9, d\u2019un laboratoire d\u2019eau, la fourniture et l\u2019installation de g\u00e9n\u00e9rateurs de r\u00e9serve, la cr\u00e9ation d\u2019un syst\u00e8me de surveillance et de contr\u00f4le des installations est pr\u00e9vue dans le cadre du projet.<\/p>\n<p>Le financement total du projet, qui s\u2019\u00e9l\u00e8ve \u00e0 320 millions de dollars am\u00e9ricains, comme suit :<\/p>\n<p>\u2013 L\u2019\u00c9tat mauritanien : 10 millions de dollars am\u00e9ricains,<\/p>\n<p>\u2013 OPEP : 40 millions de de dollars am\u00e9ricains,<\/p>\n<p>\u2013 FKDEA : 65 millions de de dollars am\u00e9ricains,<\/p>\n<p>\u2013 Fonds d\u2019Abu Dhabi: 30 millions de dollars am\u00e9ricains,<\/p>\n<p>\u2013 Le FSD: 100 millions de dollars am\u00e9ricains;<\/p>\n<p>\u2013 FADES: 35 millions de dollars am\u00e9ricains,<\/p>\n<p>\u2013 \u2013 BID: 40 millions de dollars am\u00e9ricains (\u00e0 travers le financement vente pour un pr\u00eat normal, pour financer le transport de l\u2019eau de la station de pompage 2 au r\u00e9servoir 2, en plus de l\u2019audit financier du projet).<\/p>\n<p>La BID contribue au financement du projet par un pr\u00eat de 600 millions ouguiyas nouvelles environ, qui sera d\u00e9caiss\u00e9 sur une p\u00e9riode de 25 ans, dont 7 ans, comme une p\u00e9riode de gr\u00e2ce, avec un taux d\u2019int\u00e9r\u00eat de 1,5 % par an sur les montants tir\u00e9s du pr\u00eat et non pay\u00e9s.<\/p>\n<p>Ce projet s\u2019inscrit dans le cadre de la g\u00e9n\u00e9ralisation et de l\u2019am\u00e9lioration des services de base qui sont directement li\u00e9s au d\u00e9veloppement \u00e9conomique et social et qui sont inclus dans le programme int\u00e9gr\u00e9 \u201cTaahoudati\u201d avec \u00e0 sa t\u00eate l\u2019eau, a pr\u00e9cis\u00e9 le ministre.<\/p>\n<p>Au plan technique, le ministre a d\u00e9clar\u00e9 que l\u2019expertise n\u00e9cessaire pour le succ\u00e8s du projet dont la p\u00e9riode de r\u00e9alisation est fix\u00e9e \u00e0 36 mois, a \u00e9t\u00e9 prise en compte, ce qui permettra de r\u00e9gler le probl\u00e8me de la soif au niveau de toutes les villes et de tous les villages le long du futur pipeline de transport de l\u2019eau depuis Gouraye jusqu\u2019\u00e0 Kiffa, y compris Hassi Chegar, Ould Yenj\u00e9 et Kankoussa . \u00ab Il prendra en compte les besoins des localit\u00e9s situ\u00e9es dans les alentours de la ville de Kiffa \u00bb<\/p>\n<p>\u00ab En ce qui concerne le projet de loi n \u00b0 002-23 li\u00e9 \u00e0 un accord-cadre (financement de vente \u00e0 terme) sign\u00e9 entre la R\u00e9publique Islamique de Mauritanie et la Banque Islamique de D\u00e9veloppement, qui est destin\u00e9 \u00e0 contribuer \u00e0 l\u2019approvisionnement de la ville de Kiffa en eau potable.<\/p>\n<p>Il porte sur une contribution de la BID au financement du projet, d\u00e9j\u00e0 \u00e9voqu\u00e9 en d\u00e9tail dans les pr\u00e9sentations pr\u00e9c\u00e9dentes, consistant en un pr\u00eat de 940 millions MRU, rembours\u00e9 sur 20 ans, dont 4 ans de diff\u00e9r\u00e9, en plus d\u2019une marge b\u00e9n\u00e9ficiaire de 1,65 % annuellement \u00bb, a ajout\u00e9 M. Kane.<\/p>\n<p>R\u00e9pondant \u00e0 la question relative \u00e0 l\u2019endettement ext\u00e9rieur, le ministre a dit : les niveaux de pauvret\u00e9 g\u00e9n\u00e9ralis\u00e9e et le besoin d\u2019acc\u00e8s des citoyens aux services de base n\u00e9cessitent davantage d\u2019efforts pour mobiliser des fonds, tout en veillant \u00e0 pr\u00e9server les \u00e9quilibres de l\u2019\u00e9conomie nationale, mettant en exergue, la priorit\u00e9 accord\u00e9e depuis les premi\u00e8res heures \u00e0 la gestion de la dette mauritanienne par Son Excellence le Pr\u00e9sident de la R\u00e9publique Monsieur Mohamed Ould Cheikh El Ghazouani.<\/p>\n<p>Gr\u00e2ce aux efforts internes d\u2019une part, et \u00e0 l\u2019appui de certains partenaires dans la gestion des dettes ext\u00e9rieures d\u2019autre part, cette dette est estim\u00e9e \u00e0 42% du PIB en l\u2019an 2022, a-t-il indiqu\u00e9,<\/p>\n<p>Il a dit que le financement de ces projets par le biais de pr\u00eats n\u00e9cessite qu\u2019une attention particuli\u00e8re soit port\u00e9e \u00e0 leur mise en \u0153uvre, au respect des d\u00e9lais d\u2019ex\u00e9cution et de prise en compte des normes techniques requises, afin d\u2019assurer l\u2019atteinte des objectifs vis\u00e9s, au premier rang desquels l\u2019acc\u00e8s des citoyens dans les plus brefs d\u00e9lais \u00e0 ces services publics.<\/p>\n<p>Le ministre a rassure sur la qualit\u00e9 n\u00e9cessaire garantissant la durabilit\u00e9 le plus longtemps possible de ces infrastructures et afin que ces projets soient pas un outil de d\u00e9veloppement et non un multiplicateur de l\u2019endettement.<\/p>\n<p>A propos du projet de loi n\u00b0 23-003 relative \u00e0 la convention sign\u00e9e entre la R\u00e9publique Islamique de Mauritanie et l\u2019Association Internationale de D\u00e9veloppement d\u00e9di\u00e9e au financement du projet d\u2019appui au d\u00e9veloppement et \u00e0 l\u2019innovation dans le secteur agricole, le ministre a dit : notre pays jouit d\u2019un potentiel agricole relativement important, toutefois, de nombreuses terres arables sont actuellement inexploit\u00e9es ou le sont insuffisamment.<\/p>\n<p>Cela et d\u00fb \u00e0 plusieurs facteurs, tels qu\u2019une gouvernance fonci\u00e8re inappropri\u00e9e, le manque d\u2019eau et des pratiques et technologies inefficaces.<\/p>\n<p>Autant de facteurs qui ont conduit le gouvernement, sur instruction de Son Excellence le Pr\u00e9sident de la R\u00e9publique, \u00e0 faire de ce secteur une de ses priorit\u00e9s, a ajout\u00e9 le ministre.<\/p>\n<p>Il a ajout\u00e9 que la vision du gouvernement dans le domaine de l\u2019agriculture est fond\u00e9e sur l\u2019appui au d\u00e9veloppement apport\u00e9 aux communaut\u00e9s locales en mettant l\u2019accent sur la petite agriculture, l\u2019investissement social et la r\u00e9duction de la pauvret\u00e9 au niveau local, d\u2019une part et le d\u00e9veloppement de zones d\u2019opportunit\u00e9s de croissance agricole, \u00e0 travers l\u2019utilisation productive et intensive des terres par les propri\u00e9taires de grandes exploitations en partenariat avec les propri\u00e9taires de petites exploitations qui y les exploitent, d\u2019autre part.<\/p>\n<p>\u00ab Cette strat\u00e9gie contribuera \u00e0 relancer l\u2019agriculture dans certaines zones du pays, dans le but de r\u00e9duire le d\u00e9ficit alimentaire sur le march\u00e9 local et d\u2019exporter vers des march\u00e9s sp\u00e9cialis\u00e9s, ainsi que de pr\u00e9server et de soutenir les ressources environnementales, a poursuit M. Kane.<\/p>\n<p>Selon le ministre, ce projet soutiendra les objectifs du gouvernement dans le cadre du Plan national de d\u00e9veloppement agricole, du Plan national de d\u00e9veloppement de l\u2019\u00e9levage et de la Strat\u00e9gie de d\u00e9veloppement des ressources fonci\u00e8res. \u00ab Il soutient, \u00e9galement, son engagement \u00e0 accro\u00eetre les investissements dans les ressources en eau comme il renforcera et soutiendra la pr\u00e9servation des terres g\u00e9r\u00e9es par les communaut\u00e9s et la commercialisation de l\u2019agriculture, afin de r\u00e9aliser des gains de productivit\u00e9, d\u2019am\u00e9liorer la s\u00e9curit\u00e9 alimentaire, de renforcer la r\u00e9silience et d\u2019am\u00e9liorer les \u00e9cosyst\u00e8mes \u00bb.<\/p>\n<p>Le projet comprend les composantes suivantes :<\/p>\n<p>\u2013 Am\u00e9nagement et conservation des terres \u00e0 l\u2019initiative des collectivit\u00e9s locales, tout en mettant l\u2019accent sur le renforcement des capacit\u00e9s productives et la r\u00e9silience des populations dans les sous-bassins cibl\u00e9s ;<\/p>\n<p>\u2013 L\u2019agriculture commerciale inclusive, qui se concentre sur la production intensive \u00e0 grande \u00e9chelle dans le cadre de l\u2019agriculture irrigu\u00e9e dans les zones d\u2019opportunit\u00e9s de croissance agricole ;<\/p>\n<p>\u2013 La gestion, le suivi et l\u2019\u00e9valuation de projet ;<\/p>\n<p>\u2013 L\u2019intervention urgente afin de r\u00e9pondre imm\u00e9diatement aux crises d\u2019urgence, au besoin.<\/p>\n<p>Le D\u00e9partement dispose d\u2019une strat\u00e9gie int\u00e9gr\u00e9e pour r\u00e9soudre tous les probl\u00e8mes soulev\u00e9s, a rassur\u00e9 le ministre.<\/p>\n<p>\u00ab Le pr\u00eat en cours s\u2019\u00e9l\u00e8ve \u00e0 cinquante millions de dollars am\u00e9ricains, soit un milliard neuf cents millions ouguiyas anciennes environ et sera rembours\u00e9 sur trente ans, dont un diff\u00e9r\u00e9 d\u2019amortissement de cinq ans, \u00e0 un taux d\u2019int\u00e9r\u00eat de 1,25 % annuellement sur le solde pr\u00e9lev\u00e9 et une commission de service de 0,75 % annuellement sur le solde pr\u00e9lev\u00e9 et une commission d\u2019engagement de 0,5 % annuellement sur le solde non tir\u00e9 du financement \u00bb, a soulign\u00e9 le ministre, d\u00e9clinant ses deux axes principaux comme suit:<\/p>\n<p>\u2013 Volet de l\u2019agriculture pluviale,<\/p>\n<p>\u2013 Voler de l\u2019agriculture irrigu\u00e9e<\/p>\n<p>Concernant le volet pluvial, le projet d\u00e9coule de l\u2019importance de cette composante sociale et \u00e9conomique et de son impact sous l\u2019effet des changements climatiques, avec des rendements moindres, le renoncement des citoyens \u00e0 ce sous-secteur et l\u2019exode rural, en particulier de la main-d\u2019\u0153uvre des jeunes et des femmes, a dit M. Kane,<\/p>\n<p>Pour le ministre, le projet vise \u00e0 augmenter la production dans ces zones et \u00e0 fournir des emplois semi-permanents, puisque l\u2019agriculture pluviale est cl\u00f4tur\u00e9e dans quelques mois (la saison d\u2019automne), affirmant que cela se fera gr\u00e2ce \u00e0 la maitrise de l\u2019eau. \u00ab A travers les barrages et l\u2019introduction de nouvelles technologies de conservation de l\u2019eau, les agriculteurs puissent semer \u00e0 l\u2019automne, puis planter par la suite des l\u00e9gumes en utilisant l\u2019eau stock\u00e9e, ce qui permettra la fourniture de fourrages et la cr\u00e9ation d\u2019autres activit\u00e9s g\u00e9n\u00e9ratrices de revenus \u00bb.<\/p>\n<p>Le ministre a not\u00e9 que le projet contribuera \u00e0 augmenter les superficies cultiv\u00e9es et \u00e0 fournir des semences et des conseils agricoles.<\/p>\n<p>Quant au volet irrigu\u00e9, il visera la cr\u00e9ation d\u2019un partenariat tripartite entre l\u2019Etat, la population et l\u2019investisseur national et \u00e9tranger, afin que les terres soient utilis\u00e9es d\u2019une mani\u00e8re optimale \u00e0 travers la diversification agricole afin d\u2019atteindre l\u2019autosuffisance puis l\u2019exportation du surplus du produit national \u00e0 l\u2019\u00e9tranger, a indiqu\u00e9 le ministre.<\/p>\n<p>Il a ajout\u00e9 que le projet ouvrira, \u00e9galement, la porte \u00e0 l\u2019emploi des jeunes, au stockage et au transfert des produits agricoles ; ce qui aura un impact positif sur l\u2019emploi des jeunes et des femmes d\u2019une part et l\u2019appui des coop\u00e9ratives et associations locales, afin d\u2019atteindre le d\u00e9veloppement \u00e9conomique et social souhait\u00e9, d\u2019autre part.<\/p>\n<p>Les d\u00e9put\u00e9s ont appr\u00e9ci\u00e9 dans leurs interventions, les importants projets de loi visant \u00e0 contribuer \u00e0 l\u2019approvisionnement de la ville de Kiffa en eau potable et \u00e0 soutenir le d\u00e9veloppement et l\u2019innovation dans le secteur agricole.<\/p>\n<p>Ils ont rappel\u00e9 qu\u2019il intervient en r\u00e9ponse au besoin urgent des habitants de la zone dans laquelle le projet est ex\u00e9cut\u00e9, qualifiant le soutien multipartite dudit projet, de preuve de la capacit\u00e9 du gouvernement \u00e0 acqu\u00e9rir la confiance des bailleurs dans le financement de projets de la dimension et de l\u2019importance du projet d\u2019approvisionnement de la ville de Kiffa en eau.<\/p>\n<p>Ils ont insist\u00e9, ensuite, sur la n\u00e9cessit\u00e9 de mettre en \u0153uvre le projet conform\u00e9ment aux crit\u00e8res adopt\u00e9s dans ce domaine afin d\u2019atteindre les objectifs souhait\u00e9s, mettant en exergue l\u2019importance de toutes les localit\u00e9s travers\u00e9es ou situ\u00e9es dans les environs du pipeline de transport d\u2019eau pour b\u00e9n\u00e9ficier des services du projet.<\/p>\n<p>Les d\u00e9put\u00e9s ont rappel\u00e9 dans le m\u00eame contexte la n\u00e9cessit\u00e9 de corriger les cas de n\u00e9gligence constat\u00e9s dans des projets similaires et ant\u00e9rieurs ayant ignor\u00e9 le besoin de ces villes et villages travers\u00e9s par ces installations, les exposant ainsi \u00e0 la soif.<\/p>\n<p>Ils ont affirm\u00e9 \u00e9galement la n\u00e9cessit\u00e9 d\u2019atteindre la s\u00e9curit\u00e9 alimentaire, de soutenir les citoyens dans le domaine de l\u2019agriculture, d\u2019assurer l\u2019\u00e9quit\u00e9 au profit des propri\u00e9taires des coop\u00e9ratives, de leur fournir des semences et tous les moyens n\u00e9cessaires afin d\u2019obtenir le plus grand avantage possible, appelant \u00e0 r\u00e9gler les conflits fonciers, \u00e0 soutenir les coop\u00e9ratives f\u00e9minines pour d\u00e9velopper l\u2019agriculture et de travailler pour atteindre l\u2019autosuffisance dans le domaine alimentaire.<\/p>\n<p>Egalement, ils ont soulign\u00e9 l\u2019importance de faire la diff\u00e9rence entre le simple agriculteur et l\u2019investisseurs, \u00e0 \u0153uvrer afin d\u2019exploiter le plus grands nombre de terres arables et \u00e0 r\u00e9soudre le probl\u00e8me de la propri\u00e9t\u00e9 fonci\u00e8re.<\/p>\n<p>Les d\u00e9put\u00e9s ont mis en exergue l\u2019importance d\u2019adopter un m\u00e9canisme appropri\u00e9 qui permet une meilleure utilisation des projets de d\u00e9veloppement ex\u00e9cut\u00e9s dans divers domaines, en tenant compte de la dette lors de la prise de pr\u00eats et en s\u2019interrogeant sur le pourcentage de dette du produit interne brut.<\/p>\n","protected":false},"excerpt":{"rendered":"<p>AMI\u00a0&#8211; L\u2019Assembl\u00e9e nationale a approuv\u00e9, au cours, d\u2019une pl\u00e9ni\u00e8re, tenue aujourd\u2019hui sous la pr\u00e9sidence, de M. Ali Ould Ould Dewla, son vice-pr\u00e9sident, quatre projets de lois li\u00e9s \u00e0 la contribution au financement de l\u2019\u2019approvisionnement en eau de la ville de Kiffa, d\u2019appui au d\u00e9veloppement et \u00e0 l\u2019innovation dans le secteur agricole. \u00ab Afin de surmonter&#8230;..<\/p>\n","protected":false},"author":5,"featured_media":3078,"comment_status":"open","ping_status":"open","sticky":false,"template":"","format":"standard","meta":{"footnotes":""},"categories":[23,49],"tags":[],"class_list":["post-3811","post","type-post","status-publish","format-standard","has-post-thumbnail","hentry","category-actualite","category-economie"],"yoast_head":"<!-- This site is optimized with the Yoast SEO plugin v27.5 - https:\/\/yoast.com\/product\/yoast-seo-wordpress\/ -->\n<title>L\u2019Assembl\u00e9e nationale approuve les accords li\u00e9s \u00e0 l\u2019approvisionnement en eau de la ville de Kiffa - Le Quotidien de Nouakchott<\/title>\n<meta name=\"robots\" content=\"index, follow, max-snippet:-1, max-image-preview:large, max-video-preview:-1\" \/>\n<link rel=\"canonical\" href=\"https:\/\/lequotidien.mr\/?p=3811&lang=fr\" \/>\n<meta property=\"og:locale\" content=\"ar_AR\" \/>\n<meta property=\"og:type\" content=\"article\" \/>\n<meta property=\"og:title\" content=\"L\u2019Assembl\u00e9e nationale approuve les accords li\u00e9s \u00e0 l\u2019approvisionnement en eau de la ville de Kiffa - Le Quotidien de Nouakchott\" \/>\n<meta property=\"og:description\" content=\"AMI\u00a0&#8211; L\u2019Assembl\u00e9e nationale a approuv\u00e9, au cours, d\u2019une pl\u00e9ni\u00e8re, tenue aujourd\u2019hui sous la pr\u00e9sidence, de M. Ali Ould Ould Dewla, son vice-pr\u00e9sident, quatre projets de lois li\u00e9s \u00e0 la contribution au financement de l\u2019\u2019approvisionnement en eau de la ville de Kiffa, d\u2019appui au d\u00e9veloppement et \u00e0 l\u2019innovation dans le secteur agricole. \u00ab Afin de surmonter.....\" \/>\n<meta property=\"og:url\" content=\"https:\/\/lequotidien.mr\/?p=3811&amp;lang=fr\" \/>\n<meta property=\"og:site_name\" content=\"Le Quotidien de Nouakchott\" \/>\n<meta property=\"article:publisher\" content=\"https:\/\/web.facebook.com\/lequotidienmr\" \/>\n<meta property=\"article:published_time\" content=\"2023-01-25T13:41:31+00:00\" \/>\n<meta property=\"og:image\" content=\"https:\/\/lequotidien.mr\/wp-content\/uploads\/2023\/01\/assemblee_00003_750x430-1.jpg\" \/>\n\t<meta property=\"og:image:width\" content=\"640\" \/>\n\t<meta property=\"og:image:height\" content=\"430\" \/>\n\t<meta property=\"og:image:type\" content=\"image\/jpeg\" \/>\n<meta name=\"author\" content=\"Gayi Diawara\" \/>\n<meta name=\"twitter:card\" content=\"summary_large_image\" \/>\n<meta name=\"twitter:creator\" content=\"@lequotidienmr\" \/>\n<meta name=\"twitter:site\" content=\"@lequotidienmr\" \/>\n<meta name=\"twitter:label1\" content=\"\u0643\u064f\u062a\u0628 \u0628\u0648\u0627\u0633\u0637\u0629\" \/>\n\t<meta name=\"twitter:data1\" content=\"Gayi Diawara\" \/>\n\t<meta name=\"twitter:label2\" content=\"\u0648\u0642\u062a \u0627\u0644\u0642\u0631\u0627\u0621\u0629 \u0627\u0644\u0645\u064f\u0642\u062f\u0651\u0631\" \/>\n\t<meta name=\"twitter:data2\" content=\"11 \u062f\u0642\u064a\u0642\u0629\" \/>\n<script type=\"application\/ld+json\" class=\"yoast-schema-graph\">{\"@context\":\"https:\\\/\\\/schema.org\",\"@graph\":[{\"@type\":\"Article\",\"@id\":\"https:\\\/\\\/lequotidien.mr\\\/?p=3811&lang=fr#article\",\"isPartOf\":{\"@id\":\"https:\\\/\\\/lequotidien.mr\\\/?p=3811&lang=fr\"},\"author\":{\"name\":\"Gayi Diawara\",\"@id\":\"https:\\\/\\\/lequotidien.mr\\\/#\\\/schema\\\/person\\\/1077c8abd5640a6514b909318d271dee\"},\"headline\":\"L\u2019Assembl\u00e9e nationale approuve les accords li\u00e9s \u00e0 l\u2019approvisionnement en eau de la ville de Kiffa\",\"datePublished\":\"2023-01-25T13:41:31+00:00\",\"mainEntityOfPage\":{\"@id\":\"https:\\\/\\\/lequotidien.mr\\\/?p=3811&lang=fr\"},\"wordCount\":2846,\"commentCount\":0,\"publisher\":{\"@id\":\"https:\\\/\\\/lequotidien.mr\\\/#organization\"},\"image\":{\"@id\":\"https:\\\/\\\/lequotidien.mr\\\/?p=3811&lang=fr#primaryimage\"},\"thumbnailUrl\":\"https:\\\/\\\/lequotidien.mr\\\/wp-content\\\/uploads\\\/2023\\\/01\\\/assemblee_00003_750x430-1.jpg\",\"articleSection\":[\"ACTUALIT\u00c9\",\"Economie\"],\"inLanguage\":\"ar\",\"potentialAction\":[{\"@type\":\"CommentAction\",\"name\":\"Comment\",\"target\":[\"https:\\\/\\\/lequotidien.mr\\\/?p=3811&lang=fr#respond\"]}]},{\"@type\":\"WebPage\",\"@id\":\"https:\\\/\\\/lequotidien.mr\\\/?p=3811&lang=fr\",\"url\":\"https:\\\/\\\/lequotidien.mr\\\/?p=3811&lang=fr\",\"name\":\"L\u2019Assembl\u00e9e nationale approuve les accords li\u00e9s \u00e0 l\u2019approvisionnement en eau de la ville de Kiffa - Le Quotidien de Nouakchott\",\"isPartOf\":{\"@id\":\"https:\\\/\\\/lequotidien.mr\\\/#website\"},\"primaryImageOfPage\":{\"@id\":\"https:\\\/\\\/lequotidien.mr\\\/?p=3811&lang=fr#primaryimage\"},\"image\":{\"@id\":\"https:\\\/\\\/lequotidien.mr\\\/?p=3811&lang=fr#primaryimage\"},\"thumbnailUrl\":\"https:\\\/\\\/lequotidien.mr\\\/wp-content\\\/uploads\\\/2023\\\/01\\\/assemblee_00003_750x430-1.jpg\",\"datePublished\":\"2023-01-25T13:41:31+00:00\",\"breadcrumb\":{\"@id\":\"https:\\\/\\\/lequotidien.mr\\\/?p=3811&lang=fr#breadcrumb\"},\"inLanguage\":\"ar\",\"potentialAction\":[{\"@type\":\"ReadAction\",\"target\":[\"https:\\\/\\\/lequotidien.mr\\\/?p=3811&lang=fr\"]}]},{\"@type\":\"ImageObject\",\"inLanguage\":\"ar\",\"@id\":\"https:\\\/\\\/lequotidien.mr\\\/?p=3811&lang=fr#primaryimage\",\"url\":\"https:\\\/\\\/lequotidien.mr\\\/wp-content\\\/uploads\\\/2023\\\/01\\\/assemblee_00003_750x430-1.jpg\",\"contentUrl\":\"https:\\\/\\\/lequotidien.mr\\\/wp-content\\\/uploads\\\/2023\\\/01\\\/assemblee_00003_750x430-1.jpg\",\"width\":640,\"height\":430},{\"@type\":\"BreadcrumbList\",\"@id\":\"https:\\\/\\\/lequotidien.mr\\\/?p=3811&lang=fr#breadcrumb\",\"itemListElement\":[{\"@type\":\"ListItem\",\"position\":1,\"name\":\"Home\",\"item\":\"https:\\\/\\\/lequotidien.mr\\\/\"},{\"@type\":\"ListItem\",\"position\":2,\"name\":\"L\u2019Assembl\u00e9e nationale approuve les accords li\u00e9s \u00e0 l\u2019approvisionnement en eau de la ville de Kiffa\"}]},{\"@type\":\"WebSite\",\"@id\":\"https:\\\/\\\/lequotidien.mr\\\/#website\",\"url\":\"https:\\\/\\\/lequotidien.mr\\\/\",\"name\":\"Le Quotidien de Nouakchott\",\"description\":\"\u0625\u062e\u0628\u0627\u0631\u064a\u0629 \u0645\u0633\u062a\u0642\u0644\u0629 \u0644\u0644\u0623\u0646\u0628\u0627\u0621 \u0627\u0644\u0639\u0627\u0645\u0629\",\"publisher\":{\"@id\":\"https:\\\/\\\/lequotidien.mr\\\/#organization\"},\"potentialAction\":[{\"@type\":\"SearchAction\",\"target\":{\"@type\":\"EntryPoint\",\"urlTemplate\":\"https:\\\/\\\/lequotidien.mr\\\/?s={search_term_string}\"},\"query-input\":{\"@type\":\"PropertyValueSpecification\",\"valueRequired\":true,\"valueName\":\"search_term_string\"}}],\"inLanguage\":\"ar\"},{\"@type\":\"Organization\",\"@id\":\"https:\\\/\\\/lequotidien.mr\\\/#organization\",\"name\":\"Le Quotidien de Nouakchott\",\"url\":\"https:\\\/\\\/lequotidien.mr\\\/\",\"logo\":{\"@type\":\"ImageObject\",\"inLanguage\":\"ar\",\"@id\":\"https:\\\/\\\/lequotidien.mr\\\/#\\\/schema\\\/logo\\\/image\\\/\",\"url\":\"https:\\\/\\\/lequotidien.mr\\\/wp-content\\\/uploads\\\/2022\\\/11\\\/logolequotidien.jpg\",\"contentUrl\":\"https:\\\/\\\/lequotidien.mr\\\/wp-content\\\/uploads\\\/2022\\\/11\\\/logolequotidien.jpg\",\"width\":290,\"height\":65,\"caption\":\"Le Quotidien de Nouakchott\"},\"image\":{\"@id\":\"https:\\\/\\\/lequotidien.mr\\\/#\\\/schema\\\/logo\\\/image\\\/\"},\"sameAs\":[\"https:\\\/\\\/web.facebook.com\\\/lequotidienmr\",\"https:\\\/\\\/x.com\\\/lequotidienmr\"]},{\"@type\":\"Person\",\"@id\":\"https:\\\/\\\/lequotidien.mr\\\/#\\\/schema\\\/person\\\/1077c8abd5640a6514b909318d271dee\",\"name\":\"Gayi Diawara\",\"image\":{\"@type\":\"ImageObject\",\"inLanguage\":\"ar\",\"@id\":\"https:\\\/\\\/secure.gravatar.com\\\/avatar\\\/63ea8db1e19a6d2d608b24c0f78b5f3a7d6e0bc11959fec273410af333e4d0ac?s=96&d=mm&r=g\",\"url\":\"https:\\\/\\\/secure.gravatar.com\\\/avatar\\\/63ea8db1e19a6d2d608b24c0f78b5f3a7d6e0bc11959fec273410af333e4d0ac?s=96&d=mm&r=g\",\"contentUrl\":\"https:\\\/\\\/secure.gravatar.com\\\/avatar\\\/63ea8db1e19a6d2d608b24c0f78b5f3a7d6e0bc11959fec273410af333e4d0ac?s=96&d=mm&r=g\",\"caption\":\"Gayi Diawara\"},\"sameAs\":[\"http:\\\/\\\/lequotidien.mr\"],\"url\":\"https:\\\/\\\/lequotidien.mr\\\/?author=5\"}]}<\/script>\n<!-- \/ Yoast SEO plugin. -->","yoast_head_json":{"title":"L\u2019Assembl\u00e9e nationale approuve les accords li\u00e9s \u00e0 l\u2019approvisionnement en eau de la ville de Kiffa - Le Quotidien de Nouakchott","robots":{"index":"index","follow":"follow","max-snippet":"max-snippet:-1","max-image-preview":"max-image-preview:large","max-video-preview":"max-video-preview:-1"},"canonical":"https:\/\/lequotidien.mr\/?p=3811&lang=fr","og_locale":"ar_AR","og_type":"article","og_title":"L\u2019Assembl\u00e9e nationale approuve les accords li\u00e9s \u00e0 l\u2019approvisionnement en eau de la ville de Kiffa - Le Quotidien de Nouakchott","og_description":"AMI\u00a0&#8211; L\u2019Assembl\u00e9e nationale a approuv\u00e9, au cours, d\u2019une pl\u00e9ni\u00e8re, tenue aujourd\u2019hui sous la pr\u00e9sidence, de M. Ali Ould Ould Dewla, son vice-pr\u00e9sident, quatre projets de lois li\u00e9s \u00e0 la contribution au financement de l\u2019\u2019approvisionnement en eau de la ville de Kiffa, d\u2019appui au d\u00e9veloppement et \u00e0 l\u2019innovation dans le secteur agricole. \u00ab Afin de surmonter.....","og_url":"https:\/\/lequotidien.mr\/?p=3811&lang=fr","og_site_name":"Le Quotidien de Nouakchott","article_publisher":"https:\/\/web.facebook.com\/lequotidienmr","article_published_time":"2023-01-25T13:41:31+00:00","og_image":[{"width":640,"height":430,"url":"https:\/\/lequotidien.mr\/wp-content\/uploads\/2023\/01\/assemblee_00003_750x430-1.jpg","type":"image\/jpeg"}],"author":"Gayi Diawara","twitter_card":"summary_large_image","twitter_creator":"@lequotidienmr","twitter_site":"@lequotidienmr","twitter_misc":{"\u0643\u064f\u062a\u0628 \u0628\u0648\u0627\u0633\u0637\u0629":"Gayi Diawara","\u0648\u0642\u062a \u0627\u0644\u0642\u0631\u0627\u0621\u0629 \u0627\u0644\u0645\u064f\u0642\u062f\u0651\u0631":"11 \u062f\u0642\u064a\u0642\u0629"},"schema":{"@context":"https:\/\/schema.org","@graph":[{"@type":"Article","@id":"https:\/\/lequotidien.mr\/?p=3811&lang=fr#article","isPartOf":{"@id":"https:\/\/lequotidien.mr\/?p=3811&lang=fr"},"author":{"name":"Gayi Diawara","@id":"https:\/\/lequotidien.mr\/#\/schema\/person\/1077c8abd5640a6514b909318d271dee"},"headline":"L\u2019Assembl\u00e9e nationale approuve les accords li\u00e9s \u00e0 l\u2019approvisionnement en eau de la ville de Kiffa","datePublished":"2023-01-25T13:41:31+00:00","mainEntityOfPage":{"@id":"https:\/\/lequotidien.mr\/?p=3811&lang=fr"},"wordCount":2846,"commentCount":0,"publisher":{"@id":"https:\/\/lequotidien.mr\/#organization"},"image":{"@id":"https:\/\/lequotidien.mr\/?p=3811&lang=fr#primaryimage"},"thumbnailUrl":"https:\/\/lequotidien.mr\/wp-content\/uploads\/2023\/01\/assemblee_00003_750x430-1.jpg","articleSection":["ACTUALIT\u00c9","Economie"],"inLanguage":"ar","potentialAction":[{"@type":"CommentAction","name":"Comment","target":["https:\/\/lequotidien.mr\/?p=3811&lang=fr#respond"]}]},{"@type":"WebPage","@id":"https:\/\/lequotidien.mr\/?p=3811&lang=fr","url":"https:\/\/lequotidien.mr\/?p=3811&lang=fr","name":"L\u2019Assembl\u00e9e nationale approuve les accords li\u00e9s \u00e0 l\u2019approvisionnement en eau de la ville de Kiffa - Le Quotidien de Nouakchott","isPartOf":{"@id":"https:\/\/lequotidien.mr\/#website"},"primaryImageOfPage":{"@id":"https:\/\/lequotidien.mr\/?p=3811&lang=fr#primaryimage"},"image":{"@id":"https:\/\/lequotidien.mr\/?p=3811&lang=fr#primaryimage"},"thumbnailUrl":"https:\/\/lequotidien.mr\/wp-content\/uploads\/2023\/01\/assemblee_00003_750x430-1.jpg","datePublished":"2023-01-25T13:41:31+00:00","breadcrumb":{"@id":"https:\/\/lequotidien.mr\/?p=3811&lang=fr#breadcrumb"},"inLanguage":"ar","potentialAction":[{"@type":"ReadAction","target":["https:\/\/lequotidien.mr\/?p=3811&lang=fr"]}]},{"@type":"ImageObject","inLanguage":"ar","@id":"https:\/\/lequotidien.mr\/?p=3811&lang=fr#primaryimage","url":"https:\/\/lequotidien.mr\/wp-content\/uploads\/2023\/01\/assemblee_00003_750x430-1.jpg","contentUrl":"https:\/\/lequotidien.mr\/wp-content\/uploads\/2023\/01\/assemblee_00003_750x430-1.jpg","width":640,"height":430},{"@type":"BreadcrumbList","@id":"https:\/\/lequotidien.mr\/?p=3811&lang=fr#breadcrumb","itemListElement":[{"@type":"ListItem","position":1,"name":"Home","item":"https:\/\/lequotidien.mr\/"},{"@type":"ListItem","position":2,"name":"L\u2019Assembl\u00e9e nationale approuve les accords li\u00e9s \u00e0 l\u2019approvisionnement en eau de la ville de Kiffa"}]},{"@type":"WebSite","@id":"https:\/\/lequotidien.mr\/#website","url":"https:\/\/lequotidien.mr\/","name":"Le Quotidien de Nouakchott","description":"\u0625\u062e\u0628\u0627\u0631\u064a\u0629 \u0645\u0633\u062a\u0642\u0644\u0629 \u0644\u0644\u0623\u0646\u0628\u0627\u0621 \u0627\u0644\u0639\u0627\u0645\u0629","publisher":{"@id":"https:\/\/lequotidien.mr\/#organization"},"potentialAction":[{"@type":"SearchAction","target":{"@type":"EntryPoint","urlTemplate":"https:\/\/lequotidien.mr\/?s={search_term_string}"},"query-input":{"@type":"PropertyValueSpecification","valueRequired":true,"valueName":"search_term_string"}}],"inLanguage":"ar"},{"@type":"Organization","@id":"https:\/\/lequotidien.mr\/#organization","name":"Le Quotidien de Nouakchott","url":"https:\/\/lequotidien.mr\/","logo":{"@type":"ImageObject","inLanguage":"ar","@id":"https:\/\/lequotidien.mr\/#\/schema\/logo\/image\/","url":"https:\/\/lequotidien.mr\/wp-content\/uploads\/2022\/11\/logolequotidien.jpg","contentUrl":"https:\/\/lequotidien.mr\/wp-content\/uploads\/2022\/11\/logolequotidien.jpg","width":290,"height":65,"caption":"Le Quotidien de Nouakchott"},"image":{"@id":"https:\/\/lequotidien.mr\/#\/schema\/logo\/image\/"},"sameAs":["https:\/\/web.facebook.com\/lequotidienmr","https:\/\/x.com\/lequotidienmr"]},{"@type":"Person","@id":"https:\/\/lequotidien.mr\/#\/schema\/person\/1077c8abd5640a6514b909318d271dee","name":"Gayi Diawara","image":{"@type":"ImageObject","inLanguage":"ar","@id":"https:\/\/secure.gravatar.com\/avatar\/63ea8db1e19a6d2d608b24c0f78b5f3a7d6e0bc11959fec273410af333e4d0ac?s=96&d=mm&r=g","url":"https:\/\/secure.gravatar.com\/avatar\/63ea8db1e19a6d2d608b24c0f78b5f3a7d6e0bc11959fec273410af333e4d0ac?s=96&d=mm&r=g","contentUrl":"https:\/\/secure.gravatar.com\/avatar\/63ea8db1e19a6d2d608b24c0f78b5f3a7d6e0bc11959fec273410af333e4d0ac?s=96&d=mm&r=g","caption":"Gayi Diawara"},"sameAs":["http:\/\/lequotidien.mr"],"url":"https:\/\/lequotidien.mr\/?author=5"}]}},"_links":{"self":[{"href":"https:\/\/lequotidien.mr\/index.php?rest_route=\/wp\/v2\/posts\/3811","targetHints":{"allow":["GET"]}}],"collection":[{"href":"https:\/\/lequotidien.mr\/index.php?rest_route=\/wp\/v2\/posts"}],"about":[{"href":"https:\/\/lequotidien.mr\/index.php?rest_route=\/wp\/v2\/types\/post"}],"author":[{"embeddable":true,"href":"https:\/\/lequotidien.mr\/index.php?rest_route=\/wp\/v2\/users\/5"}],"replies":[{"embeddable":true,"href":"https:\/\/lequotidien.mr\/index.php?rest_route=%2Fwp%2Fv2%2Fcomments&post=3811"}],"version-history":[{"count":1,"href":"https:\/\/lequotidien.mr\/index.php?rest_route=\/wp\/v2\/posts\/3811\/revisions"}],"predecessor-version":[{"id":3812,"href":"https:\/\/lequotidien.mr\/index.php?rest_route=\/wp\/v2\/posts\/3811\/revisions\/3812"}],"wp:featuredmedia":[{"embeddable":true,"href":"https:\/\/lequotidien.mr\/index.php?rest_route=\/wp\/v2\/media\/3078"}],"wp:attachment":[{"href":"https:\/\/lequotidien.mr\/index.php?rest_route=%2Fwp%2Fv2%2Fmedia&parent=3811"}],"wp:term":[{"taxonomy":"category","embeddable":true,"href":"https:\/\/lequotidien.mr\/index.php?rest_route=%2Fwp%2Fv2%2Fcategories&post=3811"},{"taxonomy":"post_tag","embeddable":true,"href":"https:\/\/lequotidien.mr\/index.php?rest_route=%2Fwp%2Fv2%2Ftags&post=3811"}],"curies":[{"name":"wp","href":"https:\/\/api.w.org\/{rel}","templated":true}]}}