{"id":36982,"date":"2026-04-30T16:06:17","date_gmt":"2026-04-30T16:06:17","guid":{"rendered":"https:\/\/lequotidien.mr\/?p=36982"},"modified":"2026-04-30T16:06:17","modified_gmt":"2026-04-30T16:06:17","slug":"le-patronat-mauritanien-et-loim-renforcent-leur-partenariat-autour-des-enjeux-migratoires-et-du-developpement-economique","status":"publish","type":"post","link":"https:\/\/lequotidien.mr\/?p=36982&lang=fr","title":{"rendered":"Le patronat mauritanien et l\u2019OIM renforcent leur partenariat autour des enjeux migratoires et du d\u00e9veloppement \u00e9conomique"},"content":{"rendered":"<p data-start=\"0\" data-end=\"435\">Le pr\u00e9sident de l\u2019Union nationale du patronat mauritanien (UNPM), Mohamed Zeine El Abidine Ould Cheikh Ahmed, a re\u00e7u mercredi, au si\u00e8ge de l\u2019organisation \u00e0 Nouakchott, le chef de mission de l\u2019Organisation internationale pour les migrations (OIM) en Mauritanie, Idrissa Sompar\u00e9, dans le cadre d\u2019une rencontre consacr\u00e9e au renforcement des m\u00e9canismes de coop\u00e9ration entre le secteur priv\u00e9 mauritanien et cette institution internationale.<\/p>\n<p data-start=\"437\" data-end=\"743\">Les \u00e9changes ont principalement port\u00e9 sur les perspectives de collaboration autour des enjeux li\u00e9s \u00e0 la gestion des dynamiques migratoires, \u00e0 leurs implications \u00e9conomiques et sociales, ainsi qu\u2019aux opportunit\u00e9s d\u2019appui technique que l\u2019OIM peut offrir au secteur priv\u00e9 national dans ce domaine strat\u00e9gique.<\/p>\n<p data-start=\"745\" data-end=\"1115\">Au cours de cette audience, le pr\u00e9sident de l\u2019Union patronale a mis en avant le r\u00f4le central du secteur priv\u00e9 dans la promotion du d\u00e9veloppement durable, soulignant sa contribution essentielle \u00e0 la cr\u00e9ation d\u2019emplois, \u00e0 la stimulation de la croissance \u00e9conomique et \u00e0 l\u2019absorption d\u2019une main-d\u2019\u0153uvre importante, notamment dans les secteurs prioritaires \u00e0 fort potentiel.<\/p>\n<p data-start=\"1117\" data-end=\"1491\">Il a \u00e9galement insist\u00e9 sur l\u2019importance d\u2019une approche concert\u00e9e entre institutions nationales et partenaires internationaux afin de mieux int\u00e9grer les enjeux migratoires dans les strat\u00e9gies de d\u00e9veloppement \u00e9conomique, en particulier dans un contexte r\u00e9gional marqu\u00e9 par d\u2019importants mouvements de populations et des d\u00e9fis croissants en mati\u00e8re d\u2019insertion professionnelle.<\/p>\n<p data-start=\"1493\" data-end=\"1826\">De son c\u00f4t\u00e9, le chef de mission de l\u2019OIM a r\u00e9affirm\u00e9 la disponibilit\u00e9 de son organisation \u00e0 accompagner les initiatives visant \u00e0 renforcer les capacit\u00e9s du secteur priv\u00e9 mauritanien, notamment \u00e0 travers des programmes, projets et expertises techniques favorisant une gestion plus efficace et plus inclusive des questions migratoires.<\/p>\n<p data-start=\"1828\" data-end=\"2109\">Cette rencontre s\u2019inscrit dans une dynamique plus large de coop\u00e9ration entre acteurs \u00e9conomiques et organisations internationales, visant \u00e0 faire de la migration un levier de d\u00e9veloppement, tout en att\u00e9nuant ses effets n\u00e9gatifs potentiels sur les \u00e9quilibres sociaux et \u00e9conomiques.<\/p>\n<p data-start=\"2111\" data-end=\"2291\" data-is-last-node=\"\" data-is-only-node=\"\">La r\u00e9union s\u2019est d\u00e9roul\u00e9e en pr\u00e9sence de Cheikh Ould Bouassriya, secr\u00e9taire g\u00e9n\u00e9ral adjoint de l\u2019Union nationale du patronat mauritanien, assurant l\u2019int\u00e9rim du secr\u00e9tariat g\u00e9n\u00e9ral.<\/p>\n","protected":false},"excerpt":{"rendered":"<p>Le pr\u00e9sident de l\u2019Union nationale du patronat mauritanien (UNPM), Mohamed Zeine El Abidine Ould Cheikh Ahmed, a re\u00e7u mercredi, au si\u00e8ge de l\u2019organisation \u00e0 Nouakchott, le chef de mission de l\u2019Organisation internationale pour les migrations (OIM) en Mauritanie, Idrissa Sompar\u00e9, dans le cadre d\u2019une rencontre consacr\u00e9e au renforcement des m\u00e9canismes de coop\u00e9ration entre le secteur&#8230;..<\/p>\n","protected":false},"author":13,"featured_media":36983,"comment_status":"open","ping_status":"open","sticky":false,"template":"","format":"standard","meta":{"footnotes":""},"categories":[23,49],"tags":[],"class_list":["post-36982","post","type-post","status-publish","format-standard","has-post-thumbnail","hentry","category-actualite","category-economie"],"yoast_head":"<!-- This site is optimized with the Yoast SEO plugin v27.5 - https:\/\/yoast.com\/product\/yoast-seo-wordpress\/ -->\n<title>Le patronat mauritanien et l\u2019OIM renforcent leur partenariat autour des enjeux migratoires et du d\u00e9veloppement \u00e9conomique - Le Quotidien de Nouakchott<\/title>\n<meta name=\"robots\" content=\"index, follow, max-snippet:-1, max-image-preview:large, max-video-preview:-1\" \/>\n<link rel=\"canonical\" href=\"https:\/\/lequotidien.mr\/?p=36982&lang=fr\" \/>\n<meta property=\"og:locale\" content=\"ar_AR\" \/>\n<meta property=\"og:type\" content=\"article\" \/>\n<meta property=\"og:title\" content=\"Le patronat mauritanien et l\u2019OIM renforcent leur partenariat autour des enjeux migratoires et du d\u00e9veloppement \u00e9conomique - Le Quotidien de Nouakchott\" \/>\n<meta property=\"og:description\" content=\"Le pr\u00e9sident de l\u2019Union nationale du patronat mauritanien (UNPM), Mohamed Zeine El Abidine Ould Cheikh Ahmed, a re\u00e7u mercredi, au si\u00e8ge de l\u2019organisation \u00e0 Nouakchott, le chef de mission de l\u2019Organisation internationale pour les migrations (OIM) en Mauritanie, Idrissa Sompar\u00e9, dans le cadre d\u2019une rencontre consacr\u00e9e au renforcement des m\u00e9canismes de coop\u00e9ration entre le secteur.....\" \/>\n<meta property=\"og:url\" content=\"https:\/\/lequotidien.mr\/?p=36982&amp;lang=fr\" \/>\n<meta property=\"og:site_name\" content=\"Le Quotidien de Nouakchott\" \/>\n<meta property=\"article:publisher\" content=\"https:\/\/web.facebook.com\/lequotidienmr\" \/>\n<meta property=\"article:published_time\" content=\"2026-04-30T16:06:17+00:00\" \/>\n<meta property=\"og:image\" content=\"https:\/\/lequotidien.mr\/wp-content\/uploads\/2026\/04\/\u0627\u0631\u0628\u0627\u0628-\u0627\u0644\u0639\u0645\u0644-750x430-1.jpg\" \/>\n\t<meta property=\"og:image:width\" content=\"750\" \/>\n\t<meta property=\"og:image:height\" content=\"430\" \/>\n\t<meta property=\"og:image:type\" content=\"image\/jpeg\" \/>\n<meta name=\"author\" content=\"Fatimetou Ethemane\" \/>\n<meta name=\"twitter:card\" content=\"summary_large_image\" \/>\n<meta name=\"twitter:creator\" content=\"@lequotidienmr\" \/>\n<meta name=\"twitter:site\" content=\"@lequotidienmr\" \/>\n<meta name=\"twitter:label1\" content=\"\u0643\u064f\u062a\u0628 \u0628\u0648\u0627\u0633\u0637\u0629\" \/>\n\t<meta name=\"twitter:data1\" content=\"Fatimetou Ethemane\" \/>\n\t<meta name=\"twitter:label2\" content=\"\u0648\u0642\u062a \u0627\u0644\u0642\u0631\u0627\u0621\u0629 \u0627\u0644\u0645\u064f\u0642\u062f\u0651\u0631\" \/>\n\t<meta name=\"twitter:data2\" content=\"3 \u062f\u0642\u0627\u0626\u0642\" \/>\n<script type=\"application\/ld+json\" class=\"yoast-schema-graph\">{\"@context\":\"https:\\\/\\\/schema.org\",\"@graph\":[{\"@type\":\"Article\",\"@id\":\"https:\\\/\\\/lequotidien.mr\\\/?p=36982&lang=fr#article\",\"isPartOf\":{\"@id\":\"https:\\\/\\\/lequotidien.mr\\\/?p=36982&lang=fr\"},\"author\":{\"name\":\"Fatimetou Ethemane\",\"@id\":\"https:\\\/\\\/lequotidien.mr\\\/#\\\/schema\\\/person\\\/0926dbaf41ffa88b64cf66855b9b2826\"},\"headline\":\"Le patronat mauritanien et l\u2019OIM renforcent leur partenariat autour des enjeux migratoires et du d\u00e9veloppement \u00e9conomique\",\"datePublished\":\"2026-04-30T16:06:17+00:00\",\"mainEntityOfPage\":{\"@id\":\"https:\\\/\\\/lequotidien.mr\\\/?p=36982&lang=fr\"},\"wordCount\":385,\"commentCount\":0,\"publisher\":{\"@id\":\"https:\\\/\\\/lequotidien.mr\\\/#organization\"},\"image\":{\"@id\":\"https:\\\/\\\/lequotidien.mr\\\/?p=36982&lang=fr#primaryimage\"},\"thumbnailUrl\":\"https:\\\/\\\/lequotidien.mr\\\/wp-content\\\/uploads\\\/2026\\\/04\\\/\u0627\u0631\u0628\u0627\u0628-\u0627\u0644\u0639\u0645\u0644-750x430-1.jpg\",\"articleSection\":[\"ACTUALIT\u00c9\",\"Economie\"],\"inLanguage\":\"ar\",\"potentialAction\":[{\"@type\":\"CommentAction\",\"name\":\"Comment\",\"target\":[\"https:\\\/\\\/lequotidien.mr\\\/?p=36982&lang=fr#respond\"]}]},{\"@type\":\"WebPage\",\"@id\":\"https:\\\/\\\/lequotidien.mr\\\/?p=36982&lang=fr\",\"url\":\"https:\\\/\\\/lequotidien.mr\\\/?p=36982&lang=fr\",\"name\":\"Le patronat mauritanien et l\u2019OIM renforcent leur partenariat autour des enjeux migratoires et du d\u00e9veloppement \u00e9conomique - Le Quotidien de Nouakchott\",\"isPartOf\":{\"@id\":\"https:\\\/\\\/lequotidien.mr\\\/#website\"},\"primaryImageOfPage\":{\"@id\":\"https:\\\/\\\/lequotidien.mr\\\/?p=36982&lang=fr#primaryimage\"},\"image\":{\"@id\":\"https:\\\/\\\/lequotidien.mr\\\/?p=36982&lang=fr#primaryimage\"},\"thumbnailUrl\":\"https:\\\/\\\/lequotidien.mr\\\/wp-content\\\/uploads\\\/2026\\\/04\\\/\u0627\u0631\u0628\u0627\u0628-\u0627\u0644\u0639\u0645\u0644-750x430-1.jpg\",\"datePublished\":\"2026-04-30T16:06:17+00:00\",\"breadcrumb\":{\"@id\":\"https:\\\/\\\/lequotidien.mr\\\/?p=36982&lang=fr#breadcrumb\"},\"inLanguage\":\"ar\",\"potentialAction\":[{\"@type\":\"ReadAction\",\"target\":[\"https:\\\/\\\/lequotidien.mr\\\/?p=36982&lang=fr\"]}]},{\"@type\":\"ImageObject\",\"inLanguage\":\"ar\",\"@id\":\"https:\\\/\\\/lequotidien.mr\\\/?p=36982&lang=fr#primaryimage\",\"url\":\"https:\\\/\\\/lequotidien.mr\\\/wp-content\\\/uploads\\\/2026\\\/04\\\/\u0627\u0631\u0628\u0627\u0628-\u0627\u0644\u0639\u0645\u0644-750x430-1.jpg\",\"contentUrl\":\"https:\\\/\\\/lequotidien.mr\\\/wp-content\\\/uploads\\\/2026\\\/04\\\/\u0627\u0631\u0628\u0627\u0628-\u0627\u0644\u0639\u0645\u0644-750x430-1.jpg\",\"width\":750,\"height\":430},{\"@type\":\"BreadcrumbList\",\"@id\":\"https:\\\/\\\/lequotidien.mr\\\/?p=36982&lang=fr#breadcrumb\",\"itemListElement\":[{\"@type\":\"ListItem\",\"position\":1,\"name\":\"Home\",\"item\":\"https:\\\/\\\/lequotidien.mr\\\/\"},{\"@type\":\"ListItem\",\"position\":2,\"name\":\"Le patronat mauritanien et l\u2019OIM renforcent leur partenariat autour des enjeux migratoires et du d\u00e9veloppement \u00e9conomique\"}]},{\"@type\":\"WebSite\",\"@id\":\"https:\\\/\\\/lequotidien.mr\\\/#website\",\"url\":\"https:\\\/\\\/lequotidien.mr\\\/\",\"name\":\"Le Quotidien de Nouakchott\",\"description\":\"\u0625\u062e\u0628\u0627\u0631\u064a\u0629 \u0645\u0633\u062a\u0642\u0644\u0629 \u0644\u0644\u0623\u0646\u0628\u0627\u0621 \u0627\u0644\u0639\u0627\u0645\u0629\",\"publisher\":{\"@id\":\"https:\\\/\\\/lequotidien.mr\\\/#organization\"},\"potentialAction\":[{\"@type\":\"SearchAction\",\"target\":{\"@type\":\"EntryPoint\",\"urlTemplate\":\"https:\\\/\\\/lequotidien.mr\\\/?s={search_term_string}\"},\"query-input\":{\"@type\":\"PropertyValueSpecification\",\"valueRequired\":true,\"valueName\":\"search_term_string\"}}],\"inLanguage\":\"ar\"},{\"@type\":\"Organization\",\"@id\":\"https:\\\/\\\/lequotidien.mr\\\/#organization\",\"name\":\"Le Quotidien de Nouakchott\",\"url\":\"https:\\\/\\\/lequotidien.mr\\\/\",\"logo\":{\"@type\":\"ImageObject\",\"inLanguage\":\"ar\",\"@id\":\"https:\\\/\\\/lequotidien.mr\\\/#\\\/schema\\\/logo\\\/image\\\/\",\"url\":\"https:\\\/\\\/lequotidien.mr\\\/wp-content\\\/uploads\\\/2022\\\/11\\\/logolequotidien.jpg\",\"contentUrl\":\"https:\\\/\\\/lequotidien.mr\\\/wp-content\\\/uploads\\\/2022\\\/11\\\/logolequotidien.jpg\",\"width\":290,\"height\":65,\"caption\":\"Le Quotidien de Nouakchott\"},\"image\":{\"@id\":\"https:\\\/\\\/lequotidien.mr\\\/#\\\/schema\\\/logo\\\/image\\\/\"},\"sameAs\":[\"https:\\\/\\\/web.facebook.com\\\/lequotidienmr\",\"https:\\\/\\\/x.com\\\/lequotidienmr\"]},{\"@type\":\"Person\",\"@id\":\"https:\\\/\\\/lequotidien.mr\\\/#\\\/schema\\\/person\\\/0926dbaf41ffa88b64cf66855b9b2826\",\"name\":\"Fatimetou Ethemane\",\"image\":{\"@type\":\"ImageObject\",\"inLanguage\":\"ar\",\"@id\":\"https:\\\/\\\/secure.gravatar.com\\\/avatar\\\/38fea9097a5e574debe9801202088f6f4429fdac0912587175811aad50d9706e?s=96&d=mm&r=g\",\"url\":\"https:\\\/\\\/secure.gravatar.com\\\/avatar\\\/38fea9097a5e574debe9801202088f6f4429fdac0912587175811aad50d9706e?s=96&d=mm&r=g\",\"contentUrl\":\"https:\\\/\\\/secure.gravatar.com\\\/avatar\\\/38fea9097a5e574debe9801202088f6f4429fdac0912587175811aad50d9706e?s=96&d=mm&r=g\",\"caption\":\"Fatimetou Ethemane\"},\"sameAs\":[\"http:\\\/\\\/lequotidien.mr\"],\"url\":\"https:\\\/\\\/lequotidien.mr\\\/?author=13\"}]}<\/script>\n<!-- \/ Yoast SEO plugin. -->","yoast_head_json":{"title":"Le patronat mauritanien et l\u2019OIM renforcent leur partenariat autour des enjeux migratoires et du d\u00e9veloppement \u00e9conomique - Le Quotidien de Nouakchott","robots":{"index":"index","follow":"follow","max-snippet":"max-snippet:-1","max-image-preview":"max-image-preview:large","max-video-preview":"max-video-preview:-1"},"canonical":"https:\/\/lequotidien.mr\/?p=36982&lang=fr","og_locale":"ar_AR","og_type":"article","og_title":"Le patronat mauritanien et l\u2019OIM renforcent leur partenariat autour des enjeux migratoires et du d\u00e9veloppement \u00e9conomique - Le Quotidien de Nouakchott","og_description":"Le pr\u00e9sident de l\u2019Union nationale du patronat mauritanien (UNPM), Mohamed Zeine El Abidine Ould Cheikh Ahmed, a re\u00e7u mercredi, au si\u00e8ge de l\u2019organisation \u00e0 Nouakchott, le chef de mission de l\u2019Organisation internationale pour les migrations (OIM) en Mauritanie, Idrissa Sompar\u00e9, dans le cadre d\u2019une rencontre consacr\u00e9e au renforcement des m\u00e9canismes de coop\u00e9ration entre le secteur.....","og_url":"https:\/\/lequotidien.mr\/?p=36982&lang=fr","og_site_name":"Le Quotidien de Nouakchott","article_publisher":"https:\/\/web.facebook.com\/lequotidienmr","article_published_time":"2026-04-30T16:06:17+00:00","og_image":[{"width":750,"height":430,"url":"https:\/\/lequotidien.mr\/wp-content\/uploads\/2026\/04\/\u0627\u0631\u0628\u0627\u0628-\u0627\u0644\u0639\u0645\u0644-750x430-1.jpg","type":"image\/jpeg"}],"author":"Fatimetou Ethemane","twitter_card":"summary_large_image","twitter_creator":"@lequotidienmr","twitter_site":"@lequotidienmr","twitter_misc":{"\u0643\u064f\u062a\u0628 \u0628\u0648\u0627\u0633\u0637\u0629":"Fatimetou Ethemane","\u0648\u0642\u062a \u0627\u0644\u0642\u0631\u0627\u0621\u0629 \u0627\u0644\u0645\u064f\u0642\u062f\u0651\u0631":"3 \u062f\u0642\u0627\u0626\u0642"},"schema":{"@context":"https:\/\/schema.org","@graph":[{"@type":"Article","@id":"https:\/\/lequotidien.mr\/?p=36982&lang=fr#article","isPartOf":{"@id":"https:\/\/lequotidien.mr\/?p=36982&lang=fr"},"author":{"name":"Fatimetou Ethemane","@id":"https:\/\/lequotidien.mr\/#\/schema\/person\/0926dbaf41ffa88b64cf66855b9b2826"},"headline":"Le patronat mauritanien et l\u2019OIM renforcent leur partenariat autour des enjeux migratoires et du d\u00e9veloppement \u00e9conomique","datePublished":"2026-04-30T16:06:17+00:00","mainEntityOfPage":{"@id":"https:\/\/lequotidien.mr\/?p=36982&lang=fr"},"wordCount":385,"commentCount":0,"publisher":{"@id":"https:\/\/lequotidien.mr\/#organization"},"image":{"@id":"https:\/\/lequotidien.mr\/?p=36982&lang=fr#primaryimage"},"thumbnailUrl":"https:\/\/lequotidien.mr\/wp-content\/uploads\/2026\/04\/\u0627\u0631\u0628\u0627\u0628-\u0627\u0644\u0639\u0645\u0644-750x430-1.jpg","articleSection":["ACTUALIT\u00c9","Economie"],"inLanguage":"ar","potentialAction":[{"@type":"CommentAction","name":"Comment","target":["https:\/\/lequotidien.mr\/?p=36982&lang=fr#respond"]}]},{"@type":"WebPage","@id":"https:\/\/lequotidien.mr\/?p=36982&lang=fr","url":"https:\/\/lequotidien.mr\/?p=36982&lang=fr","name":"Le patronat mauritanien et l\u2019OIM renforcent leur partenariat autour des enjeux migratoires et du d\u00e9veloppement \u00e9conomique - Le Quotidien de Nouakchott","isPartOf":{"@id":"https:\/\/lequotidien.mr\/#website"},"primaryImageOfPage":{"@id":"https:\/\/lequotidien.mr\/?p=36982&lang=fr#primaryimage"},"image":{"@id":"https:\/\/lequotidien.mr\/?p=36982&lang=fr#primaryimage"},"thumbnailUrl":"https:\/\/lequotidien.mr\/wp-content\/uploads\/2026\/04\/\u0627\u0631\u0628\u0627\u0628-\u0627\u0644\u0639\u0645\u0644-750x430-1.jpg","datePublished":"2026-04-30T16:06:17+00:00","breadcrumb":{"@id":"https:\/\/lequotidien.mr\/?p=36982&lang=fr#breadcrumb"},"inLanguage":"ar","potentialAction":[{"@type":"ReadAction","target":["https:\/\/lequotidien.mr\/?p=36982&lang=fr"]}]},{"@type":"ImageObject","inLanguage":"ar","@id":"https:\/\/lequotidien.mr\/?p=36982&lang=fr#primaryimage","url":"https:\/\/lequotidien.mr\/wp-content\/uploads\/2026\/04\/\u0627\u0631\u0628\u0627\u0628-\u0627\u0644\u0639\u0645\u0644-750x430-1.jpg","contentUrl":"https:\/\/lequotidien.mr\/wp-content\/uploads\/2026\/04\/\u0627\u0631\u0628\u0627\u0628-\u0627\u0644\u0639\u0645\u0644-750x430-1.jpg","width":750,"height":430},{"@type":"BreadcrumbList","@id":"https:\/\/lequotidien.mr\/?p=36982&lang=fr#breadcrumb","itemListElement":[{"@type":"ListItem","position":1,"name":"Home","item":"https:\/\/lequotidien.mr\/"},{"@type":"ListItem","position":2,"name":"Le patronat mauritanien et l\u2019OIM renforcent leur partenariat autour des enjeux migratoires et du d\u00e9veloppement \u00e9conomique"}]},{"@type":"WebSite","@id":"https:\/\/lequotidien.mr\/#website","url":"https:\/\/lequotidien.mr\/","name":"Le Quotidien de Nouakchott","description":"\u0625\u062e\u0628\u0627\u0631\u064a\u0629 \u0645\u0633\u062a\u0642\u0644\u0629 \u0644\u0644\u0623\u0646\u0628\u0627\u0621 \u0627\u0644\u0639\u0627\u0645\u0629","publisher":{"@id":"https:\/\/lequotidien.mr\/#organization"},"potentialAction":[{"@type":"SearchAction","target":{"@type":"EntryPoint","urlTemplate":"https:\/\/lequotidien.mr\/?s={search_term_string}"},"query-input":{"@type":"PropertyValueSpecification","valueRequired":true,"valueName":"search_term_string"}}],"inLanguage":"ar"},{"@type":"Organization","@id":"https:\/\/lequotidien.mr\/#organization","name":"Le Quotidien de Nouakchott","url":"https:\/\/lequotidien.mr\/","logo":{"@type":"ImageObject","inLanguage":"ar","@id":"https:\/\/lequotidien.mr\/#\/schema\/logo\/image\/","url":"https:\/\/lequotidien.mr\/wp-content\/uploads\/2022\/11\/logolequotidien.jpg","contentUrl":"https:\/\/lequotidien.mr\/wp-content\/uploads\/2022\/11\/logolequotidien.jpg","width":290,"height":65,"caption":"Le Quotidien de Nouakchott"},"image":{"@id":"https:\/\/lequotidien.mr\/#\/schema\/logo\/image\/"},"sameAs":["https:\/\/web.facebook.com\/lequotidienmr","https:\/\/x.com\/lequotidienmr"]},{"@type":"Person","@id":"https:\/\/lequotidien.mr\/#\/schema\/person\/0926dbaf41ffa88b64cf66855b9b2826","name":"Fatimetou Ethemane","image":{"@type":"ImageObject","inLanguage":"ar","@id":"https:\/\/secure.gravatar.com\/avatar\/38fea9097a5e574debe9801202088f6f4429fdac0912587175811aad50d9706e?s=96&d=mm&r=g","url":"https:\/\/secure.gravatar.com\/avatar\/38fea9097a5e574debe9801202088f6f4429fdac0912587175811aad50d9706e?s=96&d=mm&r=g","contentUrl":"https:\/\/secure.gravatar.com\/avatar\/38fea9097a5e574debe9801202088f6f4429fdac0912587175811aad50d9706e?s=96&d=mm&r=g","caption":"Fatimetou Ethemane"},"sameAs":["http:\/\/lequotidien.mr"],"url":"https:\/\/lequotidien.mr\/?author=13"}]}},"_links":{"self":[{"href":"https:\/\/lequotidien.mr\/index.php?rest_route=\/wp\/v2\/posts\/36982","targetHints":{"allow":["GET"]}}],"collection":[{"href":"https:\/\/lequotidien.mr\/index.php?rest_route=\/wp\/v2\/posts"}],"about":[{"href":"https:\/\/lequotidien.mr\/index.php?rest_route=\/wp\/v2\/types\/post"}],"author":[{"embeddable":true,"href":"https:\/\/lequotidien.mr\/index.php?rest_route=\/wp\/v2\/users\/13"}],"replies":[{"embeddable":true,"href":"https:\/\/lequotidien.mr\/index.php?rest_route=%2Fwp%2Fv2%2Fcomments&post=36982"}],"version-history":[{"count":1,"href":"https:\/\/lequotidien.mr\/index.php?rest_route=\/wp\/v2\/posts\/36982\/revisions"}],"predecessor-version":[{"id":36984,"href":"https:\/\/lequotidien.mr\/index.php?rest_route=\/wp\/v2\/posts\/36982\/revisions\/36984"}],"wp:featuredmedia":[{"embeddable":true,"href":"https:\/\/lequotidien.mr\/index.php?rest_route=\/wp\/v2\/media\/36983"}],"wp:attachment":[{"href":"https:\/\/lequotidien.mr\/index.php?rest_route=%2Fwp%2Fv2%2Fmedia&parent=36982"}],"wp:term":[{"taxonomy":"category","embeddable":true,"href":"https:\/\/lequotidien.mr\/index.php?rest_route=%2Fwp%2Fv2%2Fcategories&post=36982"},{"taxonomy":"post_tag","embeddable":true,"href":"https:\/\/lequotidien.mr\/index.php?rest_route=%2Fwp%2Fv2%2Ftags&post=36982"}],"curies":[{"name":"wp","href":"https:\/\/api.w.org\/{rel}","templated":true}]}}