{"id":36979,"date":"2026-04-30T16:05:01","date_gmt":"2026-04-30T16:05:01","guid":{"rendered":"https:\/\/lequotidien.mr\/?p=36979"},"modified":"2026-04-30T16:05:01","modified_gmt":"2026-04-30T16:05:01","slug":"sahel-la-mauritanie-et-lunion-africaine-renforcent-leur-concertation-strategique-sur-la-securite-regionale","status":"publish","type":"post","link":"https:\/\/lequotidien.mr\/?p=36979&lang=fr","title":{"rendered":"Sahel : la Mauritanie et l\u2019Union africaine renforcent leur concertation strat\u00e9gique sur la s\u00e9curit\u00e9 r\u00e9gionale"},"content":{"rendered":"<p data-start=\"115\" data-end=\"476\">Le ministre de la D\u00e9fense, des Retrait\u00e9s et des Enfants des Martyrs, <span class=\"hover:entity-accent entity-underline inline cursor-pointer align-baseline\"><span class=\"whitespace-normal\">Hanena Ould Sidi<\/span><\/span>, a re\u00e7u jeudi matin \u00e0 <span class=\"hover:entity-accent entity-underline inline cursor-pointer align-baseline\"><span class=\"whitespace-normal\">Nouakchott<\/span><\/span> le Haut Repr\u00e9sentant du Pr\u00e9sident de la Commission de l\u2019<span class=\"hover:entity-accent entity-underline inline cursor-pointer align-baseline\"><span class=\"whitespace-normal\">Union africaine<\/span><\/span>, chef de la Mission de l\u2019Union africaine au Mali et au Sahel, <span class=\"hover:entity-accent entity-underline inline cursor-pointer align-baseline\"><span class=\"whitespace-normal\">Mamadou Tangara<\/span><\/span>.<\/p>\n<p data-start=\"478\" data-end=\"767\">Cette rencontre s\u2019inscrit dans le cadre du dialogue r\u00e9gulier entre la <span class=\"hover:entity-accent entity-underline inline cursor-pointer align-baseline\"><span class=\"whitespace-normal\">Mauritanie<\/span><\/span> et les institutions africaines sur les questions de paix, de s\u00e9curit\u00e9 et de stabilit\u00e9 r\u00e9gionale, dans un contexte sah\u00e9lien marqu\u00e9 par la persistance de d\u00e9fis s\u00e9curitaires complexes.<\/p>\n<p data-start=\"769\" data-end=\"1027\">Les \u00e9changes ont port\u00e9 sur l\u2019\u00e9tat des relations de coop\u00e9ration entre la Mauritanie et la Commission de l\u2019Union africaine, avec une attention particuli\u00e8re accord\u00e9e aux m\u00e9canismes de coordination strat\u00e9gique face aux enjeux s\u00e9curitaires qui affectent le Sahel.<\/p>\n<p data-start=\"1029\" data-end=\"1336\">Au centre des discussions figurait notamment l\u2019\u00e9volution de la situation dans la r\u00e9gion sah\u00e9lienne, confront\u00e9e \u00e0 des menaces multidimensionnelles telles que le terrorisme, l\u2019extr\u00e9misme violent, la criminalit\u00e9 transfrontali\u00e8re et les tensions politico-s\u00e9curitaires qui fragilisent plusieurs \u00c9tats de la zone.<\/p>\n<p data-start=\"1338\" data-end=\"1618\">Les deux parties ont proc\u00e9d\u00e9 \u00e0 un \u00e9change de vues sur plusieurs questions d\u2019int\u00e9r\u00eat commun, mettant en \u00e9vidence l\u2019importance d\u2019une coop\u00e9ration renforc\u00e9e entre acteurs r\u00e9gionaux, \u00c9tats et institutions continentales afin de promouvoir des r\u00e9ponses coordonn\u00e9es aux d\u00e9fis de s\u00e9curit\u00e9.<\/p>\n<p data-start=\"1620\" data-end=\"1931\">Cette concertation illustre \u00e9galement le r\u00f4le croissant de la Mauritanie en tant qu\u2019acteur stabilisateur dans l\u2019espace sah\u00e9lo-saharien, gr\u00e2ce \u00e0 sa politique s\u00e9curitaire, \u00e0 son positionnement g\u00e9ographique strat\u00e9gique et \u00e0 son implication dans les efforts r\u00e9gionaux de pr\u00e9vention et de lutte contre l\u2019instabilit\u00e9.<\/p>\n<p data-start=\"1933\" data-end=\"2176\">Pour l\u2019Union africaine, la coordination avec les pays cl\u00e9s du Sahel demeure essentielle afin de soutenir les initiatives de paix, de pr\u00e9vention des crises et de consolidation institutionnelle dans une r\u00e9gion o\u00f9 les \u00e9quilibres restent fragiles.<\/p>\n<p data-start=\"2178\" data-end=\"2489\">La r\u00e9union s\u2019est d\u00e9roul\u00e9e en pr\u00e9sence du secr\u00e9taire g\u00e9n\u00e9ral du minist\u00e8re de la D\u00e9fense, ainsi que de hauts responsables s\u00e9curitaires, dont le directeur de la documentation et de la s\u00e9curit\u00e9 militaire et le directeur du bureau de coordination du minist\u00e8re, t\u00e9moignant du caract\u00e8re strat\u00e9gique de cette rencontre.<\/p>\n<p data-start=\"2491\" data-end=\"2775\" data-is-last-node=\"\" data-is-only-node=\"\">\u00c0 travers cet entretien, la <span class=\"hover:entity-accent entity-underline inline cursor-pointer align-baseline\"><span class=\"whitespace-normal\">Mauritanie<\/span><\/span> r\u00e9affirme son engagement en faveur d\u2019une coop\u00e9ration africaine renforc\u00e9e et d\u2019une approche collective face aux d\u00e9fis s\u00e9curitaires du Sahel, r\u00e9gion dont la stabilit\u00e9 demeure un enjeu majeur pour l\u2019ensemble du continent.<\/p>\n","protected":false},"excerpt":{"rendered":"<p>Le ministre de la D\u00e9fense, des Retrait\u00e9s et des Enfants des Martyrs, Hanena Ould Sidi, a re\u00e7u jeudi matin \u00e0 Nouakchott le Haut Repr\u00e9sentant du Pr\u00e9sident de la Commission de l\u2019Union africaine, chef de la Mission de l\u2019Union africaine au Mali et au Sahel, Mamadou Tangara. Cette rencontre s\u2019inscrit dans le cadre du dialogue r\u00e9gulier&#8230;..<\/p>\n","protected":false},"author":13,"featured_media":36980,"comment_status":"open","ping_status":"open","sticky":false,"template":"","format":"standard","meta":{"footnotes":""},"categories":[23],"tags":[],"class_list":["post-36979","post","type-post","status-publish","format-standard","has-post-thumbnail","hentry","category-actualite"],"yoast_head":"<!-- This site is optimized with the Yoast SEO plugin v27.5 - https:\/\/yoast.com\/product\/yoast-seo-wordpress\/ -->\n<title>Sahel : la Mauritanie et l\u2019Union africaine renforcent leur concertation strat\u00e9gique sur la s\u00e9curit\u00e9 r\u00e9gionale - Le Quotidien de Nouakchott<\/title>\n<meta name=\"robots\" content=\"index, follow, max-snippet:-1, max-image-preview:large, max-video-preview:-1\" \/>\n<link rel=\"canonical\" href=\"https:\/\/lequotidien.mr\/?p=36979&lang=fr\" \/>\n<meta property=\"og:locale\" content=\"ar_AR\" \/>\n<meta property=\"og:type\" content=\"article\" \/>\n<meta property=\"og:title\" content=\"Sahel : la Mauritanie et l\u2019Union africaine renforcent leur concertation strat\u00e9gique sur la s\u00e9curit\u00e9 r\u00e9gionale - Le Quotidien de Nouakchott\" \/>\n<meta property=\"og:description\" content=\"Le ministre de la D\u00e9fense, des Retrait\u00e9s et des Enfants des Martyrs, Hanena Ould Sidi, a re\u00e7u jeudi matin \u00e0 Nouakchott le Haut Repr\u00e9sentant du Pr\u00e9sident de la Commission de l\u2019Union africaine, chef de la Mission de l\u2019Union africaine au Mali et au Sahel, Mamadou Tangara. Cette rencontre s\u2019inscrit dans le cadre du dialogue r\u00e9gulier.....\" \/>\n<meta property=\"og:url\" content=\"https:\/\/lequotidien.mr\/?p=36979&amp;lang=fr\" \/>\n<meta property=\"og:site_name\" content=\"Le Quotidien de Nouakchott\" \/>\n<meta property=\"article:publisher\" content=\"https:\/\/web.facebook.com\/lequotidienmr\" \/>\n<meta property=\"article:published_time\" content=\"2026-04-30T16:05:01+00:00\" \/>\n<meta property=\"og:image\" content=\"https:\/\/lequotidien.mr\/wp-content\/uploads\/2026\/04\/30-04-2026-007-750x430-1.jpg\" \/>\n\t<meta property=\"og:image:width\" content=\"750\" \/>\n\t<meta property=\"og:image:height\" content=\"430\" \/>\n\t<meta property=\"og:image:type\" content=\"image\/jpeg\" \/>\n<meta name=\"author\" content=\"Fatimetou Ethemane\" \/>\n<meta name=\"twitter:card\" content=\"summary_large_image\" \/>\n<meta name=\"twitter:creator\" content=\"@lequotidienmr\" \/>\n<meta name=\"twitter:site\" content=\"@lequotidienmr\" \/>\n<meta name=\"twitter:label1\" content=\"\u0643\u064f\u062a\u0628 \u0628\u0648\u0627\u0633\u0637\u0629\" \/>\n\t<meta name=\"twitter:data1\" content=\"Fatimetou Ethemane\" \/>\n\t<meta name=\"twitter:label2\" content=\"\u0648\u0642\u062a \u0627\u0644\u0642\u0631\u0627\u0621\u0629 \u0627\u0644\u0645\u064f\u0642\u062f\u0651\u0631\" \/>\n\t<meta name=\"twitter:data2\" content=\"3 \u062f\u0642\u0627\u0626\u0642\" \/>\n<script type=\"application\/ld+json\" class=\"yoast-schema-graph\">{\"@context\":\"https:\\\/\\\/schema.org\",\"@graph\":[{\"@type\":\"Article\",\"@id\":\"https:\\\/\\\/lequotidien.mr\\\/?p=36979&lang=fr#article\",\"isPartOf\":{\"@id\":\"https:\\\/\\\/lequotidien.mr\\\/?p=36979&lang=fr\"},\"author\":{\"name\":\"Fatimetou Ethemane\",\"@id\":\"https:\\\/\\\/lequotidien.mr\\\/#\\\/schema\\\/person\\\/0926dbaf41ffa88b64cf66855b9b2826\"},\"headline\":\"Sahel : la Mauritanie et l\u2019Union africaine renforcent leur concertation strat\u00e9gique sur la s\u00e9curit\u00e9 r\u00e9gionale\",\"datePublished\":\"2026-04-30T16:05:01+00:00\",\"mainEntityOfPage\":{\"@id\":\"https:\\\/\\\/lequotidien.mr\\\/?p=36979&lang=fr\"},\"wordCount\":456,\"commentCount\":0,\"publisher\":{\"@id\":\"https:\\\/\\\/lequotidien.mr\\\/#organization\"},\"image\":{\"@id\":\"https:\\\/\\\/lequotidien.mr\\\/?p=36979&lang=fr#primaryimage\"},\"thumbnailUrl\":\"https:\\\/\\\/lequotidien.mr\\\/wp-content\\\/uploads\\\/2026\\\/04\\\/30-04-2026-007-750x430-1.jpg\",\"articleSection\":[\"ACTUALIT\u00c9\"],\"inLanguage\":\"ar\",\"potentialAction\":[{\"@type\":\"CommentAction\",\"name\":\"Comment\",\"target\":[\"https:\\\/\\\/lequotidien.mr\\\/?p=36979&lang=fr#respond\"]}]},{\"@type\":\"WebPage\",\"@id\":\"https:\\\/\\\/lequotidien.mr\\\/?p=36979&lang=fr\",\"url\":\"https:\\\/\\\/lequotidien.mr\\\/?p=36979&lang=fr\",\"name\":\"Sahel : la Mauritanie et l\u2019Union africaine renforcent leur concertation strat\u00e9gique sur la s\u00e9curit\u00e9 r\u00e9gionale - Le Quotidien de Nouakchott\",\"isPartOf\":{\"@id\":\"https:\\\/\\\/lequotidien.mr\\\/#website\"},\"primaryImageOfPage\":{\"@id\":\"https:\\\/\\\/lequotidien.mr\\\/?p=36979&lang=fr#primaryimage\"},\"image\":{\"@id\":\"https:\\\/\\\/lequotidien.mr\\\/?p=36979&lang=fr#primaryimage\"},\"thumbnailUrl\":\"https:\\\/\\\/lequotidien.mr\\\/wp-content\\\/uploads\\\/2026\\\/04\\\/30-04-2026-007-750x430-1.jpg\",\"datePublished\":\"2026-04-30T16:05:01+00:00\",\"breadcrumb\":{\"@id\":\"https:\\\/\\\/lequotidien.mr\\\/?p=36979&lang=fr#breadcrumb\"},\"inLanguage\":\"ar\",\"potentialAction\":[{\"@type\":\"ReadAction\",\"target\":[\"https:\\\/\\\/lequotidien.mr\\\/?p=36979&lang=fr\"]}]},{\"@type\":\"ImageObject\",\"inLanguage\":\"ar\",\"@id\":\"https:\\\/\\\/lequotidien.mr\\\/?p=36979&lang=fr#primaryimage\",\"url\":\"https:\\\/\\\/lequotidien.mr\\\/wp-content\\\/uploads\\\/2026\\\/04\\\/30-04-2026-007-750x430-1.jpg\",\"contentUrl\":\"https:\\\/\\\/lequotidien.mr\\\/wp-content\\\/uploads\\\/2026\\\/04\\\/30-04-2026-007-750x430-1.jpg\",\"width\":750,\"height\":430},{\"@type\":\"BreadcrumbList\",\"@id\":\"https:\\\/\\\/lequotidien.mr\\\/?p=36979&lang=fr#breadcrumb\",\"itemListElement\":[{\"@type\":\"ListItem\",\"position\":1,\"name\":\"Home\",\"item\":\"https:\\\/\\\/lequotidien.mr\\\/\"},{\"@type\":\"ListItem\",\"position\":2,\"name\":\"Sahel : la Mauritanie et l\u2019Union africaine renforcent leur concertation strat\u00e9gique sur la s\u00e9curit\u00e9 r\u00e9gionale\"}]},{\"@type\":\"WebSite\",\"@id\":\"https:\\\/\\\/lequotidien.mr\\\/#website\",\"url\":\"https:\\\/\\\/lequotidien.mr\\\/\",\"name\":\"Le Quotidien de Nouakchott\",\"description\":\"\u0625\u062e\u0628\u0627\u0631\u064a\u0629 \u0645\u0633\u062a\u0642\u0644\u0629 \u0644\u0644\u0623\u0646\u0628\u0627\u0621 \u0627\u0644\u0639\u0627\u0645\u0629\",\"publisher\":{\"@id\":\"https:\\\/\\\/lequotidien.mr\\\/#organization\"},\"potentialAction\":[{\"@type\":\"SearchAction\",\"target\":{\"@type\":\"EntryPoint\",\"urlTemplate\":\"https:\\\/\\\/lequotidien.mr\\\/?s={search_term_string}\"},\"query-input\":{\"@type\":\"PropertyValueSpecification\",\"valueRequired\":true,\"valueName\":\"search_term_string\"}}],\"inLanguage\":\"ar\"},{\"@type\":\"Organization\",\"@id\":\"https:\\\/\\\/lequotidien.mr\\\/#organization\",\"name\":\"Le Quotidien de Nouakchott\",\"url\":\"https:\\\/\\\/lequotidien.mr\\\/\",\"logo\":{\"@type\":\"ImageObject\",\"inLanguage\":\"ar\",\"@id\":\"https:\\\/\\\/lequotidien.mr\\\/#\\\/schema\\\/logo\\\/image\\\/\",\"url\":\"https:\\\/\\\/lequotidien.mr\\\/wp-content\\\/uploads\\\/2022\\\/11\\\/logolequotidien.jpg\",\"contentUrl\":\"https:\\\/\\\/lequotidien.mr\\\/wp-content\\\/uploads\\\/2022\\\/11\\\/logolequotidien.jpg\",\"width\":290,\"height\":65,\"caption\":\"Le Quotidien de Nouakchott\"},\"image\":{\"@id\":\"https:\\\/\\\/lequotidien.mr\\\/#\\\/schema\\\/logo\\\/image\\\/\"},\"sameAs\":[\"https:\\\/\\\/web.facebook.com\\\/lequotidienmr\",\"https:\\\/\\\/x.com\\\/lequotidienmr\"]},{\"@type\":\"Person\",\"@id\":\"https:\\\/\\\/lequotidien.mr\\\/#\\\/schema\\\/person\\\/0926dbaf41ffa88b64cf66855b9b2826\",\"name\":\"Fatimetou Ethemane\",\"image\":{\"@type\":\"ImageObject\",\"inLanguage\":\"ar\",\"@id\":\"https:\\\/\\\/secure.gravatar.com\\\/avatar\\\/38fea9097a5e574debe9801202088f6f4429fdac0912587175811aad50d9706e?s=96&d=mm&r=g\",\"url\":\"https:\\\/\\\/secure.gravatar.com\\\/avatar\\\/38fea9097a5e574debe9801202088f6f4429fdac0912587175811aad50d9706e?s=96&d=mm&r=g\",\"contentUrl\":\"https:\\\/\\\/secure.gravatar.com\\\/avatar\\\/38fea9097a5e574debe9801202088f6f4429fdac0912587175811aad50d9706e?s=96&d=mm&r=g\",\"caption\":\"Fatimetou Ethemane\"},\"sameAs\":[\"http:\\\/\\\/lequotidien.mr\"],\"url\":\"https:\\\/\\\/lequotidien.mr\\\/?author=13\"}]}<\/script>\n<!-- \/ Yoast SEO plugin. -->","yoast_head_json":{"title":"Sahel : la Mauritanie et l\u2019Union africaine renforcent leur concertation strat\u00e9gique sur la s\u00e9curit\u00e9 r\u00e9gionale - Le Quotidien de Nouakchott","robots":{"index":"index","follow":"follow","max-snippet":"max-snippet:-1","max-image-preview":"max-image-preview:large","max-video-preview":"max-video-preview:-1"},"canonical":"https:\/\/lequotidien.mr\/?p=36979&lang=fr","og_locale":"ar_AR","og_type":"article","og_title":"Sahel : la Mauritanie et l\u2019Union africaine renforcent leur concertation strat\u00e9gique sur la s\u00e9curit\u00e9 r\u00e9gionale - Le Quotidien de Nouakchott","og_description":"Le ministre de la D\u00e9fense, des Retrait\u00e9s et des Enfants des Martyrs, Hanena Ould Sidi, a re\u00e7u jeudi matin \u00e0 Nouakchott le Haut Repr\u00e9sentant du Pr\u00e9sident de la Commission de l\u2019Union africaine, chef de la Mission de l\u2019Union africaine au Mali et au Sahel, Mamadou Tangara. Cette rencontre s\u2019inscrit dans le cadre du dialogue r\u00e9gulier.....","og_url":"https:\/\/lequotidien.mr\/?p=36979&lang=fr","og_site_name":"Le Quotidien de Nouakchott","article_publisher":"https:\/\/web.facebook.com\/lequotidienmr","article_published_time":"2026-04-30T16:05:01+00:00","og_image":[{"width":750,"height":430,"url":"https:\/\/lequotidien.mr\/wp-content\/uploads\/2026\/04\/30-04-2026-007-750x430-1.jpg","type":"image\/jpeg"}],"author":"Fatimetou Ethemane","twitter_card":"summary_large_image","twitter_creator":"@lequotidienmr","twitter_site":"@lequotidienmr","twitter_misc":{"\u0643\u064f\u062a\u0628 \u0628\u0648\u0627\u0633\u0637\u0629":"Fatimetou Ethemane","\u0648\u0642\u062a \u0627\u0644\u0642\u0631\u0627\u0621\u0629 \u0627\u0644\u0645\u064f\u0642\u062f\u0651\u0631":"3 \u062f\u0642\u0627\u0626\u0642"},"schema":{"@context":"https:\/\/schema.org","@graph":[{"@type":"Article","@id":"https:\/\/lequotidien.mr\/?p=36979&lang=fr#article","isPartOf":{"@id":"https:\/\/lequotidien.mr\/?p=36979&lang=fr"},"author":{"name":"Fatimetou Ethemane","@id":"https:\/\/lequotidien.mr\/#\/schema\/person\/0926dbaf41ffa88b64cf66855b9b2826"},"headline":"Sahel : la Mauritanie et l\u2019Union africaine renforcent leur concertation strat\u00e9gique sur la s\u00e9curit\u00e9 r\u00e9gionale","datePublished":"2026-04-30T16:05:01+00:00","mainEntityOfPage":{"@id":"https:\/\/lequotidien.mr\/?p=36979&lang=fr"},"wordCount":456,"commentCount":0,"publisher":{"@id":"https:\/\/lequotidien.mr\/#organization"},"image":{"@id":"https:\/\/lequotidien.mr\/?p=36979&lang=fr#primaryimage"},"thumbnailUrl":"https:\/\/lequotidien.mr\/wp-content\/uploads\/2026\/04\/30-04-2026-007-750x430-1.jpg","articleSection":["ACTUALIT\u00c9"],"inLanguage":"ar","potentialAction":[{"@type":"CommentAction","name":"Comment","target":["https:\/\/lequotidien.mr\/?p=36979&lang=fr#respond"]}]},{"@type":"WebPage","@id":"https:\/\/lequotidien.mr\/?p=36979&lang=fr","url":"https:\/\/lequotidien.mr\/?p=36979&lang=fr","name":"Sahel : la Mauritanie et l\u2019Union africaine renforcent leur concertation strat\u00e9gique sur la s\u00e9curit\u00e9 r\u00e9gionale - Le Quotidien de Nouakchott","isPartOf":{"@id":"https:\/\/lequotidien.mr\/#website"},"primaryImageOfPage":{"@id":"https:\/\/lequotidien.mr\/?p=36979&lang=fr#primaryimage"},"image":{"@id":"https:\/\/lequotidien.mr\/?p=36979&lang=fr#primaryimage"},"thumbnailUrl":"https:\/\/lequotidien.mr\/wp-content\/uploads\/2026\/04\/30-04-2026-007-750x430-1.jpg","datePublished":"2026-04-30T16:05:01+00:00","breadcrumb":{"@id":"https:\/\/lequotidien.mr\/?p=36979&lang=fr#breadcrumb"},"inLanguage":"ar","potentialAction":[{"@type":"ReadAction","target":["https:\/\/lequotidien.mr\/?p=36979&lang=fr"]}]},{"@type":"ImageObject","inLanguage":"ar","@id":"https:\/\/lequotidien.mr\/?p=36979&lang=fr#primaryimage","url":"https:\/\/lequotidien.mr\/wp-content\/uploads\/2026\/04\/30-04-2026-007-750x430-1.jpg","contentUrl":"https:\/\/lequotidien.mr\/wp-content\/uploads\/2026\/04\/30-04-2026-007-750x430-1.jpg","width":750,"height":430},{"@type":"BreadcrumbList","@id":"https:\/\/lequotidien.mr\/?p=36979&lang=fr#breadcrumb","itemListElement":[{"@type":"ListItem","position":1,"name":"Home","item":"https:\/\/lequotidien.mr\/"},{"@type":"ListItem","position":2,"name":"Sahel : la Mauritanie et l\u2019Union africaine renforcent leur concertation strat\u00e9gique sur la s\u00e9curit\u00e9 r\u00e9gionale"}]},{"@type":"WebSite","@id":"https:\/\/lequotidien.mr\/#website","url":"https:\/\/lequotidien.mr\/","name":"Le Quotidien de Nouakchott","description":"\u0625\u062e\u0628\u0627\u0631\u064a\u0629 \u0645\u0633\u062a\u0642\u0644\u0629 \u0644\u0644\u0623\u0646\u0628\u0627\u0621 \u0627\u0644\u0639\u0627\u0645\u0629","publisher":{"@id":"https:\/\/lequotidien.mr\/#organization"},"potentialAction":[{"@type":"SearchAction","target":{"@type":"EntryPoint","urlTemplate":"https:\/\/lequotidien.mr\/?s={search_term_string}"},"query-input":{"@type":"PropertyValueSpecification","valueRequired":true,"valueName":"search_term_string"}}],"inLanguage":"ar"},{"@type":"Organization","@id":"https:\/\/lequotidien.mr\/#organization","name":"Le Quotidien de Nouakchott","url":"https:\/\/lequotidien.mr\/","logo":{"@type":"ImageObject","inLanguage":"ar","@id":"https:\/\/lequotidien.mr\/#\/schema\/logo\/image\/","url":"https:\/\/lequotidien.mr\/wp-content\/uploads\/2022\/11\/logolequotidien.jpg","contentUrl":"https:\/\/lequotidien.mr\/wp-content\/uploads\/2022\/11\/logolequotidien.jpg","width":290,"height":65,"caption":"Le Quotidien de Nouakchott"},"image":{"@id":"https:\/\/lequotidien.mr\/#\/schema\/logo\/image\/"},"sameAs":["https:\/\/web.facebook.com\/lequotidienmr","https:\/\/x.com\/lequotidienmr"]},{"@type":"Person","@id":"https:\/\/lequotidien.mr\/#\/schema\/person\/0926dbaf41ffa88b64cf66855b9b2826","name":"Fatimetou Ethemane","image":{"@type":"ImageObject","inLanguage":"ar","@id":"https:\/\/secure.gravatar.com\/avatar\/38fea9097a5e574debe9801202088f6f4429fdac0912587175811aad50d9706e?s=96&d=mm&r=g","url":"https:\/\/secure.gravatar.com\/avatar\/38fea9097a5e574debe9801202088f6f4429fdac0912587175811aad50d9706e?s=96&d=mm&r=g","contentUrl":"https:\/\/secure.gravatar.com\/avatar\/38fea9097a5e574debe9801202088f6f4429fdac0912587175811aad50d9706e?s=96&d=mm&r=g","caption":"Fatimetou Ethemane"},"sameAs":["http:\/\/lequotidien.mr"],"url":"https:\/\/lequotidien.mr\/?author=13"}]}},"_links":{"self":[{"href":"https:\/\/lequotidien.mr\/index.php?rest_route=\/wp\/v2\/posts\/36979","targetHints":{"allow":["GET"]}}],"collection":[{"href":"https:\/\/lequotidien.mr\/index.php?rest_route=\/wp\/v2\/posts"}],"about":[{"href":"https:\/\/lequotidien.mr\/index.php?rest_route=\/wp\/v2\/types\/post"}],"author":[{"embeddable":true,"href":"https:\/\/lequotidien.mr\/index.php?rest_route=\/wp\/v2\/users\/13"}],"replies":[{"embeddable":true,"href":"https:\/\/lequotidien.mr\/index.php?rest_route=%2Fwp%2Fv2%2Fcomments&post=36979"}],"version-history":[{"count":1,"href":"https:\/\/lequotidien.mr\/index.php?rest_route=\/wp\/v2\/posts\/36979\/revisions"}],"predecessor-version":[{"id":36981,"href":"https:\/\/lequotidien.mr\/index.php?rest_route=\/wp\/v2\/posts\/36979\/revisions\/36981"}],"wp:featuredmedia":[{"embeddable":true,"href":"https:\/\/lequotidien.mr\/index.php?rest_route=\/wp\/v2\/media\/36980"}],"wp:attachment":[{"href":"https:\/\/lequotidien.mr\/index.php?rest_route=%2Fwp%2Fv2%2Fmedia&parent=36979"}],"wp:term":[{"taxonomy":"category","embeddable":true,"href":"https:\/\/lequotidien.mr\/index.php?rest_route=%2Fwp%2Fv2%2Fcategories&post=36979"},{"taxonomy":"post_tag","embeddable":true,"href":"https:\/\/lequotidien.mr\/index.php?rest_route=%2Fwp%2Fv2%2Ftags&post=36979"}],"curies":[{"name":"wp","href":"https:\/\/api.w.org\/{rel}","templated":true}]}}