{"id":36976,"date":"2026-04-30T16:03:46","date_gmt":"2026-04-30T16:03:46","guid":{"rendered":"https:\/\/lequotidien.mr\/?p=36976"},"modified":"2026-04-30T16:03:46","modified_gmt":"2026-04-30T16:03:46","slug":"le-gouvernement-lance-une-reforme-nationale-pour-moderniser-lencadrement-religieux","status":"publish","type":"post","link":"https:\/\/lequotidien.mr\/?p=36976&lang=fr","title":{"rendered":"Le gouvernement lance une r\u00e9forme nationale pour moderniser l\u2019encadrement religieux"},"content":{"rendered":"<section class=\"text-token-text-primary w-full focus:outline-none [--shadow-height:45px] has-data-writing-block:pointer-events-none has-data-writing-block:-mt-(--shadow-height) has-data-writing-block:pt-(--shadow-height) [&amp;:has([data-writing-block])&gt;*]:pointer-events-auto [content-visibility:auto] supports-[content-visibility:auto]:[contain-intrinsic-size:auto_100lvh] R6Vx5W_threadScrollVars scroll-mb-[calc(var(--scroll-root-safe-area-inset-bottom,0px)+var(--thread-response-height))] scroll-mt-[calc(var(--header-height)+min(200px,max(70px,20svh)))]\" dir=\"auto\" data-turn-id=\"request-69dfa11d-7eb4-8332-aab1-a6f96361e5a9-3\" data-testid=\"conversation-turn-86\" data-scroll-anchor=\"false\" data-turn=\"assistant\">\n<div class=\"text-base my-auto mx-auto pb-10 [--thread-content-margin:var(--thread-content-margin-xs,calc(var(--spacing)*4))] @w-sm\/main:[--thread-content-margin:var(--thread-content-margin-sm,calc(var(--spacing)*6))] @w-lg\/main:[--thread-content-margin:var(--thread-content-margin-lg,calc(var(--spacing)*16))] px-(--thread-content-margin)\">\n<div class=\"[--thread-content-max-width:40rem] @w-lg\/main:[--thread-content-max-width:48rem] mx-auto max-w-(--thread-content-max-width) flex-1 group\/turn-messages focus-visible:outline-hidden relative flex w-full min-w-0 flex-col agent-turn\">\n<div class=\"flex max-w-full flex-col gap-4 grow\">\n<div class=\"min-h-8 text-message relative flex w-full flex-col items-end gap-2 text-start break-words whitespace-normal outline-none keyboard-focused:focus-ring [.text-message+&amp;]:mt-1\" dir=\"auto\" tabindex=\"0\" data-message-author-role=\"assistant\" data-message-id=\"bb6be8ed-1b38-4114-b291-f8234c395627\" data-message-model-slug=\"gpt-5-3\" data-turn-start-message=\"true\">\n<div class=\"flex w-full flex-col gap-1 empty:hidden\">\n<div class=\"markdown prose dark:prose-invert w-full wrap-break-word light markdown-new-styling\">\n<p data-start=\"108\" data-end=\"455\">Le ministre des Affaires islamiques et de l\u2019Enseignement originel, <span class=\"hover:entity-accent entity-underline inline cursor-pointer align-baseline\"><span class=\"whitespace-normal\">El Vadil Ould Sidaty Ould Ahmed Louly<\/span><\/span>, a annonc\u00e9 mercredi le lancement du programme officiel des mosqu\u00e9es locales, pr\u00e9sent\u00e9 comme une r\u00e9forme structurante destin\u00e9e \u00e0 moderniser le secteur religieux et \u00e0 renforcer sa pr\u00e9sence institutionnelle sur l\u2019ensemble du territoire national.<\/p>\n<p data-start=\"457\" data-end=\"821\">S\u2019exprimant lors d\u2019une conf\u00e9rence de presse consacr\u00e9e aux conclusions du Conseil des ministres, le ministre a qualifi\u00e9 cette initiative de nouvelle \u00e9tape dans la consolidation de l\u2019organisation du champ religieux, en mettant l\u2019accent sur le r\u00f4le central des mosqu\u00e9es dans l\u2019encadrement spirituel, la coh\u00e9sion sociale et la promotion d\u2019un discours religieux mod\u00e9r\u00e9.<\/p>\n<p data-start=\"823\" data-end=\"1082\">Selon le ministre, ce programme ambitionne de transformer les mosqu\u00e9es en v\u00e9ritables p\u00f4les d\u2019autorit\u00e9 religieuse, capables de servir \u00e0 la fois de centres de r\u00e9f\u00e9rence spirituelle, d\u2019espaces de dialogue \u00e9quilibr\u00e9 et de remparts contre les discours extr\u00e9mistes.<\/p>\n<p data-start=\"1084\" data-end=\"1369\">Cette r\u00e9forme repose sur plusieurs fondements majeurs, parmi lesquels figurent la correction de certaines insuffisances juridiques, le renforcement de la s\u00e9curit\u00e9 spirituelle nationale, ainsi que la lutte contre les d\u00e9rives id\u00e9ologiques susceptibles de fragiliser la stabilit\u00e9 sociale.<\/p>\n<p data-start=\"1371\" data-end=\"1638\">L\u2019un des axes majeurs du programme concerne \u00e9galement la professionnalisation accrue du corps des imams, \u00e0 travers l\u2019am\u00e9lioration de leurs comp\u00e9tences, de leurs qualifications acad\u00e9miques et religieuses, mais aussi de leurs conditions financi\u00e8res et professionnelles.<\/p>\n<p data-start=\"1640\" data-end=\"1841\">L\u2019objectif affich\u00e9 est de doter le pays d\u2019un encadrement religieux mieux structur\u00e9, plus qualifi\u00e9 et davantage int\u00e9gr\u00e9 aux orientations nationales en mati\u00e8re de mod\u00e9ration, d\u2019\u00e9ducation et de stabilit\u00e9.<\/p>\n<p data-start=\"1843\" data-end=\"2194\">Le programme pr\u00e9voit aussi une meilleure articulation entre les mosqu\u00e9es et les mahdharas, institutions traditionnelles d\u2019enseignement islamique profond\u00e9ment ancr\u00e9es dans l\u2019histoire religieuse de la <span class=\"hover:entity-accent entity-underline inline cursor-pointer align-baseline\"><span class=\"whitespace-normal\">Mauritanie<\/span><\/span>, afin de renforcer la compl\u00e9mentarit\u00e9 entre formation spirituelle classique et encadrement institutionnel moderne.<\/p>\n<p data-start=\"2196\" data-end=\"2508\">Sur le plan op\u00e9rationnel, la mise en \u0153uvre se fera en trois \u00e9tapes progressives. La premi\u00e8re phase ciblera les moughataas de <span class=\"hover:entity-accent entity-underline inline cursor-pointer align-baseline\"><span class=\"whitespace-normal\">Nouakchott<\/span><\/span> ainsi que les capitales r\u00e9gionales, avant une extension vers les principales moughataas de l\u2019int\u00e9rieur, puis une g\u00e9n\u00e9ralisation \u00e0 l\u2019ensemble du pays.<\/p>\n<p data-start=\"2510\" data-end=\"2699\">Cette approche graduelle vise \u00e0 garantir une mise en place structur\u00e9e, adapt\u00e9e aux r\u00e9alit\u00e9s territoriales et aux besoins locaux, tout en permettant une \u00e9valuation progressive des r\u00e9sultats.<\/p>\n<p data-start=\"2701\" data-end=\"2929\">\u00c0 travers cette initiative, les autorit\u00e9s cherchent \u00e0 inscrire la gouvernance religieuse dans une logique de modernisation institutionnelle, de pr\u00e9vention des radicalismes et de consolidation de l\u2019identit\u00e9 spirituelle nationale.<\/p>\n<p data-start=\"2931\" data-end=\"3142\" data-is-last-node=\"\" data-is-only-node=\"\">Ce programme illustre ainsi la volont\u00e9 de l\u2019\u00c9tat de faire du r\u00e9seau des mosqu\u00e9es un levier strat\u00e9gique de stabilit\u00e9, de coh\u00e9sion et de diffusion d\u2019un islam mod\u00e9r\u00e9, en phase avec les enjeux contemporains du pays.<\/p>\n<\/div>\n<\/div>\n<\/div>\n<\/div>\n<\/div>\n<\/div>\n<\/section>\n","protected":false},"excerpt":{"rendered":"<p>Le ministre des Affaires islamiques et de l\u2019Enseignement originel, El Vadil Ould Sidaty Ould Ahmed Louly, a annonc\u00e9 mercredi le lancement du programme officiel des mosqu\u00e9es locales, pr\u00e9sent\u00e9 comme une r\u00e9forme structurante destin\u00e9e \u00e0 moderniser le secteur religieux et \u00e0 renforcer sa pr\u00e9sence institutionnelle sur l\u2019ensemble du territoire national. S\u2019exprimant lors d\u2019une conf\u00e9rence de presse&#8230;..<\/p>\n","protected":false},"author":13,"featured_media":36977,"comment_status":"open","ping_status":"open","sticky":false,"template":"","format":"standard","meta":{"footnotes":""},"categories":[23,55],"tags":[],"class_list":["post-36976","post","type-post","status-publish","format-standard","has-post-thumbnail","hentry","category-actualite","category-culture"],"yoast_head":"<!-- This site is optimized with the Yoast SEO plugin v27.5 - https:\/\/yoast.com\/product\/yoast-seo-wordpress\/ -->\n<title>Le gouvernement lance une r\u00e9forme nationale pour moderniser l\u2019encadrement religieux - Le Quotidien de Nouakchott<\/title>\n<meta name=\"robots\" content=\"index, follow, max-snippet:-1, max-image-preview:large, max-video-preview:-1\" \/>\n<link rel=\"canonical\" href=\"https:\/\/lequotidien.mr\/?p=36976&lang=fr\" \/>\n<meta property=\"og:locale\" content=\"ar_AR\" \/>\n<meta property=\"og:type\" content=\"article\" \/>\n<meta property=\"og:title\" content=\"Le gouvernement lance une r\u00e9forme nationale pour moderniser l\u2019encadrement religieux - Le Quotidien de Nouakchott\" \/>\n<meta property=\"og:description\" content=\"Le ministre des Affaires islamiques et de l\u2019Enseignement originel, El Vadil Ould Sidaty Ould Ahmed Louly, a annonc\u00e9 mercredi le lancement du programme officiel des mosqu\u00e9es locales, pr\u00e9sent\u00e9 comme une r\u00e9forme structurante destin\u00e9e \u00e0 moderniser le secteur religieux et \u00e0 renforcer sa pr\u00e9sence institutionnelle sur l\u2019ensemble du territoire national. S\u2019exprimant lors d\u2019une conf\u00e9rence de presse.....\" \/>\n<meta property=\"og:url\" content=\"https:\/\/lequotidien.mr\/?p=36976&amp;lang=fr\" \/>\n<meta property=\"og:site_name\" content=\"Le Quotidien de Nouakchott\" \/>\n<meta property=\"article:publisher\" content=\"https:\/\/web.facebook.com\/lequotidienmr\" \/>\n<meta property=\"article:published_time\" content=\"2026-04-30T16:03:46+00:00\" \/>\n<meta property=\"og:image\" content=\"https:\/\/lequotidien.mr\/wp-content\/uploads\/2026\/04\/Loul.png\" \/>\n\t<meta property=\"og:image:width\" content=\"554\" \/>\n\t<meta property=\"og:image:height\" content=\"535\" \/>\n\t<meta property=\"og:image:type\" content=\"image\/png\" \/>\n<meta name=\"author\" content=\"Fatimetou Ethemane\" \/>\n<meta name=\"twitter:card\" content=\"summary_large_image\" \/>\n<meta name=\"twitter:creator\" content=\"@lequotidienmr\" \/>\n<meta name=\"twitter:site\" content=\"@lequotidienmr\" \/>\n<meta name=\"twitter:label1\" content=\"\u0643\u064f\u062a\u0628 \u0628\u0648\u0627\u0633\u0637\u0629\" \/>\n\t<meta name=\"twitter:data1\" content=\"Fatimetou Ethemane\" \/>\n\t<meta name=\"twitter:label2\" content=\"\u0648\u0642\u062a \u0627\u0644\u0642\u0631\u0627\u0621\u0629 \u0627\u0644\u0645\u064f\u0642\u062f\u0651\u0631\" \/>\n\t<meta name=\"twitter:data2\" content=\"4 \u062f\u0642\u0627\u0626\u0642\" \/>\n<script type=\"application\/ld+json\" class=\"yoast-schema-graph\">{\"@context\":\"https:\\\/\\\/schema.org\",\"@graph\":[{\"@type\":\"Article\",\"@id\":\"https:\\\/\\\/lequotidien.mr\\\/?p=36976&lang=fr#article\",\"isPartOf\":{\"@id\":\"https:\\\/\\\/lequotidien.mr\\\/?p=36976&lang=fr\"},\"author\":{\"name\":\"Fatimetou Ethemane\",\"@id\":\"https:\\\/\\\/lequotidien.mr\\\/#\\\/schema\\\/person\\\/0926dbaf41ffa88b64cf66855b9b2826\"},\"headline\":\"Le gouvernement lance une r\u00e9forme nationale pour moderniser l\u2019encadrement religieux\",\"datePublished\":\"2026-04-30T16:03:46+00:00\",\"mainEntityOfPage\":{\"@id\":\"https:\\\/\\\/lequotidien.mr\\\/?p=36976&lang=fr\"},\"wordCount\":487,\"commentCount\":0,\"publisher\":{\"@id\":\"https:\\\/\\\/lequotidien.mr\\\/#organization\"},\"image\":{\"@id\":\"https:\\\/\\\/lequotidien.mr\\\/?p=36976&lang=fr#primaryimage\"},\"thumbnailUrl\":\"https:\\\/\\\/lequotidien.mr\\\/wp-content\\\/uploads\\\/2026\\\/04\\\/Loul.png\",\"articleSection\":[\"ACTUALIT\u00c9\",\"Culture\"],\"inLanguage\":\"ar\",\"potentialAction\":[{\"@type\":\"CommentAction\",\"name\":\"Comment\",\"target\":[\"https:\\\/\\\/lequotidien.mr\\\/?p=36976&lang=fr#respond\"]}]},{\"@type\":\"WebPage\",\"@id\":\"https:\\\/\\\/lequotidien.mr\\\/?p=36976&lang=fr\",\"url\":\"https:\\\/\\\/lequotidien.mr\\\/?p=36976&lang=fr\",\"name\":\"Le gouvernement lance une r\u00e9forme nationale pour moderniser l\u2019encadrement religieux - Le Quotidien de Nouakchott\",\"isPartOf\":{\"@id\":\"https:\\\/\\\/lequotidien.mr\\\/#website\"},\"primaryImageOfPage\":{\"@id\":\"https:\\\/\\\/lequotidien.mr\\\/?p=36976&lang=fr#primaryimage\"},\"image\":{\"@id\":\"https:\\\/\\\/lequotidien.mr\\\/?p=36976&lang=fr#primaryimage\"},\"thumbnailUrl\":\"https:\\\/\\\/lequotidien.mr\\\/wp-content\\\/uploads\\\/2026\\\/04\\\/Loul.png\",\"datePublished\":\"2026-04-30T16:03:46+00:00\",\"breadcrumb\":{\"@id\":\"https:\\\/\\\/lequotidien.mr\\\/?p=36976&lang=fr#breadcrumb\"},\"inLanguage\":\"ar\",\"potentialAction\":[{\"@type\":\"ReadAction\",\"target\":[\"https:\\\/\\\/lequotidien.mr\\\/?p=36976&lang=fr\"]}]},{\"@type\":\"ImageObject\",\"inLanguage\":\"ar\",\"@id\":\"https:\\\/\\\/lequotidien.mr\\\/?p=36976&lang=fr#primaryimage\",\"url\":\"https:\\\/\\\/lequotidien.mr\\\/wp-content\\\/uploads\\\/2026\\\/04\\\/Loul.png\",\"contentUrl\":\"https:\\\/\\\/lequotidien.mr\\\/wp-content\\\/uploads\\\/2026\\\/04\\\/Loul.png\",\"width\":554,\"height\":535},{\"@type\":\"BreadcrumbList\",\"@id\":\"https:\\\/\\\/lequotidien.mr\\\/?p=36976&lang=fr#breadcrumb\",\"itemListElement\":[{\"@type\":\"ListItem\",\"position\":1,\"name\":\"Home\",\"item\":\"https:\\\/\\\/lequotidien.mr\\\/\"},{\"@type\":\"ListItem\",\"position\":2,\"name\":\"Le gouvernement lance une r\u00e9forme nationale pour moderniser l\u2019encadrement religieux\"}]},{\"@type\":\"WebSite\",\"@id\":\"https:\\\/\\\/lequotidien.mr\\\/#website\",\"url\":\"https:\\\/\\\/lequotidien.mr\\\/\",\"name\":\"Le Quotidien de Nouakchott\",\"description\":\"\u0625\u062e\u0628\u0627\u0631\u064a\u0629 \u0645\u0633\u062a\u0642\u0644\u0629 \u0644\u0644\u0623\u0646\u0628\u0627\u0621 \u0627\u0644\u0639\u0627\u0645\u0629\",\"publisher\":{\"@id\":\"https:\\\/\\\/lequotidien.mr\\\/#organization\"},\"potentialAction\":[{\"@type\":\"SearchAction\",\"target\":{\"@type\":\"EntryPoint\",\"urlTemplate\":\"https:\\\/\\\/lequotidien.mr\\\/?s={search_term_string}\"},\"query-input\":{\"@type\":\"PropertyValueSpecification\",\"valueRequired\":true,\"valueName\":\"search_term_string\"}}],\"inLanguage\":\"ar\"},{\"@type\":\"Organization\",\"@id\":\"https:\\\/\\\/lequotidien.mr\\\/#organization\",\"name\":\"Le Quotidien de Nouakchott\",\"url\":\"https:\\\/\\\/lequotidien.mr\\\/\",\"logo\":{\"@type\":\"ImageObject\",\"inLanguage\":\"ar\",\"@id\":\"https:\\\/\\\/lequotidien.mr\\\/#\\\/schema\\\/logo\\\/image\\\/\",\"url\":\"https:\\\/\\\/lequotidien.mr\\\/wp-content\\\/uploads\\\/2022\\\/11\\\/logolequotidien.jpg\",\"contentUrl\":\"https:\\\/\\\/lequotidien.mr\\\/wp-content\\\/uploads\\\/2022\\\/11\\\/logolequotidien.jpg\",\"width\":290,\"height\":65,\"caption\":\"Le Quotidien de Nouakchott\"},\"image\":{\"@id\":\"https:\\\/\\\/lequotidien.mr\\\/#\\\/schema\\\/logo\\\/image\\\/\"},\"sameAs\":[\"https:\\\/\\\/web.facebook.com\\\/lequotidienmr\",\"https:\\\/\\\/x.com\\\/lequotidienmr\"]},{\"@type\":\"Person\",\"@id\":\"https:\\\/\\\/lequotidien.mr\\\/#\\\/schema\\\/person\\\/0926dbaf41ffa88b64cf66855b9b2826\",\"name\":\"Fatimetou Ethemane\",\"image\":{\"@type\":\"ImageObject\",\"inLanguage\":\"ar\",\"@id\":\"https:\\\/\\\/secure.gravatar.com\\\/avatar\\\/38fea9097a5e574debe9801202088f6f4429fdac0912587175811aad50d9706e?s=96&d=mm&r=g\",\"url\":\"https:\\\/\\\/secure.gravatar.com\\\/avatar\\\/38fea9097a5e574debe9801202088f6f4429fdac0912587175811aad50d9706e?s=96&d=mm&r=g\",\"contentUrl\":\"https:\\\/\\\/secure.gravatar.com\\\/avatar\\\/38fea9097a5e574debe9801202088f6f4429fdac0912587175811aad50d9706e?s=96&d=mm&r=g\",\"caption\":\"Fatimetou Ethemane\"},\"sameAs\":[\"http:\\\/\\\/lequotidien.mr\"],\"url\":\"https:\\\/\\\/lequotidien.mr\\\/?author=13\"}]}<\/script>\n<!-- \/ Yoast SEO plugin. -->","yoast_head_json":{"title":"Le gouvernement lance une r\u00e9forme nationale pour moderniser l\u2019encadrement religieux - Le Quotidien de Nouakchott","robots":{"index":"index","follow":"follow","max-snippet":"max-snippet:-1","max-image-preview":"max-image-preview:large","max-video-preview":"max-video-preview:-1"},"canonical":"https:\/\/lequotidien.mr\/?p=36976&lang=fr","og_locale":"ar_AR","og_type":"article","og_title":"Le gouvernement lance une r\u00e9forme nationale pour moderniser l\u2019encadrement religieux - Le Quotidien de Nouakchott","og_description":"Le ministre des Affaires islamiques et de l\u2019Enseignement originel, El Vadil Ould Sidaty Ould Ahmed Louly, a annonc\u00e9 mercredi le lancement du programme officiel des mosqu\u00e9es locales, pr\u00e9sent\u00e9 comme une r\u00e9forme structurante destin\u00e9e \u00e0 moderniser le secteur religieux et \u00e0 renforcer sa pr\u00e9sence institutionnelle sur l\u2019ensemble du territoire national. S\u2019exprimant lors d\u2019une conf\u00e9rence de presse.....","og_url":"https:\/\/lequotidien.mr\/?p=36976&lang=fr","og_site_name":"Le Quotidien de Nouakchott","article_publisher":"https:\/\/web.facebook.com\/lequotidienmr","article_published_time":"2026-04-30T16:03:46+00:00","og_image":[{"width":554,"height":535,"url":"https:\/\/lequotidien.mr\/wp-content\/uploads\/2026\/04\/Loul.png","type":"image\/png"}],"author":"Fatimetou Ethemane","twitter_card":"summary_large_image","twitter_creator":"@lequotidienmr","twitter_site":"@lequotidienmr","twitter_misc":{"\u0643\u064f\u062a\u0628 \u0628\u0648\u0627\u0633\u0637\u0629":"Fatimetou Ethemane","\u0648\u0642\u062a \u0627\u0644\u0642\u0631\u0627\u0621\u0629 \u0627\u0644\u0645\u064f\u0642\u062f\u0651\u0631":"4 \u062f\u0642\u0627\u0626\u0642"},"schema":{"@context":"https:\/\/schema.org","@graph":[{"@type":"Article","@id":"https:\/\/lequotidien.mr\/?p=36976&lang=fr#article","isPartOf":{"@id":"https:\/\/lequotidien.mr\/?p=36976&lang=fr"},"author":{"name":"Fatimetou Ethemane","@id":"https:\/\/lequotidien.mr\/#\/schema\/person\/0926dbaf41ffa88b64cf66855b9b2826"},"headline":"Le gouvernement lance une r\u00e9forme nationale pour moderniser l\u2019encadrement religieux","datePublished":"2026-04-30T16:03:46+00:00","mainEntityOfPage":{"@id":"https:\/\/lequotidien.mr\/?p=36976&lang=fr"},"wordCount":487,"commentCount":0,"publisher":{"@id":"https:\/\/lequotidien.mr\/#organization"},"image":{"@id":"https:\/\/lequotidien.mr\/?p=36976&lang=fr#primaryimage"},"thumbnailUrl":"https:\/\/lequotidien.mr\/wp-content\/uploads\/2026\/04\/Loul.png","articleSection":["ACTUALIT\u00c9","Culture"],"inLanguage":"ar","potentialAction":[{"@type":"CommentAction","name":"Comment","target":["https:\/\/lequotidien.mr\/?p=36976&lang=fr#respond"]}]},{"@type":"WebPage","@id":"https:\/\/lequotidien.mr\/?p=36976&lang=fr","url":"https:\/\/lequotidien.mr\/?p=36976&lang=fr","name":"Le gouvernement lance une r\u00e9forme nationale pour moderniser l\u2019encadrement religieux - Le Quotidien de Nouakchott","isPartOf":{"@id":"https:\/\/lequotidien.mr\/#website"},"primaryImageOfPage":{"@id":"https:\/\/lequotidien.mr\/?p=36976&lang=fr#primaryimage"},"image":{"@id":"https:\/\/lequotidien.mr\/?p=36976&lang=fr#primaryimage"},"thumbnailUrl":"https:\/\/lequotidien.mr\/wp-content\/uploads\/2026\/04\/Loul.png","datePublished":"2026-04-30T16:03:46+00:00","breadcrumb":{"@id":"https:\/\/lequotidien.mr\/?p=36976&lang=fr#breadcrumb"},"inLanguage":"ar","potentialAction":[{"@type":"ReadAction","target":["https:\/\/lequotidien.mr\/?p=36976&lang=fr"]}]},{"@type":"ImageObject","inLanguage":"ar","@id":"https:\/\/lequotidien.mr\/?p=36976&lang=fr#primaryimage","url":"https:\/\/lequotidien.mr\/wp-content\/uploads\/2026\/04\/Loul.png","contentUrl":"https:\/\/lequotidien.mr\/wp-content\/uploads\/2026\/04\/Loul.png","width":554,"height":535},{"@type":"BreadcrumbList","@id":"https:\/\/lequotidien.mr\/?p=36976&lang=fr#breadcrumb","itemListElement":[{"@type":"ListItem","position":1,"name":"Home","item":"https:\/\/lequotidien.mr\/"},{"@type":"ListItem","position":2,"name":"Le gouvernement lance une r\u00e9forme nationale pour moderniser l\u2019encadrement religieux"}]},{"@type":"WebSite","@id":"https:\/\/lequotidien.mr\/#website","url":"https:\/\/lequotidien.mr\/","name":"Le Quotidien de Nouakchott","description":"\u0625\u062e\u0628\u0627\u0631\u064a\u0629 \u0645\u0633\u062a\u0642\u0644\u0629 \u0644\u0644\u0623\u0646\u0628\u0627\u0621 \u0627\u0644\u0639\u0627\u0645\u0629","publisher":{"@id":"https:\/\/lequotidien.mr\/#organization"},"potentialAction":[{"@type":"SearchAction","target":{"@type":"EntryPoint","urlTemplate":"https:\/\/lequotidien.mr\/?s={search_term_string}"},"query-input":{"@type":"PropertyValueSpecification","valueRequired":true,"valueName":"search_term_string"}}],"inLanguage":"ar"},{"@type":"Organization","@id":"https:\/\/lequotidien.mr\/#organization","name":"Le Quotidien de Nouakchott","url":"https:\/\/lequotidien.mr\/","logo":{"@type":"ImageObject","inLanguage":"ar","@id":"https:\/\/lequotidien.mr\/#\/schema\/logo\/image\/","url":"https:\/\/lequotidien.mr\/wp-content\/uploads\/2022\/11\/logolequotidien.jpg","contentUrl":"https:\/\/lequotidien.mr\/wp-content\/uploads\/2022\/11\/logolequotidien.jpg","width":290,"height":65,"caption":"Le Quotidien de Nouakchott"},"image":{"@id":"https:\/\/lequotidien.mr\/#\/schema\/logo\/image\/"},"sameAs":["https:\/\/web.facebook.com\/lequotidienmr","https:\/\/x.com\/lequotidienmr"]},{"@type":"Person","@id":"https:\/\/lequotidien.mr\/#\/schema\/person\/0926dbaf41ffa88b64cf66855b9b2826","name":"Fatimetou Ethemane","image":{"@type":"ImageObject","inLanguage":"ar","@id":"https:\/\/secure.gravatar.com\/avatar\/38fea9097a5e574debe9801202088f6f4429fdac0912587175811aad50d9706e?s=96&d=mm&r=g","url":"https:\/\/secure.gravatar.com\/avatar\/38fea9097a5e574debe9801202088f6f4429fdac0912587175811aad50d9706e?s=96&d=mm&r=g","contentUrl":"https:\/\/secure.gravatar.com\/avatar\/38fea9097a5e574debe9801202088f6f4429fdac0912587175811aad50d9706e?s=96&d=mm&r=g","caption":"Fatimetou Ethemane"},"sameAs":["http:\/\/lequotidien.mr"],"url":"https:\/\/lequotidien.mr\/?author=13"}]}},"_links":{"self":[{"href":"https:\/\/lequotidien.mr\/index.php?rest_route=\/wp\/v2\/posts\/36976","targetHints":{"allow":["GET"]}}],"collection":[{"href":"https:\/\/lequotidien.mr\/index.php?rest_route=\/wp\/v2\/posts"}],"about":[{"href":"https:\/\/lequotidien.mr\/index.php?rest_route=\/wp\/v2\/types\/post"}],"author":[{"embeddable":true,"href":"https:\/\/lequotidien.mr\/index.php?rest_route=\/wp\/v2\/users\/13"}],"replies":[{"embeddable":true,"href":"https:\/\/lequotidien.mr\/index.php?rest_route=%2Fwp%2Fv2%2Fcomments&post=36976"}],"version-history":[{"count":1,"href":"https:\/\/lequotidien.mr\/index.php?rest_route=\/wp\/v2\/posts\/36976\/revisions"}],"predecessor-version":[{"id":36978,"href":"https:\/\/lequotidien.mr\/index.php?rest_route=\/wp\/v2\/posts\/36976\/revisions\/36978"}],"wp:featuredmedia":[{"embeddable":true,"href":"https:\/\/lequotidien.mr\/index.php?rest_route=\/wp\/v2\/media\/36977"}],"wp:attachment":[{"href":"https:\/\/lequotidien.mr\/index.php?rest_route=%2Fwp%2Fv2%2Fmedia&parent=36976"}],"wp:term":[{"taxonomy":"category","embeddable":true,"href":"https:\/\/lequotidien.mr\/index.php?rest_route=%2Fwp%2Fv2%2Fcategories&post=36976"},{"taxonomy":"post_tag","embeddable":true,"href":"https:\/\/lequotidien.mr\/index.php?rest_route=%2Fwp%2Fv2%2Ftags&post=36976"}],"curies":[{"name":"wp","href":"https:\/\/api.w.org\/{rel}","templated":true}]}}