{"id":36973,"date":"2026-04-30T16:02:31","date_gmt":"2026-04-30T16:02:31","guid":{"rendered":"https:\/\/lequotidien.mr\/?p=36973"},"modified":"2026-04-30T16:02:31","modified_gmt":"2026-04-30T16:02:31","slug":"securite-au-sahel-nouakchott-accueille-un-forum-strategique-entre-la-mauritanie-et-lotan","status":"publish","type":"post","link":"https:\/\/lequotidien.mr\/?p=36973&lang=fr","title":{"rendered":"S\u00e9curit\u00e9 au Sahel : Nouakchott accueille un forum strat\u00e9gique entre la Mauritanie et l\u2019OTAN"},"content":{"rendered":"<p data-start=\"97\" data-end=\"397\">La capitale mauritanienne, <span class=\"hover:entity-accent entity-underline inline cursor-pointer align-baseline\"><span class=\"whitespace-normal\">Nouakchott<\/span><\/span>, a accueilli mercredi l\u2019ouverture des travaux du Forum mondial sur le leadership de terrain pour la r\u00e9gion du Sahel, organis\u00e9 conjointement par l\u2019\u00e9tat-major g\u00e9n\u00e9ral des arm\u00e9es mauritaniennes et le <span class=\"hover:entity-accent entity-underline inline cursor-pointer align-baseline\"><span class=\"whitespace-normal\">Coll\u00e8ge de d\u00e9fense de l\u2019OTAN<\/span><\/span>.<\/p>\n<p data-start=\"399\" data-end=\"666\">Cette rencontre de haut niveau s\u2019inscrit dans une dynamique de renforcement de la r\u00e9flexion strat\u00e9gique, de consolidation du dialogue s\u00e9curitaire et de promotion d\u2019une coop\u00e9ration plus \u00e9troite face aux menaces multidimensionnelles qui p\u00e8sent sur la r\u00e9gion sah\u00e9lienne.<\/p>\n<p data-start=\"668\" data-end=\"991\">R\u00e9unissant responsables militaires, d\u00e9cideurs institutionnels et partenaires internationaux, le forum ambitionne de favoriser l\u2019\u00e9change d\u2019exp\u00e9riences, d\u2019analyses et de visions op\u00e9rationnelles, afin de mieux anticiper les d\u00e9fis s\u00e9curitaires contemporains et de construire des r\u00e9ponses coordonn\u00e9es face aux crises r\u00e9gionales.<\/p>\n<p data-start=\"993\" data-end=\"1305\">Dans un contexte marqu\u00e9 par la persistance du terrorisme, l\u2019expansion de la criminalit\u00e9 transnationale organis\u00e9e et la mont\u00e9e des flux migratoires irr\u00e9guliers, cet \u00e9v\u00e9nement appara\u00eet comme une plateforme strat\u00e9gique de dialogue entre la <span class=\"hover:entity-accent entity-underline inline cursor-pointer align-baseline\"><span class=\"whitespace-normal\">Mauritanie<\/span><\/span>, ses partenaires r\u00e9gionaux et l\u2019OTAN.<\/p>\n<p data-start=\"1307\" data-end=\"1603\">Prenant la parole \u00e0 cette occasion, le ministre de la D\u00e9fense, des Retrait\u00e9s et des Enfants des Martyrs, <span class=\"hover:entity-accent entity-underline inline cursor-pointer align-baseline\"><span class=\"whitespace-normal\">Hanena Ould Sidi<\/span><\/span>, a soulign\u00e9 que le forum traduit une volont\u00e9 commune de faire face aux d\u00e9fis s\u00e9curitaires atypiques qui affectent la stabilit\u00e9 de nombreux pays du Sahel.<\/p>\n<p data-start=\"1605\" data-end=\"1862\">Selon lui, les r\u00e9alit\u00e9s s\u00e9curitaires actuelles imposent une coop\u00e9ration continue, une solidarit\u00e9 renforc\u00e9e et une coordination accrue entre \u00c9tats et partenaires strat\u00e9giques, afin de pr\u00e9venir les menaces et de renforcer les capacit\u00e9s collectives de r\u00e9ponse.<\/p>\n<p data-start=\"1864\" data-end=\"2101\">De son c\u00f4t\u00e9, le commandant du Coll\u00e8ge de d\u00e9fense du G5 Sahel, le colonel <span class=\"hover:entity-accent entity-underline inline cursor-pointer align-baseline\"><span class=\"whitespace-normal\">Mohamed Ahmed Mahmoud El Bennani<\/span><\/span>, a insist\u00e9 sur l\u2019importance du partage d\u2019exp\u00e9riences pour am\u00e9liorer la compr\u00e9hension commune des d\u00e9fis s\u00e9curitaires r\u00e9gionaux.<\/p>\n<p data-start=\"2103\" data-end=\"2423\">Le g\u00e9n\u00e9ral <span class=\"hover:entity-accent entity-underline inline cursor-pointer align-baseline\"><span class=\"whitespace-normal\">Max Nielsen<\/span><\/span> a, pour sa part, qualifi\u00e9 la Mauritanie de partenaire strat\u00e9gique fiable, mettant en avant son r\u00f4le central dans la stabilit\u00e9 sah\u00e9lienne gr\u00e2ce \u00e0 sa position g\u00e9ographique, \u00e0 son exp\u00e9rience s\u00e9curitaire et \u00e0 son engagement dans la lutte contre le terrorisme et l\u2019extr\u00e9misme.<\/p>\n<p data-start=\"2425\" data-end=\"2701\">Il a rappel\u00e9 que le partenariat entre la Mauritanie et l\u2019OTAN, \u00e9tabli depuis plus de trois d\u00e9cennies, a permis de renforcer les capacit\u00e9s nationales dans plusieurs domaines, notamment la formation, l\u2019\u00e9change de renseignements, la gestion des armements et la s\u00e9curit\u00e9 maritime.<\/p>\n<p data-start=\"2703\" data-end=\"2917\">L\u2019organisation de ce forum \u00e0 Nouakchott confirme ainsi le positionnement croissant de la Mauritanie comme acteur majeur de la s\u00e9curit\u00e9 r\u00e9gionale et comme espace privil\u00e9gi\u00e9 de concertation strat\u00e9gique dans le Sahel.<\/p>\n<p data-start=\"2919\" data-end=\"3221\">La c\u00e9r\u00e9monie d\u2019ouverture s\u2019est d\u00e9roul\u00e9e en pr\u00e9sence de plusieurs membres du gouvernement, de hauts responsables s\u00e9curitaires et militaires, dont les ministres des Affaires \u00e9trang\u00e8res, de l\u2019Int\u00e9rieur et de l\u2019Enseignement sup\u00e9rieur, ainsi que les principaux chefs d\u2019\u00e9tat-major et autorit\u00e9s territoriales.<\/p>\n<p data-start=\"3223\" data-end=\"3480\" data-is-last-node=\"\" data-is-only-node=\"\">\u00c0 travers cet \u00e9v\u00e9nement, la <span class=\"hover:entity-accent entity-underline inline cursor-pointer align-baseline\"><span class=\"whitespace-normal\">Mauritanie<\/span><\/span> consolide son image de pivot s\u00e9curitaire r\u00e9gional, tout en affirmant son r\u00f4le dans la construction de r\u00e9ponses collectives face \u00e0 l\u2019\u00e9volution rapide des menaces dans l\u2019espace sah\u00e9lo-saharien.<\/p>\n","protected":false},"excerpt":{"rendered":"<p>La capitale mauritanienne, Nouakchott, a accueilli mercredi l\u2019ouverture des travaux du Forum mondial sur le leadership de terrain pour la r\u00e9gion du Sahel, organis\u00e9 conjointement par l\u2019\u00e9tat-major g\u00e9n\u00e9ral des arm\u00e9es mauritaniennes et le Coll\u00e8ge de d\u00e9fense de l\u2019OTAN. Cette rencontre de haut niveau s\u2019inscrit dans une dynamique de renforcement de la r\u00e9flexion strat\u00e9gique, de consolidation&#8230;..<\/p>\n","protected":false},"author":13,"featured_media":36974,"comment_status":"open","ping_status":"open","sticky":false,"template":"","format":"standard","meta":{"footnotes":""},"categories":[23],"tags":[],"class_list":["post-36973","post","type-post","status-publish","format-standard","has-post-thumbnail","hentry","category-actualite"],"yoast_head":"<!-- This site is optimized with the Yoast SEO plugin v27.5 - https:\/\/yoast.com\/product\/yoast-seo-wordpress\/ -->\n<title>S\u00e9curit\u00e9 au Sahel : Nouakchott accueille un forum strat\u00e9gique entre la Mauritanie et l\u2019OTAN - Le Quotidien de Nouakchott<\/title>\n<meta name=\"robots\" content=\"index, follow, max-snippet:-1, max-image-preview:large, max-video-preview:-1\" \/>\n<link rel=\"canonical\" href=\"https:\/\/lequotidien.mr\/?p=36973&lang=fr\" \/>\n<meta property=\"og:locale\" content=\"ar_AR\" \/>\n<meta property=\"og:type\" content=\"article\" \/>\n<meta property=\"og:title\" content=\"S\u00e9curit\u00e9 au Sahel : Nouakchott accueille un forum strat\u00e9gique entre la Mauritanie et l\u2019OTAN - Le Quotidien de Nouakchott\" \/>\n<meta property=\"og:description\" content=\"La capitale mauritanienne, Nouakchott, a accueilli mercredi l\u2019ouverture des travaux du Forum mondial sur le leadership de terrain pour la r\u00e9gion du Sahel, organis\u00e9 conjointement par l\u2019\u00e9tat-major g\u00e9n\u00e9ral des arm\u00e9es mauritaniennes et le Coll\u00e8ge de d\u00e9fense de l\u2019OTAN. Cette rencontre de haut niveau s\u2019inscrit dans une dynamique de renforcement de la r\u00e9flexion strat\u00e9gique, de consolidation.....\" \/>\n<meta property=\"og:url\" content=\"https:\/\/lequotidien.mr\/?p=36973&amp;lang=fr\" \/>\n<meta property=\"og:site_name\" content=\"Le Quotidien de Nouakchott\" \/>\n<meta property=\"article:publisher\" content=\"https:\/\/web.facebook.com\/lequotidienmr\" \/>\n<meta property=\"article:published_time\" content=\"2026-04-30T16:02:31+00:00\" \/>\n<meta property=\"og:image\" content=\"https:\/\/lequotidien.mr\/wp-content\/uploads\/2026\/04\/Sah.png\" \/>\n\t<meta property=\"og:image:width\" content=\"723\" \/>\n\t<meta property=\"og:image:height\" content=\"323\" \/>\n\t<meta property=\"og:image:type\" content=\"image\/png\" \/>\n<meta name=\"author\" content=\"Fatimetou Ethemane\" \/>\n<meta name=\"twitter:card\" content=\"summary_large_image\" \/>\n<meta name=\"twitter:creator\" content=\"@lequotidienmr\" \/>\n<meta name=\"twitter:site\" content=\"@lequotidienmr\" \/>\n<meta name=\"twitter:label1\" content=\"\u0643\u064f\u062a\u0628 \u0628\u0648\u0627\u0633\u0637\u0629\" \/>\n\t<meta name=\"twitter:data1\" content=\"Fatimetou Ethemane\" \/>\n\t<meta name=\"twitter:label2\" content=\"\u0648\u0642\u062a \u0627\u0644\u0642\u0631\u0627\u0621\u0629 \u0627\u0644\u0645\u064f\u0642\u062f\u0651\u0631\" \/>\n\t<meta name=\"twitter:data2\" content=\"4 \u062f\u0642\u0627\u0626\u0642\" \/>\n<script type=\"application\/ld+json\" class=\"yoast-schema-graph\">{\"@context\":\"https:\\\/\\\/schema.org\",\"@graph\":[{\"@type\":\"Article\",\"@id\":\"https:\\\/\\\/lequotidien.mr\\\/?p=36973&lang=fr#article\",\"isPartOf\":{\"@id\":\"https:\\\/\\\/lequotidien.mr\\\/?p=36973&lang=fr\"},\"author\":{\"name\":\"Fatimetou Ethemane\",\"@id\":\"https:\\\/\\\/lequotidien.mr\\\/#\\\/schema\\\/person\\\/0926dbaf41ffa88b64cf66855b9b2826\"},\"headline\":\"S\u00e9curit\u00e9 au Sahel : Nouakchott accueille un forum strat\u00e9gique entre la Mauritanie et l\u2019OTAN\",\"datePublished\":\"2026-04-30T16:02:31+00:00\",\"mainEntityOfPage\":{\"@id\":\"https:\\\/\\\/lequotidien.mr\\\/?p=36973&lang=fr\"},\"wordCount\":574,\"commentCount\":0,\"publisher\":{\"@id\":\"https:\\\/\\\/lequotidien.mr\\\/#organization\"},\"image\":{\"@id\":\"https:\\\/\\\/lequotidien.mr\\\/?p=36973&lang=fr#primaryimage\"},\"thumbnailUrl\":\"https:\\\/\\\/lequotidien.mr\\\/wp-content\\\/uploads\\\/2026\\\/04\\\/Sah.png\",\"articleSection\":[\"ACTUALIT\u00c9\"],\"inLanguage\":\"ar\",\"potentialAction\":[{\"@type\":\"CommentAction\",\"name\":\"Comment\",\"target\":[\"https:\\\/\\\/lequotidien.mr\\\/?p=36973&lang=fr#respond\"]}]},{\"@type\":\"WebPage\",\"@id\":\"https:\\\/\\\/lequotidien.mr\\\/?p=36973&lang=fr\",\"url\":\"https:\\\/\\\/lequotidien.mr\\\/?p=36973&lang=fr\",\"name\":\"S\u00e9curit\u00e9 au Sahel : Nouakchott accueille un forum strat\u00e9gique entre la Mauritanie et l\u2019OTAN - Le Quotidien de Nouakchott\",\"isPartOf\":{\"@id\":\"https:\\\/\\\/lequotidien.mr\\\/#website\"},\"primaryImageOfPage\":{\"@id\":\"https:\\\/\\\/lequotidien.mr\\\/?p=36973&lang=fr#primaryimage\"},\"image\":{\"@id\":\"https:\\\/\\\/lequotidien.mr\\\/?p=36973&lang=fr#primaryimage\"},\"thumbnailUrl\":\"https:\\\/\\\/lequotidien.mr\\\/wp-content\\\/uploads\\\/2026\\\/04\\\/Sah.png\",\"datePublished\":\"2026-04-30T16:02:31+00:00\",\"breadcrumb\":{\"@id\":\"https:\\\/\\\/lequotidien.mr\\\/?p=36973&lang=fr#breadcrumb\"},\"inLanguage\":\"ar\",\"potentialAction\":[{\"@type\":\"ReadAction\",\"target\":[\"https:\\\/\\\/lequotidien.mr\\\/?p=36973&lang=fr\"]}]},{\"@type\":\"ImageObject\",\"inLanguage\":\"ar\",\"@id\":\"https:\\\/\\\/lequotidien.mr\\\/?p=36973&lang=fr#primaryimage\",\"url\":\"https:\\\/\\\/lequotidien.mr\\\/wp-content\\\/uploads\\\/2026\\\/04\\\/Sah.png\",\"contentUrl\":\"https:\\\/\\\/lequotidien.mr\\\/wp-content\\\/uploads\\\/2026\\\/04\\\/Sah.png\",\"width\":723,\"height\":323},{\"@type\":\"BreadcrumbList\",\"@id\":\"https:\\\/\\\/lequotidien.mr\\\/?p=36973&lang=fr#breadcrumb\",\"itemListElement\":[{\"@type\":\"ListItem\",\"position\":1,\"name\":\"Home\",\"item\":\"https:\\\/\\\/lequotidien.mr\\\/\"},{\"@type\":\"ListItem\",\"position\":2,\"name\":\"S\u00e9curit\u00e9 au Sahel : Nouakchott accueille un forum strat\u00e9gique entre la Mauritanie et l\u2019OTAN\"}]},{\"@type\":\"WebSite\",\"@id\":\"https:\\\/\\\/lequotidien.mr\\\/#website\",\"url\":\"https:\\\/\\\/lequotidien.mr\\\/\",\"name\":\"Le Quotidien de Nouakchott\",\"description\":\"\u0625\u062e\u0628\u0627\u0631\u064a\u0629 \u0645\u0633\u062a\u0642\u0644\u0629 \u0644\u0644\u0623\u0646\u0628\u0627\u0621 \u0627\u0644\u0639\u0627\u0645\u0629\",\"publisher\":{\"@id\":\"https:\\\/\\\/lequotidien.mr\\\/#organization\"},\"potentialAction\":[{\"@type\":\"SearchAction\",\"target\":{\"@type\":\"EntryPoint\",\"urlTemplate\":\"https:\\\/\\\/lequotidien.mr\\\/?s={search_term_string}\"},\"query-input\":{\"@type\":\"PropertyValueSpecification\",\"valueRequired\":true,\"valueName\":\"search_term_string\"}}],\"inLanguage\":\"ar\"},{\"@type\":\"Organization\",\"@id\":\"https:\\\/\\\/lequotidien.mr\\\/#organization\",\"name\":\"Le Quotidien de Nouakchott\",\"url\":\"https:\\\/\\\/lequotidien.mr\\\/\",\"logo\":{\"@type\":\"ImageObject\",\"inLanguage\":\"ar\",\"@id\":\"https:\\\/\\\/lequotidien.mr\\\/#\\\/schema\\\/logo\\\/image\\\/\",\"url\":\"https:\\\/\\\/lequotidien.mr\\\/wp-content\\\/uploads\\\/2022\\\/11\\\/logolequotidien.jpg\",\"contentUrl\":\"https:\\\/\\\/lequotidien.mr\\\/wp-content\\\/uploads\\\/2022\\\/11\\\/logolequotidien.jpg\",\"width\":290,\"height\":65,\"caption\":\"Le Quotidien de Nouakchott\"},\"image\":{\"@id\":\"https:\\\/\\\/lequotidien.mr\\\/#\\\/schema\\\/logo\\\/image\\\/\"},\"sameAs\":[\"https:\\\/\\\/web.facebook.com\\\/lequotidienmr\",\"https:\\\/\\\/x.com\\\/lequotidienmr\"]},{\"@type\":\"Person\",\"@id\":\"https:\\\/\\\/lequotidien.mr\\\/#\\\/schema\\\/person\\\/0926dbaf41ffa88b64cf66855b9b2826\",\"name\":\"Fatimetou Ethemane\",\"image\":{\"@type\":\"ImageObject\",\"inLanguage\":\"ar\",\"@id\":\"https:\\\/\\\/secure.gravatar.com\\\/avatar\\\/38fea9097a5e574debe9801202088f6f4429fdac0912587175811aad50d9706e?s=96&d=mm&r=g\",\"url\":\"https:\\\/\\\/secure.gravatar.com\\\/avatar\\\/38fea9097a5e574debe9801202088f6f4429fdac0912587175811aad50d9706e?s=96&d=mm&r=g\",\"contentUrl\":\"https:\\\/\\\/secure.gravatar.com\\\/avatar\\\/38fea9097a5e574debe9801202088f6f4429fdac0912587175811aad50d9706e?s=96&d=mm&r=g\",\"caption\":\"Fatimetou Ethemane\"},\"sameAs\":[\"http:\\\/\\\/lequotidien.mr\"],\"url\":\"https:\\\/\\\/lequotidien.mr\\\/?author=13\"}]}<\/script>\n<!-- \/ Yoast SEO plugin. -->","yoast_head_json":{"title":"S\u00e9curit\u00e9 au Sahel : Nouakchott accueille un forum strat\u00e9gique entre la Mauritanie et l\u2019OTAN - Le Quotidien de Nouakchott","robots":{"index":"index","follow":"follow","max-snippet":"max-snippet:-1","max-image-preview":"max-image-preview:large","max-video-preview":"max-video-preview:-1"},"canonical":"https:\/\/lequotidien.mr\/?p=36973&lang=fr","og_locale":"ar_AR","og_type":"article","og_title":"S\u00e9curit\u00e9 au Sahel : Nouakchott accueille un forum strat\u00e9gique entre la Mauritanie et l\u2019OTAN - Le Quotidien de Nouakchott","og_description":"La capitale mauritanienne, Nouakchott, a accueilli mercredi l\u2019ouverture des travaux du Forum mondial sur le leadership de terrain pour la r\u00e9gion du Sahel, organis\u00e9 conjointement par l\u2019\u00e9tat-major g\u00e9n\u00e9ral des arm\u00e9es mauritaniennes et le Coll\u00e8ge de d\u00e9fense de l\u2019OTAN. Cette rencontre de haut niveau s\u2019inscrit dans une dynamique de renforcement de la r\u00e9flexion strat\u00e9gique, de consolidation.....","og_url":"https:\/\/lequotidien.mr\/?p=36973&lang=fr","og_site_name":"Le Quotidien de Nouakchott","article_publisher":"https:\/\/web.facebook.com\/lequotidienmr","article_published_time":"2026-04-30T16:02:31+00:00","og_image":[{"width":723,"height":323,"url":"https:\/\/lequotidien.mr\/wp-content\/uploads\/2026\/04\/Sah.png","type":"image\/png"}],"author":"Fatimetou Ethemane","twitter_card":"summary_large_image","twitter_creator":"@lequotidienmr","twitter_site":"@lequotidienmr","twitter_misc":{"\u0643\u064f\u062a\u0628 \u0628\u0648\u0627\u0633\u0637\u0629":"Fatimetou Ethemane","\u0648\u0642\u062a \u0627\u0644\u0642\u0631\u0627\u0621\u0629 \u0627\u0644\u0645\u064f\u0642\u062f\u0651\u0631":"4 \u062f\u0642\u0627\u0626\u0642"},"schema":{"@context":"https:\/\/schema.org","@graph":[{"@type":"Article","@id":"https:\/\/lequotidien.mr\/?p=36973&lang=fr#article","isPartOf":{"@id":"https:\/\/lequotidien.mr\/?p=36973&lang=fr"},"author":{"name":"Fatimetou Ethemane","@id":"https:\/\/lequotidien.mr\/#\/schema\/person\/0926dbaf41ffa88b64cf66855b9b2826"},"headline":"S\u00e9curit\u00e9 au Sahel : Nouakchott accueille un forum strat\u00e9gique entre la Mauritanie et l\u2019OTAN","datePublished":"2026-04-30T16:02:31+00:00","mainEntityOfPage":{"@id":"https:\/\/lequotidien.mr\/?p=36973&lang=fr"},"wordCount":574,"commentCount":0,"publisher":{"@id":"https:\/\/lequotidien.mr\/#organization"},"image":{"@id":"https:\/\/lequotidien.mr\/?p=36973&lang=fr#primaryimage"},"thumbnailUrl":"https:\/\/lequotidien.mr\/wp-content\/uploads\/2026\/04\/Sah.png","articleSection":["ACTUALIT\u00c9"],"inLanguage":"ar","potentialAction":[{"@type":"CommentAction","name":"Comment","target":["https:\/\/lequotidien.mr\/?p=36973&lang=fr#respond"]}]},{"@type":"WebPage","@id":"https:\/\/lequotidien.mr\/?p=36973&lang=fr","url":"https:\/\/lequotidien.mr\/?p=36973&lang=fr","name":"S\u00e9curit\u00e9 au Sahel : Nouakchott accueille un forum strat\u00e9gique entre la Mauritanie et l\u2019OTAN - Le Quotidien de Nouakchott","isPartOf":{"@id":"https:\/\/lequotidien.mr\/#website"},"primaryImageOfPage":{"@id":"https:\/\/lequotidien.mr\/?p=36973&lang=fr#primaryimage"},"image":{"@id":"https:\/\/lequotidien.mr\/?p=36973&lang=fr#primaryimage"},"thumbnailUrl":"https:\/\/lequotidien.mr\/wp-content\/uploads\/2026\/04\/Sah.png","datePublished":"2026-04-30T16:02:31+00:00","breadcrumb":{"@id":"https:\/\/lequotidien.mr\/?p=36973&lang=fr#breadcrumb"},"inLanguage":"ar","potentialAction":[{"@type":"ReadAction","target":["https:\/\/lequotidien.mr\/?p=36973&lang=fr"]}]},{"@type":"ImageObject","inLanguage":"ar","@id":"https:\/\/lequotidien.mr\/?p=36973&lang=fr#primaryimage","url":"https:\/\/lequotidien.mr\/wp-content\/uploads\/2026\/04\/Sah.png","contentUrl":"https:\/\/lequotidien.mr\/wp-content\/uploads\/2026\/04\/Sah.png","width":723,"height":323},{"@type":"BreadcrumbList","@id":"https:\/\/lequotidien.mr\/?p=36973&lang=fr#breadcrumb","itemListElement":[{"@type":"ListItem","position":1,"name":"Home","item":"https:\/\/lequotidien.mr\/"},{"@type":"ListItem","position":2,"name":"S\u00e9curit\u00e9 au Sahel : Nouakchott accueille un forum strat\u00e9gique entre la Mauritanie et l\u2019OTAN"}]},{"@type":"WebSite","@id":"https:\/\/lequotidien.mr\/#website","url":"https:\/\/lequotidien.mr\/","name":"Le Quotidien de Nouakchott","description":"\u0625\u062e\u0628\u0627\u0631\u064a\u0629 \u0645\u0633\u062a\u0642\u0644\u0629 \u0644\u0644\u0623\u0646\u0628\u0627\u0621 \u0627\u0644\u0639\u0627\u0645\u0629","publisher":{"@id":"https:\/\/lequotidien.mr\/#organization"},"potentialAction":[{"@type":"SearchAction","target":{"@type":"EntryPoint","urlTemplate":"https:\/\/lequotidien.mr\/?s={search_term_string}"},"query-input":{"@type":"PropertyValueSpecification","valueRequired":true,"valueName":"search_term_string"}}],"inLanguage":"ar"},{"@type":"Organization","@id":"https:\/\/lequotidien.mr\/#organization","name":"Le Quotidien de Nouakchott","url":"https:\/\/lequotidien.mr\/","logo":{"@type":"ImageObject","inLanguage":"ar","@id":"https:\/\/lequotidien.mr\/#\/schema\/logo\/image\/","url":"https:\/\/lequotidien.mr\/wp-content\/uploads\/2022\/11\/logolequotidien.jpg","contentUrl":"https:\/\/lequotidien.mr\/wp-content\/uploads\/2022\/11\/logolequotidien.jpg","width":290,"height":65,"caption":"Le Quotidien de Nouakchott"},"image":{"@id":"https:\/\/lequotidien.mr\/#\/schema\/logo\/image\/"},"sameAs":["https:\/\/web.facebook.com\/lequotidienmr","https:\/\/x.com\/lequotidienmr"]},{"@type":"Person","@id":"https:\/\/lequotidien.mr\/#\/schema\/person\/0926dbaf41ffa88b64cf66855b9b2826","name":"Fatimetou Ethemane","image":{"@type":"ImageObject","inLanguage":"ar","@id":"https:\/\/secure.gravatar.com\/avatar\/38fea9097a5e574debe9801202088f6f4429fdac0912587175811aad50d9706e?s=96&d=mm&r=g","url":"https:\/\/secure.gravatar.com\/avatar\/38fea9097a5e574debe9801202088f6f4429fdac0912587175811aad50d9706e?s=96&d=mm&r=g","contentUrl":"https:\/\/secure.gravatar.com\/avatar\/38fea9097a5e574debe9801202088f6f4429fdac0912587175811aad50d9706e?s=96&d=mm&r=g","caption":"Fatimetou Ethemane"},"sameAs":["http:\/\/lequotidien.mr"],"url":"https:\/\/lequotidien.mr\/?author=13"}]}},"_links":{"self":[{"href":"https:\/\/lequotidien.mr\/index.php?rest_route=\/wp\/v2\/posts\/36973","targetHints":{"allow":["GET"]}}],"collection":[{"href":"https:\/\/lequotidien.mr\/index.php?rest_route=\/wp\/v2\/posts"}],"about":[{"href":"https:\/\/lequotidien.mr\/index.php?rest_route=\/wp\/v2\/types\/post"}],"author":[{"embeddable":true,"href":"https:\/\/lequotidien.mr\/index.php?rest_route=\/wp\/v2\/users\/13"}],"replies":[{"embeddable":true,"href":"https:\/\/lequotidien.mr\/index.php?rest_route=%2Fwp%2Fv2%2Fcomments&post=36973"}],"version-history":[{"count":1,"href":"https:\/\/lequotidien.mr\/index.php?rest_route=\/wp\/v2\/posts\/36973\/revisions"}],"predecessor-version":[{"id":36975,"href":"https:\/\/lequotidien.mr\/index.php?rest_route=\/wp\/v2\/posts\/36973\/revisions\/36975"}],"wp:featuredmedia":[{"embeddable":true,"href":"https:\/\/lequotidien.mr\/index.php?rest_route=\/wp\/v2\/media\/36974"}],"wp:attachment":[{"href":"https:\/\/lequotidien.mr\/index.php?rest_route=%2Fwp%2Fv2%2Fmedia&parent=36973"}],"wp:term":[{"taxonomy":"category","embeddable":true,"href":"https:\/\/lequotidien.mr\/index.php?rest_route=%2Fwp%2Fv2%2Fcategories&post=36973"},{"taxonomy":"post_tag","embeddable":true,"href":"https:\/\/lequotidien.mr\/index.php?rest_route=%2Fwp%2Fv2%2Ftags&post=36973"}],"curies":[{"name":"wp","href":"https:\/\/api.w.org\/{rel}","templated":true}]}}