{"id":36970,"date":"2026-04-30T16:01:39","date_gmt":"2026-04-30T16:01:39","guid":{"rendered":"https:\/\/lequotidien.mr\/?p=36970"},"modified":"2026-04-30T16:01:39","modified_gmt":"2026-04-30T16:01:39","slug":"affaire-fatimata-hamadi-ba-le-gouvernement-defend-laction-de-letat-et-promet-toute-la-lumiere","status":"publish","type":"post","link":"https:\/\/lequotidien.mr\/?p=36970&lang=fr","title":{"rendered":"Affaire Fatimata Hamadi Ba : le gouvernement d\u00e9fend l\u2019action de l\u2019\u00c9tat et promet toute la lumi\u00e8re"},"content":{"rendered":"<p data-start=\"103\" data-end=\"386\">Le gouvernement mauritanien a \u00e9t\u00e9 vivement interpell\u00e9 mercredi lors de la conf\u00e9rence de presse cons\u00e9cutive au Conseil des ministres, au sujet du d\u00e9c\u00e8s de feue Fatimata Hamadi Ba, une affaire qui continue de susciter \u00e9motion, interrogations et forte attention dans l\u2019opinion publique.<\/p>\n<p data-start=\"388\" data-end=\"762\">R\u00e9agissant \u00e0 cette affaire, le ministre de la Culture, des Arts, de la Communication et des Relations avec le Parlement, porte-parole du gouvernement, <span class=\"hover:entity-accent entity-underline inline cursor-pointer align-baseline\"><span class=\"whitespace-normal\">Houssein Meddou<\/span><\/span>, a affirm\u00e9 que l\u2019\u00c9tat avait \u00ab rigoureusement accompli son devoir \u00bb dans la gestion de ce dossier, insistant sur la mobilisation rapide de l\u2019appareil \u00e9tatique d\u00e8s la d\u00e9couverte du drame.<\/p>\n<p data-start=\"764\" data-end=\"1071\">Selon le ministre, il est du devoir des institutions publiques de faire toute la lumi\u00e8re sur les circonstances d\u2019un d\u00e9c\u00e8s aussi sensible, en veillant \u00e0 partager les conclusions avec la famille de la d\u00e9funte ainsi qu\u2019avec l\u2019ensemble de l\u2019opinion nationale, dans un souci de transparence et de responsabilit\u00e9.<\/p>\n<p data-start=\"1073\" data-end=\"1379\">Le porte-parole a assur\u00e9 qu\u2019aucun effort n\u2019a \u00e9t\u00e9 \u00e9pargn\u00e9 pour \u00e9lucider cette affaire, mettant en avant la rapidit\u00e9 des investigations, l\u2019identification du principal suspect, sa localisation \u00e0 l\u2019\u00e9tranger ainsi que son arrestation, \u00e9l\u00e9ments pr\u00e9sent\u00e9s comme la preuve d\u2019une r\u00e9action institutionnelle soutenue.<\/p>\n<p data-start=\"1381\" data-end=\"1633\">Le corps de la jeune femme avait \u00e9t\u00e9 d\u00e9couvert le samedi 18 avril au matin, \u00e0 proximit\u00e9 de la mosqu\u00e9e Ould Ahmedou, dans la moughataa de Dar Naim \u00e0 <span class=\"hover:entity-accent entity-underline inline cursor-pointer align-baseline\"><span class=\"whitespace-normal\">Nouakchott<\/span><\/span>, dans des circonstances qui avaient profond\u00e9ment choqu\u00e9 l\u2019opinion.<\/p>\n<p data-start=\"1635\" data-end=\"1853\">Apr\u00e8s sa d\u00e9couverte, la d\u00e9pouille avait \u00e9t\u00e9 transf\u00e9r\u00e9e \u00e0 l\u2019h\u00f4pital Cheikh Zayed, o\u00f9 un premier examen m\u00e9dico-l\u00e9gal avait \u00e9t\u00e9 effectu\u00e9 sous la supervision du parquet comp\u00e9tent, avant l\u2019ouverture imm\u00e9diate d\u2019une enqu\u00eate.<\/p>\n<p data-start=\"1855\" data-end=\"2050\">Les autorit\u00e9s indiquent que les premi\u00e8res investigations ont permis, en l\u2019espace de quelques heures, d\u2019obtenir des \u00e9l\u00e9ments de r\u00e9ponse sur ce d\u00e9c\u00e8s, jusque-l\u00e0 entour\u00e9 de nombreuses zones d\u2019ombre.<\/p>\n<p data-start=\"2052\" data-end=\"2332\">Cette communication officielle intervient dans un contexte de forte sensibilit\u00e9 sociale, o\u00f9 l\u2019affaire a aliment\u00e9 de nombreuses r\u00e9actions, appels \u00e0 la justice et demandes de clarification, tant sur les circonstances exactes du d\u00e9c\u00e8s que sur les responsabilit\u00e9s p\u00e9nales \u00e9ventuelles.<\/p>\n<p data-start=\"2334\" data-end=\"2640\">\u00c0 travers cette prise de parole, le gouvernement cherche manifestement \u00e0 rassurer l\u2019opinion sur la mobilisation des institutions judiciaires et s\u00e9curitaires, tout en r\u00e9affirmant sa volont\u00e9 de transparence dans une affaire devenue embl\u00e9matique des attentes citoyennes en mati\u00e8re de justice et de protection.<\/p>\n<p data-start=\"2642\" data-end=\"2911\" data-is-last-node=\"\" data-is-only-node=\"\">Au-del\u00e0 de l\u2019\u00e9motion suscit\u00e9e par la disparition de Fatimata Hamadi Ba, cette affaire pose \u00e9galement la question plus large de la confiance publique envers les m\u00e9canismes d\u2019enqu\u00eate, de s\u00e9curit\u00e9 et de communication institutionnelle dans les dossiers criminels sensibles.<\/p>\n","protected":false},"excerpt":{"rendered":"<p>Le gouvernement mauritanien a \u00e9t\u00e9 vivement interpell\u00e9 mercredi lors de la conf\u00e9rence de presse cons\u00e9cutive au Conseil des ministres, au sujet du d\u00e9c\u00e8s de feue Fatimata Hamadi Ba, une affaire qui continue de susciter \u00e9motion, interrogations et forte attention dans l\u2019opinion publique. R\u00e9agissant \u00e0 cette affaire, le ministre de la Culture, des Arts, de la&#8230;..<\/p>\n","protected":false},"author":13,"featured_media":36971,"comment_status":"open","ping_status":"open","sticky":false,"template":"","format":"standard","meta":{"footnotes":""},"categories":[23,57],"tags":[],"class_list":["post-36970","post","type-post","status-publish","format-standard","has-post-thumbnail","hentry","category-actualite","category-couverture-specilale"],"yoast_head":"<!-- This site is optimized with the Yoast SEO plugin v27.5 - https:\/\/yoast.com\/product\/yoast-seo-wordpress\/ -->\n<title>Affaire Fatimata Hamadi Ba : le gouvernement d\u00e9fend l\u2019action de l\u2019\u00c9tat et promet toute la lumi\u00e8re - Le Quotidien de Nouakchott<\/title>\n<meta name=\"robots\" content=\"index, follow, max-snippet:-1, max-image-preview:large, max-video-preview:-1\" \/>\n<link rel=\"canonical\" href=\"https:\/\/lequotidien.mr\/?p=36970&lang=fr\" \/>\n<meta property=\"og:locale\" content=\"ar_AR\" \/>\n<meta property=\"og:type\" content=\"article\" \/>\n<meta property=\"og:title\" content=\"Affaire Fatimata Hamadi Ba : le gouvernement d\u00e9fend l\u2019action de l\u2019\u00c9tat et promet toute la lumi\u00e8re - Le Quotidien de Nouakchott\" \/>\n<meta property=\"og:description\" content=\"Le gouvernement mauritanien a \u00e9t\u00e9 vivement interpell\u00e9 mercredi lors de la conf\u00e9rence de presse cons\u00e9cutive au Conseil des ministres, au sujet du d\u00e9c\u00e8s de feue Fatimata Hamadi Ba, une affaire qui continue de susciter \u00e9motion, interrogations et forte attention dans l\u2019opinion publique. R\u00e9agissant \u00e0 cette affaire, le ministre de la Culture, des Arts, de la.....\" \/>\n<meta property=\"og:url\" content=\"https:\/\/lequotidien.mr\/?p=36970&amp;lang=fr\" \/>\n<meta property=\"og:site_name\" content=\"Le Quotidien de Nouakchott\" \/>\n<meta property=\"article:publisher\" content=\"https:\/\/web.facebook.com\/lequotidienmr\" \/>\n<meta property=\"article:published_time\" content=\"2026-04-30T16:01:39+00:00\" \/>\n<meta property=\"og:image\" content=\"https:\/\/lequotidien.mr\/wp-content\/uploads\/2026\/04\/Meddou.png\" \/>\n\t<meta property=\"og:image:width\" content=\"338\" \/>\n\t<meta property=\"og:image:height\" content=\"285\" \/>\n\t<meta property=\"og:image:type\" content=\"image\/png\" \/>\n<meta name=\"author\" content=\"Fatimetou Ethemane\" \/>\n<meta name=\"twitter:card\" content=\"summary_large_image\" \/>\n<meta name=\"twitter:creator\" content=\"@lequotidienmr\" \/>\n<meta name=\"twitter:site\" content=\"@lequotidienmr\" \/>\n<meta name=\"twitter:label1\" content=\"\u0643\u064f\u062a\u0628 \u0628\u0648\u0627\u0633\u0637\u0629\" \/>\n\t<meta name=\"twitter:data1\" content=\"Fatimetou Ethemane\" \/>\n\t<meta name=\"twitter:label2\" content=\"\u0648\u0642\u062a \u0627\u0644\u0642\u0631\u0627\u0621\u0629 \u0627\u0644\u0645\u064f\u0642\u062f\u0651\u0631\" \/>\n\t<meta name=\"twitter:data2\" content=\"4 \u062f\u0642\u0627\u0626\u0642\" \/>\n<script type=\"application\/ld+json\" class=\"yoast-schema-graph\">{\"@context\":\"https:\\\/\\\/schema.org\",\"@graph\":[{\"@type\":\"Article\",\"@id\":\"https:\\\/\\\/lequotidien.mr\\\/?p=36970&lang=fr#article\",\"isPartOf\":{\"@id\":\"https:\\\/\\\/lequotidien.mr\\\/?p=36970&lang=fr\"},\"author\":{\"name\":\"Fatimetou Ethemane\",\"@id\":\"https:\\\/\\\/lequotidien.mr\\\/#\\\/schema\\\/person\\\/0926dbaf41ffa88b64cf66855b9b2826\"},\"headline\":\"Affaire Fatimata Hamadi Ba : le gouvernement d\u00e9fend l\u2019action de l\u2019\u00c9tat et promet toute la lumi\u00e8re\",\"datePublished\":\"2026-04-30T16:01:39+00:00\",\"mainEntityOfPage\":{\"@id\":\"https:\\\/\\\/lequotidien.mr\\\/?p=36970&lang=fr\"},\"wordCount\":481,\"commentCount\":0,\"publisher\":{\"@id\":\"https:\\\/\\\/lequotidien.mr\\\/#organization\"},\"image\":{\"@id\":\"https:\\\/\\\/lequotidien.mr\\\/?p=36970&lang=fr#primaryimage\"},\"thumbnailUrl\":\"https:\\\/\\\/lequotidien.mr\\\/wp-content\\\/uploads\\\/2026\\\/04\\\/Meddou.png\",\"articleSection\":[\"ACTUALIT\u00c9\",\"Couverture sp\u00e9cilale\"],\"inLanguage\":\"ar\",\"potentialAction\":[{\"@type\":\"CommentAction\",\"name\":\"Comment\",\"target\":[\"https:\\\/\\\/lequotidien.mr\\\/?p=36970&lang=fr#respond\"]}]},{\"@type\":\"WebPage\",\"@id\":\"https:\\\/\\\/lequotidien.mr\\\/?p=36970&lang=fr\",\"url\":\"https:\\\/\\\/lequotidien.mr\\\/?p=36970&lang=fr\",\"name\":\"Affaire Fatimata Hamadi Ba : le gouvernement d\u00e9fend l\u2019action de l\u2019\u00c9tat et promet toute la lumi\u00e8re - Le Quotidien de Nouakchott\",\"isPartOf\":{\"@id\":\"https:\\\/\\\/lequotidien.mr\\\/#website\"},\"primaryImageOfPage\":{\"@id\":\"https:\\\/\\\/lequotidien.mr\\\/?p=36970&lang=fr#primaryimage\"},\"image\":{\"@id\":\"https:\\\/\\\/lequotidien.mr\\\/?p=36970&lang=fr#primaryimage\"},\"thumbnailUrl\":\"https:\\\/\\\/lequotidien.mr\\\/wp-content\\\/uploads\\\/2026\\\/04\\\/Meddou.png\",\"datePublished\":\"2026-04-30T16:01:39+00:00\",\"breadcrumb\":{\"@id\":\"https:\\\/\\\/lequotidien.mr\\\/?p=36970&lang=fr#breadcrumb\"},\"inLanguage\":\"ar\",\"potentialAction\":[{\"@type\":\"ReadAction\",\"target\":[\"https:\\\/\\\/lequotidien.mr\\\/?p=36970&lang=fr\"]}]},{\"@type\":\"ImageObject\",\"inLanguage\":\"ar\",\"@id\":\"https:\\\/\\\/lequotidien.mr\\\/?p=36970&lang=fr#primaryimage\",\"url\":\"https:\\\/\\\/lequotidien.mr\\\/wp-content\\\/uploads\\\/2026\\\/04\\\/Meddou.png\",\"contentUrl\":\"https:\\\/\\\/lequotidien.mr\\\/wp-content\\\/uploads\\\/2026\\\/04\\\/Meddou.png\",\"width\":338,\"height\":285},{\"@type\":\"BreadcrumbList\",\"@id\":\"https:\\\/\\\/lequotidien.mr\\\/?p=36970&lang=fr#breadcrumb\",\"itemListElement\":[{\"@type\":\"ListItem\",\"position\":1,\"name\":\"Home\",\"item\":\"https:\\\/\\\/lequotidien.mr\\\/\"},{\"@type\":\"ListItem\",\"position\":2,\"name\":\"Affaire Fatimata Hamadi Ba : le gouvernement d\u00e9fend l\u2019action de l\u2019\u00c9tat et promet toute la lumi\u00e8re\"}]},{\"@type\":\"WebSite\",\"@id\":\"https:\\\/\\\/lequotidien.mr\\\/#website\",\"url\":\"https:\\\/\\\/lequotidien.mr\\\/\",\"name\":\"Le Quotidien de Nouakchott\",\"description\":\"\u0625\u062e\u0628\u0627\u0631\u064a\u0629 \u0645\u0633\u062a\u0642\u0644\u0629 \u0644\u0644\u0623\u0646\u0628\u0627\u0621 \u0627\u0644\u0639\u0627\u0645\u0629\",\"publisher\":{\"@id\":\"https:\\\/\\\/lequotidien.mr\\\/#organization\"},\"potentialAction\":[{\"@type\":\"SearchAction\",\"target\":{\"@type\":\"EntryPoint\",\"urlTemplate\":\"https:\\\/\\\/lequotidien.mr\\\/?s={search_term_string}\"},\"query-input\":{\"@type\":\"PropertyValueSpecification\",\"valueRequired\":true,\"valueName\":\"search_term_string\"}}],\"inLanguage\":\"ar\"},{\"@type\":\"Organization\",\"@id\":\"https:\\\/\\\/lequotidien.mr\\\/#organization\",\"name\":\"Le Quotidien de Nouakchott\",\"url\":\"https:\\\/\\\/lequotidien.mr\\\/\",\"logo\":{\"@type\":\"ImageObject\",\"inLanguage\":\"ar\",\"@id\":\"https:\\\/\\\/lequotidien.mr\\\/#\\\/schema\\\/logo\\\/image\\\/\",\"url\":\"https:\\\/\\\/lequotidien.mr\\\/wp-content\\\/uploads\\\/2022\\\/11\\\/logolequotidien.jpg\",\"contentUrl\":\"https:\\\/\\\/lequotidien.mr\\\/wp-content\\\/uploads\\\/2022\\\/11\\\/logolequotidien.jpg\",\"width\":290,\"height\":65,\"caption\":\"Le Quotidien de Nouakchott\"},\"image\":{\"@id\":\"https:\\\/\\\/lequotidien.mr\\\/#\\\/schema\\\/logo\\\/image\\\/\"},\"sameAs\":[\"https:\\\/\\\/web.facebook.com\\\/lequotidienmr\",\"https:\\\/\\\/x.com\\\/lequotidienmr\"]},{\"@type\":\"Person\",\"@id\":\"https:\\\/\\\/lequotidien.mr\\\/#\\\/schema\\\/person\\\/0926dbaf41ffa88b64cf66855b9b2826\",\"name\":\"Fatimetou Ethemane\",\"image\":{\"@type\":\"ImageObject\",\"inLanguage\":\"ar\",\"@id\":\"https:\\\/\\\/secure.gravatar.com\\\/avatar\\\/38fea9097a5e574debe9801202088f6f4429fdac0912587175811aad50d9706e?s=96&d=mm&r=g\",\"url\":\"https:\\\/\\\/secure.gravatar.com\\\/avatar\\\/38fea9097a5e574debe9801202088f6f4429fdac0912587175811aad50d9706e?s=96&d=mm&r=g\",\"contentUrl\":\"https:\\\/\\\/secure.gravatar.com\\\/avatar\\\/38fea9097a5e574debe9801202088f6f4429fdac0912587175811aad50d9706e?s=96&d=mm&r=g\",\"caption\":\"Fatimetou Ethemane\"},\"sameAs\":[\"http:\\\/\\\/lequotidien.mr\"],\"url\":\"https:\\\/\\\/lequotidien.mr\\\/?author=13\"}]}<\/script>\n<!-- \/ Yoast SEO plugin. -->","yoast_head_json":{"title":"Affaire Fatimata Hamadi Ba : le gouvernement d\u00e9fend l\u2019action de l\u2019\u00c9tat et promet toute la lumi\u00e8re - Le Quotidien de Nouakchott","robots":{"index":"index","follow":"follow","max-snippet":"max-snippet:-1","max-image-preview":"max-image-preview:large","max-video-preview":"max-video-preview:-1"},"canonical":"https:\/\/lequotidien.mr\/?p=36970&lang=fr","og_locale":"ar_AR","og_type":"article","og_title":"Affaire Fatimata Hamadi Ba : le gouvernement d\u00e9fend l\u2019action de l\u2019\u00c9tat et promet toute la lumi\u00e8re - Le Quotidien de Nouakchott","og_description":"Le gouvernement mauritanien a \u00e9t\u00e9 vivement interpell\u00e9 mercredi lors de la conf\u00e9rence de presse cons\u00e9cutive au Conseil des ministres, au sujet du d\u00e9c\u00e8s de feue Fatimata Hamadi Ba, une affaire qui continue de susciter \u00e9motion, interrogations et forte attention dans l\u2019opinion publique. R\u00e9agissant \u00e0 cette affaire, le ministre de la Culture, des Arts, de la.....","og_url":"https:\/\/lequotidien.mr\/?p=36970&lang=fr","og_site_name":"Le Quotidien de Nouakchott","article_publisher":"https:\/\/web.facebook.com\/lequotidienmr","article_published_time":"2026-04-30T16:01:39+00:00","og_image":[{"width":338,"height":285,"url":"https:\/\/lequotidien.mr\/wp-content\/uploads\/2026\/04\/Meddou.png","type":"image\/png"}],"author":"Fatimetou Ethemane","twitter_card":"summary_large_image","twitter_creator":"@lequotidienmr","twitter_site":"@lequotidienmr","twitter_misc":{"\u0643\u064f\u062a\u0628 \u0628\u0648\u0627\u0633\u0637\u0629":"Fatimetou Ethemane","\u0648\u0642\u062a \u0627\u0644\u0642\u0631\u0627\u0621\u0629 \u0627\u0644\u0645\u064f\u0642\u062f\u0651\u0631":"4 \u062f\u0642\u0627\u0626\u0642"},"schema":{"@context":"https:\/\/schema.org","@graph":[{"@type":"Article","@id":"https:\/\/lequotidien.mr\/?p=36970&lang=fr#article","isPartOf":{"@id":"https:\/\/lequotidien.mr\/?p=36970&lang=fr"},"author":{"name":"Fatimetou Ethemane","@id":"https:\/\/lequotidien.mr\/#\/schema\/person\/0926dbaf41ffa88b64cf66855b9b2826"},"headline":"Affaire Fatimata Hamadi Ba : le gouvernement d\u00e9fend l\u2019action de l\u2019\u00c9tat et promet toute la lumi\u00e8re","datePublished":"2026-04-30T16:01:39+00:00","mainEntityOfPage":{"@id":"https:\/\/lequotidien.mr\/?p=36970&lang=fr"},"wordCount":481,"commentCount":0,"publisher":{"@id":"https:\/\/lequotidien.mr\/#organization"},"image":{"@id":"https:\/\/lequotidien.mr\/?p=36970&lang=fr#primaryimage"},"thumbnailUrl":"https:\/\/lequotidien.mr\/wp-content\/uploads\/2026\/04\/Meddou.png","articleSection":["ACTUALIT\u00c9","Couverture sp\u00e9cilale"],"inLanguage":"ar","potentialAction":[{"@type":"CommentAction","name":"Comment","target":["https:\/\/lequotidien.mr\/?p=36970&lang=fr#respond"]}]},{"@type":"WebPage","@id":"https:\/\/lequotidien.mr\/?p=36970&lang=fr","url":"https:\/\/lequotidien.mr\/?p=36970&lang=fr","name":"Affaire Fatimata Hamadi Ba : le gouvernement d\u00e9fend l\u2019action de l\u2019\u00c9tat et promet toute la lumi\u00e8re - Le Quotidien de Nouakchott","isPartOf":{"@id":"https:\/\/lequotidien.mr\/#website"},"primaryImageOfPage":{"@id":"https:\/\/lequotidien.mr\/?p=36970&lang=fr#primaryimage"},"image":{"@id":"https:\/\/lequotidien.mr\/?p=36970&lang=fr#primaryimage"},"thumbnailUrl":"https:\/\/lequotidien.mr\/wp-content\/uploads\/2026\/04\/Meddou.png","datePublished":"2026-04-30T16:01:39+00:00","breadcrumb":{"@id":"https:\/\/lequotidien.mr\/?p=36970&lang=fr#breadcrumb"},"inLanguage":"ar","potentialAction":[{"@type":"ReadAction","target":["https:\/\/lequotidien.mr\/?p=36970&lang=fr"]}]},{"@type":"ImageObject","inLanguage":"ar","@id":"https:\/\/lequotidien.mr\/?p=36970&lang=fr#primaryimage","url":"https:\/\/lequotidien.mr\/wp-content\/uploads\/2026\/04\/Meddou.png","contentUrl":"https:\/\/lequotidien.mr\/wp-content\/uploads\/2026\/04\/Meddou.png","width":338,"height":285},{"@type":"BreadcrumbList","@id":"https:\/\/lequotidien.mr\/?p=36970&lang=fr#breadcrumb","itemListElement":[{"@type":"ListItem","position":1,"name":"Home","item":"https:\/\/lequotidien.mr\/"},{"@type":"ListItem","position":2,"name":"Affaire Fatimata Hamadi Ba : le gouvernement d\u00e9fend l\u2019action de l\u2019\u00c9tat et promet toute la lumi\u00e8re"}]},{"@type":"WebSite","@id":"https:\/\/lequotidien.mr\/#website","url":"https:\/\/lequotidien.mr\/","name":"Le Quotidien de Nouakchott","description":"\u0625\u062e\u0628\u0627\u0631\u064a\u0629 \u0645\u0633\u062a\u0642\u0644\u0629 \u0644\u0644\u0623\u0646\u0628\u0627\u0621 \u0627\u0644\u0639\u0627\u0645\u0629","publisher":{"@id":"https:\/\/lequotidien.mr\/#organization"},"potentialAction":[{"@type":"SearchAction","target":{"@type":"EntryPoint","urlTemplate":"https:\/\/lequotidien.mr\/?s={search_term_string}"},"query-input":{"@type":"PropertyValueSpecification","valueRequired":true,"valueName":"search_term_string"}}],"inLanguage":"ar"},{"@type":"Organization","@id":"https:\/\/lequotidien.mr\/#organization","name":"Le Quotidien de Nouakchott","url":"https:\/\/lequotidien.mr\/","logo":{"@type":"ImageObject","inLanguage":"ar","@id":"https:\/\/lequotidien.mr\/#\/schema\/logo\/image\/","url":"https:\/\/lequotidien.mr\/wp-content\/uploads\/2022\/11\/logolequotidien.jpg","contentUrl":"https:\/\/lequotidien.mr\/wp-content\/uploads\/2022\/11\/logolequotidien.jpg","width":290,"height":65,"caption":"Le Quotidien de Nouakchott"},"image":{"@id":"https:\/\/lequotidien.mr\/#\/schema\/logo\/image\/"},"sameAs":["https:\/\/web.facebook.com\/lequotidienmr","https:\/\/x.com\/lequotidienmr"]},{"@type":"Person","@id":"https:\/\/lequotidien.mr\/#\/schema\/person\/0926dbaf41ffa88b64cf66855b9b2826","name":"Fatimetou Ethemane","image":{"@type":"ImageObject","inLanguage":"ar","@id":"https:\/\/secure.gravatar.com\/avatar\/38fea9097a5e574debe9801202088f6f4429fdac0912587175811aad50d9706e?s=96&d=mm&r=g","url":"https:\/\/secure.gravatar.com\/avatar\/38fea9097a5e574debe9801202088f6f4429fdac0912587175811aad50d9706e?s=96&d=mm&r=g","contentUrl":"https:\/\/secure.gravatar.com\/avatar\/38fea9097a5e574debe9801202088f6f4429fdac0912587175811aad50d9706e?s=96&d=mm&r=g","caption":"Fatimetou Ethemane"},"sameAs":["http:\/\/lequotidien.mr"],"url":"https:\/\/lequotidien.mr\/?author=13"}]}},"_links":{"self":[{"href":"https:\/\/lequotidien.mr\/index.php?rest_route=\/wp\/v2\/posts\/36970","targetHints":{"allow":["GET"]}}],"collection":[{"href":"https:\/\/lequotidien.mr\/index.php?rest_route=\/wp\/v2\/posts"}],"about":[{"href":"https:\/\/lequotidien.mr\/index.php?rest_route=\/wp\/v2\/types\/post"}],"author":[{"embeddable":true,"href":"https:\/\/lequotidien.mr\/index.php?rest_route=\/wp\/v2\/users\/13"}],"replies":[{"embeddable":true,"href":"https:\/\/lequotidien.mr\/index.php?rest_route=%2Fwp%2Fv2%2Fcomments&post=36970"}],"version-history":[{"count":1,"href":"https:\/\/lequotidien.mr\/index.php?rest_route=\/wp\/v2\/posts\/36970\/revisions"}],"predecessor-version":[{"id":36972,"href":"https:\/\/lequotidien.mr\/index.php?rest_route=\/wp\/v2\/posts\/36970\/revisions\/36972"}],"wp:featuredmedia":[{"embeddable":true,"href":"https:\/\/lequotidien.mr\/index.php?rest_route=\/wp\/v2\/media\/36971"}],"wp:attachment":[{"href":"https:\/\/lequotidien.mr\/index.php?rest_route=%2Fwp%2Fv2%2Fmedia&parent=36970"}],"wp:term":[{"taxonomy":"category","embeddable":true,"href":"https:\/\/lequotidien.mr\/index.php?rest_route=%2Fwp%2Fv2%2Fcategories&post=36970"},{"taxonomy":"post_tag","embeddable":true,"href":"https:\/\/lequotidien.mr\/index.php?rest_route=%2Fwp%2Fv2%2Ftags&post=36970"}],"curies":[{"name":"wp","href":"https:\/\/api.w.org\/{rel}","templated":true}]}}