{"id":36967,"date":"2026-04-30T16:00:27","date_gmt":"2026-04-30T16:00:27","guid":{"rendered":"https:\/\/lequotidien.mr\/?p=36967"},"modified":"2026-04-30T16:00:27","modified_gmt":"2026-04-30T16:00:27","slug":"la-mauritanie-se-dote-dun-cadre-juridique-pour-proteger-son-espace-cotier-et-accelerer-leconomie-bleue","status":"publish","type":"post","link":"https:\/\/lequotidien.mr\/?p=36967&lang=fr","title":{"rendered":"La Mauritanie se dote d\u2019un cadre juridique pour prot\u00e9ger son espace c\u00f4tier et acc\u00e9l\u00e9rer l\u2019\u00e9conomie bleue"},"content":{"rendered":"<p data-start=\"121\" data-end=\"372\">Le Conseil des ministres, r\u00e9uni mercredi 29 avril 2026, a adopt\u00e9 un important projet de loi relatif au littoral, marquant une nouvelle \u00e9tape dans la strat\u00e9gie nationale de pr\u00e9servation, d\u2019am\u00e9nagement et de valorisation durable du littoral mauritanien.<\/p>\n<p data-start=\"374\" data-end=\"642\">Pr\u00e9sent\u00e9 comme un texte structurant, ce projet vise \u00e0 \u00e9tablir les principes fondamentaux d\u2019une gestion int\u00e9gr\u00e9e et durable du littoral, tout en d\u00e9finissant de mani\u00e8re claire les r\u00e8gles encadrant son am\u00e9nagement, sa protection, sa gestion et sa valorisation \u00e9conomique.<\/p>\n<p data-start=\"644\" data-end=\"980\">Lors de la conf\u00e9rence de presse consacr\u00e9e aux r\u00e9sultats du Conseil, la ministre de l\u2019Environnement et du D\u00e9veloppement durable, <span class=\"hover:entity-accent entity-underline inline cursor-pointer align-baseline\"><span class=\"whitespace-normal\">Messouda Baham Mohamed Laghdaf<\/span><\/span>, a soulign\u00e9 que cette r\u00e9forme r\u00e9pond \u00e0 des d\u00e9fis environnementaux et \u00e9conomiques majeurs, dans un contexte o\u00f9 le littoral mauritanien fait face \u00e0 une pression croissante.<\/p>\n<p data-start=\"982\" data-end=\"1254\">Selon la ministre, les menaces pesant sur cette bande strat\u00e9gique incluent notamment l\u2019expansion humaine, les effets du changement climatique, l\u2019exploitation p\u00e9troli\u00e8re et gazi\u00e8re, ainsi que diverses activit\u00e9s \u00e9conomiques susceptibles d\u2019alt\u00e9rer les \u00e9quilibres \u00e9cologiques.<\/p>\n<p data-start=\"1256\" data-end=\"1531\">Le nouveau cadre l\u00e9gislatif ambitionne ainsi de combler les vides juridiques existants, en r\u00e9glementant avec davantage de pr\u00e9cision les activit\u00e9s ayant un impact direct ou indirect sur le littoral, afin d\u2019\u00e9viter les ambigu\u00eft\u00e9s et de renforcer la gouvernance environnementale.<\/p>\n<p data-start=\"1533\" data-end=\"1909\">Au-del\u00e0 de sa dimension protectrice, cette loi s\u2019inscrit \u00e9galement dans une vision \u00e9conomique plus large, orient\u00e9e vers la promotion de l\u2019\u00e9conomie bleue, secteur consid\u00e9r\u00e9 comme strat\u00e9gique pour diversifier les ressources nationales, attirer les investissements et honorer les engagements internationaux de la <span class=\"hover:entity-accent entity-underline inline cursor-pointer align-baseline\"><span class=\"whitespace-normal\">Mauritanie<\/span><\/span> en mati\u00e8re environnementale.<\/p>\n<p data-start=\"1911\" data-end=\"2140\">La ministre a \u00e9galement abord\u00e9 la probl\u00e9matique de la gestion des d\u00e9chets, rappelant que son d\u00e9partement assure une mission d\u2019encadrement strat\u00e9gique, tandis que les op\u00e9rations concr\u00e8tes rel\u00e8vent d\u2019autres structures sectorielles.<\/p>\n<p data-start=\"2142\" data-end=\"2412\">\u00c9voquant la soci\u00e9t\u00e9 <span class=\"hover:entity-accent entity-underline inline cursor-pointer align-baseline\"><span class=\"whitespace-normal\">ARMA<\/span><\/span>, charg\u00e9e de la salubrit\u00e9 \u00e0 <span class=\"hover:entity-accent entity-underline inline cursor-pointer align-baseline\"><span class=\"whitespace-normal\">Nouakchott<\/span><\/span>, elle a estim\u00e9 l\u00e9gitime que cette entreprise fasse l\u2019objet d\u2019\u00e9valuations et d\u2019audits, d\u00e8s lors qu\u2019elle intervient dans le cadre d\u2019un march\u00e9 public.<\/p>\n<p data-start=\"2414\" data-end=\"2691\">Mme Messouda a par ailleurs r\u00e9v\u00e9l\u00e9 que pr\u00e8s de 70 % des d\u00e9chets produits sont constitu\u00e9s de mati\u00e8res plastiques, consid\u00e9rant l\u2019initiative \u00ab z\u00e9ro d\u00e9chet \u00bb comme une opportunit\u00e9 de transformer cette contrainte environnementale en ressource \u00e9conomique, notamment par le recyclage.<\/p>\n<p data-start=\"2693\" data-end=\"2923\">Dans cette dynamique, sept investisseurs auraient d\u00e9j\u00e0 manifest\u00e9 leur int\u00e9r\u00eat pour le secteur de la valorisation des d\u00e9chets, tandis que le recyclage des d\u00e9chets biom\u00e9dicaux est \u00e9galement envisag\u00e9 comme une piste de d\u00e9veloppement.<\/p>\n<p data-start=\"2925\" data-end=\"3247\">La ministre a enfin rappel\u00e9 l\u2019importance du Forum r\u00e9gional maritime et c\u00f4tier de l\u2019Afrique de l\u2019Ouest, r\u00e9cemment organis\u00e9 \u00e0 Nouakchott, qui a r\u00e9uni plus de 700 participants, parmi lesquels experts, chercheurs et partenaires internationaux, et permis de mobiliser des financements ainsi que des intentions d\u2019investissement.<\/p>\n<p data-start=\"3249\" data-end=\"3505\" data-is-last-node=\"\" data-is-only-node=\"\">\u00c0 travers ce projet de loi, la <span class=\"hover:entity-accent entity-underline inline cursor-pointer align-baseline\"><span class=\"whitespace-normal\">Mauritanie<\/span><\/span> affiche ainsi son ambition de mieux prot\u00e9ger son littoral, de moderniser sa gouvernance environnementale et de faire de ses espaces c\u00f4tiers un levier strat\u00e9gique de d\u00e9veloppement durable.<\/p>\n","protected":false},"excerpt":{"rendered":"<p>Le Conseil des ministres, r\u00e9uni mercredi 29 avril 2026, a adopt\u00e9 un important projet de loi relatif au littoral, marquant une nouvelle \u00e9tape dans la strat\u00e9gie nationale de pr\u00e9servation, d\u2019am\u00e9nagement et de valorisation durable du littoral mauritanien. Pr\u00e9sent\u00e9 comme un texte structurant, ce projet vise \u00e0 \u00e9tablir les principes fondamentaux d\u2019une gestion int\u00e9gr\u00e9e et durable&#8230;..<\/p>\n","protected":false},"author":13,"featured_media":36968,"comment_status":"open","ping_status":"open","sticky":false,"template":"","format":"standard","meta":{"footnotes":""},"categories":[23],"tags":[],"class_list":["post-36967","post","type-post","status-publish","format-standard","has-post-thumbnail","hentry","category-actualite"],"yoast_head":"<!-- This site is optimized with the Yoast SEO plugin v27.5 - https:\/\/yoast.com\/product\/yoast-seo-wordpress\/ -->\n<title>La Mauritanie se dote d\u2019un cadre juridique pour prot\u00e9ger son espace c\u00f4tier et acc\u00e9l\u00e9rer l\u2019\u00e9conomie bleue - Le Quotidien de Nouakchott<\/title>\n<meta name=\"robots\" content=\"index, follow, max-snippet:-1, max-image-preview:large, max-video-preview:-1\" \/>\n<link rel=\"canonical\" href=\"https:\/\/lequotidien.mr\/?p=36967&lang=fr\" \/>\n<meta property=\"og:locale\" content=\"ar_AR\" \/>\n<meta property=\"og:type\" content=\"article\" \/>\n<meta property=\"og:title\" content=\"La Mauritanie se dote d\u2019un cadre juridique pour prot\u00e9ger son espace c\u00f4tier et acc\u00e9l\u00e9rer l\u2019\u00e9conomie bleue - Le Quotidien de Nouakchott\" \/>\n<meta property=\"og:description\" content=\"Le Conseil des ministres, r\u00e9uni mercredi 29 avril 2026, a adopt\u00e9 un important projet de loi relatif au littoral, marquant une nouvelle \u00e9tape dans la strat\u00e9gie nationale de pr\u00e9servation, d\u2019am\u00e9nagement et de valorisation durable du littoral mauritanien. Pr\u00e9sent\u00e9 comme un texte structurant, ce projet vise \u00e0 \u00e9tablir les principes fondamentaux d\u2019une gestion int\u00e9gr\u00e9e et durable.....\" \/>\n<meta property=\"og:url\" content=\"https:\/\/lequotidien.mr\/?p=36967&amp;lang=fr\" \/>\n<meta property=\"og:site_name\" content=\"Le Quotidien de Nouakchott\" \/>\n<meta property=\"article:publisher\" content=\"https:\/\/web.facebook.com\/lequotidienmr\" \/>\n<meta property=\"article:published_time\" content=\"2026-04-30T16:00:27+00:00\" \/>\n<meta property=\"og:image\" content=\"https:\/\/lequotidien.mr\/wp-content\/uploads\/2026\/04\/baham_0.png\" \/>\n\t<meta property=\"og:image:width\" content=\"515\" \/>\n\t<meta property=\"og:image:height\" content=\"367\" \/>\n\t<meta property=\"og:image:type\" content=\"image\/png\" \/>\n<meta name=\"author\" content=\"Fatimetou Ethemane\" \/>\n<meta name=\"twitter:card\" content=\"summary_large_image\" \/>\n<meta name=\"twitter:creator\" content=\"@lequotidienmr\" \/>\n<meta name=\"twitter:site\" content=\"@lequotidienmr\" \/>\n<meta name=\"twitter:label1\" content=\"\u0643\u064f\u062a\u0628 \u0628\u0648\u0627\u0633\u0637\u0629\" \/>\n\t<meta name=\"twitter:data1\" content=\"Fatimetou Ethemane\" \/>\n\t<meta name=\"twitter:label2\" content=\"\u0648\u0642\u062a \u0627\u0644\u0642\u0631\u0627\u0621\u0629 \u0627\u0644\u0645\u064f\u0642\u062f\u0651\u0631\" \/>\n\t<meta name=\"twitter:data2\" content=\"4 \u062f\u0642\u0627\u0626\u0642\" \/>\n<script type=\"application\/ld+json\" class=\"yoast-schema-graph\">{\"@context\":\"https:\\\/\\\/schema.org\",\"@graph\":[{\"@type\":\"Article\",\"@id\":\"https:\\\/\\\/lequotidien.mr\\\/?p=36967&lang=fr#article\",\"isPartOf\":{\"@id\":\"https:\\\/\\\/lequotidien.mr\\\/?p=36967&lang=fr\"},\"author\":{\"name\":\"Fatimetou Ethemane\",\"@id\":\"https:\\\/\\\/lequotidien.mr\\\/#\\\/schema\\\/person\\\/0926dbaf41ffa88b64cf66855b9b2826\"},\"headline\":\"La Mauritanie se dote d\u2019un cadre juridique pour prot\u00e9ger son espace c\u00f4tier et acc\u00e9l\u00e9rer l\u2019\u00e9conomie bleue\",\"datePublished\":\"2026-04-30T16:00:27+00:00\",\"mainEntityOfPage\":{\"@id\":\"https:\\\/\\\/lequotidien.mr\\\/?p=36967&lang=fr\"},\"wordCount\":556,\"commentCount\":0,\"publisher\":{\"@id\":\"https:\\\/\\\/lequotidien.mr\\\/#organization\"},\"image\":{\"@id\":\"https:\\\/\\\/lequotidien.mr\\\/?p=36967&lang=fr#primaryimage\"},\"thumbnailUrl\":\"https:\\\/\\\/lequotidien.mr\\\/wp-content\\\/uploads\\\/2026\\\/04\\\/baham_0.png\",\"articleSection\":[\"ACTUALIT\u00c9\"],\"inLanguage\":\"ar\",\"potentialAction\":[{\"@type\":\"CommentAction\",\"name\":\"Comment\",\"target\":[\"https:\\\/\\\/lequotidien.mr\\\/?p=36967&lang=fr#respond\"]}]},{\"@type\":\"WebPage\",\"@id\":\"https:\\\/\\\/lequotidien.mr\\\/?p=36967&lang=fr\",\"url\":\"https:\\\/\\\/lequotidien.mr\\\/?p=36967&lang=fr\",\"name\":\"La Mauritanie se dote d\u2019un cadre juridique pour prot\u00e9ger son espace c\u00f4tier et acc\u00e9l\u00e9rer l\u2019\u00e9conomie bleue - Le Quotidien de Nouakchott\",\"isPartOf\":{\"@id\":\"https:\\\/\\\/lequotidien.mr\\\/#website\"},\"primaryImageOfPage\":{\"@id\":\"https:\\\/\\\/lequotidien.mr\\\/?p=36967&lang=fr#primaryimage\"},\"image\":{\"@id\":\"https:\\\/\\\/lequotidien.mr\\\/?p=36967&lang=fr#primaryimage\"},\"thumbnailUrl\":\"https:\\\/\\\/lequotidien.mr\\\/wp-content\\\/uploads\\\/2026\\\/04\\\/baham_0.png\",\"datePublished\":\"2026-04-30T16:00:27+00:00\",\"breadcrumb\":{\"@id\":\"https:\\\/\\\/lequotidien.mr\\\/?p=36967&lang=fr#breadcrumb\"},\"inLanguage\":\"ar\",\"potentialAction\":[{\"@type\":\"ReadAction\",\"target\":[\"https:\\\/\\\/lequotidien.mr\\\/?p=36967&lang=fr\"]}]},{\"@type\":\"ImageObject\",\"inLanguage\":\"ar\",\"@id\":\"https:\\\/\\\/lequotidien.mr\\\/?p=36967&lang=fr#primaryimage\",\"url\":\"https:\\\/\\\/lequotidien.mr\\\/wp-content\\\/uploads\\\/2026\\\/04\\\/baham_0.png\",\"contentUrl\":\"https:\\\/\\\/lequotidien.mr\\\/wp-content\\\/uploads\\\/2026\\\/04\\\/baham_0.png\",\"width\":515,\"height\":367},{\"@type\":\"BreadcrumbList\",\"@id\":\"https:\\\/\\\/lequotidien.mr\\\/?p=36967&lang=fr#breadcrumb\",\"itemListElement\":[{\"@type\":\"ListItem\",\"position\":1,\"name\":\"Home\",\"item\":\"https:\\\/\\\/lequotidien.mr\\\/\"},{\"@type\":\"ListItem\",\"position\":2,\"name\":\"La Mauritanie se dote d\u2019un cadre juridique pour prot\u00e9ger son espace c\u00f4tier et acc\u00e9l\u00e9rer l\u2019\u00e9conomie bleue\"}]},{\"@type\":\"WebSite\",\"@id\":\"https:\\\/\\\/lequotidien.mr\\\/#website\",\"url\":\"https:\\\/\\\/lequotidien.mr\\\/\",\"name\":\"Le Quotidien de Nouakchott\",\"description\":\"\u0625\u062e\u0628\u0627\u0631\u064a\u0629 \u0645\u0633\u062a\u0642\u0644\u0629 \u0644\u0644\u0623\u0646\u0628\u0627\u0621 \u0627\u0644\u0639\u0627\u0645\u0629\",\"publisher\":{\"@id\":\"https:\\\/\\\/lequotidien.mr\\\/#organization\"},\"potentialAction\":[{\"@type\":\"SearchAction\",\"target\":{\"@type\":\"EntryPoint\",\"urlTemplate\":\"https:\\\/\\\/lequotidien.mr\\\/?s={search_term_string}\"},\"query-input\":{\"@type\":\"PropertyValueSpecification\",\"valueRequired\":true,\"valueName\":\"search_term_string\"}}],\"inLanguage\":\"ar\"},{\"@type\":\"Organization\",\"@id\":\"https:\\\/\\\/lequotidien.mr\\\/#organization\",\"name\":\"Le Quotidien de Nouakchott\",\"url\":\"https:\\\/\\\/lequotidien.mr\\\/\",\"logo\":{\"@type\":\"ImageObject\",\"inLanguage\":\"ar\",\"@id\":\"https:\\\/\\\/lequotidien.mr\\\/#\\\/schema\\\/logo\\\/image\\\/\",\"url\":\"https:\\\/\\\/lequotidien.mr\\\/wp-content\\\/uploads\\\/2022\\\/11\\\/logolequotidien.jpg\",\"contentUrl\":\"https:\\\/\\\/lequotidien.mr\\\/wp-content\\\/uploads\\\/2022\\\/11\\\/logolequotidien.jpg\",\"width\":290,\"height\":65,\"caption\":\"Le Quotidien de Nouakchott\"},\"image\":{\"@id\":\"https:\\\/\\\/lequotidien.mr\\\/#\\\/schema\\\/logo\\\/image\\\/\"},\"sameAs\":[\"https:\\\/\\\/web.facebook.com\\\/lequotidienmr\",\"https:\\\/\\\/x.com\\\/lequotidienmr\"]},{\"@type\":\"Person\",\"@id\":\"https:\\\/\\\/lequotidien.mr\\\/#\\\/schema\\\/person\\\/0926dbaf41ffa88b64cf66855b9b2826\",\"name\":\"Fatimetou Ethemane\",\"image\":{\"@type\":\"ImageObject\",\"inLanguage\":\"ar\",\"@id\":\"https:\\\/\\\/secure.gravatar.com\\\/avatar\\\/38fea9097a5e574debe9801202088f6f4429fdac0912587175811aad50d9706e?s=96&d=mm&r=g\",\"url\":\"https:\\\/\\\/secure.gravatar.com\\\/avatar\\\/38fea9097a5e574debe9801202088f6f4429fdac0912587175811aad50d9706e?s=96&d=mm&r=g\",\"contentUrl\":\"https:\\\/\\\/secure.gravatar.com\\\/avatar\\\/38fea9097a5e574debe9801202088f6f4429fdac0912587175811aad50d9706e?s=96&d=mm&r=g\",\"caption\":\"Fatimetou Ethemane\"},\"sameAs\":[\"http:\\\/\\\/lequotidien.mr\"],\"url\":\"https:\\\/\\\/lequotidien.mr\\\/?author=13\"}]}<\/script>\n<!-- \/ Yoast SEO plugin. -->","yoast_head_json":{"title":"La Mauritanie se dote d\u2019un cadre juridique pour prot\u00e9ger son espace c\u00f4tier et acc\u00e9l\u00e9rer l\u2019\u00e9conomie bleue - Le Quotidien de Nouakchott","robots":{"index":"index","follow":"follow","max-snippet":"max-snippet:-1","max-image-preview":"max-image-preview:large","max-video-preview":"max-video-preview:-1"},"canonical":"https:\/\/lequotidien.mr\/?p=36967&lang=fr","og_locale":"ar_AR","og_type":"article","og_title":"La Mauritanie se dote d\u2019un cadre juridique pour prot\u00e9ger son espace c\u00f4tier et acc\u00e9l\u00e9rer l\u2019\u00e9conomie bleue - Le Quotidien de Nouakchott","og_description":"Le Conseil des ministres, r\u00e9uni mercredi 29 avril 2026, a adopt\u00e9 un important projet de loi relatif au littoral, marquant une nouvelle \u00e9tape dans la strat\u00e9gie nationale de pr\u00e9servation, d\u2019am\u00e9nagement et de valorisation durable du littoral mauritanien. Pr\u00e9sent\u00e9 comme un texte structurant, ce projet vise \u00e0 \u00e9tablir les principes fondamentaux d\u2019une gestion int\u00e9gr\u00e9e et durable.....","og_url":"https:\/\/lequotidien.mr\/?p=36967&lang=fr","og_site_name":"Le Quotidien de Nouakchott","article_publisher":"https:\/\/web.facebook.com\/lequotidienmr","article_published_time":"2026-04-30T16:00:27+00:00","og_image":[{"width":515,"height":367,"url":"https:\/\/lequotidien.mr\/wp-content\/uploads\/2026\/04\/baham_0.png","type":"image\/png"}],"author":"Fatimetou Ethemane","twitter_card":"summary_large_image","twitter_creator":"@lequotidienmr","twitter_site":"@lequotidienmr","twitter_misc":{"\u0643\u064f\u062a\u0628 \u0628\u0648\u0627\u0633\u0637\u0629":"Fatimetou Ethemane","\u0648\u0642\u062a \u0627\u0644\u0642\u0631\u0627\u0621\u0629 \u0627\u0644\u0645\u064f\u0642\u062f\u0651\u0631":"4 \u062f\u0642\u0627\u0626\u0642"},"schema":{"@context":"https:\/\/schema.org","@graph":[{"@type":"Article","@id":"https:\/\/lequotidien.mr\/?p=36967&lang=fr#article","isPartOf":{"@id":"https:\/\/lequotidien.mr\/?p=36967&lang=fr"},"author":{"name":"Fatimetou Ethemane","@id":"https:\/\/lequotidien.mr\/#\/schema\/person\/0926dbaf41ffa88b64cf66855b9b2826"},"headline":"La Mauritanie se dote d\u2019un cadre juridique pour prot\u00e9ger son espace c\u00f4tier et acc\u00e9l\u00e9rer l\u2019\u00e9conomie bleue","datePublished":"2026-04-30T16:00:27+00:00","mainEntityOfPage":{"@id":"https:\/\/lequotidien.mr\/?p=36967&lang=fr"},"wordCount":556,"commentCount":0,"publisher":{"@id":"https:\/\/lequotidien.mr\/#organization"},"image":{"@id":"https:\/\/lequotidien.mr\/?p=36967&lang=fr#primaryimage"},"thumbnailUrl":"https:\/\/lequotidien.mr\/wp-content\/uploads\/2026\/04\/baham_0.png","articleSection":["ACTUALIT\u00c9"],"inLanguage":"ar","potentialAction":[{"@type":"CommentAction","name":"Comment","target":["https:\/\/lequotidien.mr\/?p=36967&lang=fr#respond"]}]},{"@type":"WebPage","@id":"https:\/\/lequotidien.mr\/?p=36967&lang=fr","url":"https:\/\/lequotidien.mr\/?p=36967&lang=fr","name":"La Mauritanie se dote d\u2019un cadre juridique pour prot\u00e9ger son espace c\u00f4tier et acc\u00e9l\u00e9rer l\u2019\u00e9conomie bleue - Le Quotidien de Nouakchott","isPartOf":{"@id":"https:\/\/lequotidien.mr\/#website"},"primaryImageOfPage":{"@id":"https:\/\/lequotidien.mr\/?p=36967&lang=fr#primaryimage"},"image":{"@id":"https:\/\/lequotidien.mr\/?p=36967&lang=fr#primaryimage"},"thumbnailUrl":"https:\/\/lequotidien.mr\/wp-content\/uploads\/2026\/04\/baham_0.png","datePublished":"2026-04-30T16:00:27+00:00","breadcrumb":{"@id":"https:\/\/lequotidien.mr\/?p=36967&lang=fr#breadcrumb"},"inLanguage":"ar","potentialAction":[{"@type":"ReadAction","target":["https:\/\/lequotidien.mr\/?p=36967&lang=fr"]}]},{"@type":"ImageObject","inLanguage":"ar","@id":"https:\/\/lequotidien.mr\/?p=36967&lang=fr#primaryimage","url":"https:\/\/lequotidien.mr\/wp-content\/uploads\/2026\/04\/baham_0.png","contentUrl":"https:\/\/lequotidien.mr\/wp-content\/uploads\/2026\/04\/baham_0.png","width":515,"height":367},{"@type":"BreadcrumbList","@id":"https:\/\/lequotidien.mr\/?p=36967&lang=fr#breadcrumb","itemListElement":[{"@type":"ListItem","position":1,"name":"Home","item":"https:\/\/lequotidien.mr\/"},{"@type":"ListItem","position":2,"name":"La Mauritanie se dote d\u2019un cadre juridique pour prot\u00e9ger son espace c\u00f4tier et acc\u00e9l\u00e9rer l\u2019\u00e9conomie bleue"}]},{"@type":"WebSite","@id":"https:\/\/lequotidien.mr\/#website","url":"https:\/\/lequotidien.mr\/","name":"Le Quotidien de Nouakchott","description":"\u0625\u062e\u0628\u0627\u0631\u064a\u0629 \u0645\u0633\u062a\u0642\u0644\u0629 \u0644\u0644\u0623\u0646\u0628\u0627\u0621 \u0627\u0644\u0639\u0627\u0645\u0629","publisher":{"@id":"https:\/\/lequotidien.mr\/#organization"},"potentialAction":[{"@type":"SearchAction","target":{"@type":"EntryPoint","urlTemplate":"https:\/\/lequotidien.mr\/?s={search_term_string}"},"query-input":{"@type":"PropertyValueSpecification","valueRequired":true,"valueName":"search_term_string"}}],"inLanguage":"ar"},{"@type":"Organization","@id":"https:\/\/lequotidien.mr\/#organization","name":"Le Quotidien de Nouakchott","url":"https:\/\/lequotidien.mr\/","logo":{"@type":"ImageObject","inLanguage":"ar","@id":"https:\/\/lequotidien.mr\/#\/schema\/logo\/image\/","url":"https:\/\/lequotidien.mr\/wp-content\/uploads\/2022\/11\/logolequotidien.jpg","contentUrl":"https:\/\/lequotidien.mr\/wp-content\/uploads\/2022\/11\/logolequotidien.jpg","width":290,"height":65,"caption":"Le Quotidien de Nouakchott"},"image":{"@id":"https:\/\/lequotidien.mr\/#\/schema\/logo\/image\/"},"sameAs":["https:\/\/web.facebook.com\/lequotidienmr","https:\/\/x.com\/lequotidienmr"]},{"@type":"Person","@id":"https:\/\/lequotidien.mr\/#\/schema\/person\/0926dbaf41ffa88b64cf66855b9b2826","name":"Fatimetou Ethemane","image":{"@type":"ImageObject","inLanguage":"ar","@id":"https:\/\/secure.gravatar.com\/avatar\/38fea9097a5e574debe9801202088f6f4429fdac0912587175811aad50d9706e?s=96&d=mm&r=g","url":"https:\/\/secure.gravatar.com\/avatar\/38fea9097a5e574debe9801202088f6f4429fdac0912587175811aad50d9706e?s=96&d=mm&r=g","contentUrl":"https:\/\/secure.gravatar.com\/avatar\/38fea9097a5e574debe9801202088f6f4429fdac0912587175811aad50d9706e?s=96&d=mm&r=g","caption":"Fatimetou Ethemane"},"sameAs":["http:\/\/lequotidien.mr"],"url":"https:\/\/lequotidien.mr\/?author=13"}]}},"_links":{"self":[{"href":"https:\/\/lequotidien.mr\/index.php?rest_route=\/wp\/v2\/posts\/36967","targetHints":{"allow":["GET"]}}],"collection":[{"href":"https:\/\/lequotidien.mr\/index.php?rest_route=\/wp\/v2\/posts"}],"about":[{"href":"https:\/\/lequotidien.mr\/index.php?rest_route=\/wp\/v2\/types\/post"}],"author":[{"embeddable":true,"href":"https:\/\/lequotidien.mr\/index.php?rest_route=\/wp\/v2\/users\/13"}],"replies":[{"embeddable":true,"href":"https:\/\/lequotidien.mr\/index.php?rest_route=%2Fwp%2Fv2%2Fcomments&post=36967"}],"version-history":[{"count":1,"href":"https:\/\/lequotidien.mr\/index.php?rest_route=\/wp\/v2\/posts\/36967\/revisions"}],"predecessor-version":[{"id":36969,"href":"https:\/\/lequotidien.mr\/index.php?rest_route=\/wp\/v2\/posts\/36967\/revisions\/36969"}],"wp:featuredmedia":[{"embeddable":true,"href":"https:\/\/lequotidien.mr\/index.php?rest_route=\/wp\/v2\/media\/36968"}],"wp:attachment":[{"href":"https:\/\/lequotidien.mr\/index.php?rest_route=%2Fwp%2Fv2%2Fmedia&parent=36967"}],"wp:term":[{"taxonomy":"category","embeddable":true,"href":"https:\/\/lequotidien.mr\/index.php?rest_route=%2Fwp%2Fv2%2Fcategories&post=36967"},{"taxonomy":"post_tag","embeddable":true,"href":"https:\/\/lequotidien.mr\/index.php?rest_route=%2Fwp%2Fv2%2Ftags&post=36967"}],"curies":[{"name":"wp","href":"https:\/\/api.w.org\/{rel}","templated":true}]}}