{"id":36936,"date":"2026-04-29T11:53:00","date_gmt":"2026-04-29T11:53:00","guid":{"rendered":"https:\/\/lequotidien.mr\/?p=36936"},"modified":"2026-04-29T12:35:50","modified_gmt":"2026-04-29T12:35:50","slug":"36936","status":"publish","type":"post","link":"https:\/\/lequotidien.mr\/?p=36936&lang=fr","title":{"rendered":"Mines : Guelb Moghrein maintient son cap en Mauritanie malgr\u00e9 un contexte international tendu"},"content":{"rendered":"<p>Nouakchott \u2014 Dans un environnement mondial marqu\u00e9 par l\u2019instabilit\u00e9 \u00e9nerg\u00e9tique et la hausse des co\u00fbts, le projet minier de Guelb Moghrein, en Mauritanie, confirme sa r\u00e9silience et son r\u00f4le strat\u00e9gique dans la production nationale.<\/p>\n<p>Selon les r\u00e9sultats du premier trimestre 2026 publi\u00e9s par la soci\u00e9t\u00e9 First Quantum Minerals, le site mauritanien a enregistr\u00e9 une production de 2 910 tonnes de cuivre et 7 722 onces d\u2019or. Des performances modestes en volume, mais qui s\u2019inscrivent dans une phase de transition importante pour le projet.<\/p>\n<h3>Une transition progressive vers l\u2019or<\/h3>\n<p>Le principal fait marquant concerne l\u2019\u00e9volution du mod\u00e8le d\u2019exploitation. Initialement pr\u00e9vue plus t\u00f4t, la transition vers une production dominante d\u2019or a \u00e9t\u00e9 repouss\u00e9e \u00e0 2027. En attendant, le site continue de traiter \u00e0 la fois du minerai sulfur\u00e9 et des stocks oxyd\u00e9s, permettant de maintenir une production combin\u00e9e cuivre-or.<\/p>\n<p>Cette strat\u00e9gie vise \u00e0 optimiser les ressources disponibles tout en pr\u00e9parant le basculement vers une production de dor\u00e9, plus adapt\u00e9e aux conditions du march\u00e9 et aux caract\u00e9ristiques du gisement.<\/p>\n<h3>Une contribution maintenue \u00e0 la production nationale<\/h3>\n<p>Pour 2026, les pr\u00e9visions indiquent une production d\u2019environ 7 000 tonnes de cuivre, avec une production d\u2019or revue \u00e0 la baisse entre 30 000 et 40 000 onces, en raison de ce d\u00e9calage dans la transition.<\/p>\n<p>Ce maintien de la production, malgr\u00e9 les ajustements strat\u00e9giques, permet \u00e0 Guelb Moghrein de continuer \u00e0 jouer un r\u00f4le dans l\u2019\u00e9conomie mini\u00e8re du pays, tout en assurant une certaine stabilit\u00e9 op\u00e9rationnelle.<\/p>\n<h3>Un projet expos\u00e9 aux tensions internationales<\/h3>\n<p>Le rapport souligne \u00e9galement l\u2019impact indirect du contexte g\u00e9opolitique, notamment la hausse des prix du carburant li\u00e9e aux tensions au Moyen-Orient. Cette situation p\u00e8se sur les co\u00fbts d\u2019exploitation et pourrait affecter la rentabilit\u00e9 \u00e0 court terme.<\/p>\n<p>Toutefois, la poursuite des activit\u00e9s et l\u2019adaptation progressive du mod\u00e8le d\u2019exploitation t\u00e9moignent d\u2019une volont\u00e9 de pr\u00e9server la continuit\u00e9 du projet en Mauritanie, en attendant un repositionnement plus favorable \u00e0 moyen terme.<\/p>\n<h3>Une phase charni\u00e8re<\/h3>\n<p>Au final, Guelb Moghrein entre dans une phase de transition d\u00e9terminante. Sans afficher de performances spectaculaires, le projet s\u2019inscrit dans une logique d\u2019ajustement strat\u00e9gique, avec pour objectif de s\u00e9curiser son avenir dans un contexte international incertain.<\/p>\n<p>Pour la Mauritanie, l\u2019enjeu est clair : maintenir l\u2019attractivit\u00e9 de son secteur minier tout en accompagnant les mutations n\u00e9cessaires \u00e0 la p\u00e9rennit\u00e9 de ses principaux projets.<\/p>\n<p>&nbsp;<\/p>\n","protected":false},"excerpt":{"rendered":"<p>Nouakchott \u2014 Dans un environnement mondial marqu\u00e9 par l\u2019instabilit\u00e9 \u00e9nerg\u00e9tique et la hausse des co\u00fbts, le projet minier de Guelb Moghrein, en Mauritanie, confirme sa r\u00e9silience et son r\u00f4le strat\u00e9gique dans la production nationale. Selon les r\u00e9sultats du premier trimestre 2026 publi\u00e9s par la soci\u00e9t\u00e9 First Quantum Minerals, le site mauritanien a enregistr\u00e9 une production&#8230;..<\/p>\n","protected":false},"author":4,"featured_media":36937,"comment_status":"open","ping_status":"open","sticky":false,"template":"","format":"standard","meta":{"footnotes":""},"categories":[23,49],"tags":[],"class_list":["post-36936","post","type-post","status-publish","format-standard","has-post-thumbnail","hentry","category-actualite","category-economie"],"yoast_head":"<!-- This site is optimized with the Yoast SEO plugin v27.5 - https:\/\/yoast.com\/product\/yoast-seo-wordpress\/ -->\n<title>Mines : Guelb Moghrein maintient son cap en Mauritanie malgr\u00e9 un contexte international tendu - Le Quotidien de Nouakchott<\/title>\n<meta name=\"robots\" content=\"index, follow, max-snippet:-1, max-image-preview:large, max-video-preview:-1\" \/>\n<link rel=\"canonical\" href=\"https:\/\/lequotidien.mr\/?p=36936&lang=fr\" \/>\n<meta property=\"og:locale\" content=\"ar_AR\" \/>\n<meta property=\"og:type\" content=\"article\" \/>\n<meta property=\"og:title\" content=\"Mines : Guelb Moghrein maintient son cap en Mauritanie malgr\u00e9 un contexte international tendu - Le Quotidien de Nouakchott\" \/>\n<meta property=\"og:description\" content=\"Nouakchott \u2014 Dans un environnement mondial marqu\u00e9 par l\u2019instabilit\u00e9 \u00e9nerg\u00e9tique et la hausse des co\u00fbts, le projet minier de Guelb Moghrein, en Mauritanie, confirme sa r\u00e9silience et son r\u00f4le strat\u00e9gique dans la production nationale. Selon les r\u00e9sultats du premier trimestre 2026 publi\u00e9s par la soci\u00e9t\u00e9 First Quantum Minerals, le site mauritanien a enregistr\u00e9 une production.....\" \/>\n<meta property=\"og:url\" content=\"https:\/\/lequotidien.mr\/?p=36936&amp;lang=fr\" \/>\n<meta property=\"og:site_name\" content=\"Le Quotidien de Nouakchott\" \/>\n<meta property=\"article:publisher\" content=\"https:\/\/web.facebook.com\/lequotidienmr\" \/>\n<meta property=\"article:published_time\" content=\"2026-04-29T11:53:00+00:00\" \/>\n<meta property=\"article:modified_time\" content=\"2026-04-29T12:35:50+00:00\" \/>\n<meta property=\"og:image\" content=\"https:\/\/lequotidien.mr\/wp-content\/uploads\/2026\/04\/Rectangle-1110.jpg\" \/>\n\t<meta property=\"og:image:width\" content=\"1200\" \/>\n\t<meta property=\"og:image:height\" content=\"1560\" \/>\n\t<meta property=\"og:image:type\" content=\"image\/jpeg\" \/>\n<meta name=\"author\" content=\"Le Quotidien\" \/>\n<meta name=\"twitter:card\" content=\"summary_large_image\" \/>\n<meta name=\"twitter:creator\" content=\"@lequotidienmr\" \/>\n<meta name=\"twitter:site\" content=\"@lequotidienmr\" \/>\n<meta name=\"twitter:label1\" content=\"\u0643\u064f\u062a\u0628 \u0628\u0648\u0627\u0633\u0637\u0629\" \/>\n\t<meta name=\"twitter:data1\" content=\"Le Quotidien\" \/>\n\t<meta name=\"twitter:label2\" content=\"\u0648\u0642\u062a \u0627\u0644\u0642\u0631\u0627\u0621\u0629 \u0627\u0644\u0645\u064f\u0642\u062f\u0651\u0631\" \/>\n\t<meta name=\"twitter:data2\" content=\"3 \u062f\u0642\u0627\u0626\u0642\" \/>\n<script type=\"application\/ld+json\" class=\"yoast-schema-graph\">{\"@context\":\"https:\\\/\\\/schema.org\",\"@graph\":[{\"@type\":\"Article\",\"@id\":\"https:\\\/\\\/lequotidien.mr\\\/?p=36936&lang=fr#article\",\"isPartOf\":{\"@id\":\"https:\\\/\\\/lequotidien.mr\\\/?p=36936&lang=fr\"},\"author\":{\"name\":\"Le Quotidien\",\"@id\":\"https:\\\/\\\/lequotidien.mr\\\/#\\\/schema\\\/person\\\/f90fcdaa970c60288de4ed2e64a56472\"},\"headline\":\"Mines : Guelb Moghrein maintient son cap en Mauritanie malgr\u00e9 un contexte international tendu\",\"datePublished\":\"2026-04-29T11:53:00+00:00\",\"dateModified\":\"2026-04-29T12:35:50+00:00\",\"mainEntityOfPage\":{\"@id\":\"https:\\\/\\\/lequotidien.mr\\\/?p=36936&lang=fr\"},\"wordCount\":424,\"commentCount\":0,\"publisher\":{\"@id\":\"https:\\\/\\\/lequotidien.mr\\\/#organization\"},\"image\":{\"@id\":\"https:\\\/\\\/lequotidien.mr\\\/?p=36936&lang=fr#primaryimage\"},\"thumbnailUrl\":\"https:\\\/\\\/lequotidien.mr\\\/wp-content\\\/uploads\\\/2026\\\/04\\\/Rectangle-1110.jpg\",\"articleSection\":[\"ACTUALIT\u00c9\",\"Economie\"],\"inLanguage\":\"ar\",\"potentialAction\":[{\"@type\":\"CommentAction\",\"name\":\"Comment\",\"target\":[\"https:\\\/\\\/lequotidien.mr\\\/?p=36936&lang=fr#respond\"]}]},{\"@type\":\"WebPage\",\"@id\":\"https:\\\/\\\/lequotidien.mr\\\/?p=36936&lang=fr\",\"url\":\"https:\\\/\\\/lequotidien.mr\\\/?p=36936&lang=fr\",\"name\":\"Mines : Guelb Moghrein maintient son cap en Mauritanie malgr\u00e9 un contexte international tendu - Le Quotidien de Nouakchott\",\"isPartOf\":{\"@id\":\"https:\\\/\\\/lequotidien.mr\\\/#website\"},\"primaryImageOfPage\":{\"@id\":\"https:\\\/\\\/lequotidien.mr\\\/?p=36936&lang=fr#primaryimage\"},\"image\":{\"@id\":\"https:\\\/\\\/lequotidien.mr\\\/?p=36936&lang=fr#primaryimage\"},\"thumbnailUrl\":\"https:\\\/\\\/lequotidien.mr\\\/wp-content\\\/uploads\\\/2026\\\/04\\\/Rectangle-1110.jpg\",\"datePublished\":\"2026-04-29T11:53:00+00:00\",\"dateModified\":\"2026-04-29T12:35:50+00:00\",\"breadcrumb\":{\"@id\":\"https:\\\/\\\/lequotidien.mr\\\/?p=36936&lang=fr#breadcrumb\"},\"inLanguage\":\"ar\",\"potentialAction\":[{\"@type\":\"ReadAction\",\"target\":[\"https:\\\/\\\/lequotidien.mr\\\/?p=36936&lang=fr\"]}]},{\"@type\":\"ImageObject\",\"inLanguage\":\"ar\",\"@id\":\"https:\\\/\\\/lequotidien.mr\\\/?p=36936&lang=fr#primaryimage\",\"url\":\"https:\\\/\\\/lequotidien.mr\\\/wp-content\\\/uploads\\\/2026\\\/04\\\/Rectangle-1110.jpg\",\"contentUrl\":\"https:\\\/\\\/lequotidien.mr\\\/wp-content\\\/uploads\\\/2026\\\/04\\\/Rectangle-1110.jpg\",\"width\":1200,\"height\":1560},{\"@type\":\"BreadcrumbList\",\"@id\":\"https:\\\/\\\/lequotidien.mr\\\/?p=36936&lang=fr#breadcrumb\",\"itemListElement\":[{\"@type\":\"ListItem\",\"position\":1,\"name\":\"Home\",\"item\":\"https:\\\/\\\/lequotidien.mr\\\/\"},{\"@type\":\"ListItem\",\"position\":2,\"name\":\"Mines : Guelb Moghrein maintient son cap en Mauritanie malgr\u00e9 un contexte international tendu\"}]},{\"@type\":\"WebSite\",\"@id\":\"https:\\\/\\\/lequotidien.mr\\\/#website\",\"url\":\"https:\\\/\\\/lequotidien.mr\\\/\",\"name\":\"Le Quotidien de Nouakchott\",\"description\":\"\u0625\u062e\u0628\u0627\u0631\u064a\u0629 \u0645\u0633\u062a\u0642\u0644\u0629 \u0644\u0644\u0623\u0646\u0628\u0627\u0621 \u0627\u0644\u0639\u0627\u0645\u0629\",\"publisher\":{\"@id\":\"https:\\\/\\\/lequotidien.mr\\\/#organization\"},\"potentialAction\":[{\"@type\":\"SearchAction\",\"target\":{\"@type\":\"EntryPoint\",\"urlTemplate\":\"https:\\\/\\\/lequotidien.mr\\\/?s={search_term_string}\"},\"query-input\":{\"@type\":\"PropertyValueSpecification\",\"valueRequired\":true,\"valueName\":\"search_term_string\"}}],\"inLanguage\":\"ar\"},{\"@type\":\"Organization\",\"@id\":\"https:\\\/\\\/lequotidien.mr\\\/#organization\",\"name\":\"Le Quotidien de Nouakchott\",\"url\":\"https:\\\/\\\/lequotidien.mr\\\/\",\"logo\":{\"@type\":\"ImageObject\",\"inLanguage\":\"ar\",\"@id\":\"https:\\\/\\\/lequotidien.mr\\\/#\\\/schema\\\/logo\\\/image\\\/\",\"url\":\"https:\\\/\\\/lequotidien.mr\\\/wp-content\\\/uploads\\\/2022\\\/11\\\/logolequotidien.jpg\",\"contentUrl\":\"https:\\\/\\\/lequotidien.mr\\\/wp-content\\\/uploads\\\/2022\\\/11\\\/logolequotidien.jpg\",\"width\":290,\"height\":65,\"caption\":\"Le Quotidien de Nouakchott\"},\"image\":{\"@id\":\"https:\\\/\\\/lequotidien.mr\\\/#\\\/schema\\\/logo\\\/image\\\/\"},\"sameAs\":[\"https:\\\/\\\/web.facebook.com\\\/lequotidienmr\",\"https:\\\/\\\/x.com\\\/lequotidienmr\"]},{\"@type\":\"Person\",\"@id\":\"https:\\\/\\\/lequotidien.mr\\\/#\\\/schema\\\/person\\\/f90fcdaa970c60288de4ed2e64a56472\",\"name\":\"Le Quotidien\",\"image\":{\"@type\":\"ImageObject\",\"inLanguage\":\"ar\",\"@id\":\"https:\\\/\\\/secure.gravatar.com\\\/avatar\\\/374cb39a1a458a912465a93e5a3ce6546886fc3da809a1f10c63e4e8fcbca30f?s=96&d=mm&r=g\",\"url\":\"https:\\\/\\\/secure.gravatar.com\\\/avatar\\\/374cb39a1a458a912465a93e5a3ce6546886fc3da809a1f10c63e4e8fcbca30f?s=96&d=mm&r=g\",\"contentUrl\":\"https:\\\/\\\/secure.gravatar.com\\\/avatar\\\/374cb39a1a458a912465a93e5a3ce6546886fc3da809a1f10c63e4e8fcbca30f?s=96&d=mm&r=g\",\"caption\":\"Le Quotidien\"},\"sameAs\":[\"https:\\\/\\\/lequotidien.mr\\\/\"],\"url\":\"https:\\\/\\\/lequotidien.mr\\\/?author=4\"}]}<\/script>\n<!-- \/ Yoast SEO plugin. -->","yoast_head_json":{"title":"Mines : Guelb Moghrein maintient son cap en Mauritanie malgr\u00e9 un contexte international tendu - Le Quotidien de Nouakchott","robots":{"index":"index","follow":"follow","max-snippet":"max-snippet:-1","max-image-preview":"max-image-preview:large","max-video-preview":"max-video-preview:-1"},"canonical":"https:\/\/lequotidien.mr\/?p=36936&lang=fr","og_locale":"ar_AR","og_type":"article","og_title":"Mines : Guelb Moghrein maintient son cap en Mauritanie malgr\u00e9 un contexte international tendu - Le Quotidien de Nouakchott","og_description":"Nouakchott \u2014 Dans un environnement mondial marqu\u00e9 par l\u2019instabilit\u00e9 \u00e9nerg\u00e9tique et la hausse des co\u00fbts, le projet minier de Guelb Moghrein, en Mauritanie, confirme sa r\u00e9silience et son r\u00f4le strat\u00e9gique dans la production nationale. Selon les r\u00e9sultats du premier trimestre 2026 publi\u00e9s par la soci\u00e9t\u00e9 First Quantum Minerals, le site mauritanien a enregistr\u00e9 une production.....","og_url":"https:\/\/lequotidien.mr\/?p=36936&lang=fr","og_site_name":"Le Quotidien de Nouakchott","article_publisher":"https:\/\/web.facebook.com\/lequotidienmr","article_published_time":"2026-04-29T11:53:00+00:00","article_modified_time":"2026-04-29T12:35:50+00:00","og_image":[{"width":1200,"height":1560,"url":"https:\/\/lequotidien.mr\/wp-content\/uploads\/2026\/04\/Rectangle-1110.jpg","type":"image\/jpeg"}],"author":"Le Quotidien","twitter_card":"summary_large_image","twitter_creator":"@lequotidienmr","twitter_site":"@lequotidienmr","twitter_misc":{"\u0643\u064f\u062a\u0628 \u0628\u0648\u0627\u0633\u0637\u0629":"Le Quotidien","\u0648\u0642\u062a \u0627\u0644\u0642\u0631\u0627\u0621\u0629 \u0627\u0644\u0645\u064f\u0642\u062f\u0651\u0631":"3 \u062f\u0642\u0627\u0626\u0642"},"schema":{"@context":"https:\/\/schema.org","@graph":[{"@type":"Article","@id":"https:\/\/lequotidien.mr\/?p=36936&lang=fr#article","isPartOf":{"@id":"https:\/\/lequotidien.mr\/?p=36936&lang=fr"},"author":{"name":"Le Quotidien","@id":"https:\/\/lequotidien.mr\/#\/schema\/person\/f90fcdaa970c60288de4ed2e64a56472"},"headline":"Mines : Guelb Moghrein maintient son cap en Mauritanie malgr\u00e9 un contexte international tendu","datePublished":"2026-04-29T11:53:00+00:00","dateModified":"2026-04-29T12:35:50+00:00","mainEntityOfPage":{"@id":"https:\/\/lequotidien.mr\/?p=36936&lang=fr"},"wordCount":424,"commentCount":0,"publisher":{"@id":"https:\/\/lequotidien.mr\/#organization"},"image":{"@id":"https:\/\/lequotidien.mr\/?p=36936&lang=fr#primaryimage"},"thumbnailUrl":"https:\/\/lequotidien.mr\/wp-content\/uploads\/2026\/04\/Rectangle-1110.jpg","articleSection":["ACTUALIT\u00c9","Economie"],"inLanguage":"ar","potentialAction":[{"@type":"CommentAction","name":"Comment","target":["https:\/\/lequotidien.mr\/?p=36936&lang=fr#respond"]}]},{"@type":"WebPage","@id":"https:\/\/lequotidien.mr\/?p=36936&lang=fr","url":"https:\/\/lequotidien.mr\/?p=36936&lang=fr","name":"Mines : Guelb Moghrein maintient son cap en Mauritanie malgr\u00e9 un contexte international tendu - Le Quotidien de Nouakchott","isPartOf":{"@id":"https:\/\/lequotidien.mr\/#website"},"primaryImageOfPage":{"@id":"https:\/\/lequotidien.mr\/?p=36936&lang=fr#primaryimage"},"image":{"@id":"https:\/\/lequotidien.mr\/?p=36936&lang=fr#primaryimage"},"thumbnailUrl":"https:\/\/lequotidien.mr\/wp-content\/uploads\/2026\/04\/Rectangle-1110.jpg","datePublished":"2026-04-29T11:53:00+00:00","dateModified":"2026-04-29T12:35:50+00:00","breadcrumb":{"@id":"https:\/\/lequotidien.mr\/?p=36936&lang=fr#breadcrumb"},"inLanguage":"ar","potentialAction":[{"@type":"ReadAction","target":["https:\/\/lequotidien.mr\/?p=36936&lang=fr"]}]},{"@type":"ImageObject","inLanguage":"ar","@id":"https:\/\/lequotidien.mr\/?p=36936&lang=fr#primaryimage","url":"https:\/\/lequotidien.mr\/wp-content\/uploads\/2026\/04\/Rectangle-1110.jpg","contentUrl":"https:\/\/lequotidien.mr\/wp-content\/uploads\/2026\/04\/Rectangle-1110.jpg","width":1200,"height":1560},{"@type":"BreadcrumbList","@id":"https:\/\/lequotidien.mr\/?p=36936&lang=fr#breadcrumb","itemListElement":[{"@type":"ListItem","position":1,"name":"Home","item":"https:\/\/lequotidien.mr\/"},{"@type":"ListItem","position":2,"name":"Mines : Guelb Moghrein maintient son cap en Mauritanie malgr\u00e9 un contexte international tendu"}]},{"@type":"WebSite","@id":"https:\/\/lequotidien.mr\/#website","url":"https:\/\/lequotidien.mr\/","name":"Le Quotidien de Nouakchott","description":"\u0625\u062e\u0628\u0627\u0631\u064a\u0629 \u0645\u0633\u062a\u0642\u0644\u0629 \u0644\u0644\u0623\u0646\u0628\u0627\u0621 \u0627\u0644\u0639\u0627\u0645\u0629","publisher":{"@id":"https:\/\/lequotidien.mr\/#organization"},"potentialAction":[{"@type":"SearchAction","target":{"@type":"EntryPoint","urlTemplate":"https:\/\/lequotidien.mr\/?s={search_term_string}"},"query-input":{"@type":"PropertyValueSpecification","valueRequired":true,"valueName":"search_term_string"}}],"inLanguage":"ar"},{"@type":"Organization","@id":"https:\/\/lequotidien.mr\/#organization","name":"Le Quotidien de Nouakchott","url":"https:\/\/lequotidien.mr\/","logo":{"@type":"ImageObject","inLanguage":"ar","@id":"https:\/\/lequotidien.mr\/#\/schema\/logo\/image\/","url":"https:\/\/lequotidien.mr\/wp-content\/uploads\/2022\/11\/logolequotidien.jpg","contentUrl":"https:\/\/lequotidien.mr\/wp-content\/uploads\/2022\/11\/logolequotidien.jpg","width":290,"height":65,"caption":"Le Quotidien de Nouakchott"},"image":{"@id":"https:\/\/lequotidien.mr\/#\/schema\/logo\/image\/"},"sameAs":["https:\/\/web.facebook.com\/lequotidienmr","https:\/\/x.com\/lequotidienmr"]},{"@type":"Person","@id":"https:\/\/lequotidien.mr\/#\/schema\/person\/f90fcdaa970c60288de4ed2e64a56472","name":"Le Quotidien","image":{"@type":"ImageObject","inLanguage":"ar","@id":"https:\/\/secure.gravatar.com\/avatar\/374cb39a1a458a912465a93e5a3ce6546886fc3da809a1f10c63e4e8fcbca30f?s=96&d=mm&r=g","url":"https:\/\/secure.gravatar.com\/avatar\/374cb39a1a458a912465a93e5a3ce6546886fc3da809a1f10c63e4e8fcbca30f?s=96&d=mm&r=g","contentUrl":"https:\/\/secure.gravatar.com\/avatar\/374cb39a1a458a912465a93e5a3ce6546886fc3da809a1f10c63e4e8fcbca30f?s=96&d=mm&r=g","caption":"Le Quotidien"},"sameAs":["https:\/\/lequotidien.mr\/"],"url":"https:\/\/lequotidien.mr\/?author=4"}]}},"_links":{"self":[{"href":"https:\/\/lequotidien.mr\/index.php?rest_route=\/wp\/v2\/posts\/36936","targetHints":{"allow":["GET"]}}],"collection":[{"href":"https:\/\/lequotidien.mr\/index.php?rest_route=\/wp\/v2\/posts"}],"about":[{"href":"https:\/\/lequotidien.mr\/index.php?rest_route=\/wp\/v2\/types\/post"}],"author":[{"embeddable":true,"href":"https:\/\/lequotidien.mr\/index.php?rest_route=\/wp\/v2\/users\/4"}],"replies":[{"embeddable":true,"href":"https:\/\/lequotidien.mr\/index.php?rest_route=%2Fwp%2Fv2%2Fcomments&post=36936"}],"version-history":[{"count":2,"href":"https:\/\/lequotidien.mr\/index.php?rest_route=\/wp\/v2\/posts\/36936\/revisions"}],"predecessor-version":[{"id":36942,"href":"https:\/\/lequotidien.mr\/index.php?rest_route=\/wp\/v2\/posts\/36936\/revisions\/36942"}],"wp:featuredmedia":[{"embeddable":true,"href":"https:\/\/lequotidien.mr\/index.php?rest_route=\/wp\/v2\/media\/36937"}],"wp:attachment":[{"href":"https:\/\/lequotidien.mr\/index.php?rest_route=%2Fwp%2Fv2%2Fmedia&parent=36936"}],"wp:term":[{"taxonomy":"category","embeddable":true,"href":"https:\/\/lequotidien.mr\/index.php?rest_route=%2Fwp%2Fv2%2Fcategories&post=36936"},{"taxonomy":"post_tag","embeddable":true,"href":"https:\/\/lequotidien.mr\/index.php?rest_route=%2Fwp%2Fv2%2Ftags&post=36936"}],"curies":[{"name":"wp","href":"https:\/\/api.w.org\/{rel}","templated":true}]}}