{"id":36931,"date":"2026-04-29T11:48:37","date_gmt":"2026-04-29T11:48:37","guid":{"rendered":"https:\/\/lequotidien.mr\/?p=36931"},"modified":"2026-04-29T11:48:37","modified_gmt":"2026-04-29T11:48:37","slug":"algerie-mauritanie-vers-un-accord-preferentiel-pour-dynamiser-les-echanges","status":"publish","type":"post","link":"https:\/\/lequotidien.mr\/?p=36931&lang=fr","title":{"rendered":"Alg\u00e9rie\u2013Mauritanie : vers un accord pr\u00e9f\u00e9rentiel pour dynamiser les \u00e9changes"},"content":{"rendered":"<p style=\"text-align: justify;\">Les relations \u00e9conomiques entre l\u2019Alg\u00e9rie et la Mauritanie franchissent un nouveau cap. Les deux pays m\u00e8nent actuellement des consultations avanc\u00e9es en vue de conclure un accord commercial pr\u00e9f\u00e9rentiel portant sur une liste de produits exon\u00e9r\u00e9s de droits de douane, a indiqu\u00e9 l\u2019ambassadeur de Mauritanie \u00e0 Alger, Sidi Mohamed Abdellah, cit\u00e9 par l\u2019agence APS.<\/p>\n<p style=\"text-align: justify;\">Selon le diplomate, cet accord en pr\u00e9paration devrait contribuer \u00e0 la lib\u00e9ralisation des \u00e9changes commerciaux entre les deux pays, tout en favorisant le d\u00e9veloppement \u00e9conomique des zones frontali\u00e8res.<\/p>\n<h3 style=\"text-align: justify;\">Des \u00e9changes en forte progression<\/h3>\n<p style=\"text-align: justify;\">Les \u00e9changes commerciaux entre Alger et Nouakchott ont connu une croissance rapide ces derni\u00e8res ann\u00e9es, atteignant pr\u00e8s de 500 millions de dollars. Une dynamique appel\u00e9e \u00e0 s\u2019acc\u00e9l\u00e9rer avec la finalisation du projet de route terrestre reliant Tindouf, dans le sud-ouest alg\u00e9rien, \u00e0 Zou\u00e9rate, dans le nord mauritanien.<\/p>\n<p style=\"text-align: justify;\">Cette infrastructure strat\u00e9gique devrait am\u00e9liorer la fluidit\u00e9 des \u00e9changes et r\u00e9duire les co\u00fbts logistiques, ouvrant ainsi de nouvelles perspectives aux op\u00e9rateurs \u00e9conomiques des deux pays.<\/p>\n<h3 style=\"text-align: justify;\">Un march\u00e9 mauritanien attractif<\/h3>\n<p style=\"text-align: justify;\">L\u2019ambassadeur mauritanien a \u00e9galement soulign\u00e9 que les produits alg\u00e9riens b\u00e9n\u00e9ficient d\u2019une large acceptation sur le march\u00e9 mauritanien, servant souvent de point de transit vers d\u2019autres pays d\u2019Afrique de l\u2019Ouest.<\/p>\n<p style=\"text-align: justify;\">Ce r\u00f4le de plateforme r\u00e9gionale conf\u00e8re \u00e0 la Mauritanie une position particuli\u00e8re dans les \u00e9changes commerciaux transsahariens, renfor\u00e7ant son int\u00e9r\u00eat dans la mise en place d\u2019un cadre pr\u00e9f\u00e9rentiel structur\u00e9.<\/p>\n<h3 style=\"text-align: justify;\">Un partenariat renforc\u00e9 depuis l\u2019ouverture des fronti\u00e8res<\/h3>\n<p style=\"text-align: justify;\">Sidi Mohamed Abdellah a rappel\u00e9 que l\u2019ouverture des postes frontaliers entre les deux pays, d\u00e9cid\u00e9e par leurs dirigeants il y a environ un an et demi, a insuffl\u00e9 un nouvel \u00e9lan \u00e0 la coop\u00e9ration bilat\u00e9rale.<\/p>\n<p style=\"text-align: justify;\">Cette d\u00e9cision a permis d\u2019intensifier les flux commerciaux et de r\u00e9pondre \u00e0 une demande croissante des op\u00e9rateurs \u00e9conomiques des deux c\u00f4t\u00e9s de la fronti\u00e8re.<\/p>\n<h3 style=\"text-align: justify;\">Des projets structurants \u00e0 l\u2019\u00e9tude<\/h3>\n<p style=\"text-align: justify;\">En marge du Salon des services et produits alg\u00e9riens de Tindouf d\u00e9di\u00e9s \u00e0 l\u2019exportation, les discussions ont \u00e9galement port\u00e9 sur des projets structurants, notamment la mise en place de m\u00e9canismes techniques pour identifier les points de croisement entre r\u00e9seaux d\u2019\u00e9lectricit\u00e9 et de gaz.<\/p>\n<p style=\"text-align: justify;\">Les deux parties ont \u00e9galement \u00e9voqu\u00e9 le projet de ligne ferroviaire reliant Laghouat \u00e0 Tamanrasset via plusieurs villes du sud alg\u00e9rien, avec pour objectif d\u2019anticiper les travaux n\u00e9cessaires et de respecter les d\u00e9lais de r\u00e9alisation.<\/p>\n<p style=\"text-align: justify;\">\u00c0 travers ces initiatives, Alger et Nouakchott confirment leur volont\u00e9 de b\u00e2tir un partenariat \u00e9conomique int\u00e9gr\u00e9, fond\u00e9 sur la compl\u00e9mentarit\u00e9 des march\u00e9s et le d\u00e9veloppement des corridors transsahariens.<\/p>\n","protected":false},"excerpt":{"rendered":"<p>Les relations \u00e9conomiques entre l\u2019Alg\u00e9rie et la Mauritanie franchissent un nouveau cap. Les deux pays m\u00e8nent actuellement des consultations avanc\u00e9es en vue de conclure un accord commercial pr\u00e9f\u00e9rentiel portant sur une liste de produits exon\u00e9r\u00e9s de droits de douane, a indiqu\u00e9 l\u2019ambassadeur de Mauritanie \u00e0 Alger, Sidi Mohamed Abdellah, cit\u00e9 par l\u2019agence APS. Selon le&#8230;..<\/p>\n","protected":false},"author":4,"featured_media":36934,"comment_status":"open","ping_status":"open","sticky":false,"template":"","format":"standard","meta":{"footnotes":""},"categories":[23,49,57],"tags":[],"class_list":["post-36931","post","type-post","status-publish","format-standard","has-post-thumbnail","hentry","category-actualite","category-economie","category-couverture-specilale"],"yoast_head":"<!-- This site is optimized with the Yoast SEO plugin v27.5 - https:\/\/yoast.com\/product\/yoast-seo-wordpress\/ -->\n<title>Alg\u00e9rie\u2013Mauritanie : vers un accord pr\u00e9f\u00e9rentiel pour dynamiser les \u00e9changes - Le Quotidien de Nouakchott<\/title>\n<meta name=\"robots\" content=\"index, follow, max-snippet:-1, max-image-preview:large, max-video-preview:-1\" \/>\n<link rel=\"canonical\" href=\"https:\/\/lequotidien.mr\/?p=36931&lang=fr\" \/>\n<meta property=\"og:locale\" content=\"ar_AR\" \/>\n<meta property=\"og:type\" content=\"article\" \/>\n<meta property=\"og:title\" content=\"Alg\u00e9rie\u2013Mauritanie : vers un accord pr\u00e9f\u00e9rentiel pour dynamiser les \u00e9changes - Le Quotidien de Nouakchott\" \/>\n<meta property=\"og:description\" content=\"Les relations \u00e9conomiques entre l\u2019Alg\u00e9rie et la Mauritanie franchissent un nouveau cap. Les deux pays m\u00e8nent actuellement des consultations avanc\u00e9es en vue de conclure un accord commercial pr\u00e9f\u00e9rentiel portant sur une liste de produits exon\u00e9r\u00e9s de droits de douane, a indiqu\u00e9 l\u2019ambassadeur de Mauritanie \u00e0 Alger, Sidi Mohamed Abdellah, cit\u00e9 par l\u2019agence APS. Selon le.....\" \/>\n<meta property=\"og:url\" content=\"https:\/\/lequotidien.mr\/?p=36931&amp;lang=fr\" \/>\n<meta property=\"og:site_name\" content=\"Le Quotidien de Nouakchott\" \/>\n<meta property=\"article:publisher\" content=\"https:\/\/web.facebook.com\/lequotidienmr\" \/>\n<meta property=\"article:published_time\" content=\"2026-04-29T11:48:37+00:00\" \/>\n<meta property=\"og:image\" content=\"https:\/\/lequotidien.mr\/wp-content\/uploads\/2026\/04\/pm.webp\" \/>\n\t<meta property=\"og:image:width\" content=\"800\" \/>\n\t<meta property=\"og:image:height\" content=\"460\" \/>\n\t<meta property=\"og:image:type\" content=\"image\/webp\" \/>\n<meta name=\"author\" content=\"Le Quotidien\" \/>\n<meta name=\"twitter:card\" content=\"summary_large_image\" \/>\n<meta name=\"twitter:creator\" content=\"@lequotidienmr\" \/>\n<meta name=\"twitter:site\" content=\"@lequotidienmr\" \/>\n<meta name=\"twitter:label1\" content=\"\u0643\u064f\u062a\u0628 \u0628\u0648\u0627\u0633\u0637\u0629\" \/>\n\t<meta name=\"twitter:data1\" content=\"Le Quotidien\" \/>\n\t<meta name=\"twitter:label2\" content=\"\u0648\u0642\u062a \u0627\u0644\u0642\u0631\u0627\u0621\u0629 \u0627\u0644\u0645\u064f\u0642\u062f\u0651\u0631\" \/>\n\t<meta name=\"twitter:data2\" content=\"4 \u062f\u0642\u0627\u0626\u0642\" \/>\n<script type=\"application\/ld+json\" class=\"yoast-schema-graph\">{\"@context\":\"https:\\\/\\\/schema.org\",\"@graph\":[{\"@type\":\"Article\",\"@id\":\"https:\\\/\\\/lequotidien.mr\\\/?p=36931&lang=fr#article\",\"isPartOf\":{\"@id\":\"https:\\\/\\\/lequotidien.mr\\\/?p=36931&lang=fr\"},\"author\":{\"name\":\"Le Quotidien\",\"@id\":\"https:\\\/\\\/lequotidien.mr\\\/#\\\/schema\\\/person\\\/f90fcdaa970c60288de4ed2e64a56472\"},\"headline\":\"Alg\u00e9rie\u2013Mauritanie : vers un accord pr\u00e9f\u00e9rentiel pour dynamiser les \u00e9changes\",\"datePublished\":\"2026-04-29T11:48:37+00:00\",\"mainEntityOfPage\":{\"@id\":\"https:\\\/\\\/lequotidien.mr\\\/?p=36931&lang=fr\"},\"wordCount\":476,\"commentCount\":0,\"publisher\":{\"@id\":\"https:\\\/\\\/lequotidien.mr\\\/#organization\"},\"image\":{\"@id\":\"https:\\\/\\\/lequotidien.mr\\\/?p=36931&lang=fr#primaryimage\"},\"thumbnailUrl\":\"https:\\\/\\\/lequotidien.mr\\\/wp-content\\\/uploads\\\/2026\\\/04\\\/pm.webp\",\"articleSection\":[\"ACTUALIT\u00c9\",\"Economie\",\"Couverture sp\u00e9cilale\"],\"inLanguage\":\"ar\",\"potentialAction\":[{\"@type\":\"CommentAction\",\"name\":\"Comment\",\"target\":[\"https:\\\/\\\/lequotidien.mr\\\/?p=36931&lang=fr#respond\"]}]},{\"@type\":\"WebPage\",\"@id\":\"https:\\\/\\\/lequotidien.mr\\\/?p=36931&lang=fr\",\"url\":\"https:\\\/\\\/lequotidien.mr\\\/?p=36931&lang=fr\",\"name\":\"Alg\u00e9rie\u2013Mauritanie : vers un accord pr\u00e9f\u00e9rentiel pour dynamiser les \u00e9changes - Le Quotidien de Nouakchott\",\"isPartOf\":{\"@id\":\"https:\\\/\\\/lequotidien.mr\\\/#website\"},\"primaryImageOfPage\":{\"@id\":\"https:\\\/\\\/lequotidien.mr\\\/?p=36931&lang=fr#primaryimage\"},\"image\":{\"@id\":\"https:\\\/\\\/lequotidien.mr\\\/?p=36931&lang=fr#primaryimage\"},\"thumbnailUrl\":\"https:\\\/\\\/lequotidien.mr\\\/wp-content\\\/uploads\\\/2026\\\/04\\\/pm.webp\",\"datePublished\":\"2026-04-29T11:48:37+00:00\",\"breadcrumb\":{\"@id\":\"https:\\\/\\\/lequotidien.mr\\\/?p=36931&lang=fr#breadcrumb\"},\"inLanguage\":\"ar\",\"potentialAction\":[{\"@type\":\"ReadAction\",\"target\":[\"https:\\\/\\\/lequotidien.mr\\\/?p=36931&lang=fr\"]}]},{\"@type\":\"ImageObject\",\"inLanguage\":\"ar\",\"@id\":\"https:\\\/\\\/lequotidien.mr\\\/?p=36931&lang=fr#primaryimage\",\"url\":\"https:\\\/\\\/lequotidien.mr\\\/wp-content\\\/uploads\\\/2026\\\/04\\\/pm.webp\",\"contentUrl\":\"https:\\\/\\\/lequotidien.mr\\\/wp-content\\\/uploads\\\/2026\\\/04\\\/pm.webp\",\"width\":800,\"height\":460},{\"@type\":\"BreadcrumbList\",\"@id\":\"https:\\\/\\\/lequotidien.mr\\\/?p=36931&lang=fr#breadcrumb\",\"itemListElement\":[{\"@type\":\"ListItem\",\"position\":1,\"name\":\"Home\",\"item\":\"https:\\\/\\\/lequotidien.mr\\\/\"},{\"@type\":\"ListItem\",\"position\":2,\"name\":\"Alg\u00e9rie\u2013Mauritanie : vers un accord pr\u00e9f\u00e9rentiel pour dynamiser les \u00e9changes\"}]},{\"@type\":\"WebSite\",\"@id\":\"https:\\\/\\\/lequotidien.mr\\\/#website\",\"url\":\"https:\\\/\\\/lequotidien.mr\\\/\",\"name\":\"Le Quotidien de Nouakchott\",\"description\":\"\u0625\u062e\u0628\u0627\u0631\u064a\u0629 \u0645\u0633\u062a\u0642\u0644\u0629 \u0644\u0644\u0623\u0646\u0628\u0627\u0621 \u0627\u0644\u0639\u0627\u0645\u0629\",\"publisher\":{\"@id\":\"https:\\\/\\\/lequotidien.mr\\\/#organization\"},\"potentialAction\":[{\"@type\":\"SearchAction\",\"target\":{\"@type\":\"EntryPoint\",\"urlTemplate\":\"https:\\\/\\\/lequotidien.mr\\\/?s={search_term_string}\"},\"query-input\":{\"@type\":\"PropertyValueSpecification\",\"valueRequired\":true,\"valueName\":\"search_term_string\"}}],\"inLanguage\":\"ar\"},{\"@type\":\"Organization\",\"@id\":\"https:\\\/\\\/lequotidien.mr\\\/#organization\",\"name\":\"Le Quotidien de Nouakchott\",\"url\":\"https:\\\/\\\/lequotidien.mr\\\/\",\"logo\":{\"@type\":\"ImageObject\",\"inLanguage\":\"ar\",\"@id\":\"https:\\\/\\\/lequotidien.mr\\\/#\\\/schema\\\/logo\\\/image\\\/\",\"url\":\"https:\\\/\\\/lequotidien.mr\\\/wp-content\\\/uploads\\\/2022\\\/11\\\/logolequotidien.jpg\",\"contentUrl\":\"https:\\\/\\\/lequotidien.mr\\\/wp-content\\\/uploads\\\/2022\\\/11\\\/logolequotidien.jpg\",\"width\":290,\"height\":65,\"caption\":\"Le Quotidien de Nouakchott\"},\"image\":{\"@id\":\"https:\\\/\\\/lequotidien.mr\\\/#\\\/schema\\\/logo\\\/image\\\/\"},\"sameAs\":[\"https:\\\/\\\/web.facebook.com\\\/lequotidienmr\",\"https:\\\/\\\/x.com\\\/lequotidienmr\"]},{\"@type\":\"Person\",\"@id\":\"https:\\\/\\\/lequotidien.mr\\\/#\\\/schema\\\/person\\\/f90fcdaa970c60288de4ed2e64a56472\",\"name\":\"Le Quotidien\",\"image\":{\"@type\":\"ImageObject\",\"inLanguage\":\"ar\",\"@id\":\"https:\\\/\\\/secure.gravatar.com\\\/avatar\\\/374cb39a1a458a912465a93e5a3ce6546886fc3da809a1f10c63e4e8fcbca30f?s=96&d=mm&r=g\",\"url\":\"https:\\\/\\\/secure.gravatar.com\\\/avatar\\\/374cb39a1a458a912465a93e5a3ce6546886fc3da809a1f10c63e4e8fcbca30f?s=96&d=mm&r=g\",\"contentUrl\":\"https:\\\/\\\/secure.gravatar.com\\\/avatar\\\/374cb39a1a458a912465a93e5a3ce6546886fc3da809a1f10c63e4e8fcbca30f?s=96&d=mm&r=g\",\"caption\":\"Le Quotidien\"},\"sameAs\":[\"https:\\\/\\\/lequotidien.mr\\\/\"],\"url\":\"https:\\\/\\\/lequotidien.mr\\\/?author=4\"}]}<\/script>\n<!-- \/ Yoast SEO plugin. -->","yoast_head_json":{"title":"Alg\u00e9rie\u2013Mauritanie : vers un accord pr\u00e9f\u00e9rentiel pour dynamiser les \u00e9changes - Le Quotidien de Nouakchott","robots":{"index":"index","follow":"follow","max-snippet":"max-snippet:-1","max-image-preview":"max-image-preview:large","max-video-preview":"max-video-preview:-1"},"canonical":"https:\/\/lequotidien.mr\/?p=36931&lang=fr","og_locale":"ar_AR","og_type":"article","og_title":"Alg\u00e9rie\u2013Mauritanie : vers un accord pr\u00e9f\u00e9rentiel pour dynamiser les \u00e9changes - Le Quotidien de Nouakchott","og_description":"Les relations \u00e9conomiques entre l\u2019Alg\u00e9rie et la Mauritanie franchissent un nouveau cap. Les deux pays m\u00e8nent actuellement des consultations avanc\u00e9es en vue de conclure un accord commercial pr\u00e9f\u00e9rentiel portant sur une liste de produits exon\u00e9r\u00e9s de droits de douane, a indiqu\u00e9 l\u2019ambassadeur de Mauritanie \u00e0 Alger, Sidi Mohamed Abdellah, cit\u00e9 par l\u2019agence APS. Selon le.....","og_url":"https:\/\/lequotidien.mr\/?p=36931&lang=fr","og_site_name":"Le Quotidien de Nouakchott","article_publisher":"https:\/\/web.facebook.com\/lequotidienmr","article_published_time":"2026-04-29T11:48:37+00:00","og_image":[{"width":800,"height":460,"url":"https:\/\/lequotidien.mr\/wp-content\/uploads\/2026\/04\/pm.webp","type":"image\/webp"}],"author":"Le Quotidien","twitter_card":"summary_large_image","twitter_creator":"@lequotidienmr","twitter_site":"@lequotidienmr","twitter_misc":{"\u0643\u064f\u062a\u0628 \u0628\u0648\u0627\u0633\u0637\u0629":"Le Quotidien","\u0648\u0642\u062a \u0627\u0644\u0642\u0631\u0627\u0621\u0629 \u0627\u0644\u0645\u064f\u0642\u062f\u0651\u0631":"4 \u062f\u0642\u0627\u0626\u0642"},"schema":{"@context":"https:\/\/schema.org","@graph":[{"@type":"Article","@id":"https:\/\/lequotidien.mr\/?p=36931&lang=fr#article","isPartOf":{"@id":"https:\/\/lequotidien.mr\/?p=36931&lang=fr"},"author":{"name":"Le Quotidien","@id":"https:\/\/lequotidien.mr\/#\/schema\/person\/f90fcdaa970c60288de4ed2e64a56472"},"headline":"Alg\u00e9rie\u2013Mauritanie : vers un accord pr\u00e9f\u00e9rentiel pour dynamiser les \u00e9changes","datePublished":"2026-04-29T11:48:37+00:00","mainEntityOfPage":{"@id":"https:\/\/lequotidien.mr\/?p=36931&lang=fr"},"wordCount":476,"commentCount":0,"publisher":{"@id":"https:\/\/lequotidien.mr\/#organization"},"image":{"@id":"https:\/\/lequotidien.mr\/?p=36931&lang=fr#primaryimage"},"thumbnailUrl":"https:\/\/lequotidien.mr\/wp-content\/uploads\/2026\/04\/pm.webp","articleSection":["ACTUALIT\u00c9","Economie","Couverture sp\u00e9cilale"],"inLanguage":"ar","potentialAction":[{"@type":"CommentAction","name":"Comment","target":["https:\/\/lequotidien.mr\/?p=36931&lang=fr#respond"]}]},{"@type":"WebPage","@id":"https:\/\/lequotidien.mr\/?p=36931&lang=fr","url":"https:\/\/lequotidien.mr\/?p=36931&lang=fr","name":"Alg\u00e9rie\u2013Mauritanie : vers un accord pr\u00e9f\u00e9rentiel pour dynamiser les \u00e9changes - Le Quotidien de Nouakchott","isPartOf":{"@id":"https:\/\/lequotidien.mr\/#website"},"primaryImageOfPage":{"@id":"https:\/\/lequotidien.mr\/?p=36931&lang=fr#primaryimage"},"image":{"@id":"https:\/\/lequotidien.mr\/?p=36931&lang=fr#primaryimage"},"thumbnailUrl":"https:\/\/lequotidien.mr\/wp-content\/uploads\/2026\/04\/pm.webp","datePublished":"2026-04-29T11:48:37+00:00","breadcrumb":{"@id":"https:\/\/lequotidien.mr\/?p=36931&lang=fr#breadcrumb"},"inLanguage":"ar","potentialAction":[{"@type":"ReadAction","target":["https:\/\/lequotidien.mr\/?p=36931&lang=fr"]}]},{"@type":"ImageObject","inLanguage":"ar","@id":"https:\/\/lequotidien.mr\/?p=36931&lang=fr#primaryimage","url":"https:\/\/lequotidien.mr\/wp-content\/uploads\/2026\/04\/pm.webp","contentUrl":"https:\/\/lequotidien.mr\/wp-content\/uploads\/2026\/04\/pm.webp","width":800,"height":460},{"@type":"BreadcrumbList","@id":"https:\/\/lequotidien.mr\/?p=36931&lang=fr#breadcrumb","itemListElement":[{"@type":"ListItem","position":1,"name":"Home","item":"https:\/\/lequotidien.mr\/"},{"@type":"ListItem","position":2,"name":"Alg\u00e9rie\u2013Mauritanie : vers un accord pr\u00e9f\u00e9rentiel pour dynamiser les \u00e9changes"}]},{"@type":"WebSite","@id":"https:\/\/lequotidien.mr\/#website","url":"https:\/\/lequotidien.mr\/","name":"Le Quotidien de Nouakchott","description":"\u0625\u062e\u0628\u0627\u0631\u064a\u0629 \u0645\u0633\u062a\u0642\u0644\u0629 \u0644\u0644\u0623\u0646\u0628\u0627\u0621 \u0627\u0644\u0639\u0627\u0645\u0629","publisher":{"@id":"https:\/\/lequotidien.mr\/#organization"},"potentialAction":[{"@type":"SearchAction","target":{"@type":"EntryPoint","urlTemplate":"https:\/\/lequotidien.mr\/?s={search_term_string}"},"query-input":{"@type":"PropertyValueSpecification","valueRequired":true,"valueName":"search_term_string"}}],"inLanguage":"ar"},{"@type":"Organization","@id":"https:\/\/lequotidien.mr\/#organization","name":"Le Quotidien de Nouakchott","url":"https:\/\/lequotidien.mr\/","logo":{"@type":"ImageObject","inLanguage":"ar","@id":"https:\/\/lequotidien.mr\/#\/schema\/logo\/image\/","url":"https:\/\/lequotidien.mr\/wp-content\/uploads\/2022\/11\/logolequotidien.jpg","contentUrl":"https:\/\/lequotidien.mr\/wp-content\/uploads\/2022\/11\/logolequotidien.jpg","width":290,"height":65,"caption":"Le Quotidien de Nouakchott"},"image":{"@id":"https:\/\/lequotidien.mr\/#\/schema\/logo\/image\/"},"sameAs":["https:\/\/web.facebook.com\/lequotidienmr","https:\/\/x.com\/lequotidienmr"]},{"@type":"Person","@id":"https:\/\/lequotidien.mr\/#\/schema\/person\/f90fcdaa970c60288de4ed2e64a56472","name":"Le Quotidien","image":{"@type":"ImageObject","inLanguage":"ar","@id":"https:\/\/secure.gravatar.com\/avatar\/374cb39a1a458a912465a93e5a3ce6546886fc3da809a1f10c63e4e8fcbca30f?s=96&d=mm&r=g","url":"https:\/\/secure.gravatar.com\/avatar\/374cb39a1a458a912465a93e5a3ce6546886fc3da809a1f10c63e4e8fcbca30f?s=96&d=mm&r=g","contentUrl":"https:\/\/secure.gravatar.com\/avatar\/374cb39a1a458a912465a93e5a3ce6546886fc3da809a1f10c63e4e8fcbca30f?s=96&d=mm&r=g","caption":"Le Quotidien"},"sameAs":["https:\/\/lequotidien.mr\/"],"url":"https:\/\/lequotidien.mr\/?author=4"}]}},"_links":{"self":[{"href":"https:\/\/lequotidien.mr\/index.php?rest_route=\/wp\/v2\/posts\/36931","targetHints":{"allow":["GET"]}}],"collection":[{"href":"https:\/\/lequotidien.mr\/index.php?rest_route=\/wp\/v2\/posts"}],"about":[{"href":"https:\/\/lequotidien.mr\/index.php?rest_route=\/wp\/v2\/types\/post"}],"author":[{"embeddable":true,"href":"https:\/\/lequotidien.mr\/index.php?rest_route=\/wp\/v2\/users\/4"}],"replies":[{"embeddable":true,"href":"https:\/\/lequotidien.mr\/index.php?rest_route=%2Fwp%2Fv2%2Fcomments&post=36931"}],"version-history":[{"count":1,"href":"https:\/\/lequotidien.mr\/index.php?rest_route=\/wp\/v2\/posts\/36931\/revisions"}],"predecessor-version":[{"id":36935,"href":"https:\/\/lequotidien.mr\/index.php?rest_route=\/wp\/v2\/posts\/36931\/revisions\/36935"}],"wp:featuredmedia":[{"embeddable":true,"href":"https:\/\/lequotidien.mr\/index.php?rest_route=\/wp\/v2\/media\/36934"}],"wp:attachment":[{"href":"https:\/\/lequotidien.mr\/index.php?rest_route=%2Fwp%2Fv2%2Fmedia&parent=36931"}],"wp:term":[{"taxonomy":"category","embeddable":true,"href":"https:\/\/lequotidien.mr\/index.php?rest_route=%2Fwp%2Fv2%2Fcategories&post=36931"},{"taxonomy":"post_tag","embeddable":true,"href":"https:\/\/lequotidien.mr\/index.php?rest_route=%2Fwp%2Fv2%2Ftags&post=36931"}],"curies":[{"name":"wp","href":"https:\/\/api.w.org\/{rel}","templated":true}]}}