{"id":36927,"date":"2026-04-29T11:32:32","date_gmt":"2026-04-29T11:32:32","guid":{"rendered":"https:\/\/lequotidien.mr\/?p=36927"},"modified":"2026-04-29T11:32:32","modified_gmt":"2026-04-29T11:32:32","slug":"transparence-des-peches-la-mauritanie-consolide-son-statut-de-pays-conforme-fiti","status":"publish","type":"post","link":"https:\/\/lequotidien.mr\/?p=36927&lang=fr","title":{"rendered":"Transparence des p\u00eaches : la Mauritanie consolide son statut de pays conforme FiTI"},"content":{"rendered":"<p style=\"text-align: justify;\">La Mauritanie poursuit son positionnement comme r\u00e9f\u00e9rence continentale en mati\u00e8re de transparence dans le secteur halieutique. Mardi, le ministre de la P\u00eache, des Infrastructures maritimes et portuaires, Moctar Ahmed Bouceif, a re\u00e7u le pr\u00e9sident du conseil d\u2019administration de l\u2019Initiative pour la Transparence des P\u00eaches (FiTI), Audun Lem, pour un \u00e9change centr\u00e9 sur le renforcement de la coop\u00e9ration et l\u2019\u00e9valuation des progr\u00e8s r\u00e9alis\u00e9s.<\/p>\n<p style=\"text-align: justify;\">La rencontre, tenue en pr\u00e9sence du secr\u00e9taire g\u00e9n\u00e9ral du minist\u00e8re, Sidi Ali Ould Sidi Boubacar, et de plusieurs responsables sectoriels, s\u2019inscrit dans un contexte particulier : celui de la reconnaissance de la Mauritanie comme <strong>pays conforme \u00e0 la norme FiTI<\/strong>, un statut encore rare \u00e0 l\u2019\u00e9chelle internationale.<\/p>\n<h3 style=\"text-align: justify;\">Une reconnaissance qui distingue la Mauritanie<\/h3>\n<p style=\"text-align: justify;\">Ce statut de conformit\u00e9 au standard de la Fisheries Transparency Initiative (FiTI) place la Mauritanie dans un cercle restreint de pays ayant accept\u00e9 de soumettre leur secteur des p\u00eaches \u00e0 des exigences \u00e9lev\u00e9es de transparence, de publication de donn\u00e9es et de redevabilit\u00e9.<\/p>\n<p style=\"text-align: justify;\">Il ne s\u2019agit pas d\u2019un simple label. La conformit\u00e9 implique la mise \u00e0 disposition d\u2019informations d\u00e9taill\u00e9es sur les licences de p\u00eache, les accords conclus avec les partenaires \u00e9trangers, les revenus g\u00e9n\u00e9r\u00e9s et leur utilisation. Autant d\u2019\u00e9l\u00e9ments longtemps consid\u00e9r\u00e9s comme sensibles dans de nombreux pays c\u00f4tiers.<\/p>\n<p style=\"text-align: justify;\">Lors de l\u2019entretien, les efforts d\u00e9ploy\u00e9s par la Mauritanie ont \u00e9t\u00e9 explicitement reconnus, le pays \u00e9tant d\u00e9sormais consid\u00e9r\u00e9 comme <strong>l\u2019un des leaders dans ce domaine<\/strong>.<\/p>\n<h3 style=\"text-align: justify;\">Une strat\u00e9gie assum\u00e9e de gouvernance<\/h3>\n<p style=\"text-align: justify;\">Depuis plusieurs ann\u00e9es, les autorit\u00e9s mauritaniennes ont fait le choix d\u2019inscrire la transparence au c\u0153ur de la gestion des ressources halieutiques. Ce secteur, pilier de l\u2019\u00e9conomie nationale, repr\u00e9sente un enjeu strat\u00e9gique en termes de revenus, d\u2019emplois et de souverainet\u00e9.<\/p>\n<p style=\"text-align: justify;\">En adoptant les standards FiTI, la Mauritanie a pris le parti de rendre lisible un secteur souvent opaque ailleurs, en renfor\u00e7ant les m\u00e9canismes de suivi et de contr\u00f4le, mais aussi en ouvrant davantage l\u2019acc\u00e8s \u00e0 l\u2019information pour les citoyens et les partenaires.<\/p>\n<h3 style=\"text-align: justify;\">Un dialogue qui s\u2019inscrit dans la dur\u00e9e<\/h3>\n<p style=\"text-align: justify;\">La visite de Audun Lem s\u2019inscrit dans une dynamique de suivi et d\u2019accompagnement. Elle traduit \u00e9galement l\u2019int\u00e9r\u00eat soutenu de l\u2019initiative internationale pour l\u2019exp\u00e9rience mauritanienne, per\u00e7ue comme un cas d\u2019\u00e9cole en Afrique de l\u2019Ouest.<\/p>\n<p style=\"text-align: justify;\">Les discussions ont ainsi port\u00e9 non seulement sur les acquis, mais aussi sur les perspectives de consolidation de cette coop\u00e9ration, notamment en mati\u00e8re d\u2019am\u00e9lioration continue des m\u00e9canismes de transparence et de gouvernance.<\/p>\n<h3 style=\"text-align: justify;\">Un positionnement strat\u00e9gique confirm\u00e9<\/h3>\n<p style=\"text-align: justify;\">En consolidant son statut de pays conforme FiTI, la Mauritanie renforce sa cr\u00e9dibilit\u00e9 aupr\u00e8s des partenaires internationaux et des investisseurs, tout en se dotant d\u2019un argument suppl\u00e9mentaire dans la valorisation durable de ses ressources marines.<\/p>\n<p style=\"text-align: justify;\">Dans un contexte r\u00e9gional marqu\u00e9 par les d\u00e9fis li\u00e9s \u00e0 la p\u00eache illicite et \u00e0 la pression sur les ressources, ce positionnement appara\u00eet comme un choix strat\u00e9gique, qui distingue le pays et contribue \u00e0 red\u00e9finir les standards de gouvernance dans le secteur.<\/p>\n","protected":false},"excerpt":{"rendered":"<p>La Mauritanie poursuit son positionnement comme r\u00e9f\u00e9rence continentale en mati\u00e8re de transparence dans le secteur halieutique. Mardi, le ministre de la P\u00eache, des Infrastructures maritimes et portuaires, Moctar Ahmed Bouceif, a re\u00e7u le pr\u00e9sident du conseil d\u2019administration de l\u2019Initiative pour la Transparence des P\u00eaches (FiTI), Audun Lem, pour un \u00e9change centr\u00e9 sur le renforcement de&#8230;..<\/p>\n","protected":false},"author":4,"featured_media":36929,"comment_status":"open","ping_status":"open","sticky":false,"template":"","format":"standard","meta":{"footnotes":""},"categories":[49,57],"tags":[],"class_list":["post-36927","post","type-post","status-publish","format-standard","has-post-thumbnail","hentry","category-economie","category-couverture-specilale"],"yoast_head":"<!-- This site is optimized with the Yoast SEO plugin v27.5 - https:\/\/yoast.com\/product\/yoast-seo-wordpress\/ -->\n<title>Transparence des p\u00eaches : la Mauritanie consolide son statut de pays conforme FiTI - Le Quotidien de Nouakchott<\/title>\n<meta name=\"robots\" content=\"index, follow, max-snippet:-1, max-image-preview:large, max-video-preview:-1\" \/>\n<link rel=\"canonical\" href=\"https:\/\/lequotidien.mr\/?p=36927&lang=fr\" \/>\n<meta property=\"og:locale\" content=\"ar_AR\" \/>\n<meta property=\"og:type\" content=\"article\" \/>\n<meta property=\"og:title\" content=\"Transparence des p\u00eaches : la Mauritanie consolide son statut de pays conforme FiTI - Le Quotidien de Nouakchott\" \/>\n<meta property=\"og:description\" content=\"La Mauritanie poursuit son positionnement comme r\u00e9f\u00e9rence continentale en mati\u00e8re de transparence dans le secteur halieutique. Mardi, le ministre de la P\u00eache, des Infrastructures maritimes et portuaires, Moctar Ahmed Bouceif, a re\u00e7u le pr\u00e9sident du conseil d\u2019administration de l\u2019Initiative pour la Transparence des P\u00eaches (FiTI), Audun Lem, pour un \u00e9change centr\u00e9 sur le renforcement de.....\" \/>\n<meta property=\"og:url\" content=\"https:\/\/lequotidien.mr\/?p=36927&amp;lang=fr\" \/>\n<meta property=\"og:site_name\" content=\"Le Quotidien de Nouakchott\" \/>\n<meta property=\"article:publisher\" content=\"https:\/\/web.facebook.com\/lequotidienmr\" \/>\n<meta property=\"article:published_time\" content=\"2026-04-29T11:32:32+00:00\" \/>\n<meta property=\"og:image\" content=\"https:\/\/lequotidien.mr\/wp-content\/uploads\/2026\/04\/peche.jpg\" \/>\n\t<meta property=\"og:image:width\" content=\"603\" \/>\n\t<meta property=\"og:image:height\" content=\"405\" \/>\n\t<meta property=\"og:image:type\" content=\"image\/jpeg\" \/>\n<meta name=\"author\" content=\"Le Quotidien\" \/>\n<meta name=\"twitter:card\" content=\"summary_large_image\" \/>\n<meta name=\"twitter:creator\" content=\"@lequotidienmr\" \/>\n<meta name=\"twitter:site\" content=\"@lequotidienmr\" \/>\n<meta name=\"twitter:label1\" content=\"\u0643\u064f\u062a\u0628 \u0628\u0648\u0627\u0633\u0637\u0629\" \/>\n\t<meta name=\"twitter:data1\" content=\"Le Quotidien\" \/>\n\t<meta name=\"twitter:label2\" content=\"\u0648\u0642\u062a \u0627\u0644\u0642\u0631\u0627\u0621\u0629 \u0627\u0644\u0645\u064f\u0642\u062f\u0651\u0631\" \/>\n\t<meta name=\"twitter:data2\" content=\"4 \u062f\u0642\u0627\u0626\u0642\" \/>\n<script type=\"application\/ld+json\" class=\"yoast-schema-graph\">{\"@context\":\"https:\\\/\\\/schema.org\",\"@graph\":[{\"@type\":\"Article\",\"@id\":\"https:\\\/\\\/lequotidien.mr\\\/?p=36927&lang=fr#article\",\"isPartOf\":{\"@id\":\"https:\\\/\\\/lequotidien.mr\\\/?p=36927&lang=fr\"},\"author\":{\"name\":\"Le Quotidien\",\"@id\":\"https:\\\/\\\/lequotidien.mr\\\/#\\\/schema\\\/person\\\/f90fcdaa970c60288de4ed2e64a56472\"},\"headline\":\"Transparence des p\u00eaches : la Mauritanie consolide son statut de pays conforme FiTI\",\"datePublished\":\"2026-04-29T11:32:32+00:00\",\"mainEntityOfPage\":{\"@id\":\"https:\\\/\\\/lequotidien.mr\\\/?p=36927&lang=fr\"},\"wordCount\":560,\"commentCount\":0,\"publisher\":{\"@id\":\"https:\\\/\\\/lequotidien.mr\\\/#organization\"},\"image\":{\"@id\":\"https:\\\/\\\/lequotidien.mr\\\/?p=36927&lang=fr#primaryimage\"},\"thumbnailUrl\":\"https:\\\/\\\/lequotidien.mr\\\/wp-content\\\/uploads\\\/2026\\\/04\\\/peche.jpg\",\"articleSection\":[\"Economie\",\"Couverture sp\u00e9cilale\"],\"inLanguage\":\"ar\",\"potentialAction\":[{\"@type\":\"CommentAction\",\"name\":\"Comment\",\"target\":[\"https:\\\/\\\/lequotidien.mr\\\/?p=36927&lang=fr#respond\"]}]},{\"@type\":\"WebPage\",\"@id\":\"https:\\\/\\\/lequotidien.mr\\\/?p=36927&lang=fr\",\"url\":\"https:\\\/\\\/lequotidien.mr\\\/?p=36927&lang=fr\",\"name\":\"Transparence des p\u00eaches : la Mauritanie consolide son statut de pays conforme FiTI - Le Quotidien de Nouakchott\",\"isPartOf\":{\"@id\":\"https:\\\/\\\/lequotidien.mr\\\/#website\"},\"primaryImageOfPage\":{\"@id\":\"https:\\\/\\\/lequotidien.mr\\\/?p=36927&lang=fr#primaryimage\"},\"image\":{\"@id\":\"https:\\\/\\\/lequotidien.mr\\\/?p=36927&lang=fr#primaryimage\"},\"thumbnailUrl\":\"https:\\\/\\\/lequotidien.mr\\\/wp-content\\\/uploads\\\/2026\\\/04\\\/peche.jpg\",\"datePublished\":\"2026-04-29T11:32:32+00:00\",\"breadcrumb\":{\"@id\":\"https:\\\/\\\/lequotidien.mr\\\/?p=36927&lang=fr#breadcrumb\"},\"inLanguage\":\"ar\",\"potentialAction\":[{\"@type\":\"ReadAction\",\"target\":[\"https:\\\/\\\/lequotidien.mr\\\/?p=36927&lang=fr\"]}]},{\"@type\":\"ImageObject\",\"inLanguage\":\"ar\",\"@id\":\"https:\\\/\\\/lequotidien.mr\\\/?p=36927&lang=fr#primaryimage\",\"url\":\"https:\\\/\\\/lequotidien.mr\\\/wp-content\\\/uploads\\\/2026\\\/04\\\/peche.jpg\",\"contentUrl\":\"https:\\\/\\\/lequotidien.mr\\\/wp-content\\\/uploads\\\/2026\\\/04\\\/peche.jpg\",\"width\":603,\"height\":405},{\"@type\":\"BreadcrumbList\",\"@id\":\"https:\\\/\\\/lequotidien.mr\\\/?p=36927&lang=fr#breadcrumb\",\"itemListElement\":[{\"@type\":\"ListItem\",\"position\":1,\"name\":\"Home\",\"item\":\"https:\\\/\\\/lequotidien.mr\\\/\"},{\"@type\":\"ListItem\",\"position\":2,\"name\":\"Transparence des p\u00eaches : la Mauritanie consolide son statut de pays conforme FiTI\"}]},{\"@type\":\"WebSite\",\"@id\":\"https:\\\/\\\/lequotidien.mr\\\/#website\",\"url\":\"https:\\\/\\\/lequotidien.mr\\\/\",\"name\":\"Le Quotidien de Nouakchott\",\"description\":\"\u0625\u062e\u0628\u0627\u0631\u064a\u0629 \u0645\u0633\u062a\u0642\u0644\u0629 \u0644\u0644\u0623\u0646\u0628\u0627\u0621 \u0627\u0644\u0639\u0627\u0645\u0629\",\"publisher\":{\"@id\":\"https:\\\/\\\/lequotidien.mr\\\/#organization\"},\"potentialAction\":[{\"@type\":\"SearchAction\",\"target\":{\"@type\":\"EntryPoint\",\"urlTemplate\":\"https:\\\/\\\/lequotidien.mr\\\/?s={search_term_string}\"},\"query-input\":{\"@type\":\"PropertyValueSpecification\",\"valueRequired\":true,\"valueName\":\"search_term_string\"}}],\"inLanguage\":\"ar\"},{\"@type\":\"Organization\",\"@id\":\"https:\\\/\\\/lequotidien.mr\\\/#organization\",\"name\":\"Le Quotidien de Nouakchott\",\"url\":\"https:\\\/\\\/lequotidien.mr\\\/\",\"logo\":{\"@type\":\"ImageObject\",\"inLanguage\":\"ar\",\"@id\":\"https:\\\/\\\/lequotidien.mr\\\/#\\\/schema\\\/logo\\\/image\\\/\",\"url\":\"https:\\\/\\\/lequotidien.mr\\\/wp-content\\\/uploads\\\/2022\\\/11\\\/logolequotidien.jpg\",\"contentUrl\":\"https:\\\/\\\/lequotidien.mr\\\/wp-content\\\/uploads\\\/2022\\\/11\\\/logolequotidien.jpg\",\"width\":290,\"height\":65,\"caption\":\"Le Quotidien de Nouakchott\"},\"image\":{\"@id\":\"https:\\\/\\\/lequotidien.mr\\\/#\\\/schema\\\/logo\\\/image\\\/\"},\"sameAs\":[\"https:\\\/\\\/web.facebook.com\\\/lequotidienmr\",\"https:\\\/\\\/x.com\\\/lequotidienmr\"]},{\"@type\":\"Person\",\"@id\":\"https:\\\/\\\/lequotidien.mr\\\/#\\\/schema\\\/person\\\/f90fcdaa970c60288de4ed2e64a56472\",\"name\":\"Le Quotidien\",\"image\":{\"@type\":\"ImageObject\",\"inLanguage\":\"ar\",\"@id\":\"https:\\\/\\\/secure.gravatar.com\\\/avatar\\\/374cb39a1a458a912465a93e5a3ce6546886fc3da809a1f10c63e4e8fcbca30f?s=96&d=mm&r=g\",\"url\":\"https:\\\/\\\/secure.gravatar.com\\\/avatar\\\/374cb39a1a458a912465a93e5a3ce6546886fc3da809a1f10c63e4e8fcbca30f?s=96&d=mm&r=g\",\"contentUrl\":\"https:\\\/\\\/secure.gravatar.com\\\/avatar\\\/374cb39a1a458a912465a93e5a3ce6546886fc3da809a1f10c63e4e8fcbca30f?s=96&d=mm&r=g\",\"caption\":\"Le Quotidien\"},\"sameAs\":[\"https:\\\/\\\/lequotidien.mr\\\/\"],\"url\":\"https:\\\/\\\/lequotidien.mr\\\/?author=4\"}]}<\/script>\n<!-- \/ Yoast SEO plugin. -->","yoast_head_json":{"title":"Transparence des p\u00eaches : la Mauritanie consolide son statut de pays conforme FiTI - Le Quotidien de Nouakchott","robots":{"index":"index","follow":"follow","max-snippet":"max-snippet:-1","max-image-preview":"max-image-preview:large","max-video-preview":"max-video-preview:-1"},"canonical":"https:\/\/lequotidien.mr\/?p=36927&lang=fr","og_locale":"ar_AR","og_type":"article","og_title":"Transparence des p\u00eaches : la Mauritanie consolide son statut de pays conforme FiTI - Le Quotidien de Nouakchott","og_description":"La Mauritanie poursuit son positionnement comme r\u00e9f\u00e9rence continentale en mati\u00e8re de transparence dans le secteur halieutique. Mardi, le ministre de la P\u00eache, des Infrastructures maritimes et portuaires, Moctar Ahmed Bouceif, a re\u00e7u le pr\u00e9sident du conseil d\u2019administration de l\u2019Initiative pour la Transparence des P\u00eaches (FiTI), Audun Lem, pour un \u00e9change centr\u00e9 sur le renforcement de.....","og_url":"https:\/\/lequotidien.mr\/?p=36927&lang=fr","og_site_name":"Le Quotidien de Nouakchott","article_publisher":"https:\/\/web.facebook.com\/lequotidienmr","article_published_time":"2026-04-29T11:32:32+00:00","og_image":[{"width":603,"height":405,"url":"https:\/\/lequotidien.mr\/wp-content\/uploads\/2026\/04\/peche.jpg","type":"image\/jpeg"}],"author":"Le Quotidien","twitter_card":"summary_large_image","twitter_creator":"@lequotidienmr","twitter_site":"@lequotidienmr","twitter_misc":{"\u0643\u064f\u062a\u0628 \u0628\u0648\u0627\u0633\u0637\u0629":"Le Quotidien","\u0648\u0642\u062a \u0627\u0644\u0642\u0631\u0627\u0621\u0629 \u0627\u0644\u0645\u064f\u0642\u062f\u0651\u0631":"4 \u062f\u0642\u0627\u0626\u0642"},"schema":{"@context":"https:\/\/schema.org","@graph":[{"@type":"Article","@id":"https:\/\/lequotidien.mr\/?p=36927&lang=fr#article","isPartOf":{"@id":"https:\/\/lequotidien.mr\/?p=36927&lang=fr"},"author":{"name":"Le Quotidien","@id":"https:\/\/lequotidien.mr\/#\/schema\/person\/f90fcdaa970c60288de4ed2e64a56472"},"headline":"Transparence des p\u00eaches : la Mauritanie consolide son statut de pays conforme FiTI","datePublished":"2026-04-29T11:32:32+00:00","mainEntityOfPage":{"@id":"https:\/\/lequotidien.mr\/?p=36927&lang=fr"},"wordCount":560,"commentCount":0,"publisher":{"@id":"https:\/\/lequotidien.mr\/#organization"},"image":{"@id":"https:\/\/lequotidien.mr\/?p=36927&lang=fr#primaryimage"},"thumbnailUrl":"https:\/\/lequotidien.mr\/wp-content\/uploads\/2026\/04\/peche.jpg","articleSection":["Economie","Couverture sp\u00e9cilale"],"inLanguage":"ar","potentialAction":[{"@type":"CommentAction","name":"Comment","target":["https:\/\/lequotidien.mr\/?p=36927&lang=fr#respond"]}]},{"@type":"WebPage","@id":"https:\/\/lequotidien.mr\/?p=36927&lang=fr","url":"https:\/\/lequotidien.mr\/?p=36927&lang=fr","name":"Transparence des p\u00eaches : la Mauritanie consolide son statut de pays conforme FiTI - Le Quotidien de Nouakchott","isPartOf":{"@id":"https:\/\/lequotidien.mr\/#website"},"primaryImageOfPage":{"@id":"https:\/\/lequotidien.mr\/?p=36927&lang=fr#primaryimage"},"image":{"@id":"https:\/\/lequotidien.mr\/?p=36927&lang=fr#primaryimage"},"thumbnailUrl":"https:\/\/lequotidien.mr\/wp-content\/uploads\/2026\/04\/peche.jpg","datePublished":"2026-04-29T11:32:32+00:00","breadcrumb":{"@id":"https:\/\/lequotidien.mr\/?p=36927&lang=fr#breadcrumb"},"inLanguage":"ar","potentialAction":[{"@type":"ReadAction","target":["https:\/\/lequotidien.mr\/?p=36927&lang=fr"]}]},{"@type":"ImageObject","inLanguage":"ar","@id":"https:\/\/lequotidien.mr\/?p=36927&lang=fr#primaryimage","url":"https:\/\/lequotidien.mr\/wp-content\/uploads\/2026\/04\/peche.jpg","contentUrl":"https:\/\/lequotidien.mr\/wp-content\/uploads\/2026\/04\/peche.jpg","width":603,"height":405},{"@type":"BreadcrumbList","@id":"https:\/\/lequotidien.mr\/?p=36927&lang=fr#breadcrumb","itemListElement":[{"@type":"ListItem","position":1,"name":"Home","item":"https:\/\/lequotidien.mr\/"},{"@type":"ListItem","position":2,"name":"Transparence des p\u00eaches : la Mauritanie consolide son statut de pays conforme FiTI"}]},{"@type":"WebSite","@id":"https:\/\/lequotidien.mr\/#website","url":"https:\/\/lequotidien.mr\/","name":"Le Quotidien de Nouakchott","description":"\u0625\u062e\u0628\u0627\u0631\u064a\u0629 \u0645\u0633\u062a\u0642\u0644\u0629 \u0644\u0644\u0623\u0646\u0628\u0627\u0621 \u0627\u0644\u0639\u0627\u0645\u0629","publisher":{"@id":"https:\/\/lequotidien.mr\/#organization"},"potentialAction":[{"@type":"SearchAction","target":{"@type":"EntryPoint","urlTemplate":"https:\/\/lequotidien.mr\/?s={search_term_string}"},"query-input":{"@type":"PropertyValueSpecification","valueRequired":true,"valueName":"search_term_string"}}],"inLanguage":"ar"},{"@type":"Organization","@id":"https:\/\/lequotidien.mr\/#organization","name":"Le Quotidien de Nouakchott","url":"https:\/\/lequotidien.mr\/","logo":{"@type":"ImageObject","inLanguage":"ar","@id":"https:\/\/lequotidien.mr\/#\/schema\/logo\/image\/","url":"https:\/\/lequotidien.mr\/wp-content\/uploads\/2022\/11\/logolequotidien.jpg","contentUrl":"https:\/\/lequotidien.mr\/wp-content\/uploads\/2022\/11\/logolequotidien.jpg","width":290,"height":65,"caption":"Le Quotidien de Nouakchott"},"image":{"@id":"https:\/\/lequotidien.mr\/#\/schema\/logo\/image\/"},"sameAs":["https:\/\/web.facebook.com\/lequotidienmr","https:\/\/x.com\/lequotidienmr"]},{"@type":"Person","@id":"https:\/\/lequotidien.mr\/#\/schema\/person\/f90fcdaa970c60288de4ed2e64a56472","name":"Le Quotidien","image":{"@type":"ImageObject","inLanguage":"ar","@id":"https:\/\/secure.gravatar.com\/avatar\/374cb39a1a458a912465a93e5a3ce6546886fc3da809a1f10c63e4e8fcbca30f?s=96&d=mm&r=g","url":"https:\/\/secure.gravatar.com\/avatar\/374cb39a1a458a912465a93e5a3ce6546886fc3da809a1f10c63e4e8fcbca30f?s=96&d=mm&r=g","contentUrl":"https:\/\/secure.gravatar.com\/avatar\/374cb39a1a458a912465a93e5a3ce6546886fc3da809a1f10c63e4e8fcbca30f?s=96&d=mm&r=g","caption":"Le Quotidien"},"sameAs":["https:\/\/lequotidien.mr\/"],"url":"https:\/\/lequotidien.mr\/?author=4"}]}},"_links":{"self":[{"href":"https:\/\/lequotidien.mr\/index.php?rest_route=\/wp\/v2\/posts\/36927","targetHints":{"allow":["GET"]}}],"collection":[{"href":"https:\/\/lequotidien.mr\/index.php?rest_route=\/wp\/v2\/posts"}],"about":[{"href":"https:\/\/lequotidien.mr\/index.php?rest_route=\/wp\/v2\/types\/post"}],"author":[{"embeddable":true,"href":"https:\/\/lequotidien.mr\/index.php?rest_route=\/wp\/v2\/users\/4"}],"replies":[{"embeddable":true,"href":"https:\/\/lequotidien.mr\/index.php?rest_route=%2Fwp%2Fv2%2Fcomments&post=36927"}],"version-history":[{"count":1,"href":"https:\/\/lequotidien.mr\/index.php?rest_route=\/wp\/v2\/posts\/36927\/revisions"}],"predecessor-version":[{"id":36930,"href":"https:\/\/lequotidien.mr\/index.php?rest_route=\/wp\/v2\/posts\/36927\/revisions\/36930"}],"wp:featuredmedia":[{"embeddable":true,"href":"https:\/\/lequotidien.mr\/index.php?rest_route=\/wp\/v2\/media\/36929"}],"wp:attachment":[{"href":"https:\/\/lequotidien.mr\/index.php?rest_route=%2Fwp%2Fv2%2Fmedia&parent=36927"}],"wp:term":[{"taxonomy":"category","embeddable":true,"href":"https:\/\/lequotidien.mr\/index.php?rest_route=%2Fwp%2Fv2%2Fcategories&post=36927"},{"taxonomy":"post_tag","embeddable":true,"href":"https:\/\/lequotidien.mr\/index.php?rest_route=%2Fwp%2Fv2%2Ftags&post=36927"}],"curies":[{"name":"wp","href":"https:\/\/api.w.org\/{rel}","templated":true}]}}