{"id":36920,"date":"2026-04-29T11:24:16","date_gmt":"2026-04-29T11:24:16","guid":{"rendered":"https:\/\/lequotidien.mr\/?p=36920"},"modified":"2026-04-29T11:24:16","modified_gmt":"2026-04-29T11:24:16","slug":"piemm-la-mauritanie-confirme-son-role-de-moteur-regional-sous-limpulsion-du-president-ghazouani","status":"publish","type":"post","link":"https:\/\/lequotidien.mr\/?p=36920&lang=fr","title":{"rendered":"PIEMM : la Mauritanie confirme son r\u00f4le de moteur r\u00e9gional sous l\u2019impulsion du Pr\u00e9sident Ghazouani"},"content":{"rendered":"<p>Ce niveau de confiance traduit une r\u00e9alit\u00e9 : la Mauritanie n\u2019est plus per\u00e7ue comme un terrain \u00e0 risque, mais comme un partenaire fiable, capable de porter des projets structurants et de garantir leur mise en \u0153uvre.<\/p>\n<p><strong>PIEMM : Ghazouani \u00e0 la man\u0153uvre, Mohamed Abdel Vetah en chef d\u2019orchestre d\u2019un projet structurant<\/strong><\/p>\n<p>Nouakchott a accueilli, ce 28 avril 2026 \u00e0 l\u2019h\u00f4tel Sheraton, une \u00e9tape d\u00e9cisive pour l\u2019avenir \u00e9nerg\u00e9tique de la Mauritanie : la signature des contrats du Programme d\u2019Interconnexion \u00c9lectrique Mauritanie-OMVS (PIEMM). Une c\u00e9r\u00e9monie qui consacre \u00e0 la fois une vision politique affirm\u00e9e au sommet de l\u2019\u00c9tat et un pilotage technique rigoureux incarn\u00e9 par le Haut-Commissaire de l\u2019OMVS, Mohamed Abdel Vetah.<\/p>\n<h3>Une reconnaissance internationale qui valide une strat\u00e9gie<\/h3>\n<p>Derri\u00e8re ce projet, c\u2019est une vision qui se mat\u00e9rialise. Une vision port\u00e9e au plus haut sommet de l\u2019\u00c9tat par le Pr\u00e9sident Mohamed Ould Cheikh El Ghazouani, dont le r\u00f4le appara\u00eet aujourd\u2019hui comme d\u00e9terminant dans la cr\u00e9dibilisation de la Mauritanie sur la sc\u00e8ne internationale.<\/p>\n<p>Avec plus d\u2019un milliard de dollars mobilis\u00e9s aupr\u00e8s de dix institutions financi\u00e8res internationales, la Mauritanie franchit un seuil rarement atteint dans la r\u00e9gion. Ce niveau d\u2019engagement simultan\u00e9 ne rel\u00e8ve pas d\u2019un simple concours de circonstances.<\/p>\n<p>Comme l\u2019a soulign\u00e9 le Haut-Commissaire de l\u2019OMVS lors de son allocution, cette mobilisation constitue un v\u00e9ritable \u00ab verdict \u00bb de la communaut\u00e9 financi\u00e8re internationale sur la stabilit\u00e9 et la cr\u00e9dibilit\u00e9 du pays, mais aussi sur la coh\u00e9rence des choix strat\u00e9giques op\u00e9r\u00e9s au sommet de l\u2019\u00c9tat par le pr\u00e9sident Mohamed Ould Cheikh El Ghazouaini.<\/p>\n<p>Mais derri\u00e8re cette reconnaissance, il y a aussi une r\u00e9alit\u00e9 op\u00e9rationnelle : un projet qui a failli, \u00e0 plusieurs reprises, ne jamais aboutir. C\u2019est pr\u00e9cis\u00e9ment ce que le Haut-Commissaire n\u2019a pas cherch\u00e9 \u00e0 masquer.<\/p>\n<p>Mohamed Abdel Vetah a insist\u00e9 sur la t\u00e9nacit\u00e9 du processus, marqu\u00e9 par des ann\u00e9es de blocages, de contraintes institutionnelles et de difficult\u00e9s de financement. L\u2019OMVS, sous sa conduite, aurait pu c\u00e9der au repli. Elle a choisi l\u2019inverse : maintenir le cap, pr\u00e9server le dialogue entre \u00c9tats membres et continuer \u00e0 mobiliser des ressources dans un environnement pourtant d\u00e9favorable.<\/p>\n<p>Ce positionnement traduit une capacit\u00e9 de gestion rarement mise en avant dans les projets r\u00e9gionaux : celle de tenir dans la dur\u00e9e, malgr\u00e9 les incertitudes.<\/p>\n<h3>Un tandem politique\u2013technique qui fonctionne<\/h3>\n<p>Ce qui ressort de cette s\u00e9quence, c\u2019est la compl\u00e9mentarit\u00e9 entre un leadership politique au sommet et une conduite technique ma\u00eetris\u00e9e au niveau r\u00e9gional.<\/p>\n<p>D\u2019un c\u00f4t\u00e9, le Pr\u00e9sident Ghazouani, garant de la stabilit\u00e9 et de la vision strat\u00e9gique, capable de d\u00e9fendre l\u2019OMVS aupr\u00e8s des bailleurs et de maintenir la coh\u00e9sion entre \u00c9tats membres, y compris dans les moments de tension.<\/p>\n<p>De l\u2019autre, Mohamed Abdel Vetah, qui assure la traduction concr\u00e8te de cette vision en projets ex\u00e9cutables, en arbitrages techniques et en montages financiers complexes.<\/p>\n<p>Cette articulation explique en grande partie l\u2019aboutissement du PIEMM.<\/p>\n<h3>Un projet structurant au-del\u00e0 de l\u2019\u00e9nergie<\/h3>\n<p>Le PIEMM ne se limite pas \u00e0 une infrastructure \u00e9lectrique. Il s\u2019agit d\u2019un v\u00e9ritable corridor de d\u00e9veloppement : plus de 500 kilom\u00e8tres de lignes haute tension, des postes strat\u00e9giques et un acc\u00e8s \u00e9largi \u00e0 l\u2019\u00e9lectricit\u00e9 pour des centaines de localit\u00e9s.<\/p>\n<p>L\u2019ambition est claire : transformer une simple ligne \u00e9lectrique en levier \u00e9conomique et social, en cr\u00e9ant des opportunit\u00e9s pour les jeunes, en soutenant les activit\u00e9s productives et en int\u00e9grant les territoires longtemps marginalis\u00e9s.<\/p>\n<p>Le projet ouvre \u00e9galement la voie \u00e0 un d\u00e9veloppement accru des \u00e9nergies renouvelables, notamment solaire, positionnant la Mauritanie dans une logique de transition \u00e9nerg\u00e9tique.<\/p>\n<h3>Une m\u00e9thode pragmatique assum\u00e9e<\/h3>\n<p>Autre point notable soulign\u00e9 par le Haut-Commissaire : le choix d\u2019un phasage du projet. Plut\u00f4t que de bloquer l\u2019ensemble face \u00e0 certaines contraintes, l\u2019OMVS a opt\u00e9 pour une approche progressive, s\u00e9curisant les parties pr\u00eates tout en maintenant ouvertes les autres composantes.<\/p>\n<p>Une m\u00e9thode qui t\u00e9moigne d\u2019une maturit\u00e9 institutionnelle r\u00e9elle, loin des sch\u00e9mas rigides qui paralysent souvent les projets d\u2019envergure.<\/p>\n<h3>Une Mauritanie qui change de statut<\/h3>\n<p>Au final, cette c\u00e9r\u00e9monie consacre une \u00e9volution plus profonde. La Mauritanie, sous l\u2019impulsion du Pr\u00e9sident Ghazouani, ne se contente plus de participer aux dynamiques r\u00e9gionales : elle en devient un pilier.<\/p>\n<p>Et dans cette transformation, le r\u00f4le du Haut-Commissaire Mohamed Abdel Vetah appara\u00eet comme celui d\u2019un acteur cl\u00e9, capable de traduire une ambition politique en r\u00e9alisations concr\u00e8tes.<\/p>\n<p>Ce tandem, \u00e0 ce stade, fonctionne. Et les r\u00e9sultats commencent \u00e0 parler d\u2019eux-m\u00eames.<\/p>\n","protected":false},"excerpt":{"rendered":"<p>Ce niveau de confiance traduit une r\u00e9alit\u00e9 : la Mauritanie n\u2019est plus per\u00e7ue comme un terrain \u00e0 risque, mais comme un partenaire fiable, capable de porter des projets structurants et de garantir leur mise en \u0153uvre. PIEMM : Ghazouani \u00e0 la man\u0153uvre, Mohamed Abdel Vetah en chef d\u2019orchestre d\u2019un projet structurant Nouakchott a accueilli, ce&#8230;..<\/p>\n","protected":false},"author":4,"featured_media":36921,"comment_status":"open","ping_status":"open","sticky":false,"template":"","format":"standard","meta":{"footnotes":""},"categories":[23,49,57],"tags":[],"class_list":["post-36920","post","type-post","status-publish","format-standard","has-post-thumbnail","hentry","category-actualite","category-economie","category-couverture-specilale"],"yoast_head":"<!-- This site is optimized with the Yoast SEO plugin v27.5 - https:\/\/yoast.com\/product\/yoast-seo-wordpress\/ -->\n<title>PIEMM : la Mauritanie confirme son r\u00f4le de moteur r\u00e9gional sous l\u2019impulsion du Pr\u00e9sident Ghazouani - Le Quotidien de Nouakchott<\/title>\n<meta name=\"robots\" content=\"index, follow, max-snippet:-1, max-image-preview:large, max-video-preview:-1\" \/>\n<link rel=\"canonical\" href=\"https:\/\/lequotidien.mr\/?p=36920&lang=fr\" \/>\n<meta property=\"og:locale\" content=\"ar_AR\" \/>\n<meta property=\"og:type\" content=\"article\" \/>\n<meta property=\"og:title\" content=\"PIEMM : la Mauritanie confirme son r\u00f4le de moteur r\u00e9gional sous l\u2019impulsion du Pr\u00e9sident Ghazouani - Le Quotidien de Nouakchott\" \/>\n<meta property=\"og:description\" content=\"Ce niveau de confiance traduit une r\u00e9alit\u00e9 : la Mauritanie n\u2019est plus per\u00e7ue comme un terrain \u00e0 risque, mais comme un partenaire fiable, capable de porter des projets structurants et de garantir leur mise en \u0153uvre. PIEMM : Ghazouani \u00e0 la man\u0153uvre, Mohamed Abdel Vetah en chef d\u2019orchestre d\u2019un projet structurant Nouakchott a accueilli, ce.....\" \/>\n<meta property=\"og:url\" content=\"https:\/\/lequotidien.mr\/?p=36920&amp;lang=fr\" \/>\n<meta property=\"og:site_name\" content=\"Le Quotidien de Nouakchott\" \/>\n<meta property=\"article:publisher\" content=\"https:\/\/web.facebook.com\/lequotidienmr\" \/>\n<meta property=\"article:published_time\" content=\"2026-04-29T11:24:16+00:00\" \/>\n<meta property=\"og:image\" content=\"https:\/\/lequotidien.mr\/wp-content\/uploads\/2026\/04\/IMG-20260428-WA0154.jpg\" \/>\n\t<meta property=\"og:image:width\" content=\"1080\" \/>\n\t<meta property=\"og:image:height\" content=\"722\" \/>\n\t<meta property=\"og:image:type\" content=\"image\/jpeg\" \/>\n<meta name=\"author\" content=\"Le Quotidien\" \/>\n<meta name=\"twitter:card\" content=\"summary_large_image\" \/>\n<meta name=\"twitter:creator\" content=\"@lequotidienmr\" \/>\n<meta name=\"twitter:site\" content=\"@lequotidienmr\" \/>\n<meta name=\"twitter:label1\" content=\"\u0643\u064f\u062a\u0628 \u0628\u0648\u0627\u0633\u0637\u0629\" \/>\n\t<meta name=\"twitter:data1\" content=\"Le Quotidien\" \/>\n\t<meta name=\"twitter:label2\" content=\"\u0648\u0642\u062a \u0627\u0644\u0642\u0631\u0627\u0621\u0629 \u0627\u0644\u0645\u064f\u0642\u062f\u0651\u0631\" \/>\n\t<meta name=\"twitter:data2\" content=\"6 \u062f\u0642\u0627\u0626\u0642\" \/>\n<script type=\"application\/ld+json\" class=\"yoast-schema-graph\">{\"@context\":\"https:\\\/\\\/schema.org\",\"@graph\":[{\"@type\":\"Article\",\"@id\":\"https:\\\/\\\/lequotidien.mr\\\/?p=36920&lang=fr#article\",\"isPartOf\":{\"@id\":\"https:\\\/\\\/lequotidien.mr\\\/?p=36920&lang=fr\"},\"author\":{\"name\":\"Le Quotidien\",\"@id\":\"https:\\\/\\\/lequotidien.mr\\\/#\\\/schema\\\/person\\\/f90fcdaa970c60288de4ed2e64a56472\"},\"headline\":\"PIEMM : la Mauritanie confirme son r\u00f4le de moteur r\u00e9gional sous l\u2019impulsion du Pr\u00e9sident Ghazouani\",\"datePublished\":\"2026-04-29T11:24:16+00:00\",\"mainEntityOfPage\":{\"@id\":\"https:\\\/\\\/lequotidien.mr\\\/?p=36920&lang=fr\"},\"wordCount\":824,\"commentCount\":0,\"publisher\":{\"@id\":\"https:\\\/\\\/lequotidien.mr\\\/#organization\"},\"image\":{\"@id\":\"https:\\\/\\\/lequotidien.mr\\\/?p=36920&lang=fr#primaryimage\"},\"thumbnailUrl\":\"https:\\\/\\\/lequotidien.mr\\\/wp-content\\\/uploads\\\/2026\\\/04\\\/IMG-20260428-WA0154.jpg\",\"articleSection\":[\"ACTUALIT\u00c9\",\"Economie\",\"Couverture sp\u00e9cilale\"],\"inLanguage\":\"ar\",\"potentialAction\":[{\"@type\":\"CommentAction\",\"name\":\"Comment\",\"target\":[\"https:\\\/\\\/lequotidien.mr\\\/?p=36920&lang=fr#respond\"]}]},{\"@type\":\"WebPage\",\"@id\":\"https:\\\/\\\/lequotidien.mr\\\/?p=36920&lang=fr\",\"url\":\"https:\\\/\\\/lequotidien.mr\\\/?p=36920&lang=fr\",\"name\":\"PIEMM : la Mauritanie confirme son r\u00f4le de moteur r\u00e9gional sous l\u2019impulsion du Pr\u00e9sident Ghazouani - Le Quotidien de Nouakchott\",\"isPartOf\":{\"@id\":\"https:\\\/\\\/lequotidien.mr\\\/#website\"},\"primaryImageOfPage\":{\"@id\":\"https:\\\/\\\/lequotidien.mr\\\/?p=36920&lang=fr#primaryimage\"},\"image\":{\"@id\":\"https:\\\/\\\/lequotidien.mr\\\/?p=36920&lang=fr#primaryimage\"},\"thumbnailUrl\":\"https:\\\/\\\/lequotidien.mr\\\/wp-content\\\/uploads\\\/2026\\\/04\\\/IMG-20260428-WA0154.jpg\",\"datePublished\":\"2026-04-29T11:24:16+00:00\",\"breadcrumb\":{\"@id\":\"https:\\\/\\\/lequotidien.mr\\\/?p=36920&lang=fr#breadcrumb\"},\"inLanguage\":\"ar\",\"potentialAction\":[{\"@type\":\"ReadAction\",\"target\":[\"https:\\\/\\\/lequotidien.mr\\\/?p=36920&lang=fr\"]}]},{\"@type\":\"ImageObject\",\"inLanguage\":\"ar\",\"@id\":\"https:\\\/\\\/lequotidien.mr\\\/?p=36920&lang=fr#primaryimage\",\"url\":\"https:\\\/\\\/lequotidien.mr\\\/wp-content\\\/uploads\\\/2026\\\/04\\\/IMG-20260428-WA0154.jpg\",\"contentUrl\":\"https:\\\/\\\/lequotidien.mr\\\/wp-content\\\/uploads\\\/2026\\\/04\\\/IMG-20260428-WA0154.jpg\",\"width\":1080,\"height\":722},{\"@type\":\"BreadcrumbList\",\"@id\":\"https:\\\/\\\/lequotidien.mr\\\/?p=36920&lang=fr#breadcrumb\",\"itemListElement\":[{\"@type\":\"ListItem\",\"position\":1,\"name\":\"Home\",\"item\":\"https:\\\/\\\/lequotidien.mr\\\/\"},{\"@type\":\"ListItem\",\"position\":2,\"name\":\"PIEMM : la Mauritanie confirme son r\u00f4le de moteur r\u00e9gional sous l\u2019impulsion du Pr\u00e9sident Ghazouani\"}]},{\"@type\":\"WebSite\",\"@id\":\"https:\\\/\\\/lequotidien.mr\\\/#website\",\"url\":\"https:\\\/\\\/lequotidien.mr\\\/\",\"name\":\"Le Quotidien de Nouakchott\",\"description\":\"\u0625\u062e\u0628\u0627\u0631\u064a\u0629 \u0645\u0633\u062a\u0642\u0644\u0629 \u0644\u0644\u0623\u0646\u0628\u0627\u0621 \u0627\u0644\u0639\u0627\u0645\u0629\",\"publisher\":{\"@id\":\"https:\\\/\\\/lequotidien.mr\\\/#organization\"},\"potentialAction\":[{\"@type\":\"SearchAction\",\"target\":{\"@type\":\"EntryPoint\",\"urlTemplate\":\"https:\\\/\\\/lequotidien.mr\\\/?s={search_term_string}\"},\"query-input\":{\"@type\":\"PropertyValueSpecification\",\"valueRequired\":true,\"valueName\":\"search_term_string\"}}],\"inLanguage\":\"ar\"},{\"@type\":\"Organization\",\"@id\":\"https:\\\/\\\/lequotidien.mr\\\/#organization\",\"name\":\"Le Quotidien de Nouakchott\",\"url\":\"https:\\\/\\\/lequotidien.mr\\\/\",\"logo\":{\"@type\":\"ImageObject\",\"inLanguage\":\"ar\",\"@id\":\"https:\\\/\\\/lequotidien.mr\\\/#\\\/schema\\\/logo\\\/image\\\/\",\"url\":\"https:\\\/\\\/lequotidien.mr\\\/wp-content\\\/uploads\\\/2022\\\/11\\\/logolequotidien.jpg\",\"contentUrl\":\"https:\\\/\\\/lequotidien.mr\\\/wp-content\\\/uploads\\\/2022\\\/11\\\/logolequotidien.jpg\",\"width\":290,\"height\":65,\"caption\":\"Le Quotidien de Nouakchott\"},\"image\":{\"@id\":\"https:\\\/\\\/lequotidien.mr\\\/#\\\/schema\\\/logo\\\/image\\\/\"},\"sameAs\":[\"https:\\\/\\\/web.facebook.com\\\/lequotidienmr\",\"https:\\\/\\\/x.com\\\/lequotidienmr\"]},{\"@type\":\"Person\",\"@id\":\"https:\\\/\\\/lequotidien.mr\\\/#\\\/schema\\\/person\\\/f90fcdaa970c60288de4ed2e64a56472\",\"name\":\"Le Quotidien\",\"image\":{\"@type\":\"ImageObject\",\"inLanguage\":\"ar\",\"@id\":\"https:\\\/\\\/secure.gravatar.com\\\/avatar\\\/374cb39a1a458a912465a93e5a3ce6546886fc3da809a1f10c63e4e8fcbca30f?s=96&d=mm&r=g\",\"url\":\"https:\\\/\\\/secure.gravatar.com\\\/avatar\\\/374cb39a1a458a912465a93e5a3ce6546886fc3da809a1f10c63e4e8fcbca30f?s=96&d=mm&r=g\",\"contentUrl\":\"https:\\\/\\\/secure.gravatar.com\\\/avatar\\\/374cb39a1a458a912465a93e5a3ce6546886fc3da809a1f10c63e4e8fcbca30f?s=96&d=mm&r=g\",\"caption\":\"Le Quotidien\"},\"sameAs\":[\"https:\\\/\\\/lequotidien.mr\\\/\"],\"url\":\"https:\\\/\\\/lequotidien.mr\\\/?author=4\"}]}<\/script>\n<!-- \/ Yoast SEO plugin. -->","yoast_head_json":{"title":"PIEMM : la Mauritanie confirme son r\u00f4le de moteur r\u00e9gional sous l\u2019impulsion du Pr\u00e9sident Ghazouani - Le Quotidien de Nouakchott","robots":{"index":"index","follow":"follow","max-snippet":"max-snippet:-1","max-image-preview":"max-image-preview:large","max-video-preview":"max-video-preview:-1"},"canonical":"https:\/\/lequotidien.mr\/?p=36920&lang=fr","og_locale":"ar_AR","og_type":"article","og_title":"PIEMM : la Mauritanie confirme son r\u00f4le de moteur r\u00e9gional sous l\u2019impulsion du Pr\u00e9sident Ghazouani - Le Quotidien de Nouakchott","og_description":"Ce niveau de confiance traduit une r\u00e9alit\u00e9 : la Mauritanie n\u2019est plus per\u00e7ue comme un terrain \u00e0 risque, mais comme un partenaire fiable, capable de porter des projets structurants et de garantir leur mise en \u0153uvre. PIEMM : Ghazouani \u00e0 la man\u0153uvre, Mohamed Abdel Vetah en chef d\u2019orchestre d\u2019un projet structurant Nouakchott a accueilli, ce.....","og_url":"https:\/\/lequotidien.mr\/?p=36920&lang=fr","og_site_name":"Le Quotidien de Nouakchott","article_publisher":"https:\/\/web.facebook.com\/lequotidienmr","article_published_time":"2026-04-29T11:24:16+00:00","og_image":[{"width":1080,"height":722,"url":"https:\/\/lequotidien.mr\/wp-content\/uploads\/2026\/04\/IMG-20260428-WA0154.jpg","type":"image\/jpeg"}],"author":"Le Quotidien","twitter_card":"summary_large_image","twitter_creator":"@lequotidienmr","twitter_site":"@lequotidienmr","twitter_misc":{"\u0643\u064f\u062a\u0628 \u0628\u0648\u0627\u0633\u0637\u0629":"Le Quotidien","\u0648\u0642\u062a \u0627\u0644\u0642\u0631\u0627\u0621\u0629 \u0627\u0644\u0645\u064f\u0642\u062f\u0651\u0631":"6 \u062f\u0642\u0627\u0626\u0642"},"schema":{"@context":"https:\/\/schema.org","@graph":[{"@type":"Article","@id":"https:\/\/lequotidien.mr\/?p=36920&lang=fr#article","isPartOf":{"@id":"https:\/\/lequotidien.mr\/?p=36920&lang=fr"},"author":{"name":"Le Quotidien","@id":"https:\/\/lequotidien.mr\/#\/schema\/person\/f90fcdaa970c60288de4ed2e64a56472"},"headline":"PIEMM : la Mauritanie confirme son r\u00f4le de moteur r\u00e9gional sous l\u2019impulsion du Pr\u00e9sident Ghazouani","datePublished":"2026-04-29T11:24:16+00:00","mainEntityOfPage":{"@id":"https:\/\/lequotidien.mr\/?p=36920&lang=fr"},"wordCount":824,"commentCount":0,"publisher":{"@id":"https:\/\/lequotidien.mr\/#organization"},"image":{"@id":"https:\/\/lequotidien.mr\/?p=36920&lang=fr#primaryimage"},"thumbnailUrl":"https:\/\/lequotidien.mr\/wp-content\/uploads\/2026\/04\/IMG-20260428-WA0154.jpg","articleSection":["ACTUALIT\u00c9","Economie","Couverture sp\u00e9cilale"],"inLanguage":"ar","potentialAction":[{"@type":"CommentAction","name":"Comment","target":["https:\/\/lequotidien.mr\/?p=36920&lang=fr#respond"]}]},{"@type":"WebPage","@id":"https:\/\/lequotidien.mr\/?p=36920&lang=fr","url":"https:\/\/lequotidien.mr\/?p=36920&lang=fr","name":"PIEMM : la Mauritanie confirme son r\u00f4le de moteur r\u00e9gional sous l\u2019impulsion du Pr\u00e9sident Ghazouani - Le Quotidien de Nouakchott","isPartOf":{"@id":"https:\/\/lequotidien.mr\/#website"},"primaryImageOfPage":{"@id":"https:\/\/lequotidien.mr\/?p=36920&lang=fr#primaryimage"},"image":{"@id":"https:\/\/lequotidien.mr\/?p=36920&lang=fr#primaryimage"},"thumbnailUrl":"https:\/\/lequotidien.mr\/wp-content\/uploads\/2026\/04\/IMG-20260428-WA0154.jpg","datePublished":"2026-04-29T11:24:16+00:00","breadcrumb":{"@id":"https:\/\/lequotidien.mr\/?p=36920&lang=fr#breadcrumb"},"inLanguage":"ar","potentialAction":[{"@type":"ReadAction","target":["https:\/\/lequotidien.mr\/?p=36920&lang=fr"]}]},{"@type":"ImageObject","inLanguage":"ar","@id":"https:\/\/lequotidien.mr\/?p=36920&lang=fr#primaryimage","url":"https:\/\/lequotidien.mr\/wp-content\/uploads\/2026\/04\/IMG-20260428-WA0154.jpg","contentUrl":"https:\/\/lequotidien.mr\/wp-content\/uploads\/2026\/04\/IMG-20260428-WA0154.jpg","width":1080,"height":722},{"@type":"BreadcrumbList","@id":"https:\/\/lequotidien.mr\/?p=36920&lang=fr#breadcrumb","itemListElement":[{"@type":"ListItem","position":1,"name":"Home","item":"https:\/\/lequotidien.mr\/"},{"@type":"ListItem","position":2,"name":"PIEMM : la Mauritanie confirme son r\u00f4le de moteur r\u00e9gional sous l\u2019impulsion du Pr\u00e9sident Ghazouani"}]},{"@type":"WebSite","@id":"https:\/\/lequotidien.mr\/#website","url":"https:\/\/lequotidien.mr\/","name":"Le Quotidien de Nouakchott","description":"\u0625\u062e\u0628\u0627\u0631\u064a\u0629 \u0645\u0633\u062a\u0642\u0644\u0629 \u0644\u0644\u0623\u0646\u0628\u0627\u0621 \u0627\u0644\u0639\u0627\u0645\u0629","publisher":{"@id":"https:\/\/lequotidien.mr\/#organization"},"potentialAction":[{"@type":"SearchAction","target":{"@type":"EntryPoint","urlTemplate":"https:\/\/lequotidien.mr\/?s={search_term_string}"},"query-input":{"@type":"PropertyValueSpecification","valueRequired":true,"valueName":"search_term_string"}}],"inLanguage":"ar"},{"@type":"Organization","@id":"https:\/\/lequotidien.mr\/#organization","name":"Le Quotidien de Nouakchott","url":"https:\/\/lequotidien.mr\/","logo":{"@type":"ImageObject","inLanguage":"ar","@id":"https:\/\/lequotidien.mr\/#\/schema\/logo\/image\/","url":"https:\/\/lequotidien.mr\/wp-content\/uploads\/2022\/11\/logolequotidien.jpg","contentUrl":"https:\/\/lequotidien.mr\/wp-content\/uploads\/2022\/11\/logolequotidien.jpg","width":290,"height":65,"caption":"Le Quotidien de Nouakchott"},"image":{"@id":"https:\/\/lequotidien.mr\/#\/schema\/logo\/image\/"},"sameAs":["https:\/\/web.facebook.com\/lequotidienmr","https:\/\/x.com\/lequotidienmr"]},{"@type":"Person","@id":"https:\/\/lequotidien.mr\/#\/schema\/person\/f90fcdaa970c60288de4ed2e64a56472","name":"Le Quotidien","image":{"@type":"ImageObject","inLanguage":"ar","@id":"https:\/\/secure.gravatar.com\/avatar\/374cb39a1a458a912465a93e5a3ce6546886fc3da809a1f10c63e4e8fcbca30f?s=96&d=mm&r=g","url":"https:\/\/secure.gravatar.com\/avatar\/374cb39a1a458a912465a93e5a3ce6546886fc3da809a1f10c63e4e8fcbca30f?s=96&d=mm&r=g","contentUrl":"https:\/\/secure.gravatar.com\/avatar\/374cb39a1a458a912465a93e5a3ce6546886fc3da809a1f10c63e4e8fcbca30f?s=96&d=mm&r=g","caption":"Le Quotidien"},"sameAs":["https:\/\/lequotidien.mr\/"],"url":"https:\/\/lequotidien.mr\/?author=4"}]}},"_links":{"self":[{"href":"https:\/\/lequotidien.mr\/index.php?rest_route=\/wp\/v2\/posts\/36920","targetHints":{"allow":["GET"]}}],"collection":[{"href":"https:\/\/lequotidien.mr\/index.php?rest_route=\/wp\/v2\/posts"}],"about":[{"href":"https:\/\/lequotidien.mr\/index.php?rest_route=\/wp\/v2\/types\/post"}],"author":[{"embeddable":true,"href":"https:\/\/lequotidien.mr\/index.php?rest_route=\/wp\/v2\/users\/4"}],"replies":[{"embeddable":true,"href":"https:\/\/lequotidien.mr\/index.php?rest_route=%2Fwp%2Fv2%2Fcomments&post=36920"}],"version-history":[{"count":1,"href":"https:\/\/lequotidien.mr\/index.php?rest_route=\/wp\/v2\/posts\/36920\/revisions"}],"predecessor-version":[{"id":36922,"href":"https:\/\/lequotidien.mr\/index.php?rest_route=\/wp\/v2\/posts\/36920\/revisions\/36922"}],"wp:featuredmedia":[{"embeddable":true,"href":"https:\/\/lequotidien.mr\/index.php?rest_route=\/wp\/v2\/media\/36921"}],"wp:attachment":[{"href":"https:\/\/lequotidien.mr\/index.php?rest_route=%2Fwp%2Fv2%2Fmedia&parent=36920"}],"wp:term":[{"taxonomy":"category","embeddable":true,"href":"https:\/\/lequotidien.mr\/index.php?rest_route=%2Fwp%2Fv2%2Fcategories&post=36920"},{"taxonomy":"post_tag","embeddable":true,"href":"https:\/\/lequotidien.mr\/index.php?rest_route=%2Fwp%2Fv2%2Ftags&post=36920"}],"curies":[{"name":"wp","href":"https:\/\/api.w.org\/{rel}","templated":true}]}}