{"id":36902,"date":"2026-04-28T17:11:05","date_gmt":"2026-04-28T17:11:05","guid":{"rendered":"https:\/\/lequotidien.mr\/?p=36902"},"modified":"2026-04-28T17:11:05","modified_gmt":"2026-04-28T17:11:05","slug":"peche-la-mauritanie-consolide-son-leadership-en-matiere-de-transparence","status":"publish","type":"post","link":"https:\/\/lequotidien.mr\/?p=36902&lang=fr","title":{"rendered":"P\u00eache : la Mauritanie consolide son leadership en mati\u00e8re de transparence"},"content":{"rendered":"<p data-start=\"79\" data-end=\"514\">Le ministre de la P\u00eache, des Infrastructures maritimes et portuaires, <span class=\"hover:entity-accent entity-underline inline cursor-pointer align-baseline\"><span class=\"whitespace-normal\">Moctar Ahmed Bouceif<\/span><\/span>, a re\u00e7u mardi une d\u00e9l\u00e9gation conduite par le pr\u00e9sident du conseil d\u2019administration de l\u2019<span class=\"hover:entity-accent entity-underline inline cursor-pointer align-baseline\"><span class=\"whitespace-normal\">Initiative pour la Transparence des P\u00eaches<\/span><\/span>, <span class=\"hover:entity-accent entity-underline inline cursor-pointer align-baseline\"><span class=\"whitespace-normal\">Audun Lem<\/span><\/span>, dans le cadre d\u2019\u00e9changes consacr\u00e9s au renforcement de la coop\u00e9ration entre la <span class=\"hover:entity-accent entity-underline inline cursor-pointer align-baseline\"><span class=\"whitespace-normal\">Mauritanie<\/span><\/span> et cette instance internationale sp\u00e9cialis\u00e9e.<\/p>\n<p data-start=\"516\" data-end=\"827\">La rencontre a permis de faire le point sur l\u2019\u00e9tat du partenariat entre les deux parties, tout en mettant en lumi\u00e8re les avanc\u00e9es enregistr\u00e9es par la Mauritanie dans le domaine de la gouvernance et de la transparence du secteur halieutique, consid\u00e9r\u00e9 comme l\u2019un des piliers strat\u00e9giques de l\u2019\u00e9conomie nationale.<\/p>\n<p data-start=\"829\" data-end=\"1200\">Au cours des discussions, les responsables ont pass\u00e9 en revue les efforts entrepris par la Mauritanie pour promouvoir une gestion plus ouverte, responsable et durable des ressources halieutiques, dans un contexte international o\u00f9 la transparence constitue un levier essentiel pour renforcer la confiance, am\u00e9liorer la gouvernance et lutter contre les pratiques illicites.<\/p>\n<p data-start=\"1202\" data-end=\"1472\">La reconnaissance de la Mauritanie parmi les pays leaders dans ce domaine t\u00e9moigne des progr\u00e8s r\u00e9alis\u00e9s en mati\u00e8re de publication d\u2019informations, d\u2019am\u00e9lioration des m\u00e9canismes de suivi et de promotion des standards internationaux li\u00e9s \u00e0 la gestion du secteur des p\u00eaches.<\/p>\n<p data-start=\"1474\" data-end=\"1759\">Cette dynamique s\u2019inscrit dans une strat\u00e9gie plus large visant \u00e0 valoriser durablement les ressources maritimes du pays, \u00e0 consolider l\u2019attractivit\u00e9 du secteur pour les investisseurs et partenaires, tout en garantissant une meilleure pr\u00e9servation des richesses halieutiques nationales.<\/p>\n<p data-start=\"1761\" data-end=\"2029\">L\u2019entretien a \u00e9galement \u00e9t\u00e9 l\u2019occasion de r\u00e9affirmer l\u2019importance du dialogue avec les institutions internationales sp\u00e9cialis\u00e9es, afin de renforcer les capacit\u00e9s techniques, d\u2019\u00e9changer les bonnes pratiques et de poursuivre l\u2019am\u00e9lioration des m\u00e9canismes de gouvernance.<\/p>\n<p data-start=\"2031\" data-end=\"2261\">La r\u00e9union s\u2019est d\u00e9roul\u00e9e en pr\u00e9sence du secr\u00e9taire g\u00e9n\u00e9ral du minist\u00e8re, <span class=\"hover:entity-accent entity-underline inline cursor-pointer align-baseline\"><span class=\"whitespace-normal\">Sidi Ali Ould Sidi Boubacar<\/span><\/span>, ainsi que de plusieurs responsables du d\u00e9partement, traduisant l\u2019importance strat\u00e9gique accord\u00e9e \u00e0 cette coop\u00e9ration.<\/p>\n<p data-start=\"2263\" data-end=\"2549\" data-is-last-node=\"\" data-is-only-node=\"\">\u00c0 travers cette concertation, la <span class=\"hover:entity-accent entity-underline inline cursor-pointer align-baseline\"><span class=\"whitespace-normal\">Mauritanie<\/span><\/span> confirme sa volont\u00e9 de maintenir son positionnement de r\u00e9f\u00e9rence r\u00e9gionale dans la transparence des p\u00eaches, en associant performance \u00e9conomique, bonne gouvernance et exploitation durable de ses ressources maritimes.<\/p>\n","protected":false},"excerpt":{"rendered":"<p>Le ministre de la P\u00eache, des Infrastructures maritimes et portuaires, Moctar Ahmed Bouceif, a re\u00e7u mardi une d\u00e9l\u00e9gation conduite par le pr\u00e9sident du conseil d\u2019administration de l\u2019Initiative pour la Transparence des P\u00eaches, Audun Lem, dans le cadre d\u2019\u00e9changes consacr\u00e9s au renforcement de la coop\u00e9ration entre la Mauritanie et cette instance internationale sp\u00e9cialis\u00e9e. La rencontre a&#8230;..<\/p>\n","protected":false},"author":13,"featured_media":36903,"comment_status":"open","ping_status":"open","sticky":false,"template":"","format":"standard","meta":{"footnotes":""},"categories":[23,49,57],"tags":[],"class_list":["post-36902","post","type-post","status-publish","format-standard","has-post-thumbnail","hentry","category-actualite","category-economie","category-couverture-specilale"],"yoast_head":"<!-- This site is optimized with the Yoast SEO plugin v27.5 - https:\/\/yoast.com\/product\/yoast-seo-wordpress\/ -->\n<title>P\u00eache : la Mauritanie consolide son leadership en mati\u00e8re de transparence - Le Quotidien de Nouakchott<\/title>\n<meta name=\"robots\" content=\"index, follow, max-snippet:-1, max-image-preview:large, max-video-preview:-1\" \/>\n<link rel=\"canonical\" href=\"https:\/\/lequotidien.mr\/?p=36902&lang=fr\" \/>\n<meta property=\"og:locale\" content=\"ar_AR\" \/>\n<meta property=\"og:type\" content=\"article\" \/>\n<meta property=\"og:title\" content=\"P\u00eache : la Mauritanie consolide son leadership en mati\u00e8re de transparence - Le Quotidien de Nouakchott\" \/>\n<meta property=\"og:description\" content=\"Le ministre de la P\u00eache, des Infrastructures maritimes et portuaires, Moctar Ahmed Bouceif, a re\u00e7u mardi une d\u00e9l\u00e9gation conduite par le pr\u00e9sident du conseil d\u2019administration de l\u2019Initiative pour la Transparence des P\u00eaches, Audun Lem, dans le cadre d\u2019\u00e9changes consacr\u00e9s au renforcement de la coop\u00e9ration entre la Mauritanie et cette instance internationale sp\u00e9cialis\u00e9e. La rencontre a.....\" \/>\n<meta property=\"og:url\" content=\"https:\/\/lequotidien.mr\/?p=36902&amp;lang=fr\" \/>\n<meta property=\"og:site_name\" content=\"Le Quotidien de Nouakchott\" \/>\n<meta property=\"article:publisher\" content=\"https:\/\/web.facebook.com\/lequotidienmr\" \/>\n<meta property=\"article:published_time\" content=\"2026-04-28T17:11:05+00:00\" \/>\n<meta property=\"og:image\" content=\"https:\/\/lequotidien.mr\/wp-content\/uploads\/2026\/04\/28-04-2026-013-750x430-1.jpeg\" \/>\n\t<meta property=\"og:image:width\" content=\"750\" \/>\n\t<meta property=\"og:image:height\" content=\"430\" \/>\n\t<meta property=\"og:image:type\" content=\"image\/jpeg\" \/>\n<meta name=\"author\" content=\"Fatimetou Ethemane\" \/>\n<meta name=\"twitter:card\" content=\"summary_large_image\" \/>\n<meta name=\"twitter:creator\" content=\"@lequotidienmr\" \/>\n<meta name=\"twitter:site\" content=\"@lequotidienmr\" \/>\n<meta name=\"twitter:label1\" content=\"\u0643\u064f\u062a\u0628 \u0628\u0648\u0627\u0633\u0637\u0629\" \/>\n\t<meta name=\"twitter:data1\" content=\"Fatimetou Ethemane\" \/>\n\t<meta name=\"twitter:label2\" content=\"\u0648\u0642\u062a \u0627\u0644\u0642\u0631\u0627\u0621\u0629 \u0627\u0644\u0645\u064f\u0642\u062f\u0651\u0631\" \/>\n\t<meta name=\"twitter:data2\" content=\"3 \u062f\u0642\u0627\u0626\u0642\" \/>\n<script type=\"application\/ld+json\" class=\"yoast-schema-graph\">{\"@context\":\"https:\\\/\\\/schema.org\",\"@graph\":[{\"@type\":\"Article\",\"@id\":\"https:\\\/\\\/lequotidien.mr\\\/?p=36902&lang=fr#article\",\"isPartOf\":{\"@id\":\"https:\\\/\\\/lequotidien.mr\\\/?p=36902&lang=fr\"},\"author\":{\"name\":\"Fatimetou Ethemane\",\"@id\":\"https:\\\/\\\/lequotidien.mr\\\/#\\\/schema\\\/person\\\/0926dbaf41ffa88b64cf66855b9b2826\"},\"headline\":\"P\u00eache : la Mauritanie consolide son leadership en mati\u00e8re de transparence\",\"datePublished\":\"2026-04-28T17:11:05+00:00\",\"mainEntityOfPage\":{\"@id\":\"https:\\\/\\\/lequotidien.mr\\\/?p=36902&lang=fr\"},\"wordCount\":400,\"commentCount\":0,\"publisher\":{\"@id\":\"https:\\\/\\\/lequotidien.mr\\\/#organization\"},\"image\":{\"@id\":\"https:\\\/\\\/lequotidien.mr\\\/?p=36902&lang=fr#primaryimage\"},\"thumbnailUrl\":\"https:\\\/\\\/lequotidien.mr\\\/wp-content\\\/uploads\\\/2026\\\/04\\\/28-04-2026-013-750x430-1.jpeg\",\"articleSection\":[\"ACTUALIT\u00c9\",\"Economie\",\"Couverture sp\u00e9cilale\"],\"inLanguage\":\"ar\",\"potentialAction\":[{\"@type\":\"CommentAction\",\"name\":\"Comment\",\"target\":[\"https:\\\/\\\/lequotidien.mr\\\/?p=36902&lang=fr#respond\"]}]},{\"@type\":\"WebPage\",\"@id\":\"https:\\\/\\\/lequotidien.mr\\\/?p=36902&lang=fr\",\"url\":\"https:\\\/\\\/lequotidien.mr\\\/?p=36902&lang=fr\",\"name\":\"P\u00eache : la Mauritanie consolide son leadership en mati\u00e8re de transparence - Le Quotidien de Nouakchott\",\"isPartOf\":{\"@id\":\"https:\\\/\\\/lequotidien.mr\\\/#website\"},\"primaryImageOfPage\":{\"@id\":\"https:\\\/\\\/lequotidien.mr\\\/?p=36902&lang=fr#primaryimage\"},\"image\":{\"@id\":\"https:\\\/\\\/lequotidien.mr\\\/?p=36902&lang=fr#primaryimage\"},\"thumbnailUrl\":\"https:\\\/\\\/lequotidien.mr\\\/wp-content\\\/uploads\\\/2026\\\/04\\\/28-04-2026-013-750x430-1.jpeg\",\"datePublished\":\"2026-04-28T17:11:05+00:00\",\"breadcrumb\":{\"@id\":\"https:\\\/\\\/lequotidien.mr\\\/?p=36902&lang=fr#breadcrumb\"},\"inLanguage\":\"ar\",\"potentialAction\":[{\"@type\":\"ReadAction\",\"target\":[\"https:\\\/\\\/lequotidien.mr\\\/?p=36902&lang=fr\"]}]},{\"@type\":\"ImageObject\",\"inLanguage\":\"ar\",\"@id\":\"https:\\\/\\\/lequotidien.mr\\\/?p=36902&lang=fr#primaryimage\",\"url\":\"https:\\\/\\\/lequotidien.mr\\\/wp-content\\\/uploads\\\/2026\\\/04\\\/28-04-2026-013-750x430-1.jpeg\",\"contentUrl\":\"https:\\\/\\\/lequotidien.mr\\\/wp-content\\\/uploads\\\/2026\\\/04\\\/28-04-2026-013-750x430-1.jpeg\",\"width\":750,\"height\":430},{\"@type\":\"BreadcrumbList\",\"@id\":\"https:\\\/\\\/lequotidien.mr\\\/?p=36902&lang=fr#breadcrumb\",\"itemListElement\":[{\"@type\":\"ListItem\",\"position\":1,\"name\":\"Home\",\"item\":\"https:\\\/\\\/lequotidien.mr\\\/\"},{\"@type\":\"ListItem\",\"position\":2,\"name\":\"P\u00eache : la Mauritanie consolide son leadership en mati\u00e8re de transparence\"}]},{\"@type\":\"WebSite\",\"@id\":\"https:\\\/\\\/lequotidien.mr\\\/#website\",\"url\":\"https:\\\/\\\/lequotidien.mr\\\/\",\"name\":\"Le Quotidien de Nouakchott\",\"description\":\"\u0625\u062e\u0628\u0627\u0631\u064a\u0629 \u0645\u0633\u062a\u0642\u0644\u0629 \u0644\u0644\u0623\u0646\u0628\u0627\u0621 \u0627\u0644\u0639\u0627\u0645\u0629\",\"publisher\":{\"@id\":\"https:\\\/\\\/lequotidien.mr\\\/#organization\"},\"potentialAction\":[{\"@type\":\"SearchAction\",\"target\":{\"@type\":\"EntryPoint\",\"urlTemplate\":\"https:\\\/\\\/lequotidien.mr\\\/?s={search_term_string}\"},\"query-input\":{\"@type\":\"PropertyValueSpecification\",\"valueRequired\":true,\"valueName\":\"search_term_string\"}}],\"inLanguage\":\"ar\"},{\"@type\":\"Organization\",\"@id\":\"https:\\\/\\\/lequotidien.mr\\\/#organization\",\"name\":\"Le Quotidien de Nouakchott\",\"url\":\"https:\\\/\\\/lequotidien.mr\\\/\",\"logo\":{\"@type\":\"ImageObject\",\"inLanguage\":\"ar\",\"@id\":\"https:\\\/\\\/lequotidien.mr\\\/#\\\/schema\\\/logo\\\/image\\\/\",\"url\":\"https:\\\/\\\/lequotidien.mr\\\/wp-content\\\/uploads\\\/2022\\\/11\\\/logolequotidien.jpg\",\"contentUrl\":\"https:\\\/\\\/lequotidien.mr\\\/wp-content\\\/uploads\\\/2022\\\/11\\\/logolequotidien.jpg\",\"width\":290,\"height\":65,\"caption\":\"Le Quotidien de Nouakchott\"},\"image\":{\"@id\":\"https:\\\/\\\/lequotidien.mr\\\/#\\\/schema\\\/logo\\\/image\\\/\"},\"sameAs\":[\"https:\\\/\\\/web.facebook.com\\\/lequotidienmr\",\"https:\\\/\\\/x.com\\\/lequotidienmr\"]},{\"@type\":\"Person\",\"@id\":\"https:\\\/\\\/lequotidien.mr\\\/#\\\/schema\\\/person\\\/0926dbaf41ffa88b64cf66855b9b2826\",\"name\":\"Fatimetou Ethemane\",\"image\":{\"@type\":\"ImageObject\",\"inLanguage\":\"ar\",\"@id\":\"https:\\\/\\\/secure.gravatar.com\\\/avatar\\\/38fea9097a5e574debe9801202088f6f4429fdac0912587175811aad50d9706e?s=96&d=mm&r=g\",\"url\":\"https:\\\/\\\/secure.gravatar.com\\\/avatar\\\/38fea9097a5e574debe9801202088f6f4429fdac0912587175811aad50d9706e?s=96&d=mm&r=g\",\"contentUrl\":\"https:\\\/\\\/secure.gravatar.com\\\/avatar\\\/38fea9097a5e574debe9801202088f6f4429fdac0912587175811aad50d9706e?s=96&d=mm&r=g\",\"caption\":\"Fatimetou Ethemane\"},\"sameAs\":[\"http:\\\/\\\/lequotidien.mr\"],\"url\":\"https:\\\/\\\/lequotidien.mr\\\/?author=13\"}]}<\/script>\n<!-- \/ Yoast SEO plugin. -->","yoast_head_json":{"title":"P\u00eache : la Mauritanie consolide son leadership en mati\u00e8re de transparence - Le Quotidien de Nouakchott","robots":{"index":"index","follow":"follow","max-snippet":"max-snippet:-1","max-image-preview":"max-image-preview:large","max-video-preview":"max-video-preview:-1"},"canonical":"https:\/\/lequotidien.mr\/?p=36902&lang=fr","og_locale":"ar_AR","og_type":"article","og_title":"P\u00eache : la Mauritanie consolide son leadership en mati\u00e8re de transparence - Le Quotidien de Nouakchott","og_description":"Le ministre de la P\u00eache, des Infrastructures maritimes et portuaires, Moctar Ahmed Bouceif, a re\u00e7u mardi une d\u00e9l\u00e9gation conduite par le pr\u00e9sident du conseil d\u2019administration de l\u2019Initiative pour la Transparence des P\u00eaches, Audun Lem, dans le cadre d\u2019\u00e9changes consacr\u00e9s au renforcement de la coop\u00e9ration entre la Mauritanie et cette instance internationale sp\u00e9cialis\u00e9e. La rencontre a.....","og_url":"https:\/\/lequotidien.mr\/?p=36902&lang=fr","og_site_name":"Le Quotidien de Nouakchott","article_publisher":"https:\/\/web.facebook.com\/lequotidienmr","article_published_time":"2026-04-28T17:11:05+00:00","og_image":[{"width":750,"height":430,"url":"https:\/\/lequotidien.mr\/wp-content\/uploads\/2026\/04\/28-04-2026-013-750x430-1.jpeg","type":"image\/jpeg"}],"author":"Fatimetou Ethemane","twitter_card":"summary_large_image","twitter_creator":"@lequotidienmr","twitter_site":"@lequotidienmr","twitter_misc":{"\u0643\u064f\u062a\u0628 \u0628\u0648\u0627\u0633\u0637\u0629":"Fatimetou Ethemane","\u0648\u0642\u062a \u0627\u0644\u0642\u0631\u0627\u0621\u0629 \u0627\u0644\u0645\u064f\u0642\u062f\u0651\u0631":"3 \u062f\u0642\u0627\u0626\u0642"},"schema":{"@context":"https:\/\/schema.org","@graph":[{"@type":"Article","@id":"https:\/\/lequotidien.mr\/?p=36902&lang=fr#article","isPartOf":{"@id":"https:\/\/lequotidien.mr\/?p=36902&lang=fr"},"author":{"name":"Fatimetou Ethemane","@id":"https:\/\/lequotidien.mr\/#\/schema\/person\/0926dbaf41ffa88b64cf66855b9b2826"},"headline":"P\u00eache : la Mauritanie consolide son leadership en mati\u00e8re de transparence","datePublished":"2026-04-28T17:11:05+00:00","mainEntityOfPage":{"@id":"https:\/\/lequotidien.mr\/?p=36902&lang=fr"},"wordCount":400,"commentCount":0,"publisher":{"@id":"https:\/\/lequotidien.mr\/#organization"},"image":{"@id":"https:\/\/lequotidien.mr\/?p=36902&lang=fr#primaryimage"},"thumbnailUrl":"https:\/\/lequotidien.mr\/wp-content\/uploads\/2026\/04\/28-04-2026-013-750x430-1.jpeg","articleSection":["ACTUALIT\u00c9","Economie","Couverture sp\u00e9cilale"],"inLanguage":"ar","potentialAction":[{"@type":"CommentAction","name":"Comment","target":["https:\/\/lequotidien.mr\/?p=36902&lang=fr#respond"]}]},{"@type":"WebPage","@id":"https:\/\/lequotidien.mr\/?p=36902&lang=fr","url":"https:\/\/lequotidien.mr\/?p=36902&lang=fr","name":"P\u00eache : la Mauritanie consolide son leadership en mati\u00e8re de transparence - Le Quotidien de Nouakchott","isPartOf":{"@id":"https:\/\/lequotidien.mr\/#website"},"primaryImageOfPage":{"@id":"https:\/\/lequotidien.mr\/?p=36902&lang=fr#primaryimage"},"image":{"@id":"https:\/\/lequotidien.mr\/?p=36902&lang=fr#primaryimage"},"thumbnailUrl":"https:\/\/lequotidien.mr\/wp-content\/uploads\/2026\/04\/28-04-2026-013-750x430-1.jpeg","datePublished":"2026-04-28T17:11:05+00:00","breadcrumb":{"@id":"https:\/\/lequotidien.mr\/?p=36902&lang=fr#breadcrumb"},"inLanguage":"ar","potentialAction":[{"@type":"ReadAction","target":["https:\/\/lequotidien.mr\/?p=36902&lang=fr"]}]},{"@type":"ImageObject","inLanguage":"ar","@id":"https:\/\/lequotidien.mr\/?p=36902&lang=fr#primaryimage","url":"https:\/\/lequotidien.mr\/wp-content\/uploads\/2026\/04\/28-04-2026-013-750x430-1.jpeg","contentUrl":"https:\/\/lequotidien.mr\/wp-content\/uploads\/2026\/04\/28-04-2026-013-750x430-1.jpeg","width":750,"height":430},{"@type":"BreadcrumbList","@id":"https:\/\/lequotidien.mr\/?p=36902&lang=fr#breadcrumb","itemListElement":[{"@type":"ListItem","position":1,"name":"Home","item":"https:\/\/lequotidien.mr\/"},{"@type":"ListItem","position":2,"name":"P\u00eache : la Mauritanie consolide son leadership en mati\u00e8re de transparence"}]},{"@type":"WebSite","@id":"https:\/\/lequotidien.mr\/#website","url":"https:\/\/lequotidien.mr\/","name":"Le Quotidien de Nouakchott","description":"\u0625\u062e\u0628\u0627\u0631\u064a\u0629 \u0645\u0633\u062a\u0642\u0644\u0629 \u0644\u0644\u0623\u0646\u0628\u0627\u0621 \u0627\u0644\u0639\u0627\u0645\u0629","publisher":{"@id":"https:\/\/lequotidien.mr\/#organization"},"potentialAction":[{"@type":"SearchAction","target":{"@type":"EntryPoint","urlTemplate":"https:\/\/lequotidien.mr\/?s={search_term_string}"},"query-input":{"@type":"PropertyValueSpecification","valueRequired":true,"valueName":"search_term_string"}}],"inLanguage":"ar"},{"@type":"Organization","@id":"https:\/\/lequotidien.mr\/#organization","name":"Le Quotidien de Nouakchott","url":"https:\/\/lequotidien.mr\/","logo":{"@type":"ImageObject","inLanguage":"ar","@id":"https:\/\/lequotidien.mr\/#\/schema\/logo\/image\/","url":"https:\/\/lequotidien.mr\/wp-content\/uploads\/2022\/11\/logolequotidien.jpg","contentUrl":"https:\/\/lequotidien.mr\/wp-content\/uploads\/2022\/11\/logolequotidien.jpg","width":290,"height":65,"caption":"Le Quotidien de Nouakchott"},"image":{"@id":"https:\/\/lequotidien.mr\/#\/schema\/logo\/image\/"},"sameAs":["https:\/\/web.facebook.com\/lequotidienmr","https:\/\/x.com\/lequotidienmr"]},{"@type":"Person","@id":"https:\/\/lequotidien.mr\/#\/schema\/person\/0926dbaf41ffa88b64cf66855b9b2826","name":"Fatimetou Ethemane","image":{"@type":"ImageObject","inLanguage":"ar","@id":"https:\/\/secure.gravatar.com\/avatar\/38fea9097a5e574debe9801202088f6f4429fdac0912587175811aad50d9706e?s=96&d=mm&r=g","url":"https:\/\/secure.gravatar.com\/avatar\/38fea9097a5e574debe9801202088f6f4429fdac0912587175811aad50d9706e?s=96&d=mm&r=g","contentUrl":"https:\/\/secure.gravatar.com\/avatar\/38fea9097a5e574debe9801202088f6f4429fdac0912587175811aad50d9706e?s=96&d=mm&r=g","caption":"Fatimetou Ethemane"},"sameAs":["http:\/\/lequotidien.mr"],"url":"https:\/\/lequotidien.mr\/?author=13"}]}},"_links":{"self":[{"href":"https:\/\/lequotidien.mr\/index.php?rest_route=\/wp\/v2\/posts\/36902","targetHints":{"allow":["GET"]}}],"collection":[{"href":"https:\/\/lequotidien.mr\/index.php?rest_route=\/wp\/v2\/posts"}],"about":[{"href":"https:\/\/lequotidien.mr\/index.php?rest_route=\/wp\/v2\/types\/post"}],"author":[{"embeddable":true,"href":"https:\/\/lequotidien.mr\/index.php?rest_route=\/wp\/v2\/users\/13"}],"replies":[{"embeddable":true,"href":"https:\/\/lequotidien.mr\/index.php?rest_route=%2Fwp%2Fv2%2Fcomments&post=36902"}],"version-history":[{"count":1,"href":"https:\/\/lequotidien.mr\/index.php?rest_route=\/wp\/v2\/posts\/36902\/revisions"}],"predecessor-version":[{"id":36904,"href":"https:\/\/lequotidien.mr\/index.php?rest_route=\/wp\/v2\/posts\/36902\/revisions\/36904"}],"wp:featuredmedia":[{"embeddable":true,"href":"https:\/\/lequotidien.mr\/index.php?rest_route=\/wp\/v2\/media\/36903"}],"wp:attachment":[{"href":"https:\/\/lequotidien.mr\/index.php?rest_route=%2Fwp%2Fv2%2Fmedia&parent=36902"}],"wp:term":[{"taxonomy":"category","embeddable":true,"href":"https:\/\/lequotidien.mr\/index.php?rest_route=%2Fwp%2Fv2%2Fcategories&post=36902"},{"taxonomy":"post_tag","embeddable":true,"href":"https:\/\/lequotidien.mr\/index.php?rest_route=%2Fwp%2Fv2%2Ftags&post=36902"}],"curies":[{"name":"wp","href":"https:\/\/api.w.org\/{rel}","templated":true}]}}