{"id":36899,"date":"2026-04-26T17:09:10","date_gmt":"2026-04-26T17:09:10","guid":{"rendered":"https:\/\/lequotidien.mr\/?p=36899"},"modified":"2026-04-28T17:10:07","modified_gmt":"2026-04-28T17:10:07","slug":"ghazouani-a-abou-dhabi-la-mauritanie-et-les-emirats-consolident-leur-partenariat-strategique","status":"publish","type":"post","link":"https:\/\/lequotidien.mr\/?p=36899&lang=fr","title":{"rendered":"Ghazouani \u00e0 Abou Dhabi : la Mauritanie et les \u00c9mirats consolident leur partenariat strat\u00e9gique"},"content":{"rendered":"<p data-start=\"100\" data-end=\"462\">Le Pr\u00e9sident de la R\u00e9publique, <span class=\"hover:entity-accent entity-underline inline cursor-pointer align-baseline\"><span class=\"whitespace-normal\">Mohamed Ould Cheikh El Ghazouani<\/span><\/span>, a tenu dimanche \u00e0 <span class=\"hover:entity-accent entity-underline inline cursor-pointer align-baseline\"><span class=\"whitespace-normal\">Abu Dhabi<\/span><\/span> une rencontre de haut niveau avec Son Altesse Cheikh <span class=\"hover:entity-accent entity-underline inline cursor-pointer align-baseline\"><span class=\"whitespace-normal\">Mohamed bin Zayed Al Nahyan<\/span><\/span>, consacr\u00e9e au renforcement des relations bilat\u00e9rales entre la <span class=\"hover:entity-accent entity-underline inline cursor-pointer align-baseline\"><span class=\"whitespace-normal\">Mauritanie<\/span><\/span> et les <span class=\"hover:entity-accent entity-underline inline cursor-pointer align-baseline\"><span class=\"whitespace-normal\">\u00c9mirats arabes unis<\/span><\/span>.<\/p>\n<p data-start=\"464\" data-end=\"749\">Cette audience s\u2019inscrit dans le cadre de la dynamique croissante de coop\u00e9ration entre les deux pays, fond\u00e9e sur une convergence d\u2019int\u00e9r\u00eats dans plusieurs secteurs strat\u00e9giques, notamment le d\u00e9veloppement \u00e9conomique, l\u2019investissement, les infrastructures et les \u00e9nergies renouvelables.<\/p>\n<p data-start=\"751\" data-end=\"1076\">Au cours de leurs \u00e9changes, les deux chefs d\u2019\u00c9tat ont examin\u00e9 les perspectives de consolidation du partenariat mauritano-\u00e9mirati, avec une attention particuli\u00e8re port\u00e9e aux opportunit\u00e9s offertes dans les domaines de la transition \u00e9nerg\u00e9tique, de la modernisation \u00e9conomique et du soutien aux projets de d\u00e9veloppement durable.<\/p>\n<p data-start=\"1078\" data-end=\"1431\">L\u2019accent mis sur les \u00e9nergies renouvelables traduit l\u2019importance croissante de ce secteur dans les politiques de diversification \u00e9conomique, alors que la Mauritanie ambitionne de renforcer son attractivit\u00e9 en tant que p\u00f4le \u00e9mergent dans les fili\u00e8res \u00e9nerg\u00e9tiques du futur, notamment \u00e0 travers le solaire, l\u2019\u00e9olien et les projets li\u00e9s \u00e0 l\u2019hydrog\u00e8ne vert.<\/p>\n<p data-start=\"1433\" data-end=\"1757\">Au-del\u00e0 des questions bilat\u00e9rales, la rencontre a \u00e9galement permis un \u00e9change approfondi sur plusieurs dossiers r\u00e9gionaux et internationaux, en particulier les d\u00e9veloppements r\u00e9cents au Moyen-Orient, dont les r\u00e9percussions s\u00e9curitaires, politiques et \u00e9conomiques suscitent une vive pr\u00e9occupation sur la sc\u00e8ne internationale.<\/p>\n<p data-start=\"1759\" data-end=\"2043\">Les deux dirigeants ont ainsi pass\u00e9 en revue les enjeux li\u00e9s \u00e0 la stabilit\u00e9 r\u00e9gionale, \u00e0 la s\u00e9curit\u00e9 collective et aux cons\u00e9quences globales des tensions g\u00e9opolitiques actuelles, dans un contexte marqu\u00e9 par l\u2019importance du dialogue et de la coop\u00e9ration entre partenaires strat\u00e9giques.<\/p>\n<p data-start=\"2045\" data-end=\"2341\">Cette visite illustre la volont\u00e9 de la Mauritanie de diversifier et de renforcer ses alliances internationales, tout en consolidant ses relations avec les grandes puissances \u00e9conomiques du Golfe, consid\u00e9r\u00e9es comme des partenaires majeurs dans les domaines de l\u2019investissement et du d\u00e9veloppement.<\/p>\n<p data-start=\"2343\" data-end=\"2611\" data-is-last-node=\"\" data-is-only-node=\"\">\u00c0 travers cette rencontre \u00e0 Abu Dhabi, <span class=\"hover:entity-accent entity-underline inline cursor-pointer align-baseline\"><span class=\"whitespace-normal\">Mohamed Ould Cheikh El Ghazouani<\/span><\/span> confirme sa strat\u00e9gie diplomatique ax\u00e9e sur l\u2019ouverture, le partenariat \u00e9conomique et la recherche de coop\u00e9rations durables, au service du d\u00e9veloppement national et de la stabilit\u00e9 r\u00e9gionale.<\/p>\n","protected":false},"excerpt":{"rendered":"<p>Le Pr\u00e9sident de la R\u00e9publique, Mohamed Ould Cheikh El Ghazouani, a tenu dimanche \u00e0 Abu Dhabi une rencontre de haut niveau avec Son Altesse Cheikh Mohamed bin Zayed Al Nahyan, consacr\u00e9e au renforcement des relations bilat\u00e9rales entre la Mauritanie et les \u00c9mirats arabes unis. Cette audience s\u2019inscrit dans le cadre de la dynamique croissante de&#8230;..<\/p>\n","protected":false},"author":13,"featured_media":36900,"comment_status":"open","ping_status":"open","sticky":false,"template":"","format":"standard","meta":{"footnotes":""},"categories":[23,49],"tags":[],"class_list":["post-36899","post","type-post","status-publish","format-standard","has-post-thumbnail","hentry","category-actualite","category-economie"],"yoast_head":"<!-- This site is optimized with the Yoast SEO plugin v27.5 - https:\/\/yoast.com\/product\/yoast-seo-wordpress\/ -->\n<title>Ghazouani \u00e0 Abou Dhabi : la Mauritanie et les \u00c9mirats consolident leur partenariat strat\u00e9gique - Le Quotidien de Nouakchott<\/title>\n<meta name=\"robots\" content=\"index, follow, max-snippet:-1, max-image-preview:large, max-video-preview:-1\" \/>\n<link rel=\"canonical\" href=\"https:\/\/lequotidien.mr\/?p=36899&lang=fr\" \/>\n<meta property=\"og:locale\" content=\"ar_AR\" \/>\n<meta property=\"og:type\" content=\"article\" \/>\n<meta property=\"og:title\" content=\"Ghazouani \u00e0 Abou Dhabi : la Mauritanie et les \u00c9mirats consolident leur partenariat strat\u00e9gique - Le Quotidien de Nouakchott\" \/>\n<meta property=\"og:description\" content=\"Le Pr\u00e9sident de la R\u00e9publique, Mohamed Ould Cheikh El Ghazouani, a tenu dimanche \u00e0 Abu Dhabi une rencontre de haut niveau avec Son Altesse Cheikh Mohamed bin Zayed Al Nahyan, consacr\u00e9e au renforcement des relations bilat\u00e9rales entre la Mauritanie et les \u00c9mirats arabes unis. Cette audience s\u2019inscrit dans le cadre de la dynamique croissante de.....\" \/>\n<meta property=\"og:url\" content=\"https:\/\/lequotidien.mr\/?p=36899&amp;lang=fr\" \/>\n<meta property=\"og:site_name\" content=\"Le Quotidien de Nouakchott\" \/>\n<meta property=\"article:publisher\" content=\"https:\/\/web.facebook.com\/lequotidienmr\" \/>\n<meta property=\"article:published_time\" content=\"2026-04-26T17:09:10+00:00\" \/>\n<meta property=\"article:modified_time\" content=\"2026-04-28T17:10:07+00:00\" \/>\n<meta property=\"og:image\" content=\"https:\/\/lequotidien.mr\/wp-content\/uploads\/2026\/04\/\u0627\u0644\u0631\u0626\u064a\u0633\u0627\u0646-\u0627\u0644\u0645\u0648\u0631\u064a\u062a\u0627\u0646\u064a-\u0648\u0627\u0644\u0627\u0645\u0627\u0631\u0627\u062a\u064a.gif\" \/>\n\t<meta property=\"og:image:width\" content=\"1400\" \/>\n\t<meta property=\"og:image:height\" content=\"630\" \/>\n\t<meta property=\"og:image:type\" content=\"image\/gif\" \/>\n<meta name=\"author\" content=\"Fatimetou Ethemane\" \/>\n<meta name=\"twitter:card\" content=\"summary_large_image\" \/>\n<meta name=\"twitter:creator\" content=\"@lequotidienmr\" \/>\n<meta name=\"twitter:site\" content=\"@lequotidienmr\" \/>\n<meta name=\"twitter:label1\" content=\"\u0643\u064f\u062a\u0628 \u0628\u0648\u0627\u0633\u0637\u0629\" \/>\n\t<meta name=\"twitter:data1\" content=\"Fatimetou Ethemane\" \/>\n\t<meta name=\"twitter:label2\" content=\"\u0648\u0642\u062a \u0627\u0644\u0642\u0631\u0627\u0621\u0629 \u0627\u0644\u0645\u064f\u0642\u062f\u0651\u0631\" \/>\n\t<meta name=\"twitter:data2\" content=\"3 \u062f\u0642\u0627\u0626\u0642\" \/>\n<script type=\"application\/ld+json\" class=\"yoast-schema-graph\">{\"@context\":\"https:\\\/\\\/schema.org\",\"@graph\":[{\"@type\":\"Article\",\"@id\":\"https:\\\/\\\/lequotidien.mr\\\/?p=36899&lang=fr#article\",\"isPartOf\":{\"@id\":\"https:\\\/\\\/lequotidien.mr\\\/?p=36899&lang=fr\"},\"author\":{\"name\":\"Fatimetou Ethemane\",\"@id\":\"https:\\\/\\\/lequotidien.mr\\\/#\\\/schema\\\/person\\\/0926dbaf41ffa88b64cf66855b9b2826\"},\"headline\":\"Ghazouani \u00e0 Abou Dhabi : la Mauritanie et les \u00c9mirats consolident leur partenariat strat\u00e9gique\",\"datePublished\":\"2026-04-26T17:09:10+00:00\",\"dateModified\":\"2026-04-28T17:10:07+00:00\",\"mainEntityOfPage\":{\"@id\":\"https:\\\/\\\/lequotidien.mr\\\/?p=36899&lang=fr\"},\"wordCount\":398,\"commentCount\":0,\"publisher\":{\"@id\":\"https:\\\/\\\/lequotidien.mr\\\/#organization\"},\"image\":{\"@id\":\"https:\\\/\\\/lequotidien.mr\\\/?p=36899&lang=fr#primaryimage\"},\"thumbnailUrl\":\"https:\\\/\\\/lequotidien.mr\\\/wp-content\\\/uploads\\\/2026\\\/04\\\/\u0627\u0644\u0631\u0626\u064a\u0633\u0627\u0646-\u0627\u0644\u0645\u0648\u0631\u064a\u062a\u0627\u0646\u064a-\u0648\u0627\u0644\u0627\u0645\u0627\u0631\u0627\u062a\u064a.gif\",\"articleSection\":[\"ACTUALIT\u00c9\",\"Economie\"],\"inLanguage\":\"ar\",\"potentialAction\":[{\"@type\":\"CommentAction\",\"name\":\"Comment\",\"target\":[\"https:\\\/\\\/lequotidien.mr\\\/?p=36899&lang=fr#respond\"]}]},{\"@type\":\"WebPage\",\"@id\":\"https:\\\/\\\/lequotidien.mr\\\/?p=36899&lang=fr\",\"url\":\"https:\\\/\\\/lequotidien.mr\\\/?p=36899&lang=fr\",\"name\":\"Ghazouani \u00e0 Abou Dhabi : la Mauritanie et les \u00c9mirats consolident leur partenariat strat\u00e9gique - Le Quotidien de Nouakchott\",\"isPartOf\":{\"@id\":\"https:\\\/\\\/lequotidien.mr\\\/#website\"},\"primaryImageOfPage\":{\"@id\":\"https:\\\/\\\/lequotidien.mr\\\/?p=36899&lang=fr#primaryimage\"},\"image\":{\"@id\":\"https:\\\/\\\/lequotidien.mr\\\/?p=36899&lang=fr#primaryimage\"},\"thumbnailUrl\":\"https:\\\/\\\/lequotidien.mr\\\/wp-content\\\/uploads\\\/2026\\\/04\\\/\u0627\u0644\u0631\u0626\u064a\u0633\u0627\u0646-\u0627\u0644\u0645\u0648\u0631\u064a\u062a\u0627\u0646\u064a-\u0648\u0627\u0644\u0627\u0645\u0627\u0631\u0627\u062a\u064a.gif\",\"datePublished\":\"2026-04-26T17:09:10+00:00\",\"dateModified\":\"2026-04-28T17:10:07+00:00\",\"breadcrumb\":{\"@id\":\"https:\\\/\\\/lequotidien.mr\\\/?p=36899&lang=fr#breadcrumb\"},\"inLanguage\":\"ar\",\"potentialAction\":[{\"@type\":\"ReadAction\",\"target\":[\"https:\\\/\\\/lequotidien.mr\\\/?p=36899&lang=fr\"]}]},{\"@type\":\"ImageObject\",\"inLanguage\":\"ar\",\"@id\":\"https:\\\/\\\/lequotidien.mr\\\/?p=36899&lang=fr#primaryimage\",\"url\":\"https:\\\/\\\/lequotidien.mr\\\/wp-content\\\/uploads\\\/2026\\\/04\\\/\u0627\u0644\u0631\u0626\u064a\u0633\u0627\u0646-\u0627\u0644\u0645\u0648\u0631\u064a\u062a\u0627\u0646\u064a-\u0648\u0627\u0644\u0627\u0645\u0627\u0631\u0627\u062a\u064a.gif\",\"contentUrl\":\"https:\\\/\\\/lequotidien.mr\\\/wp-content\\\/uploads\\\/2026\\\/04\\\/\u0627\u0644\u0631\u0626\u064a\u0633\u0627\u0646-\u0627\u0644\u0645\u0648\u0631\u064a\u062a\u0627\u0646\u064a-\u0648\u0627\u0644\u0627\u0645\u0627\u0631\u0627\u062a\u064a.gif\",\"width\":1400,\"height\":630},{\"@type\":\"BreadcrumbList\",\"@id\":\"https:\\\/\\\/lequotidien.mr\\\/?p=36899&lang=fr#breadcrumb\",\"itemListElement\":[{\"@type\":\"ListItem\",\"position\":1,\"name\":\"Home\",\"item\":\"https:\\\/\\\/lequotidien.mr\\\/\"},{\"@type\":\"ListItem\",\"position\":2,\"name\":\"Ghazouani \u00e0 Abou Dhabi : la Mauritanie et les \u00c9mirats consolident leur partenariat strat\u00e9gique\"}]},{\"@type\":\"WebSite\",\"@id\":\"https:\\\/\\\/lequotidien.mr\\\/#website\",\"url\":\"https:\\\/\\\/lequotidien.mr\\\/\",\"name\":\"Le Quotidien de Nouakchott\",\"description\":\"\u0625\u062e\u0628\u0627\u0631\u064a\u0629 \u0645\u0633\u062a\u0642\u0644\u0629 \u0644\u0644\u0623\u0646\u0628\u0627\u0621 \u0627\u0644\u0639\u0627\u0645\u0629\",\"publisher\":{\"@id\":\"https:\\\/\\\/lequotidien.mr\\\/#organization\"},\"potentialAction\":[{\"@type\":\"SearchAction\",\"target\":{\"@type\":\"EntryPoint\",\"urlTemplate\":\"https:\\\/\\\/lequotidien.mr\\\/?s={search_term_string}\"},\"query-input\":{\"@type\":\"PropertyValueSpecification\",\"valueRequired\":true,\"valueName\":\"search_term_string\"}}],\"inLanguage\":\"ar\"},{\"@type\":\"Organization\",\"@id\":\"https:\\\/\\\/lequotidien.mr\\\/#organization\",\"name\":\"Le Quotidien de Nouakchott\",\"url\":\"https:\\\/\\\/lequotidien.mr\\\/\",\"logo\":{\"@type\":\"ImageObject\",\"inLanguage\":\"ar\",\"@id\":\"https:\\\/\\\/lequotidien.mr\\\/#\\\/schema\\\/logo\\\/image\\\/\",\"url\":\"https:\\\/\\\/lequotidien.mr\\\/wp-content\\\/uploads\\\/2022\\\/11\\\/logolequotidien.jpg\",\"contentUrl\":\"https:\\\/\\\/lequotidien.mr\\\/wp-content\\\/uploads\\\/2022\\\/11\\\/logolequotidien.jpg\",\"width\":290,\"height\":65,\"caption\":\"Le Quotidien de Nouakchott\"},\"image\":{\"@id\":\"https:\\\/\\\/lequotidien.mr\\\/#\\\/schema\\\/logo\\\/image\\\/\"},\"sameAs\":[\"https:\\\/\\\/web.facebook.com\\\/lequotidienmr\",\"https:\\\/\\\/x.com\\\/lequotidienmr\"]},{\"@type\":\"Person\",\"@id\":\"https:\\\/\\\/lequotidien.mr\\\/#\\\/schema\\\/person\\\/0926dbaf41ffa88b64cf66855b9b2826\",\"name\":\"Fatimetou Ethemane\",\"image\":{\"@type\":\"ImageObject\",\"inLanguage\":\"ar\",\"@id\":\"https:\\\/\\\/secure.gravatar.com\\\/avatar\\\/38fea9097a5e574debe9801202088f6f4429fdac0912587175811aad50d9706e?s=96&d=mm&r=g\",\"url\":\"https:\\\/\\\/secure.gravatar.com\\\/avatar\\\/38fea9097a5e574debe9801202088f6f4429fdac0912587175811aad50d9706e?s=96&d=mm&r=g\",\"contentUrl\":\"https:\\\/\\\/secure.gravatar.com\\\/avatar\\\/38fea9097a5e574debe9801202088f6f4429fdac0912587175811aad50d9706e?s=96&d=mm&r=g\",\"caption\":\"Fatimetou Ethemane\"},\"sameAs\":[\"http:\\\/\\\/lequotidien.mr\"],\"url\":\"https:\\\/\\\/lequotidien.mr\\\/?author=13\"}]}<\/script>\n<!-- \/ Yoast SEO plugin. -->","yoast_head_json":{"title":"Ghazouani \u00e0 Abou Dhabi : la Mauritanie et les \u00c9mirats consolident leur partenariat strat\u00e9gique - Le Quotidien de Nouakchott","robots":{"index":"index","follow":"follow","max-snippet":"max-snippet:-1","max-image-preview":"max-image-preview:large","max-video-preview":"max-video-preview:-1"},"canonical":"https:\/\/lequotidien.mr\/?p=36899&lang=fr","og_locale":"ar_AR","og_type":"article","og_title":"Ghazouani \u00e0 Abou Dhabi : la Mauritanie et les \u00c9mirats consolident leur partenariat strat\u00e9gique - Le Quotidien de Nouakchott","og_description":"Le Pr\u00e9sident de la R\u00e9publique, Mohamed Ould Cheikh El Ghazouani, a tenu dimanche \u00e0 Abu Dhabi une rencontre de haut niveau avec Son Altesse Cheikh Mohamed bin Zayed Al Nahyan, consacr\u00e9e au renforcement des relations bilat\u00e9rales entre la Mauritanie et les \u00c9mirats arabes unis. Cette audience s\u2019inscrit dans le cadre de la dynamique croissante de.....","og_url":"https:\/\/lequotidien.mr\/?p=36899&lang=fr","og_site_name":"Le Quotidien de Nouakchott","article_publisher":"https:\/\/web.facebook.com\/lequotidienmr","article_published_time":"2026-04-26T17:09:10+00:00","article_modified_time":"2026-04-28T17:10:07+00:00","og_image":[{"width":1400,"height":630,"url":"https:\/\/lequotidien.mr\/wp-content\/uploads\/2026\/04\/\u0627\u0644\u0631\u0626\u064a\u0633\u0627\u0646-\u0627\u0644\u0645\u0648\u0631\u064a\u062a\u0627\u0646\u064a-\u0648\u0627\u0644\u0627\u0645\u0627\u0631\u0627\u062a\u064a.gif","type":"image\/gif"}],"author":"Fatimetou Ethemane","twitter_card":"summary_large_image","twitter_creator":"@lequotidienmr","twitter_site":"@lequotidienmr","twitter_misc":{"\u0643\u064f\u062a\u0628 \u0628\u0648\u0627\u0633\u0637\u0629":"Fatimetou Ethemane","\u0648\u0642\u062a \u0627\u0644\u0642\u0631\u0627\u0621\u0629 \u0627\u0644\u0645\u064f\u0642\u062f\u0651\u0631":"3 \u062f\u0642\u0627\u0626\u0642"},"schema":{"@context":"https:\/\/schema.org","@graph":[{"@type":"Article","@id":"https:\/\/lequotidien.mr\/?p=36899&lang=fr#article","isPartOf":{"@id":"https:\/\/lequotidien.mr\/?p=36899&lang=fr"},"author":{"name":"Fatimetou Ethemane","@id":"https:\/\/lequotidien.mr\/#\/schema\/person\/0926dbaf41ffa88b64cf66855b9b2826"},"headline":"Ghazouani \u00e0 Abou Dhabi : la Mauritanie et les \u00c9mirats consolident leur partenariat strat\u00e9gique","datePublished":"2026-04-26T17:09:10+00:00","dateModified":"2026-04-28T17:10:07+00:00","mainEntityOfPage":{"@id":"https:\/\/lequotidien.mr\/?p=36899&lang=fr"},"wordCount":398,"commentCount":0,"publisher":{"@id":"https:\/\/lequotidien.mr\/#organization"},"image":{"@id":"https:\/\/lequotidien.mr\/?p=36899&lang=fr#primaryimage"},"thumbnailUrl":"https:\/\/lequotidien.mr\/wp-content\/uploads\/2026\/04\/\u0627\u0644\u0631\u0626\u064a\u0633\u0627\u0646-\u0627\u0644\u0645\u0648\u0631\u064a\u062a\u0627\u0646\u064a-\u0648\u0627\u0644\u0627\u0645\u0627\u0631\u0627\u062a\u064a.gif","articleSection":["ACTUALIT\u00c9","Economie"],"inLanguage":"ar","potentialAction":[{"@type":"CommentAction","name":"Comment","target":["https:\/\/lequotidien.mr\/?p=36899&lang=fr#respond"]}]},{"@type":"WebPage","@id":"https:\/\/lequotidien.mr\/?p=36899&lang=fr","url":"https:\/\/lequotidien.mr\/?p=36899&lang=fr","name":"Ghazouani \u00e0 Abou Dhabi : la Mauritanie et les \u00c9mirats consolident leur partenariat strat\u00e9gique - Le Quotidien de Nouakchott","isPartOf":{"@id":"https:\/\/lequotidien.mr\/#website"},"primaryImageOfPage":{"@id":"https:\/\/lequotidien.mr\/?p=36899&lang=fr#primaryimage"},"image":{"@id":"https:\/\/lequotidien.mr\/?p=36899&lang=fr#primaryimage"},"thumbnailUrl":"https:\/\/lequotidien.mr\/wp-content\/uploads\/2026\/04\/\u0627\u0644\u0631\u0626\u064a\u0633\u0627\u0646-\u0627\u0644\u0645\u0648\u0631\u064a\u062a\u0627\u0646\u064a-\u0648\u0627\u0644\u0627\u0645\u0627\u0631\u0627\u062a\u064a.gif","datePublished":"2026-04-26T17:09:10+00:00","dateModified":"2026-04-28T17:10:07+00:00","breadcrumb":{"@id":"https:\/\/lequotidien.mr\/?p=36899&lang=fr#breadcrumb"},"inLanguage":"ar","potentialAction":[{"@type":"ReadAction","target":["https:\/\/lequotidien.mr\/?p=36899&lang=fr"]}]},{"@type":"ImageObject","inLanguage":"ar","@id":"https:\/\/lequotidien.mr\/?p=36899&lang=fr#primaryimage","url":"https:\/\/lequotidien.mr\/wp-content\/uploads\/2026\/04\/\u0627\u0644\u0631\u0626\u064a\u0633\u0627\u0646-\u0627\u0644\u0645\u0648\u0631\u064a\u062a\u0627\u0646\u064a-\u0648\u0627\u0644\u0627\u0645\u0627\u0631\u0627\u062a\u064a.gif","contentUrl":"https:\/\/lequotidien.mr\/wp-content\/uploads\/2026\/04\/\u0627\u0644\u0631\u0626\u064a\u0633\u0627\u0646-\u0627\u0644\u0645\u0648\u0631\u064a\u062a\u0627\u0646\u064a-\u0648\u0627\u0644\u0627\u0645\u0627\u0631\u0627\u062a\u064a.gif","width":1400,"height":630},{"@type":"BreadcrumbList","@id":"https:\/\/lequotidien.mr\/?p=36899&lang=fr#breadcrumb","itemListElement":[{"@type":"ListItem","position":1,"name":"Home","item":"https:\/\/lequotidien.mr\/"},{"@type":"ListItem","position":2,"name":"Ghazouani \u00e0 Abou Dhabi : la Mauritanie et les \u00c9mirats consolident leur partenariat strat\u00e9gique"}]},{"@type":"WebSite","@id":"https:\/\/lequotidien.mr\/#website","url":"https:\/\/lequotidien.mr\/","name":"Le Quotidien de Nouakchott","description":"\u0625\u062e\u0628\u0627\u0631\u064a\u0629 \u0645\u0633\u062a\u0642\u0644\u0629 \u0644\u0644\u0623\u0646\u0628\u0627\u0621 \u0627\u0644\u0639\u0627\u0645\u0629","publisher":{"@id":"https:\/\/lequotidien.mr\/#organization"},"potentialAction":[{"@type":"SearchAction","target":{"@type":"EntryPoint","urlTemplate":"https:\/\/lequotidien.mr\/?s={search_term_string}"},"query-input":{"@type":"PropertyValueSpecification","valueRequired":true,"valueName":"search_term_string"}}],"inLanguage":"ar"},{"@type":"Organization","@id":"https:\/\/lequotidien.mr\/#organization","name":"Le Quotidien de Nouakchott","url":"https:\/\/lequotidien.mr\/","logo":{"@type":"ImageObject","inLanguage":"ar","@id":"https:\/\/lequotidien.mr\/#\/schema\/logo\/image\/","url":"https:\/\/lequotidien.mr\/wp-content\/uploads\/2022\/11\/logolequotidien.jpg","contentUrl":"https:\/\/lequotidien.mr\/wp-content\/uploads\/2022\/11\/logolequotidien.jpg","width":290,"height":65,"caption":"Le Quotidien de Nouakchott"},"image":{"@id":"https:\/\/lequotidien.mr\/#\/schema\/logo\/image\/"},"sameAs":["https:\/\/web.facebook.com\/lequotidienmr","https:\/\/x.com\/lequotidienmr"]},{"@type":"Person","@id":"https:\/\/lequotidien.mr\/#\/schema\/person\/0926dbaf41ffa88b64cf66855b9b2826","name":"Fatimetou Ethemane","image":{"@type":"ImageObject","inLanguage":"ar","@id":"https:\/\/secure.gravatar.com\/avatar\/38fea9097a5e574debe9801202088f6f4429fdac0912587175811aad50d9706e?s=96&d=mm&r=g","url":"https:\/\/secure.gravatar.com\/avatar\/38fea9097a5e574debe9801202088f6f4429fdac0912587175811aad50d9706e?s=96&d=mm&r=g","contentUrl":"https:\/\/secure.gravatar.com\/avatar\/38fea9097a5e574debe9801202088f6f4429fdac0912587175811aad50d9706e?s=96&d=mm&r=g","caption":"Fatimetou Ethemane"},"sameAs":["http:\/\/lequotidien.mr"],"url":"https:\/\/lequotidien.mr\/?author=13"}]}},"_links":{"self":[{"href":"https:\/\/lequotidien.mr\/index.php?rest_route=\/wp\/v2\/posts\/36899","targetHints":{"allow":["GET"]}}],"collection":[{"href":"https:\/\/lequotidien.mr\/index.php?rest_route=\/wp\/v2\/posts"}],"about":[{"href":"https:\/\/lequotidien.mr\/index.php?rest_route=\/wp\/v2\/types\/post"}],"author":[{"embeddable":true,"href":"https:\/\/lequotidien.mr\/index.php?rest_route=\/wp\/v2\/users\/13"}],"replies":[{"embeddable":true,"href":"https:\/\/lequotidien.mr\/index.php?rest_route=%2Fwp%2Fv2%2Fcomments&post=36899"}],"version-history":[{"count":1,"href":"https:\/\/lequotidien.mr\/index.php?rest_route=\/wp\/v2\/posts\/36899\/revisions"}],"predecessor-version":[{"id":36901,"href":"https:\/\/lequotidien.mr\/index.php?rest_route=\/wp\/v2\/posts\/36899\/revisions\/36901"}],"wp:featuredmedia":[{"embeddable":true,"href":"https:\/\/lequotidien.mr\/index.php?rest_route=\/wp\/v2\/media\/36900"}],"wp:attachment":[{"href":"https:\/\/lequotidien.mr\/index.php?rest_route=%2Fwp%2Fv2%2Fmedia&parent=36899"}],"wp:term":[{"taxonomy":"category","embeddable":true,"href":"https:\/\/lequotidien.mr\/index.php?rest_route=%2Fwp%2Fv2%2Fcategories&post=36899"},{"taxonomy":"post_tag","embeddable":true,"href":"https:\/\/lequotidien.mr\/index.php?rest_route=%2Fwp%2Fv2%2Ftags&post=36899"}],"curies":[{"name":"wp","href":"https:\/\/api.w.org\/{rel}","templated":true}]}}