{"id":36896,"date":"2026-04-28T17:09:07","date_gmt":"2026-04-28T17:09:07","guid":{"rendered":"https:\/\/lequotidien.mr\/?p=36896"},"modified":"2026-04-28T17:09:07","modified_gmt":"2026-04-28T17:09:07","slug":"protection-de-lenfance-la-mauritanie-et-loim-renforcent-leur-cooperation-sociale","status":"publish","type":"post","link":"https:\/\/lequotidien.mr\/?p=36896&lang=fr","title":{"rendered":"Protection de l\u2019enfance : la Mauritanie et l\u2019OIM renforcent leur coop\u00e9ration sociale"},"content":{"rendered":"<p data-start=\"90\" data-end=\"482\">La ministre de l\u2019Action sociale, de l\u2019Enfance et de la Famille, <span class=\"hover:entity-accent entity-underline inline cursor-pointer align-baseline\"><span class=\"whitespace-normal\">Saviya Mint N\u2019Tahah<\/span><\/span>, a re\u00e7u mardi \u00e0 <span class=\"hover:entity-accent entity-underline inline cursor-pointer align-baseline\"><span class=\"whitespace-normal\">Nouakchott<\/span><\/span> le chef de mission de l\u2019<span class=\"hover:entity-accent entity-underline inline cursor-pointer align-baseline\"><span class=\"whitespace-normal\">Organisation internationale pour les migrations (OIM)<\/span><\/span> en <span class=\"hover:entity-accent entity-underline inline cursor-pointer align-baseline\"><span class=\"whitespace-normal\">Mauritanie<\/span><\/span>, <span class=\"hover:entity-accent entity-underline inline cursor-pointer align-baseline\"><span class=\"whitespace-normal\">Idrissa Sompar\u00e9<\/span><\/span>, dans le cadre d\u2019une audience consacr\u00e9e au renforcement du partenariat entre les deux parties.<\/p>\n<p data-start=\"484\" data-end=\"806\">Cette rencontre s\u2019inscrit dans une dynamique de consolidation de la coop\u00e9ration entre le d\u00e9partement minist\u00e9riel charg\u00e9 de l\u2019action sociale et l\u2019organisation onusienne, avec un accent particulier sur les enjeux li\u00e9s \u00e0 la protection de l\u2019enfance, domaine consid\u00e9r\u00e9 comme prioritaire dans les politiques sociales nationales.<\/p>\n<p data-start=\"808\" data-end=\"1199\">Au c\u0153ur des \u00e9changes figuraient les m\u00e9canismes susceptibles d\u2019am\u00e9liorer la coordination entre les programmes gouvernementaux et les initiatives de l\u2019OIM, notamment dans les domaines de l\u2019accompagnement des enfants vuln\u00e9rables, de la pr\u00e9vention des risques li\u00e9s \u00e0 la migration irr\u00e9guli\u00e8re, ainsi que du renforcement des dispositifs de protection sociale destin\u00e9s aux groupes les plus expos\u00e9s.<\/p>\n<p data-start=\"1201\" data-end=\"1481\">Dans un contexte r\u00e9gional marqu\u00e9 par des d\u00e9fis migratoires complexes, cette coop\u00e9ration vise \u00e9galement \u00e0 promouvoir une approche plus int\u00e9gr\u00e9e des questions sociales, tenant compte \u00e0 la fois des imp\u00e9ratifs humanitaires, des droits de l\u2019enfant et des enjeux de stabilit\u00e9 familiale.<\/p>\n<p data-start=\"1483\" data-end=\"1710\">L\u2019audience a permis de r\u00e9affirmer la volont\u00e9 commune de d\u00e9velopper des actions concert\u00e9es en faveur de l\u2019enfance, \u00e0 travers le partage d\u2019expertise, l\u2019appui technique et l\u2019am\u00e9lioration des capacit\u00e9s institutionnelles du secteur.<\/p>\n<p data-start=\"1712\" data-end=\"1976\">La r\u00e9union s\u2019est d\u00e9roul\u00e9e en pr\u00e9sence du secr\u00e9taire g\u00e9n\u00e9ral du minist\u00e8re, <span class=\"hover:entity-accent entity-underline inline cursor-pointer align-baseline\"><span class=\"whitespace-normal\">Hamoudi Cheikhna Ali<\/span><\/span>, ainsi que de plusieurs responsables et cadres du d\u00e9partement, traduisant l\u2019importance accord\u00e9e \u00e0 cette coop\u00e9ration dans la strat\u00e9gie sociale de l\u2019\u00c9tat.<\/p>\n<p data-start=\"1978\" data-end=\"2318\" data-is-last-node=\"\" data-is-only-node=\"\">\u00c0 travers ce dialogue, la <span class=\"hover:entity-accent entity-underline inline cursor-pointer align-baseline\"><span class=\"whitespace-normal\">Mauritanie<\/span><\/span> confirme son engagement \u00e0 renforcer ses partenariats avec les institutions internationales afin de mieux r\u00e9pondre aux d\u00e9fis sociaux \u00e9mergents, tout en consolidant les politiques publiques orient\u00e9es vers la protection de l\u2019enfance, la coh\u00e9sion familiale et l\u2019inclusion sociale.<\/p>\n","protected":false},"excerpt":{"rendered":"<p>La ministre de l\u2019Action sociale, de l\u2019Enfance et de la Famille, Saviya Mint N\u2019Tahah, a re\u00e7u mardi \u00e0 Nouakchott le chef de mission de l\u2019Organisation internationale pour les migrations (OIM) en Mauritanie, Idrissa Sompar\u00e9, dans le cadre d\u2019une audience consacr\u00e9e au renforcement du partenariat entre les deux parties. Cette rencontre s\u2019inscrit dans une dynamique de&#8230;..<\/p>\n","protected":false},"author":13,"featured_media":36897,"comment_status":"open","ping_status":"open","sticky":false,"template":"","format":"standard","meta":{"footnotes":""},"categories":[23,55],"tags":[],"class_list":["post-36896","post","type-post","status-publish","format-standard","has-post-thumbnail","hentry","category-actualite","category-culture"],"yoast_head":"<!-- This site is optimized with the Yoast SEO plugin v27.5 - https:\/\/yoast.com\/product\/yoast-seo-wordpress\/ -->\n<title>Protection de l\u2019enfance : la Mauritanie et l\u2019OIM renforcent leur coop\u00e9ration sociale - Le Quotidien de Nouakchott<\/title>\n<meta name=\"robots\" content=\"index, follow, max-snippet:-1, max-image-preview:large, max-video-preview:-1\" \/>\n<link rel=\"canonical\" href=\"https:\/\/lequotidien.mr\/?p=36896&lang=fr\" \/>\n<meta property=\"og:locale\" content=\"ar_AR\" \/>\n<meta property=\"og:type\" content=\"article\" \/>\n<meta property=\"og:title\" content=\"Protection de l\u2019enfance : la Mauritanie et l\u2019OIM renforcent leur coop\u00e9ration sociale - Le Quotidien de Nouakchott\" \/>\n<meta property=\"og:description\" content=\"La ministre de l\u2019Action sociale, de l\u2019Enfance et de la Famille, Saviya Mint N\u2019Tahah, a re\u00e7u mardi \u00e0 Nouakchott le chef de mission de l\u2019Organisation internationale pour les migrations (OIM) en Mauritanie, Idrissa Sompar\u00e9, dans le cadre d\u2019une audience consacr\u00e9e au renforcement du partenariat entre les deux parties. Cette rencontre s\u2019inscrit dans une dynamique de.....\" \/>\n<meta property=\"og:url\" content=\"https:\/\/lequotidien.mr\/?p=36896&amp;lang=fr\" \/>\n<meta property=\"og:site_name\" content=\"Le Quotidien de Nouakchott\" \/>\n<meta property=\"article:publisher\" content=\"https:\/\/web.facebook.com\/lequotidienmr\" \/>\n<meta property=\"article:published_time\" content=\"2026-04-28T17:09:07+00:00\" \/>\n<meta property=\"og:image\" content=\"https:\/\/lequotidien.mr\/wp-content\/uploads\/2026\/04\/28-04-2026-009-750x430-1.jpeg\" \/>\n\t<meta property=\"og:image:width\" content=\"750\" \/>\n\t<meta property=\"og:image:height\" content=\"430\" \/>\n\t<meta property=\"og:image:type\" content=\"image\/jpeg\" \/>\n<meta name=\"author\" content=\"Fatimetou Ethemane\" \/>\n<meta name=\"twitter:card\" content=\"summary_large_image\" \/>\n<meta name=\"twitter:creator\" content=\"@lequotidienmr\" \/>\n<meta name=\"twitter:site\" content=\"@lequotidienmr\" \/>\n<meta name=\"twitter:label1\" content=\"\u0643\u064f\u062a\u0628 \u0628\u0648\u0627\u0633\u0637\u0629\" \/>\n\t<meta name=\"twitter:data1\" content=\"Fatimetou Ethemane\" \/>\n\t<meta name=\"twitter:label2\" content=\"\u0648\u0642\u062a \u0627\u0644\u0642\u0631\u0627\u0621\u0629 \u0627\u0644\u0645\u064f\u0642\u062f\u0651\u0631\" \/>\n\t<meta name=\"twitter:data2\" content=\"3 \u062f\u0642\u0627\u0626\u0642\" \/>\n<script type=\"application\/ld+json\" class=\"yoast-schema-graph\">{\"@context\":\"https:\\\/\\\/schema.org\",\"@graph\":[{\"@type\":\"Article\",\"@id\":\"https:\\\/\\\/lequotidien.mr\\\/?p=36896&lang=fr#article\",\"isPartOf\":{\"@id\":\"https:\\\/\\\/lequotidien.mr\\\/?p=36896&lang=fr\"},\"author\":{\"name\":\"Fatimetou Ethemane\",\"@id\":\"https:\\\/\\\/lequotidien.mr\\\/#\\\/schema\\\/person\\\/0926dbaf41ffa88b64cf66855b9b2826\"},\"headline\":\"Protection de l\u2019enfance : la Mauritanie et l\u2019OIM renforcent leur coop\u00e9ration sociale\",\"datePublished\":\"2026-04-28T17:09:07+00:00\",\"mainEntityOfPage\":{\"@id\":\"https:\\\/\\\/lequotidien.mr\\\/?p=36896&lang=fr\"},\"wordCount\":368,\"commentCount\":0,\"publisher\":{\"@id\":\"https:\\\/\\\/lequotidien.mr\\\/#organization\"},\"image\":{\"@id\":\"https:\\\/\\\/lequotidien.mr\\\/?p=36896&lang=fr#primaryimage\"},\"thumbnailUrl\":\"https:\\\/\\\/lequotidien.mr\\\/wp-content\\\/uploads\\\/2026\\\/04\\\/28-04-2026-009-750x430-1.jpeg\",\"articleSection\":[\"ACTUALIT\u00c9\",\"Culture\"],\"inLanguage\":\"ar\",\"potentialAction\":[{\"@type\":\"CommentAction\",\"name\":\"Comment\",\"target\":[\"https:\\\/\\\/lequotidien.mr\\\/?p=36896&lang=fr#respond\"]}]},{\"@type\":\"WebPage\",\"@id\":\"https:\\\/\\\/lequotidien.mr\\\/?p=36896&lang=fr\",\"url\":\"https:\\\/\\\/lequotidien.mr\\\/?p=36896&lang=fr\",\"name\":\"Protection de l\u2019enfance : la Mauritanie et l\u2019OIM renforcent leur coop\u00e9ration sociale - Le Quotidien de Nouakchott\",\"isPartOf\":{\"@id\":\"https:\\\/\\\/lequotidien.mr\\\/#website\"},\"primaryImageOfPage\":{\"@id\":\"https:\\\/\\\/lequotidien.mr\\\/?p=36896&lang=fr#primaryimage\"},\"image\":{\"@id\":\"https:\\\/\\\/lequotidien.mr\\\/?p=36896&lang=fr#primaryimage\"},\"thumbnailUrl\":\"https:\\\/\\\/lequotidien.mr\\\/wp-content\\\/uploads\\\/2026\\\/04\\\/28-04-2026-009-750x430-1.jpeg\",\"datePublished\":\"2026-04-28T17:09:07+00:00\",\"breadcrumb\":{\"@id\":\"https:\\\/\\\/lequotidien.mr\\\/?p=36896&lang=fr#breadcrumb\"},\"inLanguage\":\"ar\",\"potentialAction\":[{\"@type\":\"ReadAction\",\"target\":[\"https:\\\/\\\/lequotidien.mr\\\/?p=36896&lang=fr\"]}]},{\"@type\":\"ImageObject\",\"inLanguage\":\"ar\",\"@id\":\"https:\\\/\\\/lequotidien.mr\\\/?p=36896&lang=fr#primaryimage\",\"url\":\"https:\\\/\\\/lequotidien.mr\\\/wp-content\\\/uploads\\\/2026\\\/04\\\/28-04-2026-009-750x430-1.jpeg\",\"contentUrl\":\"https:\\\/\\\/lequotidien.mr\\\/wp-content\\\/uploads\\\/2026\\\/04\\\/28-04-2026-009-750x430-1.jpeg\",\"width\":750,\"height\":430},{\"@type\":\"BreadcrumbList\",\"@id\":\"https:\\\/\\\/lequotidien.mr\\\/?p=36896&lang=fr#breadcrumb\",\"itemListElement\":[{\"@type\":\"ListItem\",\"position\":1,\"name\":\"Home\",\"item\":\"https:\\\/\\\/lequotidien.mr\\\/\"},{\"@type\":\"ListItem\",\"position\":2,\"name\":\"Protection de l\u2019enfance : la Mauritanie et l\u2019OIM renforcent leur coop\u00e9ration sociale\"}]},{\"@type\":\"WebSite\",\"@id\":\"https:\\\/\\\/lequotidien.mr\\\/#website\",\"url\":\"https:\\\/\\\/lequotidien.mr\\\/\",\"name\":\"Le Quotidien de Nouakchott\",\"description\":\"\u0625\u062e\u0628\u0627\u0631\u064a\u0629 \u0645\u0633\u062a\u0642\u0644\u0629 \u0644\u0644\u0623\u0646\u0628\u0627\u0621 \u0627\u0644\u0639\u0627\u0645\u0629\",\"publisher\":{\"@id\":\"https:\\\/\\\/lequotidien.mr\\\/#organization\"},\"potentialAction\":[{\"@type\":\"SearchAction\",\"target\":{\"@type\":\"EntryPoint\",\"urlTemplate\":\"https:\\\/\\\/lequotidien.mr\\\/?s={search_term_string}\"},\"query-input\":{\"@type\":\"PropertyValueSpecification\",\"valueRequired\":true,\"valueName\":\"search_term_string\"}}],\"inLanguage\":\"ar\"},{\"@type\":\"Organization\",\"@id\":\"https:\\\/\\\/lequotidien.mr\\\/#organization\",\"name\":\"Le Quotidien de Nouakchott\",\"url\":\"https:\\\/\\\/lequotidien.mr\\\/\",\"logo\":{\"@type\":\"ImageObject\",\"inLanguage\":\"ar\",\"@id\":\"https:\\\/\\\/lequotidien.mr\\\/#\\\/schema\\\/logo\\\/image\\\/\",\"url\":\"https:\\\/\\\/lequotidien.mr\\\/wp-content\\\/uploads\\\/2022\\\/11\\\/logolequotidien.jpg\",\"contentUrl\":\"https:\\\/\\\/lequotidien.mr\\\/wp-content\\\/uploads\\\/2022\\\/11\\\/logolequotidien.jpg\",\"width\":290,\"height\":65,\"caption\":\"Le Quotidien de Nouakchott\"},\"image\":{\"@id\":\"https:\\\/\\\/lequotidien.mr\\\/#\\\/schema\\\/logo\\\/image\\\/\"},\"sameAs\":[\"https:\\\/\\\/web.facebook.com\\\/lequotidienmr\",\"https:\\\/\\\/x.com\\\/lequotidienmr\"]},{\"@type\":\"Person\",\"@id\":\"https:\\\/\\\/lequotidien.mr\\\/#\\\/schema\\\/person\\\/0926dbaf41ffa88b64cf66855b9b2826\",\"name\":\"Fatimetou Ethemane\",\"image\":{\"@type\":\"ImageObject\",\"inLanguage\":\"ar\",\"@id\":\"https:\\\/\\\/secure.gravatar.com\\\/avatar\\\/38fea9097a5e574debe9801202088f6f4429fdac0912587175811aad50d9706e?s=96&d=mm&r=g\",\"url\":\"https:\\\/\\\/secure.gravatar.com\\\/avatar\\\/38fea9097a5e574debe9801202088f6f4429fdac0912587175811aad50d9706e?s=96&d=mm&r=g\",\"contentUrl\":\"https:\\\/\\\/secure.gravatar.com\\\/avatar\\\/38fea9097a5e574debe9801202088f6f4429fdac0912587175811aad50d9706e?s=96&d=mm&r=g\",\"caption\":\"Fatimetou Ethemane\"},\"sameAs\":[\"http:\\\/\\\/lequotidien.mr\"],\"url\":\"https:\\\/\\\/lequotidien.mr\\\/?author=13\"}]}<\/script>\n<!-- \/ Yoast SEO plugin. -->","yoast_head_json":{"title":"Protection de l\u2019enfance : la Mauritanie et l\u2019OIM renforcent leur coop\u00e9ration sociale - Le Quotidien de Nouakchott","robots":{"index":"index","follow":"follow","max-snippet":"max-snippet:-1","max-image-preview":"max-image-preview:large","max-video-preview":"max-video-preview:-1"},"canonical":"https:\/\/lequotidien.mr\/?p=36896&lang=fr","og_locale":"ar_AR","og_type":"article","og_title":"Protection de l\u2019enfance : la Mauritanie et l\u2019OIM renforcent leur coop\u00e9ration sociale - Le Quotidien de Nouakchott","og_description":"La ministre de l\u2019Action sociale, de l\u2019Enfance et de la Famille, Saviya Mint N\u2019Tahah, a re\u00e7u mardi \u00e0 Nouakchott le chef de mission de l\u2019Organisation internationale pour les migrations (OIM) en Mauritanie, Idrissa Sompar\u00e9, dans le cadre d\u2019une audience consacr\u00e9e au renforcement du partenariat entre les deux parties. Cette rencontre s\u2019inscrit dans une dynamique de.....","og_url":"https:\/\/lequotidien.mr\/?p=36896&lang=fr","og_site_name":"Le Quotidien de Nouakchott","article_publisher":"https:\/\/web.facebook.com\/lequotidienmr","article_published_time":"2026-04-28T17:09:07+00:00","og_image":[{"width":750,"height":430,"url":"https:\/\/lequotidien.mr\/wp-content\/uploads\/2026\/04\/28-04-2026-009-750x430-1.jpeg","type":"image\/jpeg"}],"author":"Fatimetou Ethemane","twitter_card":"summary_large_image","twitter_creator":"@lequotidienmr","twitter_site":"@lequotidienmr","twitter_misc":{"\u0643\u064f\u062a\u0628 \u0628\u0648\u0627\u0633\u0637\u0629":"Fatimetou Ethemane","\u0648\u0642\u062a \u0627\u0644\u0642\u0631\u0627\u0621\u0629 \u0627\u0644\u0645\u064f\u0642\u062f\u0651\u0631":"3 \u062f\u0642\u0627\u0626\u0642"},"schema":{"@context":"https:\/\/schema.org","@graph":[{"@type":"Article","@id":"https:\/\/lequotidien.mr\/?p=36896&lang=fr#article","isPartOf":{"@id":"https:\/\/lequotidien.mr\/?p=36896&lang=fr"},"author":{"name":"Fatimetou Ethemane","@id":"https:\/\/lequotidien.mr\/#\/schema\/person\/0926dbaf41ffa88b64cf66855b9b2826"},"headline":"Protection de l\u2019enfance : la Mauritanie et l\u2019OIM renforcent leur coop\u00e9ration sociale","datePublished":"2026-04-28T17:09:07+00:00","mainEntityOfPage":{"@id":"https:\/\/lequotidien.mr\/?p=36896&lang=fr"},"wordCount":368,"commentCount":0,"publisher":{"@id":"https:\/\/lequotidien.mr\/#organization"},"image":{"@id":"https:\/\/lequotidien.mr\/?p=36896&lang=fr#primaryimage"},"thumbnailUrl":"https:\/\/lequotidien.mr\/wp-content\/uploads\/2026\/04\/28-04-2026-009-750x430-1.jpeg","articleSection":["ACTUALIT\u00c9","Culture"],"inLanguage":"ar","potentialAction":[{"@type":"CommentAction","name":"Comment","target":["https:\/\/lequotidien.mr\/?p=36896&lang=fr#respond"]}]},{"@type":"WebPage","@id":"https:\/\/lequotidien.mr\/?p=36896&lang=fr","url":"https:\/\/lequotidien.mr\/?p=36896&lang=fr","name":"Protection de l\u2019enfance : la Mauritanie et l\u2019OIM renforcent leur coop\u00e9ration sociale - Le Quotidien de Nouakchott","isPartOf":{"@id":"https:\/\/lequotidien.mr\/#website"},"primaryImageOfPage":{"@id":"https:\/\/lequotidien.mr\/?p=36896&lang=fr#primaryimage"},"image":{"@id":"https:\/\/lequotidien.mr\/?p=36896&lang=fr#primaryimage"},"thumbnailUrl":"https:\/\/lequotidien.mr\/wp-content\/uploads\/2026\/04\/28-04-2026-009-750x430-1.jpeg","datePublished":"2026-04-28T17:09:07+00:00","breadcrumb":{"@id":"https:\/\/lequotidien.mr\/?p=36896&lang=fr#breadcrumb"},"inLanguage":"ar","potentialAction":[{"@type":"ReadAction","target":["https:\/\/lequotidien.mr\/?p=36896&lang=fr"]}]},{"@type":"ImageObject","inLanguage":"ar","@id":"https:\/\/lequotidien.mr\/?p=36896&lang=fr#primaryimage","url":"https:\/\/lequotidien.mr\/wp-content\/uploads\/2026\/04\/28-04-2026-009-750x430-1.jpeg","contentUrl":"https:\/\/lequotidien.mr\/wp-content\/uploads\/2026\/04\/28-04-2026-009-750x430-1.jpeg","width":750,"height":430},{"@type":"BreadcrumbList","@id":"https:\/\/lequotidien.mr\/?p=36896&lang=fr#breadcrumb","itemListElement":[{"@type":"ListItem","position":1,"name":"Home","item":"https:\/\/lequotidien.mr\/"},{"@type":"ListItem","position":2,"name":"Protection de l\u2019enfance : la Mauritanie et l\u2019OIM renforcent leur coop\u00e9ration sociale"}]},{"@type":"WebSite","@id":"https:\/\/lequotidien.mr\/#website","url":"https:\/\/lequotidien.mr\/","name":"Le Quotidien de Nouakchott","description":"\u0625\u062e\u0628\u0627\u0631\u064a\u0629 \u0645\u0633\u062a\u0642\u0644\u0629 \u0644\u0644\u0623\u0646\u0628\u0627\u0621 \u0627\u0644\u0639\u0627\u0645\u0629","publisher":{"@id":"https:\/\/lequotidien.mr\/#organization"},"potentialAction":[{"@type":"SearchAction","target":{"@type":"EntryPoint","urlTemplate":"https:\/\/lequotidien.mr\/?s={search_term_string}"},"query-input":{"@type":"PropertyValueSpecification","valueRequired":true,"valueName":"search_term_string"}}],"inLanguage":"ar"},{"@type":"Organization","@id":"https:\/\/lequotidien.mr\/#organization","name":"Le Quotidien de Nouakchott","url":"https:\/\/lequotidien.mr\/","logo":{"@type":"ImageObject","inLanguage":"ar","@id":"https:\/\/lequotidien.mr\/#\/schema\/logo\/image\/","url":"https:\/\/lequotidien.mr\/wp-content\/uploads\/2022\/11\/logolequotidien.jpg","contentUrl":"https:\/\/lequotidien.mr\/wp-content\/uploads\/2022\/11\/logolequotidien.jpg","width":290,"height":65,"caption":"Le Quotidien de Nouakchott"},"image":{"@id":"https:\/\/lequotidien.mr\/#\/schema\/logo\/image\/"},"sameAs":["https:\/\/web.facebook.com\/lequotidienmr","https:\/\/x.com\/lequotidienmr"]},{"@type":"Person","@id":"https:\/\/lequotidien.mr\/#\/schema\/person\/0926dbaf41ffa88b64cf66855b9b2826","name":"Fatimetou Ethemane","image":{"@type":"ImageObject","inLanguage":"ar","@id":"https:\/\/secure.gravatar.com\/avatar\/38fea9097a5e574debe9801202088f6f4429fdac0912587175811aad50d9706e?s=96&d=mm&r=g","url":"https:\/\/secure.gravatar.com\/avatar\/38fea9097a5e574debe9801202088f6f4429fdac0912587175811aad50d9706e?s=96&d=mm&r=g","contentUrl":"https:\/\/secure.gravatar.com\/avatar\/38fea9097a5e574debe9801202088f6f4429fdac0912587175811aad50d9706e?s=96&d=mm&r=g","caption":"Fatimetou Ethemane"},"sameAs":["http:\/\/lequotidien.mr"],"url":"https:\/\/lequotidien.mr\/?author=13"}]}},"_links":{"self":[{"href":"https:\/\/lequotidien.mr\/index.php?rest_route=\/wp\/v2\/posts\/36896","targetHints":{"allow":["GET"]}}],"collection":[{"href":"https:\/\/lequotidien.mr\/index.php?rest_route=\/wp\/v2\/posts"}],"about":[{"href":"https:\/\/lequotidien.mr\/index.php?rest_route=\/wp\/v2\/types\/post"}],"author":[{"embeddable":true,"href":"https:\/\/lequotidien.mr\/index.php?rest_route=\/wp\/v2\/users\/13"}],"replies":[{"embeddable":true,"href":"https:\/\/lequotidien.mr\/index.php?rest_route=%2Fwp%2Fv2%2Fcomments&post=36896"}],"version-history":[{"count":1,"href":"https:\/\/lequotidien.mr\/index.php?rest_route=\/wp\/v2\/posts\/36896\/revisions"}],"predecessor-version":[{"id":36898,"href":"https:\/\/lequotidien.mr\/index.php?rest_route=\/wp\/v2\/posts\/36896\/revisions\/36898"}],"wp:featuredmedia":[{"embeddable":true,"href":"https:\/\/lequotidien.mr\/index.php?rest_route=\/wp\/v2\/media\/36897"}],"wp:attachment":[{"href":"https:\/\/lequotidien.mr\/index.php?rest_route=%2Fwp%2Fv2%2Fmedia&parent=36896"}],"wp:term":[{"taxonomy":"category","embeddable":true,"href":"https:\/\/lequotidien.mr\/index.php?rest_route=%2Fwp%2Fv2%2Fcategories&post=36896"},{"taxonomy":"post_tag","embeddable":true,"href":"https:\/\/lequotidien.mr\/index.php?rest_route=%2Fwp%2Fv2%2Ftags&post=36896"}],"curies":[{"name":"wp","href":"https:\/\/api.w.org\/{rel}","templated":true}]}}