{"id":36893,"date":"2026-04-28T17:07:49","date_gmt":"2026-04-28T17:07:49","guid":{"rendered":"https:\/\/lequotidien.mr\/?p=36893"},"modified":"2026-04-28T17:07:49","modified_gmt":"2026-04-28T17:07:49","slug":"seisme-petrolier-les-emirats-arabes-unis-quittent-lopep-et-lopep","status":"publish","type":"post","link":"https:\/\/lequotidien.mr\/?p=36893&lang=fr","title":{"rendered":"S\u00e9isme p\u00e9trolier : les \u00c9mirats arabes unis quittent l\u2019OPEP et l\u2019OPEP+"},"content":{"rendered":"<p data-start=\"75\" data-end=\"533\">Les <span class=\"hover:entity-accent entity-underline inline cursor-pointer align-baseline\"><span class=\"whitespace-normal\">\u00c9mirats arabes unis<\/span><\/span> ont annonc\u00e9 mardi 28 avril 2026 leur retrait de l\u2019<span class=\"hover:entity-accent entity-underline inline cursor-pointer align-baseline\"><span class=\"whitespace-normal\">OPEP<\/span><\/span> et de l\u2019<span class=\"hover:entity-accent entity-underline inline cursor-pointer align-baseline\"><span class=\"whitespace-normal\">OPEP+<\/span><\/span>, une d\u00e9cision majeure qui marque un tournant historique pour les march\u00e9s mondiaux de l\u2019\u00e9nergie. Membre de l\u2019organisation depuis 1967, Abou Dhabi rompra officiellement avec le cartel \u00e0 compter du 1er mai, selon plusieurs sources internationales.<\/p>\n<p data-start=\"535\" data-end=\"1116\">Cette d\u00e9cision, qualifi\u00e9e de strat\u00e9gique par les autorit\u00e9s \u00e9miriennes, intervient dans un contexte de choc \u00e9nerg\u00e9tique mondial provoqu\u00e9 par la guerre impliquant l\u2019<span class=\"hover:entity-accent entity-underline inline cursor-pointer align-baseline\"><span class=\"whitespace-normal\">Iran<\/span><\/span> et les perturbations du d\u00e9troit d\u2019Ormuz, passage cl\u00e9 pour une part essentielle du commerce mondial des hydrocarbures. Le retrait des \u00c9mirats constitue ainsi un coup dur pour la coh\u00e9sion de l\u2019OPEP, traditionnellement domin\u00e9e par l\u2019<span class=\"hover:entity-accent entity-underline inline cursor-pointer align-baseline\"><span class=\"whitespace-normal\">Arabie saoudite<\/span><\/span>, et met en lumi\u00e8re des divergences croissantes entre producteurs du Golfe.<\/p>\n<p data-start=\"1118\" data-end=\"1475\">Selon Reuters, le ministre \u00e9mirien de l\u2019\u00c9nergie, <span class=\"hover:entity-accent entity-underline inline cursor-pointer align-baseline\"><span class=\"whitespace-normal\">Suhail Mohamed al-Mazrouei<\/span><\/span>, a expliqu\u00e9 que cette orientation r\u00e9sulte d\u2019une r\u00e9\u00e9valuation approfondie des politiques nationales li\u00e9es \u00e0 la production, aux capacit\u00e9s futures et aux int\u00e9r\u00eats strat\u00e9giques du pays, sans coordination pr\u00e9alable avec d\u2019autres membres.<\/p>\n<p data-start=\"1477\" data-end=\"1890\">En quittant l\u2019OPEP et l\u2019OPEP+, les \u00c9mirats pourraient d\u00e9sormais ajuster plus librement leur production, sans \u00eatre soumis aux quotas collectifs impos\u00e9s par l\u2019organisation. Cette \u00e9volution pourrait \u00e0 terme affaiblir la capacit\u00e9 du cartel \u00e0 contr\u00f4ler l\u2019offre mondiale et accro\u00eetre la volatilit\u00e9 des prix du p\u00e9trole, surtout si d\u2019autres producteurs suivent une logique similaire.<\/p>\n<p data-start=\"1892\" data-end=\"2350\">Les analystes estiment toutefois que l\u2019impact imm\u00e9diat pourrait rester limit\u00e9 en raison des contraintes actuelles pesant sur les exportations r\u00e9gionales, notamment les difficult\u00e9s logistiques dans le Golfe. Mais sur le long terme, cette rupture est per\u00e7ue comme un signal politique fort, r\u00e9v\u00e9lateur d\u2019un repositionnement g\u00e9o\u00e9conomique des \u00c9mirats et d\u2019une red\u00e9finition potentielle des \u00e9quilibres \u00e9nerg\u00e9tiques mondiaux.<\/p>\n<p data-start=\"2352\" data-end=\"2642\">Au-del\u00e0 de ses cons\u00e9quences \u00e9conomiques, cette d\u00e9cision refl\u00e8te aussi une transformation plus profonde des alliances r\u00e9gionales, dans un moment o\u00f9 les tensions g\u00e9opolitiques, les ambitions nationales et les int\u00e9r\u00eats \u00e9nerg\u00e9tiques redessinent l\u2019architecture du march\u00e9 p\u00e9trolier international.<\/p>\n","protected":false},"excerpt":{"rendered":"<p>Les \u00c9mirats arabes unis ont annonc\u00e9 mardi 28 avril 2026 leur retrait de l\u2019OPEP et de l\u2019OPEP+, une d\u00e9cision majeure qui marque un tournant historique pour les march\u00e9s mondiaux de l\u2019\u00e9nergie. Membre de l\u2019organisation depuis 1967, Abou Dhabi rompra officiellement avec le cartel \u00e0 compter du 1er mai, selon plusieurs sources internationales. Cette d\u00e9cision, qualifi\u00e9e&#8230;..<\/p>\n","protected":false},"author":13,"featured_media":36894,"comment_status":"open","ping_status":"open","sticky":false,"template":"","format":"standard","meta":{"footnotes":""},"categories":[23,49],"tags":[],"class_list":["post-36893","post","type-post","status-publish","format-standard","has-post-thumbnail","hentry","category-actualite","category-economie"],"yoast_head":"<!-- This site is optimized with the Yoast SEO plugin v27.5 - https:\/\/yoast.com\/product\/yoast-seo-wordpress\/ -->\n<title>S\u00e9isme p\u00e9trolier : les \u00c9mirats arabes unis quittent l\u2019OPEP et l\u2019OPEP+ - Le Quotidien de Nouakchott<\/title>\n<meta name=\"robots\" content=\"index, follow, max-snippet:-1, max-image-preview:large, max-video-preview:-1\" \/>\n<link rel=\"canonical\" href=\"https:\/\/lequotidien.mr\/?p=36893&lang=fr\" \/>\n<meta property=\"og:locale\" content=\"ar_AR\" \/>\n<meta property=\"og:type\" content=\"article\" \/>\n<meta property=\"og:title\" content=\"S\u00e9isme p\u00e9trolier : les \u00c9mirats arabes unis quittent l\u2019OPEP et l\u2019OPEP+ - Le Quotidien de Nouakchott\" \/>\n<meta property=\"og:description\" content=\"Les \u00c9mirats arabes unis ont annonc\u00e9 mardi 28 avril 2026 leur retrait de l\u2019OPEP et de l\u2019OPEP+, une d\u00e9cision majeure qui marque un tournant historique pour les march\u00e9s mondiaux de l\u2019\u00e9nergie. Membre de l\u2019organisation depuis 1967, Abou Dhabi rompra officiellement avec le cartel \u00e0 compter du 1er mai, selon plusieurs sources internationales. Cette d\u00e9cision, qualifi\u00e9e.....\" \/>\n<meta property=\"og:url\" content=\"https:\/\/lequotidien.mr\/?p=36893&amp;lang=fr\" \/>\n<meta property=\"og:site_name\" content=\"Le Quotidien de Nouakchott\" \/>\n<meta property=\"article:publisher\" content=\"https:\/\/web.facebook.com\/lequotidienmr\" \/>\n<meta property=\"article:published_time\" content=\"2026-04-28T17:07:49+00:00\" \/>\n<meta property=\"og:image\" content=\"https:\/\/lequotidien.mr\/wp-content\/uploads\/2026\/04\/opep_f33ff98b6324c9.jpg\" \/>\n\t<meta property=\"og:image:width\" content=\"864\" \/>\n\t<meta property=\"og:image:height\" content=\"486\" \/>\n\t<meta property=\"og:image:type\" content=\"image\/jpeg\" \/>\n<meta name=\"author\" content=\"Fatimetou Ethemane\" \/>\n<meta name=\"twitter:card\" content=\"summary_large_image\" \/>\n<meta name=\"twitter:creator\" content=\"@lequotidienmr\" \/>\n<meta name=\"twitter:site\" content=\"@lequotidienmr\" \/>\n<meta name=\"twitter:label1\" content=\"\u0643\u064f\u062a\u0628 \u0628\u0648\u0627\u0633\u0637\u0629\" \/>\n\t<meta name=\"twitter:data1\" content=\"Fatimetou Ethemane\" \/>\n\t<meta name=\"twitter:label2\" content=\"\u0648\u0642\u062a \u0627\u0644\u0642\u0631\u0627\u0621\u0629 \u0627\u0644\u0645\u064f\u0642\u062f\u0651\u0631\" \/>\n\t<meta name=\"twitter:data2\" content=\"3 \u062f\u0642\u0627\u0626\u0642\" \/>\n<script type=\"application\/ld+json\" class=\"yoast-schema-graph\">{\"@context\":\"https:\\\/\\\/schema.org\",\"@graph\":[{\"@type\":\"Article\",\"@id\":\"https:\\\/\\\/lequotidien.mr\\\/?p=36893&lang=fr#article\",\"isPartOf\":{\"@id\":\"https:\\\/\\\/lequotidien.mr\\\/?p=36893&lang=fr\"},\"author\":{\"name\":\"Fatimetou Ethemane\",\"@id\":\"https:\\\/\\\/lequotidien.mr\\\/#\\\/schema\\\/person\\\/0926dbaf41ffa88b64cf66855b9b2826\"},\"headline\":\"S\u00e9isme p\u00e9trolier : les \u00c9mirats arabes unis quittent l\u2019OPEP et l\u2019OPEP+\",\"datePublished\":\"2026-04-28T17:07:49+00:00\",\"mainEntityOfPage\":{\"@id\":\"https:\\\/\\\/lequotidien.mr\\\/?p=36893&lang=fr\"},\"wordCount\":377,\"commentCount\":0,\"publisher\":{\"@id\":\"https:\\\/\\\/lequotidien.mr\\\/#organization\"},\"image\":{\"@id\":\"https:\\\/\\\/lequotidien.mr\\\/?p=36893&lang=fr#primaryimage\"},\"thumbnailUrl\":\"https:\\\/\\\/lequotidien.mr\\\/wp-content\\\/uploads\\\/2026\\\/04\\\/opep_f33ff98b6324c9.jpg\",\"articleSection\":[\"ACTUALIT\u00c9\",\"Economie\"],\"inLanguage\":\"ar\",\"potentialAction\":[{\"@type\":\"CommentAction\",\"name\":\"Comment\",\"target\":[\"https:\\\/\\\/lequotidien.mr\\\/?p=36893&lang=fr#respond\"]}]},{\"@type\":\"WebPage\",\"@id\":\"https:\\\/\\\/lequotidien.mr\\\/?p=36893&lang=fr\",\"url\":\"https:\\\/\\\/lequotidien.mr\\\/?p=36893&lang=fr\",\"name\":\"S\u00e9isme p\u00e9trolier : les \u00c9mirats arabes unis quittent l\u2019OPEP et l\u2019OPEP+ - Le Quotidien de Nouakchott\",\"isPartOf\":{\"@id\":\"https:\\\/\\\/lequotidien.mr\\\/#website\"},\"primaryImageOfPage\":{\"@id\":\"https:\\\/\\\/lequotidien.mr\\\/?p=36893&lang=fr#primaryimage\"},\"image\":{\"@id\":\"https:\\\/\\\/lequotidien.mr\\\/?p=36893&lang=fr#primaryimage\"},\"thumbnailUrl\":\"https:\\\/\\\/lequotidien.mr\\\/wp-content\\\/uploads\\\/2026\\\/04\\\/opep_f33ff98b6324c9.jpg\",\"datePublished\":\"2026-04-28T17:07:49+00:00\",\"breadcrumb\":{\"@id\":\"https:\\\/\\\/lequotidien.mr\\\/?p=36893&lang=fr#breadcrumb\"},\"inLanguage\":\"ar\",\"potentialAction\":[{\"@type\":\"ReadAction\",\"target\":[\"https:\\\/\\\/lequotidien.mr\\\/?p=36893&lang=fr\"]}]},{\"@type\":\"ImageObject\",\"inLanguage\":\"ar\",\"@id\":\"https:\\\/\\\/lequotidien.mr\\\/?p=36893&lang=fr#primaryimage\",\"url\":\"https:\\\/\\\/lequotidien.mr\\\/wp-content\\\/uploads\\\/2026\\\/04\\\/opep_f33ff98b6324c9.jpg\",\"contentUrl\":\"https:\\\/\\\/lequotidien.mr\\\/wp-content\\\/uploads\\\/2026\\\/04\\\/opep_f33ff98b6324c9.jpg\",\"width\":864,\"height\":486},{\"@type\":\"BreadcrumbList\",\"@id\":\"https:\\\/\\\/lequotidien.mr\\\/?p=36893&lang=fr#breadcrumb\",\"itemListElement\":[{\"@type\":\"ListItem\",\"position\":1,\"name\":\"Home\",\"item\":\"https:\\\/\\\/lequotidien.mr\\\/\"},{\"@type\":\"ListItem\",\"position\":2,\"name\":\"S\u00e9isme p\u00e9trolier : les \u00c9mirats arabes unis quittent l\u2019OPEP et l\u2019OPEP+\"}]},{\"@type\":\"WebSite\",\"@id\":\"https:\\\/\\\/lequotidien.mr\\\/#website\",\"url\":\"https:\\\/\\\/lequotidien.mr\\\/\",\"name\":\"Le Quotidien de Nouakchott\",\"description\":\"\u0625\u062e\u0628\u0627\u0631\u064a\u0629 \u0645\u0633\u062a\u0642\u0644\u0629 \u0644\u0644\u0623\u0646\u0628\u0627\u0621 \u0627\u0644\u0639\u0627\u0645\u0629\",\"publisher\":{\"@id\":\"https:\\\/\\\/lequotidien.mr\\\/#organization\"},\"potentialAction\":[{\"@type\":\"SearchAction\",\"target\":{\"@type\":\"EntryPoint\",\"urlTemplate\":\"https:\\\/\\\/lequotidien.mr\\\/?s={search_term_string}\"},\"query-input\":{\"@type\":\"PropertyValueSpecification\",\"valueRequired\":true,\"valueName\":\"search_term_string\"}}],\"inLanguage\":\"ar\"},{\"@type\":\"Organization\",\"@id\":\"https:\\\/\\\/lequotidien.mr\\\/#organization\",\"name\":\"Le Quotidien de Nouakchott\",\"url\":\"https:\\\/\\\/lequotidien.mr\\\/\",\"logo\":{\"@type\":\"ImageObject\",\"inLanguage\":\"ar\",\"@id\":\"https:\\\/\\\/lequotidien.mr\\\/#\\\/schema\\\/logo\\\/image\\\/\",\"url\":\"https:\\\/\\\/lequotidien.mr\\\/wp-content\\\/uploads\\\/2022\\\/11\\\/logolequotidien.jpg\",\"contentUrl\":\"https:\\\/\\\/lequotidien.mr\\\/wp-content\\\/uploads\\\/2022\\\/11\\\/logolequotidien.jpg\",\"width\":290,\"height\":65,\"caption\":\"Le Quotidien de Nouakchott\"},\"image\":{\"@id\":\"https:\\\/\\\/lequotidien.mr\\\/#\\\/schema\\\/logo\\\/image\\\/\"},\"sameAs\":[\"https:\\\/\\\/web.facebook.com\\\/lequotidienmr\",\"https:\\\/\\\/x.com\\\/lequotidienmr\"]},{\"@type\":\"Person\",\"@id\":\"https:\\\/\\\/lequotidien.mr\\\/#\\\/schema\\\/person\\\/0926dbaf41ffa88b64cf66855b9b2826\",\"name\":\"Fatimetou Ethemane\",\"image\":{\"@type\":\"ImageObject\",\"inLanguage\":\"ar\",\"@id\":\"https:\\\/\\\/secure.gravatar.com\\\/avatar\\\/38fea9097a5e574debe9801202088f6f4429fdac0912587175811aad50d9706e?s=96&d=mm&r=g\",\"url\":\"https:\\\/\\\/secure.gravatar.com\\\/avatar\\\/38fea9097a5e574debe9801202088f6f4429fdac0912587175811aad50d9706e?s=96&d=mm&r=g\",\"contentUrl\":\"https:\\\/\\\/secure.gravatar.com\\\/avatar\\\/38fea9097a5e574debe9801202088f6f4429fdac0912587175811aad50d9706e?s=96&d=mm&r=g\",\"caption\":\"Fatimetou Ethemane\"},\"sameAs\":[\"http:\\\/\\\/lequotidien.mr\"],\"url\":\"https:\\\/\\\/lequotidien.mr\\\/?author=13\"}]}<\/script>\n<!-- \/ Yoast SEO plugin. -->","yoast_head_json":{"title":"S\u00e9isme p\u00e9trolier : les \u00c9mirats arabes unis quittent l\u2019OPEP et l\u2019OPEP+ - Le Quotidien de Nouakchott","robots":{"index":"index","follow":"follow","max-snippet":"max-snippet:-1","max-image-preview":"max-image-preview:large","max-video-preview":"max-video-preview:-1"},"canonical":"https:\/\/lequotidien.mr\/?p=36893&lang=fr","og_locale":"ar_AR","og_type":"article","og_title":"S\u00e9isme p\u00e9trolier : les \u00c9mirats arabes unis quittent l\u2019OPEP et l\u2019OPEP+ - Le Quotidien de Nouakchott","og_description":"Les \u00c9mirats arabes unis ont annonc\u00e9 mardi 28 avril 2026 leur retrait de l\u2019OPEP et de l\u2019OPEP+, une d\u00e9cision majeure qui marque un tournant historique pour les march\u00e9s mondiaux de l\u2019\u00e9nergie. Membre de l\u2019organisation depuis 1967, Abou Dhabi rompra officiellement avec le cartel \u00e0 compter du 1er mai, selon plusieurs sources internationales. Cette d\u00e9cision, qualifi\u00e9e.....","og_url":"https:\/\/lequotidien.mr\/?p=36893&lang=fr","og_site_name":"Le Quotidien de Nouakchott","article_publisher":"https:\/\/web.facebook.com\/lequotidienmr","article_published_time":"2026-04-28T17:07:49+00:00","og_image":[{"width":864,"height":486,"url":"https:\/\/lequotidien.mr\/wp-content\/uploads\/2026\/04\/opep_f33ff98b6324c9.jpg","type":"image\/jpeg"}],"author":"Fatimetou Ethemane","twitter_card":"summary_large_image","twitter_creator":"@lequotidienmr","twitter_site":"@lequotidienmr","twitter_misc":{"\u0643\u064f\u062a\u0628 \u0628\u0648\u0627\u0633\u0637\u0629":"Fatimetou Ethemane","\u0648\u0642\u062a \u0627\u0644\u0642\u0631\u0627\u0621\u0629 \u0627\u0644\u0645\u064f\u0642\u062f\u0651\u0631":"3 \u062f\u0642\u0627\u0626\u0642"},"schema":{"@context":"https:\/\/schema.org","@graph":[{"@type":"Article","@id":"https:\/\/lequotidien.mr\/?p=36893&lang=fr#article","isPartOf":{"@id":"https:\/\/lequotidien.mr\/?p=36893&lang=fr"},"author":{"name":"Fatimetou Ethemane","@id":"https:\/\/lequotidien.mr\/#\/schema\/person\/0926dbaf41ffa88b64cf66855b9b2826"},"headline":"S\u00e9isme p\u00e9trolier : les \u00c9mirats arabes unis quittent l\u2019OPEP et l\u2019OPEP+","datePublished":"2026-04-28T17:07:49+00:00","mainEntityOfPage":{"@id":"https:\/\/lequotidien.mr\/?p=36893&lang=fr"},"wordCount":377,"commentCount":0,"publisher":{"@id":"https:\/\/lequotidien.mr\/#organization"},"image":{"@id":"https:\/\/lequotidien.mr\/?p=36893&lang=fr#primaryimage"},"thumbnailUrl":"https:\/\/lequotidien.mr\/wp-content\/uploads\/2026\/04\/opep_f33ff98b6324c9.jpg","articleSection":["ACTUALIT\u00c9","Economie"],"inLanguage":"ar","potentialAction":[{"@type":"CommentAction","name":"Comment","target":["https:\/\/lequotidien.mr\/?p=36893&lang=fr#respond"]}]},{"@type":"WebPage","@id":"https:\/\/lequotidien.mr\/?p=36893&lang=fr","url":"https:\/\/lequotidien.mr\/?p=36893&lang=fr","name":"S\u00e9isme p\u00e9trolier : les \u00c9mirats arabes unis quittent l\u2019OPEP et l\u2019OPEP+ - Le Quotidien de Nouakchott","isPartOf":{"@id":"https:\/\/lequotidien.mr\/#website"},"primaryImageOfPage":{"@id":"https:\/\/lequotidien.mr\/?p=36893&lang=fr#primaryimage"},"image":{"@id":"https:\/\/lequotidien.mr\/?p=36893&lang=fr#primaryimage"},"thumbnailUrl":"https:\/\/lequotidien.mr\/wp-content\/uploads\/2026\/04\/opep_f33ff98b6324c9.jpg","datePublished":"2026-04-28T17:07:49+00:00","breadcrumb":{"@id":"https:\/\/lequotidien.mr\/?p=36893&lang=fr#breadcrumb"},"inLanguage":"ar","potentialAction":[{"@type":"ReadAction","target":["https:\/\/lequotidien.mr\/?p=36893&lang=fr"]}]},{"@type":"ImageObject","inLanguage":"ar","@id":"https:\/\/lequotidien.mr\/?p=36893&lang=fr#primaryimage","url":"https:\/\/lequotidien.mr\/wp-content\/uploads\/2026\/04\/opep_f33ff98b6324c9.jpg","contentUrl":"https:\/\/lequotidien.mr\/wp-content\/uploads\/2026\/04\/opep_f33ff98b6324c9.jpg","width":864,"height":486},{"@type":"BreadcrumbList","@id":"https:\/\/lequotidien.mr\/?p=36893&lang=fr#breadcrumb","itemListElement":[{"@type":"ListItem","position":1,"name":"Home","item":"https:\/\/lequotidien.mr\/"},{"@type":"ListItem","position":2,"name":"S\u00e9isme p\u00e9trolier : les \u00c9mirats arabes unis quittent l\u2019OPEP et l\u2019OPEP+"}]},{"@type":"WebSite","@id":"https:\/\/lequotidien.mr\/#website","url":"https:\/\/lequotidien.mr\/","name":"Le Quotidien de Nouakchott","description":"\u0625\u062e\u0628\u0627\u0631\u064a\u0629 \u0645\u0633\u062a\u0642\u0644\u0629 \u0644\u0644\u0623\u0646\u0628\u0627\u0621 \u0627\u0644\u0639\u0627\u0645\u0629","publisher":{"@id":"https:\/\/lequotidien.mr\/#organization"},"potentialAction":[{"@type":"SearchAction","target":{"@type":"EntryPoint","urlTemplate":"https:\/\/lequotidien.mr\/?s={search_term_string}"},"query-input":{"@type":"PropertyValueSpecification","valueRequired":true,"valueName":"search_term_string"}}],"inLanguage":"ar"},{"@type":"Organization","@id":"https:\/\/lequotidien.mr\/#organization","name":"Le Quotidien de Nouakchott","url":"https:\/\/lequotidien.mr\/","logo":{"@type":"ImageObject","inLanguage":"ar","@id":"https:\/\/lequotidien.mr\/#\/schema\/logo\/image\/","url":"https:\/\/lequotidien.mr\/wp-content\/uploads\/2022\/11\/logolequotidien.jpg","contentUrl":"https:\/\/lequotidien.mr\/wp-content\/uploads\/2022\/11\/logolequotidien.jpg","width":290,"height":65,"caption":"Le Quotidien de Nouakchott"},"image":{"@id":"https:\/\/lequotidien.mr\/#\/schema\/logo\/image\/"},"sameAs":["https:\/\/web.facebook.com\/lequotidienmr","https:\/\/x.com\/lequotidienmr"]},{"@type":"Person","@id":"https:\/\/lequotidien.mr\/#\/schema\/person\/0926dbaf41ffa88b64cf66855b9b2826","name":"Fatimetou Ethemane","image":{"@type":"ImageObject","inLanguage":"ar","@id":"https:\/\/secure.gravatar.com\/avatar\/38fea9097a5e574debe9801202088f6f4429fdac0912587175811aad50d9706e?s=96&d=mm&r=g","url":"https:\/\/secure.gravatar.com\/avatar\/38fea9097a5e574debe9801202088f6f4429fdac0912587175811aad50d9706e?s=96&d=mm&r=g","contentUrl":"https:\/\/secure.gravatar.com\/avatar\/38fea9097a5e574debe9801202088f6f4429fdac0912587175811aad50d9706e?s=96&d=mm&r=g","caption":"Fatimetou Ethemane"},"sameAs":["http:\/\/lequotidien.mr"],"url":"https:\/\/lequotidien.mr\/?author=13"}]}},"_links":{"self":[{"href":"https:\/\/lequotidien.mr\/index.php?rest_route=\/wp\/v2\/posts\/36893","targetHints":{"allow":["GET"]}}],"collection":[{"href":"https:\/\/lequotidien.mr\/index.php?rest_route=\/wp\/v2\/posts"}],"about":[{"href":"https:\/\/lequotidien.mr\/index.php?rest_route=\/wp\/v2\/types\/post"}],"author":[{"embeddable":true,"href":"https:\/\/lequotidien.mr\/index.php?rest_route=\/wp\/v2\/users\/13"}],"replies":[{"embeddable":true,"href":"https:\/\/lequotidien.mr\/index.php?rest_route=%2Fwp%2Fv2%2Fcomments&post=36893"}],"version-history":[{"count":1,"href":"https:\/\/lequotidien.mr\/index.php?rest_route=\/wp\/v2\/posts\/36893\/revisions"}],"predecessor-version":[{"id":36895,"href":"https:\/\/lequotidien.mr\/index.php?rest_route=\/wp\/v2\/posts\/36893\/revisions\/36895"}],"wp:featuredmedia":[{"embeddable":true,"href":"https:\/\/lequotidien.mr\/index.php?rest_route=\/wp\/v2\/media\/36894"}],"wp:attachment":[{"href":"https:\/\/lequotidien.mr\/index.php?rest_route=%2Fwp%2Fv2%2Fmedia&parent=36893"}],"wp:term":[{"taxonomy":"category","embeddable":true,"href":"https:\/\/lequotidien.mr\/index.php?rest_route=%2Fwp%2Fv2%2Fcategories&post=36893"},{"taxonomy":"post_tag","embeddable":true,"href":"https:\/\/lequotidien.mr\/index.php?rest_route=%2Fwp%2Fv2%2Ftags&post=36893"}],"curies":[{"name":"wp","href":"https:\/\/api.w.org\/{rel}","templated":true}]}}