{"id":36884,"date":"2026-04-28T16:43:44","date_gmt":"2026-04-28T16:43:44","guid":{"rendered":"https:\/\/lequotidien.mr\/?p=36884"},"modified":"2026-04-28T16:43:44","modified_gmt":"2026-04-28T16:43:44","slug":"algerie-mauritanie-les-echanges-commerciaux-atteignent-500-millions-de-dollars-et-visent-une-nouvelle-acceleration","status":"publish","type":"post","link":"https:\/\/lequotidien.mr\/?p=36884&lang=fr","title":{"rendered":"Alg\u00e9rie\u2013Mauritanie : les \u00e9changes commerciaux atteignent 500 millions de dollars et visent une nouvelle acc\u00e9l\u00e9ration"},"content":{"rendered":"<p data-start=\"122\" data-end=\"444\">Les relations \u00e9conomiques entre l\u2019<span class=\"hover:entity-accent entity-underline inline cursor-pointer align-baseline\"><span class=\"whitespace-normal\">Alg\u00e9rie<\/span><\/span> et la <span class=\"hover:entity-accent entity-underline inline cursor-pointer align-baseline\"><span class=\"whitespace-normal\">Mauritanie<\/span><\/span> connaissent une dynamique de croissance soutenue, port\u00e9e par le renforcement des infrastructures transfrontali\u00e8res et la volont\u00e9 politique commune d\u2019approfondir l\u2019int\u00e9gration \u00e9conomique entre les deux pays.<\/p>\n<p data-start=\"446\" data-end=\"767\">Selon l\u2019ambassadeur de Mauritanie en Alg\u00e9rie, <span class=\"hover:entity-accent entity-underline inline cursor-pointer align-baseline\"><span class=\"whitespace-normal\">Sidi Mohamed Abdellah<\/span><\/span>, les \u00e9changes commerciaux bilat\u00e9raux ont atteint pr\u00e8s de 500 millions de dollars, un niveau qui t\u00e9moigne de l\u2019essor rapide de la coop\u00e9ration \u00e9conomique entre <span class=\"hover:entity-accent entity-underline inline cursor-pointer align-baseline\"><span class=\"whitespace-normal\">Alger<\/span><\/span> et <span class=\"hover:entity-accent entity-underline inline cursor-pointer align-baseline\"><span class=\"whitespace-normal\">Nouakchott<\/span><\/span>.<\/p>\n<p data-start=\"769\" data-end=\"1159\">S\u2019exprimant \u00e0 l\u2019occasion du Salon des services et produits alg\u00e9riens destin\u00e9s \u00e0 l\u2019exportation, organis\u00e9 \u00e0 <span class=\"hover:entity-accent entity-underline inline cursor-pointer align-baseline\"><span class=\"whitespace-normal\">Tindouf<\/span><\/span>, le diplomate mauritanien a soulign\u00e9 que ces \u00e9changes devraient conna\u00eetre une progression encore plus importante avec l\u2019ach\u00e8vement du projet de route terrestre reliant <span class=\"hover:entity-accent entity-underline inline cursor-pointer align-baseline\"><span class=\"whitespace-normal\">Tindouf<\/span><\/span> \u00e0 <span class=\"hover:entity-accent entity-underline inline cursor-pointer align-baseline\"><span class=\"whitespace-normal\">Zou\u00e9rate<\/span><\/span>.<\/p>\n<p data-start=\"1161\" data-end=\"1442\">Cette infrastructure strat\u00e9gique est appel\u00e9e \u00e0 am\u00e9liorer la fluidit\u00e9 logistique, \u00e0 r\u00e9duire les d\u00e9lais de transport et \u00e0 faciliter l\u2019acheminement des marchandises entre les deux pays, tout en consolidant le r\u00f4le de la Mauritanie comme porte d\u2019acc\u00e8s vers les march\u00e9s ouest-africains.<\/p>\n<p data-start=\"1444\" data-end=\"1739\"><span class=\"hover:entity-accent entity-underline inline cursor-pointer align-baseline\"><span class=\"whitespace-normal\">Sidi Mohamed Abdellah<\/span><\/span> a \u00e9galement mis en avant la forte acceptation des produits alg\u00e9riens sur le march\u00e9 mauritanien, pr\u00e9cisant que nombre de ces produits sont ensuite r\u00e9export\u00e9s vers plusieurs pays d\u2019Afrique de l\u2019Ouest, renfor\u00e7ant ainsi la dimension r\u00e9gionale de ce partenariat.<\/p>\n<p data-start=\"1741\" data-end=\"2130\">Dans cette perspective, des consultations avanc\u00e9es sont en cours entre les deux \u00c9tats pour la conclusion d\u2019un accord commercial pr\u00e9f\u00e9rentiel portant sur une liste de produits b\u00e9n\u00e9ficiant d\u2019exemptions douani\u00e8res r\u00e9ciproques. Une telle initiative devrait favoriser la lib\u00e9ralisation des \u00e9changes, stimuler les investissements et contribuer au d\u00e9veloppement \u00e9conomique des zones frontali\u00e8res.<\/p>\n<p data-start=\"2132\" data-end=\"2442\">L\u2019ambassadeur a rappel\u00e9 que l\u2019ouverture des postes frontaliers, d\u00e9cid\u00e9e il y a environ un an et demi par les dirigeants des deux pays, a constitu\u00e9 un tournant majeur dans la consolidation des relations \u00e9conomiques bilat\u00e9rales, traduisant une volont\u00e9 politique affirm\u00e9e de rapprocher davantage les deux peuples.<\/p>\n<p data-start=\"2444\" data-end=\"2857\">Au-del\u00e0 du commerce, les discussions portent \u00e9galement sur des projets structurants dans les domaines de l\u2019\u00e9nergie, du gaz et des infrastructures ferroviaires, notamment autour de la ligne strat\u00e9gique reliant <span class=\"hover:entity-accent entity-underline inline cursor-pointer align-baseline\"><span class=\"whitespace-normal\">Laghouat<\/span><\/span>, <span class=\"hover:entity-accent entity-underline inline cursor-pointer align-baseline\"><span class=\"whitespace-normal\">Gharda\u00efa<\/span><\/span>, <span class=\"hover:entity-accent entity-underline inline cursor-pointer align-baseline\"><span class=\"whitespace-normal\">El Menia<\/span><\/span>, <span class=\"hover:entity-accent entity-underline inline cursor-pointer align-baseline\"><span class=\"whitespace-normal\">In Salah<\/span><\/span> et <span class=\"hover:entity-accent entity-underline inline cursor-pointer align-baseline\"><span class=\"whitespace-normal\">Tamanrasset<\/span><\/span>.<\/p>\n<p data-start=\"2859\" data-end=\"3125\" data-is-last-node=\"\" data-is-only-node=\"\">Ces projets t\u00e9moignent d\u2019une ambition plus large : faire de l\u2019axe alg\u00e9ro-mauritanien un corridor strat\u00e9gique de commerce, de connectivit\u00e9 et de coop\u00e9ration r\u00e9gionale, susceptible de redessiner les \u00e9changes \u00e9conomiques entre l\u2019Afrique du Nord et l\u2019Afrique de l\u2019Ouest.<\/p>\n","protected":false},"excerpt":{"rendered":"<p>Les relations \u00e9conomiques entre l\u2019Alg\u00e9rie et la Mauritanie connaissent une dynamique de croissance soutenue, port\u00e9e par le renforcement des infrastructures transfrontali\u00e8res et la volont\u00e9 politique commune d\u2019approfondir l\u2019int\u00e9gration \u00e9conomique entre les deux pays. Selon l\u2019ambassadeur de Mauritanie en Alg\u00e9rie, Sidi Mohamed Abdellah, les \u00e9changes commerciaux bilat\u00e9raux ont atteint pr\u00e8s de 500 millions de dollars, un&#8230;..<\/p>\n","protected":false},"author":13,"featured_media":36885,"comment_status":"open","ping_status":"open","sticky":false,"template":"","format":"standard","meta":{"footnotes":""},"categories":[23,49],"tags":[],"class_list":["post-36884","post","type-post","status-publish","format-standard","has-post-thumbnail","hentry","category-actualite","category-economie"],"yoast_head":"<!-- This site is optimized with the Yoast SEO plugin v27.5 - https:\/\/yoast.com\/product\/yoast-seo-wordpress\/ -->\n<title>Alg\u00e9rie\u2013Mauritanie : les \u00e9changes commerciaux atteignent 500 millions de dollars et visent une nouvelle acc\u00e9l\u00e9ration - Le Quotidien de Nouakchott<\/title>\n<meta name=\"robots\" content=\"index, follow, max-snippet:-1, max-image-preview:large, max-video-preview:-1\" \/>\n<link rel=\"canonical\" href=\"https:\/\/lequotidien.mr\/?p=36884&lang=fr\" \/>\n<meta property=\"og:locale\" content=\"ar_AR\" \/>\n<meta property=\"og:type\" content=\"article\" \/>\n<meta property=\"og:title\" content=\"Alg\u00e9rie\u2013Mauritanie : les \u00e9changes commerciaux atteignent 500 millions de dollars et visent une nouvelle acc\u00e9l\u00e9ration - Le Quotidien de Nouakchott\" \/>\n<meta property=\"og:description\" content=\"Les relations \u00e9conomiques entre l\u2019Alg\u00e9rie et la Mauritanie connaissent une dynamique de croissance soutenue, port\u00e9e par le renforcement des infrastructures transfrontali\u00e8res et la volont\u00e9 politique commune d\u2019approfondir l\u2019int\u00e9gration \u00e9conomique entre les deux pays. Selon l\u2019ambassadeur de Mauritanie en Alg\u00e9rie, Sidi Mohamed Abdellah, les \u00e9changes commerciaux bilat\u00e9raux ont atteint pr\u00e8s de 500 millions de dollars, un.....\" \/>\n<meta property=\"og:url\" content=\"https:\/\/lequotidien.mr\/?p=36884&amp;lang=fr\" \/>\n<meta property=\"og:site_name\" content=\"Le Quotidien de Nouakchott\" \/>\n<meta property=\"article:publisher\" content=\"https:\/\/web.facebook.com\/lequotidienmr\" \/>\n<meta property=\"article:published_time\" content=\"2026-04-28T16:43:44+00:00\" \/>\n<meta property=\"og:image\" content=\"https:\/\/lequotidien.mr\/wp-content\/uploads\/2026\/04\/alg_1.png\" \/>\n\t<meta property=\"og:image:width\" content=\"614\" \/>\n\t<meta property=\"og:image:height\" content=\"405\" \/>\n\t<meta property=\"og:image:type\" content=\"image\/png\" \/>\n<meta name=\"author\" content=\"Fatimetou Ethemane\" \/>\n<meta name=\"twitter:card\" content=\"summary_large_image\" \/>\n<meta name=\"twitter:creator\" content=\"@lequotidienmr\" \/>\n<meta name=\"twitter:site\" content=\"@lequotidienmr\" \/>\n<meta name=\"twitter:label1\" content=\"\u0643\u064f\u062a\u0628 \u0628\u0648\u0627\u0633\u0637\u0629\" \/>\n\t<meta name=\"twitter:data1\" content=\"Fatimetou Ethemane\" \/>\n\t<meta name=\"twitter:label2\" content=\"\u0648\u0642\u062a \u0627\u0644\u0642\u0631\u0627\u0621\u0629 \u0627\u0644\u0645\u064f\u0642\u062f\u0651\u0631\" \/>\n\t<meta name=\"twitter:data2\" content=\"3 \u062f\u0642\u0627\u0626\u0642\" \/>\n<script type=\"application\/ld+json\" class=\"yoast-schema-graph\">{\"@context\":\"https:\\\/\\\/schema.org\",\"@graph\":[{\"@type\":\"Article\",\"@id\":\"https:\\\/\\\/lequotidien.mr\\\/?p=36884&lang=fr#article\",\"isPartOf\":{\"@id\":\"https:\\\/\\\/lequotidien.mr\\\/?p=36884&lang=fr\"},\"author\":{\"name\":\"Fatimetou Ethemane\",\"@id\":\"https:\\\/\\\/lequotidien.mr\\\/#\\\/schema\\\/person\\\/0926dbaf41ffa88b64cf66855b9b2826\"},\"headline\":\"Alg\u00e9rie\u2013Mauritanie : les \u00e9changes commerciaux atteignent 500 millions de dollars et visent une nouvelle acc\u00e9l\u00e9ration\",\"datePublished\":\"2026-04-28T16:43:44+00:00\",\"mainEntityOfPage\":{\"@id\":\"https:\\\/\\\/lequotidien.mr\\\/?p=36884&lang=fr\"},\"wordCount\":443,\"commentCount\":0,\"publisher\":{\"@id\":\"https:\\\/\\\/lequotidien.mr\\\/#organization\"},\"image\":{\"@id\":\"https:\\\/\\\/lequotidien.mr\\\/?p=36884&lang=fr#primaryimage\"},\"thumbnailUrl\":\"https:\\\/\\\/lequotidien.mr\\\/wp-content\\\/uploads\\\/2026\\\/04\\\/alg_1.png\",\"articleSection\":[\"ACTUALIT\u00c9\",\"Economie\"],\"inLanguage\":\"ar\",\"potentialAction\":[{\"@type\":\"CommentAction\",\"name\":\"Comment\",\"target\":[\"https:\\\/\\\/lequotidien.mr\\\/?p=36884&lang=fr#respond\"]}]},{\"@type\":\"WebPage\",\"@id\":\"https:\\\/\\\/lequotidien.mr\\\/?p=36884&lang=fr\",\"url\":\"https:\\\/\\\/lequotidien.mr\\\/?p=36884&lang=fr\",\"name\":\"Alg\u00e9rie\u2013Mauritanie : les \u00e9changes commerciaux atteignent 500 millions de dollars et visent une nouvelle acc\u00e9l\u00e9ration - Le Quotidien de Nouakchott\",\"isPartOf\":{\"@id\":\"https:\\\/\\\/lequotidien.mr\\\/#website\"},\"primaryImageOfPage\":{\"@id\":\"https:\\\/\\\/lequotidien.mr\\\/?p=36884&lang=fr#primaryimage\"},\"image\":{\"@id\":\"https:\\\/\\\/lequotidien.mr\\\/?p=36884&lang=fr#primaryimage\"},\"thumbnailUrl\":\"https:\\\/\\\/lequotidien.mr\\\/wp-content\\\/uploads\\\/2026\\\/04\\\/alg_1.png\",\"datePublished\":\"2026-04-28T16:43:44+00:00\",\"breadcrumb\":{\"@id\":\"https:\\\/\\\/lequotidien.mr\\\/?p=36884&lang=fr#breadcrumb\"},\"inLanguage\":\"ar\",\"potentialAction\":[{\"@type\":\"ReadAction\",\"target\":[\"https:\\\/\\\/lequotidien.mr\\\/?p=36884&lang=fr\"]}]},{\"@type\":\"ImageObject\",\"inLanguage\":\"ar\",\"@id\":\"https:\\\/\\\/lequotidien.mr\\\/?p=36884&lang=fr#primaryimage\",\"url\":\"https:\\\/\\\/lequotidien.mr\\\/wp-content\\\/uploads\\\/2026\\\/04\\\/alg_1.png\",\"contentUrl\":\"https:\\\/\\\/lequotidien.mr\\\/wp-content\\\/uploads\\\/2026\\\/04\\\/alg_1.png\",\"width\":614,\"height\":405},{\"@type\":\"BreadcrumbList\",\"@id\":\"https:\\\/\\\/lequotidien.mr\\\/?p=36884&lang=fr#breadcrumb\",\"itemListElement\":[{\"@type\":\"ListItem\",\"position\":1,\"name\":\"Home\",\"item\":\"https:\\\/\\\/lequotidien.mr\\\/\"},{\"@type\":\"ListItem\",\"position\":2,\"name\":\"Alg\u00e9rie\u2013Mauritanie : les \u00e9changes commerciaux atteignent 500 millions de dollars et visent une nouvelle acc\u00e9l\u00e9ration\"}]},{\"@type\":\"WebSite\",\"@id\":\"https:\\\/\\\/lequotidien.mr\\\/#website\",\"url\":\"https:\\\/\\\/lequotidien.mr\\\/\",\"name\":\"Le Quotidien de Nouakchott\",\"description\":\"\u0625\u062e\u0628\u0627\u0631\u064a\u0629 \u0645\u0633\u062a\u0642\u0644\u0629 \u0644\u0644\u0623\u0646\u0628\u0627\u0621 \u0627\u0644\u0639\u0627\u0645\u0629\",\"publisher\":{\"@id\":\"https:\\\/\\\/lequotidien.mr\\\/#organization\"},\"potentialAction\":[{\"@type\":\"SearchAction\",\"target\":{\"@type\":\"EntryPoint\",\"urlTemplate\":\"https:\\\/\\\/lequotidien.mr\\\/?s={search_term_string}\"},\"query-input\":{\"@type\":\"PropertyValueSpecification\",\"valueRequired\":true,\"valueName\":\"search_term_string\"}}],\"inLanguage\":\"ar\"},{\"@type\":\"Organization\",\"@id\":\"https:\\\/\\\/lequotidien.mr\\\/#organization\",\"name\":\"Le Quotidien de Nouakchott\",\"url\":\"https:\\\/\\\/lequotidien.mr\\\/\",\"logo\":{\"@type\":\"ImageObject\",\"inLanguage\":\"ar\",\"@id\":\"https:\\\/\\\/lequotidien.mr\\\/#\\\/schema\\\/logo\\\/image\\\/\",\"url\":\"https:\\\/\\\/lequotidien.mr\\\/wp-content\\\/uploads\\\/2022\\\/11\\\/logolequotidien.jpg\",\"contentUrl\":\"https:\\\/\\\/lequotidien.mr\\\/wp-content\\\/uploads\\\/2022\\\/11\\\/logolequotidien.jpg\",\"width\":290,\"height\":65,\"caption\":\"Le Quotidien de Nouakchott\"},\"image\":{\"@id\":\"https:\\\/\\\/lequotidien.mr\\\/#\\\/schema\\\/logo\\\/image\\\/\"},\"sameAs\":[\"https:\\\/\\\/web.facebook.com\\\/lequotidienmr\",\"https:\\\/\\\/x.com\\\/lequotidienmr\"]},{\"@type\":\"Person\",\"@id\":\"https:\\\/\\\/lequotidien.mr\\\/#\\\/schema\\\/person\\\/0926dbaf41ffa88b64cf66855b9b2826\",\"name\":\"Fatimetou Ethemane\",\"image\":{\"@type\":\"ImageObject\",\"inLanguage\":\"ar\",\"@id\":\"https:\\\/\\\/secure.gravatar.com\\\/avatar\\\/38fea9097a5e574debe9801202088f6f4429fdac0912587175811aad50d9706e?s=96&d=mm&r=g\",\"url\":\"https:\\\/\\\/secure.gravatar.com\\\/avatar\\\/38fea9097a5e574debe9801202088f6f4429fdac0912587175811aad50d9706e?s=96&d=mm&r=g\",\"contentUrl\":\"https:\\\/\\\/secure.gravatar.com\\\/avatar\\\/38fea9097a5e574debe9801202088f6f4429fdac0912587175811aad50d9706e?s=96&d=mm&r=g\",\"caption\":\"Fatimetou Ethemane\"},\"sameAs\":[\"http:\\\/\\\/lequotidien.mr\"],\"url\":\"https:\\\/\\\/lequotidien.mr\\\/?author=13\"}]}<\/script>\n<!-- \/ Yoast SEO plugin. -->","yoast_head_json":{"title":"Alg\u00e9rie\u2013Mauritanie : les \u00e9changes commerciaux atteignent 500 millions de dollars et visent une nouvelle acc\u00e9l\u00e9ration - Le Quotidien de Nouakchott","robots":{"index":"index","follow":"follow","max-snippet":"max-snippet:-1","max-image-preview":"max-image-preview:large","max-video-preview":"max-video-preview:-1"},"canonical":"https:\/\/lequotidien.mr\/?p=36884&lang=fr","og_locale":"ar_AR","og_type":"article","og_title":"Alg\u00e9rie\u2013Mauritanie : les \u00e9changes commerciaux atteignent 500 millions de dollars et visent une nouvelle acc\u00e9l\u00e9ration - Le Quotidien de Nouakchott","og_description":"Les relations \u00e9conomiques entre l\u2019Alg\u00e9rie et la Mauritanie connaissent une dynamique de croissance soutenue, port\u00e9e par le renforcement des infrastructures transfrontali\u00e8res et la volont\u00e9 politique commune d\u2019approfondir l\u2019int\u00e9gration \u00e9conomique entre les deux pays. Selon l\u2019ambassadeur de Mauritanie en Alg\u00e9rie, Sidi Mohamed Abdellah, les \u00e9changes commerciaux bilat\u00e9raux ont atteint pr\u00e8s de 500 millions de dollars, un.....","og_url":"https:\/\/lequotidien.mr\/?p=36884&lang=fr","og_site_name":"Le Quotidien de Nouakchott","article_publisher":"https:\/\/web.facebook.com\/lequotidienmr","article_published_time":"2026-04-28T16:43:44+00:00","og_image":[{"width":614,"height":405,"url":"https:\/\/lequotidien.mr\/wp-content\/uploads\/2026\/04\/alg_1.png","type":"image\/png"}],"author":"Fatimetou Ethemane","twitter_card":"summary_large_image","twitter_creator":"@lequotidienmr","twitter_site":"@lequotidienmr","twitter_misc":{"\u0643\u064f\u062a\u0628 \u0628\u0648\u0627\u0633\u0637\u0629":"Fatimetou Ethemane","\u0648\u0642\u062a \u0627\u0644\u0642\u0631\u0627\u0621\u0629 \u0627\u0644\u0645\u064f\u0642\u062f\u0651\u0631":"3 \u062f\u0642\u0627\u0626\u0642"},"schema":{"@context":"https:\/\/schema.org","@graph":[{"@type":"Article","@id":"https:\/\/lequotidien.mr\/?p=36884&lang=fr#article","isPartOf":{"@id":"https:\/\/lequotidien.mr\/?p=36884&lang=fr"},"author":{"name":"Fatimetou Ethemane","@id":"https:\/\/lequotidien.mr\/#\/schema\/person\/0926dbaf41ffa88b64cf66855b9b2826"},"headline":"Alg\u00e9rie\u2013Mauritanie : les \u00e9changes commerciaux atteignent 500 millions de dollars et visent une nouvelle acc\u00e9l\u00e9ration","datePublished":"2026-04-28T16:43:44+00:00","mainEntityOfPage":{"@id":"https:\/\/lequotidien.mr\/?p=36884&lang=fr"},"wordCount":443,"commentCount":0,"publisher":{"@id":"https:\/\/lequotidien.mr\/#organization"},"image":{"@id":"https:\/\/lequotidien.mr\/?p=36884&lang=fr#primaryimage"},"thumbnailUrl":"https:\/\/lequotidien.mr\/wp-content\/uploads\/2026\/04\/alg_1.png","articleSection":["ACTUALIT\u00c9","Economie"],"inLanguage":"ar","potentialAction":[{"@type":"CommentAction","name":"Comment","target":["https:\/\/lequotidien.mr\/?p=36884&lang=fr#respond"]}]},{"@type":"WebPage","@id":"https:\/\/lequotidien.mr\/?p=36884&lang=fr","url":"https:\/\/lequotidien.mr\/?p=36884&lang=fr","name":"Alg\u00e9rie\u2013Mauritanie : les \u00e9changes commerciaux atteignent 500 millions de dollars et visent une nouvelle acc\u00e9l\u00e9ration - Le Quotidien de Nouakchott","isPartOf":{"@id":"https:\/\/lequotidien.mr\/#website"},"primaryImageOfPage":{"@id":"https:\/\/lequotidien.mr\/?p=36884&lang=fr#primaryimage"},"image":{"@id":"https:\/\/lequotidien.mr\/?p=36884&lang=fr#primaryimage"},"thumbnailUrl":"https:\/\/lequotidien.mr\/wp-content\/uploads\/2026\/04\/alg_1.png","datePublished":"2026-04-28T16:43:44+00:00","breadcrumb":{"@id":"https:\/\/lequotidien.mr\/?p=36884&lang=fr#breadcrumb"},"inLanguage":"ar","potentialAction":[{"@type":"ReadAction","target":["https:\/\/lequotidien.mr\/?p=36884&lang=fr"]}]},{"@type":"ImageObject","inLanguage":"ar","@id":"https:\/\/lequotidien.mr\/?p=36884&lang=fr#primaryimage","url":"https:\/\/lequotidien.mr\/wp-content\/uploads\/2026\/04\/alg_1.png","contentUrl":"https:\/\/lequotidien.mr\/wp-content\/uploads\/2026\/04\/alg_1.png","width":614,"height":405},{"@type":"BreadcrumbList","@id":"https:\/\/lequotidien.mr\/?p=36884&lang=fr#breadcrumb","itemListElement":[{"@type":"ListItem","position":1,"name":"Home","item":"https:\/\/lequotidien.mr\/"},{"@type":"ListItem","position":2,"name":"Alg\u00e9rie\u2013Mauritanie : les \u00e9changes commerciaux atteignent 500 millions de dollars et visent une nouvelle acc\u00e9l\u00e9ration"}]},{"@type":"WebSite","@id":"https:\/\/lequotidien.mr\/#website","url":"https:\/\/lequotidien.mr\/","name":"Le Quotidien de Nouakchott","description":"\u0625\u062e\u0628\u0627\u0631\u064a\u0629 \u0645\u0633\u062a\u0642\u0644\u0629 \u0644\u0644\u0623\u0646\u0628\u0627\u0621 \u0627\u0644\u0639\u0627\u0645\u0629","publisher":{"@id":"https:\/\/lequotidien.mr\/#organization"},"potentialAction":[{"@type":"SearchAction","target":{"@type":"EntryPoint","urlTemplate":"https:\/\/lequotidien.mr\/?s={search_term_string}"},"query-input":{"@type":"PropertyValueSpecification","valueRequired":true,"valueName":"search_term_string"}}],"inLanguage":"ar"},{"@type":"Organization","@id":"https:\/\/lequotidien.mr\/#organization","name":"Le Quotidien de Nouakchott","url":"https:\/\/lequotidien.mr\/","logo":{"@type":"ImageObject","inLanguage":"ar","@id":"https:\/\/lequotidien.mr\/#\/schema\/logo\/image\/","url":"https:\/\/lequotidien.mr\/wp-content\/uploads\/2022\/11\/logolequotidien.jpg","contentUrl":"https:\/\/lequotidien.mr\/wp-content\/uploads\/2022\/11\/logolequotidien.jpg","width":290,"height":65,"caption":"Le Quotidien de Nouakchott"},"image":{"@id":"https:\/\/lequotidien.mr\/#\/schema\/logo\/image\/"},"sameAs":["https:\/\/web.facebook.com\/lequotidienmr","https:\/\/x.com\/lequotidienmr"]},{"@type":"Person","@id":"https:\/\/lequotidien.mr\/#\/schema\/person\/0926dbaf41ffa88b64cf66855b9b2826","name":"Fatimetou Ethemane","image":{"@type":"ImageObject","inLanguage":"ar","@id":"https:\/\/secure.gravatar.com\/avatar\/38fea9097a5e574debe9801202088f6f4429fdac0912587175811aad50d9706e?s=96&d=mm&r=g","url":"https:\/\/secure.gravatar.com\/avatar\/38fea9097a5e574debe9801202088f6f4429fdac0912587175811aad50d9706e?s=96&d=mm&r=g","contentUrl":"https:\/\/secure.gravatar.com\/avatar\/38fea9097a5e574debe9801202088f6f4429fdac0912587175811aad50d9706e?s=96&d=mm&r=g","caption":"Fatimetou Ethemane"},"sameAs":["http:\/\/lequotidien.mr"],"url":"https:\/\/lequotidien.mr\/?author=13"}]}},"_links":{"self":[{"href":"https:\/\/lequotidien.mr\/index.php?rest_route=\/wp\/v2\/posts\/36884","targetHints":{"allow":["GET"]}}],"collection":[{"href":"https:\/\/lequotidien.mr\/index.php?rest_route=\/wp\/v2\/posts"}],"about":[{"href":"https:\/\/lequotidien.mr\/index.php?rest_route=\/wp\/v2\/types\/post"}],"author":[{"embeddable":true,"href":"https:\/\/lequotidien.mr\/index.php?rest_route=\/wp\/v2\/users\/13"}],"replies":[{"embeddable":true,"href":"https:\/\/lequotidien.mr\/index.php?rest_route=%2Fwp%2Fv2%2Fcomments&post=36884"}],"version-history":[{"count":1,"href":"https:\/\/lequotidien.mr\/index.php?rest_route=\/wp\/v2\/posts\/36884\/revisions"}],"predecessor-version":[{"id":36886,"href":"https:\/\/lequotidien.mr\/index.php?rest_route=\/wp\/v2\/posts\/36884\/revisions\/36886"}],"wp:featuredmedia":[{"embeddable":true,"href":"https:\/\/lequotidien.mr\/index.php?rest_route=\/wp\/v2\/media\/36885"}],"wp:attachment":[{"href":"https:\/\/lequotidien.mr\/index.php?rest_route=%2Fwp%2Fv2%2Fmedia&parent=36884"}],"wp:term":[{"taxonomy":"category","embeddable":true,"href":"https:\/\/lequotidien.mr\/index.php?rest_route=%2Fwp%2Fv2%2Fcategories&post=36884"},{"taxonomy":"post_tag","embeddable":true,"href":"https:\/\/lequotidien.mr\/index.php?rest_route=%2Fwp%2Fv2%2Ftags&post=36884"}],"curies":[{"name":"wp","href":"https:\/\/api.w.org\/{rel}","templated":true}]}}