{"id":36881,"date":"2026-04-28T16:42:57","date_gmt":"2026-04-28T16:42:57","guid":{"rendered":"https:\/\/lequotidien.mr\/?p=36881"},"modified":"2026-04-28T16:42:57","modified_gmt":"2026-04-28T16:42:57","slug":"elevage-la-mauritanie-et-le-bresil-vers-un-partenariat-strategique-2026-2031","status":"publish","type":"post","link":"https:\/\/lequotidien.mr\/?p=36881&lang=fr","title":{"rendered":"\u00c9levage : la Mauritanie et le Br\u00e9sil vers un partenariat strat\u00e9gique 2026-2031"},"content":{"rendered":"<p data-start=\"84\" data-end=\"401\">La <span class=\"hover:entity-accent entity-underline inline cursor-pointer align-baseline\"><span class=\"whitespace-normal\">Mauritanie<\/span><\/span> et le <span class=\"hover:entity-accent entity-underline inline cursor-pointer align-baseline\"><span class=\"whitespace-normal\">Br\u00e9sil<\/span><\/span> franchissent une nouvelle \u00e9tape dans le renforcement de leur coop\u00e9ration bilat\u00e9rale, avec l\u2019ambition d\u2019\u00e9tablir un partenariat strat\u00e9gique dans le secteur de l\u2019\u00e9levage, consid\u00e9r\u00e9 comme un pilier essentiel de l\u2019\u00e9conomie mauritanienne.<\/p>\n<p data-start=\"403\" data-end=\"790\">R\u00e9unis lundi 27 avril \u00e0 <span class=\"hover:entity-accent entity-underline inline cursor-pointer align-baseline\"><span class=\"whitespace-normal\">Bras\u00edlia<\/span><\/span>, le ministre mauritanien du D\u00e9veloppement de l\u2019\u00e9levage, <span class=\"hover:entity-accent entity-underline inline cursor-pointer align-baseline\"><span class=\"whitespace-normal\">Sid Ahmed Ould Mohamed<\/span><\/span>, et son homologue br\u00e9silien, <span class=\"hover:entity-accent entity-underline inline cursor-pointer align-baseline\"><span class=\"whitespace-normal\">Andr\u00e9 de Paula<\/span><\/span>, ont examin\u00e9 les m\u00e9canismes de mise en place d\u2019une coop\u00e9ration structur\u00e9e autour d\u2019un m\u00e9morandum d\u2019entente assorti d\u2019un plan d\u2019action couvrant la p\u00e9riode 2026-2031.<\/p>\n<p data-start=\"792\" data-end=\"1029\">L\u2019objectif affich\u00e9 est de d\u00e9velopper une collaboration durable en mati\u00e8re de production animale, de modernisation du secteur et de transfert d\u2019expertise technique, dans une logique de renforcement des capacit\u00e9s nationales mauritaniennes.<\/p>\n<p data-start=\"1031\" data-end=\"1441\">Les discussions ont port\u00e9 sur plusieurs priorit\u00e9s strat\u00e9giques, notamment l\u2019am\u00e9lioration de la sant\u00e9 animale, le renforcement des normes de s\u00e9curit\u00e9 sanitaire, l\u2019am\u00e9lioration g\u00e9n\u00e9tique des troupeaux, ainsi que le d\u00e9veloppement de solutions durables pour l\u2019alimentation animale. Les deux parties ont \u00e9galement explor\u00e9 les possibilit\u00e9s de transfert de technologies modernes dans les fili\u00e8res laiti\u00e8re et avicole.<\/p>\n<p data-start=\"1443\" data-end=\"1709\">Ces axes de coop\u00e9ration visent \u00e0 accro\u00eetre la productivit\u00e9 du secteur, am\u00e9liorer la comp\u00e9titivit\u00e9 des fili\u00e8res nationales et contribuer \u00e0 la s\u00e9curit\u00e9 alimentaire en Mauritanie, dans un contexte o\u00f9 l\u2019\u00e9levage demeure un levier majeur de d\u00e9veloppement socio-\u00e9conomique.<\/p>\n<p data-start=\"1711\" data-end=\"1948\">Selon les autorit\u00e9s mauritaniennes, les \u00e9changes ont \u00e9galement mis l\u2019accent sur la n\u00e9cessit\u00e9 d\u2019acc\u00e9l\u00e9rer les proc\u00e9dures administratives afin de permettre un lancement rapide des programmes conjoints d\u00e8s l\u2019adoption d\u00e9finitive de l\u2019accord.<\/p>\n<p data-start=\"1950\" data-end=\"2183\">Au cours de la rencontre, <span class=\"hover:entity-accent entity-underline inline cursor-pointer align-baseline\"><span class=\"whitespace-normal\">Sid Ahmed Ould Mohamed<\/span><\/span> a salu\u00e9 l\u2019exp\u00e9rience br\u00e9silienne dans le domaine de l\u2019\u00e9levage, consid\u00e9r\u00e9e comme une r\u00e9f\u00e9rence internationale susceptible d\u2019inspirer la strat\u00e9gie nationale mauritanienne.<\/p>\n<p data-start=\"2185\" data-end=\"2492\">Les deux pays ont par ailleurs r\u00e9affirm\u00e9 leur attachement \u00e0 la coop\u00e9ration Sud-Sud, soulignant l\u2019importance du partage d\u2019exp\u00e9riences entre pays en d\u00e9veloppement. Dans ce cadre, la Mauritanie a \u00e9galement exprim\u00e9 son soutien \u00e0 l\u2019initiative br\u00e9silienne de l\u2019\u00ab Alliance mondiale contre la faim et la pauvret\u00e9 \u00bb.<\/p>\n<p data-start=\"2494\" data-end=\"2743\">L\u2019ambassadeur de Mauritanie au Br\u00e9sil, <span class=\"hover:entity-accent entity-underline inline cursor-pointer align-baseline\"><span class=\"whitespace-normal\">Ahmed Mokhtar Bouceif<\/span><\/span>, accompagn\u00e9 d\u2019une d\u00e9l\u00e9gation technique, a pris part aux discussions, aux c\u00f4t\u00e9s de repr\u00e9sentants br\u00e9siliens issus des minist\u00e8res de l\u2019Agriculture et des Affaires \u00e9trang\u00e8res.<\/p>\n<p data-start=\"2745\" data-end=\"3004\" data-is-last-node=\"\" data-is-only-node=\"\">Cette visite illustre la volont\u00e9 de la Mauritanie de diversifier ses partenariats internationaux et de mobiliser des expertises reconnues pour moderniser un secteur strat\u00e9gique, au c\u0153ur de sa politique de d\u00e9veloppement \u00e9conomique et de r\u00e9silience alimentaire.<\/p>\n","protected":false},"excerpt":{"rendered":"<p>La Mauritanie et le Br\u00e9sil franchissent une nouvelle \u00e9tape dans le renforcement de leur coop\u00e9ration bilat\u00e9rale, avec l\u2019ambition d\u2019\u00e9tablir un partenariat strat\u00e9gique dans le secteur de l\u2019\u00e9levage, consid\u00e9r\u00e9 comme un pilier essentiel de l\u2019\u00e9conomie mauritanienne. R\u00e9unis lundi 27 avril \u00e0 Bras\u00edlia, le ministre mauritanien du D\u00e9veloppement de l\u2019\u00e9levage, Sid Ahmed Ould Mohamed, et son homologue&#8230;..<\/p>\n","protected":false},"author":13,"featured_media":36882,"comment_status":"open","ping_status":"open","sticky":false,"template":"","format":"standard","meta":{"footnotes":""},"categories":[23,49],"tags":[],"class_list":["post-36881","post","type-post","status-publish","format-standard","has-post-thumbnail","hentry","category-actualite","category-economie"],"yoast_head":"<!-- This site is optimized with the Yoast SEO plugin v27.5 - https:\/\/yoast.com\/product\/yoast-seo-wordpress\/ -->\n<title>\u00c9levage : la Mauritanie et le Br\u00e9sil vers un partenariat strat\u00e9gique 2026-2031 - Le Quotidien de Nouakchott<\/title>\n<meta name=\"robots\" content=\"index, follow, max-snippet:-1, max-image-preview:large, max-video-preview:-1\" \/>\n<link rel=\"canonical\" href=\"https:\/\/lequotidien.mr\/?p=36881&lang=fr\" \/>\n<meta property=\"og:locale\" content=\"ar_AR\" \/>\n<meta property=\"og:type\" content=\"article\" \/>\n<meta property=\"og:title\" content=\"\u00c9levage : la Mauritanie et le Br\u00e9sil vers un partenariat strat\u00e9gique 2026-2031 - Le Quotidien de Nouakchott\" \/>\n<meta property=\"og:description\" content=\"La Mauritanie et le Br\u00e9sil franchissent une nouvelle \u00e9tape dans le renforcement de leur coop\u00e9ration bilat\u00e9rale, avec l\u2019ambition d\u2019\u00e9tablir un partenariat strat\u00e9gique dans le secteur de l\u2019\u00e9levage, consid\u00e9r\u00e9 comme un pilier essentiel de l\u2019\u00e9conomie mauritanienne. R\u00e9unis lundi 27 avril \u00e0 Bras\u00edlia, le ministre mauritanien du D\u00e9veloppement de l\u2019\u00e9levage, Sid Ahmed Ould Mohamed, et son homologue.....\" \/>\n<meta property=\"og:url\" content=\"https:\/\/lequotidien.mr\/?p=36881&amp;lang=fr\" \/>\n<meta property=\"og:site_name\" content=\"Le Quotidien de Nouakchott\" \/>\n<meta property=\"article:publisher\" content=\"https:\/\/web.facebook.com\/lequotidienmr\" \/>\n<meta property=\"article:published_time\" content=\"2026-04-28T16:42:57+00:00\" \/>\n<meta property=\"og:image\" content=\"https:\/\/lequotidien.mr\/wp-content\/uploads\/2026\/04\/ele_2.png\" \/>\n\t<meta property=\"og:image:width\" content=\"556\" \/>\n\t<meta property=\"og:image:height\" content=\"280\" \/>\n\t<meta property=\"og:image:type\" content=\"image\/png\" \/>\n<meta name=\"author\" content=\"Fatimetou Ethemane\" \/>\n<meta name=\"twitter:card\" content=\"summary_large_image\" \/>\n<meta name=\"twitter:creator\" content=\"@lequotidienmr\" \/>\n<meta name=\"twitter:site\" content=\"@lequotidienmr\" \/>\n<meta name=\"twitter:label1\" content=\"\u0643\u064f\u062a\u0628 \u0628\u0648\u0627\u0633\u0637\u0629\" \/>\n\t<meta name=\"twitter:data1\" content=\"Fatimetou Ethemane\" \/>\n\t<meta name=\"twitter:label2\" content=\"\u0648\u0642\u062a \u0627\u0644\u0642\u0631\u0627\u0621\u0629 \u0627\u0644\u0645\u064f\u0642\u062f\u0651\u0631\" \/>\n\t<meta name=\"twitter:data2\" content=\"3 \u062f\u0642\u0627\u0626\u0642\" \/>\n<script type=\"application\/ld+json\" class=\"yoast-schema-graph\">{\"@context\":\"https:\\\/\\\/schema.org\",\"@graph\":[{\"@type\":\"Article\",\"@id\":\"https:\\\/\\\/lequotidien.mr\\\/?p=36881&lang=fr#article\",\"isPartOf\":{\"@id\":\"https:\\\/\\\/lequotidien.mr\\\/?p=36881&lang=fr\"},\"author\":{\"name\":\"Fatimetou Ethemane\",\"@id\":\"https:\\\/\\\/lequotidien.mr\\\/#\\\/schema\\\/person\\\/0926dbaf41ffa88b64cf66855b9b2826\"},\"headline\":\"\u00c9levage : la Mauritanie et le Br\u00e9sil vers un partenariat strat\u00e9gique 2026-2031\",\"datePublished\":\"2026-04-28T16:42:57+00:00\",\"mainEntityOfPage\":{\"@id\":\"https:\\\/\\\/lequotidien.mr\\\/?p=36881&lang=fr\"},\"wordCount\":480,\"commentCount\":0,\"publisher\":{\"@id\":\"https:\\\/\\\/lequotidien.mr\\\/#organization\"},\"image\":{\"@id\":\"https:\\\/\\\/lequotidien.mr\\\/?p=36881&lang=fr#primaryimage\"},\"thumbnailUrl\":\"https:\\\/\\\/lequotidien.mr\\\/wp-content\\\/uploads\\\/2026\\\/04\\\/ele_2.png\",\"articleSection\":[\"ACTUALIT\u00c9\",\"Economie\"],\"inLanguage\":\"ar\",\"potentialAction\":[{\"@type\":\"CommentAction\",\"name\":\"Comment\",\"target\":[\"https:\\\/\\\/lequotidien.mr\\\/?p=36881&lang=fr#respond\"]}]},{\"@type\":\"WebPage\",\"@id\":\"https:\\\/\\\/lequotidien.mr\\\/?p=36881&lang=fr\",\"url\":\"https:\\\/\\\/lequotidien.mr\\\/?p=36881&lang=fr\",\"name\":\"\u00c9levage : la Mauritanie et le Br\u00e9sil vers un partenariat strat\u00e9gique 2026-2031 - Le Quotidien de Nouakchott\",\"isPartOf\":{\"@id\":\"https:\\\/\\\/lequotidien.mr\\\/#website\"},\"primaryImageOfPage\":{\"@id\":\"https:\\\/\\\/lequotidien.mr\\\/?p=36881&lang=fr#primaryimage\"},\"image\":{\"@id\":\"https:\\\/\\\/lequotidien.mr\\\/?p=36881&lang=fr#primaryimage\"},\"thumbnailUrl\":\"https:\\\/\\\/lequotidien.mr\\\/wp-content\\\/uploads\\\/2026\\\/04\\\/ele_2.png\",\"datePublished\":\"2026-04-28T16:42:57+00:00\",\"breadcrumb\":{\"@id\":\"https:\\\/\\\/lequotidien.mr\\\/?p=36881&lang=fr#breadcrumb\"},\"inLanguage\":\"ar\",\"potentialAction\":[{\"@type\":\"ReadAction\",\"target\":[\"https:\\\/\\\/lequotidien.mr\\\/?p=36881&lang=fr\"]}]},{\"@type\":\"ImageObject\",\"inLanguage\":\"ar\",\"@id\":\"https:\\\/\\\/lequotidien.mr\\\/?p=36881&lang=fr#primaryimage\",\"url\":\"https:\\\/\\\/lequotidien.mr\\\/wp-content\\\/uploads\\\/2026\\\/04\\\/ele_2.png\",\"contentUrl\":\"https:\\\/\\\/lequotidien.mr\\\/wp-content\\\/uploads\\\/2026\\\/04\\\/ele_2.png\",\"width\":556,\"height\":280},{\"@type\":\"BreadcrumbList\",\"@id\":\"https:\\\/\\\/lequotidien.mr\\\/?p=36881&lang=fr#breadcrumb\",\"itemListElement\":[{\"@type\":\"ListItem\",\"position\":1,\"name\":\"Home\",\"item\":\"https:\\\/\\\/lequotidien.mr\\\/\"},{\"@type\":\"ListItem\",\"position\":2,\"name\":\"\u00c9levage : la Mauritanie et le Br\u00e9sil vers un partenariat strat\u00e9gique 2026-2031\"}]},{\"@type\":\"WebSite\",\"@id\":\"https:\\\/\\\/lequotidien.mr\\\/#website\",\"url\":\"https:\\\/\\\/lequotidien.mr\\\/\",\"name\":\"Le Quotidien de Nouakchott\",\"description\":\"\u0625\u062e\u0628\u0627\u0631\u064a\u0629 \u0645\u0633\u062a\u0642\u0644\u0629 \u0644\u0644\u0623\u0646\u0628\u0627\u0621 \u0627\u0644\u0639\u0627\u0645\u0629\",\"publisher\":{\"@id\":\"https:\\\/\\\/lequotidien.mr\\\/#organization\"},\"potentialAction\":[{\"@type\":\"SearchAction\",\"target\":{\"@type\":\"EntryPoint\",\"urlTemplate\":\"https:\\\/\\\/lequotidien.mr\\\/?s={search_term_string}\"},\"query-input\":{\"@type\":\"PropertyValueSpecification\",\"valueRequired\":true,\"valueName\":\"search_term_string\"}}],\"inLanguage\":\"ar\"},{\"@type\":\"Organization\",\"@id\":\"https:\\\/\\\/lequotidien.mr\\\/#organization\",\"name\":\"Le Quotidien de Nouakchott\",\"url\":\"https:\\\/\\\/lequotidien.mr\\\/\",\"logo\":{\"@type\":\"ImageObject\",\"inLanguage\":\"ar\",\"@id\":\"https:\\\/\\\/lequotidien.mr\\\/#\\\/schema\\\/logo\\\/image\\\/\",\"url\":\"https:\\\/\\\/lequotidien.mr\\\/wp-content\\\/uploads\\\/2022\\\/11\\\/logolequotidien.jpg\",\"contentUrl\":\"https:\\\/\\\/lequotidien.mr\\\/wp-content\\\/uploads\\\/2022\\\/11\\\/logolequotidien.jpg\",\"width\":290,\"height\":65,\"caption\":\"Le Quotidien de Nouakchott\"},\"image\":{\"@id\":\"https:\\\/\\\/lequotidien.mr\\\/#\\\/schema\\\/logo\\\/image\\\/\"},\"sameAs\":[\"https:\\\/\\\/web.facebook.com\\\/lequotidienmr\",\"https:\\\/\\\/x.com\\\/lequotidienmr\"]},{\"@type\":\"Person\",\"@id\":\"https:\\\/\\\/lequotidien.mr\\\/#\\\/schema\\\/person\\\/0926dbaf41ffa88b64cf66855b9b2826\",\"name\":\"Fatimetou Ethemane\",\"image\":{\"@type\":\"ImageObject\",\"inLanguage\":\"ar\",\"@id\":\"https:\\\/\\\/secure.gravatar.com\\\/avatar\\\/38fea9097a5e574debe9801202088f6f4429fdac0912587175811aad50d9706e?s=96&d=mm&r=g\",\"url\":\"https:\\\/\\\/secure.gravatar.com\\\/avatar\\\/38fea9097a5e574debe9801202088f6f4429fdac0912587175811aad50d9706e?s=96&d=mm&r=g\",\"contentUrl\":\"https:\\\/\\\/secure.gravatar.com\\\/avatar\\\/38fea9097a5e574debe9801202088f6f4429fdac0912587175811aad50d9706e?s=96&d=mm&r=g\",\"caption\":\"Fatimetou Ethemane\"},\"sameAs\":[\"http:\\\/\\\/lequotidien.mr\"],\"url\":\"https:\\\/\\\/lequotidien.mr\\\/?author=13\"}]}<\/script>\n<!-- \/ Yoast SEO plugin. -->","yoast_head_json":{"title":"\u00c9levage : la Mauritanie et le Br\u00e9sil vers un partenariat strat\u00e9gique 2026-2031 - Le Quotidien de Nouakchott","robots":{"index":"index","follow":"follow","max-snippet":"max-snippet:-1","max-image-preview":"max-image-preview:large","max-video-preview":"max-video-preview:-1"},"canonical":"https:\/\/lequotidien.mr\/?p=36881&lang=fr","og_locale":"ar_AR","og_type":"article","og_title":"\u00c9levage : la Mauritanie et le Br\u00e9sil vers un partenariat strat\u00e9gique 2026-2031 - Le Quotidien de Nouakchott","og_description":"La Mauritanie et le Br\u00e9sil franchissent une nouvelle \u00e9tape dans le renforcement de leur coop\u00e9ration bilat\u00e9rale, avec l\u2019ambition d\u2019\u00e9tablir un partenariat strat\u00e9gique dans le secteur de l\u2019\u00e9levage, consid\u00e9r\u00e9 comme un pilier essentiel de l\u2019\u00e9conomie mauritanienne. R\u00e9unis lundi 27 avril \u00e0 Bras\u00edlia, le ministre mauritanien du D\u00e9veloppement de l\u2019\u00e9levage, Sid Ahmed Ould Mohamed, et son homologue.....","og_url":"https:\/\/lequotidien.mr\/?p=36881&lang=fr","og_site_name":"Le Quotidien de Nouakchott","article_publisher":"https:\/\/web.facebook.com\/lequotidienmr","article_published_time":"2026-04-28T16:42:57+00:00","og_image":[{"width":556,"height":280,"url":"https:\/\/lequotidien.mr\/wp-content\/uploads\/2026\/04\/ele_2.png","type":"image\/png"}],"author":"Fatimetou Ethemane","twitter_card":"summary_large_image","twitter_creator":"@lequotidienmr","twitter_site":"@lequotidienmr","twitter_misc":{"\u0643\u064f\u062a\u0628 \u0628\u0648\u0627\u0633\u0637\u0629":"Fatimetou Ethemane","\u0648\u0642\u062a \u0627\u0644\u0642\u0631\u0627\u0621\u0629 \u0627\u0644\u0645\u064f\u0642\u062f\u0651\u0631":"3 \u062f\u0642\u0627\u0626\u0642"},"schema":{"@context":"https:\/\/schema.org","@graph":[{"@type":"Article","@id":"https:\/\/lequotidien.mr\/?p=36881&lang=fr#article","isPartOf":{"@id":"https:\/\/lequotidien.mr\/?p=36881&lang=fr"},"author":{"name":"Fatimetou Ethemane","@id":"https:\/\/lequotidien.mr\/#\/schema\/person\/0926dbaf41ffa88b64cf66855b9b2826"},"headline":"\u00c9levage : la Mauritanie et le Br\u00e9sil vers un partenariat strat\u00e9gique 2026-2031","datePublished":"2026-04-28T16:42:57+00:00","mainEntityOfPage":{"@id":"https:\/\/lequotidien.mr\/?p=36881&lang=fr"},"wordCount":480,"commentCount":0,"publisher":{"@id":"https:\/\/lequotidien.mr\/#organization"},"image":{"@id":"https:\/\/lequotidien.mr\/?p=36881&lang=fr#primaryimage"},"thumbnailUrl":"https:\/\/lequotidien.mr\/wp-content\/uploads\/2026\/04\/ele_2.png","articleSection":["ACTUALIT\u00c9","Economie"],"inLanguage":"ar","potentialAction":[{"@type":"CommentAction","name":"Comment","target":["https:\/\/lequotidien.mr\/?p=36881&lang=fr#respond"]}]},{"@type":"WebPage","@id":"https:\/\/lequotidien.mr\/?p=36881&lang=fr","url":"https:\/\/lequotidien.mr\/?p=36881&lang=fr","name":"\u00c9levage : la Mauritanie et le Br\u00e9sil vers un partenariat strat\u00e9gique 2026-2031 - Le Quotidien de Nouakchott","isPartOf":{"@id":"https:\/\/lequotidien.mr\/#website"},"primaryImageOfPage":{"@id":"https:\/\/lequotidien.mr\/?p=36881&lang=fr#primaryimage"},"image":{"@id":"https:\/\/lequotidien.mr\/?p=36881&lang=fr#primaryimage"},"thumbnailUrl":"https:\/\/lequotidien.mr\/wp-content\/uploads\/2026\/04\/ele_2.png","datePublished":"2026-04-28T16:42:57+00:00","breadcrumb":{"@id":"https:\/\/lequotidien.mr\/?p=36881&lang=fr#breadcrumb"},"inLanguage":"ar","potentialAction":[{"@type":"ReadAction","target":["https:\/\/lequotidien.mr\/?p=36881&lang=fr"]}]},{"@type":"ImageObject","inLanguage":"ar","@id":"https:\/\/lequotidien.mr\/?p=36881&lang=fr#primaryimage","url":"https:\/\/lequotidien.mr\/wp-content\/uploads\/2026\/04\/ele_2.png","contentUrl":"https:\/\/lequotidien.mr\/wp-content\/uploads\/2026\/04\/ele_2.png","width":556,"height":280},{"@type":"BreadcrumbList","@id":"https:\/\/lequotidien.mr\/?p=36881&lang=fr#breadcrumb","itemListElement":[{"@type":"ListItem","position":1,"name":"Home","item":"https:\/\/lequotidien.mr\/"},{"@type":"ListItem","position":2,"name":"\u00c9levage : la Mauritanie et le Br\u00e9sil vers un partenariat strat\u00e9gique 2026-2031"}]},{"@type":"WebSite","@id":"https:\/\/lequotidien.mr\/#website","url":"https:\/\/lequotidien.mr\/","name":"Le Quotidien de Nouakchott","description":"\u0625\u062e\u0628\u0627\u0631\u064a\u0629 \u0645\u0633\u062a\u0642\u0644\u0629 \u0644\u0644\u0623\u0646\u0628\u0627\u0621 \u0627\u0644\u0639\u0627\u0645\u0629","publisher":{"@id":"https:\/\/lequotidien.mr\/#organization"},"potentialAction":[{"@type":"SearchAction","target":{"@type":"EntryPoint","urlTemplate":"https:\/\/lequotidien.mr\/?s={search_term_string}"},"query-input":{"@type":"PropertyValueSpecification","valueRequired":true,"valueName":"search_term_string"}}],"inLanguage":"ar"},{"@type":"Organization","@id":"https:\/\/lequotidien.mr\/#organization","name":"Le Quotidien de Nouakchott","url":"https:\/\/lequotidien.mr\/","logo":{"@type":"ImageObject","inLanguage":"ar","@id":"https:\/\/lequotidien.mr\/#\/schema\/logo\/image\/","url":"https:\/\/lequotidien.mr\/wp-content\/uploads\/2022\/11\/logolequotidien.jpg","contentUrl":"https:\/\/lequotidien.mr\/wp-content\/uploads\/2022\/11\/logolequotidien.jpg","width":290,"height":65,"caption":"Le Quotidien de Nouakchott"},"image":{"@id":"https:\/\/lequotidien.mr\/#\/schema\/logo\/image\/"},"sameAs":["https:\/\/web.facebook.com\/lequotidienmr","https:\/\/x.com\/lequotidienmr"]},{"@type":"Person","@id":"https:\/\/lequotidien.mr\/#\/schema\/person\/0926dbaf41ffa88b64cf66855b9b2826","name":"Fatimetou Ethemane","image":{"@type":"ImageObject","inLanguage":"ar","@id":"https:\/\/secure.gravatar.com\/avatar\/38fea9097a5e574debe9801202088f6f4429fdac0912587175811aad50d9706e?s=96&d=mm&r=g","url":"https:\/\/secure.gravatar.com\/avatar\/38fea9097a5e574debe9801202088f6f4429fdac0912587175811aad50d9706e?s=96&d=mm&r=g","contentUrl":"https:\/\/secure.gravatar.com\/avatar\/38fea9097a5e574debe9801202088f6f4429fdac0912587175811aad50d9706e?s=96&d=mm&r=g","caption":"Fatimetou Ethemane"},"sameAs":["http:\/\/lequotidien.mr"],"url":"https:\/\/lequotidien.mr\/?author=13"}]}},"_links":{"self":[{"href":"https:\/\/lequotidien.mr\/index.php?rest_route=\/wp\/v2\/posts\/36881","targetHints":{"allow":["GET"]}}],"collection":[{"href":"https:\/\/lequotidien.mr\/index.php?rest_route=\/wp\/v2\/posts"}],"about":[{"href":"https:\/\/lequotidien.mr\/index.php?rest_route=\/wp\/v2\/types\/post"}],"author":[{"embeddable":true,"href":"https:\/\/lequotidien.mr\/index.php?rest_route=\/wp\/v2\/users\/13"}],"replies":[{"embeddable":true,"href":"https:\/\/lequotidien.mr\/index.php?rest_route=%2Fwp%2Fv2%2Fcomments&post=36881"}],"version-history":[{"count":1,"href":"https:\/\/lequotidien.mr\/index.php?rest_route=\/wp\/v2\/posts\/36881\/revisions"}],"predecessor-version":[{"id":36883,"href":"https:\/\/lequotidien.mr\/index.php?rest_route=\/wp\/v2\/posts\/36881\/revisions\/36883"}],"wp:featuredmedia":[{"embeddable":true,"href":"https:\/\/lequotidien.mr\/index.php?rest_route=\/wp\/v2\/media\/36882"}],"wp:attachment":[{"href":"https:\/\/lequotidien.mr\/index.php?rest_route=%2Fwp%2Fv2%2Fmedia&parent=36881"}],"wp:term":[{"taxonomy":"category","embeddable":true,"href":"https:\/\/lequotidien.mr\/index.php?rest_route=%2Fwp%2Fv2%2Fcategories&post=36881"},{"taxonomy":"post_tag","embeddable":true,"href":"https:\/\/lequotidien.mr\/index.php?rest_route=%2Fwp%2Fv2%2Ftags&post=36881"}],"curies":[{"name":"wp","href":"https:\/\/api.w.org\/{rel}","templated":true}]}}