{"id":36878,"date":"2026-04-28T16:42:02","date_gmt":"2026-04-28T16:42:02","guid":{"rendered":"https:\/\/lequotidien.mr\/?p=36878"},"modified":"2026-04-28T16:42:02","modified_gmt":"2026-04-28T16:42:02","slug":"mali-apres-les-attaques-de-kidal-abdoulaye-maiga-promet-une-riposte-securitaire-renforcee","status":"publish","type":"post","link":"https:\/\/lequotidien.mr\/?p=36878&lang=fr","title":{"rendered":"Mali : apr\u00e8s les attaques de Kidal, Abdoulaye Ma\u00efga promet une riposte s\u00e9curitaire renforc\u00e9e"},"content":{"rendered":"<section class=\"text-token-text-primary w-full focus:outline-none [--shadow-height:45px] has-data-writing-block:pointer-events-none has-data-writing-block:-mt-(--shadow-height) has-data-writing-block:pt-(--shadow-height) [&amp;:has([data-writing-block])&gt;*]:pointer-events-auto [content-visibility:auto] supports-[content-visibility:auto]:[contain-intrinsic-size:auto_100lvh] R6Vx5W_threadScrollVars scroll-mb-[calc(var(--scroll-root-safe-area-inset-bottom,0px)+var(--thread-response-height))] scroll-mt-[calc(var(--header-height)+min(200px,max(70px,20svh)))]\" dir=\"auto\" data-turn-id=\"request-69dfa11d-7eb4-8332-aab1-a6f96361e5a9-0\" data-testid=\"conversation-turn-62\" data-scroll-anchor=\"false\" data-turn=\"assistant\">\n<div class=\"text-base my-auto mx-auto pb-10 [--thread-content-margin:var(--thread-content-margin-xs,calc(var(--spacing)*4))] @w-sm\/main:[--thread-content-margin:var(--thread-content-margin-sm,calc(var(--spacing)*6))] @w-lg\/main:[--thread-content-margin:var(--thread-content-margin-lg,calc(var(--spacing)*16))] px-(--thread-content-margin)\">\n<div class=\"[--thread-content-max-width:40rem] @w-lg\/main:[--thread-content-max-width:48rem] mx-auto max-w-(--thread-content-max-width) flex-1 group\/turn-messages focus-visible:outline-hidden relative flex w-full min-w-0 flex-col agent-turn\">\n<div class=\"flex max-w-full flex-col gap-4 grow\">\n<div class=\"min-h-8 text-message relative flex w-full flex-col items-end gap-2 text-start break-words whitespace-normal outline-none keyboard-focused:focus-ring [.text-message+&amp;]:mt-1\" dir=\"auto\" tabindex=\"0\" data-message-author-role=\"assistant\" data-message-id=\"a15a619d-e1d6-4969-9937-40ae442e3efa\" data-message-model-slug=\"gpt-5-3\" data-turn-start-message=\"true\">\n<div class=\"flex w-full flex-col gap-1 empty:hidden\">\n<div class=\"markdown prose dark:prose-invert w-full wrap-break-word light markdown-new-styling\">\n<p data-start=\"98\" data-end=\"614\">Le climat s\u00e9curitaire demeure particuli\u00e8rement tendu au <span class=\"hover:entity-accent entity-underline inline cursor-pointer align-baseline\"><span class=\"whitespace-normal\">Mali<\/span><\/span>, o\u00f9 les r\u00e9cents \u00e9v\u00e9nements survenus \u00e0 <span class=\"hover:entity-accent entity-underline inline cursor-pointer align-baseline\"><span class=\"whitespace-normal\">Kidal<\/span><\/span> ont raviv\u00e9 les inqui\u00e9tudes autour de la stabilit\u00e9 nationale. Alors qu\u2019une nouvelle configuration s\u00e9curitaire s\u2019installe progressivement dans cette ville strat\u00e9gique du nord du pays depuis le samedi 25 avril, le Premier ministre malien, <span class=\"hover:entity-accent entity-underline inline cursor-pointer align-baseline\"><span class=\"whitespace-normal\">Abdoulaye Ma\u00efga<\/span><\/span>, est sorti de sa r\u00e9serve dimanche 27 avril pour commenter les violences.<\/p>\n<p data-start=\"616\" data-end=\"1042\">Dans une d\u00e9claration au ton particuli\u00e8rement ferme, le chef du gouvernement a qualifi\u00e9 les attaques de \u00ab l\u00e2ches et barbares \u00bb, affirmant qu\u2019elles auraient \u00e9t\u00e9 orchestr\u00e9es par trois groupes terroristes. Il a d\u00e9nonc\u00e9 une tentative d\u00e9lib\u00e9r\u00e9e de semer la peur, de fragiliser la coh\u00e9sion nationale et de freiner le projet politique du \u00ab Mali Kura 2063 \u00bb, pr\u00e9sent\u00e9 par les autorit\u00e9s comme une vision de refondation de l\u2019\u00c9tat malien.<\/p>\n<p data-start=\"1044\" data-end=\"1458\">Selon <span class=\"hover:entity-accent entity-underline inline cursor-pointer align-baseline\"><span class=\"whitespace-normal\">Abdoulaye Ma\u00efga<\/span><\/span>, les assaillants visaient \u00e0 d\u00e9stabiliser les institutions r\u00e9publicaines et \u00e0 compromettre le processus de reconstruction nationale engag\u00e9 par les autorit\u00e9s de transition. Il a assur\u00e9 que des le\u00e7ons seraient tir\u00e9es de ces \u00e9v\u00e9nements afin d\u2019apporter les ajustements n\u00e9cessaires au dispositif s\u00e9curitaire du pays, tout en appelant la population \u00e0 ne pas c\u00e9der \u00e0 la panique.<\/p>\n<p data-start=\"1460\" data-end=\"1814\">La ville de <span class=\"hover:entity-accent entity-underline inline cursor-pointer align-baseline\"><span class=\"whitespace-normal\">Kidal<\/span><\/span>, haut lieu symbolique et strat\u00e9gique du nord malien, avait \u00e9t\u00e9 reprise il y a trois ans par l\u2019arm\u00e9e malienne apr\u00e8s avoir longtemps constitu\u00e9 un bastion rebelle, notamment sous l\u2019influence de groupes arm\u00e9s li\u00e9s \u00e0 l\u2019Azawad. Sa stabilit\u00e9 reste donc \u00e9troitement li\u00e9e \u00e0 l\u2019\u00e9quilibre s\u00e9curitaire global du pays.<\/p>\n<p data-start=\"1816\" data-end=\"2215\">Dans ce contexte, la r\u00e9action internationale n\u2019a pas tard\u00e9. La <span class=\"hover:entity-accent entity-underline inline cursor-pointer align-baseline\"><span class=\"whitespace-normal\">France<\/span><\/span>, r\u00e9guli\u00e8rement accus\u00e9e par certains r\u00e9gimes sah\u00e9liens d\u2019ing\u00e9rence ou de responsabilit\u00e9 indirecte dans l\u2019instabilit\u00e9 r\u00e9gionale, a exprim\u00e9 sa pr\u00e9occupation face aux violences, condamnant fermement les attaques contre les civils et r\u00e9affirmant son souhait de voir s\u2019installer une paix durable au Mali.<\/p>\n<p data-start=\"2217\" data-end=\"2505\">Ces nouvelles violences interviennent alors que le Sahel continue de faire face \u00e0 une recomposition s\u00e9curitaire majeure, marqu\u00e9e par la mont\u00e9e des groupes arm\u00e9s, la red\u00e9finition des alliances militaires et la volont\u00e9 affich\u00e9e de plusieurs \u00c9tats de renforcer leur souverainet\u00e9 strat\u00e9gique.<\/p>\n<p data-start=\"2507\" data-end=\"2734\" data-is-last-node=\"\" data-is-only-node=\"\">Pour les autorit\u00e9s maliennes, cette s\u00e9quence constitue un test majeur de leur capacit\u00e9 \u00e0 maintenir l\u2019ordre, pr\u00e9server l\u2019unit\u00e9 nationale et poursuivre leur agenda politique dans un environnement r\u00e9gional de plus en plus volatil.<\/p>\n<\/div>\n<\/div>\n<\/div>\n<\/div>\n<div class=\"z-0 flex min-h-[46px] justify-start\"><\/div>\n<div class=\"mt-3 w-full empty:hidden\">\n<div class=\"text-center\"><\/div>\n<\/div>\n<\/div>\n<\/div>\n<\/section>\n<div class=\"pointer-events-none -mt-px h-px translate-y-[calc(var(--scroll-root-safe-area-inset-bottom)-14*var(--spacing))]\" aria-hidden=\"true\"><\/div>\n","protected":false},"excerpt":{"rendered":"<p>Le climat s\u00e9curitaire demeure particuli\u00e8rement tendu au Mali, o\u00f9 les r\u00e9cents \u00e9v\u00e9nements survenus \u00e0 Kidal ont raviv\u00e9 les inqui\u00e9tudes autour de la stabilit\u00e9 nationale. Alors qu\u2019une nouvelle configuration s\u00e9curitaire s\u2019installe progressivement dans cette ville strat\u00e9gique du nord du pays depuis le samedi 25 avril, le Premier ministre malien, Abdoulaye Ma\u00efga, est sorti de sa r\u00e9serve&#8230;..<\/p>\n","protected":false},"author":13,"featured_media":36879,"comment_status":"open","ping_status":"open","sticky":false,"template":"","format":"standard","meta":{"footnotes":""},"categories":[23],"tags":[],"class_list":["post-36878","post","type-post","status-publish","format-standard","has-post-thumbnail","hentry","category-actualite"],"yoast_head":"<!-- This site is optimized with the Yoast SEO plugin v27.5 - https:\/\/yoast.com\/product\/yoast-seo-wordpress\/ -->\n<title>Mali : apr\u00e8s les attaques de Kidal, Abdoulaye Ma\u00efga promet une riposte s\u00e9curitaire renforc\u00e9e - Le Quotidien de Nouakchott<\/title>\n<meta name=\"robots\" content=\"index, follow, max-snippet:-1, max-image-preview:large, max-video-preview:-1\" \/>\n<link rel=\"canonical\" href=\"https:\/\/lequotidien.mr\/?p=36878&lang=fr\" \/>\n<meta property=\"og:locale\" content=\"ar_AR\" \/>\n<meta property=\"og:type\" content=\"article\" \/>\n<meta property=\"og:title\" content=\"Mali : apr\u00e8s les attaques de Kidal, Abdoulaye Ma\u00efga promet une riposte s\u00e9curitaire renforc\u00e9e - Le Quotidien de Nouakchott\" \/>\n<meta property=\"og:description\" content=\"Le climat s\u00e9curitaire demeure particuli\u00e8rement tendu au Mali, o\u00f9 les r\u00e9cents \u00e9v\u00e9nements survenus \u00e0 Kidal ont raviv\u00e9 les inqui\u00e9tudes autour de la stabilit\u00e9 nationale. Alors qu\u2019une nouvelle configuration s\u00e9curitaire s\u2019installe progressivement dans cette ville strat\u00e9gique du nord du pays depuis le samedi 25 avril, le Premier ministre malien, Abdoulaye Ma\u00efga, est sorti de sa r\u00e9serve.....\" \/>\n<meta property=\"og:url\" content=\"https:\/\/lequotidien.mr\/?p=36878&amp;lang=fr\" \/>\n<meta property=\"og:site_name\" content=\"Le Quotidien de Nouakchott\" \/>\n<meta property=\"article:publisher\" content=\"https:\/\/web.facebook.com\/lequotidienmr\" \/>\n<meta property=\"article:published_time\" content=\"2026-04-28T16:42:02+00:00\" \/>\n<meta property=\"og:image\" content=\"https:\/\/lequotidien.mr\/wp-content\/uploads\/2026\/04\/PM_11.png\" \/>\n\t<meta property=\"og:image:width\" content=\"843\" \/>\n\t<meta property=\"og:image:height\" content=\"538\" \/>\n\t<meta property=\"og:image:type\" content=\"image\/png\" \/>\n<meta name=\"author\" content=\"Fatimetou Ethemane\" \/>\n<meta name=\"twitter:card\" content=\"summary_large_image\" \/>\n<meta name=\"twitter:creator\" content=\"@lequotidienmr\" \/>\n<meta name=\"twitter:site\" content=\"@lequotidienmr\" \/>\n<meta name=\"twitter:label1\" content=\"\u0643\u064f\u062a\u0628 \u0628\u0648\u0627\u0633\u0637\u0629\" \/>\n\t<meta name=\"twitter:data1\" content=\"Fatimetou Ethemane\" \/>\n\t<meta name=\"twitter:label2\" content=\"\u0648\u0642\u062a \u0627\u0644\u0642\u0631\u0627\u0621\u0629 \u0627\u0644\u0645\u064f\u0642\u062f\u0651\u0631\" \/>\n\t<meta name=\"twitter:data2\" content=\"3 \u062f\u0642\u0627\u0626\u0642\" \/>\n<script type=\"application\/ld+json\" class=\"yoast-schema-graph\">{\"@context\":\"https:\\\/\\\/schema.org\",\"@graph\":[{\"@type\":\"Article\",\"@id\":\"https:\\\/\\\/lequotidien.mr\\\/?p=36878&lang=fr#article\",\"isPartOf\":{\"@id\":\"https:\\\/\\\/lequotidien.mr\\\/?p=36878&lang=fr\"},\"author\":{\"name\":\"Fatimetou Ethemane\",\"@id\":\"https:\\\/\\\/lequotidien.mr\\\/#\\\/schema\\\/person\\\/0926dbaf41ffa88b64cf66855b9b2826\"},\"headline\":\"Mali : apr\u00e8s les attaques de Kidal, Abdoulaye Ma\u00efga promet une riposte s\u00e9curitaire renforc\u00e9e\",\"datePublished\":\"2026-04-28T16:42:02+00:00\",\"mainEntityOfPage\":{\"@id\":\"https:\\\/\\\/lequotidien.mr\\\/?p=36878&lang=fr\"},\"wordCount\":439,\"commentCount\":0,\"publisher\":{\"@id\":\"https:\\\/\\\/lequotidien.mr\\\/#organization\"},\"image\":{\"@id\":\"https:\\\/\\\/lequotidien.mr\\\/?p=36878&lang=fr#primaryimage\"},\"thumbnailUrl\":\"https:\\\/\\\/lequotidien.mr\\\/wp-content\\\/uploads\\\/2026\\\/04\\\/PM_11.png\",\"articleSection\":[\"ACTUALIT\u00c9\"],\"inLanguage\":\"ar\",\"potentialAction\":[{\"@type\":\"CommentAction\",\"name\":\"Comment\",\"target\":[\"https:\\\/\\\/lequotidien.mr\\\/?p=36878&lang=fr#respond\"]}]},{\"@type\":\"WebPage\",\"@id\":\"https:\\\/\\\/lequotidien.mr\\\/?p=36878&lang=fr\",\"url\":\"https:\\\/\\\/lequotidien.mr\\\/?p=36878&lang=fr\",\"name\":\"Mali : apr\u00e8s les attaques de Kidal, Abdoulaye Ma\u00efga promet une riposte s\u00e9curitaire renforc\u00e9e - Le Quotidien de Nouakchott\",\"isPartOf\":{\"@id\":\"https:\\\/\\\/lequotidien.mr\\\/#website\"},\"primaryImageOfPage\":{\"@id\":\"https:\\\/\\\/lequotidien.mr\\\/?p=36878&lang=fr#primaryimage\"},\"image\":{\"@id\":\"https:\\\/\\\/lequotidien.mr\\\/?p=36878&lang=fr#primaryimage\"},\"thumbnailUrl\":\"https:\\\/\\\/lequotidien.mr\\\/wp-content\\\/uploads\\\/2026\\\/04\\\/PM_11.png\",\"datePublished\":\"2026-04-28T16:42:02+00:00\",\"breadcrumb\":{\"@id\":\"https:\\\/\\\/lequotidien.mr\\\/?p=36878&lang=fr#breadcrumb\"},\"inLanguage\":\"ar\",\"potentialAction\":[{\"@type\":\"ReadAction\",\"target\":[\"https:\\\/\\\/lequotidien.mr\\\/?p=36878&lang=fr\"]}]},{\"@type\":\"ImageObject\",\"inLanguage\":\"ar\",\"@id\":\"https:\\\/\\\/lequotidien.mr\\\/?p=36878&lang=fr#primaryimage\",\"url\":\"https:\\\/\\\/lequotidien.mr\\\/wp-content\\\/uploads\\\/2026\\\/04\\\/PM_11.png\",\"contentUrl\":\"https:\\\/\\\/lequotidien.mr\\\/wp-content\\\/uploads\\\/2026\\\/04\\\/PM_11.png\",\"width\":843,\"height\":538},{\"@type\":\"BreadcrumbList\",\"@id\":\"https:\\\/\\\/lequotidien.mr\\\/?p=36878&lang=fr#breadcrumb\",\"itemListElement\":[{\"@type\":\"ListItem\",\"position\":1,\"name\":\"Home\",\"item\":\"https:\\\/\\\/lequotidien.mr\\\/\"},{\"@type\":\"ListItem\",\"position\":2,\"name\":\"Mali : apr\u00e8s les attaques de Kidal, Abdoulaye Ma\u00efga promet une riposte s\u00e9curitaire renforc\u00e9e\"}]},{\"@type\":\"WebSite\",\"@id\":\"https:\\\/\\\/lequotidien.mr\\\/#website\",\"url\":\"https:\\\/\\\/lequotidien.mr\\\/\",\"name\":\"Le Quotidien de Nouakchott\",\"description\":\"\u0625\u062e\u0628\u0627\u0631\u064a\u0629 \u0645\u0633\u062a\u0642\u0644\u0629 \u0644\u0644\u0623\u0646\u0628\u0627\u0621 \u0627\u0644\u0639\u0627\u0645\u0629\",\"publisher\":{\"@id\":\"https:\\\/\\\/lequotidien.mr\\\/#organization\"},\"potentialAction\":[{\"@type\":\"SearchAction\",\"target\":{\"@type\":\"EntryPoint\",\"urlTemplate\":\"https:\\\/\\\/lequotidien.mr\\\/?s={search_term_string}\"},\"query-input\":{\"@type\":\"PropertyValueSpecification\",\"valueRequired\":true,\"valueName\":\"search_term_string\"}}],\"inLanguage\":\"ar\"},{\"@type\":\"Organization\",\"@id\":\"https:\\\/\\\/lequotidien.mr\\\/#organization\",\"name\":\"Le Quotidien de Nouakchott\",\"url\":\"https:\\\/\\\/lequotidien.mr\\\/\",\"logo\":{\"@type\":\"ImageObject\",\"inLanguage\":\"ar\",\"@id\":\"https:\\\/\\\/lequotidien.mr\\\/#\\\/schema\\\/logo\\\/image\\\/\",\"url\":\"https:\\\/\\\/lequotidien.mr\\\/wp-content\\\/uploads\\\/2022\\\/11\\\/logolequotidien.jpg\",\"contentUrl\":\"https:\\\/\\\/lequotidien.mr\\\/wp-content\\\/uploads\\\/2022\\\/11\\\/logolequotidien.jpg\",\"width\":290,\"height\":65,\"caption\":\"Le Quotidien de Nouakchott\"},\"image\":{\"@id\":\"https:\\\/\\\/lequotidien.mr\\\/#\\\/schema\\\/logo\\\/image\\\/\"},\"sameAs\":[\"https:\\\/\\\/web.facebook.com\\\/lequotidienmr\",\"https:\\\/\\\/x.com\\\/lequotidienmr\"]},{\"@type\":\"Person\",\"@id\":\"https:\\\/\\\/lequotidien.mr\\\/#\\\/schema\\\/person\\\/0926dbaf41ffa88b64cf66855b9b2826\",\"name\":\"Fatimetou Ethemane\",\"image\":{\"@type\":\"ImageObject\",\"inLanguage\":\"ar\",\"@id\":\"https:\\\/\\\/secure.gravatar.com\\\/avatar\\\/38fea9097a5e574debe9801202088f6f4429fdac0912587175811aad50d9706e?s=96&d=mm&r=g\",\"url\":\"https:\\\/\\\/secure.gravatar.com\\\/avatar\\\/38fea9097a5e574debe9801202088f6f4429fdac0912587175811aad50d9706e?s=96&d=mm&r=g\",\"contentUrl\":\"https:\\\/\\\/secure.gravatar.com\\\/avatar\\\/38fea9097a5e574debe9801202088f6f4429fdac0912587175811aad50d9706e?s=96&d=mm&r=g\",\"caption\":\"Fatimetou Ethemane\"},\"sameAs\":[\"http:\\\/\\\/lequotidien.mr\"],\"url\":\"https:\\\/\\\/lequotidien.mr\\\/?author=13\"}]}<\/script>\n<!-- \/ Yoast SEO plugin. -->","yoast_head_json":{"title":"Mali : apr\u00e8s les attaques de Kidal, Abdoulaye Ma\u00efga promet une riposte s\u00e9curitaire renforc\u00e9e - Le Quotidien de Nouakchott","robots":{"index":"index","follow":"follow","max-snippet":"max-snippet:-1","max-image-preview":"max-image-preview:large","max-video-preview":"max-video-preview:-1"},"canonical":"https:\/\/lequotidien.mr\/?p=36878&lang=fr","og_locale":"ar_AR","og_type":"article","og_title":"Mali : apr\u00e8s les attaques de Kidal, Abdoulaye Ma\u00efga promet une riposte s\u00e9curitaire renforc\u00e9e - Le Quotidien de Nouakchott","og_description":"Le climat s\u00e9curitaire demeure particuli\u00e8rement tendu au Mali, o\u00f9 les r\u00e9cents \u00e9v\u00e9nements survenus \u00e0 Kidal ont raviv\u00e9 les inqui\u00e9tudes autour de la stabilit\u00e9 nationale. Alors qu\u2019une nouvelle configuration s\u00e9curitaire s\u2019installe progressivement dans cette ville strat\u00e9gique du nord du pays depuis le samedi 25 avril, le Premier ministre malien, Abdoulaye Ma\u00efga, est sorti de sa r\u00e9serve.....","og_url":"https:\/\/lequotidien.mr\/?p=36878&lang=fr","og_site_name":"Le Quotidien de Nouakchott","article_publisher":"https:\/\/web.facebook.com\/lequotidienmr","article_published_time":"2026-04-28T16:42:02+00:00","og_image":[{"width":843,"height":538,"url":"https:\/\/lequotidien.mr\/wp-content\/uploads\/2026\/04\/PM_11.png","type":"image\/png"}],"author":"Fatimetou Ethemane","twitter_card":"summary_large_image","twitter_creator":"@lequotidienmr","twitter_site":"@lequotidienmr","twitter_misc":{"\u0643\u064f\u062a\u0628 \u0628\u0648\u0627\u0633\u0637\u0629":"Fatimetou Ethemane","\u0648\u0642\u062a \u0627\u0644\u0642\u0631\u0627\u0621\u0629 \u0627\u0644\u0645\u064f\u0642\u062f\u0651\u0631":"3 \u062f\u0642\u0627\u0626\u0642"},"schema":{"@context":"https:\/\/schema.org","@graph":[{"@type":"Article","@id":"https:\/\/lequotidien.mr\/?p=36878&lang=fr#article","isPartOf":{"@id":"https:\/\/lequotidien.mr\/?p=36878&lang=fr"},"author":{"name":"Fatimetou Ethemane","@id":"https:\/\/lequotidien.mr\/#\/schema\/person\/0926dbaf41ffa88b64cf66855b9b2826"},"headline":"Mali : apr\u00e8s les attaques de Kidal, Abdoulaye Ma\u00efga promet une riposte s\u00e9curitaire renforc\u00e9e","datePublished":"2026-04-28T16:42:02+00:00","mainEntityOfPage":{"@id":"https:\/\/lequotidien.mr\/?p=36878&lang=fr"},"wordCount":439,"commentCount":0,"publisher":{"@id":"https:\/\/lequotidien.mr\/#organization"},"image":{"@id":"https:\/\/lequotidien.mr\/?p=36878&lang=fr#primaryimage"},"thumbnailUrl":"https:\/\/lequotidien.mr\/wp-content\/uploads\/2026\/04\/PM_11.png","articleSection":["ACTUALIT\u00c9"],"inLanguage":"ar","potentialAction":[{"@type":"CommentAction","name":"Comment","target":["https:\/\/lequotidien.mr\/?p=36878&lang=fr#respond"]}]},{"@type":"WebPage","@id":"https:\/\/lequotidien.mr\/?p=36878&lang=fr","url":"https:\/\/lequotidien.mr\/?p=36878&lang=fr","name":"Mali : apr\u00e8s les attaques de Kidal, Abdoulaye Ma\u00efga promet une riposte s\u00e9curitaire renforc\u00e9e - Le Quotidien de Nouakchott","isPartOf":{"@id":"https:\/\/lequotidien.mr\/#website"},"primaryImageOfPage":{"@id":"https:\/\/lequotidien.mr\/?p=36878&lang=fr#primaryimage"},"image":{"@id":"https:\/\/lequotidien.mr\/?p=36878&lang=fr#primaryimage"},"thumbnailUrl":"https:\/\/lequotidien.mr\/wp-content\/uploads\/2026\/04\/PM_11.png","datePublished":"2026-04-28T16:42:02+00:00","breadcrumb":{"@id":"https:\/\/lequotidien.mr\/?p=36878&lang=fr#breadcrumb"},"inLanguage":"ar","potentialAction":[{"@type":"ReadAction","target":["https:\/\/lequotidien.mr\/?p=36878&lang=fr"]}]},{"@type":"ImageObject","inLanguage":"ar","@id":"https:\/\/lequotidien.mr\/?p=36878&lang=fr#primaryimage","url":"https:\/\/lequotidien.mr\/wp-content\/uploads\/2026\/04\/PM_11.png","contentUrl":"https:\/\/lequotidien.mr\/wp-content\/uploads\/2026\/04\/PM_11.png","width":843,"height":538},{"@type":"BreadcrumbList","@id":"https:\/\/lequotidien.mr\/?p=36878&lang=fr#breadcrumb","itemListElement":[{"@type":"ListItem","position":1,"name":"Home","item":"https:\/\/lequotidien.mr\/"},{"@type":"ListItem","position":2,"name":"Mali : apr\u00e8s les attaques de Kidal, Abdoulaye Ma\u00efga promet une riposte s\u00e9curitaire renforc\u00e9e"}]},{"@type":"WebSite","@id":"https:\/\/lequotidien.mr\/#website","url":"https:\/\/lequotidien.mr\/","name":"Le Quotidien de Nouakchott","description":"\u0625\u062e\u0628\u0627\u0631\u064a\u0629 \u0645\u0633\u062a\u0642\u0644\u0629 \u0644\u0644\u0623\u0646\u0628\u0627\u0621 \u0627\u0644\u0639\u0627\u0645\u0629","publisher":{"@id":"https:\/\/lequotidien.mr\/#organization"},"potentialAction":[{"@type":"SearchAction","target":{"@type":"EntryPoint","urlTemplate":"https:\/\/lequotidien.mr\/?s={search_term_string}"},"query-input":{"@type":"PropertyValueSpecification","valueRequired":true,"valueName":"search_term_string"}}],"inLanguage":"ar"},{"@type":"Organization","@id":"https:\/\/lequotidien.mr\/#organization","name":"Le Quotidien de Nouakchott","url":"https:\/\/lequotidien.mr\/","logo":{"@type":"ImageObject","inLanguage":"ar","@id":"https:\/\/lequotidien.mr\/#\/schema\/logo\/image\/","url":"https:\/\/lequotidien.mr\/wp-content\/uploads\/2022\/11\/logolequotidien.jpg","contentUrl":"https:\/\/lequotidien.mr\/wp-content\/uploads\/2022\/11\/logolequotidien.jpg","width":290,"height":65,"caption":"Le Quotidien de Nouakchott"},"image":{"@id":"https:\/\/lequotidien.mr\/#\/schema\/logo\/image\/"},"sameAs":["https:\/\/web.facebook.com\/lequotidienmr","https:\/\/x.com\/lequotidienmr"]},{"@type":"Person","@id":"https:\/\/lequotidien.mr\/#\/schema\/person\/0926dbaf41ffa88b64cf66855b9b2826","name":"Fatimetou Ethemane","image":{"@type":"ImageObject","inLanguage":"ar","@id":"https:\/\/secure.gravatar.com\/avatar\/38fea9097a5e574debe9801202088f6f4429fdac0912587175811aad50d9706e?s=96&d=mm&r=g","url":"https:\/\/secure.gravatar.com\/avatar\/38fea9097a5e574debe9801202088f6f4429fdac0912587175811aad50d9706e?s=96&d=mm&r=g","contentUrl":"https:\/\/secure.gravatar.com\/avatar\/38fea9097a5e574debe9801202088f6f4429fdac0912587175811aad50d9706e?s=96&d=mm&r=g","caption":"Fatimetou Ethemane"},"sameAs":["http:\/\/lequotidien.mr"],"url":"https:\/\/lequotidien.mr\/?author=13"}]}},"_links":{"self":[{"href":"https:\/\/lequotidien.mr\/index.php?rest_route=\/wp\/v2\/posts\/36878","targetHints":{"allow":["GET"]}}],"collection":[{"href":"https:\/\/lequotidien.mr\/index.php?rest_route=\/wp\/v2\/posts"}],"about":[{"href":"https:\/\/lequotidien.mr\/index.php?rest_route=\/wp\/v2\/types\/post"}],"author":[{"embeddable":true,"href":"https:\/\/lequotidien.mr\/index.php?rest_route=\/wp\/v2\/users\/13"}],"replies":[{"embeddable":true,"href":"https:\/\/lequotidien.mr\/index.php?rest_route=%2Fwp%2Fv2%2Fcomments&post=36878"}],"version-history":[{"count":1,"href":"https:\/\/lequotidien.mr\/index.php?rest_route=\/wp\/v2\/posts\/36878\/revisions"}],"predecessor-version":[{"id":36880,"href":"https:\/\/lequotidien.mr\/index.php?rest_route=\/wp\/v2\/posts\/36878\/revisions\/36880"}],"wp:featuredmedia":[{"embeddable":true,"href":"https:\/\/lequotidien.mr\/index.php?rest_route=\/wp\/v2\/media\/36879"}],"wp:attachment":[{"href":"https:\/\/lequotidien.mr\/index.php?rest_route=%2Fwp%2Fv2%2Fmedia&parent=36878"}],"wp:term":[{"taxonomy":"category","embeddable":true,"href":"https:\/\/lequotidien.mr\/index.php?rest_route=%2Fwp%2Fv2%2Fcategories&post=36878"},{"taxonomy":"post_tag","embeddable":true,"href":"https:\/\/lequotidien.mr\/index.php?rest_route=%2Fwp%2Fv2%2Ftags&post=36878"}],"curies":[{"name":"wp","href":"https:\/\/api.w.org\/{rel}","templated":true}]}}